{"id":132128,"date":"2024-03-20T19:04:45","date_gmt":"2024-03-20T22:04:45","guid":{"rendered":"https:\/\/www.gaveanews.com\/?p=132128"},"modified":"2024-03-20T19:04:50","modified_gmt":"2024-03-20T22:04:50","slug":"a-nova-capacidade-do-estadio-do-flamengo-vinicius-junior-e-alvo-de-injustica-e-diretoria-fecha-acordo-milionario-veja-as-ultimas-noticias-do-flamengo","status":"publish","type":"post","link":"https:\/\/www.gaveanews.com\/index.php\/2024\/03\/20\/a-nova-capacidade-do-estadio-do-flamengo-vinicius-junior-e-alvo-de-injustica-e-diretoria-fecha-acordo-milionario-veja-as-ultimas-noticias-do-flamengo\/","title":{"rendered":"A nova capacidade do est\u00e1dio do Flamengo, Vin\u00edcius J\u00fanior \u00e9 alvo de injusti\u00e7a e diretoria fecha acordo milion\u00e1rio: veja as \u00faltimas not\u00edcias do Flamengo"},"content":{"rendered":"\n<p>Nas \u00faltimas horas, o destaque das not\u00edcias sobre o Flamengo est\u00e1 nos bastidores do clube, com \u00eanfase na nova capacidade do est\u00e1dio e no acordo milion\u00e1rio firmado pela diretoria.<\/p>\n\n\n\n<p>Por conta deste contexto, leia abaixo um resumo preparado pela equipe do portal G\u00e1vea News para lhe manter muito bem informado!<\/p>\n\n\n\n<h2 class=\"wp-block-heading\" id=\"h-vinicius-junior-e-alvo-de-injustica\">Vin\u00edcius J\u00fanior \u00e9 alvo de injusti\u00e7a<\/h2>\n\n\n\n<figure class=\"wp-block-image size-large\"><img loading=\"lazy\" decoding=\"async\" width=\"1024\" height=\"576\" src=\"https:\/\/www.gaveanews.com\/wp-content\/uploads\/vini-jr-real-madrid-1024x576.webp\" alt=\"\" class=\"wp-image-109282\" srcset=\"https:\/\/www.gaveanews.com\/wp-content\/uploads\/vini-jr-real-madrid-1024x576.webp 1024w, https:\/\/www.gaveanews.com\/wp-content\/uploads\/vini-jr-real-madrid-300x169.webp 300w, https:\/\/www.gaveanews.com\/wp-content\/uploads\/vini-jr-real-madrid-768x432.webp 768w, https:\/\/www.gaveanews.com\/wp-content\/uploads\/vini-jr-real-madrid-747x420.webp 747w, https:\/\/www.gaveanews.com\/wp-content\/uploads\/vini-jr-real-madrid-640x360.webp 640w, https:\/\/www.gaveanews.com\/wp-content\/uploads\/vini-jr-real-madrid-681x383.webp 681w, https:\/\/www.gaveanews.com\/wp-content\/uploads\/vini-jr-real-madrid-100x56.webp 100w, https:\/\/www.gaveanews.com\/wp-content\/uploads\/vini-jr-real-madrid.webp 1080w\" sizes=\"auto, (max-width: 1024px) 100vw, 1024px\" \/><figcaption class=\"wp-element-caption\">Vini Jr em a\u00e7\u00e3o pelo Real Madrid (Foto: Divulga\u00e7\u00e3o\/Real Madrid)<\/figcaption><\/figure>\n\n\n\n<p>Vin\u00edcius J\u00fanior, jogador brasileiro, foi recentemente v\u00edtima de racismo por torcedores do Atl\u00e9tico de Madrid antes de um jogo decisivo contra a Inter de Mil\u00e3o pela Champions League. Apesar dos v\u00eddeos que viralizaram nas redes sociais comprovando os ataques racistas, a UEFA (Uni\u00e3o das Associa\u00e7\u00f5es Europeias de Futebol) declarou que o incidente ocorrido fora do est\u00e1dio Metropolitano de Madrid est\u00e1 fora de seu escopo regulat\u00f3rio, optando por n\u00e3o punir o clube espanhol.<\/p>\n\n\n\n<p>O epis\u00f3dio n\u00e3o \u00e9 isolado, inserindo-se em um contexto mais amplo de racismo no futebol europeu, onde Vin\u00edcius J\u00fanior se destaca como um s\u00edmbolo de resist\u00eancia e den\u00fancia contra o racismo. A falta de a\u00e7\u00e3o da UEFA neste caso espec\u00edfico refor\u00e7a a sensa\u00e7\u00e3o de impunidade e a necessidade de uma postura mais firme das entidades esportivas na luta contra o racismo.<\/p>\n\n\n\n<p>Na pr\u00f3xima ter\u00e7a-feira, a sele\u00e7\u00e3o brasileira, da qual Vin\u00edcius J\u00fanior faz parte, enfrentar\u00e1 a Espanha em um amistoso no Santiago Bernab\u00e9u, oportunidade em que o jogador receber\u00e1 apoio em sua luta antirracista. Este confronto serve n\u00e3o apenas como uma partida de futebol, mas tamb\u00e9m como um momento de solidariedade e reconhecimento da luta de Vin\u00edcius e de outros jogadores que sofreram racismo no esporte.<\/p>\n\n\n\n<h2 class=\"wp-block-heading\" id=\"h-nova-capacidade-do-estadio-do-flamengo\">Nova capacidade do est\u00e1dio do Flamengo<\/h2>\n\n\n\n<figure class=\"wp-block-image size-large\"><img loading=\"lazy\" decoding=\"async\" width=\"1024\" height=\"576\" src=\"https:\/\/www.gaveanews.com\/wp-content\/uploads\/Projeto-de-estadio-do-Flamengo-1024x576.webp\" alt=\"\" class=\"wp-image-131485\" srcset=\"https:\/\/www.gaveanews.com\/wp-content\/uploads\/Projeto-de-estadio-do-Flamengo-1024x576.webp 1024w, https:\/\/www.gaveanews.com\/wp-content\/uploads\/Projeto-de-estadio-do-Flamengo-300x169.webp 300w, https:\/\/www.gaveanews.com\/wp-content\/uploads\/Projeto-de-estadio-do-Flamengo-768x432.webp 768w, https:\/\/www.gaveanews.com\/wp-content\/uploads\/Projeto-de-estadio-do-Flamengo-747x420.webp 747w, https:\/\/www.gaveanews.com\/wp-content\/uploads\/Projeto-de-estadio-do-Flamengo-640x360.webp 640w, https:\/\/www.gaveanews.com\/wp-content\/uploads\/Projeto-de-estadio-do-Flamengo-681x383.webp 681w, https:\/\/www.gaveanews.com\/wp-content\/uploads\/Projeto-de-estadio-do-Flamengo-100x56.webp 100w, https:\/\/www.gaveanews.com\/wp-content\/uploads\/Projeto-de-estadio-do-Flamengo.webp 1280w\" sizes=\"auto, (max-width: 1024px) 100vw, 1024px\" \/><figcaption class=\"wp-element-caption\">Projeto de est\u00e1dio do Flamengo (Foto: Reprodu\u00e7\u00e3o)<\/figcaption><\/figure>\n\n\n\n<p>O Flamengo est\u00e1 em processo de negocia\u00e7\u00e3o com a Caixa Econ\u00f4mica Federal para adquirir um terreno no Centro do Rio de Janeiro, onde planeja construir seu pr\u00f3prio est\u00e1dio na \u00e1rea anteriormente conhecida como Gas\u00f4metro. O clube demonstrou interesse em investir uma quantia similar \u00e0 disponibilizada pela Prefeitura do Rio para a compra do terreno, que \u00e9 gerenciado pelo Fundo Imobili\u00e1rio Porto Maravilha, tamb\u00e9m administrado pela Caixa. A valoriza\u00e7\u00e3o significativa da \u00e1rea, que viu seu valor subir de R$ 730 milh\u00f5es para R$ 5 bilh\u00f5es, \u00e9 um ponto central nas negocia\u00e7\u00f5es, afetando o pre\u00e7o do terreno.<\/p>\n\n\n\n<p>As discuss\u00f5es sobre o valor do terreno t\u00eam sido intensificadas pela valoriza\u00e7\u00e3o significativa da \u00e1rea nos \u00faltimos anos e por uma parte dela ter sido desapropriada para a constru\u00e7\u00e3o do Terminal Gentileza. Isso levanta quest\u00f5es sobre o valor oferecido pelo Flamengo. Para dar suporte ao projeto, o clube contratou uma equipe com experi\u00eancia no desenvolvimento de projetos no Porto Maravilha, visando basear-se em casos de valoriza\u00e7\u00e3o imobili\u00e1ria ap\u00f3s a constru\u00e7\u00e3o de est\u00e1dios ao redor do mundo.<\/p>\n\n\n\n<p>Quanto \u00e0 capacidade do futuro est\u00e1dio, o Flamengo revisou seus planos iniciais de construir uma arena com 100 mil lugares, optando por uma capacidade de 75 mil. Essa decis\u00e3o foi tomada considerando o espa\u00e7o dispon\u00edvel no terreno adquirido e reflete o objetivo do clube de criar um est\u00e1dio que seja ideal para suas necessidades e expectativas, al\u00e9m de contribuir para a valoriza\u00e7\u00e3o da \u00e1rea do Porto Maravilha no Centro do Rio.<\/p>\n\n\n\n<h2 class=\"wp-block-heading\" id=\"h-diretoria-fecha-acordo-milionario\">Diretoria fecha acordo milion\u00e1rio<\/h2>\n\n\n\n<figure class=\"wp-block-image size-large\"><img loading=\"lazy\" decoding=\"async\" width=\"1024\" height=\"576\" src=\"https:\/\/www.gaveanews.com\/wp-content\/uploads\/landim-e-marco-braz-1024x576.webp\" alt=\"\" class=\"wp-image-118011\" srcset=\"https:\/\/www.gaveanews.com\/wp-content\/uploads\/landim-e-marco-braz-1024x576.webp 1024w, https:\/\/www.gaveanews.com\/wp-content\/uploads\/landim-e-marco-braz-300x169.webp 300w, https:\/\/www.gaveanews.com\/wp-content\/uploads\/landim-e-marco-braz-768x432.webp 768w, https:\/\/www.gaveanews.com\/wp-content\/uploads\/landim-e-marco-braz-746x420.webp 746w, https:\/\/www.gaveanews.com\/wp-content\/uploads\/landim-e-marco-braz-1493x840.webp 1493w, https:\/\/www.gaveanews.com\/wp-content\/uploads\/landim-e-marco-braz-640x360.webp 640w, https:\/\/www.gaveanews.com\/wp-content\/uploads\/landim-e-marco-braz-1280x720.webp 1280w, https:\/\/www.gaveanews.com\/wp-content\/uploads\/landim-e-marco-braz-681x383.webp 681w, https:\/\/www.gaveanews.com\/wp-content\/uploads\/landim-e-marco-braz-1362x766.webp 1362w, https:\/\/www.gaveanews.com\/wp-content\/uploads\/landim-e-marco-braz-100x56.webp 100w, https:\/\/www.gaveanews.com\/wp-content\/uploads\/landim-e-marco-braz.webp 1500w\" sizes=\"auto, (max-width: 1024px) 100vw, 1024px\" \/><figcaption class=\"wp-element-caption\">Rodolfo Landim, presidente do Flamengo, e Marcos Braz, vice de futebol do clube (Foto: Reprodu\u00e7\u00e3o\/ Goal)<\/figcaption><\/figure>\n\n\n\n<p>O Flamengo anunciou uma nova parceria de patroc\u00ednio com a Ambev, uma das maiores empresas do setor de bebidas. O acordo envolve a inser\u00e7\u00e3o da marca Z\u00e9 Delivery, aplicativo de entrega de bebidas da Ambev, nos mei\u00f5es dos jogadores at\u00e9 dezembro de 2025. Esse novo patroc\u00ednio amplia a lista de parceiros comerciais do clube, demonstrando a for\u00e7a da marca Flamengo no mercado.<\/p>\n\n\n\n<p>Financeiramente, o acordo \u00e9 bastante vantajoso para o Flamengo, garantindo ao clube R$ 10 milh\u00f5es ao longo do contrato, com pagamentos anuais de R$ 5 milh\u00f5es. Esse patroc\u00ednio se junta a outros contratos lucrativos recentemente firmados pelo clube, incluindo parcerias com a Pixbet, BRB e Kwai, o que evidencia a capacidade do Flamengo de atrair investimentos de peso.<\/p>\n\n\n\n<p>A parceria ser\u00e1 oficialmente inaugurada durante o primeiro jogo da final do Campeonato Carioca, em que o Flamengo enfrentar\u00e1 o Nova Igua\u00e7u. Este momento marca n\u00e3o apenas um avan\u00e7o nas estrat\u00e9gias comerciais do Flamengo, mas tamb\u00e9m reafirma o status do clube como uma for\u00e7a dominante tanto dentro quanto fora de campo, fortalecendo sua presen\u00e7a no cen\u00e1rio esportivo e comercial.<\/p>\n","protected":false},"excerpt":{"rendered":"<p>Nas \u00faltimas horas, o destaque das not\u00edcias sobre o Flamengo est\u00e1 nos bastidores do clube, com \u00eanfase na nova capacidade do est\u00e1dio e no acordo milion\u00e1rio firmado pela diretoria. Por conta deste contexto, leia abaixo um resumo preparado pela equipe do portal G\u00e1vea News para lhe manter muito bem informado! Vin\u00edcius J\u00fanior \u00e9 alvo de [&hellip;]<\/p>\n","protected":false},"author":15,"featured_media":117670,"comment_status":"open","ping_status":"closed","sticky":false,"template":"","format":"standard","meta":{"footnotes":""},"categories":[1],"tags":[],"class_list":["post-132128","post","type-post","status-publish","format-standard","has-post-thumbnail","hentry","category-flamengo"],"yoast_head":"<!-- This site is optimized with the Yoast SEO Premium plugin v24.2 (Yoast SEO v26.9) - https:\/\/yoast.com\/product\/yoast-seo-premium-wordpress\/ -->\n<title>A nova capacidade do est\u00e1dio do Flamengo, Vin\u00edcius J\u00fanior \u00e9 alvo de injusti\u00e7a e diretoria fecha acordo milion\u00e1rio: veja as \u00faltimas not\u00edcias do Flamengo<\/title>\n<meta name=\"robots\" content=\"index, follow, max-snippet:-1, max-image-preview:large, max-video-preview:-1\" \/>\n<link rel=\"canonical\" href=\"https:\/\/www.gaveanews.com\/index.php\/2024\/03\/20\/a-nova-capacidade-do-estadio-do-flamengo-vinicius-junior-e-alvo-de-injustica-e-diretoria-fecha-acordo-milionario-veja-as-ultimas-noticias-do-flamengo\/\" \/>\n<meta property=\"og:locale\" content=\"pt_BR\" \/>\n<meta property=\"og:type\" content=\"article\" \/>\n<meta property=\"og:title\" content=\"A nova capacidade do est\u00e1dio do Flamengo, Vin\u00edcius J\u00fanior \u00e9 alvo de injusti\u00e7a e diretoria fecha acordo milion\u00e1rio: veja as \u00faltimas not\u00edcias do Flamengo\" \/>\n<meta property=\"og:description\" content=\"Nas \u00faltimas horas, o destaque das not\u00edcias sobre o Flamengo est\u00e1 nos bastidores do clube, com \u00eanfase na nova capacidade do est\u00e1dio e no acordo milion\u00e1rio firmado pela diretoria. Por conta deste contexto, leia abaixo um resumo preparado pela equipe do portal G\u00e1vea News para lhe manter muito bem informado! Vin\u00edcius J\u00fanior \u00e9 alvo de [&hellip;]\" \/>\n<meta property=\"og:url\" content=\"https:\/\/www.gaveanews.com\/index.php\/2024\/03\/20\/a-nova-capacidade-do-estadio-do-flamengo-vinicius-junior-e-alvo-de-injustica-e-diretoria-fecha-acordo-milionario-veja-as-ultimas-noticias-do-flamengo\/\" \/>\n<meta property=\"og:site_name\" content=\"G\u00e1vea News\" \/>\n<meta property=\"article:publisher\" content=\"https:\/\/facebook.com\/gaveaNews\/\" \/>\n<meta property=\"article:published_time\" content=\"2024-03-20T22:04:45+00:00\" \/>\n<meta property=\"article:modified_time\" content=\"2024-03-20T22:04:50+00:00\" \/>\n<meta property=\"og:image\" content=\"https:\/\/www.gaveanews.com\/wp-content\/uploads\/Marcos-Braz-e-Rodolfo-Landim-durante-coletiva-promovida-pelo-Flamengo.webp\" \/>\n\t<meta property=\"og:image:width\" content=\"1080\" \/>\n\t<meta property=\"og:image:height\" content=\"608\" \/>\n\t<meta property=\"og:image:type\" content=\"image\/webp\" \/>\n<meta name=\"author\" content=\"Henrique Machado\" \/>\n<meta name=\"twitter:card\" content=\"summary_large_image\" \/>\n<meta name=\"twitter:label1\" content=\"Escrito por\" \/>\n\t<meta name=\"twitter:data1\" content=\"Henrique Machado\" \/>\n\t<meta name=\"twitter:label2\" content=\"Est. tempo de leitura\" \/>\n\t<meta name=\"twitter:data2\" content=\"5 minutos\" \/>\n<script type=\"application\/ld+json\" class=\"yoast-schema-graph\">{\"@context\":\"https:\/\/schema.org\",\"@graph\":[{\"@type\":\"NewsArticle\",\"@id\":\"https:\/\/www.gaveanews.com\/index.php\/2024\/03\/20\/a-nova-capacidade-do-estadio-do-flamengo-vinicius-junior-e-alvo-de-injustica-e-diretoria-fecha-acordo-milionario-veja-as-ultimas-noticias-do-flamengo\/#article\",\"isPartOf\":{\"@id\":\"https:\/\/www.gaveanews.com\/index.php\/2024\/03\/20\/a-nova-capacidade-do-estadio-do-flamengo-vinicius-junior-e-alvo-de-injustica-e-diretoria-fecha-acordo-milionario-veja-as-ultimas-noticias-do-flamengo\/\"},\"author\":{\"name\":\"Henrique Machado\",\"@id\":\"https:\/\/www.gaveanews.com\/#\/schema\/person\/fd07635ec039ec3ba74ad18ec8a6dbd6\"},\"headline\":\"A nova capacidade do est\u00e1dio do Flamengo, Vin\u00edcius J\u00fanior \u00e9 alvo de injusti\u00e7a e diretoria fecha acordo milion\u00e1rio: veja as \u00faltimas not\u00edcias do Flamengo\",\"datePublished\":\"2024-03-20T22:04:45+00:00\",\"dateModified\":\"2024-03-20T22:04:50+00:00\",\"mainEntityOfPage\":{\"@id\":\"https:\/\/www.gaveanews.com\/index.php\/2024\/03\/20\/a-nova-capacidade-do-estadio-do-flamengo-vinicius-junior-e-alvo-de-injustica-e-diretoria-fecha-acordo-milionario-veja-as-ultimas-noticias-do-flamengo\/\"},\"wordCount\":824,\"commentCount\":0,\"image\":{\"@id\":\"https:\/\/www.gaveanews.com\/index.php\/2024\/03\/20\/a-nova-capacidade-do-estadio-do-flamengo-vinicius-junior-e-alvo-de-injustica-e-diretoria-fecha-acordo-milionario-veja-as-ultimas-noticias-do-flamengo\/#primaryimage\"},\"thumbnailUrl\":\"https:\/\/www.gaveanews.com\/wp-content\/uploads\/Marcos-Braz-e-Rodolfo-Landim-durante-coletiva-promovida-pelo-Flamengo.webp\",\"articleSection\":[\"Flamengo\"],\"inLanguage\":\"pt-BR\",\"potentialAction\":[{\"@type\":\"CommentAction\",\"name\":\"Comment\",\"target\":[\"https:\/\/www.gaveanews.com\/index.php\/2024\/03\/20\/a-nova-capacidade-do-estadio-do-flamengo-vinicius-junior-e-alvo-de-injustica-e-diretoria-fecha-acordo-milionario-veja-as-ultimas-noticias-do-flamengo\/#respond\"]}],\"copyrightYear\":\"2024\",\"copyrightHolder\":{\"@id\":\"https:\/\/www.gaveanews.com\/#organization\"}},{\"@type\":\"WebPage\",\"@id\":\"https:\/\/www.gaveanews.com\/index.php\/2024\/03\/20\/a-nova-capacidade-do-estadio-do-flamengo-vinicius-junior-e-alvo-de-injustica-e-diretoria-fecha-acordo-milionario-veja-as-ultimas-noticias-do-flamengo\/\",\"url\":\"https:\/\/www.gaveanews.com\/index.php\/2024\/03\/20\/a-nova-capacidade-do-estadio-do-flamengo-vinicius-junior-e-alvo-de-injustica-e-diretoria-fecha-acordo-milionario-veja-as-ultimas-noticias-do-flamengo\/\",\"name\":\"A nova capacidade do est\u00e1dio do Flamengo, Vin\u00edcius J\u00fanior \u00e9 alvo de injusti\u00e7a e diretoria fecha acordo milion\u00e1rio: veja as \u00faltimas not\u00edcias do Flamengo\",\"isPartOf\":{\"@id\":\"https:\/\/www.gaveanews.com\/#website\"},\"primaryImageOfPage\":{\"@id\":\"https:\/\/www.gaveanews.com\/index.php\/2024\/03\/20\/a-nova-capacidade-do-estadio-do-flamengo-vinicius-junior-e-alvo-de-injustica-e-diretoria-fecha-acordo-milionario-veja-as-ultimas-noticias-do-flamengo\/#primaryimage\"},\"image\":{\"@id\":\"https:\/\/www.gaveanews.com\/index.php\/2024\/03\/20\/a-nova-capacidade-do-estadio-do-flamengo-vinicius-junior-e-alvo-de-injustica-e-diretoria-fecha-acordo-milionario-veja-as-ultimas-noticias-do-flamengo\/#primaryimage\"},\"thumbnailUrl\":\"https:\/\/www.gaveanews.com\/wp-content\/uploads\/Marcos-Braz-e-Rodolfo-Landim-durante-coletiva-promovida-pelo-Flamengo.webp\",\"datePublished\":\"2024-03-20T22:04:45+00:00\",\"dateModified\":\"2024-03-20T22:04:50+00:00\",\"author\":{\"@id\":\"https:\/\/www.gaveanews.com\/#\/schema\/person\/fd07635ec039ec3ba74ad18ec8a6dbd6\"},\"breadcrumb\":{\"@id\":\"https:\/\/www.gaveanews.com\/index.php\/2024\/03\/20\/a-nova-capacidade-do-estadio-do-flamengo-vinicius-junior-e-alvo-de-injustica-e-diretoria-fecha-acordo-milionario-veja-as-ultimas-noticias-do-flamengo\/#breadcrumb\"},\"inLanguage\":\"pt-BR\",\"potentialAction\":[{\"@type\":\"ReadAction\",\"target\":[\"https:\/\/www.gaveanews.com\/index.php\/2024\/03\/20\/a-nova-capacidade-do-estadio-do-flamengo-vinicius-junior-e-alvo-de-injustica-e-diretoria-fecha-acordo-milionario-veja-as-ultimas-noticias-do-flamengo\/\"]}]},{\"@type\":\"ImageObject\",\"inLanguage\":\"pt-BR\",\"@id\":\"https:\/\/www.gaveanews.com\/index.php\/2024\/03\/20\/a-nova-capacidade-do-estadio-do-flamengo-vinicius-junior-e-alvo-de-injustica-e-diretoria-fecha-acordo-milionario-veja-as-ultimas-noticias-do-flamengo\/#primaryimage\",\"url\":\"https:\/\/www.gaveanews.com\/wp-content\/uploads\/Marcos-Braz-e-Rodolfo-Landim-durante-coletiva-promovida-pelo-Flamengo.webp\",\"contentUrl\":\"https:\/\/www.gaveanews.com\/wp-content\/uploads\/Marcos-Braz-e-Rodolfo-Landim-durante-coletiva-promovida-pelo-Flamengo.webp\",\"width\":1080,\"height\":608,\"caption\":\"Marcos Braz e Rodolfo Landim durante coletiva promovida pelo Flamengo (Foto: Alexandre Vidal\/Flamengo)\"},{\"@type\":\"BreadcrumbList\",\"@id\":\"https:\/\/www.gaveanews.com\/index.php\/2024\/03\/20\/a-nova-capacidade-do-estadio-do-flamengo-vinicius-junior-e-alvo-de-injustica-e-diretoria-fecha-acordo-milionario-veja-as-ultimas-noticias-do-flamengo\/#breadcrumb\",\"itemListElement\":[{\"@type\":\"ListItem\",\"position\":1,\"name\":\"Home\",\"item\":\"https:\/\/www.gaveanews.com\/\"},{\"@type\":\"ListItem\",\"position\":2,\"name\":\"A nova capacidade do est\u00e1dio do Flamengo, Vin\u00edcius J\u00fanior \u00e9 alvo de injusti\u00e7a e diretoria fecha acordo milion\u00e1rio: veja as \u00faltimas not\u00edcias do Flamengo\"}]},{\"@type\":\"WebSite\",\"@id\":\"https:\/\/www.gaveanews.com\/#website\",\"url\":\"https:\/\/www.gaveanews.com\/\",\"name\":\"G\u00e1vea News\",\"description\":\"Veja todas as not\u00edcias sobre o Flamengo: Contrata\u00e7\u00f5es, categorias de base, resultados das partidas, tabela de classifica\u00e7\u00e3o, pr\u00f3ximos jogos!\",\"potentialAction\":[{\"@type\":\"SearchAction\",\"target\":{\"@type\":\"EntryPoint\",\"urlTemplate\":\"https:\/\/www.gaveanews.com\/?s={search_term_string}\"},\"query-input\":{\"@type\":\"PropertyValueSpecification\",\"valueRequired\":true,\"valueName\":\"search_term_string\"}}],\"inLanguage\":\"pt-BR\"},{\"@type\":\"Person\",\"@id\":\"https:\/\/www.gaveanews.com\/#\/schema\/person\/fd07635ec039ec3ba74ad18ec8a6dbd6\",\"name\":\"Henrique Machado\",\"image\":{\"@type\":\"ImageObject\",\"inLanguage\":\"pt-BR\",\"@id\":\"https:\/\/www.gaveanews.com\/#\/schema\/person\/image\/\",\"url\":\"https:\/\/secure.gravatar.com\/avatar\/b95e35997e01d9800c1b6184bd79d4d898d370a3fce2584f5c77b907d5c7d9e9?s=96&d=mm&r=g\",\"contentUrl\":\"https:\/\/secure.gravatar.com\/avatar\/b95e35997e01d9800c1b6184bd79d4d898d370a3fce2584f5c77b907d5c7d9e9?s=96&d=mm&r=g\",\"caption\":\"Henrique Machado\"}}]}<\/script>\n<!-- \/ Yoast SEO Premium plugin. -->","yoast_head_json":{"title":"A nova capacidade do est\u00e1dio do Flamengo, Vin\u00edcius J\u00fanior \u00e9 alvo de injusti\u00e7a e diretoria fecha acordo milion\u00e1rio: veja as \u00faltimas not\u00edcias do Flamengo","robots":{"index":"index","follow":"follow","max-snippet":"max-snippet:-1","max-image-preview":"max-image-preview:large","max-video-preview":"max-video-preview:-1"},"canonical":"https:\/\/www.gaveanews.com\/index.php\/2024\/03\/20\/a-nova-capacidade-do-estadio-do-flamengo-vinicius-junior-e-alvo-de-injustica-e-diretoria-fecha-acordo-milionario-veja-as-ultimas-noticias-do-flamengo\/","og_locale":"pt_BR","og_type":"article","og_title":"A nova capacidade do est\u00e1dio do Flamengo, Vin\u00edcius J\u00fanior \u00e9 alvo de injusti\u00e7a e diretoria fecha acordo milion\u00e1rio: veja as \u00faltimas not\u00edcias do Flamengo","og_description":"Nas \u00faltimas horas, o destaque das not\u00edcias sobre o Flamengo est\u00e1 nos bastidores do clube, com \u00eanfase na nova capacidade do est\u00e1dio e no acordo milion\u00e1rio firmado pela diretoria. Por conta deste contexto, leia abaixo um resumo preparado pela equipe do portal G\u00e1vea News para lhe manter muito bem informado! Vin\u00edcius J\u00fanior \u00e9 alvo de [&hellip;]","og_url":"https:\/\/www.gaveanews.com\/index.php\/2024\/03\/20\/a-nova-capacidade-do-estadio-do-flamengo-vinicius-junior-e-alvo-de-injustica-e-diretoria-fecha-acordo-milionario-veja-as-ultimas-noticias-do-flamengo\/","og_site_name":"G\u00e1vea News","article_publisher":"https:\/\/facebook.com\/gaveaNews\/","article_published_time":"2024-03-20T22:04:45+00:00","article_modified_time":"2024-03-20T22:04:50+00:00","og_image":[{"width":1080,"height":608,"url":"https:\/\/www.gaveanews.com\/wp-content\/uploads\/Marcos-Braz-e-Rodolfo-Landim-durante-coletiva-promovida-pelo-Flamengo.webp","type":"image\/webp"}],"author":"Henrique Machado","twitter_card":"summary_large_image","twitter_misc":{"Escrito por":"Henrique Machado","Est. tempo de leitura":"5 minutos"},"schema":{"@context":"https:\/\/schema.org","@graph":[{"@type":"NewsArticle","@id":"https:\/\/www.gaveanews.com\/index.php\/2024\/03\/20\/a-nova-capacidade-do-estadio-do-flamengo-vinicius-junior-e-alvo-de-injustica-e-diretoria-fecha-acordo-milionario-veja-as-ultimas-noticias-do-flamengo\/#article","isPartOf":{"@id":"https:\/\/www.gaveanews.com\/index.php\/2024\/03\/20\/a-nova-capacidade-do-estadio-do-flamengo-vinicius-junior-e-alvo-de-injustica-e-diretoria-fecha-acordo-milionario-veja-as-ultimas-noticias-do-flamengo\/"},"author":{"name":"Henrique Machado","@id":"https:\/\/www.gaveanews.com\/#\/schema\/person\/fd07635ec039ec3ba74ad18ec8a6dbd6"},"headline":"A nova capacidade do est\u00e1dio do Flamengo, Vin\u00edcius J\u00fanior \u00e9 alvo de injusti\u00e7a e diretoria fecha acordo milion\u00e1rio: veja as \u00faltimas not\u00edcias do Flamengo","datePublished":"2024-03-20T22:04:45+00:00","dateModified":"2024-03-20T22:04:50+00:00","mainEntityOfPage":{"@id":"https:\/\/www.gaveanews.com\/index.php\/2024\/03\/20\/a-nova-capacidade-do-estadio-do-flamengo-vinicius-junior-e-alvo-de-injustica-e-diretoria-fecha-acordo-milionario-veja-as-ultimas-noticias-do-flamengo\/"},"wordCount":824,"commentCount":0,"image":{"@id":"https:\/\/www.gaveanews.com\/index.php\/2024\/03\/20\/a-nova-capacidade-do-estadio-do-flamengo-vinicius-junior-e-alvo-de-injustica-e-diretoria-fecha-acordo-milionario-veja-as-ultimas-noticias-do-flamengo\/#primaryimage"},"thumbnailUrl":"https:\/\/www.gaveanews.com\/wp-content\/uploads\/Marcos-Braz-e-Rodolfo-Landim-durante-coletiva-promovida-pelo-Flamengo.webp","articleSection":["Flamengo"],"inLanguage":"pt-BR","potentialAction":[{"@type":"CommentAction","name":"Comment","target":["https:\/\/www.gaveanews.com\/index.php\/2024\/03\/20\/a-nova-capacidade-do-estadio-do-flamengo-vinicius-junior-e-alvo-de-injustica-e-diretoria-fecha-acordo-milionario-veja-as-ultimas-noticias-do-flamengo\/#respond"]}],"copyrightYear":"2024","copyrightHolder":{"@id":"https:\/\/www.gaveanews.com\/#organization"}},{"@type":"WebPage","@id":"https:\/\/www.gaveanews.com\/index.php\/2024\/03\/20\/a-nova-capacidade-do-estadio-do-flamengo-vinicius-junior-e-alvo-de-injustica-e-diretoria-fecha-acordo-milionario-veja-as-ultimas-noticias-do-flamengo\/","url":"https:\/\/www.gaveanews.com\/index.php\/2024\/03\/20\/a-nova-capacidade-do-estadio-do-flamengo-vinicius-junior-e-alvo-de-injustica-e-diretoria-fecha-acordo-milionario-veja-as-ultimas-noticias-do-flamengo\/","name":"A nova capacidade do est\u00e1dio do Flamengo, Vin\u00edcius J\u00fanior \u00e9 alvo de injusti\u00e7a e diretoria fecha acordo milion\u00e1rio: veja as \u00faltimas not\u00edcias do Flamengo","isPartOf":{"@id":"https:\/\/www.gaveanews.com\/#website"},"primaryImageOfPage":{"@id":"https:\/\/www.gaveanews.com\/index.php\/2024\/03\/20\/a-nova-capacidade-do-estadio-do-flamengo-vinicius-junior-e-alvo-de-injustica-e-diretoria-fecha-acordo-milionario-veja-as-ultimas-noticias-do-flamengo\/#primaryimage"},"image":{"@id":"https:\/\/www.gaveanews.com\/index.php\/2024\/03\/20\/a-nova-capacidade-do-estadio-do-flamengo-vinicius-junior-e-alvo-de-injustica-e-diretoria-fecha-acordo-milionario-veja-as-ultimas-noticias-do-flamengo\/#primaryimage"},"thumbnailUrl":"https:\/\/www.gaveanews.com\/wp-content\/uploads\/Marcos-Braz-e-Rodolfo-Landim-durante-coletiva-promovida-pelo-Flamengo.webp","datePublished":"2024-03-20T22:04:45+00:00","dateModified":"2024-03-20T22:04:50+00:00","author":{"@id":"https:\/\/www.gaveanews.com\/#\/schema\/person\/fd07635ec039ec3ba74ad18ec8a6dbd6"},"breadcrumb":{"@id":"https:\/\/www.gaveanews.com\/index.php\/2024\/03\/20\/a-nova-capacidade-do-estadio-do-flamengo-vinicius-junior-e-alvo-de-injustica-e-diretoria-fecha-acordo-milionario-veja-as-ultimas-noticias-do-flamengo\/#breadcrumb"},"inLanguage":"pt-BR","potentialAction":[{"@type":"ReadAction","target":["https:\/\/www.gaveanews.com\/index.php\/2024\/03\/20\/a-nova-capacidade-do-estadio-do-flamengo-vinicius-junior-e-alvo-de-injustica-e-diretoria-fecha-acordo-milionario-veja-as-ultimas-noticias-do-flamengo\/"]}]},{"@type":"ImageObject","inLanguage":"pt-BR","@id":"https:\/\/www.gaveanews.com\/index.php\/2024\/03\/20\/a-nova-capacidade-do-estadio-do-flamengo-vinicius-junior-e-alvo-de-injustica-e-diretoria-fecha-acordo-milionario-veja-as-ultimas-noticias-do-flamengo\/#primaryimage","url":"https:\/\/www.gaveanews.com\/wp-content\/uploads\/Marcos-Braz-e-Rodolfo-Landim-durante-coletiva-promovida-pelo-Flamengo.webp","contentUrl":"https:\/\/www.gaveanews.com\/wp-content\/uploads\/Marcos-Braz-e-Rodolfo-Landim-durante-coletiva-promovida-pelo-Flamengo.webp","width":1080,"height":608,"caption":"Marcos Braz e Rodolfo Landim durante coletiva promovida pelo Flamengo (Foto: Alexandre Vidal\/Flamengo)"},{"@type":"BreadcrumbList","@id":"https:\/\/www.gaveanews.com\/index.php\/2024\/03\/20\/a-nova-capacidade-do-estadio-do-flamengo-vinicius-junior-e-alvo-de-injustica-e-diretoria-fecha-acordo-milionario-veja-as-ultimas-noticias-do-flamengo\/#breadcrumb","itemListElement":[{"@type":"ListItem","position":1,"name":"Home","item":"https:\/\/www.gaveanews.com\/"},{"@type":"ListItem","position":2,"name":"A nova capacidade do est\u00e1dio do Flamengo, Vin\u00edcius J\u00fanior \u00e9 alvo de injusti\u00e7a e diretoria fecha acordo milion\u00e1rio: veja as \u00faltimas not\u00edcias do Flamengo"}]},{"@type":"WebSite","@id":"https:\/\/www.gaveanews.com\/#website","url":"https:\/\/www.gaveanews.com\/","name":"G\u00e1vea News","description":"Veja todas as not\u00edcias sobre o Flamengo: Contrata\u00e7\u00f5es, categorias de base, resultados das partidas, tabela de classifica\u00e7\u00e3o, pr\u00f3ximos jogos!","potentialAction":[{"@type":"SearchAction","target":{"@type":"EntryPoint","urlTemplate":"https:\/\/www.gaveanews.com\/?s={search_term_string}"},"query-input":{"@type":"PropertyValueSpecification","valueRequired":true,"valueName":"search_term_string"}}],"inLanguage":"pt-BR"},{"@type":"Person","@id":"https:\/\/www.gaveanews.com\/#\/schema\/person\/fd07635ec039ec3ba74ad18ec8a6dbd6","name":"Henrique Machado","image":{"@type":"ImageObject","inLanguage":"pt-BR","@id":"https:\/\/www.gaveanews.com\/#\/schema\/person\/image\/","url":"https:\/\/secure.gravatar.com\/avatar\/b95e35997e01d9800c1b6184bd79d4d898d370a3fce2584f5c77b907d5c7d9e9?s=96&d=mm&r=g","contentUrl":"https:\/\/secure.gravatar.com\/avatar\/b95e35997e01d9800c1b6184bd79d4d898d370a3fce2584f5c77b907d5c7d9e9?s=96&d=mm&r=g","caption":"Henrique Machado"}}]}},"_links":{"self":[{"href":"https:\/\/www.gaveanews.com\/index.php\/wp-json\/wp\/v2\/posts\/132128","targetHints":{"allow":["GET"]}}],"collection":[{"href":"https:\/\/www.gaveanews.com\/index.php\/wp-json\/wp\/v2\/posts"}],"about":[{"href":"https:\/\/www.gaveanews.com\/index.php\/wp-json\/wp\/v2\/types\/post"}],"author":[{"embeddable":true,"href":"https:\/\/www.gaveanews.com\/index.php\/wp-json\/wp\/v2\/users\/15"}],"replies":[{"embeddable":true,"href":"https:\/\/www.gaveanews.com\/index.php\/wp-json\/wp\/v2\/comments?post=132128"}],"version-history":[{"count":4,"href":"https:\/\/www.gaveanews.com\/index.php\/wp-json\/wp\/v2\/posts\/132128\/revisions"}],"predecessor-version":[{"id":132133,"href":"https:\/\/www.gaveanews.com\/index.php\/wp-json\/wp\/v2\/posts\/132128\/revisions\/132133"}],"wp:featuredmedia":[{"embeddable":true,"href":"https:\/\/www.gaveanews.com\/index.php\/wp-json\/wp\/v2\/media\/117670"}],"wp:attachment":[{"href":"https:\/\/www.gaveanews.com\/index.php\/wp-json\/wp\/v2\/media?parent=132128"}],"wp:term":[{"taxonomy":"category","embeddable":true,"href":"https:\/\/www.gaveanews.com\/index.php\/wp-json\/wp\/v2\/categories?post=132128"},{"taxonomy":"post_tag","embeddable":true,"href":"https:\/\/www.gaveanews.com\/index.php\/wp-json\/wp\/v2\/tags?post=132128"}],"curies":[{"name":"wp","href":"https:\/\/api.w.org\/{rel}","templated":true}]}}