{"id":132153,"date":"2024-03-21T07:01:49","date_gmt":"2024-03-21T10:01:49","guid":{"rendered":"https:\/\/www.gaveanews.com\/?p=132153"},"modified":"2024-04-07T00:08:47","modified_gmt":"2024-04-07T03:08:47","slug":"declaracao-de-leila-pereira-do-palmeiras-sobre-gabigol-do-flamengo-repercute-na-imprensa","status":"publish","type":"post","link":"https:\/\/www.gaveanews.com\/index.php\/2024\/03\/21\/declaracao-de-leila-pereira-do-palmeiras-sobre-gabigol-do-flamengo-repercute-na-imprensa\/","title":{"rendered":"Declara\u00e7\u00e3o de Leila Pereira, do Palmeiras, sobre Gabigol, do Flamengo, repercute na imprensa"},"content":{"rendered":"\n<p>O cen\u00e1rio do futebol brasileiro est\u00e1 marcado por intensas discuss\u00f5es e expectativas, particularmente em rela\u00e7\u00e3o ao atacante Gabigol, destacado jogador do Flamengo. Com o t\u00e9rmino de seu contrato com o clube carioca previsto para dezembro deste ano, Gabigol encontra-se em um momento decisivo de sua carreira. Essa condi\u00e7\u00e3o permite que, a partir de julho, o jogador tenha a op\u00e7\u00e3o de assinar um pr\u00e9-contrato com outra equipe, gerando d\u00favidas sobre sua continuidade no Flamengo. A situa\u00e7\u00e3o atual torna o futuro do atacante um t\u00f3pico amplamente debatido entre torcedores e especialistas no esporte.<\/p>\n\n\n\n<p>A presidente do Palmeiras, Leila Pereira, manifestou publicamente seu interesse pelo jogador. Durante uma entrevista ao youtuber FlaZoeiro, ela questionou de forma ret\u00f3rica: &#8220;Que time n\u00e3o quer contratar o Gabigol?&#8221;.<\/p>\n\n\n\n<p>Recentemente, Gabigol est\u00e1 enfrentando desafios no Flamengo, incluindo per\u00edodos em que foi op\u00e7\u00e3o no banco de reservas sob as ordens dos t\u00e9cnicos Jorge Sampaoli e Tite. Esse cen\u00e1rio alimenta as especula\u00e7\u00f5es sobre uma poss\u00edvel transfer\u00eancia. A rivalidade entre Flamengo e Palmeiras, intensificada nos \u00faltimos anos, \u00e9 marcada por diversas declara\u00e7\u00f5es provocativas do atacante, principalmente ap\u00f3s confrontos decisivos, o que aumenta o interesse em sua poss\u00edvel ida para o Palmeiras.<\/p>\n\n\n\n<p>Vale lembrar que o Palmeiras j\u00e1 foi associado a negocia\u00e7\u00f5es com outros jogadores de destaque do Flamengo, a exemplo de Pedro e Bruno Henrique, evidenciando a din\u00e2mica do mercado de transfer\u00eancias no futebol brasileiro.<\/p>\n\n\n\n<h2 class=\"wp-block-heading\" id=\"h-gabriel-barbosa\">Gabriel Barbosa<\/h2>\n\n\n\n<p>A carreira de Gabriel Barbosa, conhecido popularmente como Gabigol, \u00e9 marcada por uma ascens\u00e3o impressionante desde suas origens nas categorias de base do Santos at\u00e9 se tornar um dos principais nomes do futebol brasileiro no Flamengo. Revelado pelas categorias de base do Santos, Gabriel estreou profissionalmente com apenas 16 anos, destacando-se rapidamente pelo clube paulista. Sua habilidade em marcar gols lhe rendeu uma transfer\u00eancia para a Europa, onde teve passagens por Inter de Mil\u00e3o e Benfica, embora n\u00e3o tenha conseguido repetir o mesmo sucesso inicial\u200b\u200b\u200b\u200b\u200b\u200b.<\/p>\n\n\n\n<p>O retorno ao Brasil, inicialmente emprestado ao Santos e depois ao Flamengo, marcou o in\u00edcio de uma fase brilhante em sua carreira. No Flamengo, Gabriel Barbosa encontrou o cen\u00e1rio perfeito para demonstrar sua qualidade, tornando-se pe\u00e7a chave na conquista de t\u00edtulos importantes, incluindo a Copa Libertadores e o Campeonato Brasileiro, e reafirmando seu status como um dos principais atacantes do futebol sul-americano. Sua performance excepcional pelo clube carioca levou a equipe a efetivar sua contrata\u00e7\u00e3o em definitivo, e Gabriel rapidamente se tornou o artilheiro do time, al\u00e9m de um dos jogadores mais adorados pela torcida\u200b\u200b\u200b\u200b.<\/p>\n","protected":false},"excerpt":{"rendered":"<p>O cen\u00e1rio do futebol brasileiro est\u00e1 marcado por intensas discuss\u00f5es e expectativas, particularmente em rela\u00e7\u00e3o ao atacante Gabigol, destacado jogador do Flamengo. Com o t\u00e9rmino de seu contrato com o clube carioca previsto para dezembro deste ano, Gabigol encontra-se em um momento decisivo de sua carreira. Essa condi\u00e7\u00e3o permite que, a partir de julho, o [&hellip;]<\/p>\n","protected":false},"author":1,"featured_media":59856,"comment_status":"open","ping_status":"closed","sticky":false,"template":"","format":"standard","meta":{"footnotes":""},"categories":[1],"tags":[171,169],"class_list":["post-132153","post","type-post","status-publish","format-standard","has-post-thumbnail","hentry","category-flamengo","tag-adenor-leonardo-bachi-tite","tag-gabriel-barbosa-almeida-gabigol"],"yoast_head":"<!-- This site is optimized with the Yoast SEO Premium plugin v24.2 (Yoast SEO v26.9) - https:\/\/yoast.com\/product\/yoast-seo-premium-wordpress\/ -->\n<title>Declara\u00e7\u00e3o de Leila Pereira, do Palmeiras, sobre Gabigol, do Flamengo, repercute na imprensa<\/title>\n<meta name=\"robots\" content=\"index, follow, max-snippet:-1, max-image-preview:large, max-video-preview:-1\" \/>\n<link rel=\"canonical\" href=\"https:\/\/www.gaveanews.com\/index.php\/2024\/03\/21\/declaracao-de-leila-pereira-do-palmeiras-sobre-gabigol-do-flamengo-repercute-na-imprensa\/\" \/>\n<meta property=\"og:locale\" content=\"pt_BR\" \/>\n<meta property=\"og:type\" content=\"article\" \/>\n<meta property=\"og:title\" content=\"Declara\u00e7\u00e3o de Leila Pereira, do Palmeiras, sobre Gabigol, do Flamengo, repercute na imprensa\" \/>\n<meta property=\"og:description\" content=\"O cen\u00e1rio do futebol brasileiro est\u00e1 marcado por intensas discuss\u00f5es e expectativas, particularmente em rela\u00e7\u00e3o ao atacante Gabigol, destacado jogador do Flamengo. Com o t\u00e9rmino de seu contrato com o clube carioca previsto para dezembro deste ano, Gabigol encontra-se em um momento decisivo de sua carreira. Essa condi\u00e7\u00e3o permite que, a partir de julho, o [&hellip;]\" \/>\n<meta property=\"og:url\" content=\"https:\/\/www.gaveanews.com\/index.php\/2024\/03\/21\/declaracao-de-leila-pereira-do-palmeiras-sobre-gabigol-do-flamengo-repercute-na-imprensa\/\" \/>\n<meta property=\"og:site_name\" content=\"G\u00e1vea News\" \/>\n<meta property=\"article:publisher\" content=\"https:\/\/facebook.com\/gaveaNews\/\" \/>\n<meta property=\"article:published_time\" content=\"2024-03-21T10:01:49+00:00\" \/>\n<meta property=\"article:modified_time\" content=\"2024-04-07T03:08:47+00:00\" \/>\n<meta property=\"og:image\" content=\"https:\/\/www.gaveanews.com\/wp-content\/uploads\/Gabigol-em-acao-pelo-Flamengo-durante-o-jogo-contra-o-Volta-Redonda-no-Campeonato-Carioca-de-2021.webp\" \/>\n\t<meta property=\"og:image:width\" content=\"799\" \/>\n\t<meta property=\"og:image:height\" content=\"533\" \/>\n\t<meta property=\"og:image:type\" content=\"image\/jpeg\" \/>\n<meta name=\"author\" content=\"Equipe G\u00e1vea News\" \/>\n<meta name=\"twitter:card\" content=\"summary_large_image\" \/>\n<meta name=\"twitter:label1\" content=\"Escrito por\" \/>\n\t<meta name=\"twitter:data1\" content=\"Equipe G\u00e1vea News\" \/>\n\t<meta name=\"twitter:label2\" content=\"Est. tempo de leitura\" \/>\n\t<meta name=\"twitter:data2\" content=\"3 minutos\" \/>\n<script type=\"application\/ld+json\" class=\"yoast-schema-graph\">{\"@context\":\"https:\/\/schema.org\",\"@graph\":[{\"@type\":\"NewsArticle\",\"@id\":\"https:\/\/www.gaveanews.com\/index.php\/2024\/03\/21\/declaracao-de-leila-pereira-do-palmeiras-sobre-gabigol-do-flamengo-repercute-na-imprensa\/#article\",\"isPartOf\":{\"@id\":\"https:\/\/www.gaveanews.com\/index.php\/2024\/03\/21\/declaracao-de-leila-pereira-do-palmeiras-sobre-gabigol-do-flamengo-repercute-na-imprensa\/\"},\"author\":{\"name\":\"Equipe G\u00e1vea News\",\"@id\":\"https:\/\/www.gaveanews.com\/#\/schema\/person\/2ec14f73fb96be2caf28f91afb14749d\"},\"headline\":\"Declara\u00e7\u00e3o de Leila Pereira, do Palmeiras, sobre Gabigol, do Flamengo, repercute na imprensa\",\"datePublished\":\"2024-03-21T10:01:49+00:00\",\"dateModified\":\"2024-04-07T03:08:47+00:00\",\"mainEntityOfPage\":{\"@id\":\"https:\/\/www.gaveanews.com\/index.php\/2024\/03\/21\/declaracao-de-leila-pereira-do-palmeiras-sobre-gabigol-do-flamengo-repercute-na-imprensa\/\"},\"wordCount\":452,\"commentCount\":0,\"image\":{\"@id\":\"https:\/\/www.gaveanews.com\/index.php\/2024\/03\/21\/declaracao-de-leila-pereira-do-palmeiras-sobre-gabigol-do-flamengo-repercute-na-imprensa\/#primaryimage\"},\"thumbnailUrl\":\"https:\/\/www.gaveanews.com\/wp-content\/uploads\/Gabigol-em-acao-pelo-Flamengo-durante-o-jogo-contra-o-Volta-Redonda-no-Campeonato-Carioca-de-2021.webp\",\"keywords\":[\"Adenor Leonardo Bachi\",\"Gabriel Barbosa Almeida\"],\"articleSection\":[\"Flamengo\"],\"inLanguage\":\"pt-BR\",\"potentialAction\":[{\"@type\":\"CommentAction\",\"name\":\"Comment\",\"target\":[\"https:\/\/www.gaveanews.com\/index.php\/2024\/03\/21\/declaracao-de-leila-pereira-do-palmeiras-sobre-gabigol-do-flamengo-repercute-na-imprensa\/#respond\"]}],\"copyrightYear\":\"2024\",\"copyrightHolder\":{\"@id\":\"https:\/\/www.gaveanews.com\/#organization\"}},{\"@type\":\"WebPage\",\"@id\":\"https:\/\/www.gaveanews.com\/index.php\/2024\/03\/21\/declaracao-de-leila-pereira-do-palmeiras-sobre-gabigol-do-flamengo-repercute-na-imprensa\/\",\"url\":\"https:\/\/www.gaveanews.com\/index.php\/2024\/03\/21\/declaracao-de-leila-pereira-do-palmeiras-sobre-gabigol-do-flamengo-repercute-na-imprensa\/\",\"name\":\"Declara\u00e7\u00e3o de Leila Pereira, do Palmeiras, sobre Gabigol, do Flamengo, repercute na imprensa\",\"isPartOf\":{\"@id\":\"https:\/\/www.gaveanews.com\/#website\"},\"primaryImageOfPage\":{\"@id\":\"https:\/\/www.gaveanews.com\/index.php\/2024\/03\/21\/declaracao-de-leila-pereira-do-palmeiras-sobre-gabigol-do-flamengo-repercute-na-imprensa\/#primaryimage\"},\"image\":{\"@id\":\"https:\/\/www.gaveanews.com\/index.php\/2024\/03\/21\/declaracao-de-leila-pereira-do-palmeiras-sobre-gabigol-do-flamengo-repercute-na-imprensa\/#primaryimage\"},\"thumbnailUrl\":\"https:\/\/www.gaveanews.com\/wp-content\/uploads\/Gabigol-em-acao-pelo-Flamengo-durante-o-jogo-contra-o-Volta-Redonda-no-Campeonato-Carioca-de-2021.webp\",\"datePublished\":\"2024-03-21T10:01:49+00:00\",\"dateModified\":\"2024-04-07T03:08:47+00:00\",\"author\":{\"@id\":\"https:\/\/www.gaveanews.com\/#\/schema\/person\/2ec14f73fb96be2caf28f91afb14749d\"},\"breadcrumb\":{\"@id\":\"https:\/\/www.gaveanews.com\/index.php\/2024\/03\/21\/declaracao-de-leila-pereira-do-palmeiras-sobre-gabigol-do-flamengo-repercute-na-imprensa\/#breadcrumb\"},\"inLanguage\":\"pt-BR\",\"potentialAction\":[{\"@type\":\"ReadAction\",\"target\":[\"https:\/\/www.gaveanews.com\/index.php\/2024\/03\/21\/declaracao-de-leila-pereira-do-palmeiras-sobre-gabigol-do-flamengo-repercute-na-imprensa\/\"]}]},{\"@type\":\"ImageObject\",\"inLanguage\":\"pt-BR\",\"@id\":\"https:\/\/www.gaveanews.com\/index.php\/2024\/03\/21\/declaracao-de-leila-pereira-do-palmeiras-sobre-gabigol-do-flamengo-repercute-na-imprensa\/#primaryimage\",\"url\":\"https:\/\/www.gaveanews.com\/wp-content\/uploads\/Gabigol-em-acao-pelo-Flamengo-durante-o-jogo-contra-o-Volta-Redonda-no-Campeonato-Carioca-de-2021.webp\",\"contentUrl\":\"https:\/\/www.gaveanews.com\/wp-content\/uploads\/Gabigol-em-acao-pelo-Flamengo-durante-o-jogo-contra-o-Volta-Redonda-no-Campeonato-Carioca-de-2021.webp\",\"width\":799,\"height\":533,\"caption\":\"Gabigol em a\u00e7\u00e3o pelo Flamengo durante o jogo contra o Volta Redonda no Campeonato Carioca de 2021 (Foto: Marcelo Cortes\/Flamengo)\"},{\"@type\":\"BreadcrumbList\",\"@id\":\"https:\/\/www.gaveanews.com\/index.php\/2024\/03\/21\/declaracao-de-leila-pereira-do-palmeiras-sobre-gabigol-do-flamengo-repercute-na-imprensa\/#breadcrumb\",\"itemListElement\":[{\"@type\":\"ListItem\",\"position\":1,\"name\":\"Home\",\"item\":\"https:\/\/www.gaveanews.com\/\"},{\"@type\":\"ListItem\",\"position\":2,\"name\":\"Declara\u00e7\u00e3o de Leila Pereira, do Palmeiras, sobre Gabigol, do Flamengo, repercute na imprensa\"}]},{\"@type\":\"WebSite\",\"@id\":\"https:\/\/www.gaveanews.com\/#website\",\"url\":\"https:\/\/www.gaveanews.com\/\",\"name\":\"G\u00e1vea News\",\"description\":\"Veja todas as not\u00edcias sobre o Flamengo: Contrata\u00e7\u00f5es, categorias de base, resultados das partidas, tabela de classifica\u00e7\u00e3o, pr\u00f3ximos jogos!\",\"potentialAction\":[{\"@type\":\"SearchAction\",\"target\":{\"@type\":\"EntryPoint\",\"urlTemplate\":\"https:\/\/www.gaveanews.com\/?s={search_term_string}\"},\"query-input\":{\"@type\":\"PropertyValueSpecification\",\"valueRequired\":true,\"valueName\":\"search_term_string\"}}],\"inLanguage\":\"pt-BR\"},{\"@type\":\"Person\",\"@id\":\"https:\/\/www.gaveanews.com\/#\/schema\/person\/2ec14f73fb96be2caf28f91afb14749d\",\"name\":\"Equipe G\u00e1vea News\",\"image\":{\"@type\":\"ImageObject\",\"inLanguage\":\"pt-BR\",\"@id\":\"https:\/\/www.gaveanews.com\/#\/schema\/person\/image\/\",\"url\":\"https:\/\/secure.gravatar.com\/avatar\/1e1956f1facbffd3f8fa53a326721950116b3b9dc9bd44939c01180fd4a745a9?s=96&d=mm&r=g\",\"contentUrl\":\"https:\/\/secure.gravatar.com\/avatar\/1e1956f1facbffd3f8fa53a326721950116b3b9dc9bd44939c01180fd4a745a9?s=96&d=mm&r=g\",\"caption\":\"Equipe G\u00e1vea News\"}}]}<\/script>\n<!-- \/ Yoast SEO Premium plugin. -->","yoast_head_json":{"title":"Declara\u00e7\u00e3o de Leila Pereira, do Palmeiras, sobre Gabigol, do Flamengo, repercute na imprensa","robots":{"index":"index","follow":"follow","max-snippet":"max-snippet:-1","max-image-preview":"max-image-preview:large","max-video-preview":"max-video-preview:-1"},"canonical":"https:\/\/www.gaveanews.com\/index.php\/2024\/03\/21\/declaracao-de-leila-pereira-do-palmeiras-sobre-gabigol-do-flamengo-repercute-na-imprensa\/","og_locale":"pt_BR","og_type":"article","og_title":"Declara\u00e7\u00e3o de Leila Pereira, do Palmeiras, sobre Gabigol, do Flamengo, repercute na imprensa","og_description":"O cen\u00e1rio do futebol brasileiro est\u00e1 marcado por intensas discuss\u00f5es e expectativas, particularmente em rela\u00e7\u00e3o ao atacante Gabigol, destacado jogador do Flamengo. Com o t\u00e9rmino de seu contrato com o clube carioca previsto para dezembro deste ano, Gabigol encontra-se em um momento decisivo de sua carreira. Essa condi\u00e7\u00e3o permite que, a partir de julho, o [&hellip;]","og_url":"https:\/\/www.gaveanews.com\/index.php\/2024\/03\/21\/declaracao-de-leila-pereira-do-palmeiras-sobre-gabigol-do-flamengo-repercute-na-imprensa\/","og_site_name":"G\u00e1vea News","article_publisher":"https:\/\/facebook.com\/gaveaNews\/","article_published_time":"2024-03-21T10:01:49+00:00","article_modified_time":"2024-04-07T03:08:47+00:00","og_image":[{"width":799,"height":533,"url":"https:\/\/www.gaveanews.com\/wp-content\/uploads\/Gabigol-em-acao-pelo-Flamengo-durante-o-jogo-contra-o-Volta-Redonda-no-Campeonato-Carioca-de-2021.webp","type":"image\/jpeg"}],"author":"Equipe G\u00e1vea News","twitter_card":"summary_large_image","twitter_misc":{"Escrito por":"Equipe G\u00e1vea News","Est. tempo de leitura":"3 minutos"},"schema":{"@context":"https:\/\/schema.org","@graph":[{"@type":"NewsArticle","@id":"https:\/\/www.gaveanews.com\/index.php\/2024\/03\/21\/declaracao-de-leila-pereira-do-palmeiras-sobre-gabigol-do-flamengo-repercute-na-imprensa\/#article","isPartOf":{"@id":"https:\/\/www.gaveanews.com\/index.php\/2024\/03\/21\/declaracao-de-leila-pereira-do-palmeiras-sobre-gabigol-do-flamengo-repercute-na-imprensa\/"},"author":{"name":"Equipe G\u00e1vea News","@id":"https:\/\/www.gaveanews.com\/#\/schema\/person\/2ec14f73fb96be2caf28f91afb14749d"},"headline":"Declara\u00e7\u00e3o de Leila Pereira, do Palmeiras, sobre Gabigol, do Flamengo, repercute na imprensa","datePublished":"2024-03-21T10:01:49+00:00","dateModified":"2024-04-07T03:08:47+00:00","mainEntityOfPage":{"@id":"https:\/\/www.gaveanews.com\/index.php\/2024\/03\/21\/declaracao-de-leila-pereira-do-palmeiras-sobre-gabigol-do-flamengo-repercute-na-imprensa\/"},"wordCount":452,"commentCount":0,"image":{"@id":"https:\/\/www.gaveanews.com\/index.php\/2024\/03\/21\/declaracao-de-leila-pereira-do-palmeiras-sobre-gabigol-do-flamengo-repercute-na-imprensa\/#primaryimage"},"thumbnailUrl":"https:\/\/www.gaveanews.com\/wp-content\/uploads\/Gabigol-em-acao-pelo-Flamengo-durante-o-jogo-contra-o-Volta-Redonda-no-Campeonato-Carioca-de-2021.webp","keywords":["Adenor Leonardo Bachi","Gabriel Barbosa Almeida"],"articleSection":["Flamengo"],"inLanguage":"pt-BR","potentialAction":[{"@type":"CommentAction","name":"Comment","target":["https:\/\/www.gaveanews.com\/index.php\/2024\/03\/21\/declaracao-de-leila-pereira-do-palmeiras-sobre-gabigol-do-flamengo-repercute-na-imprensa\/#respond"]}],"copyrightYear":"2024","copyrightHolder":{"@id":"https:\/\/www.gaveanews.com\/#organization"}},{"@type":"WebPage","@id":"https:\/\/www.gaveanews.com\/index.php\/2024\/03\/21\/declaracao-de-leila-pereira-do-palmeiras-sobre-gabigol-do-flamengo-repercute-na-imprensa\/","url":"https:\/\/www.gaveanews.com\/index.php\/2024\/03\/21\/declaracao-de-leila-pereira-do-palmeiras-sobre-gabigol-do-flamengo-repercute-na-imprensa\/","name":"Declara\u00e7\u00e3o de Leila Pereira, do Palmeiras, sobre Gabigol, do Flamengo, repercute na imprensa","isPartOf":{"@id":"https:\/\/www.gaveanews.com\/#website"},"primaryImageOfPage":{"@id":"https:\/\/www.gaveanews.com\/index.php\/2024\/03\/21\/declaracao-de-leila-pereira-do-palmeiras-sobre-gabigol-do-flamengo-repercute-na-imprensa\/#primaryimage"},"image":{"@id":"https:\/\/www.gaveanews.com\/index.php\/2024\/03\/21\/declaracao-de-leila-pereira-do-palmeiras-sobre-gabigol-do-flamengo-repercute-na-imprensa\/#primaryimage"},"thumbnailUrl":"https:\/\/www.gaveanews.com\/wp-content\/uploads\/Gabigol-em-acao-pelo-Flamengo-durante-o-jogo-contra-o-Volta-Redonda-no-Campeonato-Carioca-de-2021.webp","datePublished":"2024-03-21T10:01:49+00:00","dateModified":"2024-04-07T03:08:47+00:00","author":{"@id":"https:\/\/www.gaveanews.com\/#\/schema\/person\/2ec14f73fb96be2caf28f91afb14749d"},"breadcrumb":{"@id":"https:\/\/www.gaveanews.com\/index.php\/2024\/03\/21\/declaracao-de-leila-pereira-do-palmeiras-sobre-gabigol-do-flamengo-repercute-na-imprensa\/#breadcrumb"},"inLanguage":"pt-BR","potentialAction":[{"@type":"ReadAction","target":["https:\/\/www.gaveanews.com\/index.php\/2024\/03\/21\/declaracao-de-leila-pereira-do-palmeiras-sobre-gabigol-do-flamengo-repercute-na-imprensa\/"]}]},{"@type":"ImageObject","inLanguage":"pt-BR","@id":"https:\/\/www.gaveanews.com\/index.php\/2024\/03\/21\/declaracao-de-leila-pereira-do-palmeiras-sobre-gabigol-do-flamengo-repercute-na-imprensa\/#primaryimage","url":"https:\/\/www.gaveanews.com\/wp-content\/uploads\/Gabigol-em-acao-pelo-Flamengo-durante-o-jogo-contra-o-Volta-Redonda-no-Campeonato-Carioca-de-2021.webp","contentUrl":"https:\/\/www.gaveanews.com\/wp-content\/uploads\/Gabigol-em-acao-pelo-Flamengo-durante-o-jogo-contra-o-Volta-Redonda-no-Campeonato-Carioca-de-2021.webp","width":799,"height":533,"caption":"Gabigol em a\u00e7\u00e3o pelo Flamengo durante o jogo contra o Volta Redonda no Campeonato Carioca de 2021 (Foto: Marcelo Cortes\/Flamengo)"},{"@type":"BreadcrumbList","@id":"https:\/\/www.gaveanews.com\/index.php\/2024\/03\/21\/declaracao-de-leila-pereira-do-palmeiras-sobre-gabigol-do-flamengo-repercute-na-imprensa\/#breadcrumb","itemListElement":[{"@type":"ListItem","position":1,"name":"Home","item":"https:\/\/www.gaveanews.com\/"},{"@type":"ListItem","position":2,"name":"Declara\u00e7\u00e3o de Leila Pereira, do Palmeiras, sobre Gabigol, do Flamengo, repercute na imprensa"}]},{"@type":"WebSite","@id":"https:\/\/www.gaveanews.com\/#website","url":"https:\/\/www.gaveanews.com\/","name":"G\u00e1vea News","description":"Veja todas as not\u00edcias sobre o Flamengo: Contrata\u00e7\u00f5es, categorias de base, resultados das partidas, tabela de classifica\u00e7\u00e3o, pr\u00f3ximos jogos!","potentialAction":[{"@type":"SearchAction","target":{"@type":"EntryPoint","urlTemplate":"https:\/\/www.gaveanews.com\/?s={search_term_string}"},"query-input":{"@type":"PropertyValueSpecification","valueRequired":true,"valueName":"search_term_string"}}],"inLanguage":"pt-BR"},{"@type":"Person","@id":"https:\/\/www.gaveanews.com\/#\/schema\/person\/2ec14f73fb96be2caf28f91afb14749d","name":"Equipe G\u00e1vea News","image":{"@type":"ImageObject","inLanguage":"pt-BR","@id":"https:\/\/www.gaveanews.com\/#\/schema\/person\/image\/","url":"https:\/\/secure.gravatar.com\/avatar\/1e1956f1facbffd3f8fa53a326721950116b3b9dc9bd44939c01180fd4a745a9?s=96&d=mm&r=g","contentUrl":"https:\/\/secure.gravatar.com\/avatar\/1e1956f1facbffd3f8fa53a326721950116b3b9dc9bd44939c01180fd4a745a9?s=96&d=mm&r=g","caption":"Equipe G\u00e1vea News"}}]}},"_links":{"self":[{"href":"https:\/\/www.gaveanews.com\/index.php\/wp-json\/wp\/v2\/posts\/132153","targetHints":{"allow":["GET"]}}],"collection":[{"href":"https:\/\/www.gaveanews.com\/index.php\/wp-json\/wp\/v2\/posts"}],"about":[{"href":"https:\/\/www.gaveanews.com\/index.php\/wp-json\/wp\/v2\/types\/post"}],"author":[{"embeddable":true,"href":"https:\/\/www.gaveanews.com\/index.php\/wp-json\/wp\/v2\/users\/1"}],"replies":[{"embeddable":true,"href":"https:\/\/www.gaveanews.com\/index.php\/wp-json\/wp\/v2\/comments?post=132153"}],"version-history":[{"count":1,"href":"https:\/\/www.gaveanews.com\/index.php\/wp-json\/wp\/v2\/posts\/132153\/revisions"}],"predecessor-version":[{"id":132155,"href":"https:\/\/www.gaveanews.com\/index.php\/wp-json\/wp\/v2\/posts\/132153\/revisions\/132155"}],"wp:featuredmedia":[{"embeddable":true,"href":"https:\/\/www.gaveanews.com\/index.php\/wp-json\/wp\/v2\/media\/59856"}],"wp:attachment":[{"href":"https:\/\/www.gaveanews.com\/index.php\/wp-json\/wp\/v2\/media?parent=132153"}],"wp:term":[{"taxonomy":"category","embeddable":true,"href":"https:\/\/www.gaveanews.com\/index.php\/wp-json\/wp\/v2\/categories?post=132153"},{"taxonomy":"post_tag","embeddable":true,"href":"https:\/\/www.gaveanews.com\/index.php\/wp-json\/wp\/v2\/tags?post=132153"}],"curies":[{"name":"wp","href":"https:\/\/api.w.org\/{rel}","templated":true}]}}