{"id":132167,"date":"2024-03-21T08:03:25","date_gmt":"2024-03-21T11:03:25","guid":{"rendered":"https:\/\/www.gaveanews.com\/?p=132167"},"modified":"2024-03-21T08:03:28","modified_gmt":"2024-03-21T11:03:28","slug":"dorival-jr-quer-convocar-atacante-do-flamengo","status":"publish","type":"post","link":"https:\/\/www.gaveanews.com\/index.php\/2024\/03\/21\/dorival-jr-quer-convocar-atacante-do-flamengo\/","title":{"rendered":"Dorival Jr quer convocar atacante do Flamengo"},"content":{"rendered":"\n<p>No cen\u00e1rio atual do futebol brasileiro, a rela\u00e7\u00e3o entre jogadores, clubes e sele\u00e7\u00e3o nacional segue sendo um tema de grande interesse e discuss\u00e3o. Recentemente, a situa\u00e7\u00e3o do atacante Pedro, pe\u00e7a fundamental do Flamengo, chamou a aten\u00e7\u00e3o pela sua aus\u00eancia na primeira convoca\u00e7\u00e3o feita por Dorival Jr, agora no comando t\u00e9cnico da sele\u00e7\u00e3o brasileira. Apesar dessa aus\u00eancia inicial, informa\u00e7\u00f5es apontam que Pedro n\u00e3o foi esquecido pelo t\u00e9cnico, estando, de fato, em seu radar para futuras convoca\u00e7\u00f5es.<\/p>\n\n\n\n<p>Dorival Jr optou por uma abordagem que busca integrar jogadores que atuam no exterior e que possuem menos experi\u00eancia com a camisa da sele\u00e7\u00e3o. Essa escolha estrat\u00e9gica deixou Pedro, que teve um desempenho not\u00e1vel sob a tutela de Dorival no Flamengo em 2022 e uma participa\u00e7\u00e3o na \u00faltima Copa do Mundo, fora da lista. <\/p>\n\n\n\n<p>A decis\u00e3o de Dorival de incluir Richarlison como o \u00fanico centroavante na sua primeira convoca\u00e7\u00e3o sugere um planejamento e a inten\u00e7\u00e3o de avaliar outras op\u00e7\u00f5es para o ataque brasileiro. Al\u00e9m de Pedro, outros jogadores do Flamengo foram lembrados na convoca\u00e7\u00e3o, como Ayrton Lucas e Fabricio Bruno, demonstrando que o treinador mant\u00e9m um olhar atento ao talento dispon\u00edvel no futebol nacional.<\/p>\n\n\n<div class=\"wp-block-image\">\n<figure class=\"aligncenter size-full\"><img loading=\"lazy\" decoding=\"async\" width=\"900\" height=\"599\" src=\"https:\/\/www.gaveanews.com\/wp-content\/uploads\/pedro-treino-flamengo-1.webp\" alt=\"\" class=\"wp-image-126052\" srcset=\"https:\/\/www.gaveanews.com\/wp-content\/uploads\/pedro-treino-flamengo-1.webp 900w, https:\/\/www.gaveanews.com\/wp-content\/uploads\/pedro-treino-flamengo-1-300x200.webp 300w, https:\/\/www.gaveanews.com\/wp-content\/uploads\/pedro-treino-flamengo-1-768x511.webp 768w, https:\/\/www.gaveanews.com\/wp-content\/uploads\/pedro-treino-flamengo-1-631x420.webp 631w, https:\/\/www.gaveanews.com\/wp-content\/uploads\/pedro-treino-flamengo-1-640x426.webp 640w, https:\/\/www.gaveanews.com\/wp-content\/uploads\/pedro-treino-flamengo-1-681x453.webp 681w, https:\/\/www.gaveanews.com\/wp-content\/uploads\/pedro-treino-flamengo-1-100x67.webp 100w\" sizes=\"auto, (max-width: 900px) 100vw, 900px\" \/><figcaption class=\"wp-element-caption\">Pedro em treino do Flamengo (Foto: Marcelo Cortes\/Flamengo)<\/figcaption><\/figure>\n<\/div>\n\n\n<p>Atualmente, em 2024, Pedro atravessa uma fase excepcional no Flamengo, reafirmando seu valor e import\u00e2ncia para o clube. Com nove gols marcados em dez partidas, ele n\u00e3o apenas lidera a artilharia do time, mas tamb\u00e9m refor\u00e7a sua candidatura para futuras oportunidades na sele\u00e7\u00e3o brasileira. <\/p>\n\n\n\n<h2 class=\"wp-block-heading\" id=\"h-pedro-guilherme-abreu-dos-santos\">Pedro Guilherme Abreu dos Santos<\/h2>\n\n\n\n<p>Revelado pelas categorias de base do Fluminense, Pedro Guilherme Abreu dos Santos, ou simplesmente Pedro, chamou aten\u00e7\u00e3o desde cedo por seu faro de gol, sendo o principal artilheiro das categorias de base do Brasil em 2016, com 32 gols. Sua estreia pelo time principal do Fluminense veio em 2016, e no Campeonato Carioca de 2018, destacou-se como artilheiro da competi\u00e7\u00e3o. Apesar de uma contus\u00e3o que o afastou dos gramados em 2018, sua performance no Fluminense o levou a ser eleito a revela\u00e7\u00e3o do Campeonato Brasileiro daquele ano\u200b\u200b.<\/p>\n\n\n\n<p>Em 2019, Pedro transferiu-se para a Fiorentina, mas sua passagem pelo futebol italiano foi breve e marcada por poucas oportunidades de jogo. Em janeiro de 2020, retornou ao Brasil para jogar pelo Flamengo, inicialmente por empr\u00e9stimo. Sua estreia pelo rubro-negro foi promissora, marcando gol e dando assist\u00eancia. Ao fim do empr\u00e9stimo, o Flamengo adquiriu Pedro em definitivo, consolidando sua posi\u00e7\u00e3o como uma pe\u00e7a importante do elenco. <\/p>\n\n\n\n<p>No Flamengo, Pedro teve momentos de altos e baixos, alternando entre a titularidade e o banco de reservas, especialmente devido \u00e0 concorr\u00eancia com Gabigol. Ainda assim, contribuiu significativamente para conquistas do time, como o Campeonato Brasileiro de 2020, sendo reconhecido como o melhor jogador do m\u00eas de novembro na competi\u00e7\u00e3o\u200b\u200b\u200b\u200b.<\/p>\n\n\n<div class=\"wp-block-image\">\n<figure class=\"aligncenter size-full\"><img loading=\"lazy\" decoding=\"async\" width=\"640\" height=\"400\" src=\"https:\/\/www.gaveanews.com\/wp-content\/uploads\/pedro-everton-ribeiro-flamengo-selecao-brasileira.webp\" alt=\"\" class=\"wp-image-91119\" srcset=\"https:\/\/www.gaveanews.com\/wp-content\/uploads\/pedro-everton-ribeiro-flamengo-selecao-brasileira.webp 640w, https:\/\/www.gaveanews.com\/wp-content\/uploads\/pedro-everton-ribeiro-flamengo-selecao-brasileira-300x188.webp 300w, https:\/\/www.gaveanews.com\/wp-content\/uploads\/pedro-everton-ribeiro-flamengo-selecao-brasileira-100x63.webp 100w\" sizes=\"auto, (max-width: 640px) 100vw, 640px\" \/><figcaption class=\"wp-element-caption\">Pedro e Everton Ribeiro em treino da Sele\u00e7\u00e3o Brasileira (Foto: Lucas Figueiredo\/CBF)<\/figcaption><\/figure>\n<\/div>\n\n\n<p>Al\u00e9m dos clubes, Pedro tamb\u00e9m teve momentos importantes na sele\u00e7\u00e3o brasileira. Ele foi convocado pela primeira vez em 2018, mas teve que se retirar por les\u00e3o. Sendo assim, ele fez sua estreia pela sele\u00e7\u00e3o principal em novembro de 2020, em uma partida das eliminat\u00f3rias para a Copa do Mundo de 2022 contra a Venezuela. Em setembro de 2022, marcou seu primeiro gol pela sele\u00e7\u00e3o, em uma vit\u00f3ria sobre a Tun\u00edsia. Sua performance o levou a ser convocado para a Copa do Mundo de 2022\u200b\u200b.<\/p>\n\n\n\n<p>Pedro acumula importantes t\u00edtulos em sua carreira, destacando-se a conquista da Copa Libertadores e da Copa do Brasil em 2022 pelo Flamengo, al\u00e9m de t\u00edtulos do Campeonato Brasileiro e da Recopa Sul-Americana. Sua habilidade em campo e contribui\u00e7\u00f5es decisivas nos momentos cruciais solidificaram sua reputa\u00e7\u00e3o como um dos atacantes mais promissores do futebol brasileiro\u200b\u200b.<\/p>\n","protected":false},"excerpt":{"rendered":"<p>No cen\u00e1rio atual do futebol brasileiro, a rela\u00e7\u00e3o entre jogadores, clubes e sele\u00e7\u00e3o nacional segue sendo um tema de grande interesse e discuss\u00e3o. Recentemente, a situa\u00e7\u00e3o do atacante Pedro, pe\u00e7a fundamental do Flamengo, chamou a aten\u00e7\u00e3o pela sua aus\u00eancia na primeira convoca\u00e7\u00e3o feita por Dorival Jr, agora no comando t\u00e9cnico da sele\u00e7\u00e3o brasileira. Apesar dessa [&hellip;]<\/p>\n","protected":false},"author":1,"featured_media":126556,"comment_status":"open","ping_status":"closed","sticky":false,"template":"","format":"standard","meta":{"footnotes":""},"categories":[1],"tags":[],"class_list":["post-132167","post","type-post","status-publish","format-standard","has-post-thumbnail","hentry","category-flamengo"],"yoast_head":"<!-- This site is optimized with the Yoast SEO Premium plugin v24.2 (Yoast SEO v26.9) - https:\/\/yoast.com\/product\/yoast-seo-premium-wordpress\/ -->\n<title>Dorival Jr quer convocar atacante do Flamengo<\/title>\n<meta name=\"robots\" content=\"index, follow, max-snippet:-1, max-image-preview:large, max-video-preview:-1\" \/>\n<link rel=\"canonical\" href=\"https:\/\/www.gaveanews.com\/index.php\/2024\/03\/21\/dorival-jr-quer-convocar-atacante-do-flamengo\/\" \/>\n<meta property=\"og:locale\" content=\"pt_BR\" \/>\n<meta property=\"og:type\" content=\"article\" \/>\n<meta property=\"og:title\" content=\"Dorival Jr quer convocar atacante do Flamengo\" \/>\n<meta property=\"og:description\" content=\"No cen\u00e1rio atual do futebol brasileiro, a rela\u00e7\u00e3o entre jogadores, clubes e sele\u00e7\u00e3o nacional segue sendo um tema de grande interesse e discuss\u00e3o. Recentemente, a situa\u00e7\u00e3o do atacante Pedro, pe\u00e7a fundamental do Flamengo, chamou a aten\u00e7\u00e3o pela sua aus\u00eancia na primeira convoca\u00e7\u00e3o feita por Dorival Jr, agora no comando t\u00e9cnico da sele\u00e7\u00e3o brasileira. Apesar dessa [&hellip;]\" \/>\n<meta property=\"og:url\" content=\"https:\/\/www.gaveanews.com\/index.php\/2024\/03\/21\/dorival-jr-quer-convocar-atacante-do-flamengo\/\" \/>\n<meta property=\"og:site_name\" content=\"G\u00e1vea News\" \/>\n<meta property=\"article:publisher\" content=\"https:\/\/facebook.com\/gaveaNews\/\" \/>\n<meta property=\"article:published_time\" content=\"2024-03-21T11:03:25+00:00\" \/>\n<meta property=\"article:modified_time\" content=\"2024-03-21T11:03:28+00:00\" \/>\n<meta property=\"og:image\" content=\"https:\/\/www.gaveanews.com\/wp-content\/uploads\/dorival-junior-selecao-e1704998153515.webp\" \/>\n\t<meta property=\"og:image:width\" content=\"732\" \/>\n\t<meta property=\"og:image:height\" content=\"412\" \/>\n\t<meta property=\"og:image:type\" content=\"image\/webp\" \/>\n<meta name=\"author\" content=\"Equipe G\u00e1vea News\" \/>\n<meta name=\"twitter:card\" content=\"summary_large_image\" \/>\n<meta name=\"twitter:label1\" content=\"Escrito por\" \/>\n\t<meta name=\"twitter:data1\" content=\"Equipe G\u00e1vea News\" \/>\n\t<meta name=\"twitter:label2\" content=\"Est. tempo de leitura\" \/>\n\t<meta name=\"twitter:data2\" content=\"4 minutos\" \/>\n<script type=\"application\/ld+json\" class=\"yoast-schema-graph\">{\"@context\":\"https:\/\/schema.org\",\"@graph\":[{\"@type\":\"NewsArticle\",\"@id\":\"https:\/\/www.gaveanews.com\/index.php\/2024\/03\/21\/dorival-jr-quer-convocar-atacante-do-flamengo\/#article\",\"isPartOf\":{\"@id\":\"https:\/\/www.gaveanews.com\/index.php\/2024\/03\/21\/dorival-jr-quer-convocar-atacante-do-flamengo\/\"},\"author\":{\"name\":\"Equipe G\u00e1vea News\",\"@id\":\"https:\/\/www.gaveanews.com\/#\/schema\/person\/2ec14f73fb96be2caf28f91afb14749d\"},\"headline\":\"Dorival Jr quer convocar atacante do Flamengo\",\"datePublished\":\"2024-03-21T11:03:25+00:00\",\"dateModified\":\"2024-03-21T11:03:28+00:00\",\"mainEntityOfPage\":{\"@id\":\"https:\/\/www.gaveanews.com\/index.php\/2024\/03\/21\/dorival-jr-quer-convocar-atacante-do-flamengo\/\"},\"wordCount\":652,\"commentCount\":0,\"image\":{\"@id\":\"https:\/\/www.gaveanews.com\/index.php\/2024\/03\/21\/dorival-jr-quer-convocar-atacante-do-flamengo\/#primaryimage\"},\"thumbnailUrl\":\"https:\/\/www.gaveanews.com\/wp-content\/uploads\/dorival-junior-selecao-e1704998153515.webp\",\"articleSection\":[\"Flamengo\"],\"inLanguage\":\"pt-BR\",\"potentialAction\":[{\"@type\":\"CommentAction\",\"name\":\"Comment\",\"target\":[\"https:\/\/www.gaveanews.com\/index.php\/2024\/03\/21\/dorival-jr-quer-convocar-atacante-do-flamengo\/#respond\"]}],\"copyrightYear\":\"2024\",\"copyrightHolder\":{\"@id\":\"https:\/\/www.gaveanews.com\/#organization\"}},{\"@type\":\"WebPage\",\"@id\":\"https:\/\/www.gaveanews.com\/index.php\/2024\/03\/21\/dorival-jr-quer-convocar-atacante-do-flamengo\/\",\"url\":\"https:\/\/www.gaveanews.com\/index.php\/2024\/03\/21\/dorival-jr-quer-convocar-atacante-do-flamengo\/\",\"name\":\"Dorival Jr quer convocar atacante do Flamengo\",\"isPartOf\":{\"@id\":\"https:\/\/www.gaveanews.com\/#website\"},\"primaryImageOfPage\":{\"@id\":\"https:\/\/www.gaveanews.com\/index.php\/2024\/03\/21\/dorival-jr-quer-convocar-atacante-do-flamengo\/#primaryimage\"},\"image\":{\"@id\":\"https:\/\/www.gaveanews.com\/index.php\/2024\/03\/21\/dorival-jr-quer-convocar-atacante-do-flamengo\/#primaryimage\"},\"thumbnailUrl\":\"https:\/\/www.gaveanews.com\/wp-content\/uploads\/dorival-junior-selecao-e1704998153515.webp\",\"datePublished\":\"2024-03-21T11:03:25+00:00\",\"dateModified\":\"2024-03-21T11:03:28+00:00\",\"author\":{\"@id\":\"https:\/\/www.gaveanews.com\/#\/schema\/person\/2ec14f73fb96be2caf28f91afb14749d\"},\"breadcrumb\":{\"@id\":\"https:\/\/www.gaveanews.com\/index.php\/2024\/03\/21\/dorival-jr-quer-convocar-atacante-do-flamengo\/#breadcrumb\"},\"inLanguage\":\"pt-BR\",\"potentialAction\":[{\"@type\":\"ReadAction\",\"target\":[\"https:\/\/www.gaveanews.com\/index.php\/2024\/03\/21\/dorival-jr-quer-convocar-atacante-do-flamengo\/\"]}]},{\"@type\":\"ImageObject\",\"inLanguage\":\"pt-BR\",\"@id\":\"https:\/\/www.gaveanews.com\/index.php\/2024\/03\/21\/dorival-jr-quer-convocar-atacante-do-flamengo\/#primaryimage\",\"url\":\"https:\/\/www.gaveanews.com\/wp-content\/uploads\/dorival-junior-selecao-e1704998153515.webp\",\"contentUrl\":\"https:\/\/www.gaveanews.com\/wp-content\/uploads\/dorival-junior-selecao-e1704998153515.webp\",\"width\":732,\"height\":412,\"caption\":\"Dorival J\u00fanior, t\u00e9cnico da Sele\u00e7\u00e3o Brasileira (Foto: Reprodu\u00e7\u00e3o)\"},{\"@type\":\"BreadcrumbList\",\"@id\":\"https:\/\/www.gaveanews.com\/index.php\/2024\/03\/21\/dorival-jr-quer-convocar-atacante-do-flamengo\/#breadcrumb\",\"itemListElement\":[{\"@type\":\"ListItem\",\"position\":1,\"name\":\"Home\",\"item\":\"https:\/\/www.gaveanews.com\/\"},{\"@type\":\"ListItem\",\"position\":2,\"name\":\"Dorival Jr quer convocar atacante do Flamengo\"}]},{\"@type\":\"WebSite\",\"@id\":\"https:\/\/www.gaveanews.com\/#website\",\"url\":\"https:\/\/www.gaveanews.com\/\",\"name\":\"G\u00e1vea News\",\"description\":\"Veja todas as not\u00edcias sobre o Flamengo: Contrata\u00e7\u00f5es, categorias de base, resultados das partidas, tabela de classifica\u00e7\u00e3o, pr\u00f3ximos jogos!\",\"potentialAction\":[{\"@type\":\"SearchAction\",\"target\":{\"@type\":\"EntryPoint\",\"urlTemplate\":\"https:\/\/www.gaveanews.com\/?s={search_term_string}\"},\"query-input\":{\"@type\":\"PropertyValueSpecification\",\"valueRequired\":true,\"valueName\":\"search_term_string\"}}],\"inLanguage\":\"pt-BR\"},{\"@type\":\"Person\",\"@id\":\"https:\/\/www.gaveanews.com\/#\/schema\/person\/2ec14f73fb96be2caf28f91afb14749d\",\"name\":\"Equipe G\u00e1vea News\",\"image\":{\"@type\":\"ImageObject\",\"inLanguage\":\"pt-BR\",\"@id\":\"https:\/\/www.gaveanews.com\/#\/schema\/person\/image\/\",\"url\":\"https:\/\/secure.gravatar.com\/avatar\/1e1956f1facbffd3f8fa53a326721950116b3b9dc9bd44939c01180fd4a745a9?s=96&d=mm&r=g\",\"contentUrl\":\"https:\/\/secure.gravatar.com\/avatar\/1e1956f1facbffd3f8fa53a326721950116b3b9dc9bd44939c01180fd4a745a9?s=96&d=mm&r=g\",\"caption\":\"Equipe G\u00e1vea News\"}}]}<\/script>\n<!-- \/ Yoast SEO Premium plugin. -->","yoast_head_json":{"title":"Dorival Jr quer convocar atacante do Flamengo","robots":{"index":"index","follow":"follow","max-snippet":"max-snippet:-1","max-image-preview":"max-image-preview:large","max-video-preview":"max-video-preview:-1"},"canonical":"https:\/\/www.gaveanews.com\/index.php\/2024\/03\/21\/dorival-jr-quer-convocar-atacante-do-flamengo\/","og_locale":"pt_BR","og_type":"article","og_title":"Dorival Jr quer convocar atacante do Flamengo","og_description":"No cen\u00e1rio atual do futebol brasileiro, a rela\u00e7\u00e3o entre jogadores, clubes e sele\u00e7\u00e3o nacional segue sendo um tema de grande interesse e discuss\u00e3o. Recentemente, a situa\u00e7\u00e3o do atacante Pedro, pe\u00e7a fundamental do Flamengo, chamou a aten\u00e7\u00e3o pela sua aus\u00eancia na primeira convoca\u00e7\u00e3o feita por Dorival Jr, agora no comando t\u00e9cnico da sele\u00e7\u00e3o brasileira. Apesar dessa [&hellip;]","og_url":"https:\/\/www.gaveanews.com\/index.php\/2024\/03\/21\/dorival-jr-quer-convocar-atacante-do-flamengo\/","og_site_name":"G\u00e1vea News","article_publisher":"https:\/\/facebook.com\/gaveaNews\/","article_published_time":"2024-03-21T11:03:25+00:00","article_modified_time":"2024-03-21T11:03:28+00:00","og_image":[{"width":732,"height":412,"url":"https:\/\/www.gaveanews.com\/wp-content\/uploads\/dorival-junior-selecao-e1704998153515.webp","type":"image\/webp"}],"author":"Equipe G\u00e1vea News","twitter_card":"summary_large_image","twitter_misc":{"Escrito por":"Equipe G\u00e1vea News","Est. tempo de leitura":"4 minutos"},"schema":{"@context":"https:\/\/schema.org","@graph":[{"@type":"NewsArticle","@id":"https:\/\/www.gaveanews.com\/index.php\/2024\/03\/21\/dorival-jr-quer-convocar-atacante-do-flamengo\/#article","isPartOf":{"@id":"https:\/\/www.gaveanews.com\/index.php\/2024\/03\/21\/dorival-jr-quer-convocar-atacante-do-flamengo\/"},"author":{"name":"Equipe G\u00e1vea News","@id":"https:\/\/www.gaveanews.com\/#\/schema\/person\/2ec14f73fb96be2caf28f91afb14749d"},"headline":"Dorival Jr quer convocar atacante do Flamengo","datePublished":"2024-03-21T11:03:25+00:00","dateModified":"2024-03-21T11:03:28+00:00","mainEntityOfPage":{"@id":"https:\/\/www.gaveanews.com\/index.php\/2024\/03\/21\/dorival-jr-quer-convocar-atacante-do-flamengo\/"},"wordCount":652,"commentCount":0,"image":{"@id":"https:\/\/www.gaveanews.com\/index.php\/2024\/03\/21\/dorival-jr-quer-convocar-atacante-do-flamengo\/#primaryimage"},"thumbnailUrl":"https:\/\/www.gaveanews.com\/wp-content\/uploads\/dorival-junior-selecao-e1704998153515.webp","articleSection":["Flamengo"],"inLanguage":"pt-BR","potentialAction":[{"@type":"CommentAction","name":"Comment","target":["https:\/\/www.gaveanews.com\/index.php\/2024\/03\/21\/dorival-jr-quer-convocar-atacante-do-flamengo\/#respond"]}],"copyrightYear":"2024","copyrightHolder":{"@id":"https:\/\/www.gaveanews.com\/#organization"}},{"@type":"WebPage","@id":"https:\/\/www.gaveanews.com\/index.php\/2024\/03\/21\/dorival-jr-quer-convocar-atacante-do-flamengo\/","url":"https:\/\/www.gaveanews.com\/index.php\/2024\/03\/21\/dorival-jr-quer-convocar-atacante-do-flamengo\/","name":"Dorival Jr quer convocar atacante do Flamengo","isPartOf":{"@id":"https:\/\/www.gaveanews.com\/#website"},"primaryImageOfPage":{"@id":"https:\/\/www.gaveanews.com\/index.php\/2024\/03\/21\/dorival-jr-quer-convocar-atacante-do-flamengo\/#primaryimage"},"image":{"@id":"https:\/\/www.gaveanews.com\/index.php\/2024\/03\/21\/dorival-jr-quer-convocar-atacante-do-flamengo\/#primaryimage"},"thumbnailUrl":"https:\/\/www.gaveanews.com\/wp-content\/uploads\/dorival-junior-selecao-e1704998153515.webp","datePublished":"2024-03-21T11:03:25+00:00","dateModified":"2024-03-21T11:03:28+00:00","author":{"@id":"https:\/\/www.gaveanews.com\/#\/schema\/person\/2ec14f73fb96be2caf28f91afb14749d"},"breadcrumb":{"@id":"https:\/\/www.gaveanews.com\/index.php\/2024\/03\/21\/dorival-jr-quer-convocar-atacante-do-flamengo\/#breadcrumb"},"inLanguage":"pt-BR","potentialAction":[{"@type":"ReadAction","target":["https:\/\/www.gaveanews.com\/index.php\/2024\/03\/21\/dorival-jr-quer-convocar-atacante-do-flamengo\/"]}]},{"@type":"ImageObject","inLanguage":"pt-BR","@id":"https:\/\/www.gaveanews.com\/index.php\/2024\/03\/21\/dorival-jr-quer-convocar-atacante-do-flamengo\/#primaryimage","url":"https:\/\/www.gaveanews.com\/wp-content\/uploads\/dorival-junior-selecao-e1704998153515.webp","contentUrl":"https:\/\/www.gaveanews.com\/wp-content\/uploads\/dorival-junior-selecao-e1704998153515.webp","width":732,"height":412,"caption":"Dorival J\u00fanior, t\u00e9cnico da Sele\u00e7\u00e3o Brasileira (Foto: Reprodu\u00e7\u00e3o)"},{"@type":"BreadcrumbList","@id":"https:\/\/www.gaveanews.com\/index.php\/2024\/03\/21\/dorival-jr-quer-convocar-atacante-do-flamengo\/#breadcrumb","itemListElement":[{"@type":"ListItem","position":1,"name":"Home","item":"https:\/\/www.gaveanews.com\/"},{"@type":"ListItem","position":2,"name":"Dorival Jr quer convocar atacante do Flamengo"}]},{"@type":"WebSite","@id":"https:\/\/www.gaveanews.com\/#website","url":"https:\/\/www.gaveanews.com\/","name":"G\u00e1vea News","description":"Veja todas as not\u00edcias sobre o Flamengo: Contrata\u00e7\u00f5es, categorias de base, resultados das partidas, tabela de classifica\u00e7\u00e3o, pr\u00f3ximos jogos!","potentialAction":[{"@type":"SearchAction","target":{"@type":"EntryPoint","urlTemplate":"https:\/\/www.gaveanews.com\/?s={search_term_string}"},"query-input":{"@type":"PropertyValueSpecification","valueRequired":true,"valueName":"search_term_string"}}],"inLanguage":"pt-BR"},{"@type":"Person","@id":"https:\/\/www.gaveanews.com\/#\/schema\/person\/2ec14f73fb96be2caf28f91afb14749d","name":"Equipe G\u00e1vea News","image":{"@type":"ImageObject","inLanguage":"pt-BR","@id":"https:\/\/www.gaveanews.com\/#\/schema\/person\/image\/","url":"https:\/\/secure.gravatar.com\/avatar\/1e1956f1facbffd3f8fa53a326721950116b3b9dc9bd44939c01180fd4a745a9?s=96&d=mm&r=g","contentUrl":"https:\/\/secure.gravatar.com\/avatar\/1e1956f1facbffd3f8fa53a326721950116b3b9dc9bd44939c01180fd4a745a9?s=96&d=mm&r=g","caption":"Equipe G\u00e1vea News"}}]}},"_links":{"self":[{"href":"https:\/\/www.gaveanews.com\/index.php\/wp-json\/wp\/v2\/posts\/132167","targetHints":{"allow":["GET"]}}],"collection":[{"href":"https:\/\/www.gaveanews.com\/index.php\/wp-json\/wp\/v2\/posts"}],"about":[{"href":"https:\/\/www.gaveanews.com\/index.php\/wp-json\/wp\/v2\/types\/post"}],"author":[{"embeddable":true,"href":"https:\/\/www.gaveanews.com\/index.php\/wp-json\/wp\/v2\/users\/1"}],"replies":[{"embeddable":true,"href":"https:\/\/www.gaveanews.com\/index.php\/wp-json\/wp\/v2\/comments?post=132167"}],"version-history":[{"count":1,"href":"https:\/\/www.gaveanews.com\/index.php\/wp-json\/wp\/v2\/posts\/132167\/revisions"}],"predecessor-version":[{"id":132169,"href":"https:\/\/www.gaveanews.com\/index.php\/wp-json\/wp\/v2\/posts\/132167\/revisions\/132169"}],"wp:featuredmedia":[{"embeddable":true,"href":"https:\/\/www.gaveanews.com\/index.php\/wp-json\/wp\/v2\/media\/126556"}],"wp:attachment":[{"href":"https:\/\/www.gaveanews.com\/index.php\/wp-json\/wp\/v2\/media?parent=132167"}],"wp:term":[{"taxonomy":"category","embeddable":true,"href":"https:\/\/www.gaveanews.com\/index.php\/wp-json\/wp\/v2\/categories?post=132167"},{"taxonomy":"post_tag","embeddable":true,"href":"https:\/\/www.gaveanews.com\/index.php\/wp-json\/wp\/v2\/tags?post=132167"}],"curies":[{"name":"wp","href":"https:\/\/api.w.org\/{rel}","templated":true}]}}