{"id":132185,"date":"2024-03-21T18:09:26","date_gmt":"2024-03-21T21:09:26","guid":{"rendered":"https:\/\/www.gaveanews.com\/?p=132185"},"modified":"2024-04-06T23:25:28","modified_gmt":"2024-04-07T02:25:28","slug":"tite-faz-promessa-para-a-torcida-do-flamengo","status":"publish","type":"post","link":"https:\/\/www.gaveanews.com\/index.php\/2024\/03\/21\/tite-faz-promessa-para-a-torcida-do-flamengo\/","title":{"rendered":"Tite faz promessa para a torcida do Flamengo\u00a0"},"content":{"rendered":"\n<p>Com o sorteio da fase de grupos realizado nessa semana, o Flamengo conheceu seus advers\u00e1rios da primeira fase da Conmebol Libertadores. O clube vive bom momento no comando de Tite, com o t\u00e9cnico na beira do campo, o Mais Querido segue invicto at\u00e9 aqui. Juntando amistosos e Campeonato Carioca, o Rubro-negro soma 13 jogos na temporada, com 10 vit\u00f3rias e tr\u00eas empates. Al\u00e9m disso, o ataque soma 27 gols e a defesa foi vazada somente uma vez, no duelo contra o Orlando City na pr\u00e9-temporada.\u00a0<\/p>\n\n\n\n<p>Vale lembrar, que o t\u00e9cnico tem como o ponto forte em sua carreira, o \u00f3timo sistema defensivo. Foi assim que Tite conquistou a Libertadores de 2012, quando comandava o Corinthians na \u00e9poca, assim demonstrando a forte defesa que montou para competi\u00e7\u00e3o, no total, o clube sofreu apenas quatro gols em 14 jogos.&nbsp;<\/p>\n\n\n\n<p>Em entrevista gravada ao Content Day, da Conmebol Libertadores, Tite fala sobre o primeiro desafio na competi\u00e7\u00e3o, ele tamb\u00e9m destaca o equil\u00edbrio da equipe e promete um time mais ofensivo:&nbsp;<\/p>\n\n\n\n<p>\u2014 <em>Uma equipe que s\u00f3 se defende e prima por n\u00e3o tomar gol vai perder. Uma equipe que desequilibradamente busca s\u00f3 fazer gol e abre m\u00e3o de ser consistente e organizada vai perder. Ou tem muito mais chances de perder. Quando ela consegue estabelecer um ponto de equil\u00edbrio nessas duas situa\u00e7\u00f5es, a\u00ed sim vejo uma grande equipe. (&#8230;) Ent\u00e3o eu n\u00e3o vou tolher a capacidade criativa de uma equipe que tem um DNA criativo. E mesmo do Corinthians, se voc\u00ea pegar, o saldo dela com jogadores agressivos e criativos&#8230; Ent\u00e3o \u00e9 equil\u00edbrio. \u00c9 desafiador eu estar equilibrado no meu dia a dia (risos)<\/em> \u2014\u00a0 disse o t\u00e9cnico em entrevista gravada.\u00a0<\/p>\n\n\n\n<figure class=\"wp-block-image size-full\"><img loading=\"lazy\" decoding=\"async\" width=\"900\" height=\"598\" src=\"https:\/\/www.gaveanews.com\/wp-content\/uploads\/tite-flamengo-treino-1.webp\" alt=\"\" class=\"wp-image-108575\" srcset=\"https:\/\/www.gaveanews.com\/wp-content\/uploads\/tite-flamengo-treino-1.webp 900w, https:\/\/www.gaveanews.com\/wp-content\/uploads\/tite-flamengo-treino-1-300x199.webp 300w, https:\/\/www.gaveanews.com\/wp-content\/uploads\/tite-flamengo-treino-1-768x510.webp 768w, https:\/\/www.gaveanews.com\/wp-content\/uploads\/tite-flamengo-treino-1-632x420.webp 632w, https:\/\/www.gaveanews.com\/wp-content\/uploads\/tite-flamengo-treino-1-640x425.webp 640w, https:\/\/www.gaveanews.com\/wp-content\/uploads\/tite-flamengo-treino-1-681x452.webp 681w, https:\/\/www.gaveanews.com\/wp-content\/uploads\/tite-flamengo-treino-1-100x66.webp 100w\" sizes=\"auto, (max-width: 900px) 100vw, 900px\" \/><figcaption class=\"wp-element-caption\">Tite comanda treino do Flamengo (Foto: Marcelo Cortes\/Flamengo)<\/figcaption><\/figure>\n\n\n\n<p>Desde que assumiu o comando t\u00e9cnico do Rubro-Negro no ano passado, os n\u00fameros falam por si s\u00f3. Em um total de 25 jogos, Tite conduziu o time a 17 vit\u00f3rias, al\u00e9m de conquistar quatro empates e registrar quatro derrotas. Essa consist\u00eancia nos resultados \u00e9 um reflexo direto da efici\u00eancia defensiva implementada por ele.&nbsp;<\/p>\n\n\n\n<p>Ao analisarmos os dados, \u00e9 impressionante notar que o Flamengo sob a tutela de Tite sofreu apenas 12 gols em 25 partidas. Enquanto isso, o ataque Rubro-Negro n\u00e3o ficou para tr\u00e1s, marcando um total de 45 gols nesse mesmo per\u00edodo. Esse equil\u00edbrio entre defesa e ataque resultou em um saldo impressionante de 33 gols a favor do clube.&nbsp;<\/p>\n\n\n\n<p>O calend\u00e1rio do Flamengo est\u00e1 repleto de desafios emocionantes nas pr\u00f3ximas semanas, com destaque para duas partidas cruciais em competi\u00e7\u00f5es de alto n\u00edvel. O clube carioca se prepara para uma intensa sequ\u00eancia de confrontos, que testar\u00e3o sua habilidade e determina\u00e7\u00e3o.&nbsp;<\/p>\n\n\n\n<p>No entanto, antes de focar totalmente na Libertadores, o Flamengo tem outro compromisso de extrema import\u00e2ncia em sua agenda. No pr\u00f3ximo dia 30, o time entra em campo para o primeiro jogo da final do Campeonato Carioca contra o Nova Igua\u00e7u. O Maracan\u00e3 ser\u00e1 o palco onde o clube poder\u00e1 se reencontrar com os t\u00edtulos. Essa dupla miss\u00e3o exigir\u00e1 concentra\u00e7\u00e3o total e um desempenho excepcional por parte de jogadores e comiss\u00e3o t\u00e9cnica. <\/p>\n","protected":false},"excerpt":{"rendered":"<p>Com o sorteio da fase de grupos realizado nessa semana, o Flamengo conheceu seus advers\u00e1rios da primeira fase da Conmebol Libertadores. O clube vive bom momento no comando de Tite, com o t\u00e9cnico na beira do campo, o Mais Querido segue invicto at\u00e9 aqui. Juntando amistosos e Campeonato Carioca, o Rubro-negro soma 13 jogos na [&hellip;]<\/p>\n","protected":false},"author":10,"featured_media":108382,"comment_status":"open","ping_status":"closed","sticky":false,"template":"","format":"standard","meta":{"footnotes":""},"categories":[1],"tags":[171],"class_list":["post-132185","post","type-post","status-publish","format-standard","has-post-thumbnail","hentry","category-flamengo","tag-adenor-leonardo-bachi-tite"],"yoast_head":"<!-- This site is optimized with the Yoast SEO Premium plugin v24.2 (Yoast SEO v26.9) - https:\/\/yoast.com\/product\/yoast-seo-premium-wordpress\/ -->\n<title>Tite faz promessa para a torcida do Flamengo\u00a0<\/title>\n<meta name=\"robots\" content=\"index, follow, max-snippet:-1, max-image-preview:large, max-video-preview:-1\" \/>\n<link rel=\"canonical\" href=\"https:\/\/www.gaveanews.com\/index.php\/2024\/03\/21\/tite-faz-promessa-para-a-torcida-do-flamengo\/\" \/>\n<meta property=\"og:locale\" content=\"pt_BR\" \/>\n<meta property=\"og:type\" content=\"article\" \/>\n<meta property=\"og:title\" content=\"Tite faz promessa para a torcida do Flamengo\u00a0\" \/>\n<meta property=\"og:description\" content=\"Com o sorteio da fase de grupos realizado nessa semana, o Flamengo conheceu seus advers\u00e1rios da primeira fase da Conmebol Libertadores. O clube vive bom momento no comando de Tite, com o t\u00e9cnico na beira do campo, o Mais Querido segue invicto at\u00e9 aqui. Juntando amistosos e Campeonato Carioca, o Rubro-negro soma 13 jogos na [&hellip;]\" \/>\n<meta property=\"og:url\" content=\"https:\/\/www.gaveanews.com\/index.php\/2024\/03\/21\/tite-faz-promessa-para-a-torcida-do-flamengo\/\" \/>\n<meta property=\"og:site_name\" content=\"G\u00e1vea News\" \/>\n<meta property=\"article:publisher\" content=\"https:\/\/facebook.com\/gaveaNews\/\" \/>\n<meta property=\"article:published_time\" content=\"2024-03-21T21:09:26+00:00\" \/>\n<meta property=\"article:modified_time\" content=\"2024-04-07T02:25:28+00:00\" \/>\n<meta property=\"og:image\" content=\"https:\/\/www.gaveanews.com\/wp-content\/uploads\/tite-flamengo-coletiva.webp\" \/>\n\t<meta property=\"og:image:width\" content=\"900\" \/>\n\t<meta property=\"og:image:height\" content=\"599\" \/>\n\t<meta property=\"og:image:type\" content=\"image\/jpeg\" \/>\n<meta name=\"author\" content=\"Kayo Silva\" \/>\n<meta name=\"twitter:card\" content=\"summary_large_image\" \/>\n<meta name=\"twitter:label1\" content=\"Escrito por\" \/>\n\t<meta name=\"twitter:data1\" content=\"Kayo Silva\" \/>\n\t<meta name=\"twitter:label2\" content=\"Est. tempo de leitura\" \/>\n\t<meta name=\"twitter:data2\" content=\"4 minutos\" \/>\n<script type=\"application\/ld+json\" class=\"yoast-schema-graph\">{\"@context\":\"https:\/\/schema.org\",\"@graph\":[{\"@type\":\"NewsArticle\",\"@id\":\"https:\/\/www.gaveanews.com\/index.php\/2024\/03\/21\/tite-faz-promessa-para-a-torcida-do-flamengo\/#article\",\"isPartOf\":{\"@id\":\"https:\/\/www.gaveanews.com\/index.php\/2024\/03\/21\/tite-faz-promessa-para-a-torcida-do-flamengo\/\"},\"author\":{\"name\":\"Kayo Silva\",\"@id\":\"https:\/\/www.gaveanews.com\/#\/schema\/person\/51b3ba6a493cf9e7af9ce2c6d0d4ff1c\"},\"headline\":\"Tite faz promessa para a torcida do Flamengo\u00a0\",\"datePublished\":\"2024-03-21T21:09:26+00:00\",\"dateModified\":\"2024-04-07T02:25:28+00:00\",\"mainEntityOfPage\":{\"@id\":\"https:\/\/www.gaveanews.com\/index.php\/2024\/03\/21\/tite-faz-promessa-para-a-torcida-do-flamengo\/\"},\"wordCount\":548,\"commentCount\":0,\"image\":{\"@id\":\"https:\/\/www.gaveanews.com\/index.php\/2024\/03\/21\/tite-faz-promessa-para-a-torcida-do-flamengo\/#primaryimage\"},\"thumbnailUrl\":\"https:\/\/www.gaveanews.com\/wp-content\/uploads\/tite-flamengo-coletiva.webp\",\"keywords\":[\"Adenor Leonardo Bachi\"],\"articleSection\":[\"Flamengo\"],\"inLanguage\":\"pt-BR\",\"potentialAction\":[{\"@type\":\"CommentAction\",\"name\":\"Comment\",\"target\":[\"https:\/\/www.gaveanews.com\/index.php\/2024\/03\/21\/tite-faz-promessa-para-a-torcida-do-flamengo\/#respond\"]}],\"copyrightYear\":\"2024\",\"copyrightHolder\":{\"@id\":\"https:\/\/www.gaveanews.com\/#organization\"}},{\"@type\":\"WebPage\",\"@id\":\"https:\/\/www.gaveanews.com\/index.php\/2024\/03\/21\/tite-faz-promessa-para-a-torcida-do-flamengo\/\",\"url\":\"https:\/\/www.gaveanews.com\/index.php\/2024\/03\/21\/tite-faz-promessa-para-a-torcida-do-flamengo\/\",\"name\":\"Tite faz promessa para a torcida do Flamengo\u00a0\",\"isPartOf\":{\"@id\":\"https:\/\/www.gaveanews.com\/#website\"},\"primaryImageOfPage\":{\"@id\":\"https:\/\/www.gaveanews.com\/index.php\/2024\/03\/21\/tite-faz-promessa-para-a-torcida-do-flamengo\/#primaryimage\"},\"image\":{\"@id\":\"https:\/\/www.gaveanews.com\/index.php\/2024\/03\/21\/tite-faz-promessa-para-a-torcida-do-flamengo\/#primaryimage\"},\"thumbnailUrl\":\"https:\/\/www.gaveanews.com\/wp-content\/uploads\/tite-flamengo-coletiva.webp\",\"datePublished\":\"2024-03-21T21:09:26+00:00\",\"dateModified\":\"2024-04-07T02:25:28+00:00\",\"author\":{\"@id\":\"https:\/\/www.gaveanews.com\/#\/schema\/person\/51b3ba6a493cf9e7af9ce2c6d0d4ff1c\"},\"breadcrumb\":{\"@id\":\"https:\/\/www.gaveanews.com\/index.php\/2024\/03\/21\/tite-faz-promessa-para-a-torcida-do-flamengo\/#breadcrumb\"},\"inLanguage\":\"pt-BR\",\"potentialAction\":[{\"@type\":\"ReadAction\",\"target\":[\"https:\/\/www.gaveanews.com\/index.php\/2024\/03\/21\/tite-faz-promessa-para-a-torcida-do-flamengo\/\"]}]},{\"@type\":\"ImageObject\",\"inLanguage\":\"pt-BR\",\"@id\":\"https:\/\/www.gaveanews.com\/index.php\/2024\/03\/21\/tite-faz-promessa-para-a-torcida-do-flamengo\/#primaryimage\",\"url\":\"https:\/\/www.gaveanews.com\/wp-content\/uploads\/tite-flamengo-coletiva.webp\",\"contentUrl\":\"https:\/\/www.gaveanews.com\/wp-content\/uploads\/tite-flamengo-coletiva.webp\",\"width\":900,\"height\":599,\"caption\":\"Tite em entrevista coletiva do Flamengo (Foto: Marcelo Cortes\/Flamengo)\"},{\"@type\":\"BreadcrumbList\",\"@id\":\"https:\/\/www.gaveanews.com\/index.php\/2024\/03\/21\/tite-faz-promessa-para-a-torcida-do-flamengo\/#breadcrumb\",\"itemListElement\":[{\"@type\":\"ListItem\",\"position\":1,\"name\":\"Home\",\"item\":\"https:\/\/www.gaveanews.com\/\"},{\"@type\":\"ListItem\",\"position\":2,\"name\":\"Tite faz promessa para a torcida do Flamengo\u00a0\"}]},{\"@type\":\"WebSite\",\"@id\":\"https:\/\/www.gaveanews.com\/#website\",\"url\":\"https:\/\/www.gaveanews.com\/\",\"name\":\"G\u00e1vea News\",\"description\":\"Veja todas as not\u00edcias sobre o Flamengo: Contrata\u00e7\u00f5es, categorias de base, resultados das partidas, tabela de classifica\u00e7\u00e3o, pr\u00f3ximos jogos!\",\"potentialAction\":[{\"@type\":\"SearchAction\",\"target\":{\"@type\":\"EntryPoint\",\"urlTemplate\":\"https:\/\/www.gaveanews.com\/?s={search_term_string}\"},\"query-input\":{\"@type\":\"PropertyValueSpecification\",\"valueRequired\":true,\"valueName\":\"search_term_string\"}}],\"inLanguage\":\"pt-BR\"},{\"@type\":\"Person\",\"@id\":\"https:\/\/www.gaveanews.com\/#\/schema\/person\/51b3ba6a493cf9e7af9ce2c6d0d4ff1c\",\"name\":\"Kayo Silva\",\"image\":{\"@type\":\"ImageObject\",\"inLanguage\":\"pt-BR\",\"@id\":\"https:\/\/www.gaveanews.com\/#\/schema\/person\/image\/\",\"url\":\"https:\/\/secure.gravatar.com\/avatar\/af6d65cafc646a65c39c5fcb2a1ef51b863a81461770cfff553ec2fdd931c68c?s=96&d=mm&r=g\",\"contentUrl\":\"https:\/\/secure.gravatar.com\/avatar\/af6d65cafc646a65c39c5fcb2a1ef51b863a81461770cfff553ec2fdd931c68c?s=96&d=mm&r=g\",\"caption\":\"Kayo Silva\"}}]}<\/script>\n<!-- \/ Yoast SEO Premium plugin. -->","yoast_head_json":{"title":"Tite faz promessa para a torcida do Flamengo\u00a0","robots":{"index":"index","follow":"follow","max-snippet":"max-snippet:-1","max-image-preview":"max-image-preview:large","max-video-preview":"max-video-preview:-1"},"canonical":"https:\/\/www.gaveanews.com\/index.php\/2024\/03\/21\/tite-faz-promessa-para-a-torcida-do-flamengo\/","og_locale":"pt_BR","og_type":"article","og_title":"Tite faz promessa para a torcida do Flamengo\u00a0","og_description":"Com o sorteio da fase de grupos realizado nessa semana, o Flamengo conheceu seus advers\u00e1rios da primeira fase da Conmebol Libertadores. O clube vive bom momento no comando de Tite, com o t\u00e9cnico na beira do campo, o Mais Querido segue invicto at\u00e9 aqui. Juntando amistosos e Campeonato Carioca, o Rubro-negro soma 13 jogos na [&hellip;]","og_url":"https:\/\/www.gaveanews.com\/index.php\/2024\/03\/21\/tite-faz-promessa-para-a-torcida-do-flamengo\/","og_site_name":"G\u00e1vea News","article_publisher":"https:\/\/facebook.com\/gaveaNews\/","article_published_time":"2024-03-21T21:09:26+00:00","article_modified_time":"2024-04-07T02:25:28+00:00","og_image":[{"width":900,"height":599,"url":"https:\/\/www.gaveanews.com\/wp-content\/uploads\/tite-flamengo-coletiva.webp","type":"image\/jpeg"}],"author":"Kayo Silva","twitter_card":"summary_large_image","twitter_misc":{"Escrito por":"Kayo Silva","Est. tempo de leitura":"4 minutos"},"schema":{"@context":"https:\/\/schema.org","@graph":[{"@type":"NewsArticle","@id":"https:\/\/www.gaveanews.com\/index.php\/2024\/03\/21\/tite-faz-promessa-para-a-torcida-do-flamengo\/#article","isPartOf":{"@id":"https:\/\/www.gaveanews.com\/index.php\/2024\/03\/21\/tite-faz-promessa-para-a-torcida-do-flamengo\/"},"author":{"name":"Kayo Silva","@id":"https:\/\/www.gaveanews.com\/#\/schema\/person\/51b3ba6a493cf9e7af9ce2c6d0d4ff1c"},"headline":"Tite faz promessa para a torcida do Flamengo\u00a0","datePublished":"2024-03-21T21:09:26+00:00","dateModified":"2024-04-07T02:25:28+00:00","mainEntityOfPage":{"@id":"https:\/\/www.gaveanews.com\/index.php\/2024\/03\/21\/tite-faz-promessa-para-a-torcida-do-flamengo\/"},"wordCount":548,"commentCount":0,"image":{"@id":"https:\/\/www.gaveanews.com\/index.php\/2024\/03\/21\/tite-faz-promessa-para-a-torcida-do-flamengo\/#primaryimage"},"thumbnailUrl":"https:\/\/www.gaveanews.com\/wp-content\/uploads\/tite-flamengo-coletiva.webp","keywords":["Adenor Leonardo Bachi"],"articleSection":["Flamengo"],"inLanguage":"pt-BR","potentialAction":[{"@type":"CommentAction","name":"Comment","target":["https:\/\/www.gaveanews.com\/index.php\/2024\/03\/21\/tite-faz-promessa-para-a-torcida-do-flamengo\/#respond"]}],"copyrightYear":"2024","copyrightHolder":{"@id":"https:\/\/www.gaveanews.com\/#organization"}},{"@type":"WebPage","@id":"https:\/\/www.gaveanews.com\/index.php\/2024\/03\/21\/tite-faz-promessa-para-a-torcida-do-flamengo\/","url":"https:\/\/www.gaveanews.com\/index.php\/2024\/03\/21\/tite-faz-promessa-para-a-torcida-do-flamengo\/","name":"Tite faz promessa para a torcida do Flamengo\u00a0","isPartOf":{"@id":"https:\/\/www.gaveanews.com\/#website"},"primaryImageOfPage":{"@id":"https:\/\/www.gaveanews.com\/index.php\/2024\/03\/21\/tite-faz-promessa-para-a-torcida-do-flamengo\/#primaryimage"},"image":{"@id":"https:\/\/www.gaveanews.com\/index.php\/2024\/03\/21\/tite-faz-promessa-para-a-torcida-do-flamengo\/#primaryimage"},"thumbnailUrl":"https:\/\/www.gaveanews.com\/wp-content\/uploads\/tite-flamengo-coletiva.webp","datePublished":"2024-03-21T21:09:26+00:00","dateModified":"2024-04-07T02:25:28+00:00","author":{"@id":"https:\/\/www.gaveanews.com\/#\/schema\/person\/51b3ba6a493cf9e7af9ce2c6d0d4ff1c"},"breadcrumb":{"@id":"https:\/\/www.gaveanews.com\/index.php\/2024\/03\/21\/tite-faz-promessa-para-a-torcida-do-flamengo\/#breadcrumb"},"inLanguage":"pt-BR","potentialAction":[{"@type":"ReadAction","target":["https:\/\/www.gaveanews.com\/index.php\/2024\/03\/21\/tite-faz-promessa-para-a-torcida-do-flamengo\/"]}]},{"@type":"ImageObject","inLanguage":"pt-BR","@id":"https:\/\/www.gaveanews.com\/index.php\/2024\/03\/21\/tite-faz-promessa-para-a-torcida-do-flamengo\/#primaryimage","url":"https:\/\/www.gaveanews.com\/wp-content\/uploads\/tite-flamengo-coletiva.webp","contentUrl":"https:\/\/www.gaveanews.com\/wp-content\/uploads\/tite-flamengo-coletiva.webp","width":900,"height":599,"caption":"Tite em entrevista coletiva do Flamengo (Foto: Marcelo Cortes\/Flamengo)"},{"@type":"BreadcrumbList","@id":"https:\/\/www.gaveanews.com\/index.php\/2024\/03\/21\/tite-faz-promessa-para-a-torcida-do-flamengo\/#breadcrumb","itemListElement":[{"@type":"ListItem","position":1,"name":"Home","item":"https:\/\/www.gaveanews.com\/"},{"@type":"ListItem","position":2,"name":"Tite faz promessa para a torcida do Flamengo\u00a0"}]},{"@type":"WebSite","@id":"https:\/\/www.gaveanews.com\/#website","url":"https:\/\/www.gaveanews.com\/","name":"G\u00e1vea News","description":"Veja todas as not\u00edcias sobre o Flamengo: Contrata\u00e7\u00f5es, categorias de base, resultados das partidas, tabela de classifica\u00e7\u00e3o, pr\u00f3ximos jogos!","potentialAction":[{"@type":"SearchAction","target":{"@type":"EntryPoint","urlTemplate":"https:\/\/www.gaveanews.com\/?s={search_term_string}"},"query-input":{"@type":"PropertyValueSpecification","valueRequired":true,"valueName":"search_term_string"}}],"inLanguage":"pt-BR"},{"@type":"Person","@id":"https:\/\/www.gaveanews.com\/#\/schema\/person\/51b3ba6a493cf9e7af9ce2c6d0d4ff1c","name":"Kayo Silva","image":{"@type":"ImageObject","inLanguage":"pt-BR","@id":"https:\/\/www.gaveanews.com\/#\/schema\/person\/image\/","url":"https:\/\/secure.gravatar.com\/avatar\/af6d65cafc646a65c39c5fcb2a1ef51b863a81461770cfff553ec2fdd931c68c?s=96&d=mm&r=g","contentUrl":"https:\/\/secure.gravatar.com\/avatar\/af6d65cafc646a65c39c5fcb2a1ef51b863a81461770cfff553ec2fdd931c68c?s=96&d=mm&r=g","caption":"Kayo Silva"}}]}},"_links":{"self":[{"href":"https:\/\/www.gaveanews.com\/index.php\/wp-json\/wp\/v2\/posts\/132185","targetHints":{"allow":["GET"]}}],"collection":[{"href":"https:\/\/www.gaveanews.com\/index.php\/wp-json\/wp\/v2\/posts"}],"about":[{"href":"https:\/\/www.gaveanews.com\/index.php\/wp-json\/wp\/v2\/types\/post"}],"author":[{"embeddable":true,"href":"https:\/\/www.gaveanews.com\/index.php\/wp-json\/wp\/v2\/users\/10"}],"replies":[{"embeddable":true,"href":"https:\/\/www.gaveanews.com\/index.php\/wp-json\/wp\/v2\/comments?post=132185"}],"version-history":[{"count":3,"href":"https:\/\/www.gaveanews.com\/index.php\/wp-json\/wp\/v2\/posts\/132185\/revisions"}],"predecessor-version":[{"id":132250,"href":"https:\/\/www.gaveanews.com\/index.php\/wp-json\/wp\/v2\/posts\/132185\/revisions\/132250"}],"wp:featuredmedia":[{"embeddable":true,"href":"https:\/\/www.gaveanews.com\/index.php\/wp-json\/wp\/v2\/media\/108382"}],"wp:attachment":[{"href":"https:\/\/www.gaveanews.com\/index.php\/wp-json\/wp\/v2\/media?parent=132185"}],"wp:term":[{"taxonomy":"category","embeddable":true,"href":"https:\/\/www.gaveanews.com\/index.php\/wp-json\/wp\/v2\/categories?post=132185"},{"taxonomy":"post_tag","embeddable":true,"href":"https:\/\/www.gaveanews.com\/index.php\/wp-json\/wp\/v2\/tags?post=132185"}],"curies":[{"name":"wp","href":"https:\/\/api.w.org\/{rel}","templated":true}]}}