{"id":132210,"date":"2024-03-21T15:16:05","date_gmt":"2024-03-21T18:16:05","guid":{"rendered":"https:\/\/www.gaveanews.com\/?p=132210"},"modified":"2024-04-07T00:08:45","modified_gmt":"2024-04-07T03:08:45","slug":"maior-venda-da-historia-do-flamengo-declaracao-de-leila-pereira-sobre-gabigol-e-dorival-jr-quer-chamar-mais-um-flamenguista-veja-as-ultimas-noticias-do-flamengo","status":"publish","type":"post","link":"https:\/\/www.gaveanews.com\/index.php\/2024\/03\/21\/maior-venda-da-historia-do-flamengo-declaracao-de-leila-pereira-sobre-gabigol-e-dorival-jr-quer-chamar-mais-um-flamenguista-veja-as-ultimas-noticias-do-flamengo\/","title":{"rendered":"Maior venda da hist\u00f3ria do Flamengo, declara\u00e7\u00e3o de Leila Pereira sobre Gabigol e Dorival Jr quer chamar mais um flamenguista: veja as \u00faltimas not\u00edcias do Flamengo"},"content":{"rendered":"\n<p>Nas \u00faltimas horas, as manchetes sobre o Flamengo t\u00eam se concentrado nos bastidores do clube, com \u00eanfase na maior venda da hist\u00f3ria do time e no desejo de Dorival Jr. em atrair mais um flamenguista.<\/p>\n\n\n\n<p>Por conta deste contexto, leia abaixo um resumo preparado pela equipe do portal G\u00e1vea News para lhe manter muito bem informado!<\/p>\n\n\n\n<h2 class=\"wp-block-heading\" id=\"h-declaracao-de-leila-pereira-sobre-gabigol\">Declara\u00e7\u00e3o de Leila Pereira sobre Gabigol<\/h2>\n\n\n\n<figure class=\"wp-block-image size-large\"><img loading=\"lazy\" decoding=\"async\" width=\"1024\" height=\"640\" src=\"https:\/\/www.gaveanews.com\/wp-content\/uploads\/Leila-Pereira-durante-coletiva-do-Palmeiras-1024x640.webp\" alt=\"\" class=\"wp-image-108277\" srcset=\"https:\/\/www.gaveanews.com\/wp-content\/uploads\/Leila-Pereira-durante-coletiva-do-Palmeiras-1024x640.webp 1024w, https:\/\/www.gaveanews.com\/wp-content\/uploads\/Leila-Pereira-durante-coletiva-do-Palmeiras-300x188.webp 300w, https:\/\/www.gaveanews.com\/wp-content\/uploads\/Leila-Pereira-durante-coletiva-do-Palmeiras-768x480.webp 768w, https:\/\/www.gaveanews.com\/wp-content\/uploads\/Leila-Pereira-durante-coletiva-do-Palmeiras-672x420.webp 672w, https:\/\/www.gaveanews.com\/wp-content\/uploads\/Leila-Pereira-durante-coletiva-do-Palmeiras-640x400.webp 640w, https:\/\/www.gaveanews.com\/wp-content\/uploads\/Leila-Pereira-durante-coletiva-do-Palmeiras-681x426.webp 681w, https:\/\/www.gaveanews.com\/wp-content\/uploads\/Leila-Pereira-durante-coletiva-do-Palmeiras-100x63.webp 100w, https:\/\/www.gaveanews.com\/wp-content\/uploads\/Leila-Pereira-durante-coletiva-do-Palmeiras.webp 1200w\" sizes=\"auto, (max-width: 1024px) 100vw, 1024px\" \/><figcaption class=\"wp-element-caption\">Leila Pereira durante coletiva do Palmeiras (Foto: Reprodu\u00e7\u00e3o)<\/figcaption><\/figure>\n\n\n\n<p>O cen\u00e1rio do futebol brasileiro est\u00e1 em fervorosa discuss\u00e3o, com os olhares voltados para Gabigol, atacante do Flamengo, devido ao t\u00e9rmino de seu contrato em dezembro deste ano. Com a possibilidade de assinar um pr\u00e9-contrato com outro clube a partir de julho, a incerteza sobre a perman\u00eancia de Gabigol no Flamengo suscita debates entre torcedores e especialistas. A situa\u00e7\u00e3o coloca o futuro do jogador em uma encruzilhada, alimentando especula\u00e7\u00f5es sobre seus pr\u00f3ximos passos no futebol.<\/p>\n\n\n\n<p>A presidente do Palmeiras, Leila Pereira, expressou interesse em Gabigol, elevando as expectativas de uma poss\u00edvel negocia\u00e7\u00e3o. Sua declara\u00e7\u00e3o durante uma entrevista aponta para o desejo do Palmeiras de contar com o atacante, refletindo a competitividade e as estrat\u00e9gias no mercado de transfer\u00eancias do futebol brasileiro. A manifesta\u00e7\u00e3o de Pereira sobre Gabigol evidencia as movimenta\u00e7\u00f5es nos bastidores dos grandes clubes, buscando refor\u00e7ar seus elencos com jogadores de alto calibre.<\/p>\n\n\n\n<p>O desempenho de Gabigol no Flamengo, marcado por momentos de ser op\u00e7\u00e3o no banco sob o comando de t\u00e9cnicos como Jorge Sampaoli e Tite, adiciona camadas \u00e0s discuss\u00f5es sobre sua futura equipe. A rivalidade entre Flamengo e Palmeiras, acirrada por declara\u00e7\u00f5es provocativas do atacante, especialmente ap\u00f3s jogos decisivos, intensifica o interesse pelo desfecho dessa negocia\u00e7\u00e3o. Esse cen\u00e1rio demonstra a din\u00e2mica e a competitividade do mercado de transfer\u00eancias no futebol brasileiro, com o Palmeiras buscando fortalecer sua equipe com jogadores destacados de rivais, como evidenciado por negocia\u00e7\u00f5es passadas.<\/p>\n\n\n\n<h2 class=\"wp-block-heading\" id=\"h-maior-venda-da-historia-do-flamengo\">Maior venda da hist\u00f3ria do Flamengo<\/h2>\n\n\n\n<figure class=\"wp-block-image size-full\"><img loading=\"lazy\" decoding=\"async\" width=\"640\" height=\"400\" src=\"https:\/\/www.gaveanews.com\/wp-content\/uploads\/marcos-braz-flamengo-vice-presidente-clube-de-regatas.webp\" alt=\"\" class=\"wp-image-122237\" srcset=\"https:\/\/www.gaveanews.com\/wp-content\/uploads\/marcos-braz-flamengo-vice-presidente-clube-de-regatas.webp 640w, https:\/\/www.gaveanews.com\/wp-content\/uploads\/marcos-braz-flamengo-vice-presidente-clube-de-regatas-300x188.webp 300w, https:\/\/www.gaveanews.com\/wp-content\/uploads\/marcos-braz-flamengo-vice-presidente-clube-de-regatas-100x63.webp 100w\" sizes=\"auto, (max-width: 640px) 100vw, 640px\" \/><figcaption class=\"wp-element-caption\">Marcos Braz, vice presidente do futebol do Flamengo &#8211; Foto: Gilvan de Souza \/ Flamengo<\/figcaption><\/figure>\n\n\n\n<p>O Real Madrid demonstra interesse em Lorran, uma jovem promessa das categorias de base do Flamengo, evidenciando a continuidade de sua estrat\u00e9gia de recrutar talentos brasileiros. Segundo o jornalista Renato Mauricio Prado, o clube espanhol est\u00e1 considerando fazer uma oferta significativa pelo atacante, que poderia se tornar a transfer\u00eancia mais cara da hist\u00f3ria do futebol brasileiro. Os merengues est\u00e3o dispostos a pagar a multa rescis\u00f3ria de R$ 280 milh\u00f5es (aproximadamente 51,6 milh\u00f5es de euros), posicionando-se como favoritos para a aquisi\u00e7\u00e3o do jogador.<\/p>\n\n\n\n<p>Lorran, de apenas 17 anos, tem se destacado na equipe sub-20 do Flamengo, onde sua performance j\u00e1 o elevou a um papel de destaque. Formado nas categorias de base do clube, o jovem atacante foi fundamental na conquista da Libertadores da categoria, marcando um gol decisivo nos acr\u00e9scimos do primeiro tempo contra o Boca Juniors, garantindo a vit\u00f3ria e o trof\u00e9u para a equipe. Esse momento heroico contribuiu significativamente para seu reconhecimento e valoriza\u00e7\u00e3o no cen\u00e1rio futebol\u00edstico.<\/p>\n\n\n\n<p>A potencial transfer\u00eancia para o Real Madrid n\u00e3o apenas refor\u00e7a a reputa\u00e7\u00e3o do Flamengo em formar talentos reconhecidos internacionalmente, mas tamb\u00e9m sublinha a estrat\u00e9gia do clube espanhol em investir em jovens promessas brasileiras. A chegada de Lorran ao Real Madrid seguiria os passos de Vin\u00edcius J\u00fanior, outro produto das categorias de base do Flamengo que se tornou uma pe\u00e7a central no time espanhol. Enquanto Lorran se prepara para poss\u00edveis novos desafios na Europa, sua contribui\u00e7\u00e3o para o Flamengo, especialmente na conquista da Libertadores sub-20, permanece um marco not\u00e1vel em sua carreira em ascens\u00e3o.<\/p>\n\n\n\n<h2 class=\"wp-block-heading\" id=\"h-dorival-jr-quer-chamar-mais-um-flamenguista\">Dorival Jr quer chamar mais um flamenguista<\/h2>\n\n\n\n<figure class=\"wp-block-image size-full\"><img loading=\"lazy\" decoding=\"async\" width=\"732\" height=\"412\" src=\"https:\/\/www.gaveanews.com\/wp-content\/uploads\/dorival-junior-selecao-e1704998153515.webp\" alt=\"\" class=\"wp-image-126556\" srcset=\"https:\/\/www.gaveanews.com\/wp-content\/uploads\/dorival-junior-selecao-e1704998153515.webp 732w, https:\/\/www.gaveanews.com\/wp-content\/uploads\/dorival-junior-selecao-e1704998153515-300x169.webp 300w, https:\/\/www.gaveanews.com\/wp-content\/uploads\/dorival-junior-selecao-e1704998153515-640x360.webp 640w, https:\/\/www.gaveanews.com\/wp-content\/uploads\/dorival-junior-selecao-e1704998153515-681x383.webp 681w, https:\/\/www.gaveanews.com\/wp-content\/uploads\/dorival-junior-selecao-e1704998153515-100x56.webp 100w\" sizes=\"auto, (max-width: 732px) 100vw, 732px\" \/><figcaption class=\"wp-element-caption\">Dorival J\u00fanior, t\u00e9cnico da Sele\u00e7\u00e3o Brasileira (Foto: Reprodu\u00e7\u00e3o)<\/figcaption><\/figure>\n\n\n\n<p>No cen\u00e1rio atual do futebol brasileiro, a intera\u00e7\u00e3o entre jogadores, clubes e a sele\u00e7\u00e3o nacional permanece como um ponto de grande interesse e debate. A situa\u00e7\u00e3o do atacante Pedro, do Flamengo, destacou-se recentemente devido \u00e0 sua n\u00e3o convoca\u00e7\u00e3o por Dorival Jr, o novo t\u00e9cnico da sele\u00e7\u00e3o brasileira. Apesar de n\u00e3o estar na primeira lista de convocados, Pedro est\u00e1 no radar do t\u00e9cnico para futuras oportunidades, refletindo a cont\u00ednua avalia\u00e7\u00e3o de talentos para a equipe nacional.<\/p>\n\n\n\n<p>Dorival Jr escolheu uma estrat\u00e9gia que prioriza a integra\u00e7\u00e3o de jogadores que atuam no exterior e que t\u00eam menos experi\u00eancia na sele\u00e7\u00e3o, o que explicaria a aus\u00eancia de Pedro, apesar de seu not\u00e1vel desempenho no Flamengo em 2022 e sua participa\u00e7\u00e3o na \u00faltima Copa do Mundo. A decis\u00e3o de incluir Richarlison como o \u00fanico centroavante na convoca\u00e7\u00e3o inicial sugere uma abordagem de planejamento a longo prazo, com a inten\u00e7\u00e3o de explorar diferentes op\u00e7\u00f5es para o ataque da sele\u00e7\u00e3o. A convoca\u00e7\u00e3o incluiu outros jogadores do Flamengo, como Ayrton Lucas e Fabricio Bruno, indicando que Dorival mant\u00e9m um foco tamb\u00e9m no talento do futebol nacional.<\/p>\n\n\n\n<p>Pedro vive um momento excepcional no Flamengo em 2024, com nove gols em dez partidas, o que o coloca como l\u00edder de artilharia do clube e refor\u00e7a sua posi\u00e7\u00e3o como um forte candidato para futuras convoca\u00e7\u00f5es na sele\u00e7\u00e3o brasileira. Essa fase destaca sua import\u00e2ncia e valor para o clube, ao mesmo tempo em que mant\u00e9m a expectativa de sua inclus\u00e3o na equipe nacional sob a gest\u00e3o de Dorival Jr, refletindo a din\u00e2mica e os desafios na sele\u00e7\u00e3o de jogadores para representar o Brasil no cen\u00e1rio internacional.<\/p>\n","protected":false},"excerpt":{"rendered":"<p>Nas \u00faltimas horas, as manchetes sobre o Flamengo t\u00eam se concentrado nos bastidores do clube, com \u00eanfase na maior venda da hist\u00f3ria do time e no desejo de Dorival Jr. em atrair mais um flamenguista. Por conta deste contexto, leia abaixo um resumo preparado pela equipe do portal G\u00e1vea News para lhe manter muito bem [&hellip;]<\/p>\n","protected":false},"author":15,"featured_media":124684,"comment_status":"open","ping_status":"closed","sticky":false,"template":"","format":"standard","meta":{"footnotes":""},"categories":[1],"tags":[171,169],"class_list":["post-132210","post","type-post","status-publish","format-standard","has-post-thumbnail","hentry","category-flamengo","tag-adenor-leonardo-bachi-tite","tag-gabriel-barbosa-almeida-gabigol"],"yoast_head":"<!-- This site is optimized with the Yoast SEO Premium plugin v24.2 (Yoast SEO v26.9) - https:\/\/yoast.com\/product\/yoast-seo-premium-wordpress\/ -->\n<title>Maior venda da hist\u00f3ria do Flamengo, declara\u00e7\u00e3o de Leila Pereira sobre Gabigol e Dorival Jr quer chamar mais um flamenguista: veja as \u00faltimas not\u00edcias do Flamengo<\/title>\n<meta name=\"robots\" content=\"index, follow, max-snippet:-1, max-image-preview:large, max-video-preview:-1\" \/>\n<link rel=\"canonical\" href=\"https:\/\/www.gaveanews.com\/index.php\/2024\/03\/21\/maior-venda-da-historia-do-flamengo-declaracao-de-leila-pereira-sobre-gabigol-e-dorival-jr-quer-chamar-mais-um-flamenguista-veja-as-ultimas-noticias-do-flamengo\/\" \/>\n<meta property=\"og:locale\" content=\"pt_BR\" \/>\n<meta property=\"og:type\" content=\"article\" \/>\n<meta property=\"og:title\" content=\"Maior venda da hist\u00f3ria do Flamengo, declara\u00e7\u00e3o de Leila Pereira sobre Gabigol e Dorival Jr quer chamar mais um flamenguista: veja as \u00faltimas not\u00edcias do Flamengo\" \/>\n<meta property=\"og:description\" content=\"Nas \u00faltimas horas, as manchetes sobre o Flamengo t\u00eam se concentrado nos bastidores do clube, com \u00eanfase na maior venda da hist\u00f3ria do time e no desejo de Dorival Jr. em atrair mais um flamenguista. Por conta deste contexto, leia abaixo um resumo preparado pela equipe do portal G\u00e1vea News para lhe manter muito bem [&hellip;]\" \/>\n<meta property=\"og:url\" content=\"https:\/\/www.gaveanews.com\/index.php\/2024\/03\/21\/maior-venda-da-historia-do-flamengo-declaracao-de-leila-pereira-sobre-gabigol-e-dorival-jr-quer-chamar-mais-um-flamenguista-veja-as-ultimas-noticias-do-flamengo\/\" \/>\n<meta property=\"og:site_name\" content=\"G\u00e1vea News\" \/>\n<meta property=\"article:publisher\" content=\"https:\/\/facebook.com\/gaveaNews\/\" \/>\n<meta property=\"article:published_time\" content=\"2024-03-21T18:16:05+00:00\" \/>\n<meta property=\"article:modified_time\" content=\"2024-04-07T03:08:45+00:00\" \/>\n<meta property=\"og:image\" content=\"https:\/\/www.gaveanews.com\/wp-content\/uploads\/escudoDoFlamengo.webp\" \/>\n\t<meta property=\"og:image:width\" content=\"1095\" \/>\n\t<meta property=\"og:image:height\" content=\"730\" \/>\n\t<meta property=\"og:image:type\" content=\"image\/webp\" \/>\n<meta name=\"author\" content=\"Henrique Machado\" \/>\n<meta name=\"twitter:card\" content=\"summary_large_image\" \/>\n<meta name=\"twitter:label1\" content=\"Escrito por\" \/>\n\t<meta name=\"twitter:data1\" content=\"Henrique Machado\" \/>\n\t<meta name=\"twitter:label2\" content=\"Est. tempo de leitura\" \/>\n\t<meta name=\"twitter:data2\" content=\"6 minutos\" \/>\n<script type=\"application\/ld+json\" class=\"yoast-schema-graph\">{\"@context\":\"https:\/\/schema.org\",\"@graph\":[{\"@type\":\"NewsArticle\",\"@id\":\"https:\/\/www.gaveanews.com\/index.php\/2024\/03\/21\/maior-venda-da-historia-do-flamengo-declaracao-de-leila-pereira-sobre-gabigol-e-dorival-jr-quer-chamar-mais-um-flamenguista-veja-as-ultimas-noticias-do-flamengo\/#article\",\"isPartOf\":{\"@id\":\"https:\/\/www.gaveanews.com\/index.php\/2024\/03\/21\/maior-venda-da-historia-do-flamengo-declaracao-de-leila-pereira-sobre-gabigol-e-dorival-jr-quer-chamar-mais-um-flamenguista-veja-as-ultimas-noticias-do-flamengo\/\"},\"author\":{\"name\":\"Henrique Machado\",\"@id\":\"https:\/\/www.gaveanews.com\/#\/schema\/person\/fd07635ec039ec3ba74ad18ec8a6dbd6\"},\"headline\":\"Maior venda da hist\u00f3ria do Flamengo, declara\u00e7\u00e3o de Leila Pereira sobre Gabigol e Dorival Jr quer chamar mais um flamenguista: veja as \u00faltimas not\u00edcias do Flamengo\",\"datePublished\":\"2024-03-21T18:16:05+00:00\",\"dateModified\":\"2024-04-07T03:08:45+00:00\",\"mainEntityOfPage\":{\"@id\":\"https:\/\/www.gaveanews.com\/index.php\/2024\/03\/21\/maior-venda-da-historia-do-flamengo-declaracao-de-leila-pereira-sobre-gabigol-e-dorival-jr-quer-chamar-mais-um-flamenguista-veja-as-ultimas-noticias-do-flamengo\/\"},\"wordCount\":978,\"commentCount\":0,\"image\":{\"@id\":\"https:\/\/www.gaveanews.com\/index.php\/2024\/03\/21\/maior-venda-da-historia-do-flamengo-declaracao-de-leila-pereira-sobre-gabigol-e-dorival-jr-quer-chamar-mais-um-flamenguista-veja-as-ultimas-noticias-do-flamengo\/#primaryimage\"},\"thumbnailUrl\":\"https:\/\/www.gaveanews.com\/wp-content\/uploads\/escudoDoFlamengo.webp\",\"keywords\":[\"Adenor Leonardo Bachi\",\"Gabriel Barbosa Almeida\"],\"articleSection\":[\"Flamengo\"],\"inLanguage\":\"pt-BR\",\"potentialAction\":[{\"@type\":\"CommentAction\",\"name\":\"Comment\",\"target\":[\"https:\/\/www.gaveanews.com\/index.php\/2024\/03\/21\/maior-venda-da-historia-do-flamengo-declaracao-de-leila-pereira-sobre-gabigol-e-dorival-jr-quer-chamar-mais-um-flamenguista-veja-as-ultimas-noticias-do-flamengo\/#respond\"]}],\"copyrightYear\":\"2024\",\"copyrightHolder\":{\"@id\":\"https:\/\/www.gaveanews.com\/#organization\"}},{\"@type\":\"WebPage\",\"@id\":\"https:\/\/www.gaveanews.com\/index.php\/2024\/03\/21\/maior-venda-da-historia-do-flamengo-declaracao-de-leila-pereira-sobre-gabigol-e-dorival-jr-quer-chamar-mais-um-flamenguista-veja-as-ultimas-noticias-do-flamengo\/\",\"url\":\"https:\/\/www.gaveanews.com\/index.php\/2024\/03\/21\/maior-venda-da-historia-do-flamengo-declaracao-de-leila-pereira-sobre-gabigol-e-dorival-jr-quer-chamar-mais-um-flamenguista-veja-as-ultimas-noticias-do-flamengo\/\",\"name\":\"Maior venda da hist\u00f3ria do Flamengo, declara\u00e7\u00e3o de Leila Pereira sobre Gabigol e Dorival Jr quer chamar mais um flamenguista: veja as \u00faltimas not\u00edcias do Flamengo\",\"isPartOf\":{\"@id\":\"https:\/\/www.gaveanews.com\/#website\"},\"primaryImageOfPage\":{\"@id\":\"https:\/\/www.gaveanews.com\/index.php\/2024\/03\/21\/maior-venda-da-historia-do-flamengo-declaracao-de-leila-pereira-sobre-gabigol-e-dorival-jr-quer-chamar-mais-um-flamenguista-veja-as-ultimas-noticias-do-flamengo\/#primaryimage\"},\"image\":{\"@id\":\"https:\/\/www.gaveanews.com\/index.php\/2024\/03\/21\/maior-venda-da-historia-do-flamengo-declaracao-de-leila-pereira-sobre-gabigol-e-dorival-jr-quer-chamar-mais-um-flamenguista-veja-as-ultimas-noticias-do-flamengo\/#primaryimage\"},\"thumbnailUrl\":\"https:\/\/www.gaveanews.com\/wp-content\/uploads\/escudoDoFlamengo.webp\",\"datePublished\":\"2024-03-21T18:16:05+00:00\",\"dateModified\":\"2024-04-07T03:08:45+00:00\",\"author\":{\"@id\":\"https:\/\/www.gaveanews.com\/#\/schema\/person\/fd07635ec039ec3ba74ad18ec8a6dbd6\"},\"breadcrumb\":{\"@id\":\"https:\/\/www.gaveanews.com\/index.php\/2024\/03\/21\/maior-venda-da-historia-do-flamengo-declaracao-de-leila-pereira-sobre-gabigol-e-dorival-jr-quer-chamar-mais-um-flamenguista-veja-as-ultimas-noticias-do-flamengo\/#breadcrumb\"},\"inLanguage\":\"pt-BR\",\"potentialAction\":[{\"@type\":\"ReadAction\",\"target\":[\"https:\/\/www.gaveanews.com\/index.php\/2024\/03\/21\/maior-venda-da-historia-do-flamengo-declaracao-de-leila-pereira-sobre-gabigol-e-dorival-jr-quer-chamar-mais-um-flamenguista-veja-as-ultimas-noticias-do-flamengo\/\"]}]},{\"@type\":\"ImageObject\",\"inLanguage\":\"pt-BR\",\"@id\":\"https:\/\/www.gaveanews.com\/index.php\/2024\/03\/21\/maior-venda-da-historia-do-flamengo-declaracao-de-leila-pereira-sobre-gabigol-e-dorival-jr-quer-chamar-mais-um-flamenguista-veja-as-ultimas-noticias-do-flamengo\/#primaryimage\",\"url\":\"https:\/\/www.gaveanews.com\/wp-content\/uploads\/escudoDoFlamengo.webp\",\"contentUrl\":\"https:\/\/www.gaveanews.com\/wp-content\/uploads\/escudoDoFlamengo.webp\",\"width\":1095,\"height\":730,\"caption\":\"Centro de treinamento do Flamengo (Foto: Reprodu\u00e7\u00e3o)\"},{\"@type\":\"BreadcrumbList\",\"@id\":\"https:\/\/www.gaveanews.com\/index.php\/2024\/03\/21\/maior-venda-da-historia-do-flamengo-declaracao-de-leila-pereira-sobre-gabigol-e-dorival-jr-quer-chamar-mais-um-flamenguista-veja-as-ultimas-noticias-do-flamengo\/#breadcrumb\",\"itemListElement\":[{\"@type\":\"ListItem\",\"position\":1,\"name\":\"Home\",\"item\":\"https:\/\/www.gaveanews.com\/\"},{\"@type\":\"ListItem\",\"position\":2,\"name\":\"Maior venda da hist\u00f3ria do Flamengo, declara\u00e7\u00e3o de Leila Pereira sobre Gabigol e Dorival Jr quer chamar mais um flamenguista: veja as \u00faltimas not\u00edcias do Flamengo\"}]},{\"@type\":\"WebSite\",\"@id\":\"https:\/\/www.gaveanews.com\/#website\",\"url\":\"https:\/\/www.gaveanews.com\/\",\"name\":\"G\u00e1vea News\",\"description\":\"Veja todas as not\u00edcias sobre o Flamengo: Contrata\u00e7\u00f5es, categorias de base, resultados das partidas, tabela de classifica\u00e7\u00e3o, pr\u00f3ximos jogos!\",\"potentialAction\":[{\"@type\":\"SearchAction\",\"target\":{\"@type\":\"EntryPoint\",\"urlTemplate\":\"https:\/\/www.gaveanews.com\/?s={search_term_string}\"},\"query-input\":{\"@type\":\"PropertyValueSpecification\",\"valueRequired\":true,\"valueName\":\"search_term_string\"}}],\"inLanguage\":\"pt-BR\"},{\"@type\":\"Person\",\"@id\":\"https:\/\/www.gaveanews.com\/#\/schema\/person\/fd07635ec039ec3ba74ad18ec8a6dbd6\",\"name\":\"Henrique Machado\",\"image\":{\"@type\":\"ImageObject\",\"inLanguage\":\"pt-BR\",\"@id\":\"https:\/\/www.gaveanews.com\/#\/schema\/person\/image\/\",\"url\":\"https:\/\/secure.gravatar.com\/avatar\/b95e35997e01d9800c1b6184bd79d4d898d370a3fce2584f5c77b907d5c7d9e9?s=96&d=mm&r=g\",\"contentUrl\":\"https:\/\/secure.gravatar.com\/avatar\/b95e35997e01d9800c1b6184bd79d4d898d370a3fce2584f5c77b907d5c7d9e9?s=96&d=mm&r=g\",\"caption\":\"Henrique Machado\"}}]}<\/script>\n<!-- \/ Yoast SEO Premium plugin. -->","yoast_head_json":{"title":"Maior venda da hist\u00f3ria do Flamengo, declara\u00e7\u00e3o de Leila Pereira sobre Gabigol e Dorival Jr quer chamar mais um flamenguista: veja as \u00faltimas not\u00edcias do Flamengo","robots":{"index":"index","follow":"follow","max-snippet":"max-snippet:-1","max-image-preview":"max-image-preview:large","max-video-preview":"max-video-preview:-1"},"canonical":"https:\/\/www.gaveanews.com\/index.php\/2024\/03\/21\/maior-venda-da-historia-do-flamengo-declaracao-de-leila-pereira-sobre-gabigol-e-dorival-jr-quer-chamar-mais-um-flamenguista-veja-as-ultimas-noticias-do-flamengo\/","og_locale":"pt_BR","og_type":"article","og_title":"Maior venda da hist\u00f3ria do Flamengo, declara\u00e7\u00e3o de Leila Pereira sobre Gabigol e Dorival Jr quer chamar mais um flamenguista: veja as \u00faltimas not\u00edcias do Flamengo","og_description":"Nas \u00faltimas horas, as manchetes sobre o Flamengo t\u00eam se concentrado nos bastidores do clube, com \u00eanfase na maior venda da hist\u00f3ria do time e no desejo de Dorival Jr. em atrair mais um flamenguista. Por conta deste contexto, leia abaixo um resumo preparado pela equipe do portal G\u00e1vea News para lhe manter muito bem [&hellip;]","og_url":"https:\/\/www.gaveanews.com\/index.php\/2024\/03\/21\/maior-venda-da-historia-do-flamengo-declaracao-de-leila-pereira-sobre-gabigol-e-dorival-jr-quer-chamar-mais-um-flamenguista-veja-as-ultimas-noticias-do-flamengo\/","og_site_name":"G\u00e1vea News","article_publisher":"https:\/\/facebook.com\/gaveaNews\/","article_published_time":"2024-03-21T18:16:05+00:00","article_modified_time":"2024-04-07T03:08:45+00:00","og_image":[{"width":1095,"height":730,"url":"https:\/\/www.gaveanews.com\/wp-content\/uploads\/escudoDoFlamengo.webp","type":"image\/webp"}],"author":"Henrique Machado","twitter_card":"summary_large_image","twitter_misc":{"Escrito por":"Henrique Machado","Est. tempo de leitura":"6 minutos"},"schema":{"@context":"https:\/\/schema.org","@graph":[{"@type":"NewsArticle","@id":"https:\/\/www.gaveanews.com\/index.php\/2024\/03\/21\/maior-venda-da-historia-do-flamengo-declaracao-de-leila-pereira-sobre-gabigol-e-dorival-jr-quer-chamar-mais-um-flamenguista-veja-as-ultimas-noticias-do-flamengo\/#article","isPartOf":{"@id":"https:\/\/www.gaveanews.com\/index.php\/2024\/03\/21\/maior-venda-da-historia-do-flamengo-declaracao-de-leila-pereira-sobre-gabigol-e-dorival-jr-quer-chamar-mais-um-flamenguista-veja-as-ultimas-noticias-do-flamengo\/"},"author":{"name":"Henrique Machado","@id":"https:\/\/www.gaveanews.com\/#\/schema\/person\/fd07635ec039ec3ba74ad18ec8a6dbd6"},"headline":"Maior venda da hist\u00f3ria do Flamengo, declara\u00e7\u00e3o de Leila Pereira sobre Gabigol e Dorival Jr quer chamar mais um flamenguista: veja as \u00faltimas not\u00edcias do Flamengo","datePublished":"2024-03-21T18:16:05+00:00","dateModified":"2024-04-07T03:08:45+00:00","mainEntityOfPage":{"@id":"https:\/\/www.gaveanews.com\/index.php\/2024\/03\/21\/maior-venda-da-historia-do-flamengo-declaracao-de-leila-pereira-sobre-gabigol-e-dorival-jr-quer-chamar-mais-um-flamenguista-veja-as-ultimas-noticias-do-flamengo\/"},"wordCount":978,"commentCount":0,"image":{"@id":"https:\/\/www.gaveanews.com\/index.php\/2024\/03\/21\/maior-venda-da-historia-do-flamengo-declaracao-de-leila-pereira-sobre-gabigol-e-dorival-jr-quer-chamar-mais-um-flamenguista-veja-as-ultimas-noticias-do-flamengo\/#primaryimage"},"thumbnailUrl":"https:\/\/www.gaveanews.com\/wp-content\/uploads\/escudoDoFlamengo.webp","keywords":["Adenor Leonardo Bachi","Gabriel Barbosa Almeida"],"articleSection":["Flamengo"],"inLanguage":"pt-BR","potentialAction":[{"@type":"CommentAction","name":"Comment","target":["https:\/\/www.gaveanews.com\/index.php\/2024\/03\/21\/maior-venda-da-historia-do-flamengo-declaracao-de-leila-pereira-sobre-gabigol-e-dorival-jr-quer-chamar-mais-um-flamenguista-veja-as-ultimas-noticias-do-flamengo\/#respond"]}],"copyrightYear":"2024","copyrightHolder":{"@id":"https:\/\/www.gaveanews.com\/#organization"}},{"@type":"WebPage","@id":"https:\/\/www.gaveanews.com\/index.php\/2024\/03\/21\/maior-venda-da-historia-do-flamengo-declaracao-de-leila-pereira-sobre-gabigol-e-dorival-jr-quer-chamar-mais-um-flamenguista-veja-as-ultimas-noticias-do-flamengo\/","url":"https:\/\/www.gaveanews.com\/index.php\/2024\/03\/21\/maior-venda-da-historia-do-flamengo-declaracao-de-leila-pereira-sobre-gabigol-e-dorival-jr-quer-chamar-mais-um-flamenguista-veja-as-ultimas-noticias-do-flamengo\/","name":"Maior venda da hist\u00f3ria do Flamengo, declara\u00e7\u00e3o de Leila Pereira sobre Gabigol e Dorival Jr quer chamar mais um flamenguista: veja as \u00faltimas not\u00edcias do Flamengo","isPartOf":{"@id":"https:\/\/www.gaveanews.com\/#website"},"primaryImageOfPage":{"@id":"https:\/\/www.gaveanews.com\/index.php\/2024\/03\/21\/maior-venda-da-historia-do-flamengo-declaracao-de-leila-pereira-sobre-gabigol-e-dorival-jr-quer-chamar-mais-um-flamenguista-veja-as-ultimas-noticias-do-flamengo\/#primaryimage"},"image":{"@id":"https:\/\/www.gaveanews.com\/index.php\/2024\/03\/21\/maior-venda-da-historia-do-flamengo-declaracao-de-leila-pereira-sobre-gabigol-e-dorival-jr-quer-chamar-mais-um-flamenguista-veja-as-ultimas-noticias-do-flamengo\/#primaryimage"},"thumbnailUrl":"https:\/\/www.gaveanews.com\/wp-content\/uploads\/escudoDoFlamengo.webp","datePublished":"2024-03-21T18:16:05+00:00","dateModified":"2024-04-07T03:08:45+00:00","author":{"@id":"https:\/\/www.gaveanews.com\/#\/schema\/person\/fd07635ec039ec3ba74ad18ec8a6dbd6"},"breadcrumb":{"@id":"https:\/\/www.gaveanews.com\/index.php\/2024\/03\/21\/maior-venda-da-historia-do-flamengo-declaracao-de-leila-pereira-sobre-gabigol-e-dorival-jr-quer-chamar-mais-um-flamenguista-veja-as-ultimas-noticias-do-flamengo\/#breadcrumb"},"inLanguage":"pt-BR","potentialAction":[{"@type":"ReadAction","target":["https:\/\/www.gaveanews.com\/index.php\/2024\/03\/21\/maior-venda-da-historia-do-flamengo-declaracao-de-leila-pereira-sobre-gabigol-e-dorival-jr-quer-chamar-mais-um-flamenguista-veja-as-ultimas-noticias-do-flamengo\/"]}]},{"@type":"ImageObject","inLanguage":"pt-BR","@id":"https:\/\/www.gaveanews.com\/index.php\/2024\/03\/21\/maior-venda-da-historia-do-flamengo-declaracao-de-leila-pereira-sobre-gabigol-e-dorival-jr-quer-chamar-mais-um-flamenguista-veja-as-ultimas-noticias-do-flamengo\/#primaryimage","url":"https:\/\/www.gaveanews.com\/wp-content\/uploads\/escudoDoFlamengo.webp","contentUrl":"https:\/\/www.gaveanews.com\/wp-content\/uploads\/escudoDoFlamengo.webp","width":1095,"height":730,"caption":"Centro de treinamento do Flamengo (Foto: Reprodu\u00e7\u00e3o)"},{"@type":"BreadcrumbList","@id":"https:\/\/www.gaveanews.com\/index.php\/2024\/03\/21\/maior-venda-da-historia-do-flamengo-declaracao-de-leila-pereira-sobre-gabigol-e-dorival-jr-quer-chamar-mais-um-flamenguista-veja-as-ultimas-noticias-do-flamengo\/#breadcrumb","itemListElement":[{"@type":"ListItem","position":1,"name":"Home","item":"https:\/\/www.gaveanews.com\/"},{"@type":"ListItem","position":2,"name":"Maior venda da hist\u00f3ria do Flamengo, declara\u00e7\u00e3o de Leila Pereira sobre Gabigol e Dorival Jr quer chamar mais um flamenguista: veja as \u00faltimas not\u00edcias do Flamengo"}]},{"@type":"WebSite","@id":"https:\/\/www.gaveanews.com\/#website","url":"https:\/\/www.gaveanews.com\/","name":"G\u00e1vea News","description":"Veja todas as not\u00edcias sobre o Flamengo: Contrata\u00e7\u00f5es, categorias de base, resultados das partidas, tabela de classifica\u00e7\u00e3o, pr\u00f3ximos jogos!","potentialAction":[{"@type":"SearchAction","target":{"@type":"EntryPoint","urlTemplate":"https:\/\/www.gaveanews.com\/?s={search_term_string}"},"query-input":{"@type":"PropertyValueSpecification","valueRequired":true,"valueName":"search_term_string"}}],"inLanguage":"pt-BR"},{"@type":"Person","@id":"https:\/\/www.gaveanews.com\/#\/schema\/person\/fd07635ec039ec3ba74ad18ec8a6dbd6","name":"Henrique Machado","image":{"@type":"ImageObject","inLanguage":"pt-BR","@id":"https:\/\/www.gaveanews.com\/#\/schema\/person\/image\/","url":"https:\/\/secure.gravatar.com\/avatar\/b95e35997e01d9800c1b6184bd79d4d898d370a3fce2584f5c77b907d5c7d9e9?s=96&d=mm&r=g","contentUrl":"https:\/\/secure.gravatar.com\/avatar\/b95e35997e01d9800c1b6184bd79d4d898d370a3fce2584f5c77b907d5c7d9e9?s=96&d=mm&r=g","caption":"Henrique Machado"}}]}},"_links":{"self":[{"href":"https:\/\/www.gaveanews.com\/index.php\/wp-json\/wp\/v2\/posts\/132210","targetHints":{"allow":["GET"]}}],"collection":[{"href":"https:\/\/www.gaveanews.com\/index.php\/wp-json\/wp\/v2\/posts"}],"about":[{"href":"https:\/\/www.gaveanews.com\/index.php\/wp-json\/wp\/v2\/types\/post"}],"author":[{"embeddable":true,"href":"https:\/\/www.gaveanews.com\/index.php\/wp-json\/wp\/v2\/users\/15"}],"replies":[{"embeddable":true,"href":"https:\/\/www.gaveanews.com\/index.php\/wp-json\/wp\/v2\/comments?post=132210"}],"version-history":[{"count":2,"href":"https:\/\/www.gaveanews.com\/index.php\/wp-json\/wp\/v2\/posts\/132210\/revisions"}],"predecessor-version":[{"id":132218,"href":"https:\/\/www.gaveanews.com\/index.php\/wp-json\/wp\/v2\/posts\/132210\/revisions\/132218"}],"wp:featuredmedia":[{"embeddable":true,"href":"https:\/\/www.gaveanews.com\/index.php\/wp-json\/wp\/v2\/media\/124684"}],"wp:attachment":[{"href":"https:\/\/www.gaveanews.com\/index.php\/wp-json\/wp\/v2\/media?parent=132210"}],"wp:term":[{"taxonomy":"category","embeddable":true,"href":"https:\/\/www.gaveanews.com\/index.php\/wp-json\/wp\/v2\/categories?post=132210"},{"taxonomy":"post_tag","embeddable":true,"href":"https:\/\/www.gaveanews.com\/index.php\/wp-json\/wp\/v2\/tags?post=132210"}],"curies":[{"name":"wp","href":"https:\/\/api.w.org\/{rel}","templated":true}]}}