{"id":132222,"date":"2024-03-21T18:37:45","date_gmt":"2024-03-21T21:37:45","guid":{"rendered":"https:\/\/www.gaveanews.com\/?p=132222"},"modified":"2024-03-21T18:37:49","modified_gmt":"2024-03-21T21:37:49","slug":"reforco-atacante-e-contratado-pelo-flamengo","status":"publish","type":"post","link":"https:\/\/www.gaveanews.com\/index.php\/2024\/03\/21\/reforco-atacante-e-contratado-pelo-flamengo\/","title":{"rendered":"Refor\u00e7o! Atacante \u00e9 contratado pelo Flamengo"},"content":{"rendered":"\n<p>Visando refor\u00e7ar suas categorias de base, o Flamengo acertou-se com Arthur Menezes, jovem atacante para a categoria sub-12 do Mais Querido. A contrata\u00e7\u00e3o do jovem \u00e9 mais um passo importante na estrat\u00e9gia do clube em desenvolver talentos desde as categorias mais jovens e garantir um futuro promissor para o futebol rubro-negro.&nbsp;<\/p>\n\n\n\n<p>A chegada de Arthur Menezes tamb\u00e9m representa uma oportunidade para ele se integrar ao ambiente vitorioso e inspirador do Flamengo, onde ter\u00e1 acesso a uma infraestrutura de alto n\u00edvel e treinadores qualificados. Sob a orienta\u00e7\u00e3o e supervis\u00e3o dos profissionais do clube, Arthur ter\u00e1 a chance de aprimorar suas habilidades e seguir os passos de grandes \u00eddolos que j\u00e1 passaram pelas categorias de base do Mais Querido.&nbsp;<\/p>\n\n\n\n<p>Com dedica\u00e7\u00e3o, trabalho duro e apoio adequado, Arthur Menezes poder\u00e1 trilhar um caminho de sucesso no Flamengo e quem sabe um dia brilhar nos gramados do Maracan\u00e3 como parte do time principal. A contrata\u00e7\u00e3o do jovem atacante reafirma o compromisso do Flamengo em investir no desenvolvimento e na forma\u00e7\u00e3o de novos talentos para perpetuar sua grandeza no cen\u00e1rio do futebol brasileiro.&nbsp;<\/p>\n\n\n\n<figure class=\"wp-block-embed is-type-photo is-provider-flickr wp-block-embed-flickr\"><div class=\"wp-block-embed__wrapper\">\n<a href=\"https:\/\/flic.kr\/p\/2pEG8r1\"><img loading=\"lazy\" decoding=\"async\" src=\"https:\/\/live.staticflickr.com\/65535\/53602754534_681fff9d18_z.webp\" alt=\"foto\" width=\"640\" height=\"621\" \/><\/a>\n<\/div><\/figure>\n\n\n\n<p>Com apenas alguns minutos em campo, Arthur mostrou todo o seu talento e instinto artilheiro, balan\u00e7ando as redes por tr\u00eas vezes e contribuindo de forma decisiva para a vit\u00f3ria do Flamengo por 4 a 0, diante do Madureira, jogo v\u00e1lido pela primeira rodada do Campeonato Metropolitano Sub-12. Seu desempenho impressionante j\u00e1 chamou a aten\u00e7\u00e3o n\u00e3o apenas dos torcedores, mas tamb\u00e9m dos t\u00e9cnicos e dirigentes do clube, que veem nele um grande potencial para o futuro.\u00a0<\/p>\n\n\n\n<p>Esse \u00e9 mais um jovem talentoso que vem da parceria entre Flamengo e o n\u00facleo de capta\u00e7\u00e3o Trieste, no Paran\u00e1. Essa parceria tem se mostrado extremamente frut\u00edfera ao longo dos anos, proporcionando ao Mais Querido a oportunidade de descobrir e desenvolver novos talentos em diferentes regi\u00f5es do Brasil.&nbsp;<\/p>\n\n\n\n<p>O n\u00facleo de capta\u00e7\u00e3o Trieste, localizado no Paran\u00e1, tem desempenhado um papel fundamental na identifica\u00e7\u00e3o de jovens promissores, oferecendo-lhes a chance de fazer testes e demonstrar seu potencial no clube carioca. Gra\u00e7as a essa colabora\u00e7\u00e3o, o Flamengo tem sido capaz de enriquecer suas categorias de base com jogadores talentosos que, eventualmente, podem integrar o time principal e brilhar nos gramados.\u00a0<\/p>\n","protected":false},"excerpt":{"rendered":"<p>Visando refor\u00e7ar suas categorias de base, o Flamengo acertou-se com Arthur Menezes, jovem atacante para a categoria sub-12 do Mais Querido. A contrata\u00e7\u00e3o do jovem \u00e9 mais um passo importante na estrat\u00e9gia do clube em desenvolver talentos desde as categorias mais jovens e garantir um futuro promissor para o futebol rubro-negro.&nbsp; A chegada de Arthur [&hellip;]<\/p>\n","protected":false},"author":10,"featured_media":127354,"comment_status":"open","ping_status":"closed","sticky":false,"template":"","format":"standard","meta":{"footnotes":""},"categories":[1],"tags":[],"class_list":["post-132222","post","type-post","status-publish","format-standard","has-post-thumbnail","hentry","category-flamengo"],"yoast_head":"<!-- This site is optimized with the Yoast SEO Premium plugin v24.2 (Yoast SEO v26.9) - https:\/\/yoast.com\/product\/yoast-seo-premium-wordpress\/ -->\n<title>Refor\u00e7o! Atacante \u00e9 contratado pelo Flamengo<\/title>\n<meta name=\"robots\" content=\"index, follow, max-snippet:-1, max-image-preview:large, max-video-preview:-1\" \/>\n<link rel=\"canonical\" href=\"https:\/\/www.gaveanews.com\/index.php\/2024\/03\/21\/reforco-atacante-e-contratado-pelo-flamengo\/\" \/>\n<meta property=\"og:locale\" content=\"pt_BR\" \/>\n<meta property=\"og:type\" content=\"article\" \/>\n<meta property=\"og:title\" content=\"Refor\u00e7o! Atacante \u00e9 contratado pelo Flamengo\" \/>\n<meta property=\"og:description\" content=\"Visando refor\u00e7ar suas categorias de base, o Flamengo acertou-se com Arthur Menezes, jovem atacante para a categoria sub-12 do Mais Querido. A contrata\u00e7\u00e3o do jovem \u00e9 mais um passo importante na estrat\u00e9gia do clube em desenvolver talentos desde as categorias mais jovens e garantir um futuro promissor para o futebol rubro-negro.&nbsp; A chegada de Arthur [&hellip;]\" \/>\n<meta property=\"og:url\" content=\"https:\/\/www.gaveanews.com\/index.php\/2024\/03\/21\/reforco-atacante-e-contratado-pelo-flamengo\/\" \/>\n<meta property=\"og:site_name\" content=\"G\u00e1vea News\" \/>\n<meta property=\"article:publisher\" content=\"https:\/\/facebook.com\/gaveaNews\/\" \/>\n<meta property=\"article:published_time\" content=\"2024-03-21T21:37:45+00:00\" \/>\n<meta property=\"article:modified_time\" content=\"2024-03-21T21:37:49+00:00\" \/>\n<meta property=\"og:image\" content=\"https:\/\/www.gaveanews.com\/wp-content\/uploads\/camisa-flamengo.webp\" \/>\n\t<meta property=\"og:image:width\" content=\"483\" \/>\n\t<meta property=\"og:image:height\" content=\"322\" \/>\n\t<meta property=\"og:image:type\" content=\"image\/webp\" \/>\n<meta name=\"author\" content=\"Kayo Silva\" \/>\n<meta name=\"twitter:card\" content=\"summary_large_image\" \/>\n<meta name=\"twitter:label1\" content=\"Escrito por\" \/>\n\t<meta name=\"twitter:data1\" content=\"Kayo Silva\" \/>\n\t<meta name=\"twitter:label2\" content=\"Est. tempo de leitura\" \/>\n\t<meta name=\"twitter:data2\" content=\"3 minutos\" \/>\n<script type=\"application\/ld+json\" class=\"yoast-schema-graph\">{\"@context\":\"https:\/\/schema.org\",\"@graph\":[{\"@type\":\"NewsArticle\",\"@id\":\"https:\/\/www.gaveanews.com\/index.php\/2024\/03\/21\/reforco-atacante-e-contratado-pelo-flamengo\/#article\",\"isPartOf\":{\"@id\":\"https:\/\/www.gaveanews.com\/index.php\/2024\/03\/21\/reforco-atacante-e-contratado-pelo-flamengo\/\"},\"author\":{\"name\":\"Kayo Silva\",\"@id\":\"https:\/\/www.gaveanews.com\/#\/schema\/person\/51b3ba6a493cf9e7af9ce2c6d0d4ff1c\"},\"headline\":\"Refor\u00e7o! Atacante \u00e9 contratado pelo Flamengo\",\"datePublished\":\"2024-03-21T21:37:45+00:00\",\"dateModified\":\"2024-03-21T21:37:49+00:00\",\"mainEntityOfPage\":{\"@id\":\"https:\/\/www.gaveanews.com\/index.php\/2024\/03\/21\/reforco-atacante-e-contratado-pelo-flamengo\/\"},\"wordCount\":401,\"commentCount\":0,\"image\":{\"@id\":\"https:\/\/www.gaveanews.com\/index.php\/2024\/03\/21\/reforco-atacante-e-contratado-pelo-flamengo\/#primaryimage\"},\"thumbnailUrl\":\"https:\/\/www.gaveanews.com\/wp-content\/uploads\/camisa-flamengo.webp\",\"articleSection\":[\"Flamengo\"],\"inLanguage\":\"pt-BR\",\"potentialAction\":[{\"@type\":\"CommentAction\",\"name\":\"Comment\",\"target\":[\"https:\/\/www.gaveanews.com\/index.php\/2024\/03\/21\/reforco-atacante-e-contratado-pelo-flamengo\/#respond\"]}],\"copyrightYear\":\"2024\",\"copyrightHolder\":{\"@id\":\"https:\/\/www.gaveanews.com\/#organization\"}},{\"@type\":\"WebPage\",\"@id\":\"https:\/\/www.gaveanews.com\/index.php\/2024\/03\/21\/reforco-atacante-e-contratado-pelo-flamengo\/\",\"url\":\"https:\/\/www.gaveanews.com\/index.php\/2024\/03\/21\/reforco-atacante-e-contratado-pelo-flamengo\/\",\"name\":\"Refor\u00e7o! Atacante \u00e9 contratado pelo Flamengo\",\"isPartOf\":{\"@id\":\"https:\/\/www.gaveanews.com\/#website\"},\"primaryImageOfPage\":{\"@id\":\"https:\/\/www.gaveanews.com\/index.php\/2024\/03\/21\/reforco-atacante-e-contratado-pelo-flamengo\/#primaryimage\"},\"image\":{\"@id\":\"https:\/\/www.gaveanews.com\/index.php\/2024\/03\/21\/reforco-atacante-e-contratado-pelo-flamengo\/#primaryimage\"},\"thumbnailUrl\":\"https:\/\/www.gaveanews.com\/wp-content\/uploads\/camisa-flamengo.webp\",\"datePublished\":\"2024-03-21T21:37:45+00:00\",\"dateModified\":\"2024-03-21T21:37:49+00:00\",\"author\":{\"@id\":\"https:\/\/www.gaveanews.com\/#\/schema\/person\/51b3ba6a493cf9e7af9ce2c6d0d4ff1c\"},\"breadcrumb\":{\"@id\":\"https:\/\/www.gaveanews.com\/index.php\/2024\/03\/21\/reforco-atacante-e-contratado-pelo-flamengo\/#breadcrumb\"},\"inLanguage\":\"pt-BR\",\"potentialAction\":[{\"@type\":\"ReadAction\",\"target\":[\"https:\/\/www.gaveanews.com\/index.php\/2024\/03\/21\/reforco-atacante-e-contratado-pelo-flamengo\/\"]}]},{\"@type\":\"ImageObject\",\"inLanguage\":\"pt-BR\",\"@id\":\"https:\/\/www.gaveanews.com\/index.php\/2024\/03\/21\/reforco-atacante-e-contratado-pelo-flamengo\/#primaryimage\",\"url\":\"https:\/\/www.gaveanews.com\/wp-content\/uploads\/camisa-flamengo.webp\",\"contentUrl\":\"https:\/\/www.gaveanews.com\/wp-content\/uploads\/camisa-flamengo.webp\",\"width\":483,\"height\":322,\"caption\":\"Escudo do Flamengo (Foto: Reprodu\u00e7\u00e3o)\"},{\"@type\":\"BreadcrumbList\",\"@id\":\"https:\/\/www.gaveanews.com\/index.php\/2024\/03\/21\/reforco-atacante-e-contratado-pelo-flamengo\/#breadcrumb\",\"itemListElement\":[{\"@type\":\"ListItem\",\"position\":1,\"name\":\"Home\",\"item\":\"https:\/\/www.gaveanews.com\/\"},{\"@type\":\"ListItem\",\"position\":2,\"name\":\"Refor\u00e7o! Atacante \u00e9 contratado pelo Flamengo\"}]},{\"@type\":\"WebSite\",\"@id\":\"https:\/\/www.gaveanews.com\/#website\",\"url\":\"https:\/\/www.gaveanews.com\/\",\"name\":\"G\u00e1vea News\",\"description\":\"Veja todas as not\u00edcias sobre o Flamengo: Contrata\u00e7\u00f5es, categorias de base, resultados das partidas, tabela de classifica\u00e7\u00e3o, pr\u00f3ximos jogos!\",\"potentialAction\":[{\"@type\":\"SearchAction\",\"target\":{\"@type\":\"EntryPoint\",\"urlTemplate\":\"https:\/\/www.gaveanews.com\/?s={search_term_string}\"},\"query-input\":{\"@type\":\"PropertyValueSpecification\",\"valueRequired\":true,\"valueName\":\"search_term_string\"}}],\"inLanguage\":\"pt-BR\"},{\"@type\":\"Person\",\"@id\":\"https:\/\/www.gaveanews.com\/#\/schema\/person\/51b3ba6a493cf9e7af9ce2c6d0d4ff1c\",\"name\":\"Kayo Silva\",\"image\":{\"@type\":\"ImageObject\",\"inLanguage\":\"pt-BR\",\"@id\":\"https:\/\/www.gaveanews.com\/#\/schema\/person\/image\/\",\"url\":\"https:\/\/secure.gravatar.com\/avatar\/af6d65cafc646a65c39c5fcb2a1ef51b863a81461770cfff553ec2fdd931c68c?s=96&d=mm&r=g\",\"contentUrl\":\"https:\/\/secure.gravatar.com\/avatar\/af6d65cafc646a65c39c5fcb2a1ef51b863a81461770cfff553ec2fdd931c68c?s=96&d=mm&r=g\",\"caption\":\"Kayo Silva\"}}]}<\/script>\n<!-- \/ Yoast SEO Premium plugin. -->","yoast_head_json":{"title":"Refor\u00e7o! Atacante \u00e9 contratado pelo Flamengo","robots":{"index":"index","follow":"follow","max-snippet":"max-snippet:-1","max-image-preview":"max-image-preview:large","max-video-preview":"max-video-preview:-1"},"canonical":"https:\/\/www.gaveanews.com\/index.php\/2024\/03\/21\/reforco-atacante-e-contratado-pelo-flamengo\/","og_locale":"pt_BR","og_type":"article","og_title":"Refor\u00e7o! Atacante \u00e9 contratado pelo Flamengo","og_description":"Visando refor\u00e7ar suas categorias de base, o Flamengo acertou-se com Arthur Menezes, jovem atacante para a categoria sub-12 do Mais Querido. A contrata\u00e7\u00e3o do jovem \u00e9 mais um passo importante na estrat\u00e9gia do clube em desenvolver talentos desde as categorias mais jovens e garantir um futuro promissor para o futebol rubro-negro.&nbsp; A chegada de Arthur [&hellip;]","og_url":"https:\/\/www.gaveanews.com\/index.php\/2024\/03\/21\/reforco-atacante-e-contratado-pelo-flamengo\/","og_site_name":"G\u00e1vea News","article_publisher":"https:\/\/facebook.com\/gaveaNews\/","article_published_time":"2024-03-21T21:37:45+00:00","article_modified_time":"2024-03-21T21:37:49+00:00","og_image":[{"width":483,"height":322,"url":"https:\/\/www.gaveanews.com\/wp-content\/uploads\/camisa-flamengo.webp","type":"image\/webp"}],"author":"Kayo Silva","twitter_card":"summary_large_image","twitter_misc":{"Escrito por":"Kayo Silva","Est. tempo de leitura":"3 minutos"},"schema":{"@context":"https:\/\/schema.org","@graph":[{"@type":"NewsArticle","@id":"https:\/\/www.gaveanews.com\/index.php\/2024\/03\/21\/reforco-atacante-e-contratado-pelo-flamengo\/#article","isPartOf":{"@id":"https:\/\/www.gaveanews.com\/index.php\/2024\/03\/21\/reforco-atacante-e-contratado-pelo-flamengo\/"},"author":{"name":"Kayo Silva","@id":"https:\/\/www.gaveanews.com\/#\/schema\/person\/51b3ba6a493cf9e7af9ce2c6d0d4ff1c"},"headline":"Refor\u00e7o! Atacante \u00e9 contratado pelo Flamengo","datePublished":"2024-03-21T21:37:45+00:00","dateModified":"2024-03-21T21:37:49+00:00","mainEntityOfPage":{"@id":"https:\/\/www.gaveanews.com\/index.php\/2024\/03\/21\/reforco-atacante-e-contratado-pelo-flamengo\/"},"wordCount":401,"commentCount":0,"image":{"@id":"https:\/\/www.gaveanews.com\/index.php\/2024\/03\/21\/reforco-atacante-e-contratado-pelo-flamengo\/#primaryimage"},"thumbnailUrl":"https:\/\/www.gaveanews.com\/wp-content\/uploads\/camisa-flamengo.webp","articleSection":["Flamengo"],"inLanguage":"pt-BR","potentialAction":[{"@type":"CommentAction","name":"Comment","target":["https:\/\/www.gaveanews.com\/index.php\/2024\/03\/21\/reforco-atacante-e-contratado-pelo-flamengo\/#respond"]}],"copyrightYear":"2024","copyrightHolder":{"@id":"https:\/\/www.gaveanews.com\/#organization"}},{"@type":"WebPage","@id":"https:\/\/www.gaveanews.com\/index.php\/2024\/03\/21\/reforco-atacante-e-contratado-pelo-flamengo\/","url":"https:\/\/www.gaveanews.com\/index.php\/2024\/03\/21\/reforco-atacante-e-contratado-pelo-flamengo\/","name":"Refor\u00e7o! Atacante \u00e9 contratado pelo Flamengo","isPartOf":{"@id":"https:\/\/www.gaveanews.com\/#website"},"primaryImageOfPage":{"@id":"https:\/\/www.gaveanews.com\/index.php\/2024\/03\/21\/reforco-atacante-e-contratado-pelo-flamengo\/#primaryimage"},"image":{"@id":"https:\/\/www.gaveanews.com\/index.php\/2024\/03\/21\/reforco-atacante-e-contratado-pelo-flamengo\/#primaryimage"},"thumbnailUrl":"https:\/\/www.gaveanews.com\/wp-content\/uploads\/camisa-flamengo.webp","datePublished":"2024-03-21T21:37:45+00:00","dateModified":"2024-03-21T21:37:49+00:00","author":{"@id":"https:\/\/www.gaveanews.com\/#\/schema\/person\/51b3ba6a493cf9e7af9ce2c6d0d4ff1c"},"breadcrumb":{"@id":"https:\/\/www.gaveanews.com\/index.php\/2024\/03\/21\/reforco-atacante-e-contratado-pelo-flamengo\/#breadcrumb"},"inLanguage":"pt-BR","potentialAction":[{"@type":"ReadAction","target":["https:\/\/www.gaveanews.com\/index.php\/2024\/03\/21\/reforco-atacante-e-contratado-pelo-flamengo\/"]}]},{"@type":"ImageObject","inLanguage":"pt-BR","@id":"https:\/\/www.gaveanews.com\/index.php\/2024\/03\/21\/reforco-atacante-e-contratado-pelo-flamengo\/#primaryimage","url":"https:\/\/www.gaveanews.com\/wp-content\/uploads\/camisa-flamengo.webp","contentUrl":"https:\/\/www.gaveanews.com\/wp-content\/uploads\/camisa-flamengo.webp","width":483,"height":322,"caption":"Escudo do Flamengo (Foto: Reprodu\u00e7\u00e3o)"},{"@type":"BreadcrumbList","@id":"https:\/\/www.gaveanews.com\/index.php\/2024\/03\/21\/reforco-atacante-e-contratado-pelo-flamengo\/#breadcrumb","itemListElement":[{"@type":"ListItem","position":1,"name":"Home","item":"https:\/\/www.gaveanews.com\/"},{"@type":"ListItem","position":2,"name":"Refor\u00e7o! Atacante \u00e9 contratado pelo Flamengo"}]},{"@type":"WebSite","@id":"https:\/\/www.gaveanews.com\/#website","url":"https:\/\/www.gaveanews.com\/","name":"G\u00e1vea News","description":"Veja todas as not\u00edcias sobre o Flamengo: Contrata\u00e7\u00f5es, categorias de base, resultados das partidas, tabela de classifica\u00e7\u00e3o, pr\u00f3ximos jogos!","potentialAction":[{"@type":"SearchAction","target":{"@type":"EntryPoint","urlTemplate":"https:\/\/www.gaveanews.com\/?s={search_term_string}"},"query-input":{"@type":"PropertyValueSpecification","valueRequired":true,"valueName":"search_term_string"}}],"inLanguage":"pt-BR"},{"@type":"Person","@id":"https:\/\/www.gaveanews.com\/#\/schema\/person\/51b3ba6a493cf9e7af9ce2c6d0d4ff1c","name":"Kayo Silva","image":{"@type":"ImageObject","inLanguage":"pt-BR","@id":"https:\/\/www.gaveanews.com\/#\/schema\/person\/image\/","url":"https:\/\/secure.gravatar.com\/avatar\/af6d65cafc646a65c39c5fcb2a1ef51b863a81461770cfff553ec2fdd931c68c?s=96&d=mm&r=g","contentUrl":"https:\/\/secure.gravatar.com\/avatar\/af6d65cafc646a65c39c5fcb2a1ef51b863a81461770cfff553ec2fdd931c68c?s=96&d=mm&r=g","caption":"Kayo Silva"}}]}},"_links":{"self":[{"href":"https:\/\/www.gaveanews.com\/index.php\/wp-json\/wp\/v2\/posts\/132222","targetHints":{"allow":["GET"]}}],"collection":[{"href":"https:\/\/www.gaveanews.com\/index.php\/wp-json\/wp\/v2\/posts"}],"about":[{"href":"https:\/\/www.gaveanews.com\/index.php\/wp-json\/wp\/v2\/types\/post"}],"author":[{"embeddable":true,"href":"https:\/\/www.gaveanews.com\/index.php\/wp-json\/wp\/v2\/users\/10"}],"replies":[{"embeddable":true,"href":"https:\/\/www.gaveanews.com\/index.php\/wp-json\/wp\/v2\/comments?post=132222"}],"version-history":[{"count":4,"href":"https:\/\/www.gaveanews.com\/index.php\/wp-json\/wp\/v2\/posts\/132222\/revisions"}],"predecessor-version":[{"id":132266,"href":"https:\/\/www.gaveanews.com\/index.php\/wp-json\/wp\/v2\/posts\/132222\/revisions\/132266"}],"wp:featuredmedia":[{"embeddable":true,"href":"https:\/\/www.gaveanews.com\/index.php\/wp-json\/wp\/v2\/media\/127354"}],"wp:attachment":[{"href":"https:\/\/www.gaveanews.com\/index.php\/wp-json\/wp\/v2\/media?parent=132222"}],"wp:term":[{"taxonomy":"category","embeddable":true,"href":"https:\/\/www.gaveanews.com\/index.php\/wp-json\/wp\/v2\/categories?post=132222"},{"taxonomy":"post_tag","embeddable":true,"href":"https:\/\/www.gaveanews.com\/index.php\/wp-json\/wp\/v2\/tags?post=132222"}],"curies":[{"name":"wp","href":"https:\/\/api.w.org\/{rel}","templated":true}]}}