{"id":132236,"date":"2024-03-21T19:07:05","date_gmt":"2024-03-21T22:07:05","guid":{"rendered":"https:\/\/www.gaveanews.com\/?p=132236"},"modified":"2024-04-06T23:23:38","modified_gmt":"2024-04-07T02:23:38","slug":"comentarista-aponta-jogador-ideal-para-substituir-everton-ribeiro-no-flamengo","status":"publish","type":"post","link":"https:\/\/www.gaveanews.com\/index.php\/2024\/03\/21\/comentarista-aponta-jogador-ideal-para-substituir-everton-ribeiro-no-flamengo\/","title":{"rendered":"Comentarista aponta substituto ideal para Everton Ribeiro no Flamengo"},"content":{"rendered":"\n<p>O meia Nicol\u00e1s de la Cruz ganhou elogios do comentarista Zinho, no programa ESPN FC. Zinho destacou a habilidade e a intelig\u00eancia t\u00e1tica do jogador uruguaio, ressaltando sua capacidade de criar jogadas e distribuir passes decisivos no meio-campo.&nbsp;<\/p>\n\n\n\n<p>Os elogios de Zinho destacam n\u00e3o apenas a qualidade t\u00e9cnica, desde sua chegada ao clube, o meia uruguaio tem conquistado espa\u00e7o e demonstrado consist\u00eancia em suas atua\u00e7\u00f5es, ganhando a confian\u00e7a do t\u00e9cnico Tite e se tornando pe\u00e7a-chave no esquema t\u00e1tico rubro-negro.&nbsp;<\/p>\n\n\n\n<p>\u2014 <em>O De La Cruz chega para ocupar a vaga do Everton Ribeiro, fazer o lado direito, pois na minha cabe\u00e7a seria Pulgar e Gerson, De La Cruz com Arrascaeta, com Cebolinha e Pedro. A\u00ed, o que acontece\u2026 chega o Luiz Ara\u00fajo e o Tite gosta de atletas que d\u00e3o amplitude pelos lados e, infelizmente, o Gerson teve um problema cl\u00ednico. A\u00ed, o De La Cruz passou a fazer essa fun\u00e7\u00e3o e que faz muito bem<\/em> \u2014 disse Zinho.\u00a0<\/p>\n\n\n\n<p>A compara\u00e7\u00e3o com Everton Ribeiro, um dos \u00eddolos recentes do Flamengo, ressalta o alto n\u00edvel de desempenho e a import\u00e2ncia de Nicol\u00e1s de la Cruz dentro do elenco Rubro-Negro. Seu talento o tornam um jogador fundamental para as ambi\u00e7\u00f5es do clube nas competi\u00e7\u00f5es em que est\u00e1 envolvido.&nbsp;<\/p>\n\n\n\n<figure class=\"wp-block-image size-full\"><img loading=\"lazy\" decoding=\"async\" width=\"1000\" height=\"666\" src=\"https:\/\/www.gaveanews.com\/wp-content\/uploads\/de-la-cruz-1.webp\" alt=\"\" class=\"wp-image-121169\" srcset=\"https:\/\/www.gaveanews.com\/wp-content\/uploads\/de-la-cruz-1.webp 1000w, https:\/\/www.gaveanews.com\/wp-content\/uploads\/de-la-cruz-1-300x200.webp 300w, https:\/\/www.gaveanews.com\/wp-content\/uploads\/de-la-cruz-1-768x511.webp 768w, https:\/\/www.gaveanews.com\/wp-content\/uploads\/de-la-cruz-1-631x420.webp 631w, https:\/\/www.gaveanews.com\/wp-content\/uploads\/de-la-cruz-1-640x426.webp 640w, https:\/\/www.gaveanews.com\/wp-content\/uploads\/de-la-cruz-1-681x454.webp 681w, https:\/\/www.gaveanews.com\/wp-content\/uploads\/de-la-cruz-1-100x67.webp 100w\" sizes=\"auto, (max-width: 1000px) 100vw, 1000px\" \/><figcaption class=\"wp-element-caption\">Nicol\u00e1s de la Cruz em apresenta\u00e7\u00e3o pelo Flamengo (Foto: Marcelo Cortes \/CRF)<\/figcaption><\/figure>\n\n\n\n<p>Sua versatilidade \u00e9 um trunfo para o t\u00e9cnico Tite, que pode contar com o jogador em v\u00e1rias posi\u00e7\u00f5es do meio-campo. Seja atuando como armador, volante ou at\u00e9 mesmo como ala, Nicol\u00e1s de la Cruz se destaca pela sua intelig\u00eancia t\u00e1tica, capacidade de marca\u00e7\u00e3o e qualidade no passe.&nbsp;<\/p>\n\n\n\n<p>Al\u00e9m disso, sua polival\u00eancia o torna uma pe\u00e7a fundamental em situa\u00e7\u00f5es de jogo variadas, seja controlando o ritmo da partida, recuperando a posse de bola ou contribuindo para o sistema defensivo da equipe.&nbsp;<\/p>\n\n\n\n<p>\u2014 <em>De uma tacada s\u00f3, o Flamengo trouxe um jogador que consegue fazer a fun\u00e7\u00e3o que era do Everton Ribeiro e agora do Gerson. Ent\u00e3o, foi uma baita contrata\u00e7\u00e3o e que certamente vai ajudar o Arrascaeta jogar melhor ainda<\/em> \u2014 finalizou Zinho, durante o programa ESPN FC.\u00a0<\/p>\n\n\n\n<h2 class=\"wp-block-heading\" id=\"h-de-la-cruz-ficara-a-disposicao-da-selecao-uruguaia\">De La Cruz ficar\u00e1 \u00e0 disposi\u00e7\u00e3o da sele\u00e7\u00e3o uruguaia<\/h2>\n\n\n\n<p>De La Cruz segue com a sele\u00e7\u00e3o uruguaia em uma s\u00e9rie de compromissos internacionais. O jogador est\u00e1 escalado para participar de amistosos importantes, enfrentando o pa\u00eds basco no dia 23, no Est\u00e1dio San Mam\u00e9s, em Bilbao, Espanha, seguido por um confronto contra a Costa do Marfim no dia 26, em Lens, na Fran\u00e7a.&nbsp;<\/p>\n\n\n\n<p>Durante a pausa da Data FIFA, o Flamengo enfrenta a aus\u00eancia de v\u00e1rios de seus jogadores convocados para defenderem suas sele\u00e7\u00f5es nacionais. Essas convoca\u00e7\u00f5es representam um reconhecimento do talento e import\u00e2ncia desses atletas tanto para seus clubes quanto para seus pa\u00edses. Entre os jogadores que representam suas sele\u00e7\u00f5es est\u00e3o De La Cruz, Varela, Arrascaeta e Vi\u00f1a, convocados para a sele\u00e7\u00e3o uruguaia, e Ayrton Lucas e Fabricio Bruno, convocados para a sele\u00e7\u00e3o brasileira.<\/p>\n","protected":false},"excerpt":{"rendered":"<p>O meia Nicol\u00e1s de la Cruz ganhou elogios do comentarista Zinho, no programa ESPN FC. Zinho destacou a habilidade e a intelig\u00eancia t\u00e1tica do jogador uruguaio, ressaltando sua capacidade de criar jogadas e distribuir passes decisivos no meio-campo.&nbsp; Os elogios de Zinho destacam n\u00e3o apenas a qualidade t\u00e9cnica, desde sua chegada ao clube, o meia [&hellip;]<\/p>\n","protected":false},"author":10,"featured_media":113039,"comment_status":"open","ping_status":"closed","sticky":false,"template":"","format":"standard","meta":{"footnotes":""},"categories":[1],"tags":[171],"class_list":["post-132236","post","type-post","status-publish","format-standard","has-post-thumbnail","hentry","category-flamengo","tag-adenor-leonardo-bachi-tite"],"yoast_head":"<!-- This site is optimized with the Yoast SEO Premium plugin v24.2 (Yoast SEO v26.9) - https:\/\/yoast.com\/product\/yoast-seo-premium-wordpress\/ -->\n<title>Comentarista aponta substituto ideal para Everton Ribeiro no Flamengo<\/title>\n<meta name=\"robots\" content=\"index, follow, max-snippet:-1, max-image-preview:large, max-video-preview:-1\" \/>\n<link rel=\"canonical\" href=\"https:\/\/www.gaveanews.com\/index.php\/2024\/03\/21\/comentarista-aponta-jogador-ideal-para-substituir-everton-ribeiro-no-flamengo\/\" \/>\n<meta property=\"og:locale\" content=\"pt_BR\" \/>\n<meta property=\"og:type\" content=\"article\" \/>\n<meta property=\"og:title\" content=\"Comentarista aponta substituto ideal para Everton Ribeiro no Flamengo\" \/>\n<meta property=\"og:description\" content=\"O meia Nicol\u00e1s de la Cruz ganhou elogios do comentarista Zinho, no programa ESPN FC. Zinho destacou a habilidade e a intelig\u00eancia t\u00e1tica do jogador uruguaio, ressaltando sua capacidade de criar jogadas e distribuir passes decisivos no meio-campo.&nbsp; Os elogios de Zinho destacam n\u00e3o apenas a qualidade t\u00e9cnica, desde sua chegada ao clube, o meia [&hellip;]\" \/>\n<meta property=\"og:url\" content=\"https:\/\/www.gaveanews.com\/index.php\/2024\/03\/21\/comentarista-aponta-jogador-ideal-para-substituir-everton-ribeiro-no-flamengo\/\" \/>\n<meta property=\"og:site_name\" content=\"G\u00e1vea News\" \/>\n<meta property=\"article:publisher\" content=\"https:\/\/facebook.com\/gaveaNews\/\" \/>\n<meta property=\"article:published_time\" content=\"2024-03-21T22:07:05+00:00\" \/>\n<meta property=\"article:modified_time\" content=\"2024-04-07T02:23:38+00:00\" \/>\n<meta property=\"og:image\" content=\"https:\/\/www.gaveanews.com\/wp-content\/uploads\/everton-ribeiro-flamengo-gol-america-mg.webp\" \/>\n\t<meta property=\"og:image:width\" content=\"900\" \/>\n\t<meta property=\"og:image:height\" content=\"600\" \/>\n\t<meta property=\"og:image:type\" content=\"image\/jpeg\" \/>\n<meta name=\"author\" content=\"Kayo Silva\" \/>\n<meta name=\"twitter:card\" content=\"summary_large_image\" \/>\n<meta name=\"twitter:label1\" content=\"Escrito por\" \/>\n\t<meta name=\"twitter:data1\" content=\"Kayo Silva\" \/>\n\t<meta name=\"twitter:label2\" content=\"Est. tempo de leitura\" \/>\n\t<meta name=\"twitter:data2\" content=\"4 minutos\" \/>\n<script type=\"application\/ld+json\" class=\"yoast-schema-graph\">{\"@context\":\"https:\/\/schema.org\",\"@graph\":[{\"@type\":\"NewsArticle\",\"@id\":\"https:\/\/www.gaveanews.com\/index.php\/2024\/03\/21\/comentarista-aponta-jogador-ideal-para-substituir-everton-ribeiro-no-flamengo\/#article\",\"isPartOf\":{\"@id\":\"https:\/\/www.gaveanews.com\/index.php\/2024\/03\/21\/comentarista-aponta-jogador-ideal-para-substituir-everton-ribeiro-no-flamengo\/\"},\"author\":{\"name\":\"Kayo Silva\",\"@id\":\"https:\/\/www.gaveanews.com\/#\/schema\/person\/51b3ba6a493cf9e7af9ce2c6d0d4ff1c\"},\"headline\":\"Comentarista aponta substituto ideal para Everton Ribeiro no Flamengo\",\"datePublished\":\"2024-03-21T22:07:05+00:00\",\"dateModified\":\"2024-04-07T02:23:38+00:00\",\"mainEntityOfPage\":{\"@id\":\"https:\/\/www.gaveanews.com\/index.php\/2024\/03\/21\/comentarista-aponta-jogador-ideal-para-substituir-everton-ribeiro-no-flamengo\/\"},\"wordCount\":543,\"commentCount\":0,\"image\":{\"@id\":\"https:\/\/www.gaveanews.com\/index.php\/2024\/03\/21\/comentarista-aponta-jogador-ideal-para-substituir-everton-ribeiro-no-flamengo\/#primaryimage\"},\"thumbnailUrl\":\"https:\/\/www.gaveanews.com\/wp-content\/uploads\/everton-ribeiro-flamengo-gol-america-mg.webp\",\"keywords\":[\"Adenor Leonardo Bachi\"],\"articleSection\":[\"Flamengo\"],\"inLanguage\":\"pt-BR\",\"potentialAction\":[{\"@type\":\"CommentAction\",\"name\":\"Comment\",\"target\":[\"https:\/\/www.gaveanews.com\/index.php\/2024\/03\/21\/comentarista-aponta-jogador-ideal-para-substituir-everton-ribeiro-no-flamengo\/#respond\"]}],\"copyrightYear\":\"2024\",\"copyrightHolder\":{\"@id\":\"https:\/\/www.gaveanews.com\/#organization\"}},{\"@type\":\"WebPage\",\"@id\":\"https:\/\/www.gaveanews.com\/index.php\/2024\/03\/21\/comentarista-aponta-jogador-ideal-para-substituir-everton-ribeiro-no-flamengo\/\",\"url\":\"https:\/\/www.gaveanews.com\/index.php\/2024\/03\/21\/comentarista-aponta-jogador-ideal-para-substituir-everton-ribeiro-no-flamengo\/\",\"name\":\"Comentarista aponta substituto ideal para Everton Ribeiro no Flamengo\",\"isPartOf\":{\"@id\":\"https:\/\/www.gaveanews.com\/#website\"},\"primaryImageOfPage\":{\"@id\":\"https:\/\/www.gaveanews.com\/index.php\/2024\/03\/21\/comentarista-aponta-jogador-ideal-para-substituir-everton-ribeiro-no-flamengo\/#primaryimage\"},\"image\":{\"@id\":\"https:\/\/www.gaveanews.com\/index.php\/2024\/03\/21\/comentarista-aponta-jogador-ideal-para-substituir-everton-ribeiro-no-flamengo\/#primaryimage\"},\"thumbnailUrl\":\"https:\/\/www.gaveanews.com\/wp-content\/uploads\/everton-ribeiro-flamengo-gol-america-mg.webp\",\"datePublished\":\"2024-03-21T22:07:05+00:00\",\"dateModified\":\"2024-04-07T02:23:38+00:00\",\"author\":{\"@id\":\"https:\/\/www.gaveanews.com\/#\/schema\/person\/51b3ba6a493cf9e7af9ce2c6d0d4ff1c\"},\"breadcrumb\":{\"@id\":\"https:\/\/www.gaveanews.com\/index.php\/2024\/03\/21\/comentarista-aponta-jogador-ideal-para-substituir-everton-ribeiro-no-flamengo\/#breadcrumb\"},\"inLanguage\":\"pt-BR\",\"potentialAction\":[{\"@type\":\"ReadAction\",\"target\":[\"https:\/\/www.gaveanews.com\/index.php\/2024\/03\/21\/comentarista-aponta-jogador-ideal-para-substituir-everton-ribeiro-no-flamengo\/\"]}]},{\"@type\":\"ImageObject\",\"inLanguage\":\"pt-BR\",\"@id\":\"https:\/\/www.gaveanews.com\/index.php\/2024\/03\/21\/comentarista-aponta-jogador-ideal-para-substituir-everton-ribeiro-no-flamengo\/#primaryimage\",\"url\":\"https:\/\/www.gaveanews.com\/wp-content\/uploads\/everton-ribeiro-flamengo-gol-america-mg.webp\",\"contentUrl\":\"https:\/\/www.gaveanews.com\/wp-content\/uploads\/everton-ribeiro-flamengo-gol-america-mg.webp\",\"width\":900,\"height\":600,\"caption\":\"Everton Ribeiro comemora gol marcado pelo Flamengo (Foto: Gilvan de Souza\/Flamengo)\"},{\"@type\":\"BreadcrumbList\",\"@id\":\"https:\/\/www.gaveanews.com\/index.php\/2024\/03\/21\/comentarista-aponta-jogador-ideal-para-substituir-everton-ribeiro-no-flamengo\/#breadcrumb\",\"itemListElement\":[{\"@type\":\"ListItem\",\"position\":1,\"name\":\"Home\",\"item\":\"https:\/\/www.gaveanews.com\/\"},{\"@type\":\"ListItem\",\"position\":2,\"name\":\"Comentarista aponta substituto ideal para Everton Ribeiro no Flamengo\"}]},{\"@type\":\"WebSite\",\"@id\":\"https:\/\/www.gaveanews.com\/#website\",\"url\":\"https:\/\/www.gaveanews.com\/\",\"name\":\"G\u00e1vea News\",\"description\":\"Veja todas as not\u00edcias sobre o Flamengo: Contrata\u00e7\u00f5es, categorias de base, resultados das partidas, tabela de classifica\u00e7\u00e3o, pr\u00f3ximos jogos!\",\"potentialAction\":[{\"@type\":\"SearchAction\",\"target\":{\"@type\":\"EntryPoint\",\"urlTemplate\":\"https:\/\/www.gaveanews.com\/?s={search_term_string}\"},\"query-input\":{\"@type\":\"PropertyValueSpecification\",\"valueRequired\":true,\"valueName\":\"search_term_string\"}}],\"inLanguage\":\"pt-BR\"},{\"@type\":\"Person\",\"@id\":\"https:\/\/www.gaveanews.com\/#\/schema\/person\/51b3ba6a493cf9e7af9ce2c6d0d4ff1c\",\"name\":\"Kayo Silva\",\"image\":{\"@type\":\"ImageObject\",\"inLanguage\":\"pt-BR\",\"@id\":\"https:\/\/www.gaveanews.com\/#\/schema\/person\/image\/\",\"url\":\"https:\/\/secure.gravatar.com\/avatar\/af6d65cafc646a65c39c5fcb2a1ef51b863a81461770cfff553ec2fdd931c68c?s=96&d=mm&r=g\",\"contentUrl\":\"https:\/\/secure.gravatar.com\/avatar\/af6d65cafc646a65c39c5fcb2a1ef51b863a81461770cfff553ec2fdd931c68c?s=96&d=mm&r=g\",\"caption\":\"Kayo Silva\"}}]}<\/script>\n<!-- \/ Yoast SEO Premium plugin. -->","yoast_head_json":{"title":"Comentarista aponta substituto ideal para Everton Ribeiro no Flamengo","robots":{"index":"index","follow":"follow","max-snippet":"max-snippet:-1","max-image-preview":"max-image-preview:large","max-video-preview":"max-video-preview:-1"},"canonical":"https:\/\/www.gaveanews.com\/index.php\/2024\/03\/21\/comentarista-aponta-jogador-ideal-para-substituir-everton-ribeiro-no-flamengo\/","og_locale":"pt_BR","og_type":"article","og_title":"Comentarista aponta substituto ideal para Everton Ribeiro no Flamengo","og_description":"O meia Nicol\u00e1s de la Cruz ganhou elogios do comentarista Zinho, no programa ESPN FC. Zinho destacou a habilidade e a intelig\u00eancia t\u00e1tica do jogador uruguaio, ressaltando sua capacidade de criar jogadas e distribuir passes decisivos no meio-campo.&nbsp; Os elogios de Zinho destacam n\u00e3o apenas a qualidade t\u00e9cnica, desde sua chegada ao clube, o meia [&hellip;]","og_url":"https:\/\/www.gaveanews.com\/index.php\/2024\/03\/21\/comentarista-aponta-jogador-ideal-para-substituir-everton-ribeiro-no-flamengo\/","og_site_name":"G\u00e1vea News","article_publisher":"https:\/\/facebook.com\/gaveaNews\/","article_published_time":"2024-03-21T22:07:05+00:00","article_modified_time":"2024-04-07T02:23:38+00:00","og_image":[{"width":900,"height":600,"url":"https:\/\/www.gaveanews.com\/wp-content\/uploads\/everton-ribeiro-flamengo-gol-america-mg.webp","type":"image\/jpeg"}],"author":"Kayo Silva","twitter_card":"summary_large_image","twitter_misc":{"Escrito por":"Kayo Silva","Est. tempo de leitura":"4 minutos"},"schema":{"@context":"https:\/\/schema.org","@graph":[{"@type":"NewsArticle","@id":"https:\/\/www.gaveanews.com\/index.php\/2024\/03\/21\/comentarista-aponta-jogador-ideal-para-substituir-everton-ribeiro-no-flamengo\/#article","isPartOf":{"@id":"https:\/\/www.gaveanews.com\/index.php\/2024\/03\/21\/comentarista-aponta-jogador-ideal-para-substituir-everton-ribeiro-no-flamengo\/"},"author":{"name":"Kayo Silva","@id":"https:\/\/www.gaveanews.com\/#\/schema\/person\/51b3ba6a493cf9e7af9ce2c6d0d4ff1c"},"headline":"Comentarista aponta substituto ideal para Everton Ribeiro no Flamengo","datePublished":"2024-03-21T22:07:05+00:00","dateModified":"2024-04-07T02:23:38+00:00","mainEntityOfPage":{"@id":"https:\/\/www.gaveanews.com\/index.php\/2024\/03\/21\/comentarista-aponta-jogador-ideal-para-substituir-everton-ribeiro-no-flamengo\/"},"wordCount":543,"commentCount":0,"image":{"@id":"https:\/\/www.gaveanews.com\/index.php\/2024\/03\/21\/comentarista-aponta-jogador-ideal-para-substituir-everton-ribeiro-no-flamengo\/#primaryimage"},"thumbnailUrl":"https:\/\/www.gaveanews.com\/wp-content\/uploads\/everton-ribeiro-flamengo-gol-america-mg.webp","keywords":["Adenor Leonardo Bachi"],"articleSection":["Flamengo"],"inLanguage":"pt-BR","potentialAction":[{"@type":"CommentAction","name":"Comment","target":["https:\/\/www.gaveanews.com\/index.php\/2024\/03\/21\/comentarista-aponta-jogador-ideal-para-substituir-everton-ribeiro-no-flamengo\/#respond"]}],"copyrightYear":"2024","copyrightHolder":{"@id":"https:\/\/www.gaveanews.com\/#organization"}},{"@type":"WebPage","@id":"https:\/\/www.gaveanews.com\/index.php\/2024\/03\/21\/comentarista-aponta-jogador-ideal-para-substituir-everton-ribeiro-no-flamengo\/","url":"https:\/\/www.gaveanews.com\/index.php\/2024\/03\/21\/comentarista-aponta-jogador-ideal-para-substituir-everton-ribeiro-no-flamengo\/","name":"Comentarista aponta substituto ideal para Everton Ribeiro no Flamengo","isPartOf":{"@id":"https:\/\/www.gaveanews.com\/#website"},"primaryImageOfPage":{"@id":"https:\/\/www.gaveanews.com\/index.php\/2024\/03\/21\/comentarista-aponta-jogador-ideal-para-substituir-everton-ribeiro-no-flamengo\/#primaryimage"},"image":{"@id":"https:\/\/www.gaveanews.com\/index.php\/2024\/03\/21\/comentarista-aponta-jogador-ideal-para-substituir-everton-ribeiro-no-flamengo\/#primaryimage"},"thumbnailUrl":"https:\/\/www.gaveanews.com\/wp-content\/uploads\/everton-ribeiro-flamengo-gol-america-mg.webp","datePublished":"2024-03-21T22:07:05+00:00","dateModified":"2024-04-07T02:23:38+00:00","author":{"@id":"https:\/\/www.gaveanews.com\/#\/schema\/person\/51b3ba6a493cf9e7af9ce2c6d0d4ff1c"},"breadcrumb":{"@id":"https:\/\/www.gaveanews.com\/index.php\/2024\/03\/21\/comentarista-aponta-jogador-ideal-para-substituir-everton-ribeiro-no-flamengo\/#breadcrumb"},"inLanguage":"pt-BR","potentialAction":[{"@type":"ReadAction","target":["https:\/\/www.gaveanews.com\/index.php\/2024\/03\/21\/comentarista-aponta-jogador-ideal-para-substituir-everton-ribeiro-no-flamengo\/"]}]},{"@type":"ImageObject","inLanguage":"pt-BR","@id":"https:\/\/www.gaveanews.com\/index.php\/2024\/03\/21\/comentarista-aponta-jogador-ideal-para-substituir-everton-ribeiro-no-flamengo\/#primaryimage","url":"https:\/\/www.gaveanews.com\/wp-content\/uploads\/everton-ribeiro-flamengo-gol-america-mg.webp","contentUrl":"https:\/\/www.gaveanews.com\/wp-content\/uploads\/everton-ribeiro-flamengo-gol-america-mg.webp","width":900,"height":600,"caption":"Everton Ribeiro comemora gol marcado pelo Flamengo (Foto: Gilvan de Souza\/Flamengo)"},{"@type":"BreadcrumbList","@id":"https:\/\/www.gaveanews.com\/index.php\/2024\/03\/21\/comentarista-aponta-jogador-ideal-para-substituir-everton-ribeiro-no-flamengo\/#breadcrumb","itemListElement":[{"@type":"ListItem","position":1,"name":"Home","item":"https:\/\/www.gaveanews.com\/"},{"@type":"ListItem","position":2,"name":"Comentarista aponta substituto ideal para Everton Ribeiro no Flamengo"}]},{"@type":"WebSite","@id":"https:\/\/www.gaveanews.com\/#website","url":"https:\/\/www.gaveanews.com\/","name":"G\u00e1vea News","description":"Veja todas as not\u00edcias sobre o Flamengo: Contrata\u00e7\u00f5es, categorias de base, resultados das partidas, tabela de classifica\u00e7\u00e3o, pr\u00f3ximos jogos!","potentialAction":[{"@type":"SearchAction","target":{"@type":"EntryPoint","urlTemplate":"https:\/\/www.gaveanews.com\/?s={search_term_string}"},"query-input":{"@type":"PropertyValueSpecification","valueRequired":true,"valueName":"search_term_string"}}],"inLanguage":"pt-BR"},{"@type":"Person","@id":"https:\/\/www.gaveanews.com\/#\/schema\/person\/51b3ba6a493cf9e7af9ce2c6d0d4ff1c","name":"Kayo Silva","image":{"@type":"ImageObject","inLanguage":"pt-BR","@id":"https:\/\/www.gaveanews.com\/#\/schema\/person\/image\/","url":"https:\/\/secure.gravatar.com\/avatar\/af6d65cafc646a65c39c5fcb2a1ef51b863a81461770cfff553ec2fdd931c68c?s=96&d=mm&r=g","contentUrl":"https:\/\/secure.gravatar.com\/avatar\/af6d65cafc646a65c39c5fcb2a1ef51b863a81461770cfff553ec2fdd931c68c?s=96&d=mm&r=g","caption":"Kayo Silva"}}]}},"_links":{"self":[{"href":"https:\/\/www.gaveanews.com\/index.php\/wp-json\/wp\/v2\/posts\/132236","targetHints":{"allow":["GET"]}}],"collection":[{"href":"https:\/\/www.gaveanews.com\/index.php\/wp-json\/wp\/v2\/posts"}],"about":[{"href":"https:\/\/www.gaveanews.com\/index.php\/wp-json\/wp\/v2\/types\/post"}],"author":[{"embeddable":true,"href":"https:\/\/www.gaveanews.com\/index.php\/wp-json\/wp\/v2\/users\/10"}],"replies":[{"embeddable":true,"href":"https:\/\/www.gaveanews.com\/index.php\/wp-json\/wp\/v2\/comments?post=132236"}],"version-history":[{"count":7,"href":"https:\/\/www.gaveanews.com\/index.php\/wp-json\/wp\/v2\/posts\/132236\/revisions"}],"predecessor-version":[{"id":132274,"href":"https:\/\/www.gaveanews.com\/index.php\/wp-json\/wp\/v2\/posts\/132236\/revisions\/132274"}],"wp:featuredmedia":[{"embeddable":true,"href":"https:\/\/www.gaveanews.com\/index.php\/wp-json\/wp\/v2\/media\/113039"}],"wp:attachment":[{"href":"https:\/\/www.gaveanews.com\/index.php\/wp-json\/wp\/v2\/media?parent=132236"}],"wp:term":[{"taxonomy":"category","embeddable":true,"href":"https:\/\/www.gaveanews.com\/index.php\/wp-json\/wp\/v2\/categories?post=132236"},{"taxonomy":"post_tag","embeddable":true,"href":"https:\/\/www.gaveanews.com\/index.php\/wp-json\/wp\/v2\/tags?post=132236"}],"curies":[{"name":"wp","href":"https:\/\/api.w.org\/{rel}","templated":true}]}}