{"id":132322,"date":"2024-03-22T07:01:56","date_gmt":"2024-03-22T10:01:56","guid":{"rendered":"https:\/\/www.gaveanews.com\/?p=132322"},"modified":"2024-03-22T07:02:02","modified_gmt":"2024-03-22T10:02:02","slug":"atualizacao-sobre-a-situacao-de-gerson-no-flamengo","status":"publish","type":"post","link":"https:\/\/www.gaveanews.com\/index.php\/2024\/03\/22\/atualizacao-sobre-a-situacao-de-gerson-no-flamengo\/","title":{"rendered":"Atualiza\u00e7\u00e3o sobre a situa\u00e7\u00e3o de Gerson no Flamengo"},"content":{"rendered":"\n<p>O Flamengo e seus torcedores acompanham atentamente o processo de recupera\u00e7\u00e3o de Gerson. Recentemente, ele passou por uma cirurgia renal para tratar uma condi\u00e7\u00e3o conhecida como hidronefrose, caracterizada pela dilata\u00e7\u00e3o do rim devido a uma obstru\u00e7\u00e3o no fluxo urin\u00e1rio. O procedimento realizado foi uma pieloplastia, destinada a corrigir uma estenose cong\u00eanita que causava o problema.<\/p>\n\n\n\n<p>Desde ent\u00e3o, a evolu\u00e7\u00e3o de Gerson tem sido acompanhada de perto pelo Departamento M\u00e9dico do Flamengo. A jornalista Raisa Simplicio, do site &#8220;Goal&#8221;, trouxe informa\u00e7\u00f5es animadoras sobre a recupera\u00e7\u00e3o do atleta, que vem sendo classificada como &#8220;excelente&#8221;. Gerson tem realizado atividades leves no Ninho do Urubu, mostrando-se empenhado em voltar aos gramados o quanto antes. Essas atividades s\u00e3o parte de uma avalia\u00e7\u00e3o semanal, que ajuda a equipe m\u00e9dica a definir um prazo para o retorno do jogador.<\/p>\n\n\n\n<p>Apesar de ainda n\u00e3o ter uma data definida para voltar a jogar, Gerson mant\u00e9m-se ligado ao restante do grupo, sendo uma presen\u00e7a constante nas arquibancadas do Maracan\u00e3, onde apoia seus companheiros de equipe. Esse suporte vem em um momento crucial, demonstrando o esp\u00edrito de uni\u00e3o que prevalece no elenco.<\/p>\n\n\n\n<p>A esperan\u00e7a \u00e9 que Gerson possa retornar aos gramados j\u00e1 no pr\u00f3ximo m\u00eas, embora esteja confirmado que ele n\u00e3o participar\u00e1 das finais do Campeonato Carioca nem das duas primeiras partidas da fase de grupos da Libertadores. <\/p>\n\n\n\n<h2 class=\"wp-block-heading\" id=\"h-gerson-santos-da-silva\">Gerson Santos da Silva<\/h2>\n\n\n\n<p>Gerson Santos da Silva, conhecido no mundo do futebol simplesmente como Gerson, \u00e9 um meio-campista que tem deixado sua marca no futebol brasileiro. Revelado pelo Fluminense, onde come\u00e7ou sua jornada no futsal antes de se profissionalizar, Gerson logo chamou a aten\u00e7\u00e3o por seu talento. Sua habilidade no meio de campo levou o Fluminense a inscrev\u00ea-lo na Copa Sul-Americana de 2014, apesar de n\u00e3o ter entrado em campo naquela competi\u00e7\u00e3o. Sua estreia profissional veio no Campeonato Carioca de 2015, e n\u00e3o demorou muito para que sua performance atra\u00edsse o interesse de clubes europeus\u200b\u200b.<\/p>\n\n\n\n<p>A trajet\u00f3ria de Gerson na Europa come\u00e7ou na Roma, para onde se transferiu ap\u00f3s um breve impasse com o Barcelona. Na Roma, ele teve a chance de mostrar seu valor, mas encontrou espa\u00e7o limitado para jogadores extracomunit\u00e1rios, o que resultou em um empr\u00e9stimo de volta ao Fluminense. Durante esse per\u00edodo, ele deixou uma impress\u00e3o marcante. Sua jornada na Europa continuou com um empr\u00e9stimo \u00e0 Fiorentina, onde sua contribui\u00e7\u00e3o foi vital para v\u00e1rias vit\u00f3rias da equipe, demonstrando sua capacidade de influenciar jogos no cen\u00e1rio italiano\u200b\u200b.<\/p>\n\n\n\n<p>Em 2019, Gerson retornou ao Brasil para defender o Flamengo, clube que o anunciou como seu s\u00e9timo refor\u00e7o para a temporada. Sua chegada ao clube carioca n\u00e3o apenas refor\u00e7ou o meio-campo, mas tamb\u00e9m o estabeleceu como um dos jogadores brasileiros mais caros contratados por um clube brasileiro at\u00e9 ent\u00e3o.<\/p>\n\n\n\n<p>Em 2021, Gerson defendeu o Olympique de Marseille, na Fran\u00e7a, antes de retornar ao Flamengo em 2023. Al\u00e9m disso, Gerson tamb\u00e9m integrou a Sele\u00e7\u00e3o Brasileira, estreando em 2021 e conquistando a Copa Am\u00e9rica naquele mesmo ano. Sua t\u00e9cnica refinada e capacidade de ditar o ritmo do jogo prometem ainda mais conquistas para Gerson.<\/p>\n","protected":false},"excerpt":{"rendered":"<p>O Flamengo e seus torcedores acompanham atentamente o processo de recupera\u00e7\u00e3o de Gerson. Recentemente, ele passou por uma cirurgia renal para tratar uma condi\u00e7\u00e3o conhecida como hidronefrose, caracterizada pela dilata\u00e7\u00e3o do rim devido a uma obstru\u00e7\u00e3o no fluxo urin\u00e1rio. O procedimento realizado foi uma pieloplastia, destinada a corrigir uma estenose cong\u00eanita que causava o problema. [&hellip;]<\/p>\n","protected":false},"author":1,"featured_media":113040,"comment_status":"open","ping_status":"closed","sticky":false,"template":"","format":"standard","meta":{"footnotes":""},"categories":[1],"tags":[],"class_list":["post-132322","post","type-post","status-publish","format-standard","has-post-thumbnail","hentry","category-flamengo"],"yoast_head":"<!-- This site is optimized with the Yoast SEO Premium plugin v24.2 (Yoast SEO v26.9) - https:\/\/yoast.com\/product\/yoast-seo-premium-wordpress\/ -->\n<title>Atualiza\u00e7\u00e3o sobre a situa\u00e7\u00e3o de Gerson no Flamengo<\/title>\n<meta name=\"robots\" content=\"index, follow, max-snippet:-1, max-image-preview:large, max-video-preview:-1\" \/>\n<link rel=\"canonical\" href=\"https:\/\/www.gaveanews.com\/index.php\/2024\/03\/22\/atualizacao-sobre-a-situacao-de-gerson-no-flamengo\/\" \/>\n<meta property=\"og:locale\" content=\"pt_BR\" \/>\n<meta property=\"og:type\" content=\"article\" \/>\n<meta property=\"og:title\" content=\"Atualiza\u00e7\u00e3o sobre a situa\u00e7\u00e3o de Gerson no Flamengo\" \/>\n<meta property=\"og:description\" content=\"O Flamengo e seus torcedores acompanham atentamente o processo de recupera\u00e7\u00e3o de Gerson. Recentemente, ele passou por uma cirurgia renal para tratar uma condi\u00e7\u00e3o conhecida como hidronefrose, caracterizada pela dilata\u00e7\u00e3o do rim devido a uma obstru\u00e7\u00e3o no fluxo urin\u00e1rio. O procedimento realizado foi uma pieloplastia, destinada a corrigir uma estenose cong\u00eanita que causava o problema. [&hellip;]\" \/>\n<meta property=\"og:url\" content=\"https:\/\/www.gaveanews.com\/index.php\/2024\/03\/22\/atualizacao-sobre-a-situacao-de-gerson-no-flamengo\/\" \/>\n<meta property=\"og:site_name\" content=\"G\u00e1vea News\" \/>\n<meta property=\"article:publisher\" content=\"https:\/\/facebook.com\/gaveaNews\/\" \/>\n<meta property=\"article:published_time\" content=\"2024-03-22T10:01:56+00:00\" \/>\n<meta property=\"article:modified_time\" content=\"2024-03-22T10:02:02+00:00\" \/>\n<meta property=\"og:image\" content=\"https:\/\/www.gaveanews.com\/wp-content\/uploads\/gerson-flamengo.webp\" \/>\n\t<meta property=\"og:image:width\" content=\"900\" \/>\n\t<meta property=\"og:image:height\" content=\"600\" \/>\n\t<meta property=\"og:image:type\" content=\"image\/jpeg\" \/>\n<meta name=\"author\" content=\"Equipe G\u00e1vea News\" \/>\n<meta name=\"twitter:card\" content=\"summary_large_image\" \/>\n<meta name=\"twitter:label1\" content=\"Escrito por\" \/>\n\t<meta name=\"twitter:data1\" content=\"Equipe G\u00e1vea News\" \/>\n\t<meta name=\"twitter:label2\" content=\"Est. tempo de leitura\" \/>\n\t<meta name=\"twitter:data2\" content=\"3 minutos\" \/>\n<script type=\"application\/ld+json\" class=\"yoast-schema-graph\">{\"@context\":\"https:\/\/schema.org\",\"@graph\":[{\"@type\":\"NewsArticle\",\"@id\":\"https:\/\/www.gaveanews.com\/index.php\/2024\/03\/22\/atualizacao-sobre-a-situacao-de-gerson-no-flamengo\/#article\",\"isPartOf\":{\"@id\":\"https:\/\/www.gaveanews.com\/index.php\/2024\/03\/22\/atualizacao-sobre-a-situacao-de-gerson-no-flamengo\/\"},\"author\":{\"name\":\"Equipe G\u00e1vea News\",\"@id\":\"https:\/\/www.gaveanews.com\/#\/schema\/person\/2ec14f73fb96be2caf28f91afb14749d\"},\"headline\":\"Atualiza\u00e7\u00e3o sobre a situa\u00e7\u00e3o de Gerson no Flamengo\",\"datePublished\":\"2024-03-22T10:01:56+00:00\",\"dateModified\":\"2024-03-22T10:02:02+00:00\",\"mainEntityOfPage\":{\"@id\":\"https:\/\/www.gaveanews.com\/index.php\/2024\/03\/22\/atualizacao-sobre-a-situacao-de-gerson-no-flamengo\/\"},\"wordCount\":555,\"commentCount\":0,\"image\":{\"@id\":\"https:\/\/www.gaveanews.com\/index.php\/2024\/03\/22\/atualizacao-sobre-a-situacao-de-gerson-no-flamengo\/#primaryimage\"},\"thumbnailUrl\":\"https:\/\/www.gaveanews.com\/wp-content\/uploads\/gerson-flamengo.webp\",\"articleSection\":[\"Flamengo\"],\"inLanguage\":\"pt-BR\",\"potentialAction\":[{\"@type\":\"CommentAction\",\"name\":\"Comment\",\"target\":[\"https:\/\/www.gaveanews.com\/index.php\/2024\/03\/22\/atualizacao-sobre-a-situacao-de-gerson-no-flamengo\/#respond\"]}],\"copyrightYear\":\"2024\",\"copyrightHolder\":{\"@id\":\"https:\/\/www.gaveanews.com\/#organization\"}},{\"@type\":\"WebPage\",\"@id\":\"https:\/\/www.gaveanews.com\/index.php\/2024\/03\/22\/atualizacao-sobre-a-situacao-de-gerson-no-flamengo\/\",\"url\":\"https:\/\/www.gaveanews.com\/index.php\/2024\/03\/22\/atualizacao-sobre-a-situacao-de-gerson-no-flamengo\/\",\"name\":\"Atualiza\u00e7\u00e3o sobre a situa\u00e7\u00e3o de Gerson no Flamengo\",\"isPartOf\":{\"@id\":\"https:\/\/www.gaveanews.com\/#website\"},\"primaryImageOfPage\":{\"@id\":\"https:\/\/www.gaveanews.com\/index.php\/2024\/03\/22\/atualizacao-sobre-a-situacao-de-gerson-no-flamengo\/#primaryimage\"},\"image\":{\"@id\":\"https:\/\/www.gaveanews.com\/index.php\/2024\/03\/22\/atualizacao-sobre-a-situacao-de-gerson-no-flamengo\/#primaryimage\"},\"thumbnailUrl\":\"https:\/\/www.gaveanews.com\/wp-content\/uploads\/gerson-flamengo.webp\",\"datePublished\":\"2024-03-22T10:01:56+00:00\",\"dateModified\":\"2024-03-22T10:02:02+00:00\",\"author\":{\"@id\":\"https:\/\/www.gaveanews.com\/#\/schema\/person\/2ec14f73fb96be2caf28f91afb14749d\"},\"breadcrumb\":{\"@id\":\"https:\/\/www.gaveanews.com\/index.php\/2024\/03\/22\/atualizacao-sobre-a-situacao-de-gerson-no-flamengo\/#breadcrumb\"},\"inLanguage\":\"pt-BR\",\"potentialAction\":[{\"@type\":\"ReadAction\",\"target\":[\"https:\/\/www.gaveanews.com\/index.php\/2024\/03\/22\/atualizacao-sobre-a-situacao-de-gerson-no-flamengo\/\"]}]},{\"@type\":\"ImageObject\",\"inLanguage\":\"pt-BR\",\"@id\":\"https:\/\/www.gaveanews.com\/index.php\/2024\/03\/22\/atualizacao-sobre-a-situacao-de-gerson-no-flamengo\/#primaryimage\",\"url\":\"https:\/\/www.gaveanews.com\/wp-content\/uploads\/gerson-flamengo.webp\",\"contentUrl\":\"https:\/\/www.gaveanews.com\/wp-content\/uploads\/gerson-flamengo.webp\",\"width\":900,\"height\":600,\"caption\":\"Gerson em atua\u00e7\u00e3o pelo Flamengo (Foto: Gilvan de Souza\/Flamengo)\"},{\"@type\":\"BreadcrumbList\",\"@id\":\"https:\/\/www.gaveanews.com\/index.php\/2024\/03\/22\/atualizacao-sobre-a-situacao-de-gerson-no-flamengo\/#breadcrumb\",\"itemListElement\":[{\"@type\":\"ListItem\",\"position\":1,\"name\":\"Home\",\"item\":\"https:\/\/www.gaveanews.com\/\"},{\"@type\":\"ListItem\",\"position\":2,\"name\":\"Atualiza\u00e7\u00e3o sobre a situa\u00e7\u00e3o de Gerson no Flamengo\"}]},{\"@type\":\"WebSite\",\"@id\":\"https:\/\/www.gaveanews.com\/#website\",\"url\":\"https:\/\/www.gaveanews.com\/\",\"name\":\"G\u00e1vea News\",\"description\":\"Veja todas as not\u00edcias sobre o Flamengo: Contrata\u00e7\u00f5es, categorias de base, resultados das partidas, tabela de classifica\u00e7\u00e3o, pr\u00f3ximos jogos!\",\"potentialAction\":[{\"@type\":\"SearchAction\",\"target\":{\"@type\":\"EntryPoint\",\"urlTemplate\":\"https:\/\/www.gaveanews.com\/?s={search_term_string}\"},\"query-input\":{\"@type\":\"PropertyValueSpecification\",\"valueRequired\":true,\"valueName\":\"search_term_string\"}}],\"inLanguage\":\"pt-BR\"},{\"@type\":\"Person\",\"@id\":\"https:\/\/www.gaveanews.com\/#\/schema\/person\/2ec14f73fb96be2caf28f91afb14749d\",\"name\":\"Equipe G\u00e1vea News\",\"image\":{\"@type\":\"ImageObject\",\"inLanguage\":\"pt-BR\",\"@id\":\"https:\/\/www.gaveanews.com\/#\/schema\/person\/image\/\",\"url\":\"https:\/\/secure.gravatar.com\/avatar\/1e1956f1facbffd3f8fa53a326721950116b3b9dc9bd44939c01180fd4a745a9?s=96&d=mm&r=g\",\"contentUrl\":\"https:\/\/secure.gravatar.com\/avatar\/1e1956f1facbffd3f8fa53a326721950116b3b9dc9bd44939c01180fd4a745a9?s=96&d=mm&r=g\",\"caption\":\"Equipe G\u00e1vea News\"}}]}<\/script>\n<!-- \/ Yoast SEO Premium plugin. -->","yoast_head_json":{"title":"Atualiza\u00e7\u00e3o sobre a situa\u00e7\u00e3o de Gerson no Flamengo","robots":{"index":"index","follow":"follow","max-snippet":"max-snippet:-1","max-image-preview":"max-image-preview:large","max-video-preview":"max-video-preview:-1"},"canonical":"https:\/\/www.gaveanews.com\/index.php\/2024\/03\/22\/atualizacao-sobre-a-situacao-de-gerson-no-flamengo\/","og_locale":"pt_BR","og_type":"article","og_title":"Atualiza\u00e7\u00e3o sobre a situa\u00e7\u00e3o de Gerson no Flamengo","og_description":"O Flamengo e seus torcedores acompanham atentamente o processo de recupera\u00e7\u00e3o de Gerson. Recentemente, ele passou por uma cirurgia renal para tratar uma condi\u00e7\u00e3o conhecida como hidronefrose, caracterizada pela dilata\u00e7\u00e3o do rim devido a uma obstru\u00e7\u00e3o no fluxo urin\u00e1rio. O procedimento realizado foi uma pieloplastia, destinada a corrigir uma estenose cong\u00eanita que causava o problema. [&hellip;]","og_url":"https:\/\/www.gaveanews.com\/index.php\/2024\/03\/22\/atualizacao-sobre-a-situacao-de-gerson-no-flamengo\/","og_site_name":"G\u00e1vea News","article_publisher":"https:\/\/facebook.com\/gaveaNews\/","article_published_time":"2024-03-22T10:01:56+00:00","article_modified_time":"2024-03-22T10:02:02+00:00","og_image":[{"width":900,"height":600,"url":"https:\/\/www.gaveanews.com\/wp-content\/uploads\/gerson-flamengo.webp","type":"image\/jpeg"}],"author":"Equipe G\u00e1vea News","twitter_card":"summary_large_image","twitter_misc":{"Escrito por":"Equipe G\u00e1vea News","Est. tempo de leitura":"3 minutos"},"schema":{"@context":"https:\/\/schema.org","@graph":[{"@type":"NewsArticle","@id":"https:\/\/www.gaveanews.com\/index.php\/2024\/03\/22\/atualizacao-sobre-a-situacao-de-gerson-no-flamengo\/#article","isPartOf":{"@id":"https:\/\/www.gaveanews.com\/index.php\/2024\/03\/22\/atualizacao-sobre-a-situacao-de-gerson-no-flamengo\/"},"author":{"name":"Equipe G\u00e1vea News","@id":"https:\/\/www.gaveanews.com\/#\/schema\/person\/2ec14f73fb96be2caf28f91afb14749d"},"headline":"Atualiza\u00e7\u00e3o sobre a situa\u00e7\u00e3o de Gerson no Flamengo","datePublished":"2024-03-22T10:01:56+00:00","dateModified":"2024-03-22T10:02:02+00:00","mainEntityOfPage":{"@id":"https:\/\/www.gaveanews.com\/index.php\/2024\/03\/22\/atualizacao-sobre-a-situacao-de-gerson-no-flamengo\/"},"wordCount":555,"commentCount":0,"image":{"@id":"https:\/\/www.gaveanews.com\/index.php\/2024\/03\/22\/atualizacao-sobre-a-situacao-de-gerson-no-flamengo\/#primaryimage"},"thumbnailUrl":"https:\/\/www.gaveanews.com\/wp-content\/uploads\/gerson-flamengo.webp","articleSection":["Flamengo"],"inLanguage":"pt-BR","potentialAction":[{"@type":"CommentAction","name":"Comment","target":["https:\/\/www.gaveanews.com\/index.php\/2024\/03\/22\/atualizacao-sobre-a-situacao-de-gerson-no-flamengo\/#respond"]}],"copyrightYear":"2024","copyrightHolder":{"@id":"https:\/\/www.gaveanews.com\/#organization"}},{"@type":"WebPage","@id":"https:\/\/www.gaveanews.com\/index.php\/2024\/03\/22\/atualizacao-sobre-a-situacao-de-gerson-no-flamengo\/","url":"https:\/\/www.gaveanews.com\/index.php\/2024\/03\/22\/atualizacao-sobre-a-situacao-de-gerson-no-flamengo\/","name":"Atualiza\u00e7\u00e3o sobre a situa\u00e7\u00e3o de Gerson no Flamengo","isPartOf":{"@id":"https:\/\/www.gaveanews.com\/#website"},"primaryImageOfPage":{"@id":"https:\/\/www.gaveanews.com\/index.php\/2024\/03\/22\/atualizacao-sobre-a-situacao-de-gerson-no-flamengo\/#primaryimage"},"image":{"@id":"https:\/\/www.gaveanews.com\/index.php\/2024\/03\/22\/atualizacao-sobre-a-situacao-de-gerson-no-flamengo\/#primaryimage"},"thumbnailUrl":"https:\/\/www.gaveanews.com\/wp-content\/uploads\/gerson-flamengo.webp","datePublished":"2024-03-22T10:01:56+00:00","dateModified":"2024-03-22T10:02:02+00:00","author":{"@id":"https:\/\/www.gaveanews.com\/#\/schema\/person\/2ec14f73fb96be2caf28f91afb14749d"},"breadcrumb":{"@id":"https:\/\/www.gaveanews.com\/index.php\/2024\/03\/22\/atualizacao-sobre-a-situacao-de-gerson-no-flamengo\/#breadcrumb"},"inLanguage":"pt-BR","potentialAction":[{"@type":"ReadAction","target":["https:\/\/www.gaveanews.com\/index.php\/2024\/03\/22\/atualizacao-sobre-a-situacao-de-gerson-no-flamengo\/"]}]},{"@type":"ImageObject","inLanguage":"pt-BR","@id":"https:\/\/www.gaveanews.com\/index.php\/2024\/03\/22\/atualizacao-sobre-a-situacao-de-gerson-no-flamengo\/#primaryimage","url":"https:\/\/www.gaveanews.com\/wp-content\/uploads\/gerson-flamengo.webp","contentUrl":"https:\/\/www.gaveanews.com\/wp-content\/uploads\/gerson-flamengo.webp","width":900,"height":600,"caption":"Gerson em atua\u00e7\u00e3o pelo Flamengo (Foto: Gilvan de Souza\/Flamengo)"},{"@type":"BreadcrumbList","@id":"https:\/\/www.gaveanews.com\/index.php\/2024\/03\/22\/atualizacao-sobre-a-situacao-de-gerson-no-flamengo\/#breadcrumb","itemListElement":[{"@type":"ListItem","position":1,"name":"Home","item":"https:\/\/www.gaveanews.com\/"},{"@type":"ListItem","position":2,"name":"Atualiza\u00e7\u00e3o sobre a situa\u00e7\u00e3o de Gerson no Flamengo"}]},{"@type":"WebSite","@id":"https:\/\/www.gaveanews.com\/#website","url":"https:\/\/www.gaveanews.com\/","name":"G\u00e1vea News","description":"Veja todas as not\u00edcias sobre o Flamengo: Contrata\u00e7\u00f5es, categorias de base, resultados das partidas, tabela de classifica\u00e7\u00e3o, pr\u00f3ximos jogos!","potentialAction":[{"@type":"SearchAction","target":{"@type":"EntryPoint","urlTemplate":"https:\/\/www.gaveanews.com\/?s={search_term_string}"},"query-input":{"@type":"PropertyValueSpecification","valueRequired":true,"valueName":"search_term_string"}}],"inLanguage":"pt-BR"},{"@type":"Person","@id":"https:\/\/www.gaveanews.com\/#\/schema\/person\/2ec14f73fb96be2caf28f91afb14749d","name":"Equipe G\u00e1vea News","image":{"@type":"ImageObject","inLanguage":"pt-BR","@id":"https:\/\/www.gaveanews.com\/#\/schema\/person\/image\/","url":"https:\/\/secure.gravatar.com\/avatar\/1e1956f1facbffd3f8fa53a326721950116b3b9dc9bd44939c01180fd4a745a9?s=96&d=mm&r=g","contentUrl":"https:\/\/secure.gravatar.com\/avatar\/1e1956f1facbffd3f8fa53a326721950116b3b9dc9bd44939c01180fd4a745a9?s=96&d=mm&r=g","caption":"Equipe G\u00e1vea News"}}]}},"_links":{"self":[{"href":"https:\/\/www.gaveanews.com\/index.php\/wp-json\/wp\/v2\/posts\/132322","targetHints":{"allow":["GET"]}}],"collection":[{"href":"https:\/\/www.gaveanews.com\/index.php\/wp-json\/wp\/v2\/posts"}],"about":[{"href":"https:\/\/www.gaveanews.com\/index.php\/wp-json\/wp\/v2\/types\/post"}],"author":[{"embeddable":true,"href":"https:\/\/www.gaveanews.com\/index.php\/wp-json\/wp\/v2\/users\/1"}],"replies":[{"embeddable":true,"href":"https:\/\/www.gaveanews.com\/index.php\/wp-json\/wp\/v2\/comments?post=132322"}],"version-history":[{"count":1,"href":"https:\/\/www.gaveanews.com\/index.php\/wp-json\/wp\/v2\/posts\/132322\/revisions"}],"predecessor-version":[{"id":132324,"href":"https:\/\/www.gaveanews.com\/index.php\/wp-json\/wp\/v2\/posts\/132322\/revisions\/132324"}],"wp:featuredmedia":[{"embeddable":true,"href":"https:\/\/www.gaveanews.com\/index.php\/wp-json\/wp\/v2\/media\/113040"}],"wp:attachment":[{"href":"https:\/\/www.gaveanews.com\/index.php\/wp-json\/wp\/v2\/media?parent=132322"}],"wp:term":[{"taxonomy":"category","embeddable":true,"href":"https:\/\/www.gaveanews.com\/index.php\/wp-json\/wp\/v2\/categories?post=132322"},{"taxonomy":"post_tag","embeddable":true,"href":"https:\/\/www.gaveanews.com\/index.php\/wp-json\/wp\/v2\/tags?post=132322"}],"curies":[{"name":"wp","href":"https:\/\/api.w.org\/{rel}","templated":true}]}}