{"id":132330,"date":"2024-03-22T08:00:08","date_gmt":"2024-03-22T11:00:08","guid":{"rendered":"https:\/\/www.gaveanews.com\/?p=132330"},"modified":"2024-03-22T08:11:23","modified_gmt":"2024-03-22T11:11:23","slug":"imprensa-da-europa-aponta-que-o-flamengo-pode-vender-mais-um-jogador-para-a-premier-league","status":"publish","type":"post","link":"https:\/\/www.gaveanews.com\/index.php\/2024\/03\/22\/imprensa-da-europa-aponta-que-o-flamengo-pode-vender-mais-um-jogador-para-a-premier-league\/","title":{"rendered":"Imprensa da Europa aponta que o Flamengo pode vender mais um jogador para a Premier League"},"content":{"rendered":"\n<p>Em meio \u00e0 pausa para a Data FIFA, o Flamengo n\u00e3o perde o foco na prepara\u00e7\u00e3o para as finais do Campeonato Carioca, onde enfrentar\u00e1 o Nova Igua\u00e7u. O clube rubro-negro vive um momento de expectativa, n\u00e3o apenas pelos desafios dentro das quatro linhas, mas tamb\u00e9m pela aten\u00e7\u00e3o que seus jogadores v\u00eam recebendo do exterior. Uma das figuras desse cen\u00e1rio \u00e9 o lateral direito Wesley, que, aos 20 anos, despertou o interesse do Brighton &amp; Hove Albion, time que disputa a Premier League.<\/p>\n\n\n\n<p>Segundo informa\u00e7\u00f5es veiculadas pela RTI Esporte, o clube ingl\u00eas est\u00e1 avaliando a possibilidade de formalizar uma oferta pelo jovem lateral. Os valores discutidos giram em torno de 4 milh\u00f5es de euros (aproximadamente R$ 21,7 milh\u00f5es) por 80% dos direitos econ\u00f4micos do jogador. Tal negocia\u00e7\u00e3o deixaria o Flamengo com 20% dos direitos, permitindo uma participa\u00e7\u00e3o em futuras vendas.<\/p>\n\n\n\n<p>No entanto, o Flamengo almeja valores mais elevados pela transfer\u00eancia de Wesley. A expectativa do clube carioca \u00e9 de receber uma proposta na ordem dos 8 milh\u00f5es de euros, o dobro do valor inicialmente ventilado pelo Brighton &amp; Hove Albion. Essa discrep\u00e2ncia indica que as negocia\u00e7\u00f5es podem se estender, uma vez que o valor desejado pelo Flamengo supera significativamente o montante que o clube ingl\u00eas parece disposto a investir no momento.<\/p>\n\n\n\n<figure class=\"wp-block-image size-full\"><img loading=\"lazy\" decoding=\"async\" width=\"900\" height=\"599\" src=\"https:\/\/www.gaveanews.com\/wp-content\/uploads\/wesley-flamengo-vasco.webp\" alt=\"\" class=\"wp-image-100068\" srcset=\"https:\/\/www.gaveanews.com\/wp-content\/uploads\/wesley-flamengo-vasco.webp 900w, https:\/\/www.gaveanews.com\/wp-content\/uploads\/wesley-flamengo-vasco-300x200.webp 300w, https:\/\/www.gaveanews.com\/wp-content\/uploads\/wesley-flamengo-vasco-768x511.webp 768w, https:\/\/www.gaveanews.com\/wp-content\/uploads\/wesley-flamengo-vasco-631x420.webp 631w, https:\/\/www.gaveanews.com\/wp-content\/uploads\/wesley-flamengo-vasco-640x426.webp 640w, https:\/\/www.gaveanews.com\/wp-content\/uploads\/wesley-flamengo-vasco-681x453.webp 681w, https:\/\/www.gaveanews.com\/wp-content\/uploads\/wesley-flamengo-vasco-100x67.webp 100w\" sizes=\"auto, (max-width: 900px) 100vw, 900px\" \/><figcaption class=\"wp-element-caption\">Wesley em a\u00e7\u00e3o pelo Flamengo em cl\u00e1ssico contra o Vasco (Foto: Marcelo Cortes\/Flamengo)<\/figcaption><\/figure>\n\n\n\n<p>Al\u00e9m das quest\u00f5es relacionadas \u00e0 sua poss\u00edvel transfer\u00eancia, Wesley enfrenta problemas fora das quatro linhas. O jogador est\u00e1 envolvido em um caso de den\u00fancia por agress\u00e3o e amea\u00e7a, o que adiciona uma camada de complexidade ao seu cen\u00e1rio atual. Enquanto responde \u00e0s investiga\u00e7\u00f5es da pol\u00edcia brasileira, Wesley busca manter seu foco no desempenho esportivo, um desafio que exige equil\u00edbrio e concentra\u00e7\u00e3o.<\/p>\n\n\n\n<p>Dentro do clube, a prepara\u00e7\u00e3o para as decisivas partidas do Campeonato Carioca segue a todo vapor. Wesley e seus companheiros de equipe est\u00e3o agendados para treinar nesta sexta-feira (22) \u00e0s 08h (hor\u00e1rio de Bras\u00edlia), no Ninho do Urubu. Esse momento \u00e9 crucial para o Flamengo, que busca conquistar o t\u00edtulo estadual e dar alegria aos seus torcedores.<\/p>\n\n\n\n<p>Nesse contexto de expectativas dentro e fora de campo, o Flamengo e Wesley enfrentam um per\u00edodo de defini\u00e7\u00f5es importantes. As negocia\u00e7\u00f5es com o Brighton &amp; Hove Albion, os desafios legais enfrentados pelo jogador e a prepara\u00e7\u00e3o para os jogos decisivos do Campeonato Carioca s\u00e3o fatores que testam a resili\u00eancia e a capacidade de foco do clube e do atleta. Para o Flamengo, as pr\u00f3ximas semanas ser\u00e3o decisivas, tanto para as aspira\u00e7\u00f5es do clube na temporada quanto para o futuro de uma de suas jovens promessas.<\/p>\n","protected":false},"excerpt":{"rendered":"<p>Em meio \u00e0 pausa para a Data FIFA, o Flamengo n\u00e3o perde o foco na prepara\u00e7\u00e3o para as finais do Campeonato Carioca, onde enfrentar\u00e1 o Nova Igua\u00e7u. O clube rubro-negro vive um momento de expectativa, n\u00e3o apenas pelos desafios dentro das quatro linhas, mas tamb\u00e9m pela aten\u00e7\u00e3o que seus jogadores v\u00eam recebendo do exterior. Uma [&hellip;]<\/p>\n","protected":false},"author":1,"featured_media":119279,"comment_status":"open","ping_status":"closed","sticky":false,"template":"","format":"standard","meta":{"footnotes":""},"categories":[1],"tags":[],"class_list":["post-132330","post","type-post","status-publish","format-standard","has-post-thumbnail","hentry","category-flamengo"],"yoast_head":"<!-- This site is optimized with the Yoast SEO Premium plugin v24.2 (Yoast SEO v26.9) - https:\/\/yoast.com\/product\/yoast-seo-premium-wordpress\/ -->\n<title>Imprensa da Europa aponta que o Flamengo pode vender mais um jogador para a Premier League<\/title>\n<meta name=\"robots\" content=\"index, follow, max-snippet:-1, max-image-preview:large, max-video-preview:-1\" \/>\n<link rel=\"canonical\" href=\"https:\/\/www.gaveanews.com\/index.php\/2024\/03\/22\/imprensa-da-europa-aponta-que-o-flamengo-pode-vender-mais-um-jogador-para-a-premier-league\/\" \/>\n<meta property=\"og:locale\" content=\"pt_BR\" \/>\n<meta property=\"og:type\" content=\"article\" \/>\n<meta property=\"og:title\" content=\"Imprensa da Europa aponta que o Flamengo pode vender mais um jogador para a Premier League\" \/>\n<meta property=\"og:description\" content=\"Em meio \u00e0 pausa para a Data FIFA, o Flamengo n\u00e3o perde o foco na prepara\u00e7\u00e3o para as finais do Campeonato Carioca, onde enfrentar\u00e1 o Nova Igua\u00e7u. O clube rubro-negro vive um momento de expectativa, n\u00e3o apenas pelos desafios dentro das quatro linhas, mas tamb\u00e9m pela aten\u00e7\u00e3o que seus jogadores v\u00eam recebendo do exterior. Uma [&hellip;]\" \/>\n<meta property=\"og:url\" content=\"https:\/\/www.gaveanews.com\/index.php\/2024\/03\/22\/imprensa-da-europa-aponta-que-o-flamengo-pode-vender-mais-um-jogador-para-a-premier-league\/\" \/>\n<meta property=\"og:site_name\" content=\"G\u00e1vea News\" \/>\n<meta property=\"article:publisher\" content=\"https:\/\/facebook.com\/gaveaNews\/\" \/>\n<meta property=\"article:published_time\" content=\"2024-03-22T11:00:08+00:00\" \/>\n<meta property=\"article:modified_time\" content=\"2024-03-22T11:11:23+00:00\" \/>\n<meta property=\"og:image\" content=\"https:\/\/www.gaveanews.com\/wp-content\/uploads\/chrome_nmAv2fdsxS.webp\" \/>\n\t<meta property=\"og:image:width\" content=\"798\" \/>\n\t<meta property=\"og:image:height\" content=\"529\" \/>\n\t<meta property=\"og:image:type\" content=\"image\/png\" \/>\n<meta name=\"author\" content=\"Equipe G\u00e1vea News\" \/>\n<meta name=\"twitter:card\" content=\"summary_large_image\" \/>\n<meta name=\"twitter:label1\" content=\"Escrito por\" \/>\n\t<meta name=\"twitter:data1\" content=\"Equipe G\u00e1vea News\" \/>\n\t<meta name=\"twitter:label2\" content=\"Est. tempo de leitura\" \/>\n\t<meta name=\"twitter:data2\" content=\"3 minutos\" \/>\n<script type=\"application\/ld+json\" class=\"yoast-schema-graph\">{\"@context\":\"https:\/\/schema.org\",\"@graph\":[{\"@type\":\"NewsArticle\",\"@id\":\"https:\/\/www.gaveanews.com\/index.php\/2024\/03\/22\/imprensa-da-europa-aponta-que-o-flamengo-pode-vender-mais-um-jogador-para-a-premier-league\/#article\",\"isPartOf\":{\"@id\":\"https:\/\/www.gaveanews.com\/index.php\/2024\/03\/22\/imprensa-da-europa-aponta-que-o-flamengo-pode-vender-mais-um-jogador-para-a-premier-league\/\"},\"author\":{\"name\":\"Equipe G\u00e1vea News\",\"@id\":\"https:\/\/www.gaveanews.com\/#\/schema\/person\/2ec14f73fb96be2caf28f91afb14749d\"},\"headline\":\"Imprensa da Europa aponta que o Flamengo pode vender mais um jogador para a Premier League\",\"datePublished\":\"2024-03-22T11:00:08+00:00\",\"dateModified\":\"2024-03-22T11:11:23+00:00\",\"mainEntityOfPage\":{\"@id\":\"https:\/\/www.gaveanews.com\/index.php\/2024\/03\/22\/imprensa-da-europa-aponta-que-o-flamengo-pode-vender-mais-um-jogador-para-a-premier-league\/\"},\"wordCount\":479,\"commentCount\":0,\"image\":{\"@id\":\"https:\/\/www.gaveanews.com\/index.php\/2024\/03\/22\/imprensa-da-europa-aponta-que-o-flamengo-pode-vender-mais-um-jogador-para-a-premier-league\/#primaryimage\"},\"thumbnailUrl\":\"https:\/\/www.gaveanews.com\/wp-content\/uploads\/chrome_nmAv2fdsxS.webp\",\"articleSection\":[\"Flamengo\"],\"inLanguage\":\"pt-BR\",\"potentialAction\":[{\"@type\":\"CommentAction\",\"name\":\"Comment\",\"target\":[\"https:\/\/www.gaveanews.com\/index.php\/2024\/03\/22\/imprensa-da-europa-aponta-que-o-flamengo-pode-vender-mais-um-jogador-para-a-premier-league\/#respond\"]}],\"copyrightYear\":\"2024\",\"copyrightHolder\":{\"@id\":\"https:\/\/www.gaveanews.com\/#organization\"}},{\"@type\":\"WebPage\",\"@id\":\"https:\/\/www.gaveanews.com\/index.php\/2024\/03\/22\/imprensa-da-europa-aponta-que-o-flamengo-pode-vender-mais-um-jogador-para-a-premier-league\/\",\"url\":\"https:\/\/www.gaveanews.com\/index.php\/2024\/03\/22\/imprensa-da-europa-aponta-que-o-flamengo-pode-vender-mais-um-jogador-para-a-premier-league\/\",\"name\":\"Imprensa da Europa aponta que o Flamengo pode vender mais um jogador para a Premier League\",\"isPartOf\":{\"@id\":\"https:\/\/www.gaveanews.com\/#website\"},\"primaryImageOfPage\":{\"@id\":\"https:\/\/www.gaveanews.com\/index.php\/2024\/03\/22\/imprensa-da-europa-aponta-que-o-flamengo-pode-vender-mais-um-jogador-para-a-premier-league\/#primaryimage\"},\"image\":{\"@id\":\"https:\/\/www.gaveanews.com\/index.php\/2024\/03\/22\/imprensa-da-europa-aponta-que-o-flamengo-pode-vender-mais-um-jogador-para-a-premier-league\/#primaryimage\"},\"thumbnailUrl\":\"https:\/\/www.gaveanews.com\/wp-content\/uploads\/chrome_nmAv2fdsxS.webp\",\"datePublished\":\"2024-03-22T11:00:08+00:00\",\"dateModified\":\"2024-03-22T11:11:23+00:00\",\"author\":{\"@id\":\"https:\/\/www.gaveanews.com\/#\/schema\/person\/2ec14f73fb96be2caf28f91afb14749d\"},\"breadcrumb\":{\"@id\":\"https:\/\/www.gaveanews.com\/index.php\/2024\/03\/22\/imprensa-da-europa-aponta-que-o-flamengo-pode-vender-mais-um-jogador-para-a-premier-league\/#breadcrumb\"},\"inLanguage\":\"pt-BR\",\"potentialAction\":[{\"@type\":\"ReadAction\",\"target\":[\"https:\/\/www.gaveanews.com\/index.php\/2024\/03\/22\/imprensa-da-europa-aponta-que-o-flamengo-pode-vender-mais-um-jogador-para-a-premier-league\/\"]}]},{\"@type\":\"ImageObject\",\"inLanguage\":\"pt-BR\",\"@id\":\"https:\/\/www.gaveanews.com\/index.php\/2024\/03\/22\/imprensa-da-europa-aponta-que-o-flamengo-pode-vender-mais-um-jogador-para-a-premier-league\/#primaryimage\",\"url\":\"https:\/\/www.gaveanews.com\/wp-content\/uploads\/chrome_nmAv2fdsxS.webp\",\"contentUrl\":\"https:\/\/www.gaveanews.com\/wp-content\/uploads\/chrome_nmAv2fdsxS.webp\",\"width\":798,\"height\":529,\"caption\":\"Marcos Braz \u2014 Foto: Alexandre Vidal\/Flamengo\"},{\"@type\":\"BreadcrumbList\",\"@id\":\"https:\/\/www.gaveanews.com\/index.php\/2024\/03\/22\/imprensa-da-europa-aponta-que-o-flamengo-pode-vender-mais-um-jogador-para-a-premier-league\/#breadcrumb\",\"itemListElement\":[{\"@type\":\"ListItem\",\"position\":1,\"name\":\"Home\",\"item\":\"https:\/\/www.gaveanews.com\/\"},{\"@type\":\"ListItem\",\"position\":2,\"name\":\"Imprensa da Europa aponta que o Flamengo pode vender mais um jogador para a Premier League\"}]},{\"@type\":\"WebSite\",\"@id\":\"https:\/\/www.gaveanews.com\/#website\",\"url\":\"https:\/\/www.gaveanews.com\/\",\"name\":\"G\u00e1vea News\",\"description\":\"Veja todas as not\u00edcias sobre o Flamengo: Contrata\u00e7\u00f5es, categorias de base, resultados das partidas, tabela de classifica\u00e7\u00e3o, pr\u00f3ximos jogos!\",\"potentialAction\":[{\"@type\":\"SearchAction\",\"target\":{\"@type\":\"EntryPoint\",\"urlTemplate\":\"https:\/\/www.gaveanews.com\/?s={search_term_string}\"},\"query-input\":{\"@type\":\"PropertyValueSpecification\",\"valueRequired\":true,\"valueName\":\"search_term_string\"}}],\"inLanguage\":\"pt-BR\"},{\"@type\":\"Person\",\"@id\":\"https:\/\/www.gaveanews.com\/#\/schema\/person\/2ec14f73fb96be2caf28f91afb14749d\",\"name\":\"Equipe G\u00e1vea News\",\"image\":{\"@type\":\"ImageObject\",\"inLanguage\":\"pt-BR\",\"@id\":\"https:\/\/www.gaveanews.com\/#\/schema\/person\/image\/\",\"url\":\"https:\/\/secure.gravatar.com\/avatar\/1e1956f1facbffd3f8fa53a326721950116b3b9dc9bd44939c01180fd4a745a9?s=96&d=mm&r=g\",\"contentUrl\":\"https:\/\/secure.gravatar.com\/avatar\/1e1956f1facbffd3f8fa53a326721950116b3b9dc9bd44939c01180fd4a745a9?s=96&d=mm&r=g\",\"caption\":\"Equipe G\u00e1vea News\"}}]}<\/script>\n<!-- \/ Yoast SEO Premium plugin. -->","yoast_head_json":{"title":"Imprensa da Europa aponta que o Flamengo pode vender mais um jogador para a Premier League","robots":{"index":"index","follow":"follow","max-snippet":"max-snippet:-1","max-image-preview":"max-image-preview:large","max-video-preview":"max-video-preview:-1"},"canonical":"https:\/\/www.gaveanews.com\/index.php\/2024\/03\/22\/imprensa-da-europa-aponta-que-o-flamengo-pode-vender-mais-um-jogador-para-a-premier-league\/","og_locale":"pt_BR","og_type":"article","og_title":"Imprensa da Europa aponta que o Flamengo pode vender mais um jogador para a Premier League","og_description":"Em meio \u00e0 pausa para a Data FIFA, o Flamengo n\u00e3o perde o foco na prepara\u00e7\u00e3o para as finais do Campeonato Carioca, onde enfrentar\u00e1 o Nova Igua\u00e7u. O clube rubro-negro vive um momento de expectativa, n\u00e3o apenas pelos desafios dentro das quatro linhas, mas tamb\u00e9m pela aten\u00e7\u00e3o que seus jogadores v\u00eam recebendo do exterior. Uma [&hellip;]","og_url":"https:\/\/www.gaveanews.com\/index.php\/2024\/03\/22\/imprensa-da-europa-aponta-que-o-flamengo-pode-vender-mais-um-jogador-para-a-premier-league\/","og_site_name":"G\u00e1vea News","article_publisher":"https:\/\/facebook.com\/gaveaNews\/","article_published_time":"2024-03-22T11:00:08+00:00","article_modified_time":"2024-03-22T11:11:23+00:00","og_image":[{"width":798,"height":529,"url":"https:\/\/www.gaveanews.com\/wp-content\/uploads\/chrome_nmAv2fdsxS.webp","type":"image\/png"}],"author":"Equipe G\u00e1vea News","twitter_card":"summary_large_image","twitter_misc":{"Escrito por":"Equipe G\u00e1vea News","Est. tempo de leitura":"3 minutos"},"schema":{"@context":"https:\/\/schema.org","@graph":[{"@type":"NewsArticle","@id":"https:\/\/www.gaveanews.com\/index.php\/2024\/03\/22\/imprensa-da-europa-aponta-que-o-flamengo-pode-vender-mais-um-jogador-para-a-premier-league\/#article","isPartOf":{"@id":"https:\/\/www.gaveanews.com\/index.php\/2024\/03\/22\/imprensa-da-europa-aponta-que-o-flamengo-pode-vender-mais-um-jogador-para-a-premier-league\/"},"author":{"name":"Equipe G\u00e1vea News","@id":"https:\/\/www.gaveanews.com\/#\/schema\/person\/2ec14f73fb96be2caf28f91afb14749d"},"headline":"Imprensa da Europa aponta que o Flamengo pode vender mais um jogador para a Premier League","datePublished":"2024-03-22T11:00:08+00:00","dateModified":"2024-03-22T11:11:23+00:00","mainEntityOfPage":{"@id":"https:\/\/www.gaveanews.com\/index.php\/2024\/03\/22\/imprensa-da-europa-aponta-que-o-flamengo-pode-vender-mais-um-jogador-para-a-premier-league\/"},"wordCount":479,"commentCount":0,"image":{"@id":"https:\/\/www.gaveanews.com\/index.php\/2024\/03\/22\/imprensa-da-europa-aponta-que-o-flamengo-pode-vender-mais-um-jogador-para-a-premier-league\/#primaryimage"},"thumbnailUrl":"https:\/\/www.gaveanews.com\/wp-content\/uploads\/chrome_nmAv2fdsxS.webp","articleSection":["Flamengo"],"inLanguage":"pt-BR","potentialAction":[{"@type":"CommentAction","name":"Comment","target":["https:\/\/www.gaveanews.com\/index.php\/2024\/03\/22\/imprensa-da-europa-aponta-que-o-flamengo-pode-vender-mais-um-jogador-para-a-premier-league\/#respond"]}],"copyrightYear":"2024","copyrightHolder":{"@id":"https:\/\/www.gaveanews.com\/#organization"}},{"@type":"WebPage","@id":"https:\/\/www.gaveanews.com\/index.php\/2024\/03\/22\/imprensa-da-europa-aponta-que-o-flamengo-pode-vender-mais-um-jogador-para-a-premier-league\/","url":"https:\/\/www.gaveanews.com\/index.php\/2024\/03\/22\/imprensa-da-europa-aponta-que-o-flamengo-pode-vender-mais-um-jogador-para-a-premier-league\/","name":"Imprensa da Europa aponta que o Flamengo pode vender mais um jogador para a Premier League","isPartOf":{"@id":"https:\/\/www.gaveanews.com\/#website"},"primaryImageOfPage":{"@id":"https:\/\/www.gaveanews.com\/index.php\/2024\/03\/22\/imprensa-da-europa-aponta-que-o-flamengo-pode-vender-mais-um-jogador-para-a-premier-league\/#primaryimage"},"image":{"@id":"https:\/\/www.gaveanews.com\/index.php\/2024\/03\/22\/imprensa-da-europa-aponta-que-o-flamengo-pode-vender-mais-um-jogador-para-a-premier-league\/#primaryimage"},"thumbnailUrl":"https:\/\/www.gaveanews.com\/wp-content\/uploads\/chrome_nmAv2fdsxS.webp","datePublished":"2024-03-22T11:00:08+00:00","dateModified":"2024-03-22T11:11:23+00:00","author":{"@id":"https:\/\/www.gaveanews.com\/#\/schema\/person\/2ec14f73fb96be2caf28f91afb14749d"},"breadcrumb":{"@id":"https:\/\/www.gaveanews.com\/index.php\/2024\/03\/22\/imprensa-da-europa-aponta-que-o-flamengo-pode-vender-mais-um-jogador-para-a-premier-league\/#breadcrumb"},"inLanguage":"pt-BR","potentialAction":[{"@type":"ReadAction","target":["https:\/\/www.gaveanews.com\/index.php\/2024\/03\/22\/imprensa-da-europa-aponta-que-o-flamengo-pode-vender-mais-um-jogador-para-a-premier-league\/"]}]},{"@type":"ImageObject","inLanguage":"pt-BR","@id":"https:\/\/www.gaveanews.com\/index.php\/2024\/03\/22\/imprensa-da-europa-aponta-que-o-flamengo-pode-vender-mais-um-jogador-para-a-premier-league\/#primaryimage","url":"https:\/\/www.gaveanews.com\/wp-content\/uploads\/chrome_nmAv2fdsxS.webp","contentUrl":"https:\/\/www.gaveanews.com\/wp-content\/uploads\/chrome_nmAv2fdsxS.webp","width":798,"height":529,"caption":"Marcos Braz \u2014 Foto: Alexandre Vidal\/Flamengo"},{"@type":"BreadcrumbList","@id":"https:\/\/www.gaveanews.com\/index.php\/2024\/03\/22\/imprensa-da-europa-aponta-que-o-flamengo-pode-vender-mais-um-jogador-para-a-premier-league\/#breadcrumb","itemListElement":[{"@type":"ListItem","position":1,"name":"Home","item":"https:\/\/www.gaveanews.com\/"},{"@type":"ListItem","position":2,"name":"Imprensa da Europa aponta que o Flamengo pode vender mais um jogador para a Premier League"}]},{"@type":"WebSite","@id":"https:\/\/www.gaveanews.com\/#website","url":"https:\/\/www.gaveanews.com\/","name":"G\u00e1vea News","description":"Veja todas as not\u00edcias sobre o Flamengo: Contrata\u00e7\u00f5es, categorias de base, resultados das partidas, tabela de classifica\u00e7\u00e3o, pr\u00f3ximos jogos!","potentialAction":[{"@type":"SearchAction","target":{"@type":"EntryPoint","urlTemplate":"https:\/\/www.gaveanews.com\/?s={search_term_string}"},"query-input":{"@type":"PropertyValueSpecification","valueRequired":true,"valueName":"search_term_string"}}],"inLanguage":"pt-BR"},{"@type":"Person","@id":"https:\/\/www.gaveanews.com\/#\/schema\/person\/2ec14f73fb96be2caf28f91afb14749d","name":"Equipe G\u00e1vea News","image":{"@type":"ImageObject","inLanguage":"pt-BR","@id":"https:\/\/www.gaveanews.com\/#\/schema\/person\/image\/","url":"https:\/\/secure.gravatar.com\/avatar\/1e1956f1facbffd3f8fa53a326721950116b3b9dc9bd44939c01180fd4a745a9?s=96&d=mm&r=g","contentUrl":"https:\/\/secure.gravatar.com\/avatar\/1e1956f1facbffd3f8fa53a326721950116b3b9dc9bd44939c01180fd4a745a9?s=96&d=mm&r=g","caption":"Equipe G\u00e1vea News"}}]}},"_links":{"self":[{"href":"https:\/\/www.gaveanews.com\/index.php\/wp-json\/wp\/v2\/posts\/132330","targetHints":{"allow":["GET"]}}],"collection":[{"href":"https:\/\/www.gaveanews.com\/index.php\/wp-json\/wp\/v2\/posts"}],"about":[{"href":"https:\/\/www.gaveanews.com\/index.php\/wp-json\/wp\/v2\/types\/post"}],"author":[{"embeddable":true,"href":"https:\/\/www.gaveanews.com\/index.php\/wp-json\/wp\/v2\/users\/1"}],"replies":[{"embeddable":true,"href":"https:\/\/www.gaveanews.com\/index.php\/wp-json\/wp\/v2\/comments?post=132330"}],"version-history":[{"count":2,"href":"https:\/\/www.gaveanews.com\/index.php\/wp-json\/wp\/v2\/posts\/132330\/revisions"}],"predecessor-version":[{"id":132334,"href":"https:\/\/www.gaveanews.com\/index.php\/wp-json\/wp\/v2\/posts\/132330\/revisions\/132334"}],"wp:featuredmedia":[{"embeddable":true,"href":"https:\/\/www.gaveanews.com\/index.php\/wp-json\/wp\/v2\/media\/119279"}],"wp:attachment":[{"href":"https:\/\/www.gaveanews.com\/index.php\/wp-json\/wp\/v2\/media?parent=132330"}],"wp:term":[{"taxonomy":"category","embeddable":true,"href":"https:\/\/www.gaveanews.com\/index.php\/wp-json\/wp\/v2\/categories?post=132330"},{"taxonomy":"post_tag","embeddable":true,"href":"https:\/\/www.gaveanews.com\/index.php\/wp-json\/wp\/v2\/tags?post=132330"}],"curies":[{"name":"wp","href":"https:\/\/api.w.org\/{rel}","templated":true}]}}