{"id":132336,"date":"2024-03-22T08:50:47","date_gmt":"2024-03-22T11:50:47","guid":{"rendered":"https:\/\/www.gaveanews.com\/?p=132336"},"modified":"2024-04-06T23:23:38","modified_gmt":"2024-04-07T02:23:38","slug":"fernando-diniz-cita-leo-ortiz-do-flamengo-para-justificar-o-seu-fracasso-no-fluminense","status":"publish","type":"post","link":"https:\/\/www.gaveanews.com\/index.php\/2024\/03\/22\/fernando-diniz-cita-leo-ortiz-do-flamengo-para-justificar-o-seu-fracasso-no-fluminense\/","title":{"rendered":"Fernando Diniz cita L\u00e9o Ortiz, do Flamengo, para justificar o seu fracasso no Fluminense"},"content":{"rendered":"\n<p>O Flamengo, sem enfrentar grandes dificuldades, encarou o Fluminense no Campeonato Carioca e eliminou o time tricolor da competi\u00e7\u00e3o. Apesar de a elimina\u00e7\u00e3o ter ocorrido h\u00e1 alguns dias, o assunto continua repercutindo. Inclusive, Fernando Diniz, t\u00e9cnico do Fluminense, concedeu uma coletiva ontem (21) para discutir o tema. Durante a coletiva, Diniz comentou sobre as escolhas t\u00e1ticas para o cl\u00e1ssico Fla-Flu, destacando a decis\u00e3o de escalar o atacante Marquinhos na lateral direita durante o jogo de volta, que terminou empatado sem gols.<\/p>\n\n\n\n<p>Essa improvisa\u00e7\u00e3o gerou cr\u00edticas de uma parcela dos torcedores tricolores, mas Diniz defendeu sua estrat\u00e9gia. Ele explicou que suas decis\u00f5es visam sempre aumentar as chances de vit\u00f3ria do time, independentemente de quantos atacantes ou zagueiros precisa usar. <\/p>\n\n\n\n<p>O t\u00e9cnico destacou a efic\u00e1cia dessa abordagem nas conquistas da Libertadores e da Recopa, citando a flexibilidade t\u00e1tica como chave para o sucesso. Ele elogiou a defesa do Flamengo, liderada por Tite, e mencionou a tentativa do clube rubro-negro de refor\u00e7ar ainda mais seu elenco com a busca por L\u00e9o Ortiz, enfatizando a diferen\u00e7a entre os plant\u00e9is das duas equipes.<\/p>\n\n\n\n<p><em>\u2014 Para aumentar a chance de o time ganhar. Se tiver que botar dez zagueiros e isso for me ajudar a ganhar, eu boto. Dez atacantes, eu boto. Foi assim que ganhamos (Libertadores e Recopa). O Flamengo tem uma zaga boa, de sa\u00fade, de idade, e busca o L\u00e9o Ortiz, \u00e9 diferente. Aqui \u00e9 tentar colocar o melhor time. Aqui n\u00e3o reluto de fazer. Desde que ajude o time a vencer<\/em>, disse Diniz antes de finalizar:<\/p>\n\n\n\n<p><em>\u2014 Esse foi o trunfo na Libertadores e Recopa. S\u00f3 ver quantas vezes virou jogos com recuo do Andr\u00e9 para a zaga. Como melhoramos com Marquinhos na direita, mais profundidade, dar liberdade para o Arias por dentro. Vou ajustando com as pe\u00e7as que tenho para ter mais chance de ganhar.<\/em><\/p>\n\n\n\n<h2 class=\"wp-block-heading\" id=\"h-carros-no-gavea-news\">Carros no G\u00e1vea News<\/h2>\n\n\n\n<p>O portal G\u00e1vea News agora tamb\u00e9m est\u00e1 produzindo conte\u00fado relacionado ao setor automotivo. Se voc\u00ea deseja se manter bem informado sobre esse assunto,&nbsp;<a href=\"https:\/\/www.gaveanews.com\/index.php\/carros\/?utm_source=Recircula%C3%A7%C3%A3o&amp;utm_medium=SubtituloFinalDaMateria&amp;utm_campaign=SubtituloFinalDaMateria\">clique aqui para acessar exclusivamente as not\u00edcias dessa categoria<\/a>. Recentemente, publicamos duas not\u00edcias de destaque:&nbsp;<a href=\"https:\/\/www.gaveanews.com\/index.php\/2024\/03\/04\/toyota-vai-transformar-corolla-em-picape-veja-fotos\/?utm_source=Recircula%C3%A7%C3%A3o&amp;utm_medium=SubtituloFinalDaMateria&amp;utm_campaign=SubtituloFinalDaMateria\">a Toyota ir\u00e1 transformar o Corolla em uma picape (veja fotos)<\/a>, e a&nbsp;<a href=\"https:\/\/www.gaveanews.com\/index.php\/2024\/03\/18\/fiat-lanca-picape-para-competir-com-hilux-s10-e-ranger-fotos-e-ficha-tecnica\/?utm_source=Recircula%C3%A7%C3%A3o&amp;utm_medium=SubtituloFinalDaMateria&amp;utm_campaign=SubtituloFinalDaMateria\">Fiat lan\u00e7ou um concorrente para a Hilux e S10 (veja fotos e ficha t\u00e9cnica)<\/a>.<\/p>\n","protected":false},"excerpt":{"rendered":"<p>O Flamengo, sem enfrentar grandes dificuldades, encarou o Fluminense no Campeonato Carioca e eliminou o time tricolor da competi\u00e7\u00e3o. Apesar de a elimina\u00e7\u00e3o ter ocorrido h\u00e1 alguns dias, o assunto continua repercutindo. Inclusive, Fernando Diniz, t\u00e9cnico do Fluminense, concedeu uma coletiva ontem (21) para discutir o tema. Durante a coletiva, Diniz comentou sobre as escolhas [&hellip;]<\/p>\n","protected":false},"author":1,"featured_media":130491,"comment_status":"open","ping_status":"closed","sticky":false,"template":"","format":"standard","meta":{"footnotes":""},"categories":[1],"tags":[171],"class_list":["post-132336","post","type-post","status-publish","format-standard","has-post-thumbnail","hentry","category-flamengo","tag-adenor-leonardo-bachi-tite"],"yoast_head":"<!-- This site is optimized with the Yoast SEO Premium plugin v24.2 (Yoast SEO v26.9) - https:\/\/yoast.com\/product\/yoast-seo-premium-wordpress\/ -->\n<title>Fernando Diniz cita L\u00e9o Ortiz, do Flamengo, para justificar o seu fracasso no Fluminense<\/title>\n<meta name=\"robots\" content=\"index, follow, max-snippet:-1, max-image-preview:large, max-video-preview:-1\" \/>\n<link rel=\"canonical\" href=\"https:\/\/www.gaveanews.com\/index.php\/2024\/03\/22\/fernando-diniz-cita-leo-ortiz-do-flamengo-para-justificar-o-seu-fracasso-no-fluminense\/\" \/>\n<meta property=\"og:locale\" content=\"pt_BR\" \/>\n<meta property=\"og:type\" content=\"article\" \/>\n<meta property=\"og:title\" content=\"Fernando Diniz cita L\u00e9o Ortiz, do Flamengo, para justificar o seu fracasso no Fluminense\" \/>\n<meta property=\"og:description\" content=\"O Flamengo, sem enfrentar grandes dificuldades, encarou o Fluminense no Campeonato Carioca e eliminou o time tricolor da competi\u00e7\u00e3o. Apesar de a elimina\u00e7\u00e3o ter ocorrido h\u00e1 alguns dias, o assunto continua repercutindo. Inclusive, Fernando Diniz, t\u00e9cnico do Fluminense, concedeu uma coletiva ontem (21) para discutir o tema. Durante a coletiva, Diniz comentou sobre as escolhas [&hellip;]\" \/>\n<meta property=\"og:url\" content=\"https:\/\/www.gaveanews.com\/index.php\/2024\/03\/22\/fernando-diniz-cita-leo-ortiz-do-flamengo-para-justificar-o-seu-fracasso-no-fluminense\/\" \/>\n<meta property=\"og:site_name\" content=\"G\u00e1vea News\" \/>\n<meta property=\"article:publisher\" content=\"https:\/\/facebook.com\/gaveaNews\/\" \/>\n<meta property=\"article:published_time\" content=\"2024-03-22T11:50:47+00:00\" \/>\n<meta property=\"article:modified_time\" content=\"2024-04-07T02:23:38+00:00\" \/>\n<meta property=\"og:image\" content=\"https:\/\/www.gaveanews.com\/wp-content\/uploads\/Leo-Ortiz-conhecendo-o-Ninho-do-Urubu.webp\" \/>\n\t<meta property=\"og:image:width\" content=\"1600\" \/>\n\t<meta property=\"og:image:height\" content=\"1065\" \/>\n\t<meta property=\"og:image:type\" content=\"image\/jpeg\" \/>\n<meta name=\"author\" content=\"Equipe G\u00e1vea News\" \/>\n<meta name=\"twitter:card\" content=\"summary_large_image\" \/>\n<meta name=\"twitter:label1\" content=\"Escrito por\" \/>\n\t<meta name=\"twitter:data1\" content=\"Equipe G\u00e1vea News\" \/>\n\t<meta name=\"twitter:label2\" content=\"Est. tempo de leitura\" \/>\n\t<meta name=\"twitter:data2\" content=\"3 minutos\" \/>\n<script type=\"application\/ld+json\" class=\"yoast-schema-graph\">{\"@context\":\"https:\/\/schema.org\",\"@graph\":[{\"@type\":\"NewsArticle\",\"@id\":\"https:\/\/www.gaveanews.com\/index.php\/2024\/03\/22\/fernando-diniz-cita-leo-ortiz-do-flamengo-para-justificar-o-seu-fracasso-no-fluminense\/#article\",\"isPartOf\":{\"@id\":\"https:\/\/www.gaveanews.com\/index.php\/2024\/03\/22\/fernando-diniz-cita-leo-ortiz-do-flamengo-para-justificar-o-seu-fracasso-no-fluminense\/\"},\"author\":{\"name\":\"Equipe G\u00e1vea News\",\"@id\":\"https:\/\/www.gaveanews.com\/#\/schema\/person\/2ec14f73fb96be2caf28f91afb14749d\"},\"headline\":\"Fernando Diniz cita L\u00e9o Ortiz, do Flamengo, para justificar o seu fracasso no Fluminense\",\"datePublished\":\"2024-03-22T11:50:47+00:00\",\"dateModified\":\"2024-04-07T02:23:38+00:00\",\"mainEntityOfPage\":{\"@id\":\"https:\/\/www.gaveanews.com\/index.php\/2024\/03\/22\/fernando-diniz-cita-leo-ortiz-do-flamengo-para-justificar-o-seu-fracasso-no-fluminense\/\"},\"wordCount\":416,\"commentCount\":0,\"image\":{\"@id\":\"https:\/\/www.gaveanews.com\/index.php\/2024\/03\/22\/fernando-diniz-cita-leo-ortiz-do-flamengo-para-justificar-o-seu-fracasso-no-fluminense\/#primaryimage\"},\"thumbnailUrl\":\"https:\/\/www.gaveanews.com\/wp-content\/uploads\/Leo-Ortiz-conhecendo-o-Ninho-do-Urubu.webp\",\"keywords\":[\"Adenor Leonardo Bachi\"],\"articleSection\":[\"Flamengo\"],\"inLanguage\":\"pt-BR\",\"potentialAction\":[{\"@type\":\"CommentAction\",\"name\":\"Comment\",\"target\":[\"https:\/\/www.gaveanews.com\/index.php\/2024\/03\/22\/fernando-diniz-cita-leo-ortiz-do-flamengo-para-justificar-o-seu-fracasso-no-fluminense\/#respond\"]}],\"copyrightYear\":\"2024\",\"copyrightHolder\":{\"@id\":\"https:\/\/www.gaveanews.com\/#organization\"}},{\"@type\":\"WebPage\",\"@id\":\"https:\/\/www.gaveanews.com\/index.php\/2024\/03\/22\/fernando-diniz-cita-leo-ortiz-do-flamengo-para-justificar-o-seu-fracasso-no-fluminense\/\",\"url\":\"https:\/\/www.gaveanews.com\/index.php\/2024\/03\/22\/fernando-diniz-cita-leo-ortiz-do-flamengo-para-justificar-o-seu-fracasso-no-fluminense\/\",\"name\":\"Fernando Diniz cita L\u00e9o Ortiz, do Flamengo, para justificar o seu fracasso no Fluminense\",\"isPartOf\":{\"@id\":\"https:\/\/www.gaveanews.com\/#website\"},\"primaryImageOfPage\":{\"@id\":\"https:\/\/www.gaveanews.com\/index.php\/2024\/03\/22\/fernando-diniz-cita-leo-ortiz-do-flamengo-para-justificar-o-seu-fracasso-no-fluminense\/#primaryimage\"},\"image\":{\"@id\":\"https:\/\/www.gaveanews.com\/index.php\/2024\/03\/22\/fernando-diniz-cita-leo-ortiz-do-flamengo-para-justificar-o-seu-fracasso-no-fluminense\/#primaryimage\"},\"thumbnailUrl\":\"https:\/\/www.gaveanews.com\/wp-content\/uploads\/Leo-Ortiz-conhecendo-o-Ninho-do-Urubu.webp\",\"datePublished\":\"2024-03-22T11:50:47+00:00\",\"dateModified\":\"2024-04-07T02:23:38+00:00\",\"author\":{\"@id\":\"https:\/\/www.gaveanews.com\/#\/schema\/person\/2ec14f73fb96be2caf28f91afb14749d\"},\"breadcrumb\":{\"@id\":\"https:\/\/www.gaveanews.com\/index.php\/2024\/03\/22\/fernando-diniz-cita-leo-ortiz-do-flamengo-para-justificar-o-seu-fracasso-no-fluminense\/#breadcrumb\"},\"inLanguage\":\"pt-BR\",\"potentialAction\":[{\"@type\":\"ReadAction\",\"target\":[\"https:\/\/www.gaveanews.com\/index.php\/2024\/03\/22\/fernando-diniz-cita-leo-ortiz-do-flamengo-para-justificar-o-seu-fracasso-no-fluminense\/\"]}]},{\"@type\":\"ImageObject\",\"inLanguage\":\"pt-BR\",\"@id\":\"https:\/\/www.gaveanews.com\/index.php\/2024\/03\/22\/fernando-diniz-cita-leo-ortiz-do-flamengo-para-justificar-o-seu-fracasso-no-fluminense\/#primaryimage\",\"url\":\"https:\/\/www.gaveanews.com\/wp-content\/uploads\/Leo-Ortiz-conhecendo-o-Ninho-do-Urubu.webp\",\"contentUrl\":\"https:\/\/www.gaveanews.com\/wp-content\/uploads\/Leo-Ortiz-conhecendo-o-Ninho-do-Urubu.webp\",\"width\":1600,\"height\":1065,\"caption\":\"L\u00e9o Ortiz conhecendo o Ninho do Urubu - Foto: reprodu\u00e7\u00e3o Twitter\"},{\"@type\":\"BreadcrumbList\",\"@id\":\"https:\/\/www.gaveanews.com\/index.php\/2024\/03\/22\/fernando-diniz-cita-leo-ortiz-do-flamengo-para-justificar-o-seu-fracasso-no-fluminense\/#breadcrumb\",\"itemListElement\":[{\"@type\":\"ListItem\",\"position\":1,\"name\":\"Home\",\"item\":\"https:\/\/www.gaveanews.com\/\"},{\"@type\":\"ListItem\",\"position\":2,\"name\":\"Fernando Diniz cita L\u00e9o Ortiz, do Flamengo, para justificar o seu fracasso no Fluminense\"}]},{\"@type\":\"WebSite\",\"@id\":\"https:\/\/www.gaveanews.com\/#website\",\"url\":\"https:\/\/www.gaveanews.com\/\",\"name\":\"G\u00e1vea News\",\"description\":\"Veja todas as not\u00edcias sobre o Flamengo: Contrata\u00e7\u00f5es, categorias de base, resultados das partidas, tabela de classifica\u00e7\u00e3o, pr\u00f3ximos jogos!\",\"potentialAction\":[{\"@type\":\"SearchAction\",\"target\":{\"@type\":\"EntryPoint\",\"urlTemplate\":\"https:\/\/www.gaveanews.com\/?s={search_term_string}\"},\"query-input\":{\"@type\":\"PropertyValueSpecification\",\"valueRequired\":true,\"valueName\":\"search_term_string\"}}],\"inLanguage\":\"pt-BR\"},{\"@type\":\"Person\",\"@id\":\"https:\/\/www.gaveanews.com\/#\/schema\/person\/2ec14f73fb96be2caf28f91afb14749d\",\"name\":\"Equipe G\u00e1vea News\",\"image\":{\"@type\":\"ImageObject\",\"inLanguage\":\"pt-BR\",\"@id\":\"https:\/\/www.gaveanews.com\/#\/schema\/person\/image\/\",\"url\":\"https:\/\/secure.gravatar.com\/avatar\/1e1956f1facbffd3f8fa53a326721950116b3b9dc9bd44939c01180fd4a745a9?s=96&d=mm&r=g\",\"contentUrl\":\"https:\/\/secure.gravatar.com\/avatar\/1e1956f1facbffd3f8fa53a326721950116b3b9dc9bd44939c01180fd4a745a9?s=96&d=mm&r=g\",\"caption\":\"Equipe G\u00e1vea News\"}}]}<\/script>\n<!-- \/ Yoast SEO Premium plugin. -->","yoast_head_json":{"title":"Fernando Diniz cita L\u00e9o Ortiz, do Flamengo, para justificar o seu fracasso no Fluminense","robots":{"index":"index","follow":"follow","max-snippet":"max-snippet:-1","max-image-preview":"max-image-preview:large","max-video-preview":"max-video-preview:-1"},"canonical":"https:\/\/www.gaveanews.com\/index.php\/2024\/03\/22\/fernando-diniz-cita-leo-ortiz-do-flamengo-para-justificar-o-seu-fracasso-no-fluminense\/","og_locale":"pt_BR","og_type":"article","og_title":"Fernando Diniz cita L\u00e9o Ortiz, do Flamengo, para justificar o seu fracasso no Fluminense","og_description":"O Flamengo, sem enfrentar grandes dificuldades, encarou o Fluminense no Campeonato Carioca e eliminou o time tricolor da competi\u00e7\u00e3o. Apesar de a elimina\u00e7\u00e3o ter ocorrido h\u00e1 alguns dias, o assunto continua repercutindo. Inclusive, Fernando Diniz, t\u00e9cnico do Fluminense, concedeu uma coletiva ontem (21) para discutir o tema. Durante a coletiva, Diniz comentou sobre as escolhas [&hellip;]","og_url":"https:\/\/www.gaveanews.com\/index.php\/2024\/03\/22\/fernando-diniz-cita-leo-ortiz-do-flamengo-para-justificar-o-seu-fracasso-no-fluminense\/","og_site_name":"G\u00e1vea News","article_publisher":"https:\/\/facebook.com\/gaveaNews\/","article_published_time":"2024-03-22T11:50:47+00:00","article_modified_time":"2024-04-07T02:23:38+00:00","og_image":[{"width":1600,"height":1065,"url":"https:\/\/www.gaveanews.com\/wp-content\/uploads\/Leo-Ortiz-conhecendo-o-Ninho-do-Urubu.webp","type":"image\/jpeg"}],"author":"Equipe G\u00e1vea News","twitter_card":"summary_large_image","twitter_misc":{"Escrito por":"Equipe G\u00e1vea News","Est. tempo de leitura":"3 minutos"},"schema":{"@context":"https:\/\/schema.org","@graph":[{"@type":"NewsArticle","@id":"https:\/\/www.gaveanews.com\/index.php\/2024\/03\/22\/fernando-diniz-cita-leo-ortiz-do-flamengo-para-justificar-o-seu-fracasso-no-fluminense\/#article","isPartOf":{"@id":"https:\/\/www.gaveanews.com\/index.php\/2024\/03\/22\/fernando-diniz-cita-leo-ortiz-do-flamengo-para-justificar-o-seu-fracasso-no-fluminense\/"},"author":{"name":"Equipe G\u00e1vea News","@id":"https:\/\/www.gaveanews.com\/#\/schema\/person\/2ec14f73fb96be2caf28f91afb14749d"},"headline":"Fernando Diniz cita L\u00e9o Ortiz, do Flamengo, para justificar o seu fracasso no Fluminense","datePublished":"2024-03-22T11:50:47+00:00","dateModified":"2024-04-07T02:23:38+00:00","mainEntityOfPage":{"@id":"https:\/\/www.gaveanews.com\/index.php\/2024\/03\/22\/fernando-diniz-cita-leo-ortiz-do-flamengo-para-justificar-o-seu-fracasso-no-fluminense\/"},"wordCount":416,"commentCount":0,"image":{"@id":"https:\/\/www.gaveanews.com\/index.php\/2024\/03\/22\/fernando-diniz-cita-leo-ortiz-do-flamengo-para-justificar-o-seu-fracasso-no-fluminense\/#primaryimage"},"thumbnailUrl":"https:\/\/www.gaveanews.com\/wp-content\/uploads\/Leo-Ortiz-conhecendo-o-Ninho-do-Urubu.webp","keywords":["Adenor Leonardo Bachi"],"articleSection":["Flamengo"],"inLanguage":"pt-BR","potentialAction":[{"@type":"CommentAction","name":"Comment","target":["https:\/\/www.gaveanews.com\/index.php\/2024\/03\/22\/fernando-diniz-cita-leo-ortiz-do-flamengo-para-justificar-o-seu-fracasso-no-fluminense\/#respond"]}],"copyrightYear":"2024","copyrightHolder":{"@id":"https:\/\/www.gaveanews.com\/#organization"}},{"@type":"WebPage","@id":"https:\/\/www.gaveanews.com\/index.php\/2024\/03\/22\/fernando-diniz-cita-leo-ortiz-do-flamengo-para-justificar-o-seu-fracasso-no-fluminense\/","url":"https:\/\/www.gaveanews.com\/index.php\/2024\/03\/22\/fernando-diniz-cita-leo-ortiz-do-flamengo-para-justificar-o-seu-fracasso-no-fluminense\/","name":"Fernando Diniz cita L\u00e9o Ortiz, do Flamengo, para justificar o seu fracasso no Fluminense","isPartOf":{"@id":"https:\/\/www.gaveanews.com\/#website"},"primaryImageOfPage":{"@id":"https:\/\/www.gaveanews.com\/index.php\/2024\/03\/22\/fernando-diniz-cita-leo-ortiz-do-flamengo-para-justificar-o-seu-fracasso-no-fluminense\/#primaryimage"},"image":{"@id":"https:\/\/www.gaveanews.com\/index.php\/2024\/03\/22\/fernando-diniz-cita-leo-ortiz-do-flamengo-para-justificar-o-seu-fracasso-no-fluminense\/#primaryimage"},"thumbnailUrl":"https:\/\/www.gaveanews.com\/wp-content\/uploads\/Leo-Ortiz-conhecendo-o-Ninho-do-Urubu.webp","datePublished":"2024-03-22T11:50:47+00:00","dateModified":"2024-04-07T02:23:38+00:00","author":{"@id":"https:\/\/www.gaveanews.com\/#\/schema\/person\/2ec14f73fb96be2caf28f91afb14749d"},"breadcrumb":{"@id":"https:\/\/www.gaveanews.com\/index.php\/2024\/03\/22\/fernando-diniz-cita-leo-ortiz-do-flamengo-para-justificar-o-seu-fracasso-no-fluminense\/#breadcrumb"},"inLanguage":"pt-BR","potentialAction":[{"@type":"ReadAction","target":["https:\/\/www.gaveanews.com\/index.php\/2024\/03\/22\/fernando-diniz-cita-leo-ortiz-do-flamengo-para-justificar-o-seu-fracasso-no-fluminense\/"]}]},{"@type":"ImageObject","inLanguage":"pt-BR","@id":"https:\/\/www.gaveanews.com\/index.php\/2024\/03\/22\/fernando-diniz-cita-leo-ortiz-do-flamengo-para-justificar-o-seu-fracasso-no-fluminense\/#primaryimage","url":"https:\/\/www.gaveanews.com\/wp-content\/uploads\/Leo-Ortiz-conhecendo-o-Ninho-do-Urubu.webp","contentUrl":"https:\/\/www.gaveanews.com\/wp-content\/uploads\/Leo-Ortiz-conhecendo-o-Ninho-do-Urubu.webp","width":1600,"height":1065,"caption":"L\u00e9o Ortiz conhecendo o Ninho do Urubu - Foto: reprodu\u00e7\u00e3o Twitter"},{"@type":"BreadcrumbList","@id":"https:\/\/www.gaveanews.com\/index.php\/2024\/03\/22\/fernando-diniz-cita-leo-ortiz-do-flamengo-para-justificar-o-seu-fracasso-no-fluminense\/#breadcrumb","itemListElement":[{"@type":"ListItem","position":1,"name":"Home","item":"https:\/\/www.gaveanews.com\/"},{"@type":"ListItem","position":2,"name":"Fernando Diniz cita L\u00e9o Ortiz, do Flamengo, para justificar o seu fracasso no Fluminense"}]},{"@type":"WebSite","@id":"https:\/\/www.gaveanews.com\/#website","url":"https:\/\/www.gaveanews.com\/","name":"G\u00e1vea News","description":"Veja todas as not\u00edcias sobre o Flamengo: Contrata\u00e7\u00f5es, categorias de base, resultados das partidas, tabela de classifica\u00e7\u00e3o, pr\u00f3ximos jogos!","potentialAction":[{"@type":"SearchAction","target":{"@type":"EntryPoint","urlTemplate":"https:\/\/www.gaveanews.com\/?s={search_term_string}"},"query-input":{"@type":"PropertyValueSpecification","valueRequired":true,"valueName":"search_term_string"}}],"inLanguage":"pt-BR"},{"@type":"Person","@id":"https:\/\/www.gaveanews.com\/#\/schema\/person\/2ec14f73fb96be2caf28f91afb14749d","name":"Equipe G\u00e1vea News","image":{"@type":"ImageObject","inLanguage":"pt-BR","@id":"https:\/\/www.gaveanews.com\/#\/schema\/person\/image\/","url":"https:\/\/secure.gravatar.com\/avatar\/1e1956f1facbffd3f8fa53a326721950116b3b9dc9bd44939c01180fd4a745a9?s=96&d=mm&r=g","contentUrl":"https:\/\/secure.gravatar.com\/avatar\/1e1956f1facbffd3f8fa53a326721950116b3b9dc9bd44939c01180fd4a745a9?s=96&d=mm&r=g","caption":"Equipe G\u00e1vea News"}}]}},"_links":{"self":[{"href":"https:\/\/www.gaveanews.com\/index.php\/wp-json\/wp\/v2\/posts\/132336","targetHints":{"allow":["GET"]}}],"collection":[{"href":"https:\/\/www.gaveanews.com\/index.php\/wp-json\/wp\/v2\/posts"}],"about":[{"href":"https:\/\/www.gaveanews.com\/index.php\/wp-json\/wp\/v2\/types\/post"}],"author":[{"embeddable":true,"href":"https:\/\/www.gaveanews.com\/index.php\/wp-json\/wp\/v2\/users\/1"}],"replies":[{"embeddable":true,"href":"https:\/\/www.gaveanews.com\/index.php\/wp-json\/wp\/v2\/comments?post=132336"}],"version-history":[{"count":1,"href":"https:\/\/www.gaveanews.com\/index.php\/wp-json\/wp\/v2\/posts\/132336\/revisions"}],"predecessor-version":[{"id":132338,"href":"https:\/\/www.gaveanews.com\/index.php\/wp-json\/wp\/v2\/posts\/132336\/revisions\/132338"}],"wp:featuredmedia":[{"embeddable":true,"href":"https:\/\/www.gaveanews.com\/index.php\/wp-json\/wp\/v2\/media\/130491"}],"wp:attachment":[{"href":"https:\/\/www.gaveanews.com\/index.php\/wp-json\/wp\/v2\/media?parent=132336"}],"wp:term":[{"taxonomy":"category","embeddable":true,"href":"https:\/\/www.gaveanews.com\/index.php\/wp-json\/wp\/v2\/categories?post=132336"},{"taxonomy":"post_tag","embeddable":true,"href":"https:\/\/www.gaveanews.com\/index.php\/wp-json\/wp\/v2\/tags?post=132336"}],"curies":[{"name":"wp","href":"https:\/\/api.w.org\/{rel}","templated":true}]}}