{"id":132339,"date":"2024-03-22T09:27:05","date_gmt":"2024-03-22T12:27:05","guid":{"rendered":"https:\/\/www.gaveanews.com\/?p=132339"},"modified":"2024-03-22T09:27:10","modified_gmt":"2024-03-22T12:27:10","slug":"joao-gomes-lucas-paqueta-e-vinicius-junior-dorival-junior-esboca-o-brasil-com-crias-do-flamengo","status":"publish","type":"post","link":"https:\/\/www.gaveanews.com\/index.php\/2024\/03\/22\/joao-gomes-lucas-paqueta-e-vinicius-junior-dorival-junior-esboca-o-brasil-com-crias-do-flamengo\/","title":{"rendered":"Jo\u00e3o Gomes, Lucas Paquet\u00e1 e Vinicius J\u00fanior: Dorival J\u00fanior esbo\u00e7a o Brasil com crias do Flamengo"},"content":{"rendered":"\n<p>Dorival J\u00fanior, o t\u00e9cnico da Sele\u00e7\u00e3o Brasileira, est\u00e1 finalizando a escala\u00e7\u00e3o para o confronto contra a Inglaterra, que ocorrer\u00e1 neste s\u00e1bado (23), \u00e0s 16h (hor\u00e1rio de Bras\u00edlia), no emblem\u00e1tico est\u00e1dio de Wembley, em Londres. Este jogo marca um dos amistosos internacionais mais aguardados, sendo o primeiro compromisso do Brasil na data Fifa de mar\u00e7o. A prepara\u00e7\u00e3o da equipe brasileira trouxe surpresas na lista de convocados, incluindo estreantes e nomes j\u00e1 conhecidos pelo p\u00fablico.<\/p>\n\n\n\n<p>Entre as novidades, Bento, Beraldo, Fabr\u00edcio Bruno, Wendell e Jo\u00e3o Gomes se destacam como as principais caras novas na equipe, que viu uma forma\u00e7\u00e3o inicial com um esquema t\u00e1tico vers\u00e1til, alternando entre o 4-3-3 e o 4-4-2. <\/p>\n\n\n\n<p>Durante os treinamentos, Dorival J\u00fanior testou diferentes composi\u00e7\u00f5es. Fabr\u00edcio Bruno foi confirmado como zagueiro pela direita, ao lado de Beraldo, ajustando as especula\u00e7\u00f5es iniciais sobre sua posi\u00e7\u00e3o. J\u00e1 no aspecto ofensivo, Richarlison, que vem de recente recupera\u00e7\u00e3o de les\u00e3o, participou ativamente das atividades, sinalizando uma poss\u00edvel utiliza\u00e7\u00e3o durante o jogo, embora sua participa\u00e7\u00e3o ainda esteja sob avalia\u00e7\u00e3o da comiss\u00e3o t\u00e9cnica.<\/p>\n\n\n\n<p>A conex\u00e3o com o Flamengo \u00e9 evidente nesta convoca\u00e7\u00e3o. Al\u00e9m de Fabr\u00edcio Bruno e Jo\u00e3o Gomes, Lucas Paquet\u00e1 e Vin\u00edcius Jr, ex-jogadores do clube carioca, tamb\u00e9m devem come\u00e7ar jogando. Por outro lado, Ayrton Lucas, atual jogador do Flamengo, provavelmente iniciar\u00e1 o amistoso no banco de reservas, aguardando uma oportunidade de Dorival J\u00fanior para entrar em campo.<\/p>\n\n\n\n<p>Este amistoso contra a Inglaterra \u00e9 apenas o in\u00edcio de uma sequ\u00eancia desafiadora para a Sele\u00e7\u00e3o Brasileira, que tamb\u00e9m enfrentar\u00e1 a Espanha no dia 26, no est\u00e1dio Santiago Bernabeu, em Madrid. Estes jogos s\u00e3o cruciais para Dorival J\u00fanior estabelecer sua metodologia e harmonia dentro da equipe, al\u00e9m de testar novas estrat\u00e9gias e jogadores em cen\u00e1rios competitivos de alto n\u00edvel.<\/p>\n\n\n\n<p>O momento tamb\u00e9m \u00e9 especial para os jogadores convocados pelo Flamengo, que, al\u00e9m de representar o Brasil, veem colegas de clube como Varela, Vi\u00f1a, De La Cruz e Arrascaeta defenderem a sele\u00e7\u00e3o uruguaia em outros compromissos internacionais. <\/p>\n","protected":false},"excerpt":{"rendered":"<p>Dorival J\u00fanior, o t\u00e9cnico da Sele\u00e7\u00e3o Brasileira, est\u00e1 finalizando a escala\u00e7\u00e3o para o confronto contra a Inglaterra, que ocorrer\u00e1 neste s\u00e1bado (23), \u00e0s 16h (hor\u00e1rio de Bras\u00edlia), no emblem\u00e1tico est\u00e1dio de Wembley, em Londres. Este jogo marca um dos amistosos internacionais mais aguardados, sendo o primeiro compromisso do Brasil na data Fifa de mar\u00e7o. A [&hellip;]<\/p>\n","protected":false},"author":1,"featured_media":126556,"comment_status":"open","ping_status":"closed","sticky":false,"template":"","format":"standard","meta":{"footnotes":""},"categories":[1],"tags":[],"class_list":["post-132339","post","type-post","status-publish","format-standard","has-post-thumbnail","hentry","category-flamengo"],"yoast_head":"<!-- This site is optimized with the Yoast SEO Premium plugin v24.2 (Yoast SEO v26.9) - https:\/\/yoast.com\/product\/yoast-seo-premium-wordpress\/ -->\n<title>Jo\u00e3o Gomes, Lucas Paquet\u00e1 e Vinicius J\u00fanior: Dorival J\u00fanior esbo\u00e7a o Brasil com crias do Flamengo<\/title>\n<meta name=\"robots\" content=\"index, follow, max-snippet:-1, max-image-preview:large, max-video-preview:-1\" \/>\n<link rel=\"canonical\" href=\"https:\/\/www.gaveanews.com\/index.php\/2024\/03\/22\/joao-gomes-lucas-paqueta-e-vinicius-junior-dorival-junior-esboca-o-brasil-com-crias-do-flamengo\/\" \/>\n<meta property=\"og:locale\" content=\"pt_BR\" \/>\n<meta property=\"og:type\" content=\"article\" \/>\n<meta property=\"og:title\" content=\"Jo\u00e3o Gomes, Lucas Paquet\u00e1 e Vinicius J\u00fanior: Dorival J\u00fanior esbo\u00e7a o Brasil com crias do Flamengo\" \/>\n<meta property=\"og:description\" content=\"Dorival J\u00fanior, o t\u00e9cnico da Sele\u00e7\u00e3o Brasileira, est\u00e1 finalizando a escala\u00e7\u00e3o para o confronto contra a Inglaterra, que ocorrer\u00e1 neste s\u00e1bado (23), \u00e0s 16h (hor\u00e1rio de Bras\u00edlia), no emblem\u00e1tico est\u00e1dio de Wembley, em Londres. Este jogo marca um dos amistosos internacionais mais aguardados, sendo o primeiro compromisso do Brasil na data Fifa de mar\u00e7o. A [&hellip;]\" \/>\n<meta property=\"og:url\" content=\"https:\/\/www.gaveanews.com\/index.php\/2024\/03\/22\/joao-gomes-lucas-paqueta-e-vinicius-junior-dorival-junior-esboca-o-brasil-com-crias-do-flamengo\/\" \/>\n<meta property=\"og:site_name\" content=\"G\u00e1vea News\" \/>\n<meta property=\"article:publisher\" content=\"https:\/\/facebook.com\/gaveaNews\/\" \/>\n<meta property=\"article:published_time\" content=\"2024-03-22T12:27:05+00:00\" \/>\n<meta property=\"article:modified_time\" content=\"2024-03-22T12:27:10+00:00\" \/>\n<meta property=\"og:image\" content=\"https:\/\/www.gaveanews.com\/wp-content\/uploads\/dorival-junior-selecao-e1704998153515.webp\" \/>\n\t<meta property=\"og:image:width\" content=\"732\" \/>\n\t<meta property=\"og:image:height\" content=\"412\" \/>\n\t<meta property=\"og:image:type\" content=\"image\/webp\" \/>\n<meta name=\"author\" content=\"Equipe G\u00e1vea News\" \/>\n<meta name=\"twitter:card\" content=\"summary_large_image\" \/>\n<meta name=\"twitter:label1\" content=\"Escrito por\" \/>\n\t<meta name=\"twitter:data1\" content=\"Equipe G\u00e1vea News\" \/>\n\t<meta name=\"twitter:label2\" content=\"Est. tempo de leitura\" \/>\n\t<meta name=\"twitter:data2\" content=\"2 minutos\" \/>\n<script type=\"application\/ld+json\" class=\"yoast-schema-graph\">{\"@context\":\"https:\/\/schema.org\",\"@graph\":[{\"@type\":\"NewsArticle\",\"@id\":\"https:\/\/www.gaveanews.com\/index.php\/2024\/03\/22\/joao-gomes-lucas-paqueta-e-vinicius-junior-dorival-junior-esboca-o-brasil-com-crias-do-flamengo\/#article\",\"isPartOf\":{\"@id\":\"https:\/\/www.gaveanews.com\/index.php\/2024\/03\/22\/joao-gomes-lucas-paqueta-e-vinicius-junior-dorival-junior-esboca-o-brasil-com-crias-do-flamengo\/\"},\"author\":{\"name\":\"Equipe G\u00e1vea News\",\"@id\":\"https:\/\/www.gaveanews.com\/#\/schema\/person\/2ec14f73fb96be2caf28f91afb14749d\"},\"headline\":\"Jo\u00e3o Gomes, Lucas Paquet\u00e1 e Vinicius J\u00fanior: Dorival J\u00fanior esbo\u00e7a o Brasil com crias do Flamengo\",\"datePublished\":\"2024-03-22T12:27:05+00:00\",\"dateModified\":\"2024-03-22T12:27:10+00:00\",\"mainEntityOfPage\":{\"@id\":\"https:\/\/www.gaveanews.com\/index.php\/2024\/03\/22\/joao-gomes-lucas-paqueta-e-vinicius-junior-dorival-junior-esboca-o-brasil-com-crias-do-flamengo\/\"},\"wordCount\":393,\"commentCount\":0,\"image\":{\"@id\":\"https:\/\/www.gaveanews.com\/index.php\/2024\/03\/22\/joao-gomes-lucas-paqueta-e-vinicius-junior-dorival-junior-esboca-o-brasil-com-crias-do-flamengo\/#primaryimage\"},\"thumbnailUrl\":\"https:\/\/www.gaveanews.com\/wp-content\/uploads\/dorival-junior-selecao-e1704998153515.webp\",\"articleSection\":[\"Flamengo\"],\"inLanguage\":\"pt-BR\",\"potentialAction\":[{\"@type\":\"CommentAction\",\"name\":\"Comment\",\"target\":[\"https:\/\/www.gaveanews.com\/index.php\/2024\/03\/22\/joao-gomes-lucas-paqueta-e-vinicius-junior-dorival-junior-esboca-o-brasil-com-crias-do-flamengo\/#respond\"]}],\"copyrightYear\":\"2024\",\"copyrightHolder\":{\"@id\":\"https:\/\/www.gaveanews.com\/#organization\"}},{\"@type\":\"WebPage\",\"@id\":\"https:\/\/www.gaveanews.com\/index.php\/2024\/03\/22\/joao-gomes-lucas-paqueta-e-vinicius-junior-dorival-junior-esboca-o-brasil-com-crias-do-flamengo\/\",\"url\":\"https:\/\/www.gaveanews.com\/index.php\/2024\/03\/22\/joao-gomes-lucas-paqueta-e-vinicius-junior-dorival-junior-esboca-o-brasil-com-crias-do-flamengo\/\",\"name\":\"Jo\u00e3o Gomes, Lucas Paquet\u00e1 e Vinicius J\u00fanior: Dorival J\u00fanior esbo\u00e7a o Brasil com crias do Flamengo\",\"isPartOf\":{\"@id\":\"https:\/\/www.gaveanews.com\/#website\"},\"primaryImageOfPage\":{\"@id\":\"https:\/\/www.gaveanews.com\/index.php\/2024\/03\/22\/joao-gomes-lucas-paqueta-e-vinicius-junior-dorival-junior-esboca-o-brasil-com-crias-do-flamengo\/#primaryimage\"},\"image\":{\"@id\":\"https:\/\/www.gaveanews.com\/index.php\/2024\/03\/22\/joao-gomes-lucas-paqueta-e-vinicius-junior-dorival-junior-esboca-o-brasil-com-crias-do-flamengo\/#primaryimage\"},\"thumbnailUrl\":\"https:\/\/www.gaveanews.com\/wp-content\/uploads\/dorival-junior-selecao-e1704998153515.webp\",\"datePublished\":\"2024-03-22T12:27:05+00:00\",\"dateModified\":\"2024-03-22T12:27:10+00:00\",\"author\":{\"@id\":\"https:\/\/www.gaveanews.com\/#\/schema\/person\/2ec14f73fb96be2caf28f91afb14749d\"},\"breadcrumb\":{\"@id\":\"https:\/\/www.gaveanews.com\/index.php\/2024\/03\/22\/joao-gomes-lucas-paqueta-e-vinicius-junior-dorival-junior-esboca-o-brasil-com-crias-do-flamengo\/#breadcrumb\"},\"inLanguage\":\"pt-BR\",\"potentialAction\":[{\"@type\":\"ReadAction\",\"target\":[\"https:\/\/www.gaveanews.com\/index.php\/2024\/03\/22\/joao-gomes-lucas-paqueta-e-vinicius-junior-dorival-junior-esboca-o-brasil-com-crias-do-flamengo\/\"]}]},{\"@type\":\"ImageObject\",\"inLanguage\":\"pt-BR\",\"@id\":\"https:\/\/www.gaveanews.com\/index.php\/2024\/03\/22\/joao-gomes-lucas-paqueta-e-vinicius-junior-dorival-junior-esboca-o-brasil-com-crias-do-flamengo\/#primaryimage\",\"url\":\"https:\/\/www.gaveanews.com\/wp-content\/uploads\/dorival-junior-selecao-e1704998153515.webp\",\"contentUrl\":\"https:\/\/www.gaveanews.com\/wp-content\/uploads\/dorival-junior-selecao-e1704998153515.webp\",\"width\":732,\"height\":412,\"caption\":\"Dorival J\u00fanior, t\u00e9cnico da Sele\u00e7\u00e3o Brasileira (Foto: Reprodu\u00e7\u00e3o)\"},{\"@type\":\"BreadcrumbList\",\"@id\":\"https:\/\/www.gaveanews.com\/index.php\/2024\/03\/22\/joao-gomes-lucas-paqueta-e-vinicius-junior-dorival-junior-esboca-o-brasil-com-crias-do-flamengo\/#breadcrumb\",\"itemListElement\":[{\"@type\":\"ListItem\",\"position\":1,\"name\":\"Home\",\"item\":\"https:\/\/www.gaveanews.com\/\"},{\"@type\":\"ListItem\",\"position\":2,\"name\":\"Jo\u00e3o Gomes, Lucas Paquet\u00e1 e Vinicius J\u00fanior: Dorival J\u00fanior esbo\u00e7a o Brasil com crias do Flamengo\"}]},{\"@type\":\"WebSite\",\"@id\":\"https:\/\/www.gaveanews.com\/#website\",\"url\":\"https:\/\/www.gaveanews.com\/\",\"name\":\"G\u00e1vea News\",\"description\":\"Veja todas as not\u00edcias sobre o Flamengo: Contrata\u00e7\u00f5es, categorias de base, resultados das partidas, tabela de classifica\u00e7\u00e3o, pr\u00f3ximos jogos!\",\"potentialAction\":[{\"@type\":\"SearchAction\",\"target\":{\"@type\":\"EntryPoint\",\"urlTemplate\":\"https:\/\/www.gaveanews.com\/?s={search_term_string}\"},\"query-input\":{\"@type\":\"PropertyValueSpecification\",\"valueRequired\":true,\"valueName\":\"search_term_string\"}}],\"inLanguage\":\"pt-BR\"},{\"@type\":\"Person\",\"@id\":\"https:\/\/www.gaveanews.com\/#\/schema\/person\/2ec14f73fb96be2caf28f91afb14749d\",\"name\":\"Equipe G\u00e1vea News\",\"image\":{\"@type\":\"ImageObject\",\"inLanguage\":\"pt-BR\",\"@id\":\"https:\/\/www.gaveanews.com\/#\/schema\/person\/image\/\",\"url\":\"https:\/\/secure.gravatar.com\/avatar\/1e1956f1facbffd3f8fa53a326721950116b3b9dc9bd44939c01180fd4a745a9?s=96&d=mm&r=g\",\"contentUrl\":\"https:\/\/secure.gravatar.com\/avatar\/1e1956f1facbffd3f8fa53a326721950116b3b9dc9bd44939c01180fd4a745a9?s=96&d=mm&r=g\",\"caption\":\"Equipe G\u00e1vea News\"}}]}<\/script>\n<!-- \/ Yoast SEO Premium plugin. -->","yoast_head_json":{"title":"Jo\u00e3o Gomes, Lucas Paquet\u00e1 e Vinicius J\u00fanior: Dorival J\u00fanior esbo\u00e7a o Brasil com crias do Flamengo","robots":{"index":"index","follow":"follow","max-snippet":"max-snippet:-1","max-image-preview":"max-image-preview:large","max-video-preview":"max-video-preview:-1"},"canonical":"https:\/\/www.gaveanews.com\/index.php\/2024\/03\/22\/joao-gomes-lucas-paqueta-e-vinicius-junior-dorival-junior-esboca-o-brasil-com-crias-do-flamengo\/","og_locale":"pt_BR","og_type":"article","og_title":"Jo\u00e3o Gomes, Lucas Paquet\u00e1 e Vinicius J\u00fanior: Dorival J\u00fanior esbo\u00e7a o Brasil com crias do Flamengo","og_description":"Dorival J\u00fanior, o t\u00e9cnico da Sele\u00e7\u00e3o Brasileira, est\u00e1 finalizando a escala\u00e7\u00e3o para o confronto contra a Inglaterra, que ocorrer\u00e1 neste s\u00e1bado (23), \u00e0s 16h (hor\u00e1rio de Bras\u00edlia), no emblem\u00e1tico est\u00e1dio de Wembley, em Londres. Este jogo marca um dos amistosos internacionais mais aguardados, sendo o primeiro compromisso do Brasil na data Fifa de mar\u00e7o. A [&hellip;]","og_url":"https:\/\/www.gaveanews.com\/index.php\/2024\/03\/22\/joao-gomes-lucas-paqueta-e-vinicius-junior-dorival-junior-esboca-o-brasil-com-crias-do-flamengo\/","og_site_name":"G\u00e1vea News","article_publisher":"https:\/\/facebook.com\/gaveaNews\/","article_published_time":"2024-03-22T12:27:05+00:00","article_modified_time":"2024-03-22T12:27:10+00:00","og_image":[{"width":732,"height":412,"url":"https:\/\/www.gaveanews.com\/wp-content\/uploads\/dorival-junior-selecao-e1704998153515.webp","type":"image\/webp"}],"author":"Equipe G\u00e1vea News","twitter_card":"summary_large_image","twitter_misc":{"Escrito por":"Equipe G\u00e1vea News","Est. tempo de leitura":"2 minutos"},"schema":{"@context":"https:\/\/schema.org","@graph":[{"@type":"NewsArticle","@id":"https:\/\/www.gaveanews.com\/index.php\/2024\/03\/22\/joao-gomes-lucas-paqueta-e-vinicius-junior-dorival-junior-esboca-o-brasil-com-crias-do-flamengo\/#article","isPartOf":{"@id":"https:\/\/www.gaveanews.com\/index.php\/2024\/03\/22\/joao-gomes-lucas-paqueta-e-vinicius-junior-dorival-junior-esboca-o-brasil-com-crias-do-flamengo\/"},"author":{"name":"Equipe G\u00e1vea News","@id":"https:\/\/www.gaveanews.com\/#\/schema\/person\/2ec14f73fb96be2caf28f91afb14749d"},"headline":"Jo\u00e3o Gomes, Lucas Paquet\u00e1 e Vinicius J\u00fanior: Dorival J\u00fanior esbo\u00e7a o Brasil com crias do Flamengo","datePublished":"2024-03-22T12:27:05+00:00","dateModified":"2024-03-22T12:27:10+00:00","mainEntityOfPage":{"@id":"https:\/\/www.gaveanews.com\/index.php\/2024\/03\/22\/joao-gomes-lucas-paqueta-e-vinicius-junior-dorival-junior-esboca-o-brasil-com-crias-do-flamengo\/"},"wordCount":393,"commentCount":0,"image":{"@id":"https:\/\/www.gaveanews.com\/index.php\/2024\/03\/22\/joao-gomes-lucas-paqueta-e-vinicius-junior-dorival-junior-esboca-o-brasil-com-crias-do-flamengo\/#primaryimage"},"thumbnailUrl":"https:\/\/www.gaveanews.com\/wp-content\/uploads\/dorival-junior-selecao-e1704998153515.webp","articleSection":["Flamengo"],"inLanguage":"pt-BR","potentialAction":[{"@type":"CommentAction","name":"Comment","target":["https:\/\/www.gaveanews.com\/index.php\/2024\/03\/22\/joao-gomes-lucas-paqueta-e-vinicius-junior-dorival-junior-esboca-o-brasil-com-crias-do-flamengo\/#respond"]}],"copyrightYear":"2024","copyrightHolder":{"@id":"https:\/\/www.gaveanews.com\/#organization"}},{"@type":"WebPage","@id":"https:\/\/www.gaveanews.com\/index.php\/2024\/03\/22\/joao-gomes-lucas-paqueta-e-vinicius-junior-dorival-junior-esboca-o-brasil-com-crias-do-flamengo\/","url":"https:\/\/www.gaveanews.com\/index.php\/2024\/03\/22\/joao-gomes-lucas-paqueta-e-vinicius-junior-dorival-junior-esboca-o-brasil-com-crias-do-flamengo\/","name":"Jo\u00e3o Gomes, Lucas Paquet\u00e1 e Vinicius J\u00fanior: Dorival J\u00fanior esbo\u00e7a o Brasil com crias do Flamengo","isPartOf":{"@id":"https:\/\/www.gaveanews.com\/#website"},"primaryImageOfPage":{"@id":"https:\/\/www.gaveanews.com\/index.php\/2024\/03\/22\/joao-gomes-lucas-paqueta-e-vinicius-junior-dorival-junior-esboca-o-brasil-com-crias-do-flamengo\/#primaryimage"},"image":{"@id":"https:\/\/www.gaveanews.com\/index.php\/2024\/03\/22\/joao-gomes-lucas-paqueta-e-vinicius-junior-dorival-junior-esboca-o-brasil-com-crias-do-flamengo\/#primaryimage"},"thumbnailUrl":"https:\/\/www.gaveanews.com\/wp-content\/uploads\/dorival-junior-selecao-e1704998153515.webp","datePublished":"2024-03-22T12:27:05+00:00","dateModified":"2024-03-22T12:27:10+00:00","author":{"@id":"https:\/\/www.gaveanews.com\/#\/schema\/person\/2ec14f73fb96be2caf28f91afb14749d"},"breadcrumb":{"@id":"https:\/\/www.gaveanews.com\/index.php\/2024\/03\/22\/joao-gomes-lucas-paqueta-e-vinicius-junior-dorival-junior-esboca-o-brasil-com-crias-do-flamengo\/#breadcrumb"},"inLanguage":"pt-BR","potentialAction":[{"@type":"ReadAction","target":["https:\/\/www.gaveanews.com\/index.php\/2024\/03\/22\/joao-gomes-lucas-paqueta-e-vinicius-junior-dorival-junior-esboca-o-brasil-com-crias-do-flamengo\/"]}]},{"@type":"ImageObject","inLanguage":"pt-BR","@id":"https:\/\/www.gaveanews.com\/index.php\/2024\/03\/22\/joao-gomes-lucas-paqueta-e-vinicius-junior-dorival-junior-esboca-o-brasil-com-crias-do-flamengo\/#primaryimage","url":"https:\/\/www.gaveanews.com\/wp-content\/uploads\/dorival-junior-selecao-e1704998153515.webp","contentUrl":"https:\/\/www.gaveanews.com\/wp-content\/uploads\/dorival-junior-selecao-e1704998153515.webp","width":732,"height":412,"caption":"Dorival J\u00fanior, t\u00e9cnico da Sele\u00e7\u00e3o Brasileira (Foto: Reprodu\u00e7\u00e3o)"},{"@type":"BreadcrumbList","@id":"https:\/\/www.gaveanews.com\/index.php\/2024\/03\/22\/joao-gomes-lucas-paqueta-e-vinicius-junior-dorival-junior-esboca-o-brasil-com-crias-do-flamengo\/#breadcrumb","itemListElement":[{"@type":"ListItem","position":1,"name":"Home","item":"https:\/\/www.gaveanews.com\/"},{"@type":"ListItem","position":2,"name":"Jo\u00e3o Gomes, Lucas Paquet\u00e1 e Vinicius J\u00fanior: Dorival J\u00fanior esbo\u00e7a o Brasil com crias do Flamengo"}]},{"@type":"WebSite","@id":"https:\/\/www.gaveanews.com\/#website","url":"https:\/\/www.gaveanews.com\/","name":"G\u00e1vea News","description":"Veja todas as not\u00edcias sobre o Flamengo: Contrata\u00e7\u00f5es, categorias de base, resultados das partidas, tabela de classifica\u00e7\u00e3o, pr\u00f3ximos jogos!","potentialAction":[{"@type":"SearchAction","target":{"@type":"EntryPoint","urlTemplate":"https:\/\/www.gaveanews.com\/?s={search_term_string}"},"query-input":{"@type":"PropertyValueSpecification","valueRequired":true,"valueName":"search_term_string"}}],"inLanguage":"pt-BR"},{"@type":"Person","@id":"https:\/\/www.gaveanews.com\/#\/schema\/person\/2ec14f73fb96be2caf28f91afb14749d","name":"Equipe G\u00e1vea News","image":{"@type":"ImageObject","inLanguage":"pt-BR","@id":"https:\/\/www.gaveanews.com\/#\/schema\/person\/image\/","url":"https:\/\/secure.gravatar.com\/avatar\/1e1956f1facbffd3f8fa53a326721950116b3b9dc9bd44939c01180fd4a745a9?s=96&d=mm&r=g","contentUrl":"https:\/\/secure.gravatar.com\/avatar\/1e1956f1facbffd3f8fa53a326721950116b3b9dc9bd44939c01180fd4a745a9?s=96&d=mm&r=g","caption":"Equipe G\u00e1vea News"}}]}},"_links":{"self":[{"href":"https:\/\/www.gaveanews.com\/index.php\/wp-json\/wp\/v2\/posts\/132339","targetHints":{"allow":["GET"]}}],"collection":[{"href":"https:\/\/www.gaveanews.com\/index.php\/wp-json\/wp\/v2\/posts"}],"about":[{"href":"https:\/\/www.gaveanews.com\/index.php\/wp-json\/wp\/v2\/types\/post"}],"author":[{"embeddable":true,"href":"https:\/\/www.gaveanews.com\/index.php\/wp-json\/wp\/v2\/users\/1"}],"replies":[{"embeddable":true,"href":"https:\/\/www.gaveanews.com\/index.php\/wp-json\/wp\/v2\/comments?post=132339"}],"version-history":[{"count":1,"href":"https:\/\/www.gaveanews.com\/index.php\/wp-json\/wp\/v2\/posts\/132339\/revisions"}],"predecessor-version":[{"id":132341,"href":"https:\/\/www.gaveanews.com\/index.php\/wp-json\/wp\/v2\/posts\/132339\/revisions\/132341"}],"wp:featuredmedia":[{"embeddable":true,"href":"https:\/\/www.gaveanews.com\/index.php\/wp-json\/wp\/v2\/media\/126556"}],"wp:attachment":[{"href":"https:\/\/www.gaveanews.com\/index.php\/wp-json\/wp\/v2\/media?parent=132339"}],"wp:term":[{"taxonomy":"category","embeddable":true,"href":"https:\/\/www.gaveanews.com\/index.php\/wp-json\/wp\/v2\/categories?post=132339"},{"taxonomy":"post_tag","embeddable":true,"href":"https:\/\/www.gaveanews.com\/index.php\/wp-json\/wp\/v2\/tags?post=132339"}],"curies":[{"name":"wp","href":"https:\/\/api.w.org\/{rel}","templated":true}]}}