{"id":132409,"date":"2024-03-25T22:08:40","date_gmt":"2024-03-26T01:08:40","guid":{"rendered":"https:\/\/www.gaveanews.com\/?p=132409"},"modified":"2024-04-07T09:33:59","modified_gmt":"2024-04-07T12:33:59","slug":"apos-sorteio-da-libertadores-torcida-do-flamengo-nao-perdoa-de-la-cruz","status":"publish","type":"post","link":"https:\/\/www.gaveanews.com\/index.php\/2024\/03\/25\/apos-sorteio-da-libertadores-torcida-do-flamengo-nao-perdoa-de-la-cruz\/","title":{"rendered":"Ap\u00f3s sorteio da Libertadores, torcida do Flamengo n\u00e3o perdoa De la Cruz"},"content":{"rendered":"\n<p>A fase de grupos da Copa Libertadores da Am\u00e9rica 2024 teve seu sorteio realizado na \u00faltima segunda-feira (18), na sede da Conmebol, em Luque, Paraguai. Este evento marca oficialmente o in\u00edcio da jornada para os 32 times sul-americanos que buscam o t\u00edtulo mais cobi\u00e7ado do futebol da regi\u00e3o. Entre os participantes, 28 foram classificados por meio de seus desempenhos em campeonatos e copas nacionais, enquanto os outros quatro garantiram suas vagas ap\u00f3s passarem pela fase preliminar.<\/p>\n\n\n\n<p>O Flamengo, um dos grandes representantes do futebol brasileiro, conheceu seus advers\u00e1rios no Grupo E: Bol\u00edvar, Millonarios e Palestino. Esses confrontos prometem trazer emo\u00e7\u00f5es aos torcedores rubro-negros, que est\u00e3o ansiosos para ver seu time em a\u00e7\u00e3o na competi\u00e7\u00e3o continental.<\/p>\n\n\n\n<p>No entanto, o Flamengo enfrentar\u00e1 desafios consider\u00e1veis em dois jogos em altitude. A estreia contra o Millonarios ser\u00e1 em Bogot\u00e1, a 2650 metros acima do n\u00edvel do mar. Mais tarde, o time ter\u00e1 outro confronto em altitude, desta vez contra o Bol\u00edvar em La Paz, a uma altitude ainda mais alta, de 3640 metros. Esses fatores podem desempenhar um papel crucial nos resultados dos jogos e exigir\u00e3o prepara\u00e7\u00e3o f\u00edsica e t\u00e1tica cuidadosa por parte da equipe carioca.<\/p>\n\n\n\n<p>Ap\u00f3s o sorteio, as redes sociais foram inundadas com rea\u00e7\u00f5es dos torcedores do Flamengo. Mesmo com muitos preocupados com os desafios do Flamengo na altitude, alguns memes surgiram. De la Cruz foi um dos que recebeu memes sobre a situa\u00e7\u00e3o.<\/p>\n\n\n\n<h2 class=\"wp-block-heading\" id=\"h-meme-envolvendo-de-la-cruz-viraliza-na-internet\">Meme envolvendo De la Cruz viraliza na internet<\/h2>\n\n\n\n<blockquote class=\"twitter-tweet\"><p lang=\"pt\" dir=\"ltr\">Flamengo deve sofrer com a altitude na Bol\u00edvia<br><br>De La Cruz \u00e1 45 minutos do segundo tempo : <a href=\"https:\/\/t.co\/mdMX8fZfVZ\">pic.twitter.com\/mdMX8fZfVZ<\/a><\/p>&mdash; Ninja Fla (@NinjaFla1981) <a href=\"https:\/\/twitter.com\/NinjaFla1981\/status\/1769888737771544832?ref_src=twsrc%5Etfw\">March 19, 2024<\/a><\/blockquote> <script async src=\"https:\/\/platform.twitter.com\/widgets.js\" charset=\"utf-8\"><\/script>\n\n\n\n<h2 class=\"wp-block-heading\" id=\"h-quando-sera-o-proximo-jogo-do-flamengo\">Quando ser\u00e1 o pr\u00f3ximo jogo do Flamengo?<\/h2>\n\n\n\n<p>Devido \u00e0 participa\u00e7\u00e3o do&nbsp;<a href=\"https:\/\/gaveanews.com\/?utm_source=SystemGaveaNews&amp;utm_medium=SystemGaveaNews&amp;utm_campaign=SystemGaveaNews\">Flamengo<\/a>&nbsp;na fase de grupos da Conmebol Libertadores, sua agenda passou por ajustes. A estreia da equipe na competi\u00e7\u00e3o continental, agendada para o dia 2 de abril, uma ter\u00e7a-feira, contra o Millonarios, levou \u00e0 antecipa\u00e7\u00e3o da final de ida do Campeonato Carioca contra o Nova Igua\u00e7u. Assim, o&nbsp;<a href=\"https:\/\/gaveanews.com\/?utm_source=SystemGaveaNews&amp;utm_medium=SystemGaveaNews&amp;utm_campaign=SystemGaveaNews\">Flamengo<\/a>&nbsp;enfrentar\u00e1 o Nova Igua\u00e7u no dia 30 de mar\u00e7o, no primeiro confronto da final do Campeonato Carioca. O jogo ocorrer\u00e1 no Maracan\u00e3, no Rio de Janeiro.<\/p>\n\n\n\n<p>Confira abaixo a agenda do&nbsp;<a href=\"https:\/\/gaveanews.com\/?utm_source=SystemGaveaNews&amp;utm_medium=SystemGaveaNews&amp;utm_campaign=SystemGaveaNews\">Flamengo<\/a>&nbsp;no Campeonato Carioca:<\/p>\n\n\n\n<ul class=\"wp-block-list\">\n<li>30\/03 \u2013 Nova Igua\u00e7u x&nbsp;<a href=\"https:\/\/gaveanews.com\/?utm_source=SystemGaveaNews&amp;utm_medium=SystemGaveaNews&amp;utm_campaign=SystemGaveaNews\">Flamengo<\/a><\/li>\n\n\n\n<li>07\/04 \u2013&nbsp;<a href=\"https:\/\/gaveanews.com\/?utm_source=SystemGaveaNews&amp;utm_medium=SystemGaveaNews&amp;utm_campaign=SystemGaveaNews\">Flamengo<\/a>&nbsp;x Nova Igua\u00e7u<\/li>\n<\/ul>\n","protected":false},"excerpt":{"rendered":"<p>A fase de grupos da Copa Libertadores da Am\u00e9rica 2024 teve seu sorteio realizado na \u00faltima segunda-feira (18), na sede da Conmebol, em Luque, Paraguai. Este evento marca oficialmente o in\u00edcio da jornada para os 32 times sul-americanos que buscam o t\u00edtulo mais cobi\u00e7ado do futebol da regi\u00e3o. Entre os participantes, 28 foram classificados por [&hellip;]<\/p>\n","protected":false},"author":15,"featured_media":121169,"comment_status":"open","ping_status":"closed","sticky":false,"template":"","format":"standard","meta":{"footnotes":""},"categories":[1],"tags":[180],"class_list":["post-132409","post","type-post","status-publish","format-standard","has-post-thumbnail","hentry","category-flamengo","tag-diego-nicolas-de-la-cruz-arcosa"],"yoast_head":"<!-- This site is optimized with the Yoast SEO Premium plugin v24.2 (Yoast SEO v26.9) - https:\/\/yoast.com\/product\/yoast-seo-premium-wordpress\/ -->\n<title>Ap\u00f3s sorteio da Libertadores, torcida do Flamengo n\u00e3o perdoa De la Cruz<\/title>\n<meta name=\"robots\" content=\"index, follow, max-snippet:-1, max-image-preview:large, max-video-preview:-1\" \/>\n<link rel=\"canonical\" href=\"https:\/\/www.gaveanews.com\/index.php\/2024\/03\/25\/apos-sorteio-da-libertadores-torcida-do-flamengo-nao-perdoa-de-la-cruz\/\" \/>\n<meta property=\"og:locale\" content=\"pt_BR\" \/>\n<meta property=\"og:type\" content=\"article\" \/>\n<meta property=\"og:title\" content=\"Ap\u00f3s sorteio da Libertadores, torcida do Flamengo n\u00e3o perdoa De la Cruz\" \/>\n<meta property=\"og:description\" content=\"A fase de grupos da Copa Libertadores da Am\u00e9rica 2024 teve seu sorteio realizado na \u00faltima segunda-feira (18), na sede da Conmebol, em Luque, Paraguai. Este evento marca oficialmente o in\u00edcio da jornada para os 32 times sul-americanos que buscam o t\u00edtulo mais cobi\u00e7ado do futebol da regi\u00e3o. Entre os participantes, 28 foram classificados por [&hellip;]\" \/>\n<meta property=\"og:url\" content=\"https:\/\/www.gaveanews.com\/index.php\/2024\/03\/25\/apos-sorteio-da-libertadores-torcida-do-flamengo-nao-perdoa-de-la-cruz\/\" \/>\n<meta property=\"og:site_name\" content=\"G\u00e1vea News\" \/>\n<meta property=\"article:publisher\" content=\"https:\/\/facebook.com\/gaveaNews\/\" \/>\n<meta property=\"article:published_time\" content=\"2024-03-26T01:08:40+00:00\" \/>\n<meta property=\"article:modified_time\" content=\"2024-04-07T12:33:59+00:00\" \/>\n<meta property=\"og:image\" content=\"https:\/\/www.gaveanews.com\/wp-content\/uploads\/de-la-cruz-1.webp\" \/>\n\t<meta property=\"og:image:width\" content=\"1000\" \/>\n\t<meta property=\"og:image:height\" content=\"666\" \/>\n\t<meta property=\"og:image:type\" content=\"image\/webp\" \/>\n<meta name=\"author\" content=\"Henrique Machado\" \/>\n<meta name=\"twitter:card\" content=\"summary_large_image\" \/>\n<meta name=\"twitter:label1\" content=\"Escrito por\" \/>\n\t<meta name=\"twitter:data1\" content=\"Henrique Machado\" \/>\n\t<meta name=\"twitter:label2\" content=\"Est. tempo de leitura\" \/>\n\t<meta name=\"twitter:data2\" content=\"3 minutos\" \/>\n<script type=\"application\/ld+json\" class=\"yoast-schema-graph\">{\"@context\":\"https:\/\/schema.org\",\"@graph\":[{\"@type\":\"NewsArticle\",\"@id\":\"https:\/\/www.gaveanews.com\/index.php\/2024\/03\/25\/apos-sorteio-da-libertadores-torcida-do-flamengo-nao-perdoa-de-la-cruz\/#article\",\"isPartOf\":{\"@id\":\"https:\/\/www.gaveanews.com\/index.php\/2024\/03\/25\/apos-sorteio-da-libertadores-torcida-do-flamengo-nao-perdoa-de-la-cruz\/\"},\"author\":{\"name\":\"Henrique Machado\",\"@id\":\"https:\/\/www.gaveanews.com\/#\/schema\/person\/fd07635ec039ec3ba74ad18ec8a6dbd6\"},\"headline\":\"Ap\u00f3s sorteio da Libertadores, torcida do Flamengo n\u00e3o perdoa De la Cruz\",\"datePublished\":\"2024-03-26T01:08:40+00:00\",\"dateModified\":\"2024-04-07T12:33:59+00:00\",\"mainEntityOfPage\":{\"@id\":\"https:\/\/www.gaveanews.com\/index.php\/2024\/03\/25\/apos-sorteio-da-libertadores-torcida-do-flamengo-nao-perdoa-de-la-cruz\/\"},\"wordCount\":414,\"commentCount\":0,\"image\":{\"@id\":\"https:\/\/www.gaveanews.com\/index.php\/2024\/03\/25\/apos-sorteio-da-libertadores-torcida-do-flamengo-nao-perdoa-de-la-cruz\/#primaryimage\"},\"thumbnailUrl\":\"https:\/\/www.gaveanews.com\/wp-content\/uploads\/de-la-cruz-1.webp\",\"keywords\":[\"Diego Nicol\u00e1s de la Cruz Arcosa\"],\"articleSection\":[\"Flamengo\"],\"inLanguage\":\"pt-BR\",\"potentialAction\":[{\"@type\":\"CommentAction\",\"name\":\"Comment\",\"target\":[\"https:\/\/www.gaveanews.com\/index.php\/2024\/03\/25\/apos-sorteio-da-libertadores-torcida-do-flamengo-nao-perdoa-de-la-cruz\/#respond\"]}],\"copyrightYear\":\"2024\",\"copyrightHolder\":{\"@id\":\"https:\/\/www.gaveanews.com\/#organization\"}},{\"@type\":\"WebPage\",\"@id\":\"https:\/\/www.gaveanews.com\/index.php\/2024\/03\/25\/apos-sorteio-da-libertadores-torcida-do-flamengo-nao-perdoa-de-la-cruz\/\",\"url\":\"https:\/\/www.gaveanews.com\/index.php\/2024\/03\/25\/apos-sorteio-da-libertadores-torcida-do-flamengo-nao-perdoa-de-la-cruz\/\",\"name\":\"Ap\u00f3s sorteio da Libertadores, torcida do Flamengo n\u00e3o perdoa De la Cruz\",\"isPartOf\":{\"@id\":\"https:\/\/www.gaveanews.com\/#website\"},\"primaryImageOfPage\":{\"@id\":\"https:\/\/www.gaveanews.com\/index.php\/2024\/03\/25\/apos-sorteio-da-libertadores-torcida-do-flamengo-nao-perdoa-de-la-cruz\/#primaryimage\"},\"image\":{\"@id\":\"https:\/\/www.gaveanews.com\/index.php\/2024\/03\/25\/apos-sorteio-da-libertadores-torcida-do-flamengo-nao-perdoa-de-la-cruz\/#primaryimage\"},\"thumbnailUrl\":\"https:\/\/www.gaveanews.com\/wp-content\/uploads\/de-la-cruz-1.webp\",\"datePublished\":\"2024-03-26T01:08:40+00:00\",\"dateModified\":\"2024-04-07T12:33:59+00:00\",\"author\":{\"@id\":\"https:\/\/www.gaveanews.com\/#\/schema\/person\/fd07635ec039ec3ba74ad18ec8a6dbd6\"},\"breadcrumb\":{\"@id\":\"https:\/\/www.gaveanews.com\/index.php\/2024\/03\/25\/apos-sorteio-da-libertadores-torcida-do-flamengo-nao-perdoa-de-la-cruz\/#breadcrumb\"},\"inLanguage\":\"pt-BR\",\"potentialAction\":[{\"@type\":\"ReadAction\",\"target\":[\"https:\/\/www.gaveanews.com\/index.php\/2024\/03\/25\/apos-sorteio-da-libertadores-torcida-do-flamengo-nao-perdoa-de-la-cruz\/\"]}]},{\"@type\":\"ImageObject\",\"inLanguage\":\"pt-BR\",\"@id\":\"https:\/\/www.gaveanews.com\/index.php\/2024\/03\/25\/apos-sorteio-da-libertadores-torcida-do-flamengo-nao-perdoa-de-la-cruz\/#primaryimage\",\"url\":\"https:\/\/www.gaveanews.com\/wp-content\/uploads\/de-la-cruz-1.webp\",\"contentUrl\":\"https:\/\/www.gaveanews.com\/wp-content\/uploads\/de-la-cruz-1.webp\",\"width\":1000,\"height\":666,\"caption\":\"Nicol\u00e1s de la Cruz em apresenta\u00e7\u00e3o pelo Flamengo (Foto: Marcelo Cortes \/CRF)\"},{\"@type\":\"BreadcrumbList\",\"@id\":\"https:\/\/www.gaveanews.com\/index.php\/2024\/03\/25\/apos-sorteio-da-libertadores-torcida-do-flamengo-nao-perdoa-de-la-cruz\/#breadcrumb\",\"itemListElement\":[{\"@type\":\"ListItem\",\"position\":1,\"name\":\"Home\",\"item\":\"https:\/\/www.gaveanews.com\/\"},{\"@type\":\"ListItem\",\"position\":2,\"name\":\"Ap\u00f3s sorteio da Libertadores, torcida do Flamengo n\u00e3o perdoa De la Cruz\"}]},{\"@type\":\"WebSite\",\"@id\":\"https:\/\/www.gaveanews.com\/#website\",\"url\":\"https:\/\/www.gaveanews.com\/\",\"name\":\"G\u00e1vea News\",\"description\":\"Veja todas as not\u00edcias sobre o Flamengo: Contrata\u00e7\u00f5es, categorias de base, resultados das partidas, tabela de classifica\u00e7\u00e3o, pr\u00f3ximos jogos!\",\"potentialAction\":[{\"@type\":\"SearchAction\",\"target\":{\"@type\":\"EntryPoint\",\"urlTemplate\":\"https:\/\/www.gaveanews.com\/?s={search_term_string}\"},\"query-input\":{\"@type\":\"PropertyValueSpecification\",\"valueRequired\":true,\"valueName\":\"search_term_string\"}}],\"inLanguage\":\"pt-BR\"},{\"@type\":\"Person\",\"@id\":\"https:\/\/www.gaveanews.com\/#\/schema\/person\/fd07635ec039ec3ba74ad18ec8a6dbd6\",\"name\":\"Henrique Machado\",\"image\":{\"@type\":\"ImageObject\",\"inLanguage\":\"pt-BR\",\"@id\":\"https:\/\/www.gaveanews.com\/#\/schema\/person\/image\/\",\"url\":\"https:\/\/secure.gravatar.com\/avatar\/b95e35997e01d9800c1b6184bd79d4d898d370a3fce2584f5c77b907d5c7d9e9?s=96&d=mm&r=g\",\"contentUrl\":\"https:\/\/secure.gravatar.com\/avatar\/b95e35997e01d9800c1b6184bd79d4d898d370a3fce2584f5c77b907d5c7d9e9?s=96&d=mm&r=g\",\"caption\":\"Henrique Machado\"}}]}<\/script>\n<!-- \/ Yoast SEO Premium plugin. -->","yoast_head_json":{"title":"Ap\u00f3s sorteio da Libertadores, torcida do Flamengo n\u00e3o perdoa De la Cruz","robots":{"index":"index","follow":"follow","max-snippet":"max-snippet:-1","max-image-preview":"max-image-preview:large","max-video-preview":"max-video-preview:-1"},"canonical":"https:\/\/www.gaveanews.com\/index.php\/2024\/03\/25\/apos-sorteio-da-libertadores-torcida-do-flamengo-nao-perdoa-de-la-cruz\/","og_locale":"pt_BR","og_type":"article","og_title":"Ap\u00f3s sorteio da Libertadores, torcida do Flamengo n\u00e3o perdoa De la Cruz","og_description":"A fase de grupos da Copa Libertadores da Am\u00e9rica 2024 teve seu sorteio realizado na \u00faltima segunda-feira (18), na sede da Conmebol, em Luque, Paraguai. Este evento marca oficialmente o in\u00edcio da jornada para os 32 times sul-americanos que buscam o t\u00edtulo mais cobi\u00e7ado do futebol da regi\u00e3o. Entre os participantes, 28 foram classificados por [&hellip;]","og_url":"https:\/\/www.gaveanews.com\/index.php\/2024\/03\/25\/apos-sorteio-da-libertadores-torcida-do-flamengo-nao-perdoa-de-la-cruz\/","og_site_name":"G\u00e1vea News","article_publisher":"https:\/\/facebook.com\/gaveaNews\/","article_published_time":"2024-03-26T01:08:40+00:00","article_modified_time":"2024-04-07T12:33:59+00:00","og_image":[{"width":1000,"height":666,"url":"https:\/\/www.gaveanews.com\/wp-content\/uploads\/de-la-cruz-1.webp","type":"image\/webp"}],"author":"Henrique Machado","twitter_card":"summary_large_image","twitter_misc":{"Escrito por":"Henrique Machado","Est. tempo de leitura":"3 minutos"},"schema":{"@context":"https:\/\/schema.org","@graph":[{"@type":"NewsArticle","@id":"https:\/\/www.gaveanews.com\/index.php\/2024\/03\/25\/apos-sorteio-da-libertadores-torcida-do-flamengo-nao-perdoa-de-la-cruz\/#article","isPartOf":{"@id":"https:\/\/www.gaveanews.com\/index.php\/2024\/03\/25\/apos-sorteio-da-libertadores-torcida-do-flamengo-nao-perdoa-de-la-cruz\/"},"author":{"name":"Henrique Machado","@id":"https:\/\/www.gaveanews.com\/#\/schema\/person\/fd07635ec039ec3ba74ad18ec8a6dbd6"},"headline":"Ap\u00f3s sorteio da Libertadores, torcida do Flamengo n\u00e3o perdoa De la Cruz","datePublished":"2024-03-26T01:08:40+00:00","dateModified":"2024-04-07T12:33:59+00:00","mainEntityOfPage":{"@id":"https:\/\/www.gaveanews.com\/index.php\/2024\/03\/25\/apos-sorteio-da-libertadores-torcida-do-flamengo-nao-perdoa-de-la-cruz\/"},"wordCount":414,"commentCount":0,"image":{"@id":"https:\/\/www.gaveanews.com\/index.php\/2024\/03\/25\/apos-sorteio-da-libertadores-torcida-do-flamengo-nao-perdoa-de-la-cruz\/#primaryimage"},"thumbnailUrl":"https:\/\/www.gaveanews.com\/wp-content\/uploads\/de-la-cruz-1.webp","keywords":["Diego Nicol\u00e1s de la Cruz Arcosa"],"articleSection":["Flamengo"],"inLanguage":"pt-BR","potentialAction":[{"@type":"CommentAction","name":"Comment","target":["https:\/\/www.gaveanews.com\/index.php\/2024\/03\/25\/apos-sorteio-da-libertadores-torcida-do-flamengo-nao-perdoa-de-la-cruz\/#respond"]}],"copyrightYear":"2024","copyrightHolder":{"@id":"https:\/\/www.gaveanews.com\/#organization"}},{"@type":"WebPage","@id":"https:\/\/www.gaveanews.com\/index.php\/2024\/03\/25\/apos-sorteio-da-libertadores-torcida-do-flamengo-nao-perdoa-de-la-cruz\/","url":"https:\/\/www.gaveanews.com\/index.php\/2024\/03\/25\/apos-sorteio-da-libertadores-torcida-do-flamengo-nao-perdoa-de-la-cruz\/","name":"Ap\u00f3s sorteio da Libertadores, torcida do Flamengo n\u00e3o perdoa De la Cruz","isPartOf":{"@id":"https:\/\/www.gaveanews.com\/#website"},"primaryImageOfPage":{"@id":"https:\/\/www.gaveanews.com\/index.php\/2024\/03\/25\/apos-sorteio-da-libertadores-torcida-do-flamengo-nao-perdoa-de-la-cruz\/#primaryimage"},"image":{"@id":"https:\/\/www.gaveanews.com\/index.php\/2024\/03\/25\/apos-sorteio-da-libertadores-torcida-do-flamengo-nao-perdoa-de-la-cruz\/#primaryimage"},"thumbnailUrl":"https:\/\/www.gaveanews.com\/wp-content\/uploads\/de-la-cruz-1.webp","datePublished":"2024-03-26T01:08:40+00:00","dateModified":"2024-04-07T12:33:59+00:00","author":{"@id":"https:\/\/www.gaveanews.com\/#\/schema\/person\/fd07635ec039ec3ba74ad18ec8a6dbd6"},"breadcrumb":{"@id":"https:\/\/www.gaveanews.com\/index.php\/2024\/03\/25\/apos-sorteio-da-libertadores-torcida-do-flamengo-nao-perdoa-de-la-cruz\/#breadcrumb"},"inLanguage":"pt-BR","potentialAction":[{"@type":"ReadAction","target":["https:\/\/www.gaveanews.com\/index.php\/2024\/03\/25\/apos-sorteio-da-libertadores-torcida-do-flamengo-nao-perdoa-de-la-cruz\/"]}]},{"@type":"ImageObject","inLanguage":"pt-BR","@id":"https:\/\/www.gaveanews.com\/index.php\/2024\/03\/25\/apos-sorteio-da-libertadores-torcida-do-flamengo-nao-perdoa-de-la-cruz\/#primaryimage","url":"https:\/\/www.gaveanews.com\/wp-content\/uploads\/de-la-cruz-1.webp","contentUrl":"https:\/\/www.gaveanews.com\/wp-content\/uploads\/de-la-cruz-1.webp","width":1000,"height":666,"caption":"Nicol\u00e1s de la Cruz em apresenta\u00e7\u00e3o pelo Flamengo (Foto: Marcelo Cortes \/CRF)"},{"@type":"BreadcrumbList","@id":"https:\/\/www.gaveanews.com\/index.php\/2024\/03\/25\/apos-sorteio-da-libertadores-torcida-do-flamengo-nao-perdoa-de-la-cruz\/#breadcrumb","itemListElement":[{"@type":"ListItem","position":1,"name":"Home","item":"https:\/\/www.gaveanews.com\/"},{"@type":"ListItem","position":2,"name":"Ap\u00f3s sorteio da Libertadores, torcida do Flamengo n\u00e3o perdoa De la Cruz"}]},{"@type":"WebSite","@id":"https:\/\/www.gaveanews.com\/#website","url":"https:\/\/www.gaveanews.com\/","name":"G\u00e1vea News","description":"Veja todas as not\u00edcias sobre o Flamengo: Contrata\u00e7\u00f5es, categorias de base, resultados das partidas, tabela de classifica\u00e7\u00e3o, pr\u00f3ximos jogos!","potentialAction":[{"@type":"SearchAction","target":{"@type":"EntryPoint","urlTemplate":"https:\/\/www.gaveanews.com\/?s={search_term_string}"},"query-input":{"@type":"PropertyValueSpecification","valueRequired":true,"valueName":"search_term_string"}}],"inLanguage":"pt-BR"},{"@type":"Person","@id":"https:\/\/www.gaveanews.com\/#\/schema\/person\/fd07635ec039ec3ba74ad18ec8a6dbd6","name":"Henrique Machado","image":{"@type":"ImageObject","inLanguage":"pt-BR","@id":"https:\/\/www.gaveanews.com\/#\/schema\/person\/image\/","url":"https:\/\/secure.gravatar.com\/avatar\/b95e35997e01d9800c1b6184bd79d4d898d370a3fce2584f5c77b907d5c7d9e9?s=96&d=mm&r=g","contentUrl":"https:\/\/secure.gravatar.com\/avatar\/b95e35997e01d9800c1b6184bd79d4d898d370a3fce2584f5c77b907d5c7d9e9?s=96&d=mm&r=g","caption":"Henrique Machado"}}]}},"_links":{"self":[{"href":"https:\/\/www.gaveanews.com\/index.php\/wp-json\/wp\/v2\/posts\/132409","targetHints":{"allow":["GET"]}}],"collection":[{"href":"https:\/\/www.gaveanews.com\/index.php\/wp-json\/wp\/v2\/posts"}],"about":[{"href":"https:\/\/www.gaveanews.com\/index.php\/wp-json\/wp\/v2\/types\/post"}],"author":[{"embeddable":true,"href":"https:\/\/www.gaveanews.com\/index.php\/wp-json\/wp\/v2\/users\/15"}],"replies":[{"embeddable":true,"href":"https:\/\/www.gaveanews.com\/index.php\/wp-json\/wp\/v2\/comments?post=132409"}],"version-history":[{"count":6,"href":"https:\/\/www.gaveanews.com\/index.php\/wp-json\/wp\/v2\/posts\/132409\/revisions"}],"predecessor-version":[{"id":132676,"href":"https:\/\/www.gaveanews.com\/index.php\/wp-json\/wp\/v2\/posts\/132409\/revisions\/132676"}],"wp:featuredmedia":[{"embeddable":true,"href":"https:\/\/www.gaveanews.com\/index.php\/wp-json\/wp\/v2\/media\/121169"}],"wp:attachment":[{"href":"https:\/\/www.gaveanews.com\/index.php\/wp-json\/wp\/v2\/media?parent=132409"}],"wp:term":[{"taxonomy":"category","embeddable":true,"href":"https:\/\/www.gaveanews.com\/index.php\/wp-json\/wp\/v2\/categories?post=132409"},{"taxonomy":"post_tag","embeddable":true,"href":"https:\/\/www.gaveanews.com\/index.php\/wp-json\/wp\/v2\/tags?post=132409"}],"curies":[{"name":"wp","href":"https:\/\/api.w.org\/{rel}","templated":true}]}}