{"id":132476,"date":"2024-03-24T17:35:00","date_gmt":"2024-03-24T20:35:00","guid":{"rendered":"https:\/\/www.gaveanews.com\/?p=132476"},"modified":"2024-04-07T08:40:17","modified_gmt":"2024-04-07T11:40:17","slug":"mauro-cezar-pereira-da-opiniao-polemica-sobre-fabricio-bruno","status":"publish","type":"post","link":"https:\/\/www.gaveanews.com\/index.php\/2024\/03\/24\/mauro-cezar-pereira-da-opiniao-polemica-sobre-fabricio-bruno\/","title":{"rendered":"Mauro Cezar Pereira d\u00e1 opini\u00e3o pol\u00eamica sobre Fabr\u00edcio Bruno"},"content":{"rendered":"\n<p>A recente vit\u00f3ria do Brasil por 1 a 0 sobre a Inglaterra trouxe \u00e0 tona diversas an\u00e1lises sobre o desempenho dos jogadores, especialmente sobre Fabr\u00edcio Bruno, zagueiro do Flamengo. O jogo, que se destacou pela intensa disputa defensiva, viu Fabr\u00edcio ser criticado pelo jornalista esportivo Mauro Cezar Pereira. Divergindo da opini\u00e3o de muitos torcedores que elogiaram o desempenho do defensor, Mauro Cezar foi enf\u00e1tico ao classificar a atua\u00e7\u00e3o de Fabr\u00edcio como fraca e questionar sua presen\u00e7a na Sele\u00e7\u00e3o Brasileira.<\/p>\n\n\n\n<p>Em suas cr\u00edticas, Mauro Cezar Pereira n\u00e3o poupou palavras para expressar sua vis\u00e3o de que Fabr\u00edcio Bruno n\u00e3o possui o n\u00edvel necess\u00e1rio para vestir a camisa da sele\u00e7\u00e3o nacional. Contrastando com a performance de Beraldo, zagueiro do PSG, que foi elogiado por sua efici\u00eancia defensiva e habilidade com a bola nos p\u00e9s, a an\u00e1lise de Mauro colocou em cheque a capacidade de Fabr\u00edcio em momentos cruciais do jogo. Beraldo foi apontado como um pilar defensivo, crucial para neutralizar o ataque ingl\u00eas, enquanto Fabr\u00edcio era visto como menos combativo e decisivo.<\/p>\n\n\n\n<p><em>\u2014 Eu respeito todas as opini\u00f5es, mas eu acho que o Fabr\u00edcio Bruno fez uma partida limitada. \u00c9 um jogador limitado e n\u00e3o tem n\u00edvel de sele\u00e7\u00e3o, ao contr\u00e1rio do Beraldo, que tem muito mais recurso. A bola passou muito mais nos p\u00e9s do Beraldo do que do Fabr\u00edcio. O Beraldo que saiu jogando na sa\u00edda de bola. O Fabr\u00edcio, muitas vezes, n\u00e3o dava combate e a bola passou pela \u00e1rea. O Beraldo tirou v\u00e1rias bolas em situa\u00e7\u00f5es mais delicadas<\/em>, afirmou Mauro.<\/p>\n\n\n<div class=\"wp-block-image\">\n<figure class=\"aligncenter size-full\"><img loading=\"lazy\" decoding=\"async\" width=\"799\" height=\"533\" src=\"https:\/\/www.gaveanews.com\/wp-content\/uploads\/Fabricio-Bruno-estreia-pelo-Flamengo-em-partida-contra-o-Nova-Iguacu.webp\" alt=\"\" class=\"wp-image-76698\" srcset=\"https:\/\/www.gaveanews.com\/wp-content\/uploads\/Fabricio-Bruno-estreia-pelo-Flamengo-em-partida-contra-o-Nova-Iguacu.webp 799w, https:\/\/www.gaveanews.com\/wp-content\/uploads\/Fabricio-Bruno-estreia-pelo-Flamengo-em-partida-contra-o-Nova-Iguacu-300x200.webp 300w, https:\/\/www.gaveanews.com\/wp-content\/uploads\/Fabricio-Bruno-estreia-pelo-Flamengo-em-partida-contra-o-Nova-Iguacu-768x512.webp 768w, https:\/\/www.gaveanews.com\/wp-content\/uploads\/Fabricio-Bruno-estreia-pelo-Flamengo-em-partida-contra-o-Nova-Iguacu-630x420.webp 630w, https:\/\/www.gaveanews.com\/wp-content\/uploads\/Fabricio-Bruno-estreia-pelo-Flamengo-em-partida-contra-o-Nova-Iguacu-640x427.webp 640w, https:\/\/www.gaveanews.com\/wp-content\/uploads\/Fabricio-Bruno-estreia-pelo-Flamengo-em-partida-contra-o-Nova-Iguacu-681x454.webp 681w, https:\/\/www.gaveanews.com\/wp-content\/uploads\/Fabricio-Bruno-estreia-pelo-Flamengo-em-partida-contra-o-Nova-Iguacu-100x67.webp 100w\" sizes=\"auto, (max-width: 799px) 100vw, 799px\" \/><figcaption class=\"wp-element-caption\">Fabr\u00edcio Bruno estreia pelo Flamengo em partida contra o Nova Igua\u00e7u (Foto: Marcelo Cortes\/Flamengo)<\/figcaption><\/figure>\n<\/div>\n\n\n<p>Al\u00e9m da atua\u00e7\u00e3o pela sele\u00e7\u00e3o, o debate estendeu-se \u00e0 situa\u00e7\u00e3o de Fabr\u00edcio no Flamengo. Mauro Cezar sugeriu que a dupla de zaga do time carioca deveria ser formada por L\u00e9o Pereira e L\u00e9o Ortiz, rec\u00e9m-chegado ao clube. Esta opini\u00e3o destaca uma prefer\u00eancia clara do jornalista por uma forma\u00e7\u00e3o defensiva que n\u00e3o inclui Fabr\u00edcio, apesar de seu status de jogador revelado pelas categorias de base do Flamengo e sua participa\u00e7\u00e3o ativa na equipe.<\/p>\n\n\n\n<p><em>\u2014 Mas eu sei que tem muita gente que gosta do Fabr\u00edcio Bruno porque joga no Flamengo\u2026 mas n\u00e3o \u00e9 porque joga no Flamengo que tem que falar que \u00e9 bom pra caramba. \u00c9 um jogador razo\u00e1vel, e uma das convoca\u00e7\u00f5es pra l\u00e1 de question\u00e1veis. Voc\u00eas acham que o Fabr\u00edcio Bruno jogou pra cacete? Pelo amor de Deus, \u00e9 brincadeira! O incr\u00edvel \u00e9 f\u00e3-clube do Fabr\u00edcio Bruno. A\u00ed \u00e9 demais. Os caras acham que o Fabr\u00edcio Bruno \u00e9 uma esp\u00e9cie de zagueiro intoc\u00e1vel. N\u00e3o tenho implic\u00e2ncia com o Fabr\u00edcio Bruno, s\u00f3 acho que n\u00e3o \u00e9 um zagueiro t\u00e3o bom como dizem. Acho que nem \u00e9 para ser titular do Flamengo com a chegada do L\u00e9o Ortiz<\/em>, opinou.<\/p>\n\n\n\n<h2 class=\"wp-block-heading\" id=\"h-carros-no-gavea-news\">Carros no G\u00e1vea News<\/h2>\n\n\n\n<p>O portal G\u00e1vea News agora tamb\u00e9m est\u00e1 produzindo conte\u00fado relacionado ao setor automotivo. Se voc\u00ea deseja se manter bem informado sobre esse assunto,&nbsp;<a href=\"https:\/\/www.gaveanews.com\/index.php\/carros\/?utm_source=Recircula%C3%A7%C3%A3o&amp;utm_medium=SubtituloFinalDaMateria&amp;utm_campaign=SubtituloFinalDaMateria\">clique aqui para acessar exclusivamente as not\u00edcias dessa categoria<\/a>. Recentemente, publicamos duas not\u00edcias de destaque:&nbsp;<a href=\"https:\/\/www.gaveanews.com\/index.php\/2024\/03\/04\/toyota-vai-transformar-corolla-em-picape-veja-fotos\/?utm_source=Recircula%C3%A7%C3%A3o&amp;utm_medium=SubtituloFinalDaMateria&amp;utm_campaign=SubtituloFinalDaMateria\">a Toyota ir\u00e1 transformar o Corolla em uma picape (veja fotos)<\/a>, e a&nbsp;<a href=\"https:\/\/www.gaveanews.com\/index.php\/2024\/03\/18\/fiat-lanca-picape-para-competir-com-hilux-s10-e-ranger-fotos-e-ficha-tecnica\/?utm_source=Recircula%C3%A7%C3%A3o&amp;utm_medium=SubtituloFinalDaMateria&amp;utm_campaign=SubtituloFinalDaMateria\">Fiat lan\u00e7ou um concorrente para a Hilux e S10 (veja fotos e ficha t\u00e9cnica)<\/a>.<\/p>\n","protected":false},"excerpt":{"rendered":"<p>A recente vit\u00f3ria do Brasil por 1 a 0 sobre a Inglaterra trouxe \u00e0 tona diversas an\u00e1lises sobre o desempenho dos jogadores, especialmente sobre Fabr\u00edcio Bruno, zagueiro do Flamengo. O jogo, que se destacou pela intensa disputa defensiva, viu Fabr\u00edcio ser criticado pelo jornalista esportivo Mauro Cezar Pereira. Divergindo da opini\u00e3o de muitos torcedores que [&hellip;]<\/p>\n","protected":false},"author":1,"featured_media":104796,"comment_status":"open","ping_status":"closed","sticky":false,"template":"","format":"standard","meta":{"footnotes":""},"categories":[1],"tags":[186,170],"class_list":["post-132476","post","type-post","status-publish","format-standard","has-post-thumbnail","hentry","category-flamengo","tag-fabricio-bruno-soares-de-faria","tag-mauro-cezar-pereira"],"yoast_head":"<!-- This site is optimized with the Yoast SEO Premium plugin v24.2 (Yoast SEO v26.9) - https:\/\/yoast.com\/product\/yoast-seo-premium-wordpress\/ -->\n<title>Mauro Cezar Pereira d\u00e1 opini\u00e3o pol\u00eamica sobre Fabr\u00edcio Bruno<\/title>\n<meta name=\"robots\" content=\"index, follow, max-snippet:-1, max-image-preview:large, max-video-preview:-1\" \/>\n<link rel=\"canonical\" href=\"https:\/\/www.gaveanews.com\/index.php\/2024\/03\/24\/mauro-cezar-pereira-da-opiniao-polemica-sobre-fabricio-bruno\/\" \/>\n<meta property=\"og:locale\" content=\"pt_BR\" \/>\n<meta property=\"og:type\" content=\"article\" \/>\n<meta property=\"og:title\" content=\"Mauro Cezar Pereira d\u00e1 opini\u00e3o pol\u00eamica sobre Fabr\u00edcio Bruno\" \/>\n<meta property=\"og:description\" content=\"A recente vit\u00f3ria do Brasil por 1 a 0 sobre a Inglaterra trouxe \u00e0 tona diversas an\u00e1lises sobre o desempenho dos jogadores, especialmente sobre Fabr\u00edcio Bruno, zagueiro do Flamengo. O jogo, que se destacou pela intensa disputa defensiva, viu Fabr\u00edcio ser criticado pelo jornalista esportivo Mauro Cezar Pereira. Divergindo da opini\u00e3o de muitos torcedores que [&hellip;]\" \/>\n<meta property=\"og:url\" content=\"https:\/\/www.gaveanews.com\/index.php\/2024\/03\/24\/mauro-cezar-pereira-da-opiniao-polemica-sobre-fabricio-bruno\/\" \/>\n<meta property=\"og:site_name\" content=\"G\u00e1vea News\" \/>\n<meta property=\"article:publisher\" content=\"https:\/\/facebook.com\/gaveaNews\/\" \/>\n<meta property=\"article:published_time\" content=\"2024-03-24T20:35:00+00:00\" \/>\n<meta property=\"article:modified_time\" content=\"2024-04-07T11:40:17+00:00\" \/>\n<meta property=\"og:image\" content=\"https:\/\/www.gaveanews.com\/wp-content\/uploads\/Mauro-Cezar-pereira.png.webp\" \/>\n\t<meta property=\"og:image:width\" content=\"685\" \/>\n\t<meta property=\"og:image:height\" content=\"450\" \/>\n\t<meta property=\"og:image:type\" content=\"image\/webp\" \/>\n<meta name=\"author\" content=\"Equipe G\u00e1vea News\" \/>\n<meta name=\"twitter:card\" content=\"summary_large_image\" \/>\n<meta name=\"twitter:label1\" content=\"Escrito por\" \/>\n\t<meta name=\"twitter:data1\" content=\"Equipe G\u00e1vea News\" \/>\n\t<meta name=\"twitter:label2\" content=\"Est. tempo de leitura\" \/>\n\t<meta name=\"twitter:data2\" content=\"4 minutos\" \/>\n<script type=\"application\/ld+json\" class=\"yoast-schema-graph\">{\"@context\":\"https:\/\/schema.org\",\"@graph\":[{\"@type\":\"NewsArticle\",\"@id\":\"https:\/\/www.gaveanews.com\/index.php\/2024\/03\/24\/mauro-cezar-pereira-da-opiniao-polemica-sobre-fabricio-bruno\/#article\",\"isPartOf\":{\"@id\":\"https:\/\/www.gaveanews.com\/index.php\/2024\/03\/24\/mauro-cezar-pereira-da-opiniao-polemica-sobre-fabricio-bruno\/\"},\"author\":{\"name\":\"Equipe G\u00e1vea News\",\"@id\":\"https:\/\/www.gaveanews.com\/#\/schema\/person\/2ec14f73fb96be2caf28f91afb14749d\"},\"headline\":\"Mauro Cezar Pereira d\u00e1 opini\u00e3o pol\u00eamica sobre Fabr\u00edcio Bruno\",\"datePublished\":\"2024-03-24T20:35:00+00:00\",\"dateModified\":\"2024-04-07T11:40:17+00:00\",\"mainEntityOfPage\":{\"@id\":\"https:\/\/www.gaveanews.com\/index.php\/2024\/03\/24\/mauro-cezar-pereira-da-opiniao-polemica-sobre-fabricio-bruno\/\"},\"wordCount\":603,\"commentCount\":0,\"image\":{\"@id\":\"https:\/\/www.gaveanews.com\/index.php\/2024\/03\/24\/mauro-cezar-pereira-da-opiniao-polemica-sobre-fabricio-bruno\/#primaryimage\"},\"thumbnailUrl\":\"https:\/\/www.gaveanews.com\/wp-content\/uploads\/Mauro-Cezar-pereira.png.webp\",\"keywords\":[\"Fabr\u00edcio Bruno Soares de Faria\",\"Mauro Cezar Pereira\"],\"articleSection\":[\"Flamengo\"],\"inLanguage\":\"pt-BR\",\"potentialAction\":[{\"@type\":\"CommentAction\",\"name\":\"Comment\",\"target\":[\"https:\/\/www.gaveanews.com\/index.php\/2024\/03\/24\/mauro-cezar-pereira-da-opiniao-polemica-sobre-fabricio-bruno\/#respond\"]}],\"copyrightYear\":\"2024\",\"copyrightHolder\":{\"@id\":\"https:\/\/www.gaveanews.com\/#organization\"}},{\"@type\":\"WebPage\",\"@id\":\"https:\/\/www.gaveanews.com\/index.php\/2024\/03\/24\/mauro-cezar-pereira-da-opiniao-polemica-sobre-fabricio-bruno\/\",\"url\":\"https:\/\/www.gaveanews.com\/index.php\/2024\/03\/24\/mauro-cezar-pereira-da-opiniao-polemica-sobre-fabricio-bruno\/\",\"name\":\"Mauro Cezar Pereira d\u00e1 opini\u00e3o pol\u00eamica sobre Fabr\u00edcio Bruno\",\"isPartOf\":{\"@id\":\"https:\/\/www.gaveanews.com\/#website\"},\"primaryImageOfPage\":{\"@id\":\"https:\/\/www.gaveanews.com\/index.php\/2024\/03\/24\/mauro-cezar-pereira-da-opiniao-polemica-sobre-fabricio-bruno\/#primaryimage\"},\"image\":{\"@id\":\"https:\/\/www.gaveanews.com\/index.php\/2024\/03\/24\/mauro-cezar-pereira-da-opiniao-polemica-sobre-fabricio-bruno\/#primaryimage\"},\"thumbnailUrl\":\"https:\/\/www.gaveanews.com\/wp-content\/uploads\/Mauro-Cezar-pereira.png.webp\",\"datePublished\":\"2024-03-24T20:35:00+00:00\",\"dateModified\":\"2024-04-07T11:40:17+00:00\",\"author\":{\"@id\":\"https:\/\/www.gaveanews.com\/#\/schema\/person\/2ec14f73fb96be2caf28f91afb14749d\"},\"breadcrumb\":{\"@id\":\"https:\/\/www.gaveanews.com\/index.php\/2024\/03\/24\/mauro-cezar-pereira-da-opiniao-polemica-sobre-fabricio-bruno\/#breadcrumb\"},\"inLanguage\":\"pt-BR\",\"potentialAction\":[{\"@type\":\"ReadAction\",\"target\":[\"https:\/\/www.gaveanews.com\/index.php\/2024\/03\/24\/mauro-cezar-pereira-da-opiniao-polemica-sobre-fabricio-bruno\/\"]}]},{\"@type\":\"ImageObject\",\"inLanguage\":\"pt-BR\",\"@id\":\"https:\/\/www.gaveanews.com\/index.php\/2024\/03\/24\/mauro-cezar-pereira-da-opiniao-polemica-sobre-fabricio-bruno\/#primaryimage\",\"url\":\"https:\/\/www.gaveanews.com\/wp-content\/uploads\/Mauro-Cezar-pereira.png.webp\",\"contentUrl\":\"https:\/\/www.gaveanews.com\/wp-content\/uploads\/Mauro-Cezar-pereira.png.webp\",\"width\":685,\"height\":450,\"caption\":\"Mauro Cezar - Foto: Reprodu\u00e7\u00e3o\/Jovem Pan\"},{\"@type\":\"BreadcrumbList\",\"@id\":\"https:\/\/www.gaveanews.com\/index.php\/2024\/03\/24\/mauro-cezar-pereira-da-opiniao-polemica-sobre-fabricio-bruno\/#breadcrumb\",\"itemListElement\":[{\"@type\":\"ListItem\",\"position\":1,\"name\":\"Home\",\"item\":\"https:\/\/www.gaveanews.com\/\"},{\"@type\":\"ListItem\",\"position\":2,\"name\":\"Mauro Cezar Pereira d\u00e1 opini\u00e3o pol\u00eamica sobre Fabr\u00edcio Bruno\"}]},{\"@type\":\"WebSite\",\"@id\":\"https:\/\/www.gaveanews.com\/#website\",\"url\":\"https:\/\/www.gaveanews.com\/\",\"name\":\"G\u00e1vea News\",\"description\":\"Veja todas as not\u00edcias sobre o Flamengo: Contrata\u00e7\u00f5es, categorias de base, resultados das partidas, tabela de classifica\u00e7\u00e3o, pr\u00f3ximos jogos!\",\"potentialAction\":[{\"@type\":\"SearchAction\",\"target\":{\"@type\":\"EntryPoint\",\"urlTemplate\":\"https:\/\/www.gaveanews.com\/?s={search_term_string}\"},\"query-input\":{\"@type\":\"PropertyValueSpecification\",\"valueRequired\":true,\"valueName\":\"search_term_string\"}}],\"inLanguage\":\"pt-BR\"},{\"@type\":\"Person\",\"@id\":\"https:\/\/www.gaveanews.com\/#\/schema\/person\/2ec14f73fb96be2caf28f91afb14749d\",\"name\":\"Equipe G\u00e1vea News\",\"image\":{\"@type\":\"ImageObject\",\"inLanguage\":\"pt-BR\",\"@id\":\"https:\/\/www.gaveanews.com\/#\/schema\/person\/image\/\",\"url\":\"https:\/\/secure.gravatar.com\/avatar\/1e1956f1facbffd3f8fa53a326721950116b3b9dc9bd44939c01180fd4a745a9?s=96&d=mm&r=g\",\"contentUrl\":\"https:\/\/secure.gravatar.com\/avatar\/1e1956f1facbffd3f8fa53a326721950116b3b9dc9bd44939c01180fd4a745a9?s=96&d=mm&r=g\",\"caption\":\"Equipe G\u00e1vea News\"}}]}<\/script>\n<!-- \/ Yoast SEO Premium plugin. -->","yoast_head_json":{"title":"Mauro Cezar Pereira d\u00e1 opini\u00e3o pol\u00eamica sobre Fabr\u00edcio Bruno","robots":{"index":"index","follow":"follow","max-snippet":"max-snippet:-1","max-image-preview":"max-image-preview:large","max-video-preview":"max-video-preview:-1"},"canonical":"https:\/\/www.gaveanews.com\/index.php\/2024\/03\/24\/mauro-cezar-pereira-da-opiniao-polemica-sobre-fabricio-bruno\/","og_locale":"pt_BR","og_type":"article","og_title":"Mauro Cezar Pereira d\u00e1 opini\u00e3o pol\u00eamica sobre Fabr\u00edcio Bruno","og_description":"A recente vit\u00f3ria do Brasil por 1 a 0 sobre a Inglaterra trouxe \u00e0 tona diversas an\u00e1lises sobre o desempenho dos jogadores, especialmente sobre Fabr\u00edcio Bruno, zagueiro do Flamengo. O jogo, que se destacou pela intensa disputa defensiva, viu Fabr\u00edcio ser criticado pelo jornalista esportivo Mauro Cezar Pereira. Divergindo da opini\u00e3o de muitos torcedores que [&hellip;]","og_url":"https:\/\/www.gaveanews.com\/index.php\/2024\/03\/24\/mauro-cezar-pereira-da-opiniao-polemica-sobre-fabricio-bruno\/","og_site_name":"G\u00e1vea News","article_publisher":"https:\/\/facebook.com\/gaveaNews\/","article_published_time":"2024-03-24T20:35:00+00:00","article_modified_time":"2024-04-07T11:40:17+00:00","og_image":[{"width":685,"height":450,"url":"https:\/\/www.gaveanews.com\/wp-content\/uploads\/Mauro-Cezar-pereira.png.webp","type":"image\/webp"}],"author":"Equipe G\u00e1vea News","twitter_card":"summary_large_image","twitter_misc":{"Escrito por":"Equipe G\u00e1vea News","Est. tempo de leitura":"4 minutos"},"schema":{"@context":"https:\/\/schema.org","@graph":[{"@type":"NewsArticle","@id":"https:\/\/www.gaveanews.com\/index.php\/2024\/03\/24\/mauro-cezar-pereira-da-opiniao-polemica-sobre-fabricio-bruno\/#article","isPartOf":{"@id":"https:\/\/www.gaveanews.com\/index.php\/2024\/03\/24\/mauro-cezar-pereira-da-opiniao-polemica-sobre-fabricio-bruno\/"},"author":{"name":"Equipe G\u00e1vea News","@id":"https:\/\/www.gaveanews.com\/#\/schema\/person\/2ec14f73fb96be2caf28f91afb14749d"},"headline":"Mauro Cezar Pereira d\u00e1 opini\u00e3o pol\u00eamica sobre Fabr\u00edcio Bruno","datePublished":"2024-03-24T20:35:00+00:00","dateModified":"2024-04-07T11:40:17+00:00","mainEntityOfPage":{"@id":"https:\/\/www.gaveanews.com\/index.php\/2024\/03\/24\/mauro-cezar-pereira-da-opiniao-polemica-sobre-fabricio-bruno\/"},"wordCount":603,"commentCount":0,"image":{"@id":"https:\/\/www.gaveanews.com\/index.php\/2024\/03\/24\/mauro-cezar-pereira-da-opiniao-polemica-sobre-fabricio-bruno\/#primaryimage"},"thumbnailUrl":"https:\/\/www.gaveanews.com\/wp-content\/uploads\/Mauro-Cezar-pereira.png.webp","keywords":["Fabr\u00edcio Bruno Soares de Faria","Mauro Cezar Pereira"],"articleSection":["Flamengo"],"inLanguage":"pt-BR","potentialAction":[{"@type":"CommentAction","name":"Comment","target":["https:\/\/www.gaveanews.com\/index.php\/2024\/03\/24\/mauro-cezar-pereira-da-opiniao-polemica-sobre-fabricio-bruno\/#respond"]}],"copyrightYear":"2024","copyrightHolder":{"@id":"https:\/\/www.gaveanews.com\/#organization"}},{"@type":"WebPage","@id":"https:\/\/www.gaveanews.com\/index.php\/2024\/03\/24\/mauro-cezar-pereira-da-opiniao-polemica-sobre-fabricio-bruno\/","url":"https:\/\/www.gaveanews.com\/index.php\/2024\/03\/24\/mauro-cezar-pereira-da-opiniao-polemica-sobre-fabricio-bruno\/","name":"Mauro Cezar Pereira d\u00e1 opini\u00e3o pol\u00eamica sobre Fabr\u00edcio Bruno","isPartOf":{"@id":"https:\/\/www.gaveanews.com\/#website"},"primaryImageOfPage":{"@id":"https:\/\/www.gaveanews.com\/index.php\/2024\/03\/24\/mauro-cezar-pereira-da-opiniao-polemica-sobre-fabricio-bruno\/#primaryimage"},"image":{"@id":"https:\/\/www.gaveanews.com\/index.php\/2024\/03\/24\/mauro-cezar-pereira-da-opiniao-polemica-sobre-fabricio-bruno\/#primaryimage"},"thumbnailUrl":"https:\/\/www.gaveanews.com\/wp-content\/uploads\/Mauro-Cezar-pereira.png.webp","datePublished":"2024-03-24T20:35:00+00:00","dateModified":"2024-04-07T11:40:17+00:00","author":{"@id":"https:\/\/www.gaveanews.com\/#\/schema\/person\/2ec14f73fb96be2caf28f91afb14749d"},"breadcrumb":{"@id":"https:\/\/www.gaveanews.com\/index.php\/2024\/03\/24\/mauro-cezar-pereira-da-opiniao-polemica-sobre-fabricio-bruno\/#breadcrumb"},"inLanguage":"pt-BR","potentialAction":[{"@type":"ReadAction","target":["https:\/\/www.gaveanews.com\/index.php\/2024\/03\/24\/mauro-cezar-pereira-da-opiniao-polemica-sobre-fabricio-bruno\/"]}]},{"@type":"ImageObject","inLanguage":"pt-BR","@id":"https:\/\/www.gaveanews.com\/index.php\/2024\/03\/24\/mauro-cezar-pereira-da-opiniao-polemica-sobre-fabricio-bruno\/#primaryimage","url":"https:\/\/www.gaveanews.com\/wp-content\/uploads\/Mauro-Cezar-pereira.png.webp","contentUrl":"https:\/\/www.gaveanews.com\/wp-content\/uploads\/Mauro-Cezar-pereira.png.webp","width":685,"height":450,"caption":"Mauro Cezar - Foto: Reprodu\u00e7\u00e3o\/Jovem Pan"},{"@type":"BreadcrumbList","@id":"https:\/\/www.gaveanews.com\/index.php\/2024\/03\/24\/mauro-cezar-pereira-da-opiniao-polemica-sobre-fabricio-bruno\/#breadcrumb","itemListElement":[{"@type":"ListItem","position":1,"name":"Home","item":"https:\/\/www.gaveanews.com\/"},{"@type":"ListItem","position":2,"name":"Mauro Cezar Pereira d\u00e1 opini\u00e3o pol\u00eamica sobre Fabr\u00edcio Bruno"}]},{"@type":"WebSite","@id":"https:\/\/www.gaveanews.com\/#website","url":"https:\/\/www.gaveanews.com\/","name":"G\u00e1vea News","description":"Veja todas as not\u00edcias sobre o Flamengo: Contrata\u00e7\u00f5es, categorias de base, resultados das partidas, tabela de classifica\u00e7\u00e3o, pr\u00f3ximos jogos!","potentialAction":[{"@type":"SearchAction","target":{"@type":"EntryPoint","urlTemplate":"https:\/\/www.gaveanews.com\/?s={search_term_string}"},"query-input":{"@type":"PropertyValueSpecification","valueRequired":true,"valueName":"search_term_string"}}],"inLanguage":"pt-BR"},{"@type":"Person","@id":"https:\/\/www.gaveanews.com\/#\/schema\/person\/2ec14f73fb96be2caf28f91afb14749d","name":"Equipe G\u00e1vea News","image":{"@type":"ImageObject","inLanguage":"pt-BR","@id":"https:\/\/www.gaveanews.com\/#\/schema\/person\/image\/","url":"https:\/\/secure.gravatar.com\/avatar\/1e1956f1facbffd3f8fa53a326721950116b3b9dc9bd44939c01180fd4a745a9?s=96&d=mm&r=g","contentUrl":"https:\/\/secure.gravatar.com\/avatar\/1e1956f1facbffd3f8fa53a326721950116b3b9dc9bd44939c01180fd4a745a9?s=96&d=mm&r=g","caption":"Equipe G\u00e1vea News"}}]}},"_links":{"self":[{"href":"https:\/\/www.gaveanews.com\/index.php\/wp-json\/wp\/v2\/posts\/132476","targetHints":{"allow":["GET"]}}],"collection":[{"href":"https:\/\/www.gaveanews.com\/index.php\/wp-json\/wp\/v2\/posts"}],"about":[{"href":"https:\/\/www.gaveanews.com\/index.php\/wp-json\/wp\/v2\/types\/post"}],"author":[{"embeddable":true,"href":"https:\/\/www.gaveanews.com\/index.php\/wp-json\/wp\/v2\/users\/1"}],"replies":[{"embeddable":true,"href":"https:\/\/www.gaveanews.com\/index.php\/wp-json\/wp\/v2\/comments?post=132476"}],"version-history":[{"count":1,"href":"https:\/\/www.gaveanews.com\/index.php\/wp-json\/wp\/v2\/posts\/132476\/revisions"}],"predecessor-version":[{"id":132478,"href":"https:\/\/www.gaveanews.com\/index.php\/wp-json\/wp\/v2\/posts\/132476\/revisions\/132478"}],"wp:featuredmedia":[{"embeddable":true,"href":"https:\/\/www.gaveanews.com\/index.php\/wp-json\/wp\/v2\/media\/104796"}],"wp:attachment":[{"href":"https:\/\/www.gaveanews.com\/index.php\/wp-json\/wp\/v2\/media?parent=132476"}],"wp:term":[{"taxonomy":"category","embeddable":true,"href":"https:\/\/www.gaveanews.com\/index.php\/wp-json\/wp\/v2\/categories?post=132476"},{"taxonomy":"post_tag","embeddable":true,"href":"https:\/\/www.gaveanews.com\/index.php\/wp-json\/wp\/v2\/tags?post=132476"}],"curies":[{"name":"wp","href":"https:\/\/api.w.org\/{rel}","templated":true}]}}