{"id":132806,"date":"2024-03-26T16:04:09","date_gmt":"2024-03-26T19:04:09","guid":{"rendered":"https:\/\/www.gaveanews.com\/?p=132806"},"modified":"2024-04-07T14:03:46","modified_gmt":"2024-04-07T17:03:46","slug":"empresario-de-arrascaeta-e-sincero-ao-falar-sobre-a-situacao-do-meia-no-flamengo","status":"publish","type":"post","link":"https:\/\/www.gaveanews.com\/index.php\/2024\/03\/26\/empresario-de-arrascaeta-e-sincero-ao-falar-sobre-a-situacao-do-meia-no-flamengo\/","title":{"rendered":"Empres\u00e1rio de Arrascaeta \u00e9 sincero ao falar sobre a situa\u00e7\u00e3o do meia no Flamengo"},"content":{"rendered":"\n<p>O agente de Giorgian De Arrascaeta, Daniel Fonseca, deixou em aberto o futuro do jogador no Flamengo em uma recente entrevista para uma TV uruguaia. Embora tenha afirmado que tanto ele quanto seu cliente est\u00e3o felizes no Rio de Janeiro, Fonseca sugeriu que a situa\u00e7\u00e3o pode mudar no futuro. Ele mencionou o interesse de v\u00e1rias equipes no jogador e revelou que o contrato de Arrascaeta com o Flamengo termina em dezembro de 2026.<\/p>\n\n\n\n<p>\u2014 <em>J\u00e1 tentaram v\u00e1rias vezes. Todos os fins de mercado, todos. J\u00e1 recebi at\u00e9 amea\u00e7as dos torcedores no Instagram: \u2018N\u00e3o leve o nosso g\u00eanio\u2019. Jogadores como Giorgian, muitas equipes querem. At\u00e9 agora, Giorgian decidiu ficar aqui, ele se sente em casa. Mas bem, eu n\u00e3o sou m\u00e1gico. De agora at\u00e9 junho deste ano ele est\u00e1 confort\u00e1vel. Estamos todos felizes no Rio, mas n\u00e3o tenho uma resposta. N\u00e3o me fa\u00e7a responder (se fica no Flamengo)<\/em> \u2014 disse Daniel Fonseca.<\/p>\n\n\n\n<p>Desde sua chegada ao Flamengo em janeiro de 2019, Arrascaeta conquistou uma impressionante lista de t\u00edtulos, incluindo Campeonatos Cariocas, a Copa do Brasil, o Campeonato Brasileiro, a Copa Libertadores, a Supercopa do Brasil e a Recopa Sul-Americana. Seu desempenho em campo e seus sucessos conquistados tornaram-no uma pe\u00e7a fundamental para o time rubro-negro.<\/p>\n\n\n\n<figure class=\"wp-block-image size-full\"><img loading=\"lazy\" decoding=\"async\" width=\"900\" height=\"584\" src=\"https:\/\/www.gaveanews.com\/wp-content\/uploads\/arrascaeta-flamengo-1.webp\" alt=\"\" class=\"wp-image-102589\" srcset=\"https:\/\/www.gaveanews.com\/wp-content\/uploads\/arrascaeta-flamengo-1.webp 900w, https:\/\/www.gaveanews.com\/wp-content\/uploads\/arrascaeta-flamengo-1-300x194.webp 300w, https:\/\/www.gaveanews.com\/wp-content\/uploads\/arrascaeta-flamengo-1-768x498.webp 768w, https:\/\/www.gaveanews.com\/wp-content\/uploads\/arrascaeta-flamengo-1-647x420.webp 647w, https:\/\/www.gaveanews.com\/wp-content\/uploads\/arrascaeta-flamengo-1-600x388.webp 600w, https:\/\/www.gaveanews.com\/wp-content\/uploads\/arrascaeta-flamengo-1-341x220.webp 341w, https:\/\/www.gaveanews.com\/wp-content\/uploads\/arrascaeta-flamengo-1-640x415.webp 640w, https:\/\/www.gaveanews.com\/wp-content\/uploads\/arrascaeta-flamengo-1-681x442.webp 681w, https:\/\/www.gaveanews.com\/wp-content\/uploads\/arrascaeta-flamengo-1-100x65.webp 100w\" sizes=\"auto, (max-width: 900px) 100vw, 900px\" \/><figcaption class=\"wp-element-caption\">Arrascaeta comemora gol do Flamengo (Foto: Gilvan de Souza\/Flamengo)<\/figcaption><\/figure>\n\n\n\n<p>No entanto, apesar da atual estabilidade e sucesso no Flamengo, Fonseca n\u00e3o forneceu uma resposta definitiva sobre o futuro de Arrascaeta no clube. Ele destacou que, embora at\u00e9 o momento o jogador se sinta em casa no Rio de Janeiro, as circunst\u00e2ncias podem mudar. A multa rescis\u00f3ria do jogador \u00e9 estimada em 40 milh\u00f5es de euros, o equivalente a aproximadamente R$ 220 milh\u00f5es, o que pode atrair interesse de outros clubes.<\/p>\n\n\n\n<h2 class=\"wp-block-heading\" id=\"h-quando-sera-o-proximo-jogo-do-flamengo\">Quando ser\u00e1 o pr\u00f3ximo jogo do Flamengo?<\/h2>\n\n\n\n<p>Devido \u00e0 participa\u00e7\u00e3o do&nbsp;<a href=\"https:\/\/gaveanews.com\/?utm_source=SystemGaveaNews&amp;utm_medium=SystemGaveaNews&amp;utm_campaign=SystemGaveaNews\">Flamengo<\/a>&nbsp;na fase de grupos da Conmebol Libertadores, sua agenda passou por ajustes. A estreia da equipe na competi\u00e7\u00e3o continental, agendada para o dia 2 de abril, uma ter\u00e7a-feira, contra o Millonarios, levou \u00e0 antecipa\u00e7\u00e3o da final de ida do Campeonato Carioca contra o Nova Igua\u00e7u. Assim, o&nbsp;<a href=\"https:\/\/gaveanews.com\/?utm_source=SystemGaveaNews&amp;utm_medium=SystemGaveaNews&amp;utm_campaign=SystemGaveaNews\">Flamengo<\/a>&nbsp;enfrentar\u00e1 o Nova Igua\u00e7u no dia 30 de mar\u00e7o, no primeiro confronto da final do Campeonato Carioca. O jogo ocorrer\u00e1 no Maracan\u00e3, no Rio de Janeiro.<\/p>\n\n\n\n<p>Confira abaixo a agenda do&nbsp;<a href=\"https:\/\/gaveanews.com\/?utm_source=SystemGaveaNews&amp;utm_medium=SystemGaveaNews&amp;utm_campaign=SystemGaveaNews\">Flamengo<\/a>&nbsp;no Campeonato Carioca:<\/p>\n\n\n\n<ul class=\"wp-block-list\">\n<li>30\/03 \u2013 Nova Igua\u00e7u x&nbsp;<a href=\"https:\/\/gaveanews.com\/?utm_source=SystemGaveaNews&amp;utm_medium=SystemGaveaNews&amp;utm_campaign=SystemGaveaNews\">Flamengo<\/a><\/li>\n\n\n\n<li>07\/04 \u2013&nbsp;<a href=\"https:\/\/gaveanews.com\/?utm_source=SystemGaveaNews&amp;utm_medium=SystemGaveaNews&amp;utm_campaign=SystemGaveaNews\">Flamengo<\/a>&nbsp;x Nova Igua\u00e7u<\/li>\n<\/ul>\n","protected":false},"excerpt":{"rendered":"<p>O agente de Giorgian De Arrascaeta, Daniel Fonseca, deixou em aberto o futuro do jogador no Flamengo em uma recente entrevista para uma TV uruguaia. Embora tenha afirmado que tanto ele quanto seu cliente est\u00e3o felizes no Rio de Janeiro, Fonseca sugeriu que a situa\u00e7\u00e3o pode mudar no futuro. Ele mencionou o interesse de v\u00e1rias [&hellip;]<\/p>\n","protected":false},"author":15,"featured_media":83255,"comment_status":"open","ping_status":"closed","sticky":false,"template":"","format":"standard","meta":{"footnotes":""},"categories":[1],"tags":[211],"class_list":["post-132806","post","type-post","status-publish","format-standard","has-post-thumbnail","hentry","category-flamengo","tag-giorgian-daniel-de-arrascaeta-benedetti"],"yoast_head":"<!-- This site is optimized with the Yoast SEO Premium plugin v24.2 (Yoast SEO v26.9) - https:\/\/yoast.com\/product\/yoast-seo-premium-wordpress\/ -->\n<title>Empres\u00e1rio de Arrascaeta \u00e9 sincero ao falar sobre a situa\u00e7\u00e3o do meia no Flamengo<\/title>\n<meta name=\"robots\" content=\"index, follow, max-snippet:-1, max-image-preview:large, max-video-preview:-1\" \/>\n<link rel=\"canonical\" href=\"https:\/\/www.gaveanews.com\/index.php\/2024\/03\/26\/empresario-de-arrascaeta-e-sincero-ao-falar-sobre-a-situacao-do-meia-no-flamengo\/\" \/>\n<meta property=\"og:locale\" content=\"pt_BR\" \/>\n<meta property=\"og:type\" content=\"article\" \/>\n<meta property=\"og:title\" content=\"Empres\u00e1rio de Arrascaeta \u00e9 sincero ao falar sobre a situa\u00e7\u00e3o do meia no Flamengo\" \/>\n<meta property=\"og:description\" content=\"O agente de Giorgian De Arrascaeta, Daniel Fonseca, deixou em aberto o futuro do jogador no Flamengo em uma recente entrevista para uma TV uruguaia. Embora tenha afirmado que tanto ele quanto seu cliente est\u00e3o felizes no Rio de Janeiro, Fonseca sugeriu que a situa\u00e7\u00e3o pode mudar no futuro. Ele mencionou o interesse de v\u00e1rias [&hellip;]\" \/>\n<meta property=\"og:url\" content=\"https:\/\/www.gaveanews.com\/index.php\/2024\/03\/26\/empresario-de-arrascaeta-e-sincero-ao-falar-sobre-a-situacao-do-meia-no-flamengo\/\" \/>\n<meta property=\"og:site_name\" content=\"G\u00e1vea News\" \/>\n<meta property=\"article:publisher\" content=\"https:\/\/facebook.com\/gaveaNews\/\" \/>\n<meta property=\"article:published_time\" content=\"2024-03-26T19:04:09+00:00\" \/>\n<meta property=\"article:modified_time\" content=\"2024-04-07T17:03:46+00:00\" \/>\n<meta property=\"og:image\" content=\"https:\/\/www.gaveanews.com\/wp-content\/uploads\/De-Arrascaeta-em-acao-pelo-Flamengo-durante-o-jogo-contra-o-Cuiaba-pelo-Campeonato-Brasileiro-de-2022.webp\" \/>\n\t<meta property=\"og:image:width\" content=\"800\" \/>\n\t<meta property=\"og:image:height\" content=\"532\" \/>\n\t<meta property=\"og:image:type\" content=\"image\/jpeg\" \/>\n<meta name=\"author\" content=\"Henrique Machado\" \/>\n<meta name=\"twitter:card\" content=\"summary_large_image\" \/>\n<meta name=\"twitter:label1\" content=\"Escrito por\" \/>\n\t<meta name=\"twitter:data1\" content=\"Henrique Machado\" \/>\n\t<meta name=\"twitter:label2\" content=\"Est. tempo de leitura\" \/>\n\t<meta name=\"twitter:data2\" content=\"3 minutos\" \/>\n<script type=\"application\/ld+json\" class=\"yoast-schema-graph\">{\"@context\":\"https:\/\/schema.org\",\"@graph\":[{\"@type\":\"NewsArticle\",\"@id\":\"https:\/\/www.gaveanews.com\/index.php\/2024\/03\/26\/empresario-de-arrascaeta-e-sincero-ao-falar-sobre-a-situacao-do-meia-no-flamengo\/#article\",\"isPartOf\":{\"@id\":\"https:\/\/www.gaveanews.com\/index.php\/2024\/03\/26\/empresario-de-arrascaeta-e-sincero-ao-falar-sobre-a-situacao-do-meia-no-flamengo\/\"},\"author\":{\"name\":\"Henrique Machado\",\"@id\":\"https:\/\/www.gaveanews.com\/#\/schema\/person\/fd07635ec039ec3ba74ad18ec8a6dbd6\"},\"headline\":\"Empres\u00e1rio de Arrascaeta \u00e9 sincero ao falar sobre a situa\u00e7\u00e3o do meia no Flamengo\",\"datePublished\":\"2024-03-26T19:04:09+00:00\",\"dateModified\":\"2024-04-07T17:03:46+00:00\",\"mainEntityOfPage\":{\"@id\":\"https:\/\/www.gaveanews.com\/index.php\/2024\/03\/26\/empresario-de-arrascaeta-e-sincero-ao-falar-sobre-a-situacao-do-meia-no-flamengo\/\"},\"wordCount\":431,\"commentCount\":0,\"image\":{\"@id\":\"https:\/\/www.gaveanews.com\/index.php\/2024\/03\/26\/empresario-de-arrascaeta-e-sincero-ao-falar-sobre-a-situacao-do-meia-no-flamengo\/#primaryimage\"},\"thumbnailUrl\":\"https:\/\/www.gaveanews.com\/wp-content\/uploads\/De-Arrascaeta-em-acao-pelo-Flamengo-durante-o-jogo-contra-o-Cuiaba-pelo-Campeonato-Brasileiro-de-2022.webp\",\"keywords\":[\"Giorgian Daniel De Arrascaeta Benedetti\"],\"articleSection\":[\"Flamengo\"],\"inLanguage\":\"pt-BR\",\"potentialAction\":[{\"@type\":\"CommentAction\",\"name\":\"Comment\",\"target\":[\"https:\/\/www.gaveanews.com\/index.php\/2024\/03\/26\/empresario-de-arrascaeta-e-sincero-ao-falar-sobre-a-situacao-do-meia-no-flamengo\/#respond\"]}],\"copyrightYear\":\"2024\",\"copyrightHolder\":{\"@id\":\"https:\/\/www.gaveanews.com\/#organization\"}},{\"@type\":\"WebPage\",\"@id\":\"https:\/\/www.gaveanews.com\/index.php\/2024\/03\/26\/empresario-de-arrascaeta-e-sincero-ao-falar-sobre-a-situacao-do-meia-no-flamengo\/\",\"url\":\"https:\/\/www.gaveanews.com\/index.php\/2024\/03\/26\/empresario-de-arrascaeta-e-sincero-ao-falar-sobre-a-situacao-do-meia-no-flamengo\/\",\"name\":\"Empres\u00e1rio de Arrascaeta \u00e9 sincero ao falar sobre a situa\u00e7\u00e3o do meia no Flamengo\",\"isPartOf\":{\"@id\":\"https:\/\/www.gaveanews.com\/#website\"},\"primaryImageOfPage\":{\"@id\":\"https:\/\/www.gaveanews.com\/index.php\/2024\/03\/26\/empresario-de-arrascaeta-e-sincero-ao-falar-sobre-a-situacao-do-meia-no-flamengo\/#primaryimage\"},\"image\":{\"@id\":\"https:\/\/www.gaveanews.com\/index.php\/2024\/03\/26\/empresario-de-arrascaeta-e-sincero-ao-falar-sobre-a-situacao-do-meia-no-flamengo\/#primaryimage\"},\"thumbnailUrl\":\"https:\/\/www.gaveanews.com\/wp-content\/uploads\/De-Arrascaeta-em-acao-pelo-Flamengo-durante-o-jogo-contra-o-Cuiaba-pelo-Campeonato-Brasileiro-de-2022.webp\",\"datePublished\":\"2024-03-26T19:04:09+00:00\",\"dateModified\":\"2024-04-07T17:03:46+00:00\",\"author\":{\"@id\":\"https:\/\/www.gaveanews.com\/#\/schema\/person\/fd07635ec039ec3ba74ad18ec8a6dbd6\"},\"breadcrumb\":{\"@id\":\"https:\/\/www.gaveanews.com\/index.php\/2024\/03\/26\/empresario-de-arrascaeta-e-sincero-ao-falar-sobre-a-situacao-do-meia-no-flamengo\/#breadcrumb\"},\"inLanguage\":\"pt-BR\",\"potentialAction\":[{\"@type\":\"ReadAction\",\"target\":[\"https:\/\/www.gaveanews.com\/index.php\/2024\/03\/26\/empresario-de-arrascaeta-e-sincero-ao-falar-sobre-a-situacao-do-meia-no-flamengo\/\"]}]},{\"@type\":\"ImageObject\",\"inLanguage\":\"pt-BR\",\"@id\":\"https:\/\/www.gaveanews.com\/index.php\/2024\/03\/26\/empresario-de-arrascaeta-e-sincero-ao-falar-sobre-a-situacao-do-meia-no-flamengo\/#primaryimage\",\"url\":\"https:\/\/www.gaveanews.com\/wp-content\/uploads\/De-Arrascaeta-em-acao-pelo-Flamengo-durante-o-jogo-contra-o-Cuiaba-pelo-Campeonato-Brasileiro-de-2022.webp\",\"contentUrl\":\"https:\/\/www.gaveanews.com\/wp-content\/uploads\/De-Arrascaeta-em-acao-pelo-Flamengo-durante-o-jogo-contra-o-Cuiaba-pelo-Campeonato-Brasileiro-de-2022.webp\",\"width\":800,\"height\":532,\"caption\":\"De Arrascaeta em a\u00e7\u00e3o pelo Flamengo durante o jogo contra o Cuiab\u00e1 pelo Campeonato Brasileiro de 2022 (Foto: Reprodu\u00e7\u00e3o\/Flamengo\/Flickr)\"},{\"@type\":\"BreadcrumbList\",\"@id\":\"https:\/\/www.gaveanews.com\/index.php\/2024\/03\/26\/empresario-de-arrascaeta-e-sincero-ao-falar-sobre-a-situacao-do-meia-no-flamengo\/#breadcrumb\",\"itemListElement\":[{\"@type\":\"ListItem\",\"position\":1,\"name\":\"Home\",\"item\":\"https:\/\/www.gaveanews.com\/\"},{\"@type\":\"ListItem\",\"position\":2,\"name\":\"Empres\u00e1rio de Arrascaeta \u00e9 sincero ao falar sobre a situa\u00e7\u00e3o do meia no Flamengo\"}]},{\"@type\":\"WebSite\",\"@id\":\"https:\/\/www.gaveanews.com\/#website\",\"url\":\"https:\/\/www.gaveanews.com\/\",\"name\":\"G\u00e1vea News\",\"description\":\"Veja todas as not\u00edcias sobre o Flamengo: Contrata\u00e7\u00f5es, categorias de base, resultados das partidas, tabela de classifica\u00e7\u00e3o, pr\u00f3ximos jogos!\",\"potentialAction\":[{\"@type\":\"SearchAction\",\"target\":{\"@type\":\"EntryPoint\",\"urlTemplate\":\"https:\/\/www.gaveanews.com\/?s={search_term_string}\"},\"query-input\":{\"@type\":\"PropertyValueSpecification\",\"valueRequired\":true,\"valueName\":\"search_term_string\"}}],\"inLanguage\":\"pt-BR\"},{\"@type\":\"Person\",\"@id\":\"https:\/\/www.gaveanews.com\/#\/schema\/person\/fd07635ec039ec3ba74ad18ec8a6dbd6\",\"name\":\"Henrique Machado\",\"image\":{\"@type\":\"ImageObject\",\"inLanguage\":\"pt-BR\",\"@id\":\"https:\/\/www.gaveanews.com\/#\/schema\/person\/image\/\",\"url\":\"https:\/\/secure.gravatar.com\/avatar\/b95e35997e01d9800c1b6184bd79d4d898d370a3fce2584f5c77b907d5c7d9e9?s=96&d=mm&r=g\",\"contentUrl\":\"https:\/\/secure.gravatar.com\/avatar\/b95e35997e01d9800c1b6184bd79d4d898d370a3fce2584f5c77b907d5c7d9e9?s=96&d=mm&r=g\",\"caption\":\"Henrique Machado\"}}]}<\/script>\n<!-- \/ Yoast SEO Premium plugin. -->","yoast_head_json":{"title":"Empres\u00e1rio de Arrascaeta \u00e9 sincero ao falar sobre a situa\u00e7\u00e3o do meia no Flamengo","robots":{"index":"index","follow":"follow","max-snippet":"max-snippet:-1","max-image-preview":"max-image-preview:large","max-video-preview":"max-video-preview:-1"},"canonical":"https:\/\/www.gaveanews.com\/index.php\/2024\/03\/26\/empresario-de-arrascaeta-e-sincero-ao-falar-sobre-a-situacao-do-meia-no-flamengo\/","og_locale":"pt_BR","og_type":"article","og_title":"Empres\u00e1rio de Arrascaeta \u00e9 sincero ao falar sobre a situa\u00e7\u00e3o do meia no Flamengo","og_description":"O agente de Giorgian De Arrascaeta, Daniel Fonseca, deixou em aberto o futuro do jogador no Flamengo em uma recente entrevista para uma TV uruguaia. Embora tenha afirmado que tanto ele quanto seu cliente est\u00e3o felizes no Rio de Janeiro, Fonseca sugeriu que a situa\u00e7\u00e3o pode mudar no futuro. Ele mencionou o interesse de v\u00e1rias [&hellip;]","og_url":"https:\/\/www.gaveanews.com\/index.php\/2024\/03\/26\/empresario-de-arrascaeta-e-sincero-ao-falar-sobre-a-situacao-do-meia-no-flamengo\/","og_site_name":"G\u00e1vea News","article_publisher":"https:\/\/facebook.com\/gaveaNews\/","article_published_time":"2024-03-26T19:04:09+00:00","article_modified_time":"2024-04-07T17:03:46+00:00","og_image":[{"width":800,"height":532,"url":"https:\/\/www.gaveanews.com\/wp-content\/uploads\/De-Arrascaeta-em-acao-pelo-Flamengo-durante-o-jogo-contra-o-Cuiaba-pelo-Campeonato-Brasileiro-de-2022.webp","type":"image\/jpeg"}],"author":"Henrique Machado","twitter_card":"summary_large_image","twitter_misc":{"Escrito por":"Henrique Machado","Est. tempo de leitura":"3 minutos"},"schema":{"@context":"https:\/\/schema.org","@graph":[{"@type":"NewsArticle","@id":"https:\/\/www.gaveanews.com\/index.php\/2024\/03\/26\/empresario-de-arrascaeta-e-sincero-ao-falar-sobre-a-situacao-do-meia-no-flamengo\/#article","isPartOf":{"@id":"https:\/\/www.gaveanews.com\/index.php\/2024\/03\/26\/empresario-de-arrascaeta-e-sincero-ao-falar-sobre-a-situacao-do-meia-no-flamengo\/"},"author":{"name":"Henrique Machado","@id":"https:\/\/www.gaveanews.com\/#\/schema\/person\/fd07635ec039ec3ba74ad18ec8a6dbd6"},"headline":"Empres\u00e1rio de Arrascaeta \u00e9 sincero ao falar sobre a situa\u00e7\u00e3o do meia no Flamengo","datePublished":"2024-03-26T19:04:09+00:00","dateModified":"2024-04-07T17:03:46+00:00","mainEntityOfPage":{"@id":"https:\/\/www.gaveanews.com\/index.php\/2024\/03\/26\/empresario-de-arrascaeta-e-sincero-ao-falar-sobre-a-situacao-do-meia-no-flamengo\/"},"wordCount":431,"commentCount":0,"image":{"@id":"https:\/\/www.gaveanews.com\/index.php\/2024\/03\/26\/empresario-de-arrascaeta-e-sincero-ao-falar-sobre-a-situacao-do-meia-no-flamengo\/#primaryimage"},"thumbnailUrl":"https:\/\/www.gaveanews.com\/wp-content\/uploads\/De-Arrascaeta-em-acao-pelo-Flamengo-durante-o-jogo-contra-o-Cuiaba-pelo-Campeonato-Brasileiro-de-2022.webp","keywords":["Giorgian Daniel De Arrascaeta Benedetti"],"articleSection":["Flamengo"],"inLanguage":"pt-BR","potentialAction":[{"@type":"CommentAction","name":"Comment","target":["https:\/\/www.gaveanews.com\/index.php\/2024\/03\/26\/empresario-de-arrascaeta-e-sincero-ao-falar-sobre-a-situacao-do-meia-no-flamengo\/#respond"]}],"copyrightYear":"2024","copyrightHolder":{"@id":"https:\/\/www.gaveanews.com\/#organization"}},{"@type":"WebPage","@id":"https:\/\/www.gaveanews.com\/index.php\/2024\/03\/26\/empresario-de-arrascaeta-e-sincero-ao-falar-sobre-a-situacao-do-meia-no-flamengo\/","url":"https:\/\/www.gaveanews.com\/index.php\/2024\/03\/26\/empresario-de-arrascaeta-e-sincero-ao-falar-sobre-a-situacao-do-meia-no-flamengo\/","name":"Empres\u00e1rio de Arrascaeta \u00e9 sincero ao falar sobre a situa\u00e7\u00e3o do meia no Flamengo","isPartOf":{"@id":"https:\/\/www.gaveanews.com\/#website"},"primaryImageOfPage":{"@id":"https:\/\/www.gaveanews.com\/index.php\/2024\/03\/26\/empresario-de-arrascaeta-e-sincero-ao-falar-sobre-a-situacao-do-meia-no-flamengo\/#primaryimage"},"image":{"@id":"https:\/\/www.gaveanews.com\/index.php\/2024\/03\/26\/empresario-de-arrascaeta-e-sincero-ao-falar-sobre-a-situacao-do-meia-no-flamengo\/#primaryimage"},"thumbnailUrl":"https:\/\/www.gaveanews.com\/wp-content\/uploads\/De-Arrascaeta-em-acao-pelo-Flamengo-durante-o-jogo-contra-o-Cuiaba-pelo-Campeonato-Brasileiro-de-2022.webp","datePublished":"2024-03-26T19:04:09+00:00","dateModified":"2024-04-07T17:03:46+00:00","author":{"@id":"https:\/\/www.gaveanews.com\/#\/schema\/person\/fd07635ec039ec3ba74ad18ec8a6dbd6"},"breadcrumb":{"@id":"https:\/\/www.gaveanews.com\/index.php\/2024\/03\/26\/empresario-de-arrascaeta-e-sincero-ao-falar-sobre-a-situacao-do-meia-no-flamengo\/#breadcrumb"},"inLanguage":"pt-BR","potentialAction":[{"@type":"ReadAction","target":["https:\/\/www.gaveanews.com\/index.php\/2024\/03\/26\/empresario-de-arrascaeta-e-sincero-ao-falar-sobre-a-situacao-do-meia-no-flamengo\/"]}]},{"@type":"ImageObject","inLanguage":"pt-BR","@id":"https:\/\/www.gaveanews.com\/index.php\/2024\/03\/26\/empresario-de-arrascaeta-e-sincero-ao-falar-sobre-a-situacao-do-meia-no-flamengo\/#primaryimage","url":"https:\/\/www.gaveanews.com\/wp-content\/uploads\/De-Arrascaeta-em-acao-pelo-Flamengo-durante-o-jogo-contra-o-Cuiaba-pelo-Campeonato-Brasileiro-de-2022.webp","contentUrl":"https:\/\/www.gaveanews.com\/wp-content\/uploads\/De-Arrascaeta-em-acao-pelo-Flamengo-durante-o-jogo-contra-o-Cuiaba-pelo-Campeonato-Brasileiro-de-2022.webp","width":800,"height":532,"caption":"De Arrascaeta em a\u00e7\u00e3o pelo Flamengo durante o jogo contra o Cuiab\u00e1 pelo Campeonato Brasileiro de 2022 (Foto: Reprodu\u00e7\u00e3o\/Flamengo\/Flickr)"},{"@type":"BreadcrumbList","@id":"https:\/\/www.gaveanews.com\/index.php\/2024\/03\/26\/empresario-de-arrascaeta-e-sincero-ao-falar-sobre-a-situacao-do-meia-no-flamengo\/#breadcrumb","itemListElement":[{"@type":"ListItem","position":1,"name":"Home","item":"https:\/\/www.gaveanews.com\/"},{"@type":"ListItem","position":2,"name":"Empres\u00e1rio de Arrascaeta \u00e9 sincero ao falar sobre a situa\u00e7\u00e3o do meia no Flamengo"}]},{"@type":"WebSite","@id":"https:\/\/www.gaveanews.com\/#website","url":"https:\/\/www.gaveanews.com\/","name":"G\u00e1vea News","description":"Veja todas as not\u00edcias sobre o Flamengo: Contrata\u00e7\u00f5es, categorias de base, resultados das partidas, tabela de classifica\u00e7\u00e3o, pr\u00f3ximos jogos!","potentialAction":[{"@type":"SearchAction","target":{"@type":"EntryPoint","urlTemplate":"https:\/\/www.gaveanews.com\/?s={search_term_string}"},"query-input":{"@type":"PropertyValueSpecification","valueRequired":true,"valueName":"search_term_string"}}],"inLanguage":"pt-BR"},{"@type":"Person","@id":"https:\/\/www.gaveanews.com\/#\/schema\/person\/fd07635ec039ec3ba74ad18ec8a6dbd6","name":"Henrique Machado","image":{"@type":"ImageObject","inLanguage":"pt-BR","@id":"https:\/\/www.gaveanews.com\/#\/schema\/person\/image\/","url":"https:\/\/secure.gravatar.com\/avatar\/b95e35997e01d9800c1b6184bd79d4d898d370a3fce2584f5c77b907d5c7d9e9?s=96&d=mm&r=g","contentUrl":"https:\/\/secure.gravatar.com\/avatar\/b95e35997e01d9800c1b6184bd79d4d898d370a3fce2584f5c77b907d5c7d9e9?s=96&d=mm&r=g","caption":"Henrique Machado"}}]}},"_links":{"self":[{"href":"https:\/\/www.gaveanews.com\/index.php\/wp-json\/wp\/v2\/posts\/132806","targetHints":{"allow":["GET"]}}],"collection":[{"href":"https:\/\/www.gaveanews.com\/index.php\/wp-json\/wp\/v2\/posts"}],"about":[{"href":"https:\/\/www.gaveanews.com\/index.php\/wp-json\/wp\/v2\/types\/post"}],"author":[{"embeddable":true,"href":"https:\/\/www.gaveanews.com\/index.php\/wp-json\/wp\/v2\/users\/15"}],"replies":[{"embeddable":true,"href":"https:\/\/www.gaveanews.com\/index.php\/wp-json\/wp\/v2\/comments?post=132806"}],"version-history":[{"count":2,"href":"https:\/\/www.gaveanews.com\/index.php\/wp-json\/wp\/v2\/posts\/132806\/revisions"}],"predecessor-version":[{"id":132811,"href":"https:\/\/www.gaveanews.com\/index.php\/wp-json\/wp\/v2\/posts\/132806\/revisions\/132811"}],"wp:featuredmedia":[{"embeddable":true,"href":"https:\/\/www.gaveanews.com\/index.php\/wp-json\/wp\/v2\/media\/83255"}],"wp:attachment":[{"href":"https:\/\/www.gaveanews.com\/index.php\/wp-json\/wp\/v2\/media?parent=132806"}],"wp:term":[{"taxonomy":"category","embeddable":true,"href":"https:\/\/www.gaveanews.com\/index.php\/wp-json\/wp\/v2\/categories?post=132806"},{"taxonomy":"post_tag","embeddable":true,"href":"https:\/\/www.gaveanews.com\/index.php\/wp-json\/wp\/v2\/tags?post=132806"}],"curies":[{"name":"wp","href":"https:\/\/api.w.org\/{rel}","templated":true}]}}