{"id":132819,"date":"2024-03-26T16:31:48","date_gmt":"2024-03-26T19:31:48","guid":{"rendered":"https:\/\/www.gaveanews.com\/?p=132819"},"modified":"2024-04-07T00:08:27","modified_gmt":"2024-04-07T03:08:27","slug":"mauro-cezar-pereira-manda-recado-para-gabigol-2","status":"publish","type":"post","link":"https:\/\/www.gaveanews.com\/index.php\/2024\/03\/26\/mauro-cezar-pereira-manda-recado-para-gabigol-2\/","title":{"rendered":"Mauro Cezar Pereira manda recado para Gabigol"},"content":{"rendered":"\n<p>Durante uma transmiss\u00e3o ao vivo no programa UOL News Esportes,Mauro Cezar Pereira destacou a falta de comando evidente no clube diante da situa\u00e7\u00e3o envolvendo o atacante Gabigol. A puni\u00e7\u00e3o de dois anos imposta ao jogador gerou um duro questionamento sobre a gest\u00e3o do futebol rubro-negro, conforme enfatizado por Mauro Cezar Pereira. No entanto, o jornalista tamb\u00e9m n\u00e3o ignorou as responsabilidades do pr\u00f3prio atleta, ressaltando a gravidade das consequ\u00eancias para qualquer jogador profissional envolvido em quest\u00f5es de doping.<\/p>\n\n\n\n<p>\u2014 <em>O atleta profissional sabe que qualquer comportamento com rela\u00e7\u00e3o a doping que gere algum tipo de suspeita pode causar problemas para ele. Ent\u00e3o, n\u00e3o d\u00e1 para entender por que ele fez isso. Acho tamb\u00e9m que evidencia outra quest\u00e3o que \u00e9 a falta de comando do Departamento de Futebol do Flamengo<\/em> \u2014 disse Mauro Cezar.<\/p>\n\n\n\n<p>O comportamento de Gabigol durante o processo de coleta de urina para o exame de doping tamb\u00e9m foi objeto de an\u00e1lise por parte de Mauro Cezar Pereira. Relatos apontam para atitudes fora do padr\u00e3o por parte do artilheiro do Flamengo, incluindo relut\u00e2ncia inicial em cooperar, comportamento inadequado durante o procedimento e tentativas de obstruir o processo.<\/p>\n\n\n\n<figure class=\"wp-block-image size-full\"><img loading=\"lazy\" decoding=\"async\" width=\"685\" height=\"450\" src=\"https:\/\/www.gaveanews.com\/wp-content\/uploads\/Mauro-Cezar-pereira.png.webp\" alt=\"\" class=\"wp-image-104796\" srcset=\"https:\/\/www.gaveanews.com\/wp-content\/uploads\/Mauro-Cezar-pereira.png.webp 685w, https:\/\/www.gaveanews.com\/wp-content\/uploads\/Mauro-Cezar-pereira.png-300x197.webp 300w, https:\/\/www.gaveanews.com\/wp-content\/uploads\/Mauro-Cezar-pereira.png-639x420.webp 639w, https:\/\/www.gaveanews.com\/wp-content\/uploads\/Mauro-Cezar-pereira.png-640x420.webp 640w, https:\/\/www.gaveanews.com\/wp-content\/uploads\/Mauro-Cezar-pereira.png-681x447.webp 681w, https:\/\/www.gaveanews.com\/wp-content\/uploads\/Mauro-Cezar-pereira.png-100x66.webp 100w\" sizes=\"auto, (max-width: 685px) 100vw, 685px\" \/><figcaption class=\"wp-element-caption\">Mauro Cezar &#8211; Foto divulga\u00e7\u00e3o Jovem Pan<\/figcaption><\/figure>\n\n\n\n<p>\u2014 <em>No momento que chega a equipe antidopagem, o relato \u00e9 que ele foi, n\u00e3o quis fazer xixi, depois voltou, pegou o vidro e fez sem avisar a ningu\u00e9m, o integrante da equipe antidopagem teve que correr atr\u00e1s dele para ir no banheiro, a\u00ed ele tentou esconder a genit\u00e1lia, a\u00ed na sequ\u00eancia entregou o vidro aberto, eles relatam uma s\u00e9rie de comportamentos fora do padr\u00e3o<\/em> \u2014 completou Mauro Cezar.<\/p>\n\n\n\n<p>Diante da suspens\u00e3o imposta, Gabigol est\u00e1 impedido de treinar nas depend\u00eancias do Flamengo e ter\u00e1 que buscar alternativas at\u00e9 que o clube consiga um efeito suspensivo. O Flamengo, por sua vez, expressa confian\u00e7a na revers\u00e3o da puni\u00e7\u00e3o, considerando-a excessiva. No entanto, se a pena n\u00e3o for revertida, Gabigol s\u00f3 poder\u00e1 retornar aos gramados em abril de 2025, o que gera especula\u00e7\u00f5es sobre seu futuro contratual com o clube.<\/p>\n\n\n\n<h2 class=\"wp-block-heading\" id=\"h-quando-sera-o-proximo-jogo-do-flamengo\">Quando ser\u00e1 o pr\u00f3ximo jogo do Flamengo?<\/h2>\n\n\n\n<p>Devido \u00e0 participa\u00e7\u00e3o do\u00a0<a href=\"https:\/\/gaveanews.com\/?utm_source=SystemGaveaNews&amp;utm_medium=SystemGaveaNews&amp;utm_campaign=SystemGaveaNews\">Flamengo<\/a>\u00a0na fase de grupos da Conmebol Libertadores, sua agenda passou por ajustes. A estreia da equipe na competi\u00e7\u00e3o continental, agendada para o dia 2 de abril, uma ter\u00e7a-feira, contra o Millonarios, levou \u00e0 antecipa\u00e7\u00e3o da final de ida do Campeonato Carioca contra o Nova Igua\u00e7u. Assim, o\u00a0<a href=\"https:\/\/gaveanews.com\/?utm_source=SystemGaveaNews&amp;utm_medium=SystemGaveaNews&amp;utm_campaign=SystemGaveaNews\">Flamengo<\/a>\u00a0enfrentar\u00e1 o Nova Igua\u00e7u no dia 30 de mar\u00e7o, no primeiro confronto da final do Campeonato Carioca. O jogo ocorrer\u00e1 no Maracan\u00e3, no Rio de Janeiro. Confira abaixo a agenda do\u00a0<a href=\"https:\/\/gaveanews.com\/?utm_source=SystemGaveaNews&amp;utm_medium=SystemGaveaNews&amp;utm_campaign=SystemGaveaNews\">Flamengo<\/a>\u00a0no Campeonato Carioca:<\/p>\n\n\n\n<ul class=\"wp-block-list\">\n<li>30\/03 \u2013 Nova Igua\u00e7u x&nbsp;<a href=\"https:\/\/gaveanews.com\/?utm_source=SystemGaveaNews&amp;utm_medium=SystemGaveaNews&amp;utm_campaign=SystemGaveaNews\">Flamengo<\/a><\/li>\n\n\n\n<li>07\/04 \u2013&nbsp;<a href=\"https:\/\/gaveanews.com\/?utm_source=SystemGaveaNews&amp;utm_medium=SystemGaveaNews&amp;utm_campaign=SystemGaveaNews\">Flamengo<\/a>&nbsp;x Nova Igua\u00e7u<\/li>\n<\/ul>\n","protected":false},"excerpt":{"rendered":"<p>Durante uma transmiss\u00e3o ao vivo no programa UOL News Esportes,Mauro Cezar Pereira destacou a falta de comando evidente no clube diante da situa\u00e7\u00e3o envolvendo o atacante Gabigol. A puni\u00e7\u00e3o de dois anos imposta ao jogador gerou um duro questionamento sobre a gest\u00e3o do futebol rubro-negro, conforme enfatizado por Mauro Cezar Pereira. No entanto, o jornalista [&hellip;]<\/p>\n","protected":false},"author":15,"featured_media":79190,"comment_status":"open","ping_status":"closed","sticky":false,"template":"","format":"standard","meta":{"footnotes":""},"categories":[1],"tags":[169,170],"class_list":["post-132819","post","type-post","status-publish","format-standard","has-post-thumbnail","hentry","category-flamengo","tag-gabriel-barbosa-almeida-gabigol","tag-mauro-cezar-pereira"],"yoast_head":"<!-- This site is optimized with the Yoast SEO Premium plugin v24.2 (Yoast SEO v26.9) - https:\/\/yoast.com\/product\/yoast-seo-premium-wordpress\/ -->\n<title>Mauro Cezar Pereira manda recado para Gabigol<\/title>\n<meta name=\"robots\" content=\"index, follow, max-snippet:-1, max-image-preview:large, max-video-preview:-1\" \/>\n<link rel=\"canonical\" href=\"https:\/\/www.gaveanews.com\/index.php\/2024\/03\/26\/mauro-cezar-pereira-manda-recado-para-gabigol-2\/\" \/>\n<meta property=\"og:locale\" content=\"pt_BR\" \/>\n<meta property=\"og:type\" content=\"article\" \/>\n<meta property=\"og:title\" content=\"Mauro Cezar Pereira manda recado para Gabigol\" \/>\n<meta property=\"og:description\" content=\"Durante uma transmiss\u00e3o ao vivo no programa UOL News Esportes,Mauro Cezar Pereira destacou a falta de comando evidente no clube diante da situa\u00e7\u00e3o envolvendo o atacante Gabigol. A puni\u00e7\u00e3o de dois anos imposta ao jogador gerou um duro questionamento sobre a gest\u00e3o do futebol rubro-negro, conforme enfatizado por Mauro Cezar Pereira. No entanto, o jornalista [&hellip;]\" \/>\n<meta property=\"og:url\" content=\"https:\/\/www.gaveanews.com\/index.php\/2024\/03\/26\/mauro-cezar-pereira-manda-recado-para-gabigol-2\/\" \/>\n<meta property=\"og:site_name\" content=\"G\u00e1vea News\" \/>\n<meta property=\"article:publisher\" content=\"https:\/\/facebook.com\/gaveaNews\/\" \/>\n<meta property=\"article:published_time\" content=\"2024-03-26T19:31:48+00:00\" \/>\n<meta property=\"article:modified_time\" content=\"2024-04-07T03:08:27+00:00\" \/>\n<meta property=\"og:image\" content=\"https:\/\/www.gaveanews.com\/wp-content\/uploads\/Gabigol-em-acao-pelo-Flamengo-no-Maracana.webp\" \/>\n\t<meta property=\"og:image:width\" content=\"799\" \/>\n\t<meta property=\"og:image:height\" content=\"597\" \/>\n\t<meta property=\"og:image:type\" content=\"image\/jpeg\" \/>\n<meta name=\"author\" content=\"Henrique Machado\" \/>\n<meta name=\"twitter:card\" content=\"summary_large_image\" \/>\n<meta name=\"twitter:label1\" content=\"Escrito por\" \/>\n\t<meta name=\"twitter:data1\" content=\"Henrique Machado\" \/>\n\t<meta name=\"twitter:label2\" content=\"Est. tempo de leitura\" \/>\n\t<meta name=\"twitter:data2\" content=\"3 minutos\" \/>\n<script type=\"application\/ld+json\" class=\"yoast-schema-graph\">{\"@context\":\"https:\/\/schema.org\",\"@graph\":[{\"@type\":\"NewsArticle\",\"@id\":\"https:\/\/www.gaveanews.com\/index.php\/2024\/03\/26\/mauro-cezar-pereira-manda-recado-para-gabigol-2\/#article\",\"isPartOf\":{\"@id\":\"https:\/\/www.gaveanews.com\/index.php\/2024\/03\/26\/mauro-cezar-pereira-manda-recado-para-gabigol-2\/\"},\"author\":{\"name\":\"Henrique Machado\",\"@id\":\"https:\/\/www.gaveanews.com\/#\/schema\/person\/fd07635ec039ec3ba74ad18ec8a6dbd6\"},\"headline\":\"Mauro Cezar Pereira manda recado para Gabigol\",\"datePublished\":\"2024-03-26T19:31:48+00:00\",\"dateModified\":\"2024-04-07T03:08:27+00:00\",\"mainEntityOfPage\":{\"@id\":\"https:\/\/www.gaveanews.com\/index.php\/2024\/03\/26\/mauro-cezar-pereira-manda-recado-para-gabigol-2\/\"},\"wordCount\":478,\"commentCount\":0,\"image\":{\"@id\":\"https:\/\/www.gaveanews.com\/index.php\/2024\/03\/26\/mauro-cezar-pereira-manda-recado-para-gabigol-2\/#primaryimage\"},\"thumbnailUrl\":\"https:\/\/www.gaveanews.com\/wp-content\/uploads\/Gabigol-em-acao-pelo-Flamengo-no-Maracana.webp\",\"keywords\":[\"Gabriel Barbosa Almeida\",\"Mauro Cezar Pereira\"],\"articleSection\":[\"Flamengo\"],\"inLanguage\":\"pt-BR\",\"potentialAction\":[{\"@type\":\"CommentAction\",\"name\":\"Comment\",\"target\":[\"https:\/\/www.gaveanews.com\/index.php\/2024\/03\/26\/mauro-cezar-pereira-manda-recado-para-gabigol-2\/#respond\"]}],\"copyrightYear\":\"2024\",\"copyrightHolder\":{\"@id\":\"https:\/\/www.gaveanews.com\/#organization\"}},{\"@type\":\"WebPage\",\"@id\":\"https:\/\/www.gaveanews.com\/index.php\/2024\/03\/26\/mauro-cezar-pereira-manda-recado-para-gabigol-2\/\",\"url\":\"https:\/\/www.gaveanews.com\/index.php\/2024\/03\/26\/mauro-cezar-pereira-manda-recado-para-gabigol-2\/\",\"name\":\"Mauro Cezar Pereira manda recado para Gabigol\",\"isPartOf\":{\"@id\":\"https:\/\/www.gaveanews.com\/#website\"},\"primaryImageOfPage\":{\"@id\":\"https:\/\/www.gaveanews.com\/index.php\/2024\/03\/26\/mauro-cezar-pereira-manda-recado-para-gabigol-2\/#primaryimage\"},\"image\":{\"@id\":\"https:\/\/www.gaveanews.com\/index.php\/2024\/03\/26\/mauro-cezar-pereira-manda-recado-para-gabigol-2\/#primaryimage\"},\"thumbnailUrl\":\"https:\/\/www.gaveanews.com\/wp-content\/uploads\/Gabigol-em-acao-pelo-Flamengo-no-Maracana.webp\",\"datePublished\":\"2024-03-26T19:31:48+00:00\",\"dateModified\":\"2024-04-07T03:08:27+00:00\",\"author\":{\"@id\":\"https:\/\/www.gaveanews.com\/#\/schema\/person\/fd07635ec039ec3ba74ad18ec8a6dbd6\"},\"breadcrumb\":{\"@id\":\"https:\/\/www.gaveanews.com\/index.php\/2024\/03\/26\/mauro-cezar-pereira-manda-recado-para-gabigol-2\/#breadcrumb\"},\"inLanguage\":\"pt-BR\",\"potentialAction\":[{\"@type\":\"ReadAction\",\"target\":[\"https:\/\/www.gaveanews.com\/index.php\/2024\/03\/26\/mauro-cezar-pereira-manda-recado-para-gabigol-2\/\"]}]},{\"@type\":\"ImageObject\",\"inLanguage\":\"pt-BR\",\"@id\":\"https:\/\/www.gaveanews.com\/index.php\/2024\/03\/26\/mauro-cezar-pereira-manda-recado-para-gabigol-2\/#primaryimage\",\"url\":\"https:\/\/www.gaveanews.com\/wp-content\/uploads\/Gabigol-em-acao-pelo-Flamengo-no-Maracana.webp\",\"contentUrl\":\"https:\/\/www.gaveanews.com\/wp-content\/uploads\/Gabigol-em-acao-pelo-Flamengo-no-Maracana.webp\",\"width\":799,\"height\":597,\"caption\":\"Gabigol em a\u00e7\u00e3o pelo Flamengo no Maracan\u00e3 (Foto: Gilvan de Souza\/Flamengo)\"},{\"@type\":\"BreadcrumbList\",\"@id\":\"https:\/\/www.gaveanews.com\/index.php\/2024\/03\/26\/mauro-cezar-pereira-manda-recado-para-gabigol-2\/#breadcrumb\",\"itemListElement\":[{\"@type\":\"ListItem\",\"position\":1,\"name\":\"Home\",\"item\":\"https:\/\/www.gaveanews.com\/\"},{\"@type\":\"ListItem\",\"position\":2,\"name\":\"Mauro Cezar Pereira manda recado para Gabigol\"}]},{\"@type\":\"WebSite\",\"@id\":\"https:\/\/www.gaveanews.com\/#website\",\"url\":\"https:\/\/www.gaveanews.com\/\",\"name\":\"G\u00e1vea News\",\"description\":\"Veja todas as not\u00edcias sobre o Flamengo: Contrata\u00e7\u00f5es, categorias de base, resultados das partidas, tabela de classifica\u00e7\u00e3o, pr\u00f3ximos jogos!\",\"potentialAction\":[{\"@type\":\"SearchAction\",\"target\":{\"@type\":\"EntryPoint\",\"urlTemplate\":\"https:\/\/www.gaveanews.com\/?s={search_term_string}\"},\"query-input\":{\"@type\":\"PropertyValueSpecification\",\"valueRequired\":true,\"valueName\":\"search_term_string\"}}],\"inLanguage\":\"pt-BR\"},{\"@type\":\"Person\",\"@id\":\"https:\/\/www.gaveanews.com\/#\/schema\/person\/fd07635ec039ec3ba74ad18ec8a6dbd6\",\"name\":\"Henrique Machado\",\"image\":{\"@type\":\"ImageObject\",\"inLanguage\":\"pt-BR\",\"@id\":\"https:\/\/www.gaveanews.com\/#\/schema\/person\/image\/\",\"url\":\"https:\/\/secure.gravatar.com\/avatar\/b95e35997e01d9800c1b6184bd79d4d898d370a3fce2584f5c77b907d5c7d9e9?s=96&d=mm&r=g\",\"contentUrl\":\"https:\/\/secure.gravatar.com\/avatar\/b95e35997e01d9800c1b6184bd79d4d898d370a3fce2584f5c77b907d5c7d9e9?s=96&d=mm&r=g\",\"caption\":\"Henrique Machado\"}}]}<\/script>\n<!-- \/ Yoast SEO Premium plugin. -->","yoast_head_json":{"title":"Mauro Cezar Pereira manda recado para Gabigol","robots":{"index":"index","follow":"follow","max-snippet":"max-snippet:-1","max-image-preview":"max-image-preview:large","max-video-preview":"max-video-preview:-1"},"canonical":"https:\/\/www.gaveanews.com\/index.php\/2024\/03\/26\/mauro-cezar-pereira-manda-recado-para-gabigol-2\/","og_locale":"pt_BR","og_type":"article","og_title":"Mauro Cezar Pereira manda recado para Gabigol","og_description":"Durante uma transmiss\u00e3o ao vivo no programa UOL News Esportes,Mauro Cezar Pereira destacou a falta de comando evidente no clube diante da situa\u00e7\u00e3o envolvendo o atacante Gabigol. A puni\u00e7\u00e3o de dois anos imposta ao jogador gerou um duro questionamento sobre a gest\u00e3o do futebol rubro-negro, conforme enfatizado por Mauro Cezar Pereira. No entanto, o jornalista [&hellip;]","og_url":"https:\/\/www.gaveanews.com\/index.php\/2024\/03\/26\/mauro-cezar-pereira-manda-recado-para-gabigol-2\/","og_site_name":"G\u00e1vea News","article_publisher":"https:\/\/facebook.com\/gaveaNews\/","article_published_time":"2024-03-26T19:31:48+00:00","article_modified_time":"2024-04-07T03:08:27+00:00","og_image":[{"width":799,"height":597,"url":"https:\/\/www.gaveanews.com\/wp-content\/uploads\/Gabigol-em-acao-pelo-Flamengo-no-Maracana.webp","type":"image\/jpeg"}],"author":"Henrique Machado","twitter_card":"summary_large_image","twitter_misc":{"Escrito por":"Henrique Machado","Est. tempo de leitura":"3 minutos"},"schema":{"@context":"https:\/\/schema.org","@graph":[{"@type":"NewsArticle","@id":"https:\/\/www.gaveanews.com\/index.php\/2024\/03\/26\/mauro-cezar-pereira-manda-recado-para-gabigol-2\/#article","isPartOf":{"@id":"https:\/\/www.gaveanews.com\/index.php\/2024\/03\/26\/mauro-cezar-pereira-manda-recado-para-gabigol-2\/"},"author":{"name":"Henrique Machado","@id":"https:\/\/www.gaveanews.com\/#\/schema\/person\/fd07635ec039ec3ba74ad18ec8a6dbd6"},"headline":"Mauro Cezar Pereira manda recado para Gabigol","datePublished":"2024-03-26T19:31:48+00:00","dateModified":"2024-04-07T03:08:27+00:00","mainEntityOfPage":{"@id":"https:\/\/www.gaveanews.com\/index.php\/2024\/03\/26\/mauro-cezar-pereira-manda-recado-para-gabigol-2\/"},"wordCount":478,"commentCount":0,"image":{"@id":"https:\/\/www.gaveanews.com\/index.php\/2024\/03\/26\/mauro-cezar-pereira-manda-recado-para-gabigol-2\/#primaryimage"},"thumbnailUrl":"https:\/\/www.gaveanews.com\/wp-content\/uploads\/Gabigol-em-acao-pelo-Flamengo-no-Maracana.webp","keywords":["Gabriel Barbosa Almeida","Mauro Cezar Pereira"],"articleSection":["Flamengo"],"inLanguage":"pt-BR","potentialAction":[{"@type":"CommentAction","name":"Comment","target":["https:\/\/www.gaveanews.com\/index.php\/2024\/03\/26\/mauro-cezar-pereira-manda-recado-para-gabigol-2\/#respond"]}],"copyrightYear":"2024","copyrightHolder":{"@id":"https:\/\/www.gaveanews.com\/#organization"}},{"@type":"WebPage","@id":"https:\/\/www.gaveanews.com\/index.php\/2024\/03\/26\/mauro-cezar-pereira-manda-recado-para-gabigol-2\/","url":"https:\/\/www.gaveanews.com\/index.php\/2024\/03\/26\/mauro-cezar-pereira-manda-recado-para-gabigol-2\/","name":"Mauro Cezar Pereira manda recado para Gabigol","isPartOf":{"@id":"https:\/\/www.gaveanews.com\/#website"},"primaryImageOfPage":{"@id":"https:\/\/www.gaveanews.com\/index.php\/2024\/03\/26\/mauro-cezar-pereira-manda-recado-para-gabigol-2\/#primaryimage"},"image":{"@id":"https:\/\/www.gaveanews.com\/index.php\/2024\/03\/26\/mauro-cezar-pereira-manda-recado-para-gabigol-2\/#primaryimage"},"thumbnailUrl":"https:\/\/www.gaveanews.com\/wp-content\/uploads\/Gabigol-em-acao-pelo-Flamengo-no-Maracana.webp","datePublished":"2024-03-26T19:31:48+00:00","dateModified":"2024-04-07T03:08:27+00:00","author":{"@id":"https:\/\/www.gaveanews.com\/#\/schema\/person\/fd07635ec039ec3ba74ad18ec8a6dbd6"},"breadcrumb":{"@id":"https:\/\/www.gaveanews.com\/index.php\/2024\/03\/26\/mauro-cezar-pereira-manda-recado-para-gabigol-2\/#breadcrumb"},"inLanguage":"pt-BR","potentialAction":[{"@type":"ReadAction","target":["https:\/\/www.gaveanews.com\/index.php\/2024\/03\/26\/mauro-cezar-pereira-manda-recado-para-gabigol-2\/"]}]},{"@type":"ImageObject","inLanguage":"pt-BR","@id":"https:\/\/www.gaveanews.com\/index.php\/2024\/03\/26\/mauro-cezar-pereira-manda-recado-para-gabigol-2\/#primaryimage","url":"https:\/\/www.gaveanews.com\/wp-content\/uploads\/Gabigol-em-acao-pelo-Flamengo-no-Maracana.webp","contentUrl":"https:\/\/www.gaveanews.com\/wp-content\/uploads\/Gabigol-em-acao-pelo-Flamengo-no-Maracana.webp","width":799,"height":597,"caption":"Gabigol em a\u00e7\u00e3o pelo Flamengo no Maracan\u00e3 (Foto: Gilvan de Souza\/Flamengo)"},{"@type":"BreadcrumbList","@id":"https:\/\/www.gaveanews.com\/index.php\/2024\/03\/26\/mauro-cezar-pereira-manda-recado-para-gabigol-2\/#breadcrumb","itemListElement":[{"@type":"ListItem","position":1,"name":"Home","item":"https:\/\/www.gaveanews.com\/"},{"@type":"ListItem","position":2,"name":"Mauro Cezar Pereira manda recado para Gabigol"}]},{"@type":"WebSite","@id":"https:\/\/www.gaveanews.com\/#website","url":"https:\/\/www.gaveanews.com\/","name":"G\u00e1vea News","description":"Veja todas as not\u00edcias sobre o Flamengo: Contrata\u00e7\u00f5es, categorias de base, resultados das partidas, tabela de classifica\u00e7\u00e3o, pr\u00f3ximos jogos!","potentialAction":[{"@type":"SearchAction","target":{"@type":"EntryPoint","urlTemplate":"https:\/\/www.gaveanews.com\/?s={search_term_string}"},"query-input":{"@type":"PropertyValueSpecification","valueRequired":true,"valueName":"search_term_string"}}],"inLanguage":"pt-BR"},{"@type":"Person","@id":"https:\/\/www.gaveanews.com\/#\/schema\/person\/fd07635ec039ec3ba74ad18ec8a6dbd6","name":"Henrique Machado","image":{"@type":"ImageObject","inLanguage":"pt-BR","@id":"https:\/\/www.gaveanews.com\/#\/schema\/person\/image\/","url":"https:\/\/secure.gravatar.com\/avatar\/b95e35997e01d9800c1b6184bd79d4d898d370a3fce2584f5c77b907d5c7d9e9?s=96&d=mm&r=g","contentUrl":"https:\/\/secure.gravatar.com\/avatar\/b95e35997e01d9800c1b6184bd79d4d898d370a3fce2584f5c77b907d5c7d9e9?s=96&d=mm&r=g","caption":"Henrique Machado"}}]}},"_links":{"self":[{"href":"https:\/\/www.gaveanews.com\/index.php\/wp-json\/wp\/v2\/posts\/132819","targetHints":{"allow":["GET"]}}],"collection":[{"href":"https:\/\/www.gaveanews.com\/index.php\/wp-json\/wp\/v2\/posts"}],"about":[{"href":"https:\/\/www.gaveanews.com\/index.php\/wp-json\/wp\/v2\/types\/post"}],"author":[{"embeddable":true,"href":"https:\/\/www.gaveanews.com\/index.php\/wp-json\/wp\/v2\/users\/15"}],"replies":[{"embeddable":true,"href":"https:\/\/www.gaveanews.com\/index.php\/wp-json\/wp\/v2\/comments?post=132819"}],"version-history":[{"count":6,"href":"https:\/\/www.gaveanews.com\/index.php\/wp-json\/wp\/v2\/posts\/132819\/revisions"}],"predecessor-version":[{"id":132832,"href":"https:\/\/www.gaveanews.com\/index.php\/wp-json\/wp\/v2\/posts\/132819\/revisions\/132832"}],"wp:featuredmedia":[{"embeddable":true,"href":"https:\/\/www.gaveanews.com\/index.php\/wp-json\/wp\/v2\/media\/79190"}],"wp:attachment":[{"href":"https:\/\/www.gaveanews.com\/index.php\/wp-json\/wp\/v2\/media?parent=132819"}],"wp:term":[{"taxonomy":"category","embeddable":true,"href":"https:\/\/www.gaveanews.com\/index.php\/wp-json\/wp\/v2\/categories?post=132819"},{"taxonomy":"post_tag","embeddable":true,"href":"https:\/\/www.gaveanews.com\/index.php\/wp-json\/wp\/v2\/tags?post=132819"}],"curies":[{"name":"wp","href":"https:\/\/api.w.org\/{rel}","templated":true}]}}