{"id":132904,"date":"2024-03-27T13:25:54","date_gmt":"2024-03-27T16:25:54","guid":{"rendered":"https:\/\/www.gaveanews.com\/?p=132904"},"modified":"2024-04-07T08:40:14","modified_gmt":"2024-04-07T11:40:14","slug":"espanha-x-brasil-fabricio-bruno-se-manifesta-apos-amistoso","status":"publish","type":"post","link":"https:\/\/www.gaveanews.com\/index.php\/2024\/03\/27\/espanha-x-brasil-fabricio-bruno-se-manifesta-apos-amistoso\/","title":{"rendered":"Espanha x Brasil: Fabr\u00edcio Bruno se manifesta ap\u00f3s amistoso"},"content":{"rendered":"\n<p>Titular pelo Brasil nos amistosos contra Inglaterra e Espanha, Fabr\u00edcio Bruno foi muito elogiado pela m\u00eddia europeia. O zagueiro recebeu destaque pelo enfrentamento contra os atacantes estrangeiros e sua for\u00e7a nos combates mano a mano.<\/p>\n\n\n\n<p>Na m\u00eddia nacional, no entanto, os coment\u00e1rios n\u00e3o foram t\u00e3o agrad\u00e1veis. <a href=\"https:\/\/www.gaveanews.com\/index.php\/2024\/03\/24\/mauro-cezar-pereira-da-opiniao-polemica-sobre-fabricio-bruno\/\">Um exemplo das cr\u00edticas direcionadas ao defensor rubro-negro foi a declara\u00e7\u00e3o de Mauro Cezar Pereira.<\/a><\/p>\n\n\n\n<p>Apesar das declara\u00e7\u00f5es contra ele, Fabr\u00edcio Bruno afirma que n\u00e3o fica abalado pelos coment\u00e1rios negativos. O zagueiro revelou que faz acompanhamento psicol\u00f3gico e que mant\u00e9m foco em seu trabalho dentro das quatro linhas.<\/p>\n\n\n\n<p><em>&#8211; As pessoas julgam muito o livro pela capa e n\u00e3o t\u00eam muito o entendimento. Mas minha mentalidade \u00e9 muito forte, eu fa\u00e7o acompanhamento psicol\u00f3gico para n\u00e3o deixar isso me abater.<\/em><\/p>\n\n\n\n<h2 class=\"wp-block-heading\" id=\"h-sobre-o-amistoso\">Sobre o amistoso<\/h2>\n\n\n\n<p>A partida entre Brasil e Espanha contou com uma participa\u00e7\u00e3o question\u00e1vel da arbitragem, envolvendo lances pol\u00eamicos e decis\u00f5es muito criticadas. Al\u00e9m disso, o amistoso tamb\u00e9m n\u00e3o teve o aux\u00edlio do VAR, recurso que precisaria ser bastante acionado no duelo em quest\u00e3o.<\/p>\n\n\n\n<p>Embora o contexto tenha sido bastante desfavor\u00e1vel para o Brasil, a equipe lutou em campo e conseguiu imprimir seu estilo de jogo, terminando partida no empate de 3 a 3.<\/p>\n\n\n\n<h2 class=\"wp-block-heading\" id=\"h-proximo-compromisso-do-flamengo\">Pr\u00f3ximo compromisso do Flamengo<\/h2>\n\n\n\n<p>Ap\u00f3s a pausa para a primeira data Fifa do ano, o Flamengo retoma sua agenda e se prepara para a final do Campeonato Carioca. O Mais Querido entra em campo contra o Nova Igua\u00e7u para o jogo de ida neste s\u00e1bado (30), \u00e0s 17h (hor\u00e1rio de Bras\u00edlia). Ambos os jogos da decis\u00e3o estadual acontecer\u00e3o no Maracan\u00e3.<\/p>\n\n\n\n<p>No embate, o Rubro-Negro poder\u00e1 contar com os jogadores que foram convocados, pois todos os seis estar\u00e3o de volta a tempo. Os desfalques esperados s\u00e3o Gerson (que se recupera de cirurgia no rim) e Gabigol (suspenso do futebol por decis\u00e3o judicial).<\/p>\n","protected":false},"excerpt":{"rendered":"<p>Titular pelo Brasil nos amistosos contra Inglaterra e Espanha, Fabr\u00edcio Bruno foi muito elogiado pela m\u00eddia europeia. O zagueiro recebeu destaque pelo enfrentamento contra os atacantes estrangeiros e sua for\u00e7a nos combates mano a mano. Na m\u00eddia nacional, no entanto, os coment\u00e1rios n\u00e3o foram t\u00e3o agrad\u00e1veis. Um exemplo das cr\u00edticas direcionadas ao defensor rubro-negro foi [&hellip;]<\/p>\n","protected":false},"author":4,"featured_media":132585,"comment_status":"open","ping_status":"closed","sticky":false,"template":"","format":"standard","meta":{"footnotes":""},"categories":[1],"tags":[186],"class_list":["post-132904","post","type-post","status-publish","format-standard","has-post-thumbnail","hentry","category-flamengo","tag-fabricio-bruno-soares-de-faria"],"yoast_head":"<!-- This site is optimized with the Yoast SEO Premium plugin v24.2 (Yoast SEO v26.9) - https:\/\/yoast.com\/product\/yoast-seo-premium-wordpress\/ -->\n<title>Espanha x Brasil: Fabr\u00edcio Bruno se manifesta ap\u00f3s amistoso<\/title>\n<meta name=\"robots\" content=\"index, follow, max-snippet:-1, max-image-preview:large, max-video-preview:-1\" \/>\n<link rel=\"canonical\" href=\"https:\/\/www.gaveanews.com\/index.php\/2024\/03\/27\/espanha-x-brasil-fabricio-bruno-se-manifesta-apos-amistoso\/\" \/>\n<meta property=\"og:locale\" content=\"pt_BR\" \/>\n<meta property=\"og:type\" content=\"article\" \/>\n<meta property=\"og:title\" content=\"Espanha x Brasil: Fabr\u00edcio Bruno se manifesta ap\u00f3s amistoso\" \/>\n<meta property=\"og:description\" content=\"Titular pelo Brasil nos amistosos contra Inglaterra e Espanha, Fabr\u00edcio Bruno foi muito elogiado pela m\u00eddia europeia. O zagueiro recebeu destaque pelo enfrentamento contra os atacantes estrangeiros e sua for\u00e7a nos combates mano a mano. Na m\u00eddia nacional, no entanto, os coment\u00e1rios n\u00e3o foram t\u00e3o agrad\u00e1veis. Um exemplo das cr\u00edticas direcionadas ao defensor rubro-negro foi [&hellip;]\" \/>\n<meta property=\"og:url\" content=\"https:\/\/www.gaveanews.com\/index.php\/2024\/03\/27\/espanha-x-brasil-fabricio-bruno-se-manifesta-apos-amistoso\/\" \/>\n<meta property=\"og:site_name\" content=\"G\u00e1vea News\" \/>\n<meta property=\"article:publisher\" content=\"https:\/\/facebook.com\/gaveaNews\/\" \/>\n<meta property=\"article:published_time\" content=\"2024-03-27T16:25:54+00:00\" \/>\n<meta property=\"article:modified_time\" content=\"2024-04-07T11:40:14+00:00\" \/>\n<meta property=\"og:image\" content=\"https:\/\/www.gaveanews.com\/wp-content\/uploads\/fabricio-bruno-selecao-brasileira.webp\" \/>\n\t<meta property=\"og:image:width\" content=\"1200\" \/>\n\t<meta property=\"og:image:height\" content=\"800\" \/>\n\t<meta property=\"og:image:type\" content=\"image\/webp\" \/>\n<meta name=\"author\" content=\"Let\u00edcia Gerheim\" \/>\n<meta name=\"twitter:card\" content=\"summary_large_image\" \/>\n<meta name=\"twitter:label1\" content=\"Escrito por\" \/>\n\t<meta name=\"twitter:data1\" content=\"Let\u00edcia Gerheim\" \/>\n\t<meta name=\"twitter:label2\" content=\"Est. tempo de leitura\" \/>\n\t<meta name=\"twitter:data2\" content=\"2 minutos\" \/>\n<script type=\"application\/ld+json\" class=\"yoast-schema-graph\">{\"@context\":\"https:\/\/schema.org\",\"@graph\":[{\"@type\":\"NewsArticle\",\"@id\":\"https:\/\/www.gaveanews.com\/index.php\/2024\/03\/27\/espanha-x-brasil-fabricio-bruno-se-manifesta-apos-amistoso\/#article\",\"isPartOf\":{\"@id\":\"https:\/\/www.gaveanews.com\/index.php\/2024\/03\/27\/espanha-x-brasil-fabricio-bruno-se-manifesta-apos-amistoso\/\"},\"author\":{\"name\":\"Let\u00edcia Gerheim\",\"@id\":\"https:\/\/www.gaveanews.com\/#\/schema\/person\/714c67050b836198af2450ba1c142a67\"},\"headline\":\"Espanha x Brasil: Fabr\u00edcio Bruno se manifesta ap\u00f3s amistoso\",\"datePublished\":\"2024-03-27T16:25:54+00:00\",\"dateModified\":\"2024-04-07T11:40:14+00:00\",\"mainEntityOfPage\":{\"@id\":\"https:\/\/www.gaveanews.com\/index.php\/2024\/03\/27\/espanha-x-brasil-fabricio-bruno-se-manifesta-apos-amistoso\/\"},\"wordCount\":349,\"commentCount\":0,\"image\":{\"@id\":\"https:\/\/www.gaveanews.com\/index.php\/2024\/03\/27\/espanha-x-brasil-fabricio-bruno-se-manifesta-apos-amistoso\/#primaryimage\"},\"thumbnailUrl\":\"https:\/\/www.gaveanews.com\/wp-content\/uploads\/fabricio-bruno-selecao-brasileira.webp\",\"keywords\":[\"Fabr\u00edcio Bruno Soares de Faria\"],\"articleSection\":[\"Flamengo\"],\"inLanguage\":\"pt-BR\",\"potentialAction\":[{\"@type\":\"CommentAction\",\"name\":\"Comment\",\"target\":[\"https:\/\/www.gaveanews.com\/index.php\/2024\/03\/27\/espanha-x-brasil-fabricio-bruno-se-manifesta-apos-amistoso\/#respond\"]}],\"copyrightYear\":\"2024\",\"copyrightHolder\":{\"@id\":\"https:\/\/www.gaveanews.com\/#organization\"}},{\"@type\":\"WebPage\",\"@id\":\"https:\/\/www.gaveanews.com\/index.php\/2024\/03\/27\/espanha-x-brasil-fabricio-bruno-se-manifesta-apos-amistoso\/\",\"url\":\"https:\/\/www.gaveanews.com\/index.php\/2024\/03\/27\/espanha-x-brasil-fabricio-bruno-se-manifesta-apos-amistoso\/\",\"name\":\"Espanha x Brasil: Fabr\u00edcio Bruno se manifesta ap\u00f3s amistoso\",\"isPartOf\":{\"@id\":\"https:\/\/www.gaveanews.com\/#website\"},\"primaryImageOfPage\":{\"@id\":\"https:\/\/www.gaveanews.com\/index.php\/2024\/03\/27\/espanha-x-brasil-fabricio-bruno-se-manifesta-apos-amistoso\/#primaryimage\"},\"image\":{\"@id\":\"https:\/\/www.gaveanews.com\/index.php\/2024\/03\/27\/espanha-x-brasil-fabricio-bruno-se-manifesta-apos-amistoso\/#primaryimage\"},\"thumbnailUrl\":\"https:\/\/www.gaveanews.com\/wp-content\/uploads\/fabricio-bruno-selecao-brasileira.webp\",\"datePublished\":\"2024-03-27T16:25:54+00:00\",\"dateModified\":\"2024-04-07T11:40:14+00:00\",\"author\":{\"@id\":\"https:\/\/www.gaveanews.com\/#\/schema\/person\/714c67050b836198af2450ba1c142a67\"},\"breadcrumb\":{\"@id\":\"https:\/\/www.gaveanews.com\/index.php\/2024\/03\/27\/espanha-x-brasil-fabricio-bruno-se-manifesta-apos-amistoso\/#breadcrumb\"},\"inLanguage\":\"pt-BR\",\"potentialAction\":[{\"@type\":\"ReadAction\",\"target\":[\"https:\/\/www.gaveanews.com\/index.php\/2024\/03\/27\/espanha-x-brasil-fabricio-bruno-se-manifesta-apos-amistoso\/\"]}]},{\"@type\":\"ImageObject\",\"inLanguage\":\"pt-BR\",\"@id\":\"https:\/\/www.gaveanews.com\/index.php\/2024\/03\/27\/espanha-x-brasil-fabricio-bruno-se-manifesta-apos-amistoso\/#primaryimage\",\"url\":\"https:\/\/www.gaveanews.com\/wp-content\/uploads\/fabricio-bruno-selecao-brasileira.webp\",\"contentUrl\":\"https:\/\/www.gaveanews.com\/wp-content\/uploads\/fabricio-bruno-selecao-brasileira.webp\",\"width\":1200,\"height\":800,\"caption\":\"Fabr\u00edcio Bruno em a\u00e7\u00e3o pela Sele\u00e7\u00e3o Brasileira (Foto: Reprodu\u00e7\u00e3o\/twitter\/@SofascoreBR)\"},{\"@type\":\"BreadcrumbList\",\"@id\":\"https:\/\/www.gaveanews.com\/index.php\/2024\/03\/27\/espanha-x-brasil-fabricio-bruno-se-manifesta-apos-amistoso\/#breadcrumb\",\"itemListElement\":[{\"@type\":\"ListItem\",\"position\":1,\"name\":\"Home\",\"item\":\"https:\/\/www.gaveanews.com\/\"},{\"@type\":\"ListItem\",\"position\":2,\"name\":\"Espanha x Brasil: Fabr\u00edcio Bruno se manifesta ap\u00f3s amistoso\"}]},{\"@type\":\"WebSite\",\"@id\":\"https:\/\/www.gaveanews.com\/#website\",\"url\":\"https:\/\/www.gaveanews.com\/\",\"name\":\"G\u00e1vea News\",\"description\":\"Veja todas as not\u00edcias sobre o Flamengo: Contrata\u00e7\u00f5es, categorias de base, resultados das partidas, tabela de classifica\u00e7\u00e3o, pr\u00f3ximos jogos!\",\"potentialAction\":[{\"@type\":\"SearchAction\",\"target\":{\"@type\":\"EntryPoint\",\"urlTemplate\":\"https:\/\/www.gaveanews.com\/?s={search_term_string}\"},\"query-input\":{\"@type\":\"PropertyValueSpecification\",\"valueRequired\":true,\"valueName\":\"search_term_string\"}}],\"inLanguage\":\"pt-BR\"},{\"@type\":\"Person\",\"@id\":\"https:\/\/www.gaveanews.com\/#\/schema\/person\/714c67050b836198af2450ba1c142a67\",\"name\":\"Let\u00edcia Gerheim\",\"image\":{\"@type\":\"ImageObject\",\"inLanguage\":\"pt-BR\",\"@id\":\"https:\/\/www.gaveanews.com\/#\/schema\/person\/image\/\",\"url\":\"https:\/\/secure.gravatar.com\/avatar\/60734739c50fcebfbac509e2a826ccd0ff405c019bc73aab9354f19ecad1dcb4?s=96&d=mm&r=g\",\"contentUrl\":\"https:\/\/secure.gravatar.com\/avatar\/60734739c50fcebfbac509e2a826ccd0ff405c019bc73aab9354f19ecad1dcb4?s=96&d=mm&r=g\",\"caption\":\"Let\u00edcia Gerheim\"}}]}<\/script>\n<!-- \/ Yoast SEO Premium plugin. -->","yoast_head_json":{"title":"Espanha x Brasil: Fabr\u00edcio Bruno se manifesta ap\u00f3s amistoso","robots":{"index":"index","follow":"follow","max-snippet":"max-snippet:-1","max-image-preview":"max-image-preview:large","max-video-preview":"max-video-preview:-1"},"canonical":"https:\/\/www.gaveanews.com\/index.php\/2024\/03\/27\/espanha-x-brasil-fabricio-bruno-se-manifesta-apos-amistoso\/","og_locale":"pt_BR","og_type":"article","og_title":"Espanha x Brasil: Fabr\u00edcio Bruno se manifesta ap\u00f3s amistoso","og_description":"Titular pelo Brasil nos amistosos contra Inglaterra e Espanha, Fabr\u00edcio Bruno foi muito elogiado pela m\u00eddia europeia. O zagueiro recebeu destaque pelo enfrentamento contra os atacantes estrangeiros e sua for\u00e7a nos combates mano a mano. Na m\u00eddia nacional, no entanto, os coment\u00e1rios n\u00e3o foram t\u00e3o agrad\u00e1veis. Um exemplo das cr\u00edticas direcionadas ao defensor rubro-negro foi [&hellip;]","og_url":"https:\/\/www.gaveanews.com\/index.php\/2024\/03\/27\/espanha-x-brasil-fabricio-bruno-se-manifesta-apos-amistoso\/","og_site_name":"G\u00e1vea News","article_publisher":"https:\/\/facebook.com\/gaveaNews\/","article_published_time":"2024-03-27T16:25:54+00:00","article_modified_time":"2024-04-07T11:40:14+00:00","og_image":[{"width":1200,"height":800,"url":"https:\/\/www.gaveanews.com\/wp-content\/uploads\/fabricio-bruno-selecao-brasileira.webp","type":"image\/webp"}],"author":"Let\u00edcia Gerheim","twitter_card":"summary_large_image","twitter_misc":{"Escrito por":"Let\u00edcia Gerheim","Est. tempo de leitura":"2 minutos"},"schema":{"@context":"https:\/\/schema.org","@graph":[{"@type":"NewsArticle","@id":"https:\/\/www.gaveanews.com\/index.php\/2024\/03\/27\/espanha-x-brasil-fabricio-bruno-se-manifesta-apos-amistoso\/#article","isPartOf":{"@id":"https:\/\/www.gaveanews.com\/index.php\/2024\/03\/27\/espanha-x-brasil-fabricio-bruno-se-manifesta-apos-amistoso\/"},"author":{"name":"Let\u00edcia Gerheim","@id":"https:\/\/www.gaveanews.com\/#\/schema\/person\/714c67050b836198af2450ba1c142a67"},"headline":"Espanha x Brasil: Fabr\u00edcio Bruno se manifesta ap\u00f3s amistoso","datePublished":"2024-03-27T16:25:54+00:00","dateModified":"2024-04-07T11:40:14+00:00","mainEntityOfPage":{"@id":"https:\/\/www.gaveanews.com\/index.php\/2024\/03\/27\/espanha-x-brasil-fabricio-bruno-se-manifesta-apos-amistoso\/"},"wordCount":349,"commentCount":0,"image":{"@id":"https:\/\/www.gaveanews.com\/index.php\/2024\/03\/27\/espanha-x-brasil-fabricio-bruno-se-manifesta-apos-amistoso\/#primaryimage"},"thumbnailUrl":"https:\/\/www.gaveanews.com\/wp-content\/uploads\/fabricio-bruno-selecao-brasileira.webp","keywords":["Fabr\u00edcio Bruno Soares de Faria"],"articleSection":["Flamengo"],"inLanguage":"pt-BR","potentialAction":[{"@type":"CommentAction","name":"Comment","target":["https:\/\/www.gaveanews.com\/index.php\/2024\/03\/27\/espanha-x-brasil-fabricio-bruno-se-manifesta-apos-amistoso\/#respond"]}],"copyrightYear":"2024","copyrightHolder":{"@id":"https:\/\/www.gaveanews.com\/#organization"}},{"@type":"WebPage","@id":"https:\/\/www.gaveanews.com\/index.php\/2024\/03\/27\/espanha-x-brasil-fabricio-bruno-se-manifesta-apos-amistoso\/","url":"https:\/\/www.gaveanews.com\/index.php\/2024\/03\/27\/espanha-x-brasil-fabricio-bruno-se-manifesta-apos-amistoso\/","name":"Espanha x Brasil: Fabr\u00edcio Bruno se manifesta ap\u00f3s amistoso","isPartOf":{"@id":"https:\/\/www.gaveanews.com\/#website"},"primaryImageOfPage":{"@id":"https:\/\/www.gaveanews.com\/index.php\/2024\/03\/27\/espanha-x-brasil-fabricio-bruno-se-manifesta-apos-amistoso\/#primaryimage"},"image":{"@id":"https:\/\/www.gaveanews.com\/index.php\/2024\/03\/27\/espanha-x-brasil-fabricio-bruno-se-manifesta-apos-amistoso\/#primaryimage"},"thumbnailUrl":"https:\/\/www.gaveanews.com\/wp-content\/uploads\/fabricio-bruno-selecao-brasileira.webp","datePublished":"2024-03-27T16:25:54+00:00","dateModified":"2024-04-07T11:40:14+00:00","author":{"@id":"https:\/\/www.gaveanews.com\/#\/schema\/person\/714c67050b836198af2450ba1c142a67"},"breadcrumb":{"@id":"https:\/\/www.gaveanews.com\/index.php\/2024\/03\/27\/espanha-x-brasil-fabricio-bruno-se-manifesta-apos-amistoso\/#breadcrumb"},"inLanguage":"pt-BR","potentialAction":[{"@type":"ReadAction","target":["https:\/\/www.gaveanews.com\/index.php\/2024\/03\/27\/espanha-x-brasil-fabricio-bruno-se-manifesta-apos-amistoso\/"]}]},{"@type":"ImageObject","inLanguage":"pt-BR","@id":"https:\/\/www.gaveanews.com\/index.php\/2024\/03\/27\/espanha-x-brasil-fabricio-bruno-se-manifesta-apos-amistoso\/#primaryimage","url":"https:\/\/www.gaveanews.com\/wp-content\/uploads\/fabricio-bruno-selecao-brasileira.webp","contentUrl":"https:\/\/www.gaveanews.com\/wp-content\/uploads\/fabricio-bruno-selecao-brasileira.webp","width":1200,"height":800,"caption":"Fabr\u00edcio Bruno em a\u00e7\u00e3o pela Sele\u00e7\u00e3o Brasileira (Foto: Reprodu\u00e7\u00e3o\/twitter\/@SofascoreBR)"},{"@type":"BreadcrumbList","@id":"https:\/\/www.gaveanews.com\/index.php\/2024\/03\/27\/espanha-x-brasil-fabricio-bruno-se-manifesta-apos-amistoso\/#breadcrumb","itemListElement":[{"@type":"ListItem","position":1,"name":"Home","item":"https:\/\/www.gaveanews.com\/"},{"@type":"ListItem","position":2,"name":"Espanha x Brasil: Fabr\u00edcio Bruno se manifesta ap\u00f3s amistoso"}]},{"@type":"WebSite","@id":"https:\/\/www.gaveanews.com\/#website","url":"https:\/\/www.gaveanews.com\/","name":"G\u00e1vea News","description":"Veja todas as not\u00edcias sobre o Flamengo: Contrata\u00e7\u00f5es, categorias de base, resultados das partidas, tabela de classifica\u00e7\u00e3o, pr\u00f3ximos jogos!","potentialAction":[{"@type":"SearchAction","target":{"@type":"EntryPoint","urlTemplate":"https:\/\/www.gaveanews.com\/?s={search_term_string}"},"query-input":{"@type":"PropertyValueSpecification","valueRequired":true,"valueName":"search_term_string"}}],"inLanguage":"pt-BR"},{"@type":"Person","@id":"https:\/\/www.gaveanews.com\/#\/schema\/person\/714c67050b836198af2450ba1c142a67","name":"Let\u00edcia Gerheim","image":{"@type":"ImageObject","inLanguage":"pt-BR","@id":"https:\/\/www.gaveanews.com\/#\/schema\/person\/image\/","url":"https:\/\/secure.gravatar.com\/avatar\/60734739c50fcebfbac509e2a826ccd0ff405c019bc73aab9354f19ecad1dcb4?s=96&d=mm&r=g","contentUrl":"https:\/\/secure.gravatar.com\/avatar\/60734739c50fcebfbac509e2a826ccd0ff405c019bc73aab9354f19ecad1dcb4?s=96&d=mm&r=g","caption":"Let\u00edcia Gerheim"}}]}},"_links":{"self":[{"href":"https:\/\/www.gaveanews.com\/index.php\/wp-json\/wp\/v2\/posts\/132904","targetHints":{"allow":["GET"]}}],"collection":[{"href":"https:\/\/www.gaveanews.com\/index.php\/wp-json\/wp\/v2\/posts"}],"about":[{"href":"https:\/\/www.gaveanews.com\/index.php\/wp-json\/wp\/v2\/types\/post"}],"author":[{"embeddable":true,"href":"https:\/\/www.gaveanews.com\/index.php\/wp-json\/wp\/v2\/users\/4"}],"replies":[{"embeddable":true,"href":"https:\/\/www.gaveanews.com\/index.php\/wp-json\/wp\/v2\/comments?post=132904"}],"version-history":[{"count":1,"href":"https:\/\/www.gaveanews.com\/index.php\/wp-json\/wp\/v2\/posts\/132904\/revisions"}],"predecessor-version":[{"id":132927,"href":"https:\/\/www.gaveanews.com\/index.php\/wp-json\/wp\/v2\/posts\/132904\/revisions\/132927"}],"wp:featuredmedia":[{"embeddable":true,"href":"https:\/\/www.gaveanews.com\/index.php\/wp-json\/wp\/v2\/media\/132585"}],"wp:attachment":[{"href":"https:\/\/www.gaveanews.com\/index.php\/wp-json\/wp\/v2\/media?parent=132904"}],"wp:term":[{"taxonomy":"category","embeddable":true,"href":"https:\/\/www.gaveanews.com\/index.php\/wp-json\/wp\/v2\/categories?post=132904"},{"taxonomy":"post_tag","embeddable":true,"href":"https:\/\/www.gaveanews.com\/index.php\/wp-json\/wp\/v2\/tags?post=132904"}],"curies":[{"name":"wp","href":"https:\/\/api.w.org\/{rel}","templated":true}]}}