{"id":133389,"date":"2024-04-01T18:20:52","date_gmt":"2024-04-01T21:20:52","guid":{"rendered":"https:\/\/www.gaveanews.com\/?p=133389"},"modified":"2024-04-01T18:20:54","modified_gmt":"2024-04-01T21:20:54","slug":"especialista-aponta-erros-graves-do-flamengo","status":"publish","type":"post","link":"https:\/\/www.gaveanews.com\/index.php\/2024\/04\/01\/especialista-aponta-erros-graves-do-flamengo\/","title":{"rendered":"Especialista aponta erros graves do Flamengo"},"content":{"rendered":"\n<p>O presidente do Flamengo, Rodolfo Landim, trouxe \u00e0 tona diversos assuntos cruciais em uma entrevista concedida \u00e0 CBN no \u00faltimo domingo (31). Entre eles, o t\u00e3o aguardado est\u00e1dio do clube ocupou posi\u00e7\u00e3o de destaque. Landim afirmou que a constru\u00e7\u00e3o do est\u00e1dio \u00e9 uma realidade, embora tenha reconhecido as dificuldades enfrentadas na busca por um terreno adequado.<\/p>\n\n\n\n<p>No entanto, as declara\u00e7\u00f5es de Landim foram alvo de cr\u00edticas contundentes por parte do pesquisador de est\u00e1dios de futebol, Fabr\u00edcio Chicca. Chicca expressou preocupa\u00e7\u00e3o com a aparente falta de conhecimento do presidente do Flamengo sobre o terreno do Gas\u00f4metro, que \u00e9 o favorito para a constru\u00e7\u00e3o do est\u00e1dio.<\/p>\n\n\n\n<p>\u2014 <em>Me preocupa quando Landim fala em ter acesso ao terreno. O Flamengo j\u00e1 deveria ter acesso ao terreno. J\u00e1 deveria saber tudo sobre o terreno e j\u00e1 deveria ter projeto. Isso prova a falta de envolvimento e participa\u00e7\u00e3o do Flamengo na quest\u00e3o relativa ao est\u00e1dio<\/em> \u2014 disse Chicca.<\/p>\n\n\n\n<figure class=\"wp-block-image size-full\"><img loading=\"lazy\" decoding=\"async\" width=\"1008\" height=\"672\" src=\"https:\/\/www.gaveanews.com\/wp-content\/uploads\/Terreno-onde-o-Flamengo-deseja-construir-seu-estadio.webp\" alt=\"\" class=\"wp-image-132053\" srcset=\"https:\/\/www.gaveanews.com\/wp-content\/uploads\/Terreno-onde-o-Flamengo-deseja-construir-seu-estadio.webp 1008w, https:\/\/www.gaveanews.com\/wp-content\/uploads\/Terreno-onde-o-Flamengo-deseja-construir-seu-estadio-300x200.webp 300w, https:\/\/www.gaveanews.com\/wp-content\/uploads\/Terreno-onde-o-Flamengo-deseja-construir-seu-estadio-768x512.webp 768w, https:\/\/www.gaveanews.com\/wp-content\/uploads\/Terreno-onde-o-Flamengo-deseja-construir-seu-estadio-630x420.webp 630w, https:\/\/www.gaveanews.com\/wp-content\/uploads\/Terreno-onde-o-Flamengo-deseja-construir-seu-estadio-640x427.webp 640w, https:\/\/www.gaveanews.com\/wp-content\/uploads\/Terreno-onde-o-Flamengo-deseja-construir-seu-estadio-681x454.webp 681w, https:\/\/www.gaveanews.com\/wp-content\/uploads\/Terreno-onde-o-Flamengo-deseja-construir-seu-estadio-100x67.webp 100w\" sizes=\"auto, (max-width: 1008px) 100vw, 1008px\" \/><figcaption class=\"wp-element-caption\">Terreno onde o Flamengo deseja construir seu est\u00e1dio (Foto: Andr\u00e9 Dur\u00e3o)<\/figcaption><\/figure>\n\n\n\n<p>Al\u00e9m disso, Chicca apontou que o Flamengo n\u00e3o se preparou de maneira adequada para conduzir a aquisi\u00e7\u00e3o do terreno, o que revela uma falta de preparo do clube para o projeto do est\u00e1dio. Ele tamb\u00e9m destacou um erro conceitual na afirma\u00e7\u00e3o de Landim de que o terreno do Gas\u00f4metro \u00e9 a \u00fanica op\u00e7\u00e3o vi\u00e1vel para a constru\u00e7\u00e3o do est\u00e1dio com as comodidades oferecidas pelo Maracan\u00e3.<\/p>\n\n\n\n<p>\u2014 <em>O Flamengo nunca se deu ao trabalho de consultar o mercado imobili\u00e1rio para ver terrenos que n\u00e3o est\u00e3o dispon\u00edveis e possam estar dispon\u00edveis atrav\u00e9s de compra. Pois o terreno ideal \u00e9 criado a partir de um mosaico de terrenos que n\u00e3o est\u00e3o dispon\u00edveis<\/em> \u2014 finalizou Fabr\u00edcio Chicca.<\/p>\n\n\n\n<p>Para Chicca, o Flamengo deveria ter explorado o mercado imobili\u00e1rio em busca de terrenos que n\u00e3o estivessem dispon\u00edveis de imediato, mas que pudessem ser adquiridos, formando assim um mosaico de terrenos ideais para o projeto do est\u00e1dio.<\/p>\n","protected":false},"excerpt":{"rendered":"<p>O presidente do Flamengo, Rodolfo Landim, trouxe \u00e0 tona diversos assuntos cruciais em uma entrevista concedida \u00e0 CBN no \u00faltimo domingo (31). Entre eles, o t\u00e3o aguardado est\u00e1dio do clube ocupou posi\u00e7\u00e3o de destaque. Landim afirmou que a constru\u00e7\u00e3o do est\u00e1dio \u00e9 uma realidade, embora tenha reconhecido as dificuldades enfrentadas na busca por um terreno [&hellip;]<\/p>\n","protected":false},"author":15,"featured_media":123691,"comment_status":"open","ping_status":"closed","sticky":false,"template":"","format":"standard","meta":{"footnotes":""},"categories":[133,1],"tags":[],"class_list":["post-133389","post","type-post","status-publish","format-standard","has-post-thumbnail","hentry","category-brasileirao","category-flamengo"],"yoast_head":"<!-- This site is optimized with the Yoast SEO Premium plugin v24.2 (Yoast SEO v26.9) - https:\/\/yoast.com\/product\/yoast-seo-premium-wordpress\/ -->\n<title>Especialista aponta erros graves do Flamengo<\/title>\n<meta name=\"robots\" content=\"index, follow, max-snippet:-1, max-image-preview:large, max-video-preview:-1\" \/>\n<link rel=\"canonical\" href=\"https:\/\/www.gaveanews.com\/index.php\/2024\/04\/01\/especialista-aponta-erros-graves-do-flamengo\/\" \/>\n<meta property=\"og:locale\" content=\"pt_BR\" \/>\n<meta property=\"og:type\" content=\"article\" \/>\n<meta property=\"og:title\" content=\"Especialista aponta erros graves do Flamengo\" \/>\n<meta property=\"og:description\" content=\"O presidente do Flamengo, Rodolfo Landim, trouxe \u00e0 tona diversos assuntos cruciais em uma entrevista concedida \u00e0 CBN no \u00faltimo domingo (31). Entre eles, o t\u00e3o aguardado est\u00e1dio do clube ocupou posi\u00e7\u00e3o de destaque. Landim afirmou que a constru\u00e7\u00e3o do est\u00e1dio \u00e9 uma realidade, embora tenha reconhecido as dificuldades enfrentadas na busca por um terreno [&hellip;]\" \/>\n<meta property=\"og:url\" content=\"https:\/\/www.gaveanews.com\/index.php\/2024\/04\/01\/especialista-aponta-erros-graves-do-flamengo\/\" \/>\n<meta property=\"og:site_name\" content=\"G\u00e1vea News\" \/>\n<meta property=\"article:publisher\" content=\"https:\/\/facebook.com\/gaveaNews\/\" \/>\n<meta property=\"article:published_time\" content=\"2024-04-01T21:20:52+00:00\" \/>\n<meta property=\"article:modified_time\" content=\"2024-04-01T21:20:54+00:00\" \/>\n<meta property=\"og:image\" content=\"https:\/\/www.gaveanews.com\/wp-content\/uploads\/flamengo.webp\" \/>\n\t<meta property=\"og:image:width\" content=\"799\" \/>\n\t<meta property=\"og:image:height\" content=\"532\" \/>\n\t<meta property=\"og:image:type\" content=\"image\/webp\" \/>\n<meta name=\"author\" content=\"Henrique Machado\" \/>\n<meta name=\"twitter:card\" content=\"summary_large_image\" \/>\n<meta name=\"twitter:label1\" content=\"Escrito por\" \/>\n\t<meta name=\"twitter:data1\" content=\"Henrique Machado\" \/>\n\t<meta name=\"twitter:label2\" content=\"Est. tempo de leitura\" \/>\n\t<meta name=\"twitter:data2\" content=\"3 minutos\" \/>\n<script type=\"application\/ld+json\" class=\"yoast-schema-graph\">{\"@context\":\"https:\/\/schema.org\",\"@graph\":[{\"@type\":\"NewsArticle\",\"@id\":\"https:\/\/www.gaveanews.com\/index.php\/2024\/04\/01\/especialista-aponta-erros-graves-do-flamengo\/#article\",\"isPartOf\":{\"@id\":\"https:\/\/www.gaveanews.com\/index.php\/2024\/04\/01\/especialista-aponta-erros-graves-do-flamengo\/\"},\"author\":{\"name\":\"Henrique Machado\",\"@id\":\"https:\/\/www.gaveanews.com\/#\/schema\/person\/fd07635ec039ec3ba74ad18ec8a6dbd6\"},\"headline\":\"Especialista aponta erros graves do Flamengo\",\"datePublished\":\"2024-04-01T21:20:52+00:00\",\"dateModified\":\"2024-04-01T21:20:54+00:00\",\"mainEntityOfPage\":{\"@id\":\"https:\/\/www.gaveanews.com\/index.php\/2024\/04\/01\/especialista-aponta-erros-graves-do-flamengo\/\"},\"wordCount\":352,\"commentCount\":0,\"image\":{\"@id\":\"https:\/\/www.gaveanews.com\/index.php\/2024\/04\/01\/especialista-aponta-erros-graves-do-flamengo\/#primaryimage\"},\"thumbnailUrl\":\"https:\/\/www.gaveanews.com\/wp-content\/uploads\/flamengo.webp\",\"articleSection\":[\"Brasileir\u00e3o\",\"Flamengo\"],\"inLanguage\":\"pt-BR\",\"potentialAction\":[{\"@type\":\"CommentAction\",\"name\":\"Comment\",\"target\":[\"https:\/\/www.gaveanews.com\/index.php\/2024\/04\/01\/especialista-aponta-erros-graves-do-flamengo\/#respond\"]}],\"copyrightYear\":\"2024\",\"copyrightHolder\":{\"@id\":\"https:\/\/www.gaveanews.com\/#organization\"}},{\"@type\":\"WebPage\",\"@id\":\"https:\/\/www.gaveanews.com\/index.php\/2024\/04\/01\/especialista-aponta-erros-graves-do-flamengo\/\",\"url\":\"https:\/\/www.gaveanews.com\/index.php\/2024\/04\/01\/especialista-aponta-erros-graves-do-flamengo\/\",\"name\":\"Especialista aponta erros graves do Flamengo\",\"isPartOf\":{\"@id\":\"https:\/\/www.gaveanews.com\/#website\"},\"primaryImageOfPage\":{\"@id\":\"https:\/\/www.gaveanews.com\/index.php\/2024\/04\/01\/especialista-aponta-erros-graves-do-flamengo\/#primaryimage\"},\"image\":{\"@id\":\"https:\/\/www.gaveanews.com\/index.php\/2024\/04\/01\/especialista-aponta-erros-graves-do-flamengo\/#primaryimage\"},\"thumbnailUrl\":\"https:\/\/www.gaveanews.com\/wp-content\/uploads\/flamengo.webp\",\"datePublished\":\"2024-04-01T21:20:52+00:00\",\"dateModified\":\"2024-04-01T21:20:54+00:00\",\"author\":{\"@id\":\"https:\/\/www.gaveanews.com\/#\/schema\/person\/fd07635ec039ec3ba74ad18ec8a6dbd6\"},\"breadcrumb\":{\"@id\":\"https:\/\/www.gaveanews.com\/index.php\/2024\/04\/01\/especialista-aponta-erros-graves-do-flamengo\/#breadcrumb\"},\"inLanguage\":\"pt-BR\",\"potentialAction\":[{\"@type\":\"ReadAction\",\"target\":[\"https:\/\/www.gaveanews.com\/index.php\/2024\/04\/01\/especialista-aponta-erros-graves-do-flamengo\/\"]}]},{\"@type\":\"ImageObject\",\"inLanguage\":\"pt-BR\",\"@id\":\"https:\/\/www.gaveanews.com\/index.php\/2024\/04\/01\/especialista-aponta-erros-graves-do-flamengo\/#primaryimage\",\"url\":\"https:\/\/www.gaveanews.com\/wp-content\/uploads\/flamengo.webp\",\"contentUrl\":\"https:\/\/www.gaveanews.com\/wp-content\/uploads\/flamengo.webp\",\"width\":799,\"height\":532,\"caption\":\"Centro de treinamento do Flamengo (Foto: Reprodu\u00e7\u00e3o)\"},{\"@type\":\"BreadcrumbList\",\"@id\":\"https:\/\/www.gaveanews.com\/index.php\/2024\/04\/01\/especialista-aponta-erros-graves-do-flamengo\/#breadcrumb\",\"itemListElement\":[{\"@type\":\"ListItem\",\"position\":1,\"name\":\"Home\",\"item\":\"https:\/\/www.gaveanews.com\/\"},{\"@type\":\"ListItem\",\"position\":2,\"name\":\"Especialista aponta erros graves do Flamengo\"}]},{\"@type\":\"WebSite\",\"@id\":\"https:\/\/www.gaveanews.com\/#website\",\"url\":\"https:\/\/www.gaveanews.com\/\",\"name\":\"G\u00e1vea News\",\"description\":\"Veja todas as not\u00edcias sobre o Flamengo: Contrata\u00e7\u00f5es, categorias de base, resultados das partidas, tabela de classifica\u00e7\u00e3o, pr\u00f3ximos jogos!\",\"potentialAction\":[{\"@type\":\"SearchAction\",\"target\":{\"@type\":\"EntryPoint\",\"urlTemplate\":\"https:\/\/www.gaveanews.com\/?s={search_term_string}\"},\"query-input\":{\"@type\":\"PropertyValueSpecification\",\"valueRequired\":true,\"valueName\":\"search_term_string\"}}],\"inLanguage\":\"pt-BR\"},{\"@type\":\"Person\",\"@id\":\"https:\/\/www.gaveanews.com\/#\/schema\/person\/fd07635ec039ec3ba74ad18ec8a6dbd6\",\"name\":\"Henrique Machado\",\"image\":{\"@type\":\"ImageObject\",\"inLanguage\":\"pt-BR\",\"@id\":\"https:\/\/www.gaveanews.com\/#\/schema\/person\/image\/\",\"url\":\"https:\/\/secure.gravatar.com\/avatar\/b95e35997e01d9800c1b6184bd79d4d898d370a3fce2584f5c77b907d5c7d9e9?s=96&d=mm&r=g\",\"contentUrl\":\"https:\/\/secure.gravatar.com\/avatar\/b95e35997e01d9800c1b6184bd79d4d898d370a3fce2584f5c77b907d5c7d9e9?s=96&d=mm&r=g\",\"caption\":\"Henrique Machado\"}}]}<\/script>\n<!-- \/ Yoast SEO Premium plugin. -->","yoast_head_json":{"title":"Especialista aponta erros graves do Flamengo","robots":{"index":"index","follow":"follow","max-snippet":"max-snippet:-1","max-image-preview":"max-image-preview:large","max-video-preview":"max-video-preview:-1"},"canonical":"https:\/\/www.gaveanews.com\/index.php\/2024\/04\/01\/especialista-aponta-erros-graves-do-flamengo\/","og_locale":"pt_BR","og_type":"article","og_title":"Especialista aponta erros graves do Flamengo","og_description":"O presidente do Flamengo, Rodolfo Landim, trouxe \u00e0 tona diversos assuntos cruciais em uma entrevista concedida \u00e0 CBN no \u00faltimo domingo (31). Entre eles, o t\u00e3o aguardado est\u00e1dio do clube ocupou posi\u00e7\u00e3o de destaque. Landim afirmou que a constru\u00e7\u00e3o do est\u00e1dio \u00e9 uma realidade, embora tenha reconhecido as dificuldades enfrentadas na busca por um terreno [&hellip;]","og_url":"https:\/\/www.gaveanews.com\/index.php\/2024\/04\/01\/especialista-aponta-erros-graves-do-flamengo\/","og_site_name":"G\u00e1vea News","article_publisher":"https:\/\/facebook.com\/gaveaNews\/","article_published_time":"2024-04-01T21:20:52+00:00","article_modified_time":"2024-04-01T21:20:54+00:00","og_image":[{"width":799,"height":532,"url":"https:\/\/www.gaveanews.com\/wp-content\/uploads\/flamengo.webp","type":"image\/webp"}],"author":"Henrique Machado","twitter_card":"summary_large_image","twitter_misc":{"Escrito por":"Henrique Machado","Est. tempo de leitura":"3 minutos"},"schema":{"@context":"https:\/\/schema.org","@graph":[{"@type":"NewsArticle","@id":"https:\/\/www.gaveanews.com\/index.php\/2024\/04\/01\/especialista-aponta-erros-graves-do-flamengo\/#article","isPartOf":{"@id":"https:\/\/www.gaveanews.com\/index.php\/2024\/04\/01\/especialista-aponta-erros-graves-do-flamengo\/"},"author":{"name":"Henrique Machado","@id":"https:\/\/www.gaveanews.com\/#\/schema\/person\/fd07635ec039ec3ba74ad18ec8a6dbd6"},"headline":"Especialista aponta erros graves do Flamengo","datePublished":"2024-04-01T21:20:52+00:00","dateModified":"2024-04-01T21:20:54+00:00","mainEntityOfPage":{"@id":"https:\/\/www.gaveanews.com\/index.php\/2024\/04\/01\/especialista-aponta-erros-graves-do-flamengo\/"},"wordCount":352,"commentCount":0,"image":{"@id":"https:\/\/www.gaveanews.com\/index.php\/2024\/04\/01\/especialista-aponta-erros-graves-do-flamengo\/#primaryimage"},"thumbnailUrl":"https:\/\/www.gaveanews.com\/wp-content\/uploads\/flamengo.webp","articleSection":["Brasileir\u00e3o","Flamengo"],"inLanguage":"pt-BR","potentialAction":[{"@type":"CommentAction","name":"Comment","target":["https:\/\/www.gaveanews.com\/index.php\/2024\/04\/01\/especialista-aponta-erros-graves-do-flamengo\/#respond"]}],"copyrightYear":"2024","copyrightHolder":{"@id":"https:\/\/www.gaveanews.com\/#organization"}},{"@type":"WebPage","@id":"https:\/\/www.gaveanews.com\/index.php\/2024\/04\/01\/especialista-aponta-erros-graves-do-flamengo\/","url":"https:\/\/www.gaveanews.com\/index.php\/2024\/04\/01\/especialista-aponta-erros-graves-do-flamengo\/","name":"Especialista aponta erros graves do Flamengo","isPartOf":{"@id":"https:\/\/www.gaveanews.com\/#website"},"primaryImageOfPage":{"@id":"https:\/\/www.gaveanews.com\/index.php\/2024\/04\/01\/especialista-aponta-erros-graves-do-flamengo\/#primaryimage"},"image":{"@id":"https:\/\/www.gaveanews.com\/index.php\/2024\/04\/01\/especialista-aponta-erros-graves-do-flamengo\/#primaryimage"},"thumbnailUrl":"https:\/\/www.gaveanews.com\/wp-content\/uploads\/flamengo.webp","datePublished":"2024-04-01T21:20:52+00:00","dateModified":"2024-04-01T21:20:54+00:00","author":{"@id":"https:\/\/www.gaveanews.com\/#\/schema\/person\/fd07635ec039ec3ba74ad18ec8a6dbd6"},"breadcrumb":{"@id":"https:\/\/www.gaveanews.com\/index.php\/2024\/04\/01\/especialista-aponta-erros-graves-do-flamengo\/#breadcrumb"},"inLanguage":"pt-BR","potentialAction":[{"@type":"ReadAction","target":["https:\/\/www.gaveanews.com\/index.php\/2024\/04\/01\/especialista-aponta-erros-graves-do-flamengo\/"]}]},{"@type":"ImageObject","inLanguage":"pt-BR","@id":"https:\/\/www.gaveanews.com\/index.php\/2024\/04\/01\/especialista-aponta-erros-graves-do-flamengo\/#primaryimage","url":"https:\/\/www.gaveanews.com\/wp-content\/uploads\/flamengo.webp","contentUrl":"https:\/\/www.gaveanews.com\/wp-content\/uploads\/flamengo.webp","width":799,"height":532,"caption":"Centro de treinamento do Flamengo (Foto: Reprodu\u00e7\u00e3o)"},{"@type":"BreadcrumbList","@id":"https:\/\/www.gaveanews.com\/index.php\/2024\/04\/01\/especialista-aponta-erros-graves-do-flamengo\/#breadcrumb","itemListElement":[{"@type":"ListItem","position":1,"name":"Home","item":"https:\/\/www.gaveanews.com\/"},{"@type":"ListItem","position":2,"name":"Especialista aponta erros graves do Flamengo"}]},{"@type":"WebSite","@id":"https:\/\/www.gaveanews.com\/#website","url":"https:\/\/www.gaveanews.com\/","name":"G\u00e1vea News","description":"Veja todas as not\u00edcias sobre o Flamengo: Contrata\u00e7\u00f5es, categorias de base, resultados das partidas, tabela de classifica\u00e7\u00e3o, pr\u00f3ximos jogos!","potentialAction":[{"@type":"SearchAction","target":{"@type":"EntryPoint","urlTemplate":"https:\/\/www.gaveanews.com\/?s={search_term_string}"},"query-input":{"@type":"PropertyValueSpecification","valueRequired":true,"valueName":"search_term_string"}}],"inLanguage":"pt-BR"},{"@type":"Person","@id":"https:\/\/www.gaveanews.com\/#\/schema\/person\/fd07635ec039ec3ba74ad18ec8a6dbd6","name":"Henrique Machado","image":{"@type":"ImageObject","inLanguage":"pt-BR","@id":"https:\/\/www.gaveanews.com\/#\/schema\/person\/image\/","url":"https:\/\/secure.gravatar.com\/avatar\/b95e35997e01d9800c1b6184bd79d4d898d370a3fce2584f5c77b907d5c7d9e9?s=96&d=mm&r=g","contentUrl":"https:\/\/secure.gravatar.com\/avatar\/b95e35997e01d9800c1b6184bd79d4d898d370a3fce2584f5c77b907d5c7d9e9?s=96&d=mm&r=g","caption":"Henrique Machado"}}]}},"_links":{"self":[{"href":"https:\/\/www.gaveanews.com\/index.php\/wp-json\/wp\/v2\/posts\/133389","targetHints":{"allow":["GET"]}}],"collection":[{"href":"https:\/\/www.gaveanews.com\/index.php\/wp-json\/wp\/v2\/posts"}],"about":[{"href":"https:\/\/www.gaveanews.com\/index.php\/wp-json\/wp\/v2\/types\/post"}],"author":[{"embeddable":true,"href":"https:\/\/www.gaveanews.com\/index.php\/wp-json\/wp\/v2\/users\/15"}],"replies":[{"embeddable":true,"href":"https:\/\/www.gaveanews.com\/index.php\/wp-json\/wp\/v2\/comments?post=133389"}],"version-history":[{"count":1,"href":"https:\/\/www.gaveanews.com\/index.php\/wp-json\/wp\/v2\/posts\/133389\/revisions"}],"predecessor-version":[{"id":133398,"href":"https:\/\/www.gaveanews.com\/index.php\/wp-json\/wp\/v2\/posts\/133389\/revisions\/133398"}],"wp:featuredmedia":[{"embeddable":true,"href":"https:\/\/www.gaveanews.com\/index.php\/wp-json\/wp\/v2\/media\/123691"}],"wp:attachment":[{"href":"https:\/\/www.gaveanews.com\/index.php\/wp-json\/wp\/v2\/media?parent=133389"}],"wp:term":[{"taxonomy":"category","embeddable":true,"href":"https:\/\/www.gaveanews.com\/index.php\/wp-json\/wp\/v2\/categories?post=133389"},{"taxonomy":"post_tag","embeddable":true,"href":"https:\/\/www.gaveanews.com\/index.php\/wp-json\/wp\/v2\/tags?post=133389"}],"curies":[{"name":"wp","href":"https:\/\/api.w.org\/{rel}","templated":true}]}}