{"id":133405,"date":"2024-04-01T18:49:41","date_gmt":"2024-04-01T21:49:41","guid":{"rendered":"https:\/\/www.gaveanews.com\/?p=133405"},"modified":"2024-04-07T00:28:24","modified_gmt":"2024-04-07T03:28:24","slug":"dois-titulares-do-flamengo-podem-ficar-de-fora-da-estreia-na-libertadores","status":"publish","type":"post","link":"https:\/\/www.gaveanews.com\/index.php\/2024\/04\/01\/dois-titulares-do-flamengo-podem-ficar-de-fora-da-estreia-na-libertadores\/","title":{"rendered":"Dois titulares do Flamengo podem ficar de fora da estreia na Libertadores"},"content":{"rendered":"\n<p>Ap\u00f3s uma s\u00f3lida vit\u00f3ria por 3 a 0 sobre o Nova Igua\u00e7u no Campeonato Carioca, o Flamengo agora volta suas aten\u00e7\u00f5es para a Copa Libertadores. Nesta ter\u00e7a-feira (2), o clube carioca inicia sua jornada em busca do t\u00e3o almejado tetracampeonato, por\u00e9m, pode enfrentar algumas baixas importantes diante do Millionarios.<\/p>\n\n\n\n<p>De acordo com informa\u00e7\u00f5es do jornalista Ven\u00ea Casagrande, no programa SBT Sports Rio, Fabr\u00edcio Bruno e De La Cruz acenderam o sinal de alerta no Flamengo. Ambos apresentaram sinais de extremo desgaste f\u00edsico ap\u00f3s a Data Fifa.<\/p>\n\n\n\n<p>Fabr\u00edcio Bruno, que defendeu a Sele\u00e7\u00e3o Brasileira, atuou os 90 minutos dos dois amistosos contra Inglaterra e Espanha. Por sua vez, De La Cruz, mesmo com uma minutagem menor pelo Uruguai, jogando apenas 45 minutos contra a Costa do Marfim, j\u00e1 vinha de uma sequ\u00eancia de cinco jogos como titular pelo Flamengo.<\/p>\n\n\n\n<p>Apesar das preocupa\u00e7\u00f5es, os jogadores seguiram viagem normalmente para Bogot\u00e1, capital colombiana, onde ser\u00e1 o palco da estreia na Libertadores. Segundo Ven\u00ea, o treino desta segunda-feira (1\u00ba) ser\u00e1 crucial para o t\u00e9cnico Tite avaliar as condi\u00e7\u00f5es de De La Cruz e Fabr\u00edcio Bruno.<\/p>\n\n\n\n<p>Para o embate contra o Millionarios, Tite j\u00e1 est\u00e1 ciente de tr\u00eas desfalques confirmados, Gabigol, suspenso por dois anos, Gerson, em recupera\u00e7\u00e3o de cirurgia nos rins, e Wesley, com les\u00e3o no adutor da coxa.<\/p>\n\n\n\n<h2 class=\"wp-block-heading\" id=\"h-quando-sera-o-proximo-jogo-do-flamengo\">Quando ser\u00e1 o pr\u00f3ximo jogo do Flamengo?<\/h2>\n\n\n\n<p>Em abril, o&nbsp;<a href=\"https:\/\/gaveanews.com\/?utm_source=SystemGaveaNews&amp;utm_medium=SystemGaveaNews&amp;utm_campaign=SystemGaveaNews\">Flamengo<\/a>&nbsp;enfrentar\u00e1 uma agenda repleta de desafios, competindo em tr\u00eas diferentes torneios. Sob o comando do t\u00e9cnico Tite, a equipe ter\u00e1 partidas pelo Campeonato Carioca, Copa Libertadores e Campeonato Brasileiro. Confira abaixo a agenda do&nbsp;<a href=\"https:\/\/gaveanews.com\/?utm_source=SystemGaveaNews&amp;utm_medium=SystemGaveaNews&amp;utm_campaign=SystemGaveaNews\">Flamengo<\/a>&nbsp;no m\u00eas de abril:<\/p>\n\n\n\n<ul class=\"wp-block-list\">\n<li>02\/04 \u2013 Millonarios x&nbsp;<a href=\"https:\/\/gaveanews.com\/?utm_source=SystemGaveaNews&amp;utm_medium=SystemGaveaNews&amp;utm_campaign=SystemGaveaNews\">Flamengo<\/a><\/li>\n\n\n\n<li>07\/04 \u2013&nbsp;<a href=\"https:\/\/gaveanews.com\/?utm_source=SystemGaveaNews&amp;utm_medium=SystemGaveaNews&amp;utm_campaign=SystemGaveaNews\">Flamengo<\/a>&nbsp;x Nova Igua\u00e7u<\/li>\n\n\n\n<li>10\/04 \u2013&nbsp;<a href=\"https:\/\/gaveanews.com\/?utm_source=SystemGaveaNews&amp;utm_medium=SystemGaveaNews&amp;utm_campaign=SystemGaveaNews\">Flamengo<\/a>&nbsp;x Palestino<\/li>\n\n\n\n<li>14\/04 \u2013 Atl\u00e9tico-GO x&nbsp;<a href=\"https:\/\/gaveanews.com\/?utm_source=SystemGaveaNews&amp;utm_medium=SystemGaveaNews&amp;utm_campaign=SystemGaveaNews\">Flamengo<\/a><\/li>\n\n\n\n<li>17\/04 \u2013&nbsp;<a href=\"https:\/\/gaveanews.com\/?utm_source=SystemGaveaNews&amp;utm_medium=SystemGaveaNews&amp;utm_campaign=SystemGaveaNews\">Flamengo<\/a>&nbsp;x S\u00e3o Paulo<\/li>\n\n\n\n<li>21\/04 \u2013&nbsp;<a href=\"https:\/\/www.gaveanews.com\/?s=palmeiras&amp;utm_source=SystemGaveaNews&amp;utm_medium=SystemGaveaNews&amp;utm_campaign=SystemGaveaNews\">Palmeiras<\/a>&nbsp;x&nbsp;<a href=\"https:\/\/gaveanews.com\/?utm_source=SystemGaveaNews&amp;utm_medium=SystemGaveaNews&amp;utm_campaign=SystemGaveaNews\">Flamengo<\/a><\/li>\n\n\n\n<li>24\/04 \u2013 Bol\u00edvar x&nbsp;<a href=\"https:\/\/gaveanews.com\/?utm_source=SystemGaveaNews&amp;utm_medium=SystemGaveaNews&amp;utm_campaign=SystemGaveaNews\">Flamengo<\/a><\/li>\n\n\n\n<li>28\/04 \u2013&nbsp;<a href=\"https:\/\/gaveanews.com\/?utm_source=SystemGaveaNews&amp;utm_medium=SystemGaveaNews&amp;utm_campaign=SystemGaveaNews\">Flamengo<\/a>&nbsp;x&nbsp;<a href=\"https:\/\/www.gaveanews.com\/?s=Botafogo&amp;utm_source=SystemGaveaNews&amp;utm_medium=SystemGaveaNews&amp;utm_campaign=SystemGaveaNews\">Botafogo<\/a><\/li>\n<\/ul>\n","protected":false},"excerpt":{"rendered":"<p>Ap\u00f3s uma s\u00f3lida vit\u00f3ria por 3 a 0 sobre o Nova Igua\u00e7u no Campeonato Carioca, o Flamengo agora volta suas aten\u00e7\u00f5es para a Copa Libertadores. Nesta ter\u00e7a-feira (2), o clube carioca inicia sua jornada em busca do t\u00e3o almejado tetracampeonato, por\u00e9m, pode enfrentar algumas baixas importantes diante do Millionarios. De acordo com informa\u00e7\u00f5es do jornalista [&hellip;]<\/p>\n","protected":false},"author":15,"featured_media":108584,"comment_status":"open","ping_status":"closed","sticky":false,"template":"","format":"standard","meta":{"footnotes":""},"categories":[133,1],"tags":[],"class_list":["post-133405","post","type-post","status-publish","format-standard","has-post-thumbnail","hentry","category-brasileirao","category-flamengo"],"yoast_head":"<!-- This site is optimized with the Yoast SEO Premium plugin v24.2 (Yoast SEO v26.9) - https:\/\/yoast.com\/product\/yoast-seo-premium-wordpress\/ -->\n<title>Dois titulares do Flamengo podem ficar de fora da estreia na Libertadores<\/title>\n<meta name=\"robots\" content=\"index, follow, max-snippet:-1, max-image-preview:large, max-video-preview:-1\" \/>\n<link rel=\"canonical\" href=\"https:\/\/www.gaveanews.com\/index.php\/2024\/04\/01\/dois-titulares-do-flamengo-podem-ficar-de-fora-da-estreia-na-libertadores\/\" \/>\n<meta property=\"og:locale\" content=\"pt_BR\" \/>\n<meta property=\"og:type\" content=\"article\" \/>\n<meta property=\"og:title\" content=\"Dois titulares do Flamengo podem ficar de fora da estreia na Libertadores\" \/>\n<meta property=\"og:description\" content=\"Ap\u00f3s uma s\u00f3lida vit\u00f3ria por 3 a 0 sobre o Nova Igua\u00e7u no Campeonato Carioca, o Flamengo agora volta suas aten\u00e7\u00f5es para a Copa Libertadores. Nesta ter\u00e7a-feira (2), o clube carioca inicia sua jornada em busca do t\u00e3o almejado tetracampeonato, por\u00e9m, pode enfrentar algumas baixas importantes diante do Millionarios. De acordo com informa\u00e7\u00f5es do jornalista [&hellip;]\" \/>\n<meta property=\"og:url\" content=\"https:\/\/www.gaveanews.com\/index.php\/2024\/04\/01\/dois-titulares-do-flamengo-podem-ficar-de-fora-da-estreia-na-libertadores\/\" \/>\n<meta property=\"og:site_name\" content=\"G\u00e1vea News\" \/>\n<meta property=\"article:publisher\" content=\"https:\/\/facebook.com\/gaveaNews\/\" \/>\n<meta property=\"article:published_time\" content=\"2024-04-01T21:49:41+00:00\" \/>\n<meta property=\"article:modified_time\" content=\"2024-04-07T03:28:24+00:00\" \/>\n<meta property=\"og:image\" content=\"https:\/\/www.gaveanews.com\/wp-content\/uploads\/tite-jogadores-flamengo.webp\" \/>\n\t<meta property=\"og:image:width\" content=\"900\" \/>\n\t<meta property=\"og:image:height\" content=\"599\" \/>\n\t<meta property=\"og:image:type\" content=\"image\/jpeg\" \/>\n<meta name=\"author\" content=\"Henrique Machado\" \/>\n<meta name=\"twitter:card\" content=\"summary_large_image\" \/>\n<meta name=\"twitter:label1\" content=\"Escrito por\" \/>\n\t<meta name=\"twitter:data1\" content=\"Henrique Machado\" \/>\n\t<meta name=\"twitter:label2\" content=\"Est. tempo de leitura\" \/>\n\t<meta name=\"twitter:data2\" content=\"2 minutos\" \/>\n<script type=\"application\/ld+json\" class=\"yoast-schema-graph\">{\"@context\":\"https:\/\/schema.org\",\"@graph\":[{\"@type\":\"NewsArticle\",\"@id\":\"https:\/\/www.gaveanews.com\/index.php\/2024\/04\/01\/dois-titulares-do-flamengo-podem-ficar-de-fora-da-estreia-na-libertadores\/#article\",\"isPartOf\":{\"@id\":\"https:\/\/www.gaveanews.com\/index.php\/2024\/04\/01\/dois-titulares-do-flamengo-podem-ficar-de-fora-da-estreia-na-libertadores\/\"},\"author\":{\"name\":\"Henrique Machado\",\"@id\":\"https:\/\/www.gaveanews.com\/#\/schema\/person\/fd07635ec039ec3ba74ad18ec8a6dbd6\"},\"headline\":\"Dois titulares do Flamengo podem ficar de fora da estreia na Libertadores\",\"datePublished\":\"2024-04-01T21:49:41+00:00\",\"dateModified\":\"2024-04-07T03:28:24+00:00\",\"mainEntityOfPage\":{\"@id\":\"https:\/\/www.gaveanews.com\/index.php\/2024\/04\/01\/dois-titulares-do-flamengo-podem-ficar-de-fora-da-estreia-na-libertadores\/\"},\"wordCount\":346,\"commentCount\":0,\"image\":{\"@id\":\"https:\/\/www.gaveanews.com\/index.php\/2024\/04\/01\/dois-titulares-do-flamengo-podem-ficar-de-fora-da-estreia-na-libertadores\/#primaryimage\"},\"thumbnailUrl\":\"https:\/\/www.gaveanews.com\/wp-content\/uploads\/tite-jogadores-flamengo.webp\",\"articleSection\":[\"Brasileir\u00e3o\",\"Flamengo\"],\"inLanguage\":\"pt-BR\",\"potentialAction\":[{\"@type\":\"CommentAction\",\"name\":\"Comment\",\"target\":[\"https:\/\/www.gaveanews.com\/index.php\/2024\/04\/01\/dois-titulares-do-flamengo-podem-ficar-de-fora-da-estreia-na-libertadores\/#respond\"]}],\"copyrightYear\":\"2024\",\"copyrightHolder\":{\"@id\":\"https:\/\/www.gaveanews.com\/#organization\"}},{\"@type\":\"WebPage\",\"@id\":\"https:\/\/www.gaveanews.com\/index.php\/2024\/04\/01\/dois-titulares-do-flamengo-podem-ficar-de-fora-da-estreia-na-libertadores\/\",\"url\":\"https:\/\/www.gaveanews.com\/index.php\/2024\/04\/01\/dois-titulares-do-flamengo-podem-ficar-de-fora-da-estreia-na-libertadores\/\",\"name\":\"Dois titulares do Flamengo podem ficar de fora da estreia na Libertadores\",\"isPartOf\":{\"@id\":\"https:\/\/www.gaveanews.com\/#website\"},\"primaryImageOfPage\":{\"@id\":\"https:\/\/www.gaveanews.com\/index.php\/2024\/04\/01\/dois-titulares-do-flamengo-podem-ficar-de-fora-da-estreia-na-libertadores\/#primaryimage\"},\"image\":{\"@id\":\"https:\/\/www.gaveanews.com\/index.php\/2024\/04\/01\/dois-titulares-do-flamengo-podem-ficar-de-fora-da-estreia-na-libertadores\/#primaryimage\"},\"thumbnailUrl\":\"https:\/\/www.gaveanews.com\/wp-content\/uploads\/tite-jogadores-flamengo.webp\",\"datePublished\":\"2024-04-01T21:49:41+00:00\",\"dateModified\":\"2024-04-07T03:28:24+00:00\",\"author\":{\"@id\":\"https:\/\/www.gaveanews.com\/#\/schema\/person\/fd07635ec039ec3ba74ad18ec8a6dbd6\"},\"breadcrumb\":{\"@id\":\"https:\/\/www.gaveanews.com\/index.php\/2024\/04\/01\/dois-titulares-do-flamengo-podem-ficar-de-fora-da-estreia-na-libertadores\/#breadcrumb\"},\"inLanguage\":\"pt-BR\",\"potentialAction\":[{\"@type\":\"ReadAction\",\"target\":[\"https:\/\/www.gaveanews.com\/index.php\/2024\/04\/01\/dois-titulares-do-flamengo-podem-ficar-de-fora-da-estreia-na-libertadores\/\"]}]},{\"@type\":\"ImageObject\",\"inLanguage\":\"pt-BR\",\"@id\":\"https:\/\/www.gaveanews.com\/index.php\/2024\/04\/01\/dois-titulares-do-flamengo-podem-ficar-de-fora-da-estreia-na-libertadores\/#primaryimage\",\"url\":\"https:\/\/www.gaveanews.com\/wp-content\/uploads\/tite-jogadores-flamengo.webp\",\"contentUrl\":\"https:\/\/www.gaveanews.com\/wp-content\/uploads\/tite-jogadores-flamengo.webp\",\"width\":900,\"height\":599,\"caption\":\"Tite comanda os jogadores do Flamengo em treino (Foto: Marcelo Cortes\/Flamengo)\"},{\"@type\":\"BreadcrumbList\",\"@id\":\"https:\/\/www.gaveanews.com\/index.php\/2024\/04\/01\/dois-titulares-do-flamengo-podem-ficar-de-fora-da-estreia-na-libertadores\/#breadcrumb\",\"itemListElement\":[{\"@type\":\"ListItem\",\"position\":1,\"name\":\"Home\",\"item\":\"https:\/\/www.gaveanews.com\/\"},{\"@type\":\"ListItem\",\"position\":2,\"name\":\"Dois titulares do Flamengo podem ficar de fora da estreia na Libertadores\"}]},{\"@type\":\"WebSite\",\"@id\":\"https:\/\/www.gaveanews.com\/#website\",\"url\":\"https:\/\/www.gaveanews.com\/\",\"name\":\"G\u00e1vea News\",\"description\":\"Veja todas as not\u00edcias sobre o Flamengo: Contrata\u00e7\u00f5es, categorias de base, resultados das partidas, tabela de classifica\u00e7\u00e3o, pr\u00f3ximos jogos!\",\"potentialAction\":[{\"@type\":\"SearchAction\",\"target\":{\"@type\":\"EntryPoint\",\"urlTemplate\":\"https:\/\/www.gaveanews.com\/?s={search_term_string}\"},\"query-input\":{\"@type\":\"PropertyValueSpecification\",\"valueRequired\":true,\"valueName\":\"search_term_string\"}}],\"inLanguage\":\"pt-BR\"},{\"@type\":\"Person\",\"@id\":\"https:\/\/www.gaveanews.com\/#\/schema\/person\/fd07635ec039ec3ba74ad18ec8a6dbd6\",\"name\":\"Henrique Machado\",\"image\":{\"@type\":\"ImageObject\",\"inLanguage\":\"pt-BR\",\"@id\":\"https:\/\/www.gaveanews.com\/#\/schema\/person\/image\/\",\"url\":\"https:\/\/secure.gravatar.com\/avatar\/b95e35997e01d9800c1b6184bd79d4d898d370a3fce2584f5c77b907d5c7d9e9?s=96&d=mm&r=g\",\"contentUrl\":\"https:\/\/secure.gravatar.com\/avatar\/b95e35997e01d9800c1b6184bd79d4d898d370a3fce2584f5c77b907d5c7d9e9?s=96&d=mm&r=g\",\"caption\":\"Henrique Machado\"}}]}<\/script>\n<!-- \/ Yoast SEO Premium plugin. -->","yoast_head_json":{"title":"Dois titulares do Flamengo podem ficar de fora da estreia na Libertadores","robots":{"index":"index","follow":"follow","max-snippet":"max-snippet:-1","max-image-preview":"max-image-preview:large","max-video-preview":"max-video-preview:-1"},"canonical":"https:\/\/www.gaveanews.com\/index.php\/2024\/04\/01\/dois-titulares-do-flamengo-podem-ficar-de-fora-da-estreia-na-libertadores\/","og_locale":"pt_BR","og_type":"article","og_title":"Dois titulares do Flamengo podem ficar de fora da estreia na Libertadores","og_description":"Ap\u00f3s uma s\u00f3lida vit\u00f3ria por 3 a 0 sobre o Nova Igua\u00e7u no Campeonato Carioca, o Flamengo agora volta suas aten\u00e7\u00f5es para a Copa Libertadores. Nesta ter\u00e7a-feira (2), o clube carioca inicia sua jornada em busca do t\u00e3o almejado tetracampeonato, por\u00e9m, pode enfrentar algumas baixas importantes diante do Millionarios. De acordo com informa\u00e7\u00f5es do jornalista [&hellip;]","og_url":"https:\/\/www.gaveanews.com\/index.php\/2024\/04\/01\/dois-titulares-do-flamengo-podem-ficar-de-fora-da-estreia-na-libertadores\/","og_site_name":"G\u00e1vea News","article_publisher":"https:\/\/facebook.com\/gaveaNews\/","article_published_time":"2024-04-01T21:49:41+00:00","article_modified_time":"2024-04-07T03:28:24+00:00","og_image":[{"width":900,"height":599,"url":"https:\/\/www.gaveanews.com\/wp-content\/uploads\/tite-jogadores-flamengo.webp","type":"image\/jpeg"}],"author":"Henrique Machado","twitter_card":"summary_large_image","twitter_misc":{"Escrito por":"Henrique Machado","Est. tempo de leitura":"2 minutos"},"schema":{"@context":"https:\/\/schema.org","@graph":[{"@type":"NewsArticle","@id":"https:\/\/www.gaveanews.com\/index.php\/2024\/04\/01\/dois-titulares-do-flamengo-podem-ficar-de-fora-da-estreia-na-libertadores\/#article","isPartOf":{"@id":"https:\/\/www.gaveanews.com\/index.php\/2024\/04\/01\/dois-titulares-do-flamengo-podem-ficar-de-fora-da-estreia-na-libertadores\/"},"author":{"name":"Henrique Machado","@id":"https:\/\/www.gaveanews.com\/#\/schema\/person\/fd07635ec039ec3ba74ad18ec8a6dbd6"},"headline":"Dois titulares do Flamengo podem ficar de fora da estreia na Libertadores","datePublished":"2024-04-01T21:49:41+00:00","dateModified":"2024-04-07T03:28:24+00:00","mainEntityOfPage":{"@id":"https:\/\/www.gaveanews.com\/index.php\/2024\/04\/01\/dois-titulares-do-flamengo-podem-ficar-de-fora-da-estreia-na-libertadores\/"},"wordCount":346,"commentCount":0,"image":{"@id":"https:\/\/www.gaveanews.com\/index.php\/2024\/04\/01\/dois-titulares-do-flamengo-podem-ficar-de-fora-da-estreia-na-libertadores\/#primaryimage"},"thumbnailUrl":"https:\/\/www.gaveanews.com\/wp-content\/uploads\/tite-jogadores-flamengo.webp","articleSection":["Brasileir\u00e3o","Flamengo"],"inLanguage":"pt-BR","potentialAction":[{"@type":"CommentAction","name":"Comment","target":["https:\/\/www.gaveanews.com\/index.php\/2024\/04\/01\/dois-titulares-do-flamengo-podem-ficar-de-fora-da-estreia-na-libertadores\/#respond"]}],"copyrightYear":"2024","copyrightHolder":{"@id":"https:\/\/www.gaveanews.com\/#organization"}},{"@type":"WebPage","@id":"https:\/\/www.gaveanews.com\/index.php\/2024\/04\/01\/dois-titulares-do-flamengo-podem-ficar-de-fora-da-estreia-na-libertadores\/","url":"https:\/\/www.gaveanews.com\/index.php\/2024\/04\/01\/dois-titulares-do-flamengo-podem-ficar-de-fora-da-estreia-na-libertadores\/","name":"Dois titulares do Flamengo podem ficar de fora da estreia na Libertadores","isPartOf":{"@id":"https:\/\/www.gaveanews.com\/#website"},"primaryImageOfPage":{"@id":"https:\/\/www.gaveanews.com\/index.php\/2024\/04\/01\/dois-titulares-do-flamengo-podem-ficar-de-fora-da-estreia-na-libertadores\/#primaryimage"},"image":{"@id":"https:\/\/www.gaveanews.com\/index.php\/2024\/04\/01\/dois-titulares-do-flamengo-podem-ficar-de-fora-da-estreia-na-libertadores\/#primaryimage"},"thumbnailUrl":"https:\/\/www.gaveanews.com\/wp-content\/uploads\/tite-jogadores-flamengo.webp","datePublished":"2024-04-01T21:49:41+00:00","dateModified":"2024-04-07T03:28:24+00:00","author":{"@id":"https:\/\/www.gaveanews.com\/#\/schema\/person\/fd07635ec039ec3ba74ad18ec8a6dbd6"},"breadcrumb":{"@id":"https:\/\/www.gaveanews.com\/index.php\/2024\/04\/01\/dois-titulares-do-flamengo-podem-ficar-de-fora-da-estreia-na-libertadores\/#breadcrumb"},"inLanguage":"pt-BR","potentialAction":[{"@type":"ReadAction","target":["https:\/\/www.gaveanews.com\/index.php\/2024\/04\/01\/dois-titulares-do-flamengo-podem-ficar-de-fora-da-estreia-na-libertadores\/"]}]},{"@type":"ImageObject","inLanguage":"pt-BR","@id":"https:\/\/www.gaveanews.com\/index.php\/2024\/04\/01\/dois-titulares-do-flamengo-podem-ficar-de-fora-da-estreia-na-libertadores\/#primaryimage","url":"https:\/\/www.gaveanews.com\/wp-content\/uploads\/tite-jogadores-flamengo.webp","contentUrl":"https:\/\/www.gaveanews.com\/wp-content\/uploads\/tite-jogadores-flamengo.webp","width":900,"height":599,"caption":"Tite comanda os jogadores do Flamengo em treino (Foto: Marcelo Cortes\/Flamengo)"},{"@type":"BreadcrumbList","@id":"https:\/\/www.gaveanews.com\/index.php\/2024\/04\/01\/dois-titulares-do-flamengo-podem-ficar-de-fora-da-estreia-na-libertadores\/#breadcrumb","itemListElement":[{"@type":"ListItem","position":1,"name":"Home","item":"https:\/\/www.gaveanews.com\/"},{"@type":"ListItem","position":2,"name":"Dois titulares do Flamengo podem ficar de fora da estreia na Libertadores"}]},{"@type":"WebSite","@id":"https:\/\/www.gaveanews.com\/#website","url":"https:\/\/www.gaveanews.com\/","name":"G\u00e1vea News","description":"Veja todas as not\u00edcias sobre o Flamengo: Contrata\u00e7\u00f5es, categorias de base, resultados das partidas, tabela de classifica\u00e7\u00e3o, pr\u00f3ximos jogos!","potentialAction":[{"@type":"SearchAction","target":{"@type":"EntryPoint","urlTemplate":"https:\/\/www.gaveanews.com\/?s={search_term_string}"},"query-input":{"@type":"PropertyValueSpecification","valueRequired":true,"valueName":"search_term_string"}}],"inLanguage":"pt-BR"},{"@type":"Person","@id":"https:\/\/www.gaveanews.com\/#\/schema\/person\/fd07635ec039ec3ba74ad18ec8a6dbd6","name":"Henrique Machado","image":{"@type":"ImageObject","inLanguage":"pt-BR","@id":"https:\/\/www.gaveanews.com\/#\/schema\/person\/image\/","url":"https:\/\/secure.gravatar.com\/avatar\/b95e35997e01d9800c1b6184bd79d4d898d370a3fce2584f5c77b907d5c7d9e9?s=96&d=mm&r=g","contentUrl":"https:\/\/secure.gravatar.com\/avatar\/b95e35997e01d9800c1b6184bd79d4d898d370a3fce2584f5c77b907d5c7d9e9?s=96&d=mm&r=g","caption":"Henrique Machado"}}]}},"_links":{"self":[{"href":"https:\/\/www.gaveanews.com\/index.php\/wp-json\/wp\/v2\/posts\/133405","targetHints":{"allow":["GET"]}}],"collection":[{"href":"https:\/\/www.gaveanews.com\/index.php\/wp-json\/wp\/v2\/posts"}],"about":[{"href":"https:\/\/www.gaveanews.com\/index.php\/wp-json\/wp\/v2\/types\/post"}],"author":[{"embeddable":true,"href":"https:\/\/www.gaveanews.com\/index.php\/wp-json\/wp\/v2\/users\/15"}],"replies":[{"embeddable":true,"href":"https:\/\/www.gaveanews.com\/index.php\/wp-json\/wp\/v2\/comments?post=133405"}],"version-history":[{"count":2,"href":"https:\/\/www.gaveanews.com\/index.php\/wp-json\/wp\/v2\/posts\/133405\/revisions"}],"predecessor-version":[{"id":133408,"href":"https:\/\/www.gaveanews.com\/index.php\/wp-json\/wp\/v2\/posts\/133405\/revisions\/133408"}],"wp:featuredmedia":[{"embeddable":true,"href":"https:\/\/www.gaveanews.com\/index.php\/wp-json\/wp\/v2\/media\/108584"}],"wp:attachment":[{"href":"https:\/\/www.gaveanews.com\/index.php\/wp-json\/wp\/v2\/media?parent=133405"}],"wp:term":[{"taxonomy":"category","embeddable":true,"href":"https:\/\/www.gaveanews.com\/index.php\/wp-json\/wp\/v2\/categories?post=133405"},{"taxonomy":"post_tag","embeddable":true,"href":"https:\/\/www.gaveanews.com\/index.php\/wp-json\/wp\/v2\/tags?post=133405"}],"curies":[{"name":"wp","href":"https:\/\/api.w.org\/{rel}","templated":true}]}}