{"id":133671,"date":"2024-04-03T15:28:58","date_gmt":"2024-04-03T18:28:58","guid":{"rendered":"https:\/\/www.gaveanews.com\/?p=133671"},"modified":"2024-04-07T09:39:05","modified_gmt":"2024-04-07T12:39:05","slug":"atitude-de-karoline-lima-e-leo-pereira-repercute-em-meio-a-torcida-do-flamengo","status":"publish","type":"post","link":"https:\/\/www.gaveanews.com\/index.php\/2024\/04\/03\/atitude-de-karoline-lima-e-leo-pereira-repercute-em-meio-a-torcida-do-flamengo\/","title":{"rendered":"Atitude de Karoline Lima e L\u00e9o Pereira repercute em meio a torcida do Flamengo"},"content":{"rendered":"\n<p>A influenciadora Karoline Lima e o jogador do Flamengo L\u00e9o Pereira est\u00e3o vivendo um momento importante em seu relacionamento, que tem cativado a aten\u00e7\u00e3o dos f\u00e3s nas redes sociais e na m\u00eddia. O casal, carinhosamente apelidado de &#8220;Karolino&#8221;, deu in\u00edcio \u00e0 sua hist\u00f3ria de amor em novembro e oficializou o namoro em fevereiro, durante a festa de anivers\u00e1rio do jogador. Desde ent\u00e3o, eles t\u00eam compartilhado momentos especiais juntos, tornando-se rapidamente um dos assuntos mais comentados nas redes sociais.<\/p>\n\n\n\n<p>Ap\u00f3s quase cinco meses de namoro, Karoline tomou uma decis\u00e3o significativa, optando por se mudar de S\u00e3o Paulo para o Rio de Janeiro para viver com L\u00e9o Pereira. Esse passo demonstra o comprometimento e a seriedade do relacionamento do casal. Em busca de uma nova resid\u00eancia na cidade carioca, eles est\u00e3o explorando diferentes op\u00e7\u00f5es de condom\u00ednios na Barra da Tijuca, Zona Oeste do Rio de Janeiro, em busca de um espa\u00e7o maior e mais adequado para a conviv\u00eancia.<\/p>\n\n\n\n<p>Enquanto procuram por sua nova casa, Karoline tem enfrentado alguns desafios na resid\u00eancia atual de L\u00e9o, localizada no Itanhang\u00e1, tamb\u00e9m na Zona Oeste do Rio. Um desses desafios \u00e9 a presen\u00e7a de mosquitos, o que n\u00e3o \u00e9 ideal para a filha de Karoline. Essa situa\u00e7\u00e3o tem incentivado o casal a encontrar uma nova resid\u00eancia o mais r\u00e1pido poss\u00edvel.<\/p>\n\n\n\n<p>Anteriormente, ap\u00f3s a separa\u00e7\u00e3o de L\u00e9o Pereira em 2023, ele viveu em uma outra casa alugada. Agora, junto com Karoline, est\u00e3o buscando um espa\u00e7o que atenda \u00e0s suas necessidades e proporcione conforto para o novo cap\u00edtulo de suas vidas juntos. O casal est\u00e1 ansioso para encontrar o lar perfeito onde possam construir mem\u00f3rias felizes e continuar compartilhando seu amor e felicidade com os torcedores e seguidores.<\/p>\n\n\n\n<h2 class=\"wp-block-heading\" id=\"h-quando-sera-o-proximo-jogo-do-flamengo\">Quando ser\u00e1 o pr\u00f3ximo jogo do Flamengo?<\/h2>\n\n\n\n<p>Em abril, o&nbsp;<a href=\"https:\/\/gaveanews.com\/?utm_source=SystemGaveaNews&amp;utm_medium=SystemGaveaNews&amp;utm_campaign=SystemGaveaNews\">Flamengo<\/a>&nbsp;enfrentar\u00e1 uma agenda repleta de desafios, competindo em tr\u00eas diferentes torneios. Sob o comando do t\u00e9cnico Tite, a equipe ter\u00e1 partidas pelo Campeonato Carioca, Copa Libertadores e Campeonato Brasileiro. Confira abaixo a agenda do&nbsp;<a href=\"https:\/\/gaveanews.com\/?utm_source=SystemGaveaNews&amp;utm_medium=SystemGaveaNews&amp;utm_campaign=SystemGaveaNews\">Flamengo<\/a>&nbsp;no m\u00eas de abril:<\/p>\n\n\n\n<ul class=\"wp-block-list\">\n<li>02\/04 \u2013 Millonarios 1 x 1\u00a0<a href=\"https:\/\/gaveanews.com\/?utm_source=SystemGaveaNews&amp;utm_medium=SystemGaveaNews&amp;utm_campaign=SystemGaveaNews\">Flamengo<\/a><\/li>\n\n\n\n<li>07\/04 \u2013\u00a0<a href=\"https:\/\/gaveanews.com\/?utm_source=SystemGaveaNews&amp;utm_medium=SystemGaveaNews&amp;utm_campaign=SystemGaveaNews\">Flamengo<\/a>\u00a0x Nova Igua\u00e7u<\/li>\n\n\n\n<li>10\/04 \u2013\u00a0<a href=\"https:\/\/gaveanews.com\/?utm_source=SystemGaveaNews&amp;utm_medium=SystemGaveaNews&amp;utm_campaign=SystemGaveaNews\">Flamengo<\/a>\u00a0x Palestino<\/li>\n\n\n\n<li>14\/04 \u2013 Atl\u00e9tico-GO x\u00a0<a href=\"https:\/\/gaveanews.com\/?utm_source=SystemGaveaNews&amp;utm_medium=SystemGaveaNews&amp;utm_campaign=SystemGaveaNews\">Flamengo<\/a><\/li>\n\n\n\n<li>17\/04 \u2013\u00a0<a href=\"https:\/\/gaveanews.com\/?utm_source=SystemGaveaNews&amp;utm_medium=SystemGaveaNews&amp;utm_campaign=SystemGaveaNews\">Flamengo<\/a>\u00a0x S\u00e3o Paulo<\/li>\n\n\n\n<li>21\/04 \u2013\u00a0<a href=\"https:\/\/www.gaveanews.com\/?s=palmeiras&amp;utm_source=SystemGaveaNews&amp;utm_medium=SystemGaveaNews&amp;utm_campaign=SystemGaveaNews\">Palmeiras<\/a>\u00a0x\u00a0<a href=\"https:\/\/gaveanews.com\/?utm_source=SystemGaveaNews&amp;utm_medium=SystemGaveaNews&amp;utm_campaign=SystemGaveaNews\">Flamengo<\/a><\/li>\n\n\n\n<li>24\/04 \u2013 Bol\u00edvar x\u00a0<a href=\"https:\/\/gaveanews.com\/?utm_source=SystemGaveaNews&amp;utm_medium=SystemGaveaNews&amp;utm_campaign=SystemGaveaNews\">Flamengo<\/a><\/li>\n\n\n\n<li>28\/04 \u2013\u00a0<a href=\"https:\/\/gaveanews.com\/?utm_source=SystemGaveaNews&amp;utm_medium=SystemGaveaNews&amp;utm_campaign=SystemGaveaNews\">Flamengo<\/a>\u00a0x\u00a0<a href=\"https:\/\/www.gaveanews.com\/?s=Botafogo&amp;utm_source=SystemGaveaNews&amp;utm_medium=SystemGaveaNews&amp;utm_campaign=SystemGaveaNews\">Botafogo<\/a><\/li>\n<\/ul>\n","protected":false},"excerpt":{"rendered":"<p>A influenciadora Karoline Lima e o jogador do Flamengo L\u00e9o Pereira est\u00e3o vivendo um momento importante em seu relacionamento, que tem cativado a aten\u00e7\u00e3o dos f\u00e3s nas redes sociais e na m\u00eddia. O casal, carinhosamente apelidado de &#8220;Karolino&#8221;, deu in\u00edcio \u00e0 sua hist\u00f3ria de amor em novembro e oficializou o namoro em fevereiro, durante a [&hellip;]<\/p>\n","protected":false},"author":15,"featured_media":126257,"comment_status":"open","ping_status":"closed","sticky":false,"template":"","format":"standard","meta":{"footnotes":""},"categories":[81,1],"tags":[176,175],"class_list":["post-133671","post","type-post","status-publish","format-standard","has-post-thumbnail","hentry","category-celebridades","category-flamengo","tag-karoline-lima","tag-leonardo-leo-pereira"],"yoast_head":"<!-- This site is optimized with the Yoast SEO Premium plugin v24.2 (Yoast SEO v26.9) - https:\/\/yoast.com\/product\/yoast-seo-premium-wordpress\/ -->\n<title>Atitude de Karoline Lima e L\u00e9o Pereira repercute em meio a torcida do Flamengo<\/title>\n<meta name=\"robots\" content=\"index, follow, max-snippet:-1, max-image-preview:large, max-video-preview:-1\" \/>\n<link rel=\"canonical\" href=\"https:\/\/www.gaveanews.com\/index.php\/2024\/04\/03\/atitude-de-karoline-lima-e-leo-pereira-repercute-em-meio-a-torcida-do-flamengo\/\" \/>\n<meta property=\"og:locale\" content=\"pt_BR\" \/>\n<meta property=\"og:type\" content=\"article\" \/>\n<meta property=\"og:title\" content=\"Atitude de Karoline Lima e L\u00e9o Pereira repercute em meio a torcida do Flamengo\" \/>\n<meta property=\"og:description\" content=\"A influenciadora Karoline Lima e o jogador do Flamengo L\u00e9o Pereira est\u00e3o vivendo um momento importante em seu relacionamento, que tem cativado a aten\u00e7\u00e3o dos f\u00e3s nas redes sociais e na m\u00eddia. O casal, carinhosamente apelidado de &#8220;Karolino&#8221;, deu in\u00edcio \u00e0 sua hist\u00f3ria de amor em novembro e oficializou o namoro em fevereiro, durante a [&hellip;]\" \/>\n<meta property=\"og:url\" content=\"https:\/\/www.gaveanews.com\/index.php\/2024\/04\/03\/atitude-de-karoline-lima-e-leo-pereira-repercute-em-meio-a-torcida-do-flamengo\/\" \/>\n<meta property=\"og:site_name\" content=\"G\u00e1vea News\" \/>\n<meta property=\"article:publisher\" content=\"https:\/\/facebook.com\/gaveaNews\/\" \/>\n<meta property=\"article:published_time\" content=\"2024-04-03T18:28:58+00:00\" \/>\n<meta property=\"article:modified_time\" content=\"2024-04-07T12:39:05+00:00\" \/>\n<meta property=\"og:image\" content=\"https:\/\/www.gaveanews.com\/wp-content\/uploads\/leo-pereira-gol-flamengo.webp\" \/>\n\t<meta property=\"og:image:width\" content=\"1065\" \/>\n\t<meta property=\"og:image:height\" content=\"710\" \/>\n\t<meta property=\"og:image:type\" content=\"image\/jpeg\" \/>\n<meta name=\"author\" content=\"Henrique Machado\" \/>\n<meta name=\"twitter:card\" content=\"summary_large_image\" \/>\n<meta name=\"twitter:label1\" content=\"Escrito por\" \/>\n\t<meta name=\"twitter:data1\" content=\"Henrique Machado\" \/>\n\t<meta name=\"twitter:label2\" content=\"Est. tempo de leitura\" \/>\n\t<meta name=\"twitter:data2\" content=\"3 minutos\" \/>\n<script type=\"application\/ld+json\" class=\"yoast-schema-graph\">{\"@context\":\"https:\/\/schema.org\",\"@graph\":[{\"@type\":\"NewsArticle\",\"@id\":\"https:\/\/www.gaveanews.com\/index.php\/2024\/04\/03\/atitude-de-karoline-lima-e-leo-pereira-repercute-em-meio-a-torcida-do-flamengo\/#article\",\"isPartOf\":{\"@id\":\"https:\/\/www.gaveanews.com\/index.php\/2024\/04\/03\/atitude-de-karoline-lima-e-leo-pereira-repercute-em-meio-a-torcida-do-flamengo\/\"},\"author\":{\"name\":\"Henrique Machado\",\"@id\":\"https:\/\/www.gaveanews.com\/#\/schema\/person\/fd07635ec039ec3ba74ad18ec8a6dbd6\"},\"headline\":\"Atitude de Karoline Lima e L\u00e9o Pereira repercute em meio a torcida do Flamengo\",\"datePublished\":\"2024-04-03T18:28:58+00:00\",\"dateModified\":\"2024-04-07T12:39:05+00:00\",\"mainEntityOfPage\":{\"@id\":\"https:\/\/www.gaveanews.com\/index.php\/2024\/04\/03\/atitude-de-karoline-lima-e-leo-pereira-repercute-em-meio-a-torcida-do-flamengo\/\"},\"wordCount\":415,\"commentCount\":0,\"image\":{\"@id\":\"https:\/\/www.gaveanews.com\/index.php\/2024\/04\/03\/atitude-de-karoline-lima-e-leo-pereira-repercute-em-meio-a-torcida-do-flamengo\/#primaryimage\"},\"thumbnailUrl\":\"https:\/\/www.gaveanews.com\/wp-content\/uploads\/leo-pereira-gol-flamengo.webp\",\"keywords\":[\"Karoline Lima\",\"Leonardo Pereira\"],\"articleSection\":[\"Celebridades\",\"Flamengo\"],\"inLanguage\":\"pt-BR\",\"potentialAction\":[{\"@type\":\"CommentAction\",\"name\":\"Comment\",\"target\":[\"https:\/\/www.gaveanews.com\/index.php\/2024\/04\/03\/atitude-de-karoline-lima-e-leo-pereira-repercute-em-meio-a-torcida-do-flamengo\/#respond\"]}],\"copyrightYear\":\"2024\",\"copyrightHolder\":{\"@id\":\"https:\/\/www.gaveanews.com\/#organization\"}},{\"@type\":\"WebPage\",\"@id\":\"https:\/\/www.gaveanews.com\/index.php\/2024\/04\/03\/atitude-de-karoline-lima-e-leo-pereira-repercute-em-meio-a-torcida-do-flamengo\/\",\"url\":\"https:\/\/www.gaveanews.com\/index.php\/2024\/04\/03\/atitude-de-karoline-lima-e-leo-pereira-repercute-em-meio-a-torcida-do-flamengo\/\",\"name\":\"Atitude de Karoline Lima e L\u00e9o Pereira repercute em meio a torcida do Flamengo\",\"isPartOf\":{\"@id\":\"https:\/\/www.gaveanews.com\/#website\"},\"primaryImageOfPage\":{\"@id\":\"https:\/\/www.gaveanews.com\/index.php\/2024\/04\/03\/atitude-de-karoline-lima-e-leo-pereira-repercute-em-meio-a-torcida-do-flamengo\/#primaryimage\"},\"image\":{\"@id\":\"https:\/\/www.gaveanews.com\/index.php\/2024\/04\/03\/atitude-de-karoline-lima-e-leo-pereira-repercute-em-meio-a-torcida-do-flamengo\/#primaryimage\"},\"thumbnailUrl\":\"https:\/\/www.gaveanews.com\/wp-content\/uploads\/leo-pereira-gol-flamengo.webp\",\"datePublished\":\"2024-04-03T18:28:58+00:00\",\"dateModified\":\"2024-04-07T12:39:05+00:00\",\"author\":{\"@id\":\"https:\/\/www.gaveanews.com\/#\/schema\/person\/fd07635ec039ec3ba74ad18ec8a6dbd6\"},\"breadcrumb\":{\"@id\":\"https:\/\/www.gaveanews.com\/index.php\/2024\/04\/03\/atitude-de-karoline-lima-e-leo-pereira-repercute-em-meio-a-torcida-do-flamengo\/#breadcrumb\"},\"inLanguage\":\"pt-BR\",\"potentialAction\":[{\"@type\":\"ReadAction\",\"target\":[\"https:\/\/www.gaveanews.com\/index.php\/2024\/04\/03\/atitude-de-karoline-lima-e-leo-pereira-repercute-em-meio-a-torcida-do-flamengo\/\"]}]},{\"@type\":\"ImageObject\",\"inLanguage\":\"pt-BR\",\"@id\":\"https:\/\/www.gaveanews.com\/index.php\/2024\/04\/03\/atitude-de-karoline-lima-e-leo-pereira-repercute-em-meio-a-torcida-do-flamengo\/#primaryimage\",\"url\":\"https:\/\/www.gaveanews.com\/wp-content\/uploads\/leo-pereira-gol-flamengo.webp\",\"contentUrl\":\"https:\/\/www.gaveanews.com\/wp-content\/uploads\/leo-pereira-gol-flamengo.webp\",\"width\":1065,\"height\":710,\"caption\":\"L\u00e9o Pereira comemora gol marcado pelo Flamengo (Foto: Gilvan de Souza\/Flamengo)\"},{\"@type\":\"BreadcrumbList\",\"@id\":\"https:\/\/www.gaveanews.com\/index.php\/2024\/04\/03\/atitude-de-karoline-lima-e-leo-pereira-repercute-em-meio-a-torcida-do-flamengo\/#breadcrumb\",\"itemListElement\":[{\"@type\":\"ListItem\",\"position\":1,\"name\":\"Home\",\"item\":\"https:\/\/www.gaveanews.com\/\"},{\"@type\":\"ListItem\",\"position\":2,\"name\":\"Atitude de Karoline Lima e L\u00e9o Pereira repercute em meio a torcida do Flamengo\"}]},{\"@type\":\"WebSite\",\"@id\":\"https:\/\/www.gaveanews.com\/#website\",\"url\":\"https:\/\/www.gaveanews.com\/\",\"name\":\"G\u00e1vea News\",\"description\":\"Veja todas as not\u00edcias sobre o Flamengo: Contrata\u00e7\u00f5es, categorias de base, resultados das partidas, tabela de classifica\u00e7\u00e3o, pr\u00f3ximos jogos!\",\"potentialAction\":[{\"@type\":\"SearchAction\",\"target\":{\"@type\":\"EntryPoint\",\"urlTemplate\":\"https:\/\/www.gaveanews.com\/?s={search_term_string}\"},\"query-input\":{\"@type\":\"PropertyValueSpecification\",\"valueRequired\":true,\"valueName\":\"search_term_string\"}}],\"inLanguage\":\"pt-BR\"},{\"@type\":\"Person\",\"@id\":\"https:\/\/www.gaveanews.com\/#\/schema\/person\/fd07635ec039ec3ba74ad18ec8a6dbd6\",\"name\":\"Henrique Machado\",\"image\":{\"@type\":\"ImageObject\",\"inLanguage\":\"pt-BR\",\"@id\":\"https:\/\/www.gaveanews.com\/#\/schema\/person\/image\/\",\"url\":\"https:\/\/secure.gravatar.com\/avatar\/b95e35997e01d9800c1b6184bd79d4d898d370a3fce2584f5c77b907d5c7d9e9?s=96&d=mm&r=g\",\"contentUrl\":\"https:\/\/secure.gravatar.com\/avatar\/b95e35997e01d9800c1b6184bd79d4d898d370a3fce2584f5c77b907d5c7d9e9?s=96&d=mm&r=g\",\"caption\":\"Henrique Machado\"}}]}<\/script>\n<!-- \/ Yoast SEO Premium plugin. -->","yoast_head_json":{"title":"Atitude de Karoline Lima e L\u00e9o Pereira repercute em meio a torcida do Flamengo","robots":{"index":"index","follow":"follow","max-snippet":"max-snippet:-1","max-image-preview":"max-image-preview:large","max-video-preview":"max-video-preview:-1"},"canonical":"https:\/\/www.gaveanews.com\/index.php\/2024\/04\/03\/atitude-de-karoline-lima-e-leo-pereira-repercute-em-meio-a-torcida-do-flamengo\/","og_locale":"pt_BR","og_type":"article","og_title":"Atitude de Karoline Lima e L\u00e9o Pereira repercute em meio a torcida do Flamengo","og_description":"A influenciadora Karoline Lima e o jogador do Flamengo L\u00e9o Pereira est\u00e3o vivendo um momento importante em seu relacionamento, que tem cativado a aten\u00e7\u00e3o dos f\u00e3s nas redes sociais e na m\u00eddia. O casal, carinhosamente apelidado de &#8220;Karolino&#8221;, deu in\u00edcio \u00e0 sua hist\u00f3ria de amor em novembro e oficializou o namoro em fevereiro, durante a [&hellip;]","og_url":"https:\/\/www.gaveanews.com\/index.php\/2024\/04\/03\/atitude-de-karoline-lima-e-leo-pereira-repercute-em-meio-a-torcida-do-flamengo\/","og_site_name":"G\u00e1vea News","article_publisher":"https:\/\/facebook.com\/gaveaNews\/","article_published_time":"2024-04-03T18:28:58+00:00","article_modified_time":"2024-04-07T12:39:05+00:00","og_image":[{"width":1065,"height":710,"url":"https:\/\/www.gaveanews.com\/wp-content\/uploads\/leo-pereira-gol-flamengo.webp","type":"image\/jpeg"}],"author":"Henrique Machado","twitter_card":"summary_large_image","twitter_misc":{"Escrito por":"Henrique Machado","Est. tempo de leitura":"3 minutos"},"schema":{"@context":"https:\/\/schema.org","@graph":[{"@type":"NewsArticle","@id":"https:\/\/www.gaveanews.com\/index.php\/2024\/04\/03\/atitude-de-karoline-lima-e-leo-pereira-repercute-em-meio-a-torcida-do-flamengo\/#article","isPartOf":{"@id":"https:\/\/www.gaveanews.com\/index.php\/2024\/04\/03\/atitude-de-karoline-lima-e-leo-pereira-repercute-em-meio-a-torcida-do-flamengo\/"},"author":{"name":"Henrique Machado","@id":"https:\/\/www.gaveanews.com\/#\/schema\/person\/fd07635ec039ec3ba74ad18ec8a6dbd6"},"headline":"Atitude de Karoline Lima e L\u00e9o Pereira repercute em meio a torcida do Flamengo","datePublished":"2024-04-03T18:28:58+00:00","dateModified":"2024-04-07T12:39:05+00:00","mainEntityOfPage":{"@id":"https:\/\/www.gaveanews.com\/index.php\/2024\/04\/03\/atitude-de-karoline-lima-e-leo-pereira-repercute-em-meio-a-torcida-do-flamengo\/"},"wordCount":415,"commentCount":0,"image":{"@id":"https:\/\/www.gaveanews.com\/index.php\/2024\/04\/03\/atitude-de-karoline-lima-e-leo-pereira-repercute-em-meio-a-torcida-do-flamengo\/#primaryimage"},"thumbnailUrl":"https:\/\/www.gaveanews.com\/wp-content\/uploads\/leo-pereira-gol-flamengo.webp","keywords":["Karoline Lima","Leonardo Pereira"],"articleSection":["Celebridades","Flamengo"],"inLanguage":"pt-BR","potentialAction":[{"@type":"CommentAction","name":"Comment","target":["https:\/\/www.gaveanews.com\/index.php\/2024\/04\/03\/atitude-de-karoline-lima-e-leo-pereira-repercute-em-meio-a-torcida-do-flamengo\/#respond"]}],"copyrightYear":"2024","copyrightHolder":{"@id":"https:\/\/www.gaveanews.com\/#organization"}},{"@type":"WebPage","@id":"https:\/\/www.gaveanews.com\/index.php\/2024\/04\/03\/atitude-de-karoline-lima-e-leo-pereira-repercute-em-meio-a-torcida-do-flamengo\/","url":"https:\/\/www.gaveanews.com\/index.php\/2024\/04\/03\/atitude-de-karoline-lima-e-leo-pereira-repercute-em-meio-a-torcida-do-flamengo\/","name":"Atitude de Karoline Lima e L\u00e9o Pereira repercute em meio a torcida do Flamengo","isPartOf":{"@id":"https:\/\/www.gaveanews.com\/#website"},"primaryImageOfPage":{"@id":"https:\/\/www.gaveanews.com\/index.php\/2024\/04\/03\/atitude-de-karoline-lima-e-leo-pereira-repercute-em-meio-a-torcida-do-flamengo\/#primaryimage"},"image":{"@id":"https:\/\/www.gaveanews.com\/index.php\/2024\/04\/03\/atitude-de-karoline-lima-e-leo-pereira-repercute-em-meio-a-torcida-do-flamengo\/#primaryimage"},"thumbnailUrl":"https:\/\/www.gaveanews.com\/wp-content\/uploads\/leo-pereira-gol-flamengo.webp","datePublished":"2024-04-03T18:28:58+00:00","dateModified":"2024-04-07T12:39:05+00:00","author":{"@id":"https:\/\/www.gaveanews.com\/#\/schema\/person\/fd07635ec039ec3ba74ad18ec8a6dbd6"},"breadcrumb":{"@id":"https:\/\/www.gaveanews.com\/index.php\/2024\/04\/03\/atitude-de-karoline-lima-e-leo-pereira-repercute-em-meio-a-torcida-do-flamengo\/#breadcrumb"},"inLanguage":"pt-BR","potentialAction":[{"@type":"ReadAction","target":["https:\/\/www.gaveanews.com\/index.php\/2024\/04\/03\/atitude-de-karoline-lima-e-leo-pereira-repercute-em-meio-a-torcida-do-flamengo\/"]}]},{"@type":"ImageObject","inLanguage":"pt-BR","@id":"https:\/\/www.gaveanews.com\/index.php\/2024\/04\/03\/atitude-de-karoline-lima-e-leo-pereira-repercute-em-meio-a-torcida-do-flamengo\/#primaryimage","url":"https:\/\/www.gaveanews.com\/wp-content\/uploads\/leo-pereira-gol-flamengo.webp","contentUrl":"https:\/\/www.gaveanews.com\/wp-content\/uploads\/leo-pereira-gol-flamengo.webp","width":1065,"height":710,"caption":"L\u00e9o Pereira comemora gol marcado pelo Flamengo (Foto: Gilvan de Souza\/Flamengo)"},{"@type":"BreadcrumbList","@id":"https:\/\/www.gaveanews.com\/index.php\/2024\/04\/03\/atitude-de-karoline-lima-e-leo-pereira-repercute-em-meio-a-torcida-do-flamengo\/#breadcrumb","itemListElement":[{"@type":"ListItem","position":1,"name":"Home","item":"https:\/\/www.gaveanews.com\/"},{"@type":"ListItem","position":2,"name":"Atitude de Karoline Lima e L\u00e9o Pereira repercute em meio a torcida do Flamengo"}]},{"@type":"WebSite","@id":"https:\/\/www.gaveanews.com\/#website","url":"https:\/\/www.gaveanews.com\/","name":"G\u00e1vea News","description":"Veja todas as not\u00edcias sobre o Flamengo: Contrata\u00e7\u00f5es, categorias de base, resultados das partidas, tabela de classifica\u00e7\u00e3o, pr\u00f3ximos jogos!","potentialAction":[{"@type":"SearchAction","target":{"@type":"EntryPoint","urlTemplate":"https:\/\/www.gaveanews.com\/?s={search_term_string}"},"query-input":{"@type":"PropertyValueSpecification","valueRequired":true,"valueName":"search_term_string"}}],"inLanguage":"pt-BR"},{"@type":"Person","@id":"https:\/\/www.gaveanews.com\/#\/schema\/person\/fd07635ec039ec3ba74ad18ec8a6dbd6","name":"Henrique Machado","image":{"@type":"ImageObject","inLanguage":"pt-BR","@id":"https:\/\/www.gaveanews.com\/#\/schema\/person\/image\/","url":"https:\/\/secure.gravatar.com\/avatar\/b95e35997e01d9800c1b6184bd79d4d898d370a3fce2584f5c77b907d5c7d9e9?s=96&d=mm&r=g","contentUrl":"https:\/\/secure.gravatar.com\/avatar\/b95e35997e01d9800c1b6184bd79d4d898d370a3fce2584f5c77b907d5c7d9e9?s=96&d=mm&r=g","caption":"Henrique Machado"}}]}},"_links":{"self":[{"href":"https:\/\/www.gaveanews.com\/index.php\/wp-json\/wp\/v2\/posts\/133671","targetHints":{"allow":["GET"]}}],"collection":[{"href":"https:\/\/www.gaveanews.com\/index.php\/wp-json\/wp\/v2\/posts"}],"about":[{"href":"https:\/\/www.gaveanews.com\/index.php\/wp-json\/wp\/v2\/types\/post"}],"author":[{"embeddable":true,"href":"https:\/\/www.gaveanews.com\/index.php\/wp-json\/wp\/v2\/users\/15"}],"replies":[{"embeddable":true,"href":"https:\/\/www.gaveanews.com\/index.php\/wp-json\/wp\/v2\/comments?post=133671"}],"version-history":[{"count":2,"href":"https:\/\/www.gaveanews.com\/index.php\/wp-json\/wp\/v2\/posts\/133671\/revisions"}],"predecessor-version":[{"id":133680,"href":"https:\/\/www.gaveanews.com\/index.php\/wp-json\/wp\/v2\/posts\/133671\/revisions\/133680"}],"wp:featuredmedia":[{"embeddable":true,"href":"https:\/\/www.gaveanews.com\/index.php\/wp-json\/wp\/v2\/media\/126257"}],"wp:attachment":[{"href":"https:\/\/www.gaveanews.com\/index.php\/wp-json\/wp\/v2\/media?parent=133671"}],"wp:term":[{"taxonomy":"category","embeddable":true,"href":"https:\/\/www.gaveanews.com\/index.php\/wp-json\/wp\/v2\/categories?post=133671"},{"taxonomy":"post_tag","embeddable":true,"href":"https:\/\/www.gaveanews.com\/index.php\/wp-json\/wp\/v2\/tags?post=133671"}],"curies":[{"name":"wp","href":"https:\/\/api.w.org\/{rel}","templated":true}]}}