{"id":137362,"date":"2024-04-07T23:46:00","date_gmt":"2024-04-08T02:46:00","guid":{"rendered":"https:\/\/www.gaveanews.com\/?p=137362"},"modified":"2024-04-07T23:46:18","modified_gmt":"2024-04-08T02:46:18","slug":"a-declaracao-do-meia-arrascaeta-apos-o-titulo-do-campeonato-carioca","status":"publish","type":"post","link":"https:\/\/www.gaveanews.com\/index.php\/2024\/04\/07\/a-declaracao-do-meia-arrascaeta-apos-o-titulo-do-campeonato-carioca\/","title":{"rendered":"A declara\u00e7\u00e3o do meia Arrascaeta ap\u00f3s o t\u00edtulo do Campeonato Carioca"},"content":{"rendered":"\n<p>No \u00faltimo domingo (07), o Flamengo assegurou sua supremacia no futebol carioca ao vencer o Nova Igua\u00e7u por 1 a 0, gra\u00e7as a um gol decisivo de Bruno Henrique. Esta vit\u00f3ria n\u00e3o apenas selou o jogo, mas tamb\u00e9m garantiu ao Rubro-Negro o t\u00edtulo do Campeonato Carioca pela 38\u00aa vez em sua hist\u00f3ria. Um feito not\u00e1vel que reitera a for\u00e7a e a tradi\u00e7\u00e3o do clube no cen\u00e1rio estadual.<\/p>\n\n\n\n<p>Em meio \u00e0s celebra\u00e7\u00f5es, o meia uruguaio De Arrascaeta n\u00e3o poupou elogios ao desempenho e \u00e0 mentalidade do time. Com um olhar j\u00e1 voltado para os desafios futuros, ele ressaltou a import\u00e2ncia de manter os p\u00e9s no ch\u00e3o e continuar trabalhando duro. O objetivo \u00e9 claro: afirmar o Flamengo n\u00e3o s\u00f3 como a melhor equipe do Rio de Janeiro, mas tamb\u00e9m como a principal for\u00e7a do futebol brasileiro. O<\/p>\n\n\n\n<p><em>\u2014 A gente vem de um ano at\u00edpico. Aqui no Flamengo, todo ano estamos brigando por coisas importantes. Come\u00e7amos bem o ano, mostrando que somos a melhor equipe do Rio de Janeiro. Agora, temos que mostrar que somos a melhor equipe do pa\u00eds tamb\u00e9m. Ent\u00e3o, \u00e9 continuar com os p\u00e9s no ch\u00e3o e trabalhando. O caminho \u00e9 dif\u00edcil, mas temos grandes jogadores para conquistar coisas importantes<\/em>, afirmou o meia.<\/p>\n\n\n\n<p>A uni\u00e3o do elenco tamb\u00e9m se reflete fora dos campos, especialmente entre os quatro jogadores uruguaios do time, que costumam celebrar as vit\u00f3rias com mate e assados, mantendo vivas as tradi\u00e7\u00f5es de seu pa\u00eds natal. <\/p>\n\n\n\n<p><em>\u2014 Mate, com certeza, o assado (churrasco) \u00e9 quando d\u00e1. A gente tem que comemorar agora, mas \u00e9 devagar porque a gente sabe que quarta-feira temos uma final e precisamos fazer tr\u00eas pontos em casa<\/em>, falou Arrascaeta.<\/p>\n\n\n\n<p>O Flamengo, portanto, n\u00e3o s\u00f3 celebra um importante t\u00edtulo estadual, como tamb\u00e9m se prepara para uma temporada repleta de desafios. O foco agora se volta para a Libertadores. Sendo que o pr\u00f3ximo jogo ser\u00e1 na pr\u00f3xima quarta-feira (10), \u00e0s 21h30 (hor\u00e1rio de Bras\u00edlia), no Maracan\u00e3, contra o Palestino, do Chile.<\/p>\n","protected":false},"excerpt":{"rendered":"<p>No \u00faltimo domingo (07), o Flamengo assegurou sua supremacia no futebol carioca ao vencer o Nova Igua\u00e7u por 1 a 0, gra\u00e7as a um gol decisivo de Bruno Henrique. Esta vit\u00f3ria n\u00e3o apenas selou o jogo, mas tamb\u00e9m garantiu ao Rubro-Negro o t\u00edtulo do Campeonato Carioca pela 38\u00aa vez em sua hist\u00f3ria. Um feito not\u00e1vel [&hellip;]<\/p>\n","protected":false},"author":1,"featured_media":112724,"comment_status":"open","ping_status":"closed","sticky":false,"template":"","format":"standard","meta":{"footnotes":""},"categories":[1],"tags":[211],"class_list":["post-137362","post","type-post","status-publish","format-standard","has-post-thumbnail","hentry","category-flamengo","tag-giorgian-daniel-de-arrascaeta-benedetti"],"yoast_head":"<!-- This site is optimized with the Yoast SEO Premium plugin v24.2 (Yoast SEO v26.9) - https:\/\/yoast.com\/product\/yoast-seo-premium-wordpress\/ -->\n<title>A declara\u00e7\u00e3o do meia Arrascaeta ap\u00f3s o t\u00edtulo do Campeonato Carioca<\/title>\n<meta name=\"robots\" content=\"index, follow, max-snippet:-1, max-image-preview:large, max-video-preview:-1\" \/>\n<link rel=\"canonical\" href=\"https:\/\/www.gaveanews.com\/index.php\/2024\/04\/07\/a-declaracao-do-meia-arrascaeta-apos-o-titulo-do-campeonato-carioca\/\" \/>\n<meta property=\"og:locale\" content=\"pt_BR\" \/>\n<meta property=\"og:type\" content=\"article\" \/>\n<meta property=\"og:title\" content=\"A declara\u00e7\u00e3o do meia Arrascaeta ap\u00f3s o t\u00edtulo do Campeonato Carioca\" \/>\n<meta property=\"og:description\" content=\"No \u00faltimo domingo (07), o Flamengo assegurou sua supremacia no futebol carioca ao vencer o Nova Igua\u00e7u por 1 a 0, gra\u00e7as a um gol decisivo de Bruno Henrique. Esta vit\u00f3ria n\u00e3o apenas selou o jogo, mas tamb\u00e9m garantiu ao Rubro-Negro o t\u00edtulo do Campeonato Carioca pela 38\u00aa vez em sua hist\u00f3ria. Um feito not\u00e1vel [&hellip;]\" \/>\n<meta property=\"og:url\" content=\"https:\/\/www.gaveanews.com\/index.php\/2024\/04\/07\/a-declaracao-do-meia-arrascaeta-apos-o-titulo-do-campeonato-carioca\/\" \/>\n<meta property=\"og:site_name\" content=\"G\u00e1vea News\" \/>\n<meta property=\"article:publisher\" content=\"https:\/\/facebook.com\/gaveaNews\/\" \/>\n<meta property=\"article:published_time\" content=\"2024-04-08T02:46:00+00:00\" \/>\n<meta property=\"article:modified_time\" content=\"2024-04-08T02:46:18+00:00\" \/>\n<meta property=\"og:image\" content=\"https:\/\/www.gaveanews.com\/wp-content\/uploads\/arrascaeta-gol-flamengo.webp\" \/>\n\t<meta property=\"og:image:width\" content=\"900\" \/>\n\t<meta property=\"og:image:height\" content=\"599\" \/>\n\t<meta property=\"og:image:type\" content=\"image\/jpeg\" \/>\n<meta name=\"author\" content=\"Equipe G\u00e1vea News\" \/>\n<meta name=\"twitter:card\" content=\"summary_large_image\" \/>\n<meta name=\"twitter:label1\" content=\"Escrito por\" \/>\n\t<meta name=\"twitter:data1\" content=\"Equipe G\u00e1vea News\" \/>\n\t<meta name=\"twitter:label2\" content=\"Est. tempo de leitura\" \/>\n\t<meta name=\"twitter:data2\" content=\"2 minutos\" \/>\n<script type=\"application\/ld+json\" class=\"yoast-schema-graph\">{\"@context\":\"https:\/\/schema.org\",\"@graph\":[{\"@type\":\"NewsArticle\",\"@id\":\"https:\/\/www.gaveanews.com\/index.php\/2024\/04\/07\/a-declaracao-do-meia-arrascaeta-apos-o-titulo-do-campeonato-carioca\/#article\",\"isPartOf\":{\"@id\":\"https:\/\/www.gaveanews.com\/index.php\/2024\/04\/07\/a-declaracao-do-meia-arrascaeta-apos-o-titulo-do-campeonato-carioca\/\"},\"author\":{\"name\":\"Equipe G\u00e1vea News\",\"@id\":\"https:\/\/www.gaveanews.com\/#\/schema\/person\/2ec14f73fb96be2caf28f91afb14749d\"},\"headline\":\"A declara\u00e7\u00e3o do meia Arrascaeta ap\u00f3s o t\u00edtulo do Campeonato Carioca\",\"datePublished\":\"2024-04-08T02:46:00+00:00\",\"dateModified\":\"2024-04-08T02:46:18+00:00\",\"mainEntityOfPage\":{\"@id\":\"https:\/\/www.gaveanews.com\/index.php\/2024\/04\/07\/a-declaracao-do-meia-arrascaeta-apos-o-titulo-do-campeonato-carioca\/\"},\"wordCount\":368,\"commentCount\":0,\"image\":{\"@id\":\"https:\/\/www.gaveanews.com\/index.php\/2024\/04\/07\/a-declaracao-do-meia-arrascaeta-apos-o-titulo-do-campeonato-carioca\/#primaryimage\"},\"thumbnailUrl\":\"https:\/\/www.gaveanews.com\/wp-content\/uploads\/arrascaeta-gol-flamengo.webp\",\"keywords\":[\"Giorgian Daniel De Arrascaeta Benedetti\"],\"articleSection\":[\"Flamengo\"],\"inLanguage\":\"pt-BR\",\"potentialAction\":[{\"@type\":\"CommentAction\",\"name\":\"Comment\",\"target\":[\"https:\/\/www.gaveanews.com\/index.php\/2024\/04\/07\/a-declaracao-do-meia-arrascaeta-apos-o-titulo-do-campeonato-carioca\/#respond\"]}],\"copyrightYear\":\"2024\",\"copyrightHolder\":{\"@id\":\"https:\/\/www.gaveanews.com\/#organization\"}},{\"@type\":\"WebPage\",\"@id\":\"https:\/\/www.gaveanews.com\/index.php\/2024\/04\/07\/a-declaracao-do-meia-arrascaeta-apos-o-titulo-do-campeonato-carioca\/\",\"url\":\"https:\/\/www.gaveanews.com\/index.php\/2024\/04\/07\/a-declaracao-do-meia-arrascaeta-apos-o-titulo-do-campeonato-carioca\/\",\"name\":\"A declara\u00e7\u00e3o do meia Arrascaeta ap\u00f3s o t\u00edtulo do Campeonato Carioca\",\"isPartOf\":{\"@id\":\"https:\/\/www.gaveanews.com\/#website\"},\"primaryImageOfPage\":{\"@id\":\"https:\/\/www.gaveanews.com\/index.php\/2024\/04\/07\/a-declaracao-do-meia-arrascaeta-apos-o-titulo-do-campeonato-carioca\/#primaryimage\"},\"image\":{\"@id\":\"https:\/\/www.gaveanews.com\/index.php\/2024\/04\/07\/a-declaracao-do-meia-arrascaeta-apos-o-titulo-do-campeonato-carioca\/#primaryimage\"},\"thumbnailUrl\":\"https:\/\/www.gaveanews.com\/wp-content\/uploads\/arrascaeta-gol-flamengo.webp\",\"datePublished\":\"2024-04-08T02:46:00+00:00\",\"dateModified\":\"2024-04-08T02:46:18+00:00\",\"author\":{\"@id\":\"https:\/\/www.gaveanews.com\/#\/schema\/person\/2ec14f73fb96be2caf28f91afb14749d\"},\"breadcrumb\":{\"@id\":\"https:\/\/www.gaveanews.com\/index.php\/2024\/04\/07\/a-declaracao-do-meia-arrascaeta-apos-o-titulo-do-campeonato-carioca\/#breadcrumb\"},\"inLanguage\":\"pt-BR\",\"potentialAction\":[{\"@type\":\"ReadAction\",\"target\":[\"https:\/\/www.gaveanews.com\/index.php\/2024\/04\/07\/a-declaracao-do-meia-arrascaeta-apos-o-titulo-do-campeonato-carioca\/\"]}]},{\"@type\":\"ImageObject\",\"inLanguage\":\"pt-BR\",\"@id\":\"https:\/\/www.gaveanews.com\/index.php\/2024\/04\/07\/a-declaracao-do-meia-arrascaeta-apos-o-titulo-do-campeonato-carioca\/#primaryimage\",\"url\":\"https:\/\/www.gaveanews.com\/wp-content\/uploads\/arrascaeta-gol-flamengo.webp\",\"contentUrl\":\"https:\/\/www.gaveanews.com\/wp-content\/uploads\/arrascaeta-gol-flamengo.webp\",\"width\":900,\"height\":599,\"caption\":\"Arrascaeta comemora gol marcado pelo Flamengo (Foto: Gilvan de Souza\/Flamengo)\"},{\"@type\":\"BreadcrumbList\",\"@id\":\"https:\/\/www.gaveanews.com\/index.php\/2024\/04\/07\/a-declaracao-do-meia-arrascaeta-apos-o-titulo-do-campeonato-carioca\/#breadcrumb\",\"itemListElement\":[{\"@type\":\"ListItem\",\"position\":1,\"name\":\"Home\",\"item\":\"https:\/\/www.gaveanews.com\/\"},{\"@type\":\"ListItem\",\"position\":2,\"name\":\"A declara\u00e7\u00e3o do meia Arrascaeta ap\u00f3s o t\u00edtulo do Campeonato Carioca\"}]},{\"@type\":\"WebSite\",\"@id\":\"https:\/\/www.gaveanews.com\/#website\",\"url\":\"https:\/\/www.gaveanews.com\/\",\"name\":\"G\u00e1vea News\",\"description\":\"Veja todas as not\u00edcias sobre o Flamengo: Contrata\u00e7\u00f5es, categorias de base, resultados das partidas, tabela de classifica\u00e7\u00e3o, pr\u00f3ximos jogos!\",\"potentialAction\":[{\"@type\":\"SearchAction\",\"target\":{\"@type\":\"EntryPoint\",\"urlTemplate\":\"https:\/\/www.gaveanews.com\/?s={search_term_string}\"},\"query-input\":{\"@type\":\"PropertyValueSpecification\",\"valueRequired\":true,\"valueName\":\"search_term_string\"}}],\"inLanguage\":\"pt-BR\"},{\"@type\":\"Person\",\"@id\":\"https:\/\/www.gaveanews.com\/#\/schema\/person\/2ec14f73fb96be2caf28f91afb14749d\",\"name\":\"Equipe G\u00e1vea News\",\"image\":{\"@type\":\"ImageObject\",\"inLanguage\":\"pt-BR\",\"@id\":\"https:\/\/www.gaveanews.com\/#\/schema\/person\/image\/\",\"url\":\"https:\/\/secure.gravatar.com\/avatar\/1e1956f1facbffd3f8fa53a326721950116b3b9dc9bd44939c01180fd4a745a9?s=96&d=mm&r=g\",\"contentUrl\":\"https:\/\/secure.gravatar.com\/avatar\/1e1956f1facbffd3f8fa53a326721950116b3b9dc9bd44939c01180fd4a745a9?s=96&d=mm&r=g\",\"caption\":\"Equipe G\u00e1vea News\"}}]}<\/script>\n<!-- \/ Yoast SEO Premium plugin. -->","yoast_head_json":{"title":"A declara\u00e7\u00e3o do meia Arrascaeta ap\u00f3s o t\u00edtulo do Campeonato Carioca","robots":{"index":"index","follow":"follow","max-snippet":"max-snippet:-1","max-image-preview":"max-image-preview:large","max-video-preview":"max-video-preview:-1"},"canonical":"https:\/\/www.gaveanews.com\/index.php\/2024\/04\/07\/a-declaracao-do-meia-arrascaeta-apos-o-titulo-do-campeonato-carioca\/","og_locale":"pt_BR","og_type":"article","og_title":"A declara\u00e7\u00e3o do meia Arrascaeta ap\u00f3s o t\u00edtulo do Campeonato Carioca","og_description":"No \u00faltimo domingo (07), o Flamengo assegurou sua supremacia no futebol carioca ao vencer o Nova Igua\u00e7u por 1 a 0, gra\u00e7as a um gol decisivo de Bruno Henrique. Esta vit\u00f3ria n\u00e3o apenas selou o jogo, mas tamb\u00e9m garantiu ao Rubro-Negro o t\u00edtulo do Campeonato Carioca pela 38\u00aa vez em sua hist\u00f3ria. Um feito not\u00e1vel [&hellip;]","og_url":"https:\/\/www.gaveanews.com\/index.php\/2024\/04\/07\/a-declaracao-do-meia-arrascaeta-apos-o-titulo-do-campeonato-carioca\/","og_site_name":"G\u00e1vea News","article_publisher":"https:\/\/facebook.com\/gaveaNews\/","article_published_time":"2024-04-08T02:46:00+00:00","article_modified_time":"2024-04-08T02:46:18+00:00","og_image":[{"width":900,"height":599,"url":"https:\/\/www.gaveanews.com\/wp-content\/uploads\/arrascaeta-gol-flamengo.webp","type":"image\/jpeg"}],"author":"Equipe G\u00e1vea News","twitter_card":"summary_large_image","twitter_misc":{"Escrito por":"Equipe G\u00e1vea News","Est. tempo de leitura":"2 minutos"},"schema":{"@context":"https:\/\/schema.org","@graph":[{"@type":"NewsArticle","@id":"https:\/\/www.gaveanews.com\/index.php\/2024\/04\/07\/a-declaracao-do-meia-arrascaeta-apos-o-titulo-do-campeonato-carioca\/#article","isPartOf":{"@id":"https:\/\/www.gaveanews.com\/index.php\/2024\/04\/07\/a-declaracao-do-meia-arrascaeta-apos-o-titulo-do-campeonato-carioca\/"},"author":{"name":"Equipe G\u00e1vea News","@id":"https:\/\/www.gaveanews.com\/#\/schema\/person\/2ec14f73fb96be2caf28f91afb14749d"},"headline":"A declara\u00e7\u00e3o do meia Arrascaeta ap\u00f3s o t\u00edtulo do Campeonato Carioca","datePublished":"2024-04-08T02:46:00+00:00","dateModified":"2024-04-08T02:46:18+00:00","mainEntityOfPage":{"@id":"https:\/\/www.gaveanews.com\/index.php\/2024\/04\/07\/a-declaracao-do-meia-arrascaeta-apos-o-titulo-do-campeonato-carioca\/"},"wordCount":368,"commentCount":0,"image":{"@id":"https:\/\/www.gaveanews.com\/index.php\/2024\/04\/07\/a-declaracao-do-meia-arrascaeta-apos-o-titulo-do-campeonato-carioca\/#primaryimage"},"thumbnailUrl":"https:\/\/www.gaveanews.com\/wp-content\/uploads\/arrascaeta-gol-flamengo.webp","keywords":["Giorgian Daniel De Arrascaeta Benedetti"],"articleSection":["Flamengo"],"inLanguage":"pt-BR","potentialAction":[{"@type":"CommentAction","name":"Comment","target":["https:\/\/www.gaveanews.com\/index.php\/2024\/04\/07\/a-declaracao-do-meia-arrascaeta-apos-o-titulo-do-campeonato-carioca\/#respond"]}],"copyrightYear":"2024","copyrightHolder":{"@id":"https:\/\/www.gaveanews.com\/#organization"}},{"@type":"WebPage","@id":"https:\/\/www.gaveanews.com\/index.php\/2024\/04\/07\/a-declaracao-do-meia-arrascaeta-apos-o-titulo-do-campeonato-carioca\/","url":"https:\/\/www.gaveanews.com\/index.php\/2024\/04\/07\/a-declaracao-do-meia-arrascaeta-apos-o-titulo-do-campeonato-carioca\/","name":"A declara\u00e7\u00e3o do meia Arrascaeta ap\u00f3s o t\u00edtulo do Campeonato Carioca","isPartOf":{"@id":"https:\/\/www.gaveanews.com\/#website"},"primaryImageOfPage":{"@id":"https:\/\/www.gaveanews.com\/index.php\/2024\/04\/07\/a-declaracao-do-meia-arrascaeta-apos-o-titulo-do-campeonato-carioca\/#primaryimage"},"image":{"@id":"https:\/\/www.gaveanews.com\/index.php\/2024\/04\/07\/a-declaracao-do-meia-arrascaeta-apos-o-titulo-do-campeonato-carioca\/#primaryimage"},"thumbnailUrl":"https:\/\/www.gaveanews.com\/wp-content\/uploads\/arrascaeta-gol-flamengo.webp","datePublished":"2024-04-08T02:46:00+00:00","dateModified":"2024-04-08T02:46:18+00:00","author":{"@id":"https:\/\/www.gaveanews.com\/#\/schema\/person\/2ec14f73fb96be2caf28f91afb14749d"},"breadcrumb":{"@id":"https:\/\/www.gaveanews.com\/index.php\/2024\/04\/07\/a-declaracao-do-meia-arrascaeta-apos-o-titulo-do-campeonato-carioca\/#breadcrumb"},"inLanguage":"pt-BR","potentialAction":[{"@type":"ReadAction","target":["https:\/\/www.gaveanews.com\/index.php\/2024\/04\/07\/a-declaracao-do-meia-arrascaeta-apos-o-titulo-do-campeonato-carioca\/"]}]},{"@type":"ImageObject","inLanguage":"pt-BR","@id":"https:\/\/www.gaveanews.com\/index.php\/2024\/04\/07\/a-declaracao-do-meia-arrascaeta-apos-o-titulo-do-campeonato-carioca\/#primaryimage","url":"https:\/\/www.gaveanews.com\/wp-content\/uploads\/arrascaeta-gol-flamengo.webp","contentUrl":"https:\/\/www.gaveanews.com\/wp-content\/uploads\/arrascaeta-gol-flamengo.webp","width":900,"height":599,"caption":"Arrascaeta comemora gol marcado pelo Flamengo (Foto: Gilvan de Souza\/Flamengo)"},{"@type":"BreadcrumbList","@id":"https:\/\/www.gaveanews.com\/index.php\/2024\/04\/07\/a-declaracao-do-meia-arrascaeta-apos-o-titulo-do-campeonato-carioca\/#breadcrumb","itemListElement":[{"@type":"ListItem","position":1,"name":"Home","item":"https:\/\/www.gaveanews.com\/"},{"@type":"ListItem","position":2,"name":"A declara\u00e7\u00e3o do meia Arrascaeta ap\u00f3s o t\u00edtulo do Campeonato Carioca"}]},{"@type":"WebSite","@id":"https:\/\/www.gaveanews.com\/#website","url":"https:\/\/www.gaveanews.com\/","name":"G\u00e1vea News","description":"Veja todas as not\u00edcias sobre o Flamengo: Contrata\u00e7\u00f5es, categorias de base, resultados das partidas, tabela de classifica\u00e7\u00e3o, pr\u00f3ximos jogos!","potentialAction":[{"@type":"SearchAction","target":{"@type":"EntryPoint","urlTemplate":"https:\/\/www.gaveanews.com\/?s={search_term_string}"},"query-input":{"@type":"PropertyValueSpecification","valueRequired":true,"valueName":"search_term_string"}}],"inLanguage":"pt-BR"},{"@type":"Person","@id":"https:\/\/www.gaveanews.com\/#\/schema\/person\/2ec14f73fb96be2caf28f91afb14749d","name":"Equipe G\u00e1vea News","image":{"@type":"ImageObject","inLanguage":"pt-BR","@id":"https:\/\/www.gaveanews.com\/#\/schema\/person\/image\/","url":"https:\/\/secure.gravatar.com\/avatar\/1e1956f1facbffd3f8fa53a326721950116b3b9dc9bd44939c01180fd4a745a9?s=96&d=mm&r=g","contentUrl":"https:\/\/secure.gravatar.com\/avatar\/1e1956f1facbffd3f8fa53a326721950116b3b9dc9bd44939c01180fd4a745a9?s=96&d=mm&r=g","caption":"Equipe G\u00e1vea News"}}]}},"_links":{"self":[{"href":"https:\/\/www.gaveanews.com\/index.php\/wp-json\/wp\/v2\/posts\/137362","targetHints":{"allow":["GET"]}}],"collection":[{"href":"https:\/\/www.gaveanews.com\/index.php\/wp-json\/wp\/v2\/posts"}],"about":[{"href":"https:\/\/www.gaveanews.com\/index.php\/wp-json\/wp\/v2\/types\/post"}],"author":[{"embeddable":true,"href":"https:\/\/www.gaveanews.com\/index.php\/wp-json\/wp\/v2\/users\/1"}],"replies":[{"embeddable":true,"href":"https:\/\/www.gaveanews.com\/index.php\/wp-json\/wp\/v2\/comments?post=137362"}],"version-history":[{"count":1,"href":"https:\/\/www.gaveanews.com\/index.php\/wp-json\/wp\/v2\/posts\/137362\/revisions"}],"predecessor-version":[{"id":137364,"href":"https:\/\/www.gaveanews.com\/index.php\/wp-json\/wp\/v2\/posts\/137362\/revisions\/137364"}],"wp:featuredmedia":[{"embeddable":true,"href":"https:\/\/www.gaveanews.com\/index.php\/wp-json\/wp\/v2\/media\/112724"}],"wp:attachment":[{"href":"https:\/\/www.gaveanews.com\/index.php\/wp-json\/wp\/v2\/media?parent=137362"}],"wp:term":[{"taxonomy":"category","embeddable":true,"href":"https:\/\/www.gaveanews.com\/index.php\/wp-json\/wp\/v2\/categories?post=137362"},{"taxonomy":"post_tag","embeddable":true,"href":"https:\/\/www.gaveanews.com\/index.php\/wp-json\/wp\/v2\/tags?post=137362"}],"curies":[{"name":"wp","href":"https:\/\/api.w.org\/{rel}","templated":true}]}}