{"id":137615,"date":"2024-04-09T17:09:14","date_gmt":"2024-04-09T20:09:14","guid":{"rendered":"https:\/\/www.gaveanews.com\/?p=137615"},"modified":"2024-04-09T17:09:17","modified_gmt":"2024-04-09T20:09:17","slug":"tite-fez-pedido-especial-para-o-time-do-flamengo","status":"publish","type":"post","link":"https:\/\/www.gaveanews.com\/index.php\/2024\/04\/09\/tite-fez-pedido-especial-para-o-time-do-flamengo\/","title":{"rendered":"Tite fez pedido especial para o time do Flamengo"},"content":{"rendered":"\n<p>O Flamengo reencontrou o Nova Igua\u00e7u no \u00faltimo final de semana e definiu a final do Campeonato Carioca, levantando a ta\u00e7a do estadual ap\u00f3s o apito final. A partida foi bastante disputada, com ambas as equipes levando perigo, mas o Rubro-Negro acabou levando a melhor.<\/p>\n\n\n\n<p>Antes do duelo, Tite conversou com o elenco no vesti\u00e1rio e deu instru\u00e7\u00f5es sobre o confronto que logo iria iniciar. O t\u00e9cnico pregou responsabilidade dentro de campo e pediu que os atletas jogassem com vontade.<\/p>\n\n\n\n<p><em>&#8211; Futebol \u00e9 de competir, \u00e9 de uma responsabilidade enorme. Mas ele \u00e9 de alegria tamb\u00e9m. Ele \u00e9 de satisfa\u00e7\u00e3o. A gente tem que equilibrar a alegria de jogar futebol. Sintam o prazer de jogar futebol. Com e sem bola. Vibrem! Com consci\u00eancia. \u00c9 m\u00e1gico poder jogar futebol. Est\u00e1 falando algu\u00e9m que virou t\u00e9cnico e gostaria de ser atleta. Gostaria de continuar atleta. Fa\u00e7am isso com amor, com solidariedade. Isso faz diferen\u00e7a.<\/em><\/p>\n\n\n\n<h2 class=\"wp-block-heading\" id=\"h-arrascaeta-tambem-discursa\">Arrascaeta tamb\u00e9m discursa<\/h2>\n\n\n\n<p>Capit\u00e3o rubro-negro, Arrascaeta tamb\u00e9m teve a palavra. O uruguaio refor\u00e7ou o pedido de Tite e lembrou dos companheiros de time que iniciariam o jogo no banco de reservas, afirmando que aqueles que fossem acionados teriam que atuar com a mesma vontade daqueles que n\u00e3o tivessem a mesma oportunidade. <\/p>\n\n\n\n<p><em>&#8211; Quem come\u00e7a jogando hoje tem que representar quem est\u00e1 no banco. Eu tenho certeza que quem est\u00e1 fora tem a mesma ou mais vontade de jogar. Ent\u00e3o, a gente tem que entrar com mais vontade do que os caras e temos que representar o Flamengo. Isso \u00e9 o mais importante.<\/em><\/p>\n\n\n\n<p>Com dois discursos motivacionais frescos na mente, o Flamengo venceu o jogo de volta por 1 x 0 com gol de Bruno Henrique. A equipe j\u00e1 tinha vencido o primeiro duelo por 3 x 0 (dois gols de Pedro e um contra). Assim, o placar final foi de 4 a 0 para o Mais Querido sobre o Nova Igua\u00e7u.<\/p>\n","protected":false},"excerpt":{"rendered":"<p>O Flamengo reencontrou o Nova Igua\u00e7u no \u00faltimo final de semana e definiu a final do Campeonato Carioca, levantando a ta\u00e7a do estadual ap\u00f3s o apito final. A partida foi bastante disputada, com ambas as equipes levando perigo, mas o Rubro-Negro acabou levando a melhor. Antes do duelo, Tite conversou com o elenco no vesti\u00e1rio [&hellip;]<\/p>\n","protected":false},"author":4,"featured_media":108575,"comment_status":"open","ping_status":"closed","sticky":false,"template":"","format":"standard","meta":{"footnotes":""},"categories":[1],"tags":[],"class_list":["post-137615","post","type-post","status-publish","format-standard","has-post-thumbnail","hentry","category-flamengo"],"yoast_head":"<!-- This site is optimized with the Yoast SEO Premium plugin v24.2 (Yoast SEO v26.9) - https:\/\/yoast.com\/product\/yoast-seo-premium-wordpress\/ -->\n<title>Tite fez pedido especial para o time do Flamengo<\/title>\n<meta name=\"robots\" content=\"index, follow, max-snippet:-1, max-image-preview:large, max-video-preview:-1\" \/>\n<link rel=\"canonical\" href=\"https:\/\/www.gaveanews.com\/index.php\/2024\/04\/09\/tite-fez-pedido-especial-para-o-time-do-flamengo\/\" \/>\n<meta property=\"og:locale\" content=\"pt_BR\" \/>\n<meta property=\"og:type\" content=\"article\" \/>\n<meta property=\"og:title\" content=\"Tite fez pedido especial para o time do Flamengo\" \/>\n<meta property=\"og:description\" content=\"O Flamengo reencontrou o Nova Igua\u00e7u no \u00faltimo final de semana e definiu a final do Campeonato Carioca, levantando a ta\u00e7a do estadual ap\u00f3s o apito final. A partida foi bastante disputada, com ambas as equipes levando perigo, mas o Rubro-Negro acabou levando a melhor. Antes do duelo, Tite conversou com o elenco no vesti\u00e1rio [&hellip;]\" \/>\n<meta property=\"og:url\" content=\"https:\/\/www.gaveanews.com\/index.php\/2024\/04\/09\/tite-fez-pedido-especial-para-o-time-do-flamengo\/\" \/>\n<meta property=\"og:site_name\" content=\"G\u00e1vea News\" \/>\n<meta property=\"article:publisher\" content=\"https:\/\/facebook.com\/gaveaNews\/\" \/>\n<meta property=\"article:published_time\" content=\"2024-04-09T20:09:14+00:00\" \/>\n<meta property=\"article:modified_time\" content=\"2024-04-09T20:09:17+00:00\" \/>\n<meta property=\"og:image\" content=\"https:\/\/www.gaveanews.com\/wp-content\/uploads\/tite-flamengo-treino-1.webp\" \/>\n\t<meta property=\"og:image:width\" content=\"900\" \/>\n\t<meta property=\"og:image:height\" content=\"598\" \/>\n\t<meta property=\"og:image:type\" content=\"image\/jpeg\" \/>\n<meta name=\"author\" content=\"Let\u00edcia Gerheim\" \/>\n<meta name=\"twitter:card\" content=\"summary_large_image\" \/>\n<meta name=\"twitter:label1\" content=\"Escrito por\" \/>\n\t<meta name=\"twitter:data1\" content=\"Let\u00edcia Gerheim\" \/>\n\t<meta name=\"twitter:label2\" content=\"Est. tempo de leitura\" \/>\n\t<meta name=\"twitter:data2\" content=\"2 minutos\" \/>\n<script type=\"application\/ld+json\" class=\"yoast-schema-graph\">{\"@context\":\"https:\/\/schema.org\",\"@graph\":[{\"@type\":\"NewsArticle\",\"@id\":\"https:\/\/www.gaveanews.com\/index.php\/2024\/04\/09\/tite-fez-pedido-especial-para-o-time-do-flamengo\/#article\",\"isPartOf\":{\"@id\":\"https:\/\/www.gaveanews.com\/index.php\/2024\/04\/09\/tite-fez-pedido-especial-para-o-time-do-flamengo\/\"},\"author\":{\"name\":\"Let\u00edcia Gerheim\",\"@id\":\"https:\/\/www.gaveanews.com\/#\/schema\/person\/714c67050b836198af2450ba1c142a67\"},\"headline\":\"Tite fez pedido especial para o time do Flamengo\",\"datePublished\":\"2024-04-09T20:09:14+00:00\",\"dateModified\":\"2024-04-09T20:09:17+00:00\",\"mainEntityOfPage\":{\"@id\":\"https:\/\/www.gaveanews.com\/index.php\/2024\/04\/09\/tite-fez-pedido-especial-para-o-time-do-flamengo\/\"},\"wordCount\":332,\"commentCount\":0,\"image\":{\"@id\":\"https:\/\/www.gaveanews.com\/index.php\/2024\/04\/09\/tite-fez-pedido-especial-para-o-time-do-flamengo\/#primaryimage\"},\"thumbnailUrl\":\"https:\/\/www.gaveanews.com\/wp-content\/uploads\/tite-flamengo-treino-1.webp\",\"articleSection\":[\"Flamengo\"],\"inLanguage\":\"pt-BR\",\"potentialAction\":[{\"@type\":\"CommentAction\",\"name\":\"Comment\",\"target\":[\"https:\/\/www.gaveanews.com\/index.php\/2024\/04\/09\/tite-fez-pedido-especial-para-o-time-do-flamengo\/#respond\"]}],\"copyrightYear\":\"2024\",\"copyrightHolder\":{\"@id\":\"https:\/\/www.gaveanews.com\/#organization\"}},{\"@type\":\"WebPage\",\"@id\":\"https:\/\/www.gaveanews.com\/index.php\/2024\/04\/09\/tite-fez-pedido-especial-para-o-time-do-flamengo\/\",\"url\":\"https:\/\/www.gaveanews.com\/index.php\/2024\/04\/09\/tite-fez-pedido-especial-para-o-time-do-flamengo\/\",\"name\":\"Tite fez pedido especial para o time do Flamengo\",\"isPartOf\":{\"@id\":\"https:\/\/www.gaveanews.com\/#website\"},\"primaryImageOfPage\":{\"@id\":\"https:\/\/www.gaveanews.com\/index.php\/2024\/04\/09\/tite-fez-pedido-especial-para-o-time-do-flamengo\/#primaryimage\"},\"image\":{\"@id\":\"https:\/\/www.gaveanews.com\/index.php\/2024\/04\/09\/tite-fez-pedido-especial-para-o-time-do-flamengo\/#primaryimage\"},\"thumbnailUrl\":\"https:\/\/www.gaveanews.com\/wp-content\/uploads\/tite-flamengo-treino-1.webp\",\"datePublished\":\"2024-04-09T20:09:14+00:00\",\"dateModified\":\"2024-04-09T20:09:17+00:00\",\"author\":{\"@id\":\"https:\/\/www.gaveanews.com\/#\/schema\/person\/714c67050b836198af2450ba1c142a67\"},\"breadcrumb\":{\"@id\":\"https:\/\/www.gaveanews.com\/index.php\/2024\/04\/09\/tite-fez-pedido-especial-para-o-time-do-flamengo\/#breadcrumb\"},\"inLanguage\":\"pt-BR\",\"potentialAction\":[{\"@type\":\"ReadAction\",\"target\":[\"https:\/\/www.gaveanews.com\/index.php\/2024\/04\/09\/tite-fez-pedido-especial-para-o-time-do-flamengo\/\"]}]},{\"@type\":\"ImageObject\",\"inLanguage\":\"pt-BR\",\"@id\":\"https:\/\/www.gaveanews.com\/index.php\/2024\/04\/09\/tite-fez-pedido-especial-para-o-time-do-flamengo\/#primaryimage\",\"url\":\"https:\/\/www.gaveanews.com\/wp-content\/uploads\/tite-flamengo-treino-1.webp\",\"contentUrl\":\"https:\/\/www.gaveanews.com\/wp-content\/uploads\/tite-flamengo-treino-1.webp\",\"width\":900,\"height\":598,\"caption\":\"Tite comanda treino do Flamengo (Foto: Marcelo Cortes\/Flamengo)\"},{\"@type\":\"BreadcrumbList\",\"@id\":\"https:\/\/www.gaveanews.com\/index.php\/2024\/04\/09\/tite-fez-pedido-especial-para-o-time-do-flamengo\/#breadcrumb\",\"itemListElement\":[{\"@type\":\"ListItem\",\"position\":1,\"name\":\"Home\",\"item\":\"https:\/\/www.gaveanews.com\/\"},{\"@type\":\"ListItem\",\"position\":2,\"name\":\"Tite fez pedido especial para o time do Flamengo\"}]},{\"@type\":\"WebSite\",\"@id\":\"https:\/\/www.gaveanews.com\/#website\",\"url\":\"https:\/\/www.gaveanews.com\/\",\"name\":\"G\u00e1vea News\",\"description\":\"Veja todas as not\u00edcias sobre o Flamengo: Contrata\u00e7\u00f5es, categorias de base, resultados das partidas, tabela de classifica\u00e7\u00e3o, pr\u00f3ximos jogos!\",\"potentialAction\":[{\"@type\":\"SearchAction\",\"target\":{\"@type\":\"EntryPoint\",\"urlTemplate\":\"https:\/\/www.gaveanews.com\/?s={search_term_string}\"},\"query-input\":{\"@type\":\"PropertyValueSpecification\",\"valueRequired\":true,\"valueName\":\"search_term_string\"}}],\"inLanguage\":\"pt-BR\"},{\"@type\":\"Person\",\"@id\":\"https:\/\/www.gaveanews.com\/#\/schema\/person\/714c67050b836198af2450ba1c142a67\",\"name\":\"Let\u00edcia Gerheim\",\"image\":{\"@type\":\"ImageObject\",\"inLanguage\":\"pt-BR\",\"@id\":\"https:\/\/www.gaveanews.com\/#\/schema\/person\/image\/\",\"url\":\"https:\/\/secure.gravatar.com\/avatar\/60734739c50fcebfbac509e2a826ccd0ff405c019bc73aab9354f19ecad1dcb4?s=96&d=mm&r=g\",\"contentUrl\":\"https:\/\/secure.gravatar.com\/avatar\/60734739c50fcebfbac509e2a826ccd0ff405c019bc73aab9354f19ecad1dcb4?s=96&d=mm&r=g\",\"caption\":\"Let\u00edcia Gerheim\"}}]}<\/script>\n<!-- \/ Yoast SEO Premium plugin. -->","yoast_head_json":{"title":"Tite fez pedido especial para o time do Flamengo","robots":{"index":"index","follow":"follow","max-snippet":"max-snippet:-1","max-image-preview":"max-image-preview:large","max-video-preview":"max-video-preview:-1"},"canonical":"https:\/\/www.gaveanews.com\/index.php\/2024\/04\/09\/tite-fez-pedido-especial-para-o-time-do-flamengo\/","og_locale":"pt_BR","og_type":"article","og_title":"Tite fez pedido especial para o time do Flamengo","og_description":"O Flamengo reencontrou o Nova Igua\u00e7u no \u00faltimo final de semana e definiu a final do Campeonato Carioca, levantando a ta\u00e7a do estadual ap\u00f3s o apito final. A partida foi bastante disputada, com ambas as equipes levando perigo, mas o Rubro-Negro acabou levando a melhor. Antes do duelo, Tite conversou com o elenco no vesti\u00e1rio [&hellip;]","og_url":"https:\/\/www.gaveanews.com\/index.php\/2024\/04\/09\/tite-fez-pedido-especial-para-o-time-do-flamengo\/","og_site_name":"G\u00e1vea News","article_publisher":"https:\/\/facebook.com\/gaveaNews\/","article_published_time":"2024-04-09T20:09:14+00:00","article_modified_time":"2024-04-09T20:09:17+00:00","og_image":[{"width":900,"height":598,"url":"https:\/\/www.gaveanews.com\/wp-content\/uploads\/tite-flamengo-treino-1.webp","type":"image\/jpeg"}],"author":"Let\u00edcia Gerheim","twitter_card":"summary_large_image","twitter_misc":{"Escrito por":"Let\u00edcia Gerheim","Est. tempo de leitura":"2 minutos"},"schema":{"@context":"https:\/\/schema.org","@graph":[{"@type":"NewsArticle","@id":"https:\/\/www.gaveanews.com\/index.php\/2024\/04\/09\/tite-fez-pedido-especial-para-o-time-do-flamengo\/#article","isPartOf":{"@id":"https:\/\/www.gaveanews.com\/index.php\/2024\/04\/09\/tite-fez-pedido-especial-para-o-time-do-flamengo\/"},"author":{"name":"Let\u00edcia Gerheim","@id":"https:\/\/www.gaveanews.com\/#\/schema\/person\/714c67050b836198af2450ba1c142a67"},"headline":"Tite fez pedido especial para o time do Flamengo","datePublished":"2024-04-09T20:09:14+00:00","dateModified":"2024-04-09T20:09:17+00:00","mainEntityOfPage":{"@id":"https:\/\/www.gaveanews.com\/index.php\/2024\/04\/09\/tite-fez-pedido-especial-para-o-time-do-flamengo\/"},"wordCount":332,"commentCount":0,"image":{"@id":"https:\/\/www.gaveanews.com\/index.php\/2024\/04\/09\/tite-fez-pedido-especial-para-o-time-do-flamengo\/#primaryimage"},"thumbnailUrl":"https:\/\/www.gaveanews.com\/wp-content\/uploads\/tite-flamengo-treino-1.webp","articleSection":["Flamengo"],"inLanguage":"pt-BR","potentialAction":[{"@type":"CommentAction","name":"Comment","target":["https:\/\/www.gaveanews.com\/index.php\/2024\/04\/09\/tite-fez-pedido-especial-para-o-time-do-flamengo\/#respond"]}],"copyrightYear":"2024","copyrightHolder":{"@id":"https:\/\/www.gaveanews.com\/#organization"}},{"@type":"WebPage","@id":"https:\/\/www.gaveanews.com\/index.php\/2024\/04\/09\/tite-fez-pedido-especial-para-o-time-do-flamengo\/","url":"https:\/\/www.gaveanews.com\/index.php\/2024\/04\/09\/tite-fez-pedido-especial-para-o-time-do-flamengo\/","name":"Tite fez pedido especial para o time do Flamengo","isPartOf":{"@id":"https:\/\/www.gaveanews.com\/#website"},"primaryImageOfPage":{"@id":"https:\/\/www.gaveanews.com\/index.php\/2024\/04\/09\/tite-fez-pedido-especial-para-o-time-do-flamengo\/#primaryimage"},"image":{"@id":"https:\/\/www.gaveanews.com\/index.php\/2024\/04\/09\/tite-fez-pedido-especial-para-o-time-do-flamengo\/#primaryimage"},"thumbnailUrl":"https:\/\/www.gaveanews.com\/wp-content\/uploads\/tite-flamengo-treino-1.webp","datePublished":"2024-04-09T20:09:14+00:00","dateModified":"2024-04-09T20:09:17+00:00","author":{"@id":"https:\/\/www.gaveanews.com\/#\/schema\/person\/714c67050b836198af2450ba1c142a67"},"breadcrumb":{"@id":"https:\/\/www.gaveanews.com\/index.php\/2024\/04\/09\/tite-fez-pedido-especial-para-o-time-do-flamengo\/#breadcrumb"},"inLanguage":"pt-BR","potentialAction":[{"@type":"ReadAction","target":["https:\/\/www.gaveanews.com\/index.php\/2024\/04\/09\/tite-fez-pedido-especial-para-o-time-do-flamengo\/"]}]},{"@type":"ImageObject","inLanguage":"pt-BR","@id":"https:\/\/www.gaveanews.com\/index.php\/2024\/04\/09\/tite-fez-pedido-especial-para-o-time-do-flamengo\/#primaryimage","url":"https:\/\/www.gaveanews.com\/wp-content\/uploads\/tite-flamengo-treino-1.webp","contentUrl":"https:\/\/www.gaveanews.com\/wp-content\/uploads\/tite-flamengo-treino-1.webp","width":900,"height":598,"caption":"Tite comanda treino do Flamengo (Foto: Marcelo Cortes\/Flamengo)"},{"@type":"BreadcrumbList","@id":"https:\/\/www.gaveanews.com\/index.php\/2024\/04\/09\/tite-fez-pedido-especial-para-o-time-do-flamengo\/#breadcrumb","itemListElement":[{"@type":"ListItem","position":1,"name":"Home","item":"https:\/\/www.gaveanews.com\/"},{"@type":"ListItem","position":2,"name":"Tite fez pedido especial para o time do Flamengo"}]},{"@type":"WebSite","@id":"https:\/\/www.gaveanews.com\/#website","url":"https:\/\/www.gaveanews.com\/","name":"G\u00e1vea News","description":"Veja todas as not\u00edcias sobre o Flamengo: Contrata\u00e7\u00f5es, categorias de base, resultados das partidas, tabela de classifica\u00e7\u00e3o, pr\u00f3ximos jogos!","potentialAction":[{"@type":"SearchAction","target":{"@type":"EntryPoint","urlTemplate":"https:\/\/www.gaveanews.com\/?s={search_term_string}"},"query-input":{"@type":"PropertyValueSpecification","valueRequired":true,"valueName":"search_term_string"}}],"inLanguage":"pt-BR"},{"@type":"Person","@id":"https:\/\/www.gaveanews.com\/#\/schema\/person\/714c67050b836198af2450ba1c142a67","name":"Let\u00edcia Gerheim","image":{"@type":"ImageObject","inLanguage":"pt-BR","@id":"https:\/\/www.gaveanews.com\/#\/schema\/person\/image\/","url":"https:\/\/secure.gravatar.com\/avatar\/60734739c50fcebfbac509e2a826ccd0ff405c019bc73aab9354f19ecad1dcb4?s=96&d=mm&r=g","contentUrl":"https:\/\/secure.gravatar.com\/avatar\/60734739c50fcebfbac509e2a826ccd0ff405c019bc73aab9354f19ecad1dcb4?s=96&d=mm&r=g","caption":"Let\u00edcia Gerheim"}}]}},"_links":{"self":[{"href":"https:\/\/www.gaveanews.com\/index.php\/wp-json\/wp\/v2\/posts\/137615","targetHints":{"allow":["GET"]}}],"collection":[{"href":"https:\/\/www.gaveanews.com\/index.php\/wp-json\/wp\/v2\/posts"}],"about":[{"href":"https:\/\/www.gaveanews.com\/index.php\/wp-json\/wp\/v2\/types\/post"}],"author":[{"embeddable":true,"href":"https:\/\/www.gaveanews.com\/index.php\/wp-json\/wp\/v2\/users\/4"}],"replies":[{"embeddable":true,"href":"https:\/\/www.gaveanews.com\/index.php\/wp-json\/wp\/v2\/comments?post=137615"}],"version-history":[{"count":1,"href":"https:\/\/www.gaveanews.com\/index.php\/wp-json\/wp\/v2\/posts\/137615\/revisions"}],"predecessor-version":[{"id":137618,"href":"https:\/\/www.gaveanews.com\/index.php\/wp-json\/wp\/v2\/posts\/137615\/revisions\/137618"}],"wp:featuredmedia":[{"embeddable":true,"href":"https:\/\/www.gaveanews.com\/index.php\/wp-json\/wp\/v2\/media\/108575"}],"wp:attachment":[{"href":"https:\/\/www.gaveanews.com\/index.php\/wp-json\/wp\/v2\/media?parent=137615"}],"wp:term":[{"taxonomy":"category","embeddable":true,"href":"https:\/\/www.gaveanews.com\/index.php\/wp-json\/wp\/v2\/categories?post=137615"},{"taxonomy":"post_tag","embeddable":true,"href":"https:\/\/www.gaveanews.com\/index.php\/wp-json\/wp\/v2\/tags?post=137615"}],"curies":[{"name":"wp","href":"https:\/\/api.w.org\/{rel}","templated":true}]}}