{"id":137665,"date":"2024-04-09T23:00:00","date_gmt":"2024-04-10T02:00:00","guid":{"rendered":"https:\/\/www.gaveanews.com\/?p=137665"},"modified":"2024-04-09T20:39:15","modified_gmt":"2024-04-09T23:39:15","slug":"destino-de-gabigol-e-revelado-titular-do-flamengo-indo-para-a-europa-e-atualizacao-sobre-di-maria-veja-as-ultimas-noticias-do-flamengo","status":"publish","type":"post","link":"https:\/\/www.gaveanews.com\/index.php\/2024\/04\/09\/destino-de-gabigol-e-revelado-titular-do-flamengo-indo-para-a-europa-e-atualizacao-sobre-di-maria-veja-as-ultimas-noticias-do-flamengo\/","title":{"rendered":"Destino de Gabigol \u00e9 revelado, titular do Flamengo indo para a Europa e atualiza\u00e7\u00e3o sobre Di Maria: veja as \u00faltimas not\u00edcias do Flamengo"},"content":{"rendered":"\n<p>Nas \u00faltimas horas, o centro das aten\u00e7\u00f5es nas not\u00edcias relacionadas ao Flamengo gira em torno dos bastidores do clube, com \u00eanfase em eventos como a revela\u00e7\u00e3o do destino de Gabigol e atualiza\u00e7\u00f5es sobre Di Maria.<\/p>\n\n\n\n<p>Por conta deste contexto, leia abaixo um resumo preparado pela equipe do portal G\u00e1vea News para lhe manter muito bem informado!<\/p>\n\n\n\n<h2 class=\"wp-block-heading\" id=\"h-titular-do-flamengo-indo-para-a-europa\">Titular do Flamengo indo para a Europa<\/h2>\n\n\n\n<figure class=\"wp-block-image size-large\"><img loading=\"lazy\" decoding=\"async\" width=\"1024\" height=\"683\" src=\"https:\/\/www.gaveanews.com\/wp-content\/uploads\/fabricio-bruno-selecao-brasileira-1024x683.webp\" alt=\"\" class=\"wp-image-132585\" srcset=\"https:\/\/www.gaveanews.com\/wp-content\/uploads\/fabricio-bruno-selecao-brasileira-1024x683.webp 1024w, https:\/\/www.gaveanews.com\/wp-content\/uploads\/fabricio-bruno-selecao-brasileira-300x200.webp 300w, https:\/\/www.gaveanews.com\/wp-content\/uploads\/fabricio-bruno-selecao-brasileira-768x512.webp 768w, https:\/\/www.gaveanews.com\/wp-content\/uploads\/fabricio-bruno-selecao-brasileira-630x420.webp 630w, https:\/\/www.gaveanews.com\/wp-content\/uploads\/fabricio-bruno-selecao-brasileira-640x427.webp 640w, https:\/\/www.gaveanews.com\/wp-content\/uploads\/fabricio-bruno-selecao-brasileira-681x454.webp 681w, https:\/\/www.gaveanews.com\/wp-content\/uploads\/fabricio-bruno-selecao-brasileira-100x67.webp 100w, https:\/\/www.gaveanews.com\/wp-content\/uploads\/fabricio-bruno-selecao-brasileira.webp 1200w\" sizes=\"auto, (max-width: 1024px) 100vw, 1024px\" \/><figcaption class=\"wp-element-caption\">Fabr\u00edcio Bruno em a\u00e7\u00e3o pela Sele\u00e7\u00e3o Brasileira (Foto: Reprodu\u00e7\u00e3o\/twitter\/@SofascoreBR)<\/figcaption><\/figure>\n\n\n\n<p>O Flamengo teve um in\u00edcio de temporada promissor, conquistando todos os t\u00edtulos poss\u00edveis at\u00e9 o momento, al\u00e9m de ver seus jogadores se destacando tanto no clube quanto em jogos internacionais pelas suas sele\u00e7\u00f5es. Entre esses atletas, o zagueiro Fabr\u00edcio Bruno vem recebendo aten\u00e7\u00e3o especial ap\u00f3s excelentes atua\u00e7\u00f5es pelo clube e em partidas contra a Inglaterra e a Espanha, o que atraiu o interesse de equipes europeias.<\/p>\n\n\n\n<p>Segundo informa\u00e7\u00f5es do portal &#8220;RTI Esporte&#8221;, existe uma possibilidade de o Flamengo negociar Fabr\u00edcio Bruno com clubes do exterior, estando o clube aberto a ofertas na casa dos 18 milh\u00f5es de euros (aproximadamente R$ 98,3 milh\u00f5es), valor abaixo da cl\u00e1usula de rescis\u00e3o do jogador, que \u00e9 de 30 milh\u00f5es de euros (mais de R$ 162,2 milh\u00f5es). Este interesse internacional destaca n\u00e3o s\u00f3 o valor do atleta no mercado, mas tamb\u00e9m o reconhecimento de seu talento al\u00e9m das fronteiras brasileiras.<\/p>\n\n\n\n<p>O Atalanta, destacado clube do campeonato italiano, \u00e9 um dos interessados na contrata\u00e7\u00e3o de Fabr\u00edcio Bruno. Ap\u00f3s uma tentativa inicial rejeitada pelo Flamengo, devido a uma proposta considerada baixa de 8 milh\u00f5es de euros (cerca de R$ 43,4 milh\u00f5es), especula-se que o clube italiano prepara-se para apresentar uma nova oferta mais alinhada ao valor de mercado do jogador na pr\u00f3xima janela de transfer\u00eancias. Isso indica a possibilidade de uma negocia\u00e7\u00e3o futura que pode ser vantajosa tanto para o jogador quanto para o Flamengo.<\/p>\n\n\n\n<h2 class=\"wp-block-heading\" id=\"h-destino-de-gabigol-e-revelado\">Destino de Gabigol \u00e9 revelado<\/h2>\n\n\n\n<figure class=\"wp-block-image size-large\"><img loading=\"lazy\" decoding=\"async\" width=\"1024\" height=\"683\" src=\"https:\/\/www.gaveanews.com\/wp-content\/uploads\/gabigol-sampaoli-treino-flamengo-1024x683.webp\" alt=\"\" class=\"wp-image-102344\" srcset=\"https:\/\/www.gaveanews.com\/wp-content\/uploads\/gabigol-sampaoli-treino-flamengo-1024x683.webp 1024w, https:\/\/www.gaveanews.com\/wp-content\/uploads\/gabigol-sampaoli-treino-flamengo-300x200.webp 300w, https:\/\/www.gaveanews.com\/wp-content\/uploads\/gabigol-sampaoli-treino-flamengo-768x512.webp 768w, https:\/\/www.gaveanews.com\/wp-content\/uploads\/gabigol-sampaoli-treino-flamengo-1536x1024.webp 1536w, https:\/\/www.gaveanews.com\/wp-content\/uploads\/gabigol-sampaoli-treino-flamengo-2048x1365.webp 2048w, https:\/\/www.gaveanews.com\/wp-content\/uploads\/gabigol-sampaoli-treino-flamengo-630x420.webp 630w, https:\/\/www.gaveanews.com\/wp-content\/uploads\/gabigol-sampaoli-treino-flamengo-1260x840.webp 1260w, https:\/\/www.gaveanews.com\/wp-content\/uploads\/gabigol-sampaoli-treino-flamengo-640x427.webp 640w, https:\/\/www.gaveanews.com\/wp-content\/uploads\/gabigol-sampaoli-treino-flamengo-1280x853.webp 1280w, https:\/\/www.gaveanews.com\/wp-content\/uploads\/gabigol-sampaoli-treino-flamengo-681x454.webp 681w, https:\/\/www.gaveanews.com\/wp-content\/uploads\/gabigol-sampaoli-treino-flamengo-1362x908.webp 1362w, https:\/\/www.gaveanews.com\/wp-content\/uploads\/gabigol-sampaoli-treino-flamengo-100x67.webp 100w\" sizes=\"auto, (max-width: 1024px) 100vw, 1024px\" \/><figcaption class=\"wp-element-caption\">Gabigol em treino do Flamengo no Ninho do Urubu (Foto: Gilvan de Souza\/Flamengo)<\/figcaption><\/figure>\n\n\n\n<p>Gabigol, jogador do Flamengo, est\u00e1 no centro de rumores sobre sua poss\u00edvel transfer\u00eancia, com o Palmeiras surgindo como um dos principais interessados em sua contrata\u00e7\u00e3o. A situa\u00e7\u00e3o do atleta tem gerado especula\u00e7\u00f5es, intensificadas pelas declara\u00e7\u00f5es do apresentador Neto, do programa \u201cDonos da Bola\u201d, que afirmou que o Palmeiras estaria na frente na corrida para contratar o jogador. Segundo Neto, a contrata\u00e7\u00e3o de Carlinhos pelo Flamengo indicaria uma prepara\u00e7\u00e3o do clube para a sa\u00edda de Gabigol, sugerindo que uma transfer\u00eancia para o Palmeiras seria iminente.<\/p>\n\n\n\n<p>A diretoria do Flamengo, por outro lado, tem oferecido explica\u00e7\u00f5es alternativas para a chegada de Carlinhos, destacando a movimenta\u00e7\u00e3o como uma oportunidade de mercado e uma medida de seguran\u00e7a diante da incerteza quanto \u00e0 situa\u00e7\u00e3o de Gabigol. Marcos Braz e o presidente Landim n\u00e3o vincularam diretamente a contrata\u00e7\u00e3o de Carlinhos \u00e0 situa\u00e7\u00e3o de Gabigol, destacando outras raz\u00f5es para a aquisi\u00e7\u00e3o, como a prepara\u00e7\u00e3o para uma poss\u00edvel suspens\u00e3o do jogador.<\/p>\n\n\n\n<p>A perman\u00eancia de Gabigol no Flamengo \u00e9 incerta, com seu contrato atual se estendendo at\u00e9 o final de 2024. A partir do meio deste ano, ele estar\u00e1 livre para assinar um pr\u00e9-acordo com outro clube, o que aumenta a press\u00e3o sobre o Flamengo para renovar seu contrato. Apesar das negocia\u00e7\u00f5es estarem estagnadas, o presidente do Flamengo expressou o desejo de fazer uma proposta para manter o jogador, indicando que o clube ainda tem esperan\u00e7as de ret\u00ea-lo apesar das especula\u00e7\u00f5es de transfer\u00eancia.<\/p>\n\n\n\n<h2 class=\"wp-block-heading\" id=\"h-atualizacao-sobre-di-maria\">Atualiza\u00e7\u00e3o sobre Di Maria<\/h2>\n\n\n\n<figure class=\"wp-block-image size-large\"><img loading=\"lazy\" decoding=\"async\" width=\"1024\" height=\"768\" src=\"https:\/\/www.gaveanews.com\/wp-content\/uploads\/Angel-Di-Maria-1024x768.webp\" alt=\"\" class=\"wp-image-116011\" srcset=\"https:\/\/www.gaveanews.com\/wp-content\/uploads\/Angel-Di-Maria-1024x768.webp 1024w, https:\/\/www.gaveanews.com\/wp-content\/uploads\/Angel-Di-Maria-300x225.webp 300w, https:\/\/www.gaveanews.com\/wp-content\/uploads\/Angel-Di-Maria-768x576.webp 768w, https:\/\/www.gaveanews.com\/wp-content\/uploads\/Angel-Di-Maria-560x420.webp 560w, https:\/\/www.gaveanews.com\/wp-content\/uploads\/Angel-Di-Maria-1120x840.webp 1120w, https:\/\/www.gaveanews.com\/wp-content\/uploads\/Angel-Di-Maria-80x60.webp 80w, https:\/\/www.gaveanews.com\/wp-content\/uploads\/Angel-Di-Maria-160x120.webp 160w, https:\/\/www.gaveanews.com\/wp-content\/uploads\/Angel-Di-Maria-100x75.webp 100w, https:\/\/www.gaveanews.com\/wp-content\/uploads\/Angel-Di-Maria-200x150.webp 200w, https:\/\/www.gaveanews.com\/wp-content\/uploads\/Angel-Di-Maria-180x135.webp 180w, https:\/\/www.gaveanews.com\/wp-content\/uploads\/Angel-Di-Maria-360x270.webp 360w, https:\/\/www.gaveanews.com\/wp-content\/uploads\/Angel-Di-Maria-238x178.webp 238w, https:\/\/www.gaveanews.com\/wp-content\/uploads\/Angel-Di-Maria-476x356.webp 476w, https:\/\/www.gaveanews.com\/wp-content\/uploads\/Angel-Di-Maria-640x480.webp 640w, https:\/\/www.gaveanews.com\/wp-content\/uploads\/Angel-Di-Maria-681x511.webp 681w, https:\/\/www.gaveanews.com\/wp-content\/uploads\/Angel-Di-Maria.webp 1200w\" sizes=\"auto, (max-width: 1024px) 100vw, 1024px\" \/><figcaption class=\"wp-element-caption\">Angel Di Maria comemorando o gol contra o RB Salzburg &#8211; (Foto: CARLOS COSTA \/ AFP)<\/figcaption><\/figure>\n\n\n\n<p>\u00c1ngel Di Maria, o renomado atacante argentino que atualmente joga pelo Benfica e cujo contrato se encerra em junho deste ano, est\u00e1 diante de um dilema contratual. Apesar do interesse do Benfica em renovar seu contrato, h\u00e1 rumores de um pr\u00e9-acordo verbal com o Ros\u00e1rio Central, clube argentino onde Di Maria iniciou sua carreira. No entanto, uma situa\u00e7\u00e3o alarmante envolvendo amea\u00e7as de morte contra sua fam\u00edlia alterou drasticamente seus planos, fazendo com que ele reconsiderasse a possibilidade de retornar \u00e0 Argentina, colocando-o em busca de alternativas para seu futuro.<\/p>\n\n\n\n<p>O cen\u00e1rio para Di Maria \u00e9 complexo e repleto de possibilidades internacionais. Propostas atrativas do futebol \u00e1rabe e da Liga dos Estados Unidos se apresentam como op\u00e7\u00f5es vi\u00e1veis, destacando-se no horizonte do jogador. Ao mesmo tempo, surgem especula\u00e7\u00f5es sobre o interesse de grandes clubes brasileiros como Flamengo e Internacional. Apesar de nunca ter expressado diretamente o desejo de jogar no Brasil, esses clubes tentam atrair Di Maria, com o Flamengo, em particular, estando disposto a fazer uma oferta financeiramente atraente para contar com o jogador, enquanto o Internacional v\u00ea nele um refor\u00e7o estrat\u00e9gico para seu esquema t\u00e1tico.<\/p>\n\n\n\n<p>A situa\u00e7\u00e3o de Di Maria captura a aten\u00e7\u00e3o n\u00e3o apenas por suas implica\u00e7\u00f5es esportivas, mas tamb\u00e9m pelo impacto humano diante das amea\u00e7as recebidas. Jorge Nicola, um renomado jornalista esportivo, durante uma participa\u00e7\u00e3o no programa Tempo T\u00e9cnico, lamentou a possibilidade de o argentino descartar o Brasil como um destino potencial. Segundo ele, a presen\u00e7a de Di Maria no futebol brasileiro enriqueceria significativamente o cen\u00e1rio esportivo nacional, beneficiando n\u00e3o s\u00f3 os clubes envolvidos mas tamb\u00e9m os torcedores, dada a qualidade e o hist\u00f3rico vitorioso do jogador.<\/p>\n","protected":false},"excerpt":{"rendered":"<p>Nas \u00faltimas horas, o centro das aten\u00e7\u00f5es nas not\u00edcias relacionadas ao Flamengo gira em torno dos bastidores do clube, com \u00eanfase em eventos como a revela\u00e7\u00e3o do destino de Gabigol e atualiza\u00e7\u00f5es sobre Di Maria. Por conta deste contexto, leia abaixo um resumo preparado pela equipe do portal G\u00e1vea News para lhe manter muito bem [&hellip;]<\/p>\n","protected":false},"author":15,"featured_media":86057,"comment_status":"open","ping_status":"closed","sticky":false,"template":"","format":"standard","meta":{"footnotes":""},"categories":[1],"tags":[],"class_list":["post-137665","post","type-post","status-publish","format-standard","has-post-thumbnail","hentry","category-flamengo"],"yoast_head":"<!-- This site is optimized with the Yoast SEO Premium plugin v24.2 (Yoast SEO v26.9) - https:\/\/yoast.com\/product\/yoast-seo-premium-wordpress\/ -->\n<title>Destino de Gabigol \u00e9 revelado, titular do Flamengo indo para a Europa e atualiza\u00e7\u00e3o sobre Di Maria: veja as \u00faltimas not\u00edcias do Flamengo<\/title>\n<meta name=\"robots\" content=\"index, follow, max-snippet:-1, max-image-preview:large, max-video-preview:-1\" \/>\n<link rel=\"canonical\" href=\"https:\/\/www.gaveanews.com\/index.php\/2024\/04\/09\/destino-de-gabigol-e-revelado-titular-do-flamengo-indo-para-a-europa-e-atualizacao-sobre-di-maria-veja-as-ultimas-noticias-do-flamengo\/\" \/>\n<meta property=\"og:locale\" content=\"pt_BR\" \/>\n<meta property=\"og:type\" content=\"article\" \/>\n<meta property=\"og:title\" content=\"Destino de Gabigol \u00e9 revelado, titular do Flamengo indo para a Europa e atualiza\u00e7\u00e3o sobre Di Maria: veja as \u00faltimas not\u00edcias do Flamengo\" \/>\n<meta property=\"og:description\" content=\"Nas \u00faltimas horas, o centro das aten\u00e7\u00f5es nas not\u00edcias relacionadas ao Flamengo gira em torno dos bastidores do clube, com \u00eanfase em eventos como a revela\u00e7\u00e3o do destino de Gabigol e atualiza\u00e7\u00f5es sobre Di Maria. Por conta deste contexto, leia abaixo um resumo preparado pela equipe do portal G\u00e1vea News para lhe manter muito bem [&hellip;]\" \/>\n<meta property=\"og:url\" content=\"https:\/\/www.gaveanews.com\/index.php\/2024\/04\/09\/destino-de-gabigol-e-revelado-titular-do-flamengo-indo-para-a-europa-e-atualizacao-sobre-di-maria-veja-as-ultimas-noticias-do-flamengo\/\" \/>\n<meta property=\"og:site_name\" content=\"G\u00e1vea News\" \/>\n<meta property=\"article:publisher\" content=\"https:\/\/facebook.com\/gaveaNews\/\" \/>\n<meta property=\"article:published_time\" content=\"2024-04-10T02:00:00+00:00\" \/>\n<meta property=\"og:image\" content=\"https:\/\/www.gaveanews.com\/wp-content\/uploads\/Gabaigol-em-jogo-do-Flamengo-contra-o-Athletico-PR-pela-Copa-do-Brasil.webp\" \/>\n\t<meta property=\"og:image:width\" content=\"800\" \/>\n\t<meta property=\"og:image:height\" content=\"532\" \/>\n\t<meta property=\"og:image:type\" content=\"image\/jpeg\" \/>\n<meta name=\"author\" content=\"Henrique Machado\" \/>\n<meta name=\"twitter:card\" content=\"summary_large_image\" \/>\n<meta name=\"twitter:label1\" content=\"Escrito por\" \/>\n\t<meta name=\"twitter:data1\" content=\"Henrique Machado\" \/>\n\t<meta name=\"twitter:label2\" content=\"Est. tempo de leitura\" \/>\n\t<meta name=\"twitter:data2\" content=\"6 minutos\" \/>\n<script type=\"application\/ld+json\" class=\"yoast-schema-graph\">{\"@context\":\"https:\/\/schema.org\",\"@graph\":[{\"@type\":\"NewsArticle\",\"@id\":\"https:\/\/www.gaveanews.com\/index.php\/2024\/04\/09\/destino-de-gabigol-e-revelado-titular-do-flamengo-indo-para-a-europa-e-atualizacao-sobre-di-maria-veja-as-ultimas-noticias-do-flamengo\/#article\",\"isPartOf\":{\"@id\":\"https:\/\/www.gaveanews.com\/index.php\/2024\/04\/09\/destino-de-gabigol-e-revelado-titular-do-flamengo-indo-para-a-europa-e-atualizacao-sobre-di-maria-veja-as-ultimas-noticias-do-flamengo\/\"},\"author\":{\"name\":\"Henrique Machado\",\"@id\":\"https:\/\/www.gaveanews.com\/#\/schema\/person\/fd07635ec039ec3ba74ad18ec8a6dbd6\"},\"headline\":\"Destino de Gabigol \u00e9 revelado, titular do Flamengo indo para a Europa e atualiza\u00e7\u00e3o sobre Di Maria: veja as \u00faltimas not\u00edcias do Flamengo\",\"datePublished\":\"2024-04-10T02:00:00+00:00\",\"mainEntityOfPage\":{\"@id\":\"https:\/\/www.gaveanews.com\/index.php\/2024\/04\/09\/destino-de-gabigol-e-revelado-titular-do-flamengo-indo-para-a-europa-e-atualizacao-sobre-di-maria-veja-as-ultimas-noticias-do-flamengo\/\"},\"wordCount\":946,\"commentCount\":0,\"image\":{\"@id\":\"https:\/\/www.gaveanews.com\/index.php\/2024\/04\/09\/destino-de-gabigol-e-revelado-titular-do-flamengo-indo-para-a-europa-e-atualizacao-sobre-di-maria-veja-as-ultimas-noticias-do-flamengo\/#primaryimage\"},\"thumbnailUrl\":\"https:\/\/www.gaveanews.com\/wp-content\/uploads\/Gabaigol-em-jogo-do-Flamengo-contra-o-Athletico-PR-pela-Copa-do-Brasil.webp\",\"articleSection\":[\"Flamengo\"],\"inLanguage\":\"pt-BR\",\"potentialAction\":[{\"@type\":\"CommentAction\",\"name\":\"Comment\",\"target\":[\"https:\/\/www.gaveanews.com\/index.php\/2024\/04\/09\/destino-de-gabigol-e-revelado-titular-do-flamengo-indo-para-a-europa-e-atualizacao-sobre-di-maria-veja-as-ultimas-noticias-do-flamengo\/#respond\"]}],\"copyrightYear\":\"2024\",\"copyrightHolder\":{\"@id\":\"https:\/\/www.gaveanews.com\/#organization\"}},{\"@type\":\"WebPage\",\"@id\":\"https:\/\/www.gaveanews.com\/index.php\/2024\/04\/09\/destino-de-gabigol-e-revelado-titular-do-flamengo-indo-para-a-europa-e-atualizacao-sobre-di-maria-veja-as-ultimas-noticias-do-flamengo\/\",\"url\":\"https:\/\/www.gaveanews.com\/index.php\/2024\/04\/09\/destino-de-gabigol-e-revelado-titular-do-flamengo-indo-para-a-europa-e-atualizacao-sobre-di-maria-veja-as-ultimas-noticias-do-flamengo\/\",\"name\":\"Destino de Gabigol \u00e9 revelado, titular do Flamengo indo para a Europa e atualiza\u00e7\u00e3o sobre Di Maria: veja as \u00faltimas not\u00edcias do Flamengo\",\"isPartOf\":{\"@id\":\"https:\/\/www.gaveanews.com\/#website\"},\"primaryImageOfPage\":{\"@id\":\"https:\/\/www.gaveanews.com\/index.php\/2024\/04\/09\/destino-de-gabigol-e-revelado-titular-do-flamengo-indo-para-a-europa-e-atualizacao-sobre-di-maria-veja-as-ultimas-noticias-do-flamengo\/#primaryimage\"},\"image\":{\"@id\":\"https:\/\/www.gaveanews.com\/index.php\/2024\/04\/09\/destino-de-gabigol-e-revelado-titular-do-flamengo-indo-para-a-europa-e-atualizacao-sobre-di-maria-veja-as-ultimas-noticias-do-flamengo\/#primaryimage\"},\"thumbnailUrl\":\"https:\/\/www.gaveanews.com\/wp-content\/uploads\/Gabaigol-em-jogo-do-Flamengo-contra-o-Athletico-PR-pela-Copa-do-Brasil.webp\",\"datePublished\":\"2024-04-10T02:00:00+00:00\",\"author\":{\"@id\":\"https:\/\/www.gaveanews.com\/#\/schema\/person\/fd07635ec039ec3ba74ad18ec8a6dbd6\"},\"breadcrumb\":{\"@id\":\"https:\/\/www.gaveanews.com\/index.php\/2024\/04\/09\/destino-de-gabigol-e-revelado-titular-do-flamengo-indo-para-a-europa-e-atualizacao-sobre-di-maria-veja-as-ultimas-noticias-do-flamengo\/#breadcrumb\"},\"inLanguage\":\"pt-BR\",\"potentialAction\":[{\"@type\":\"ReadAction\",\"target\":[\"https:\/\/www.gaveanews.com\/index.php\/2024\/04\/09\/destino-de-gabigol-e-revelado-titular-do-flamengo-indo-para-a-europa-e-atualizacao-sobre-di-maria-veja-as-ultimas-noticias-do-flamengo\/\"]}]},{\"@type\":\"ImageObject\",\"inLanguage\":\"pt-BR\",\"@id\":\"https:\/\/www.gaveanews.com\/index.php\/2024\/04\/09\/destino-de-gabigol-e-revelado-titular-do-flamengo-indo-para-a-europa-e-atualizacao-sobre-di-maria-veja-as-ultimas-noticias-do-flamengo\/#primaryimage\",\"url\":\"https:\/\/www.gaveanews.com\/wp-content\/uploads\/Gabaigol-em-jogo-do-Flamengo-contra-o-Athletico-PR-pela-Copa-do-Brasil.webp\",\"contentUrl\":\"https:\/\/www.gaveanews.com\/wp-content\/uploads\/Gabaigol-em-jogo-do-Flamengo-contra-o-Athletico-PR-pela-Copa-do-Brasil.webp\",\"width\":800,\"height\":532,\"caption\":\"Gabigol em jogo do Flamengo contra o Athletico-PR pela Copa do Brasil (Foto: Marcelo Cortes\/Flamengo)\"},{\"@type\":\"BreadcrumbList\",\"@id\":\"https:\/\/www.gaveanews.com\/index.php\/2024\/04\/09\/destino-de-gabigol-e-revelado-titular-do-flamengo-indo-para-a-europa-e-atualizacao-sobre-di-maria-veja-as-ultimas-noticias-do-flamengo\/#breadcrumb\",\"itemListElement\":[{\"@type\":\"ListItem\",\"position\":1,\"name\":\"Home\",\"item\":\"https:\/\/www.gaveanews.com\/\"},{\"@type\":\"ListItem\",\"position\":2,\"name\":\"Destino de Gabigol \u00e9 revelado, titular do Flamengo indo para a Europa e atualiza\u00e7\u00e3o sobre Di Maria: veja as \u00faltimas not\u00edcias do Flamengo\"}]},{\"@type\":\"WebSite\",\"@id\":\"https:\/\/www.gaveanews.com\/#website\",\"url\":\"https:\/\/www.gaveanews.com\/\",\"name\":\"G\u00e1vea News\",\"description\":\"Veja todas as not\u00edcias sobre o Flamengo: Contrata\u00e7\u00f5es, categorias de base, resultados das partidas, tabela de classifica\u00e7\u00e3o, pr\u00f3ximos jogos!\",\"potentialAction\":[{\"@type\":\"SearchAction\",\"target\":{\"@type\":\"EntryPoint\",\"urlTemplate\":\"https:\/\/www.gaveanews.com\/?s={search_term_string}\"},\"query-input\":{\"@type\":\"PropertyValueSpecification\",\"valueRequired\":true,\"valueName\":\"search_term_string\"}}],\"inLanguage\":\"pt-BR\"},{\"@type\":\"Person\",\"@id\":\"https:\/\/www.gaveanews.com\/#\/schema\/person\/fd07635ec039ec3ba74ad18ec8a6dbd6\",\"name\":\"Henrique Machado\",\"image\":{\"@type\":\"ImageObject\",\"inLanguage\":\"pt-BR\",\"@id\":\"https:\/\/www.gaveanews.com\/#\/schema\/person\/image\/\",\"url\":\"https:\/\/secure.gravatar.com\/avatar\/b95e35997e01d9800c1b6184bd79d4d898d370a3fce2584f5c77b907d5c7d9e9?s=96&d=mm&r=g\",\"contentUrl\":\"https:\/\/secure.gravatar.com\/avatar\/b95e35997e01d9800c1b6184bd79d4d898d370a3fce2584f5c77b907d5c7d9e9?s=96&d=mm&r=g\",\"caption\":\"Henrique Machado\"}}]}<\/script>\n<!-- \/ Yoast SEO Premium plugin. -->","yoast_head_json":{"title":"Destino de Gabigol \u00e9 revelado, titular do Flamengo indo para a Europa e atualiza\u00e7\u00e3o sobre Di Maria: veja as \u00faltimas not\u00edcias do Flamengo","robots":{"index":"index","follow":"follow","max-snippet":"max-snippet:-1","max-image-preview":"max-image-preview:large","max-video-preview":"max-video-preview:-1"},"canonical":"https:\/\/www.gaveanews.com\/index.php\/2024\/04\/09\/destino-de-gabigol-e-revelado-titular-do-flamengo-indo-para-a-europa-e-atualizacao-sobre-di-maria-veja-as-ultimas-noticias-do-flamengo\/","og_locale":"pt_BR","og_type":"article","og_title":"Destino de Gabigol \u00e9 revelado, titular do Flamengo indo para a Europa e atualiza\u00e7\u00e3o sobre Di Maria: veja as \u00faltimas not\u00edcias do Flamengo","og_description":"Nas \u00faltimas horas, o centro das aten\u00e7\u00f5es nas not\u00edcias relacionadas ao Flamengo gira em torno dos bastidores do clube, com \u00eanfase em eventos como a revela\u00e7\u00e3o do destino de Gabigol e atualiza\u00e7\u00f5es sobre Di Maria. Por conta deste contexto, leia abaixo um resumo preparado pela equipe do portal G\u00e1vea News para lhe manter muito bem [&hellip;]","og_url":"https:\/\/www.gaveanews.com\/index.php\/2024\/04\/09\/destino-de-gabigol-e-revelado-titular-do-flamengo-indo-para-a-europa-e-atualizacao-sobre-di-maria-veja-as-ultimas-noticias-do-flamengo\/","og_site_name":"G\u00e1vea News","article_publisher":"https:\/\/facebook.com\/gaveaNews\/","article_published_time":"2024-04-10T02:00:00+00:00","og_image":[{"width":800,"height":532,"url":"https:\/\/www.gaveanews.com\/wp-content\/uploads\/Gabaigol-em-jogo-do-Flamengo-contra-o-Athletico-PR-pela-Copa-do-Brasil.webp","type":"image\/jpeg"}],"author":"Henrique Machado","twitter_card":"summary_large_image","twitter_misc":{"Escrito por":"Henrique Machado","Est. tempo de leitura":"6 minutos"},"schema":{"@context":"https:\/\/schema.org","@graph":[{"@type":"NewsArticle","@id":"https:\/\/www.gaveanews.com\/index.php\/2024\/04\/09\/destino-de-gabigol-e-revelado-titular-do-flamengo-indo-para-a-europa-e-atualizacao-sobre-di-maria-veja-as-ultimas-noticias-do-flamengo\/#article","isPartOf":{"@id":"https:\/\/www.gaveanews.com\/index.php\/2024\/04\/09\/destino-de-gabigol-e-revelado-titular-do-flamengo-indo-para-a-europa-e-atualizacao-sobre-di-maria-veja-as-ultimas-noticias-do-flamengo\/"},"author":{"name":"Henrique Machado","@id":"https:\/\/www.gaveanews.com\/#\/schema\/person\/fd07635ec039ec3ba74ad18ec8a6dbd6"},"headline":"Destino de Gabigol \u00e9 revelado, titular do Flamengo indo para a Europa e atualiza\u00e7\u00e3o sobre Di Maria: veja as \u00faltimas not\u00edcias do Flamengo","datePublished":"2024-04-10T02:00:00+00:00","mainEntityOfPage":{"@id":"https:\/\/www.gaveanews.com\/index.php\/2024\/04\/09\/destino-de-gabigol-e-revelado-titular-do-flamengo-indo-para-a-europa-e-atualizacao-sobre-di-maria-veja-as-ultimas-noticias-do-flamengo\/"},"wordCount":946,"commentCount":0,"image":{"@id":"https:\/\/www.gaveanews.com\/index.php\/2024\/04\/09\/destino-de-gabigol-e-revelado-titular-do-flamengo-indo-para-a-europa-e-atualizacao-sobre-di-maria-veja-as-ultimas-noticias-do-flamengo\/#primaryimage"},"thumbnailUrl":"https:\/\/www.gaveanews.com\/wp-content\/uploads\/Gabaigol-em-jogo-do-Flamengo-contra-o-Athletico-PR-pela-Copa-do-Brasil.webp","articleSection":["Flamengo"],"inLanguage":"pt-BR","potentialAction":[{"@type":"CommentAction","name":"Comment","target":["https:\/\/www.gaveanews.com\/index.php\/2024\/04\/09\/destino-de-gabigol-e-revelado-titular-do-flamengo-indo-para-a-europa-e-atualizacao-sobre-di-maria-veja-as-ultimas-noticias-do-flamengo\/#respond"]}],"copyrightYear":"2024","copyrightHolder":{"@id":"https:\/\/www.gaveanews.com\/#organization"}},{"@type":"WebPage","@id":"https:\/\/www.gaveanews.com\/index.php\/2024\/04\/09\/destino-de-gabigol-e-revelado-titular-do-flamengo-indo-para-a-europa-e-atualizacao-sobre-di-maria-veja-as-ultimas-noticias-do-flamengo\/","url":"https:\/\/www.gaveanews.com\/index.php\/2024\/04\/09\/destino-de-gabigol-e-revelado-titular-do-flamengo-indo-para-a-europa-e-atualizacao-sobre-di-maria-veja-as-ultimas-noticias-do-flamengo\/","name":"Destino de Gabigol \u00e9 revelado, titular do Flamengo indo para a Europa e atualiza\u00e7\u00e3o sobre Di Maria: veja as \u00faltimas not\u00edcias do Flamengo","isPartOf":{"@id":"https:\/\/www.gaveanews.com\/#website"},"primaryImageOfPage":{"@id":"https:\/\/www.gaveanews.com\/index.php\/2024\/04\/09\/destino-de-gabigol-e-revelado-titular-do-flamengo-indo-para-a-europa-e-atualizacao-sobre-di-maria-veja-as-ultimas-noticias-do-flamengo\/#primaryimage"},"image":{"@id":"https:\/\/www.gaveanews.com\/index.php\/2024\/04\/09\/destino-de-gabigol-e-revelado-titular-do-flamengo-indo-para-a-europa-e-atualizacao-sobre-di-maria-veja-as-ultimas-noticias-do-flamengo\/#primaryimage"},"thumbnailUrl":"https:\/\/www.gaveanews.com\/wp-content\/uploads\/Gabaigol-em-jogo-do-Flamengo-contra-o-Athletico-PR-pela-Copa-do-Brasil.webp","datePublished":"2024-04-10T02:00:00+00:00","author":{"@id":"https:\/\/www.gaveanews.com\/#\/schema\/person\/fd07635ec039ec3ba74ad18ec8a6dbd6"},"breadcrumb":{"@id":"https:\/\/www.gaveanews.com\/index.php\/2024\/04\/09\/destino-de-gabigol-e-revelado-titular-do-flamengo-indo-para-a-europa-e-atualizacao-sobre-di-maria-veja-as-ultimas-noticias-do-flamengo\/#breadcrumb"},"inLanguage":"pt-BR","potentialAction":[{"@type":"ReadAction","target":["https:\/\/www.gaveanews.com\/index.php\/2024\/04\/09\/destino-de-gabigol-e-revelado-titular-do-flamengo-indo-para-a-europa-e-atualizacao-sobre-di-maria-veja-as-ultimas-noticias-do-flamengo\/"]}]},{"@type":"ImageObject","inLanguage":"pt-BR","@id":"https:\/\/www.gaveanews.com\/index.php\/2024\/04\/09\/destino-de-gabigol-e-revelado-titular-do-flamengo-indo-para-a-europa-e-atualizacao-sobre-di-maria-veja-as-ultimas-noticias-do-flamengo\/#primaryimage","url":"https:\/\/www.gaveanews.com\/wp-content\/uploads\/Gabaigol-em-jogo-do-Flamengo-contra-o-Athletico-PR-pela-Copa-do-Brasil.webp","contentUrl":"https:\/\/www.gaveanews.com\/wp-content\/uploads\/Gabaigol-em-jogo-do-Flamengo-contra-o-Athletico-PR-pela-Copa-do-Brasil.webp","width":800,"height":532,"caption":"Gabigol em jogo do Flamengo contra o Athletico-PR pela Copa do Brasil (Foto: Marcelo Cortes\/Flamengo)"},{"@type":"BreadcrumbList","@id":"https:\/\/www.gaveanews.com\/index.php\/2024\/04\/09\/destino-de-gabigol-e-revelado-titular-do-flamengo-indo-para-a-europa-e-atualizacao-sobre-di-maria-veja-as-ultimas-noticias-do-flamengo\/#breadcrumb","itemListElement":[{"@type":"ListItem","position":1,"name":"Home","item":"https:\/\/www.gaveanews.com\/"},{"@type":"ListItem","position":2,"name":"Destino de Gabigol \u00e9 revelado, titular do Flamengo indo para a Europa e atualiza\u00e7\u00e3o sobre Di Maria: veja as \u00faltimas not\u00edcias do Flamengo"}]},{"@type":"WebSite","@id":"https:\/\/www.gaveanews.com\/#website","url":"https:\/\/www.gaveanews.com\/","name":"G\u00e1vea News","description":"Veja todas as not\u00edcias sobre o Flamengo: Contrata\u00e7\u00f5es, categorias de base, resultados das partidas, tabela de classifica\u00e7\u00e3o, pr\u00f3ximos jogos!","potentialAction":[{"@type":"SearchAction","target":{"@type":"EntryPoint","urlTemplate":"https:\/\/www.gaveanews.com\/?s={search_term_string}"},"query-input":{"@type":"PropertyValueSpecification","valueRequired":true,"valueName":"search_term_string"}}],"inLanguage":"pt-BR"},{"@type":"Person","@id":"https:\/\/www.gaveanews.com\/#\/schema\/person\/fd07635ec039ec3ba74ad18ec8a6dbd6","name":"Henrique Machado","image":{"@type":"ImageObject","inLanguage":"pt-BR","@id":"https:\/\/www.gaveanews.com\/#\/schema\/person\/image\/","url":"https:\/\/secure.gravatar.com\/avatar\/b95e35997e01d9800c1b6184bd79d4d898d370a3fce2584f5c77b907d5c7d9e9?s=96&d=mm&r=g","contentUrl":"https:\/\/secure.gravatar.com\/avatar\/b95e35997e01d9800c1b6184bd79d4d898d370a3fce2584f5c77b907d5c7d9e9?s=96&d=mm&r=g","caption":"Henrique Machado"}}]}},"_links":{"self":[{"href":"https:\/\/www.gaveanews.com\/index.php\/wp-json\/wp\/v2\/posts\/137665","targetHints":{"allow":["GET"]}}],"collection":[{"href":"https:\/\/www.gaveanews.com\/index.php\/wp-json\/wp\/v2\/posts"}],"about":[{"href":"https:\/\/www.gaveanews.com\/index.php\/wp-json\/wp\/v2\/types\/post"}],"author":[{"embeddable":true,"href":"https:\/\/www.gaveanews.com\/index.php\/wp-json\/wp\/v2\/users\/15"}],"replies":[{"embeddable":true,"href":"https:\/\/www.gaveanews.com\/index.php\/wp-json\/wp\/v2\/comments?post=137665"}],"version-history":[{"count":3,"href":"https:\/\/www.gaveanews.com\/index.php\/wp-json\/wp\/v2\/posts\/137665\/revisions"}],"predecessor-version":[{"id":137669,"href":"https:\/\/www.gaveanews.com\/index.php\/wp-json\/wp\/v2\/posts\/137665\/revisions\/137669"}],"wp:featuredmedia":[{"embeddable":true,"href":"https:\/\/www.gaveanews.com\/index.php\/wp-json\/wp\/v2\/media\/86057"}],"wp:attachment":[{"href":"https:\/\/www.gaveanews.com\/index.php\/wp-json\/wp\/v2\/media?parent=137665"}],"wp:term":[{"taxonomy":"category","embeddable":true,"href":"https:\/\/www.gaveanews.com\/index.php\/wp-json\/wp\/v2\/categories?post=137665"},{"taxonomy":"post_tag","embeddable":true,"href":"https:\/\/www.gaveanews.com\/index.php\/wp-json\/wp\/v2\/tags?post=137665"}],"curies":[{"name":"wp","href":"https:\/\/api.w.org\/{rel}","templated":true}]}}