{"id":138613,"date":"2024-04-17T23:02:15","date_gmt":"2024-04-18T02:02:15","guid":{"rendered":"https:\/\/www.gaveanews.com\/?p=138613"},"modified":"2024-04-17T23:02:18","modified_gmt":"2024-04-18T02:02:18","slug":"a-declaracao-de-gustavo-gomez-apos-a-derrota-do-palmeiras","status":"publish","type":"post","link":"https:\/\/www.gaveanews.com\/index.php\/2024\/04\/17\/a-declaracao-de-gustavo-gomez-apos-a-derrota-do-palmeiras\/","title":{"rendered":"A declara\u00e7\u00e3o de Gustavo G\u00f3mez ap\u00f3s a derrota do Palmeiras"},"content":{"rendered":"\n<p>Nesta quarta-feira (17), o Palmeiras enfrentou o Internacional pela segunda rodada do Campeonato Brasileiro, mas n\u00e3o conseguiu evitar a derrota por 1 a 0. O confronto, realizado na Arena Barueri, foi decidido com um gol de Wesley, que j\u00e1 jogou pelo Verd\u00e3o. Essa foi a primeira derrota do time alviverde como mandante nesta temporada.<\/p>\n\n\n\n<p>Durante a partida, o Palmeiras mostrou dificuldades, especialmente no primeiro tempo. O zagueiro Gustavo G\u00f3mez, que tamb\u00e9m \u00e9 capit\u00e3o da equipe, acabou cometendo um p\u00eanalti, mas, por sorte, Rafael Borr\u00e9 do Internacional, desperdi\u00e7ou a cobran\u00e7a. Apesar disso, o time ga\u00facho conseguiu abrir o placar ainda na primeira etapa.<\/p>\n\n\n\n<p>Gustavo G\u00f3mez expressou sua frustra\u00e7\u00e3o ap\u00f3s o jogo. Ele tamb\u00e9m destacou a import\u00e2ncia de superar a derrota rapidamente e se preparar para o pr\u00f3ximo desafio:<\/p>\n\n\n\n<p>\u2014 <em>Sabemos que hoje o primeiro tempo n\u00e3o caprichamos bem, no segundo tempo buscamos o empate at\u00e9 o fim, mas futebol \u00e9 assim. Agora temos 24h para digerir esta derrota e preparar da melhor forma para domingo<\/em>, disse ele.<\/p>\n\n\n\n<div style=\"margin:0 auto; min-width:300px; \"><div style=\"position: relative; padding-bottom:56.25%; height: 0; overflow: hidden; \"><iframe src=\"https:\/\/embed.onefootball.com\/iframe\/?p=eyJrZXkiOiJESGhzamw3QyIsInAiOiJnYXZlYS1uZXdzIiwicGwiOiIifQ==\" referrerpolicy=\"no-referrer-when-downgrade\" style=\"width: 300px; min-width: 100%; position: absolute; top:0; left: 0; height: 100%; overflow: hidden; \" width=\"100%\" frameborder=\"0\" allowfullscreen scrolling=\"no\"><\/iframe><\/div><\/div>\n\n\n\n<p>Com este resultado, o Palmeiras ficou com tr\u00eas pontos, adquiridos na primeira rodada, e atualmente ocupa a 11\u00aa posi\u00e7\u00e3o na tabela do Brasileir\u00e3o. O pr\u00f3ximo compromisso do Verd\u00e3o ser\u00e1 contra o Flamengo, num duelo aguardado pela terceira rodada do campeonato. A partida ocorrer\u00e1 no Allianz Parque, domingo, \u00e0s 16 horas (hor\u00e1rio de Bras\u00edlia). Notavelmente, o est\u00e1dio ter\u00e1 sua capacidade reduzida devido \u00e0 montagem de um palco para o show da banda Soweto, que acontece antes do jogo.<\/p>\n\n\n\n<h2 class=\"wp-block-heading\" id=\"h-carros-no-gavea-news\">Carros no G\u00e1vea News<\/h2>\n\n\n\n<p>Al\u00e9m disso, o portal G\u00e1vea News tamb\u00e9m est\u00e1 produzindo conte\u00fados relacionados ao setor automotivo. Em outras palavras, se voc\u00ea deseja se manter bem informado sobre esse assunto,&nbsp;<a href=\"https:\/\/www.gaveanews.com\/index.php\/carros\/\">clique aqui para acessar exclusivamente as not\u00edcias dessa categoria.<\/a> Assim sendo, n\u00f3s publicamos duas not\u00edcias de destaque:&nbsp;<a href=\"https:\/\/www.gaveanews.com\/index.php\/2024\/03\/26\/completamente-reformulada-veja-fotos-da-nova-versao-da-hilux\/?utm_source=Recirculacao&amp;utm_medium=SubtituloFinalDaMateria&amp;utm_campaign=SubtituloFinalDaMateria\">Completamente reformulada! Veja fotos da nova vers\u00e3o da Hilux<\/a>, e a&nbsp;<a href=\"https:\/\/www.gaveanews.com\/index.php\/2024\/03\/12\/chevrolet-ira-lancar-2-carros-ineditos-no-brasil\/?utm_source=Recirculacao&amp;utm_medium=SubtituloFinalDaMateria&amp;utm_campaign=SubtituloFinalDaMateria\">Chevrolet ir\u00e1 lan\u00e7ar 2 carros in\u00e9ditos no Brasil (veja detalhes)<\/a>.<\/p>\n","protected":false},"excerpt":{"rendered":"<p>Nesta quarta-feira (17), o Palmeiras enfrentou o Internacional pela segunda rodada do Campeonato Brasileiro, mas n\u00e3o conseguiu evitar a derrota por 1 a 0. O confronto, realizado na Arena Barueri, foi decidido com um gol de Wesley, que j\u00e1 jogou pelo Verd\u00e3o. Essa foi a primeira derrota do time alviverde como mandante nesta temporada. Durante [&hellip;]<\/p>\n","protected":false},"author":1,"featured_media":59289,"comment_status":"open","ping_status":"closed","sticky":false,"template":"","format":"standard","meta":{"footnotes":""},"categories":[150],"tags":[],"class_list":["post-138613","post","type-post","status-publish","format-standard","has-post-thumbnail","hentry","category-palmeiras"],"yoast_head":"<!-- This site is optimized with the Yoast SEO Premium plugin v24.2 (Yoast SEO v26.9) - https:\/\/yoast.com\/product\/yoast-seo-premium-wordpress\/ -->\n<title>A declara\u00e7\u00e3o de Gustavo G\u00f3mez ap\u00f3s a derrota do Palmeiras<\/title>\n<meta name=\"robots\" content=\"index, follow, max-snippet:-1, max-image-preview:large, max-video-preview:-1\" \/>\n<link rel=\"canonical\" href=\"https:\/\/www.gaveanews.com\/index.php\/2024\/04\/17\/a-declaracao-de-gustavo-gomez-apos-a-derrota-do-palmeiras\/\" \/>\n<meta property=\"og:locale\" content=\"pt_BR\" \/>\n<meta property=\"og:type\" content=\"article\" \/>\n<meta property=\"og:title\" content=\"A declara\u00e7\u00e3o de Gustavo G\u00f3mez ap\u00f3s a derrota do Palmeiras\" \/>\n<meta property=\"og:description\" content=\"Nesta quarta-feira (17), o Palmeiras enfrentou o Internacional pela segunda rodada do Campeonato Brasileiro, mas n\u00e3o conseguiu evitar a derrota por 1 a 0. O confronto, realizado na Arena Barueri, foi decidido com um gol de Wesley, que j\u00e1 jogou pelo Verd\u00e3o. Essa foi a primeira derrota do time alviverde como mandante nesta temporada. Durante [&hellip;]\" \/>\n<meta property=\"og:url\" content=\"https:\/\/www.gaveanews.com\/index.php\/2024\/04\/17\/a-declaracao-de-gustavo-gomez-apos-a-derrota-do-palmeiras\/\" \/>\n<meta property=\"og:site_name\" content=\"G\u00e1vea News\" \/>\n<meta property=\"article:publisher\" content=\"https:\/\/facebook.com\/gaveaNews\/\" \/>\n<meta property=\"article:published_time\" content=\"2024-04-18T02:02:15+00:00\" \/>\n<meta property=\"article:modified_time\" content=\"2024-04-18T02:02:18+00:00\" \/>\n<meta property=\"og:image\" content=\"https:\/\/www.gaveanews.com\/wp-content\/uploads\/Gustavo-Gomez-em-treino-do-Palmeiras.webp\" \/>\n\t<meta property=\"og:image:width\" content=\"768\" \/>\n\t<meta property=\"og:image:height\" content=\"432\" \/>\n\t<meta property=\"og:image:type\" content=\"image\/jpeg\" \/>\n<meta name=\"author\" content=\"Equipe G\u00e1vea News\" \/>\n<meta name=\"twitter:card\" content=\"summary_large_image\" \/>\n<meta name=\"twitter:label1\" content=\"Escrito por\" \/>\n\t<meta name=\"twitter:data1\" content=\"Equipe G\u00e1vea News\" \/>\n\t<meta name=\"twitter:label2\" content=\"Est. tempo de leitura\" \/>\n\t<meta name=\"twitter:data2\" content=\"2 minutos\" \/>\n<script type=\"application\/ld+json\" class=\"yoast-schema-graph\">{\"@context\":\"https:\/\/schema.org\",\"@graph\":[{\"@type\":\"NewsArticle\",\"@id\":\"https:\/\/www.gaveanews.com\/index.php\/2024\/04\/17\/a-declaracao-de-gustavo-gomez-apos-a-derrota-do-palmeiras\/#article\",\"isPartOf\":{\"@id\":\"https:\/\/www.gaveanews.com\/index.php\/2024\/04\/17\/a-declaracao-de-gustavo-gomez-apos-a-derrota-do-palmeiras\/\"},\"author\":{\"name\":\"Equipe G\u00e1vea News\",\"@id\":\"https:\/\/www.gaveanews.com\/#\/schema\/person\/2ec14f73fb96be2caf28f91afb14749d\"},\"headline\":\"A declara\u00e7\u00e3o de Gustavo G\u00f3mez ap\u00f3s a derrota do Palmeiras\",\"datePublished\":\"2024-04-18T02:02:15+00:00\",\"dateModified\":\"2024-04-18T02:02:18+00:00\",\"mainEntityOfPage\":{\"@id\":\"https:\/\/www.gaveanews.com\/index.php\/2024\/04\/17\/a-declaracao-de-gustavo-gomez-apos-a-derrota-do-palmeiras\/\"},\"wordCount\":353,\"commentCount\":0,\"image\":{\"@id\":\"https:\/\/www.gaveanews.com\/index.php\/2024\/04\/17\/a-declaracao-de-gustavo-gomez-apos-a-derrota-do-palmeiras\/#primaryimage\"},\"thumbnailUrl\":\"https:\/\/www.gaveanews.com\/wp-content\/uploads\/Gustavo-Gomez-em-treino-do-Palmeiras.webp\",\"articleSection\":[\"Palmeiras\"],\"inLanguage\":\"pt-BR\",\"potentialAction\":[{\"@type\":\"CommentAction\",\"name\":\"Comment\",\"target\":[\"https:\/\/www.gaveanews.com\/index.php\/2024\/04\/17\/a-declaracao-de-gustavo-gomez-apos-a-derrota-do-palmeiras\/#respond\"]}],\"copyrightYear\":\"2024\",\"copyrightHolder\":{\"@id\":\"https:\/\/www.gaveanews.com\/#organization\"}},{\"@type\":\"WebPage\",\"@id\":\"https:\/\/www.gaveanews.com\/index.php\/2024\/04\/17\/a-declaracao-de-gustavo-gomez-apos-a-derrota-do-palmeiras\/\",\"url\":\"https:\/\/www.gaveanews.com\/index.php\/2024\/04\/17\/a-declaracao-de-gustavo-gomez-apos-a-derrota-do-palmeiras\/\",\"name\":\"A declara\u00e7\u00e3o de Gustavo G\u00f3mez ap\u00f3s a derrota do Palmeiras\",\"isPartOf\":{\"@id\":\"https:\/\/www.gaveanews.com\/#website\"},\"primaryImageOfPage\":{\"@id\":\"https:\/\/www.gaveanews.com\/index.php\/2024\/04\/17\/a-declaracao-de-gustavo-gomez-apos-a-derrota-do-palmeiras\/#primaryimage\"},\"image\":{\"@id\":\"https:\/\/www.gaveanews.com\/index.php\/2024\/04\/17\/a-declaracao-de-gustavo-gomez-apos-a-derrota-do-palmeiras\/#primaryimage\"},\"thumbnailUrl\":\"https:\/\/www.gaveanews.com\/wp-content\/uploads\/Gustavo-Gomez-em-treino-do-Palmeiras.webp\",\"datePublished\":\"2024-04-18T02:02:15+00:00\",\"dateModified\":\"2024-04-18T02:02:18+00:00\",\"author\":{\"@id\":\"https:\/\/www.gaveanews.com\/#\/schema\/person\/2ec14f73fb96be2caf28f91afb14749d\"},\"breadcrumb\":{\"@id\":\"https:\/\/www.gaveanews.com\/index.php\/2024\/04\/17\/a-declaracao-de-gustavo-gomez-apos-a-derrota-do-palmeiras\/#breadcrumb\"},\"inLanguage\":\"pt-BR\",\"potentialAction\":[{\"@type\":\"ReadAction\",\"target\":[\"https:\/\/www.gaveanews.com\/index.php\/2024\/04\/17\/a-declaracao-de-gustavo-gomez-apos-a-derrota-do-palmeiras\/\"]}]},{\"@type\":\"ImageObject\",\"inLanguage\":\"pt-BR\",\"@id\":\"https:\/\/www.gaveanews.com\/index.php\/2024\/04\/17\/a-declaracao-de-gustavo-gomez-apos-a-derrota-do-palmeiras\/#primaryimage\",\"url\":\"https:\/\/www.gaveanews.com\/wp-content\/uploads\/Gustavo-Gomez-em-treino-do-Palmeiras.webp\",\"contentUrl\":\"https:\/\/www.gaveanews.com\/wp-content\/uploads\/Gustavo-Gomez-em-treino-do-Palmeiras.webp\",\"width\":768,\"height\":432,\"caption\":\"Gustavo G\u00f3mez em treino do Palmeiras (Foto: Cesar Greco\/SEP)\"},{\"@type\":\"BreadcrumbList\",\"@id\":\"https:\/\/www.gaveanews.com\/index.php\/2024\/04\/17\/a-declaracao-de-gustavo-gomez-apos-a-derrota-do-palmeiras\/#breadcrumb\",\"itemListElement\":[{\"@type\":\"ListItem\",\"position\":1,\"name\":\"Home\",\"item\":\"https:\/\/www.gaveanews.com\/\"},{\"@type\":\"ListItem\",\"position\":2,\"name\":\"A declara\u00e7\u00e3o de Gustavo G\u00f3mez ap\u00f3s a derrota do Palmeiras\"}]},{\"@type\":\"WebSite\",\"@id\":\"https:\/\/www.gaveanews.com\/#website\",\"url\":\"https:\/\/www.gaveanews.com\/\",\"name\":\"G\u00e1vea News\",\"description\":\"Veja todas as not\u00edcias sobre o Flamengo: Contrata\u00e7\u00f5es, categorias de base, resultados das partidas, tabela de classifica\u00e7\u00e3o, pr\u00f3ximos jogos!\",\"potentialAction\":[{\"@type\":\"SearchAction\",\"target\":{\"@type\":\"EntryPoint\",\"urlTemplate\":\"https:\/\/www.gaveanews.com\/?s={search_term_string}\"},\"query-input\":{\"@type\":\"PropertyValueSpecification\",\"valueRequired\":true,\"valueName\":\"search_term_string\"}}],\"inLanguage\":\"pt-BR\"},{\"@type\":\"Person\",\"@id\":\"https:\/\/www.gaveanews.com\/#\/schema\/person\/2ec14f73fb96be2caf28f91afb14749d\",\"name\":\"Equipe G\u00e1vea News\",\"image\":{\"@type\":\"ImageObject\",\"inLanguage\":\"pt-BR\",\"@id\":\"https:\/\/www.gaveanews.com\/#\/schema\/person\/image\/\",\"url\":\"https:\/\/secure.gravatar.com\/avatar\/1e1956f1facbffd3f8fa53a326721950116b3b9dc9bd44939c01180fd4a745a9?s=96&d=mm&r=g\",\"contentUrl\":\"https:\/\/secure.gravatar.com\/avatar\/1e1956f1facbffd3f8fa53a326721950116b3b9dc9bd44939c01180fd4a745a9?s=96&d=mm&r=g\",\"caption\":\"Equipe G\u00e1vea News\"}}]}<\/script>\n<!-- \/ Yoast SEO Premium plugin. -->","yoast_head_json":{"title":"A declara\u00e7\u00e3o de Gustavo G\u00f3mez ap\u00f3s a derrota do Palmeiras","robots":{"index":"index","follow":"follow","max-snippet":"max-snippet:-1","max-image-preview":"max-image-preview:large","max-video-preview":"max-video-preview:-1"},"canonical":"https:\/\/www.gaveanews.com\/index.php\/2024\/04\/17\/a-declaracao-de-gustavo-gomez-apos-a-derrota-do-palmeiras\/","og_locale":"pt_BR","og_type":"article","og_title":"A declara\u00e7\u00e3o de Gustavo G\u00f3mez ap\u00f3s a derrota do Palmeiras","og_description":"Nesta quarta-feira (17), o Palmeiras enfrentou o Internacional pela segunda rodada do Campeonato Brasileiro, mas n\u00e3o conseguiu evitar a derrota por 1 a 0. O confronto, realizado na Arena Barueri, foi decidido com um gol de Wesley, que j\u00e1 jogou pelo Verd\u00e3o. Essa foi a primeira derrota do time alviverde como mandante nesta temporada. Durante [&hellip;]","og_url":"https:\/\/www.gaveanews.com\/index.php\/2024\/04\/17\/a-declaracao-de-gustavo-gomez-apos-a-derrota-do-palmeiras\/","og_site_name":"G\u00e1vea News","article_publisher":"https:\/\/facebook.com\/gaveaNews\/","article_published_time":"2024-04-18T02:02:15+00:00","article_modified_time":"2024-04-18T02:02:18+00:00","og_image":[{"width":768,"height":432,"url":"https:\/\/www.gaveanews.com\/wp-content\/uploads\/Gustavo-Gomez-em-treino-do-Palmeiras.webp","type":"image\/jpeg"}],"author":"Equipe G\u00e1vea News","twitter_card":"summary_large_image","twitter_misc":{"Escrito por":"Equipe G\u00e1vea News","Est. tempo de leitura":"2 minutos"},"schema":{"@context":"https:\/\/schema.org","@graph":[{"@type":"NewsArticle","@id":"https:\/\/www.gaveanews.com\/index.php\/2024\/04\/17\/a-declaracao-de-gustavo-gomez-apos-a-derrota-do-palmeiras\/#article","isPartOf":{"@id":"https:\/\/www.gaveanews.com\/index.php\/2024\/04\/17\/a-declaracao-de-gustavo-gomez-apos-a-derrota-do-palmeiras\/"},"author":{"name":"Equipe G\u00e1vea News","@id":"https:\/\/www.gaveanews.com\/#\/schema\/person\/2ec14f73fb96be2caf28f91afb14749d"},"headline":"A declara\u00e7\u00e3o de Gustavo G\u00f3mez ap\u00f3s a derrota do Palmeiras","datePublished":"2024-04-18T02:02:15+00:00","dateModified":"2024-04-18T02:02:18+00:00","mainEntityOfPage":{"@id":"https:\/\/www.gaveanews.com\/index.php\/2024\/04\/17\/a-declaracao-de-gustavo-gomez-apos-a-derrota-do-palmeiras\/"},"wordCount":353,"commentCount":0,"image":{"@id":"https:\/\/www.gaveanews.com\/index.php\/2024\/04\/17\/a-declaracao-de-gustavo-gomez-apos-a-derrota-do-palmeiras\/#primaryimage"},"thumbnailUrl":"https:\/\/www.gaveanews.com\/wp-content\/uploads\/Gustavo-Gomez-em-treino-do-Palmeiras.webp","articleSection":["Palmeiras"],"inLanguage":"pt-BR","potentialAction":[{"@type":"CommentAction","name":"Comment","target":["https:\/\/www.gaveanews.com\/index.php\/2024\/04\/17\/a-declaracao-de-gustavo-gomez-apos-a-derrota-do-palmeiras\/#respond"]}],"copyrightYear":"2024","copyrightHolder":{"@id":"https:\/\/www.gaveanews.com\/#organization"}},{"@type":"WebPage","@id":"https:\/\/www.gaveanews.com\/index.php\/2024\/04\/17\/a-declaracao-de-gustavo-gomez-apos-a-derrota-do-palmeiras\/","url":"https:\/\/www.gaveanews.com\/index.php\/2024\/04\/17\/a-declaracao-de-gustavo-gomez-apos-a-derrota-do-palmeiras\/","name":"A declara\u00e7\u00e3o de Gustavo G\u00f3mez ap\u00f3s a derrota do Palmeiras","isPartOf":{"@id":"https:\/\/www.gaveanews.com\/#website"},"primaryImageOfPage":{"@id":"https:\/\/www.gaveanews.com\/index.php\/2024\/04\/17\/a-declaracao-de-gustavo-gomez-apos-a-derrota-do-palmeiras\/#primaryimage"},"image":{"@id":"https:\/\/www.gaveanews.com\/index.php\/2024\/04\/17\/a-declaracao-de-gustavo-gomez-apos-a-derrota-do-palmeiras\/#primaryimage"},"thumbnailUrl":"https:\/\/www.gaveanews.com\/wp-content\/uploads\/Gustavo-Gomez-em-treino-do-Palmeiras.webp","datePublished":"2024-04-18T02:02:15+00:00","dateModified":"2024-04-18T02:02:18+00:00","author":{"@id":"https:\/\/www.gaveanews.com\/#\/schema\/person\/2ec14f73fb96be2caf28f91afb14749d"},"breadcrumb":{"@id":"https:\/\/www.gaveanews.com\/index.php\/2024\/04\/17\/a-declaracao-de-gustavo-gomez-apos-a-derrota-do-palmeiras\/#breadcrumb"},"inLanguage":"pt-BR","potentialAction":[{"@type":"ReadAction","target":["https:\/\/www.gaveanews.com\/index.php\/2024\/04\/17\/a-declaracao-de-gustavo-gomez-apos-a-derrota-do-palmeiras\/"]}]},{"@type":"ImageObject","inLanguage":"pt-BR","@id":"https:\/\/www.gaveanews.com\/index.php\/2024\/04\/17\/a-declaracao-de-gustavo-gomez-apos-a-derrota-do-palmeiras\/#primaryimage","url":"https:\/\/www.gaveanews.com\/wp-content\/uploads\/Gustavo-Gomez-em-treino-do-Palmeiras.webp","contentUrl":"https:\/\/www.gaveanews.com\/wp-content\/uploads\/Gustavo-Gomez-em-treino-do-Palmeiras.webp","width":768,"height":432,"caption":"Gustavo G\u00f3mez em treino do Palmeiras (Foto: Cesar Greco\/SEP)"},{"@type":"BreadcrumbList","@id":"https:\/\/www.gaveanews.com\/index.php\/2024\/04\/17\/a-declaracao-de-gustavo-gomez-apos-a-derrota-do-palmeiras\/#breadcrumb","itemListElement":[{"@type":"ListItem","position":1,"name":"Home","item":"https:\/\/www.gaveanews.com\/"},{"@type":"ListItem","position":2,"name":"A declara\u00e7\u00e3o de Gustavo G\u00f3mez ap\u00f3s a derrota do Palmeiras"}]},{"@type":"WebSite","@id":"https:\/\/www.gaveanews.com\/#website","url":"https:\/\/www.gaveanews.com\/","name":"G\u00e1vea News","description":"Veja todas as not\u00edcias sobre o Flamengo: Contrata\u00e7\u00f5es, categorias de base, resultados das partidas, tabela de classifica\u00e7\u00e3o, pr\u00f3ximos jogos!","potentialAction":[{"@type":"SearchAction","target":{"@type":"EntryPoint","urlTemplate":"https:\/\/www.gaveanews.com\/?s={search_term_string}"},"query-input":{"@type":"PropertyValueSpecification","valueRequired":true,"valueName":"search_term_string"}}],"inLanguage":"pt-BR"},{"@type":"Person","@id":"https:\/\/www.gaveanews.com\/#\/schema\/person\/2ec14f73fb96be2caf28f91afb14749d","name":"Equipe G\u00e1vea News","image":{"@type":"ImageObject","inLanguage":"pt-BR","@id":"https:\/\/www.gaveanews.com\/#\/schema\/person\/image\/","url":"https:\/\/secure.gravatar.com\/avatar\/1e1956f1facbffd3f8fa53a326721950116b3b9dc9bd44939c01180fd4a745a9?s=96&d=mm&r=g","contentUrl":"https:\/\/secure.gravatar.com\/avatar\/1e1956f1facbffd3f8fa53a326721950116b3b9dc9bd44939c01180fd4a745a9?s=96&d=mm&r=g","caption":"Equipe G\u00e1vea News"}}]}},"_links":{"self":[{"href":"https:\/\/www.gaveanews.com\/index.php\/wp-json\/wp\/v2\/posts\/138613","targetHints":{"allow":["GET"]}}],"collection":[{"href":"https:\/\/www.gaveanews.com\/index.php\/wp-json\/wp\/v2\/posts"}],"about":[{"href":"https:\/\/www.gaveanews.com\/index.php\/wp-json\/wp\/v2\/types\/post"}],"author":[{"embeddable":true,"href":"https:\/\/www.gaveanews.com\/index.php\/wp-json\/wp\/v2\/users\/1"}],"replies":[{"embeddable":true,"href":"https:\/\/www.gaveanews.com\/index.php\/wp-json\/wp\/v2\/comments?post=138613"}],"version-history":[{"count":1,"href":"https:\/\/www.gaveanews.com\/index.php\/wp-json\/wp\/v2\/posts\/138613\/revisions"}],"predecessor-version":[{"id":138615,"href":"https:\/\/www.gaveanews.com\/index.php\/wp-json\/wp\/v2\/posts\/138613\/revisions\/138615"}],"wp:featuredmedia":[{"embeddable":true,"href":"https:\/\/www.gaveanews.com\/index.php\/wp-json\/wp\/v2\/media\/59289"}],"wp:attachment":[{"href":"https:\/\/www.gaveanews.com\/index.php\/wp-json\/wp\/v2\/media?parent=138613"}],"wp:term":[{"taxonomy":"category","embeddable":true,"href":"https:\/\/www.gaveanews.com\/index.php\/wp-json\/wp\/v2\/categories?post=138613"},{"taxonomy":"post_tag","embeddable":true,"href":"https:\/\/www.gaveanews.com\/index.php\/wp-json\/wp\/v2\/tags?post=138613"}],"curies":[{"name":"wp","href":"https:\/\/api.w.org\/{rel}","templated":true}]}}