{"id":138619,"date":"2024-04-17T23:18:10","date_gmt":"2024-04-18T02:18:10","guid":{"rendered":"https:\/\/www.gaveanews.com\/?p=138619"},"modified":"2024-04-18T01:06:10","modified_gmt":"2024-04-18T04:06:10","slug":"a-declaracao-de-abel-ferreira-sobre-gabigol","status":"publish","type":"post","link":"https:\/\/www.gaveanews.com\/index.php\/2024\/04\/17\/a-declaracao-de-abel-ferreira-sobre-gabigol\/","title":{"rendered":"A declara\u00e7\u00e3o de Abel Ferreira sobre Gabigol"},"content":{"rendered":"\n<p>O Palmeiras e seu t\u00e9cnico, Abel Ferreira, est\u00e3o em busca de um substituto para o jovem talento Endrick, que se prepara para se juntar ao Real Madrid em julho deste ano, assim que completar 18 anos. A sa\u00edda da promessa levantou discuss\u00f5es sobre quem poderia preencher essa lacuna no elenco alviverde, com olhares se voltando para Gabigol, atacante do Flamengo.<\/p>\n\n\n\n<p>Durante uma entrevista coletiva ap\u00f3s a derrota do Palmeiras por 1 a 0 contra o Internacional na segunda rodada da S\u00e9rie A, Abel foi questionado sobre a possibilidade de Gabigol ser esse substituto. No entanto, o t\u00e9cnico portugu\u00eas evitou falar sobre jogadores de outros clubes, enfatizando seu foco nos atletas que j\u00e1 est\u00e3o sob seu comando.<\/p>\n\n\n\n<p><em>\u2014 Se eu gostaria de ter o Gabigol? \u00c9 uma bela pergunta<\/em>, mas e<em>le \u00e9 jogador do Flamengo. Mas eu entendo a tua pergunta pois \u00e9 uma pergunta interessante. Eu s\u00f3 falo dos nossos jogadores e valorizo os nossos jogadores<\/em>, disse Abel.<\/p>\n\n\n\n<div style=\"margin:0 auto; min-width:300px; \"><div style=\"position: relative; padding-bottom:56.25%; height: 0; overflow: hidden; \"><iframe src=\"https:\/\/embed.onefootball.com\/iframe\/?p=eyJrZXkiOiJRTTVsZXFnNSIsInAiOiJnYXZlYS1uZXdzIiwicGwiOiIifQ==\" referrerpolicy=\"no-referrer-when-downgrade\" style=\"width: 300px; min-width: 100%; position: absolute; top:0; left: 0; height: 100%; overflow: hidden; \" width=\"100%\" frameborder=\"0\" allowfullscreen scrolling=\"no\"><\/iframe><\/div><\/div>\n\n\n\n<p>O interesse do Palmeiras em Gabigol n\u00e3o \u00e9 apenas um rumor, tendo sido mencionado pelo comentarista Caio Ribeiro, do Grupo Globo, como um desejo da diretoria do clube. Gabigol, por sua vez, passa por um momento complicado em sua carreira. Seu contrato com o Flamengo est\u00e1 prestes a terminar no final deste ano e sua renova\u00e7\u00e3o parece estar estagnada.<\/p>\n\n\n\n<p>Al\u00e9m disso, Gabigol enfrenta uma suspens\u00e3o at\u00e9 abril de 2025 devido a uma acusa\u00e7\u00e3o de tentativa de fraude em exame antidoping. Apesar disso, ele mant\u00e9m sua forma f\u00edsica longe das instala\u00e7\u00f5es do Flamengo, enquanto sua defesa recorre da decis\u00e3o, esperando um veredicto da Corte Arbitral do Esporte na Su\u00ed\u00e7a, ainda sem uma data definida para tal.<\/p>\n\n\n\n<h2 class=\"wp-block-heading\" id=\"h-carros-no-gavea-news\">Carros no G\u00e1vea News<\/h2>\n\n\n\n<p>Al\u00e9m disso, o portal G\u00e1vea News tamb\u00e9m est\u00e1 produzindo conte\u00fados relacionados ao setor automotivo. Em outras palavras, se voc\u00ea deseja se manter bem informado sobre esse assunto,&nbsp;<a href=\"https:\/\/www.gaveanews.com\/index.php\/carros\/\">clique aqui para acessar exclusivamente as not\u00edcias dessa categoria.<\/a> Assim sendo, n\u00f3s publicamos duas not\u00edcias de destaque:&nbsp;<a href=\"https:\/\/www.gaveanews.com\/index.php\/2024\/03\/26\/completamente-reformulada-veja-fotos-da-nova-versao-da-hilux\/?utm_source=Recirculacao&amp;utm_medium=SubtituloFinalDaMateria&amp;utm_campaign=SubtituloFinalDaMateria\">Completamente reformulada! Veja fotos da nova vers\u00e3o da Hilux<\/a>, e a&nbsp;<a href=\"https:\/\/www.gaveanews.com\/index.php\/2024\/03\/12\/chevrolet-ira-lancar-2-carros-ineditos-no-brasil\/?utm_source=Recirculacao&amp;utm_medium=SubtituloFinalDaMateria&amp;utm_campaign=SubtituloFinalDaMateria\">Chevrolet ir\u00e1 lan\u00e7ar 2 carros in\u00e9ditos no Brasil (veja detalhes)<\/a>.<\/p>\n","protected":false},"excerpt":{"rendered":"<p>O Palmeiras e seu t\u00e9cnico, Abel Ferreira, est\u00e3o em busca de um substituto para o jovem talento Endrick, que se prepara para se juntar ao Real Madrid em julho deste ano, assim que completar 18 anos. A sa\u00edda da promessa levantou discuss\u00f5es sobre quem poderia preencher essa lacuna no elenco alviverde, com olhares se voltando [&hellip;]<\/p>\n","protected":false},"author":1,"featured_media":102760,"comment_status":"open","ping_status":"closed","sticky":false,"template":"","format":"standard","meta":{"footnotes":""},"categories":[1,150],"tags":[],"class_list":["post-138619","post","type-post","status-publish","format-standard","has-post-thumbnail","hentry","category-flamengo","category-palmeiras"],"yoast_head":"<!-- This site is optimized with the Yoast SEO Premium plugin v24.2 (Yoast SEO v26.9) - https:\/\/yoast.com\/product\/yoast-seo-premium-wordpress\/ -->\n<title>A declara\u00e7\u00e3o de Abel Ferreira sobre Gabigol<\/title>\n<meta name=\"robots\" content=\"index, follow, max-snippet:-1, max-image-preview:large, max-video-preview:-1\" \/>\n<link rel=\"canonical\" href=\"https:\/\/www.gaveanews.com\/index.php\/2024\/04\/17\/a-declaracao-de-abel-ferreira-sobre-gabigol\/\" \/>\n<meta property=\"og:locale\" content=\"pt_BR\" \/>\n<meta property=\"og:type\" content=\"article\" \/>\n<meta property=\"og:title\" content=\"A declara\u00e7\u00e3o de Abel Ferreira sobre Gabigol\" \/>\n<meta property=\"og:description\" content=\"O Palmeiras e seu t\u00e9cnico, Abel Ferreira, est\u00e3o em busca de um substituto para o jovem talento Endrick, que se prepara para se juntar ao Real Madrid em julho deste ano, assim que completar 18 anos. A sa\u00edda da promessa levantou discuss\u00f5es sobre quem poderia preencher essa lacuna no elenco alviverde, com olhares se voltando [&hellip;]\" \/>\n<meta property=\"og:url\" content=\"https:\/\/www.gaveanews.com\/index.php\/2024\/04\/17\/a-declaracao-de-abel-ferreira-sobre-gabigol\/\" \/>\n<meta property=\"og:site_name\" content=\"G\u00e1vea News\" \/>\n<meta property=\"article:publisher\" content=\"https:\/\/facebook.com\/gaveaNews\/\" \/>\n<meta property=\"article:published_time\" content=\"2024-04-18T02:18:10+00:00\" \/>\n<meta property=\"article:modified_time\" content=\"2024-04-18T04:06:10+00:00\" \/>\n<meta property=\"og:image\" content=\"https:\/\/www.gaveanews.com\/wp-content\/uploads\/chrome_ODu3uwWaKP.webp\" \/>\n\t<meta property=\"og:image:width\" content=\"840\" \/>\n\t<meta property=\"og:image:height\" content=\"510\" \/>\n\t<meta property=\"og:image:type\" content=\"image\/png\" \/>\n<meta name=\"author\" content=\"Equipe G\u00e1vea News\" \/>\n<meta name=\"twitter:card\" content=\"summary_large_image\" \/>\n<meta name=\"twitter:label1\" content=\"Escrito por\" \/>\n\t<meta name=\"twitter:data1\" content=\"Equipe G\u00e1vea News\" \/>\n\t<meta name=\"twitter:label2\" content=\"Est. tempo de leitura\" \/>\n\t<meta name=\"twitter:data2\" content=\"3 minutos\" \/>\n<script type=\"application\/ld+json\" class=\"yoast-schema-graph\">{\"@context\":\"https:\/\/schema.org\",\"@graph\":[{\"@type\":\"NewsArticle\",\"@id\":\"https:\/\/www.gaveanews.com\/index.php\/2024\/04\/17\/a-declaracao-de-abel-ferreira-sobre-gabigol\/#article\",\"isPartOf\":{\"@id\":\"https:\/\/www.gaveanews.com\/index.php\/2024\/04\/17\/a-declaracao-de-abel-ferreira-sobre-gabigol\/\"},\"author\":{\"name\":\"Equipe G\u00e1vea News\",\"@id\":\"https:\/\/www.gaveanews.com\/#\/schema\/person\/2ec14f73fb96be2caf28f91afb14749d\"},\"headline\":\"A declara\u00e7\u00e3o de Abel Ferreira sobre Gabigol\",\"datePublished\":\"2024-04-18T02:18:10+00:00\",\"dateModified\":\"2024-04-18T04:06:10+00:00\",\"mainEntityOfPage\":{\"@id\":\"https:\/\/www.gaveanews.com\/index.php\/2024\/04\/17\/a-declaracao-de-abel-ferreira-sobre-gabigol\/\"},\"wordCount\":373,\"commentCount\":0,\"image\":{\"@id\":\"https:\/\/www.gaveanews.com\/index.php\/2024\/04\/17\/a-declaracao-de-abel-ferreira-sobre-gabigol\/#primaryimage\"},\"thumbnailUrl\":\"https:\/\/www.gaveanews.com\/wp-content\/uploads\/chrome_ODu3uwWaKP.webp\",\"articleSection\":[\"Flamengo\",\"Palmeiras\"],\"inLanguage\":\"pt-BR\",\"potentialAction\":[{\"@type\":\"CommentAction\",\"name\":\"Comment\",\"target\":[\"https:\/\/www.gaveanews.com\/index.php\/2024\/04\/17\/a-declaracao-de-abel-ferreira-sobre-gabigol\/#respond\"]}],\"copyrightYear\":\"2024\",\"copyrightHolder\":{\"@id\":\"https:\/\/www.gaveanews.com\/#organization\"}},{\"@type\":\"WebPage\",\"@id\":\"https:\/\/www.gaveanews.com\/index.php\/2024\/04\/17\/a-declaracao-de-abel-ferreira-sobre-gabigol\/\",\"url\":\"https:\/\/www.gaveanews.com\/index.php\/2024\/04\/17\/a-declaracao-de-abel-ferreira-sobre-gabigol\/\",\"name\":\"A declara\u00e7\u00e3o de Abel Ferreira sobre Gabigol\",\"isPartOf\":{\"@id\":\"https:\/\/www.gaveanews.com\/#website\"},\"primaryImageOfPage\":{\"@id\":\"https:\/\/www.gaveanews.com\/index.php\/2024\/04\/17\/a-declaracao-de-abel-ferreira-sobre-gabigol\/#primaryimage\"},\"image\":{\"@id\":\"https:\/\/www.gaveanews.com\/index.php\/2024\/04\/17\/a-declaracao-de-abel-ferreira-sobre-gabigol\/#primaryimage\"},\"thumbnailUrl\":\"https:\/\/www.gaveanews.com\/wp-content\/uploads\/chrome_ODu3uwWaKP.webp\",\"datePublished\":\"2024-04-18T02:18:10+00:00\",\"dateModified\":\"2024-04-18T04:06:10+00:00\",\"author\":{\"@id\":\"https:\/\/www.gaveanews.com\/#\/schema\/person\/2ec14f73fb96be2caf28f91afb14749d\"},\"breadcrumb\":{\"@id\":\"https:\/\/www.gaveanews.com\/index.php\/2024\/04\/17\/a-declaracao-de-abel-ferreira-sobre-gabigol\/#breadcrumb\"},\"inLanguage\":\"pt-BR\",\"potentialAction\":[{\"@type\":\"ReadAction\",\"target\":[\"https:\/\/www.gaveanews.com\/index.php\/2024\/04\/17\/a-declaracao-de-abel-ferreira-sobre-gabigol\/\"]}]},{\"@type\":\"ImageObject\",\"inLanguage\":\"pt-BR\",\"@id\":\"https:\/\/www.gaveanews.com\/index.php\/2024\/04\/17\/a-declaracao-de-abel-ferreira-sobre-gabigol\/#primaryimage\",\"url\":\"https:\/\/www.gaveanews.com\/wp-content\/uploads\/chrome_ODu3uwWaKP.webp\",\"contentUrl\":\"https:\/\/www.gaveanews.com\/wp-content\/uploads\/chrome_ODu3uwWaKP.webp\",\"width\":840,\"height\":510,\"caption\":\"Abel Ferreira em Jogo pelo Palmeiras - Foto Reprodu\u00e7\u00e3o\"},{\"@type\":\"BreadcrumbList\",\"@id\":\"https:\/\/www.gaveanews.com\/index.php\/2024\/04\/17\/a-declaracao-de-abel-ferreira-sobre-gabigol\/#breadcrumb\",\"itemListElement\":[{\"@type\":\"ListItem\",\"position\":1,\"name\":\"Home\",\"item\":\"https:\/\/www.gaveanews.com\/\"},{\"@type\":\"ListItem\",\"position\":2,\"name\":\"A declara\u00e7\u00e3o de Abel Ferreira sobre Gabigol\"}]},{\"@type\":\"WebSite\",\"@id\":\"https:\/\/www.gaveanews.com\/#website\",\"url\":\"https:\/\/www.gaveanews.com\/\",\"name\":\"G\u00e1vea News\",\"description\":\"Veja todas as not\u00edcias sobre o Flamengo: Contrata\u00e7\u00f5es, categorias de base, resultados das partidas, tabela de classifica\u00e7\u00e3o, pr\u00f3ximos jogos!\",\"potentialAction\":[{\"@type\":\"SearchAction\",\"target\":{\"@type\":\"EntryPoint\",\"urlTemplate\":\"https:\/\/www.gaveanews.com\/?s={search_term_string}\"},\"query-input\":{\"@type\":\"PropertyValueSpecification\",\"valueRequired\":true,\"valueName\":\"search_term_string\"}}],\"inLanguage\":\"pt-BR\"},{\"@type\":\"Person\",\"@id\":\"https:\/\/www.gaveanews.com\/#\/schema\/person\/2ec14f73fb96be2caf28f91afb14749d\",\"name\":\"Equipe G\u00e1vea News\",\"image\":{\"@type\":\"ImageObject\",\"inLanguage\":\"pt-BR\",\"@id\":\"https:\/\/www.gaveanews.com\/#\/schema\/person\/image\/\",\"url\":\"https:\/\/secure.gravatar.com\/avatar\/1e1956f1facbffd3f8fa53a326721950116b3b9dc9bd44939c01180fd4a745a9?s=96&d=mm&r=g\",\"contentUrl\":\"https:\/\/secure.gravatar.com\/avatar\/1e1956f1facbffd3f8fa53a326721950116b3b9dc9bd44939c01180fd4a745a9?s=96&d=mm&r=g\",\"caption\":\"Equipe G\u00e1vea News\"}}]}<\/script>\n<!-- \/ Yoast SEO Premium plugin. -->","yoast_head_json":{"title":"A declara\u00e7\u00e3o de Abel Ferreira sobre Gabigol","robots":{"index":"index","follow":"follow","max-snippet":"max-snippet:-1","max-image-preview":"max-image-preview:large","max-video-preview":"max-video-preview:-1"},"canonical":"https:\/\/www.gaveanews.com\/index.php\/2024\/04\/17\/a-declaracao-de-abel-ferreira-sobre-gabigol\/","og_locale":"pt_BR","og_type":"article","og_title":"A declara\u00e7\u00e3o de Abel Ferreira sobre Gabigol","og_description":"O Palmeiras e seu t\u00e9cnico, Abel Ferreira, est\u00e3o em busca de um substituto para o jovem talento Endrick, que se prepara para se juntar ao Real Madrid em julho deste ano, assim que completar 18 anos. A sa\u00edda da promessa levantou discuss\u00f5es sobre quem poderia preencher essa lacuna no elenco alviverde, com olhares se voltando [&hellip;]","og_url":"https:\/\/www.gaveanews.com\/index.php\/2024\/04\/17\/a-declaracao-de-abel-ferreira-sobre-gabigol\/","og_site_name":"G\u00e1vea News","article_publisher":"https:\/\/facebook.com\/gaveaNews\/","article_published_time":"2024-04-18T02:18:10+00:00","article_modified_time":"2024-04-18T04:06:10+00:00","og_image":[{"width":840,"height":510,"url":"https:\/\/www.gaveanews.com\/wp-content\/uploads\/chrome_ODu3uwWaKP.webp","type":"image\/png"}],"author":"Equipe G\u00e1vea News","twitter_card":"summary_large_image","twitter_misc":{"Escrito por":"Equipe G\u00e1vea News","Est. tempo de leitura":"3 minutos"},"schema":{"@context":"https:\/\/schema.org","@graph":[{"@type":"NewsArticle","@id":"https:\/\/www.gaveanews.com\/index.php\/2024\/04\/17\/a-declaracao-de-abel-ferreira-sobre-gabigol\/#article","isPartOf":{"@id":"https:\/\/www.gaveanews.com\/index.php\/2024\/04\/17\/a-declaracao-de-abel-ferreira-sobre-gabigol\/"},"author":{"name":"Equipe G\u00e1vea News","@id":"https:\/\/www.gaveanews.com\/#\/schema\/person\/2ec14f73fb96be2caf28f91afb14749d"},"headline":"A declara\u00e7\u00e3o de Abel Ferreira sobre Gabigol","datePublished":"2024-04-18T02:18:10+00:00","dateModified":"2024-04-18T04:06:10+00:00","mainEntityOfPage":{"@id":"https:\/\/www.gaveanews.com\/index.php\/2024\/04\/17\/a-declaracao-de-abel-ferreira-sobre-gabigol\/"},"wordCount":373,"commentCount":0,"image":{"@id":"https:\/\/www.gaveanews.com\/index.php\/2024\/04\/17\/a-declaracao-de-abel-ferreira-sobre-gabigol\/#primaryimage"},"thumbnailUrl":"https:\/\/www.gaveanews.com\/wp-content\/uploads\/chrome_ODu3uwWaKP.webp","articleSection":["Flamengo","Palmeiras"],"inLanguage":"pt-BR","potentialAction":[{"@type":"CommentAction","name":"Comment","target":["https:\/\/www.gaveanews.com\/index.php\/2024\/04\/17\/a-declaracao-de-abel-ferreira-sobre-gabigol\/#respond"]}],"copyrightYear":"2024","copyrightHolder":{"@id":"https:\/\/www.gaveanews.com\/#organization"}},{"@type":"WebPage","@id":"https:\/\/www.gaveanews.com\/index.php\/2024\/04\/17\/a-declaracao-de-abel-ferreira-sobre-gabigol\/","url":"https:\/\/www.gaveanews.com\/index.php\/2024\/04\/17\/a-declaracao-de-abel-ferreira-sobre-gabigol\/","name":"A declara\u00e7\u00e3o de Abel Ferreira sobre Gabigol","isPartOf":{"@id":"https:\/\/www.gaveanews.com\/#website"},"primaryImageOfPage":{"@id":"https:\/\/www.gaveanews.com\/index.php\/2024\/04\/17\/a-declaracao-de-abel-ferreira-sobre-gabigol\/#primaryimage"},"image":{"@id":"https:\/\/www.gaveanews.com\/index.php\/2024\/04\/17\/a-declaracao-de-abel-ferreira-sobre-gabigol\/#primaryimage"},"thumbnailUrl":"https:\/\/www.gaveanews.com\/wp-content\/uploads\/chrome_ODu3uwWaKP.webp","datePublished":"2024-04-18T02:18:10+00:00","dateModified":"2024-04-18T04:06:10+00:00","author":{"@id":"https:\/\/www.gaveanews.com\/#\/schema\/person\/2ec14f73fb96be2caf28f91afb14749d"},"breadcrumb":{"@id":"https:\/\/www.gaveanews.com\/index.php\/2024\/04\/17\/a-declaracao-de-abel-ferreira-sobre-gabigol\/#breadcrumb"},"inLanguage":"pt-BR","potentialAction":[{"@type":"ReadAction","target":["https:\/\/www.gaveanews.com\/index.php\/2024\/04\/17\/a-declaracao-de-abel-ferreira-sobre-gabigol\/"]}]},{"@type":"ImageObject","inLanguage":"pt-BR","@id":"https:\/\/www.gaveanews.com\/index.php\/2024\/04\/17\/a-declaracao-de-abel-ferreira-sobre-gabigol\/#primaryimage","url":"https:\/\/www.gaveanews.com\/wp-content\/uploads\/chrome_ODu3uwWaKP.webp","contentUrl":"https:\/\/www.gaveanews.com\/wp-content\/uploads\/chrome_ODu3uwWaKP.webp","width":840,"height":510,"caption":"Abel Ferreira em Jogo pelo Palmeiras - Foto Reprodu\u00e7\u00e3o"},{"@type":"BreadcrumbList","@id":"https:\/\/www.gaveanews.com\/index.php\/2024\/04\/17\/a-declaracao-de-abel-ferreira-sobre-gabigol\/#breadcrumb","itemListElement":[{"@type":"ListItem","position":1,"name":"Home","item":"https:\/\/www.gaveanews.com\/"},{"@type":"ListItem","position":2,"name":"A declara\u00e7\u00e3o de Abel Ferreira sobre Gabigol"}]},{"@type":"WebSite","@id":"https:\/\/www.gaveanews.com\/#website","url":"https:\/\/www.gaveanews.com\/","name":"G\u00e1vea News","description":"Veja todas as not\u00edcias sobre o Flamengo: Contrata\u00e7\u00f5es, categorias de base, resultados das partidas, tabela de classifica\u00e7\u00e3o, pr\u00f3ximos jogos!","potentialAction":[{"@type":"SearchAction","target":{"@type":"EntryPoint","urlTemplate":"https:\/\/www.gaveanews.com\/?s={search_term_string}"},"query-input":{"@type":"PropertyValueSpecification","valueRequired":true,"valueName":"search_term_string"}}],"inLanguage":"pt-BR"},{"@type":"Person","@id":"https:\/\/www.gaveanews.com\/#\/schema\/person\/2ec14f73fb96be2caf28f91afb14749d","name":"Equipe G\u00e1vea News","image":{"@type":"ImageObject","inLanguage":"pt-BR","@id":"https:\/\/www.gaveanews.com\/#\/schema\/person\/image\/","url":"https:\/\/secure.gravatar.com\/avatar\/1e1956f1facbffd3f8fa53a326721950116b3b9dc9bd44939c01180fd4a745a9?s=96&d=mm&r=g","contentUrl":"https:\/\/secure.gravatar.com\/avatar\/1e1956f1facbffd3f8fa53a326721950116b3b9dc9bd44939c01180fd4a745a9?s=96&d=mm&r=g","caption":"Equipe G\u00e1vea News"}}]}},"_links":{"self":[{"href":"https:\/\/www.gaveanews.com\/index.php\/wp-json\/wp\/v2\/posts\/138619","targetHints":{"allow":["GET"]}}],"collection":[{"href":"https:\/\/www.gaveanews.com\/index.php\/wp-json\/wp\/v2\/posts"}],"about":[{"href":"https:\/\/www.gaveanews.com\/index.php\/wp-json\/wp\/v2\/types\/post"}],"author":[{"embeddable":true,"href":"https:\/\/www.gaveanews.com\/index.php\/wp-json\/wp\/v2\/users\/1"}],"replies":[{"embeddable":true,"href":"https:\/\/www.gaveanews.com\/index.php\/wp-json\/wp\/v2\/comments?post=138619"}],"version-history":[{"count":4,"href":"https:\/\/www.gaveanews.com\/index.php\/wp-json\/wp\/v2\/posts\/138619\/revisions"}],"predecessor-version":[{"id":138654,"href":"https:\/\/www.gaveanews.com\/index.php\/wp-json\/wp\/v2\/posts\/138619\/revisions\/138654"}],"wp:featuredmedia":[{"embeddable":true,"href":"https:\/\/www.gaveanews.com\/index.php\/wp-json\/wp\/v2\/media\/102760"}],"wp:attachment":[{"href":"https:\/\/www.gaveanews.com\/index.php\/wp-json\/wp\/v2\/media?parent=138619"}],"wp:term":[{"taxonomy":"category","embeddable":true,"href":"https:\/\/www.gaveanews.com\/index.php\/wp-json\/wp\/v2\/categories?post=138619"},{"taxonomy":"post_tag","embeddable":true,"href":"https:\/\/www.gaveanews.com\/index.php\/wp-json\/wp\/v2\/tags?post=138619"}],"curies":[{"name":"wp","href":"https:\/\/api.w.org\/{rel}","templated":true}]}}