{"id":138651,"date":"2024-04-18T01:08:55","date_gmt":"2024-04-18T04:08:55","guid":{"rendered":"https:\/\/www.gaveanews.com\/?p=138651"},"modified":"2024-04-18T01:08:57","modified_gmt":"2024-04-18T04:08:57","slug":"abel-ferreira-manda-recado-para-tite","status":"publish","type":"post","link":"https:\/\/www.gaveanews.com\/index.php\/2024\/04\/18\/abel-ferreira-manda-recado-para-tite\/","title":{"rendered":"Abel Ferreira manda recado para Tite"},"content":{"rendered":"\n<p>Flamengo e Palmeiras preparam-se para um confronto importante na pr\u00f3xima rodada do Campeonato Brasileiro. O jogo, marcado para domingo (21 de abril), \u00e0s 16 horas (hor\u00e1rio de Bras\u00edlia), acontecer\u00e1 no Allianz Parque, prometendo ser o principal jogo da terceira rodada.<\/p>\n\n\n\n<p>O confronto ganha destaque n\u00e3o apenas pela qualidade dos jogadores, mas tamb\u00e9m pela presen\u00e7a de dois renomados treinadores. De um lado, Tite, comandante do Flamengo, traz consigo uma bagagem repleta de t\u00edtulos e a experi\u00eancia de ter liderado a sele\u00e7\u00e3o brasileira. Do outro, Abel Ferreira, t\u00e9cnico do Palmeiras, conhecido por v\u00e1rios times conquistados em S\u00e3o Paulo.<\/p>\n\n\n\n<p>Ap\u00f3s a derrota do Palmeiras por 1 a 0 contra o Internacional, Abel Ferreira n\u00e3o poupou elogios ao advers\u00e1rio da pr\u00f3xima rodada. Em sua an\u00e1lise, o t\u00e9cnico portugu\u00eas destacou a superioridade financeira do Flamengo, que segundo ele, permite ao clube carioca contratar jogadores de alto calibre, j\u00e1 prontos para grandes desafios.<\/p>\n\n\n\n<p><em>\u2014 O que eles t\u00eam? T\u00eam mais dinheiro do que o Palmeiras para comprar jogadores feitos. S\u00f3 isso. N\u00e3o sei (se o m\u00e9todo de trabalho \u00e9 parecido). Eu vou analisar o Flamengo a partir de agora, sei que tem um elenco recheado de bons jogadores, um treinador que disse que, se forem (contratados) jogadores para dar base, eles os t\u00eam l\u00e1, (deixou claro) que quer jogadores prontos. Isso foi ele quem disse, n\u00e3o eu<\/em>, come\u00e7ou Abel, antes de complementar:<\/p>\n\n\n\n<p><em>\u2014 Ele tem um treinador que voc\u00eas conhecem t\u00e3o bem ou melhor do que eu com sele\u00e7\u00e3o brasileira, com t\u00edtulos, com muita experi\u00eancia, com muitos mais cabelos brancos do que eu, melhor do que eu. \u00c9 um jogo que vamos discutir como sempre fazemos com todos os nossos rivais, como foi hoje<\/em>, finalizou.<\/p>\n\n\n\n<p>Na tabela do Brasileir\u00e3o, a situa\u00e7\u00e3o das equipes reflete a import\u00e2ncia deste encontro. O Flamengo lidera com 6 pontos, mantendo uma performance perfeita at\u00e9 agora, com duas vit\u00f3rias em dois jogos. J\u00e1 o Palmeiras, com apenas 3 pontos e na 11\u00aa coloca\u00e7\u00e3o, busca reden\u00e7\u00e3o e uma chance de ascender rapidamente na classifica\u00e7\u00e3o.<\/p>\n","protected":false},"excerpt":{"rendered":"<p>Flamengo e Palmeiras preparam-se para um confronto importante na pr\u00f3xima rodada do Campeonato Brasileiro. O jogo, marcado para domingo (21 de abril), \u00e0s 16 horas (hor\u00e1rio de Bras\u00edlia), acontecer\u00e1 no Allianz Parque, prometendo ser o principal jogo da terceira rodada. O confronto ganha destaque n\u00e3o apenas pela qualidade dos jogadores, mas tamb\u00e9m pela presen\u00e7a de [&hellip;]<\/p>\n","protected":false},"author":1,"featured_media":126054,"comment_status":"open","ping_status":"closed","sticky":false,"template":"","format":"standard","meta":{"footnotes":""},"categories":[1,150],"tags":[],"class_list":["post-138651","post","type-post","status-publish","format-standard","has-post-thumbnail","hentry","category-flamengo","category-palmeiras"],"yoast_head":"<!-- This site is optimized with the Yoast SEO Premium plugin v24.2 (Yoast SEO v26.9) - https:\/\/yoast.com\/product\/yoast-seo-premium-wordpress\/ -->\n<title>Abel Ferreira manda recado para Tite<\/title>\n<meta name=\"robots\" content=\"index, follow, max-snippet:-1, max-image-preview:large, max-video-preview:-1\" \/>\n<link rel=\"canonical\" href=\"https:\/\/www.gaveanews.com\/index.php\/2024\/04\/18\/abel-ferreira-manda-recado-para-tite\/\" \/>\n<meta property=\"og:locale\" content=\"pt_BR\" \/>\n<meta property=\"og:type\" content=\"article\" \/>\n<meta property=\"og:title\" content=\"Abel Ferreira manda recado para Tite\" \/>\n<meta property=\"og:description\" content=\"Flamengo e Palmeiras preparam-se para um confronto importante na pr\u00f3xima rodada do Campeonato Brasileiro. O jogo, marcado para domingo (21 de abril), \u00e0s 16 horas (hor\u00e1rio de Bras\u00edlia), acontecer\u00e1 no Allianz Parque, prometendo ser o principal jogo da terceira rodada. O confronto ganha destaque n\u00e3o apenas pela qualidade dos jogadores, mas tamb\u00e9m pela presen\u00e7a de [&hellip;]\" \/>\n<meta property=\"og:url\" content=\"https:\/\/www.gaveanews.com\/index.php\/2024\/04\/18\/abel-ferreira-manda-recado-para-tite\/\" \/>\n<meta property=\"og:site_name\" content=\"G\u00e1vea News\" \/>\n<meta property=\"article:publisher\" content=\"https:\/\/facebook.com\/gaveaNews\/\" \/>\n<meta property=\"article:published_time\" content=\"2024-04-18T04:08:55+00:00\" \/>\n<meta property=\"article:modified_time\" content=\"2024-04-18T04:08:57+00:00\" \/>\n<meta property=\"og:image\" content=\"https:\/\/www.gaveanews.com\/wp-content\/uploads\/tite-treino-flamengo.webp\" \/>\n\t<meta property=\"og:image:width\" content=\"900\" \/>\n\t<meta property=\"og:image:height\" content=\"598\" \/>\n\t<meta property=\"og:image:type\" content=\"image\/jpeg\" \/>\n<meta name=\"author\" content=\"Equipe G\u00e1vea News\" \/>\n<meta name=\"twitter:card\" content=\"summary_large_image\" \/>\n<meta name=\"twitter:label1\" content=\"Escrito por\" \/>\n\t<meta name=\"twitter:data1\" content=\"Equipe G\u00e1vea News\" \/>\n\t<meta name=\"twitter:label2\" content=\"Est. tempo de leitura\" \/>\n\t<meta name=\"twitter:data2\" content=\"3 minutos\" \/>\n<script type=\"application\/ld+json\" class=\"yoast-schema-graph\">{\"@context\":\"https:\/\/schema.org\",\"@graph\":[{\"@type\":\"NewsArticle\",\"@id\":\"https:\/\/www.gaveanews.com\/index.php\/2024\/04\/18\/abel-ferreira-manda-recado-para-tite\/#article\",\"isPartOf\":{\"@id\":\"https:\/\/www.gaveanews.com\/index.php\/2024\/04\/18\/abel-ferreira-manda-recado-para-tite\/\"},\"author\":{\"name\":\"Equipe G\u00e1vea News\",\"@id\":\"https:\/\/www.gaveanews.com\/#\/schema\/person\/2ec14f73fb96be2caf28f91afb14749d\"},\"headline\":\"Abel Ferreira manda recado para Tite\",\"datePublished\":\"2024-04-18T04:08:55+00:00\",\"dateModified\":\"2024-04-18T04:08:57+00:00\",\"mainEntityOfPage\":{\"@id\":\"https:\/\/www.gaveanews.com\/index.php\/2024\/04\/18\/abel-ferreira-manda-recado-para-tite\/\"},\"wordCount\":364,\"commentCount\":0,\"image\":{\"@id\":\"https:\/\/www.gaveanews.com\/index.php\/2024\/04\/18\/abel-ferreira-manda-recado-para-tite\/#primaryimage\"},\"thumbnailUrl\":\"https:\/\/www.gaveanews.com\/wp-content\/uploads\/tite-treino-flamengo.webp\",\"articleSection\":[\"Flamengo\",\"Palmeiras\"],\"inLanguage\":\"pt-BR\",\"potentialAction\":[{\"@type\":\"CommentAction\",\"name\":\"Comment\",\"target\":[\"https:\/\/www.gaveanews.com\/index.php\/2024\/04\/18\/abel-ferreira-manda-recado-para-tite\/#respond\"]}],\"copyrightYear\":\"2024\",\"copyrightHolder\":{\"@id\":\"https:\/\/www.gaveanews.com\/#organization\"}},{\"@type\":\"WebPage\",\"@id\":\"https:\/\/www.gaveanews.com\/index.php\/2024\/04\/18\/abel-ferreira-manda-recado-para-tite\/\",\"url\":\"https:\/\/www.gaveanews.com\/index.php\/2024\/04\/18\/abel-ferreira-manda-recado-para-tite\/\",\"name\":\"Abel Ferreira manda recado para Tite\",\"isPartOf\":{\"@id\":\"https:\/\/www.gaveanews.com\/#website\"},\"primaryImageOfPage\":{\"@id\":\"https:\/\/www.gaveanews.com\/index.php\/2024\/04\/18\/abel-ferreira-manda-recado-para-tite\/#primaryimage\"},\"image\":{\"@id\":\"https:\/\/www.gaveanews.com\/index.php\/2024\/04\/18\/abel-ferreira-manda-recado-para-tite\/#primaryimage\"},\"thumbnailUrl\":\"https:\/\/www.gaveanews.com\/wp-content\/uploads\/tite-treino-flamengo.webp\",\"datePublished\":\"2024-04-18T04:08:55+00:00\",\"dateModified\":\"2024-04-18T04:08:57+00:00\",\"author\":{\"@id\":\"https:\/\/www.gaveanews.com\/#\/schema\/person\/2ec14f73fb96be2caf28f91afb14749d\"},\"breadcrumb\":{\"@id\":\"https:\/\/www.gaveanews.com\/index.php\/2024\/04\/18\/abel-ferreira-manda-recado-para-tite\/#breadcrumb\"},\"inLanguage\":\"pt-BR\",\"potentialAction\":[{\"@type\":\"ReadAction\",\"target\":[\"https:\/\/www.gaveanews.com\/index.php\/2024\/04\/18\/abel-ferreira-manda-recado-para-tite\/\"]}]},{\"@type\":\"ImageObject\",\"inLanguage\":\"pt-BR\",\"@id\":\"https:\/\/www.gaveanews.com\/index.php\/2024\/04\/18\/abel-ferreira-manda-recado-para-tite\/#primaryimage\",\"url\":\"https:\/\/www.gaveanews.com\/wp-content\/uploads\/tite-treino-flamengo.webp\",\"contentUrl\":\"https:\/\/www.gaveanews.com\/wp-content\/uploads\/tite-treino-flamengo.webp\",\"width\":900,\"height\":598,\"caption\":\"Tite em treino do Flamengo (Foto: Marcelo Cortes\/Flamengo)\"},{\"@type\":\"BreadcrumbList\",\"@id\":\"https:\/\/www.gaveanews.com\/index.php\/2024\/04\/18\/abel-ferreira-manda-recado-para-tite\/#breadcrumb\",\"itemListElement\":[{\"@type\":\"ListItem\",\"position\":1,\"name\":\"Home\",\"item\":\"https:\/\/www.gaveanews.com\/\"},{\"@type\":\"ListItem\",\"position\":2,\"name\":\"Abel Ferreira manda recado para Tite\"}]},{\"@type\":\"WebSite\",\"@id\":\"https:\/\/www.gaveanews.com\/#website\",\"url\":\"https:\/\/www.gaveanews.com\/\",\"name\":\"G\u00e1vea News\",\"description\":\"Veja todas as not\u00edcias sobre o Flamengo: Contrata\u00e7\u00f5es, categorias de base, resultados das partidas, tabela de classifica\u00e7\u00e3o, pr\u00f3ximos jogos!\",\"potentialAction\":[{\"@type\":\"SearchAction\",\"target\":{\"@type\":\"EntryPoint\",\"urlTemplate\":\"https:\/\/www.gaveanews.com\/?s={search_term_string}\"},\"query-input\":{\"@type\":\"PropertyValueSpecification\",\"valueRequired\":true,\"valueName\":\"search_term_string\"}}],\"inLanguage\":\"pt-BR\"},{\"@type\":\"Person\",\"@id\":\"https:\/\/www.gaveanews.com\/#\/schema\/person\/2ec14f73fb96be2caf28f91afb14749d\",\"name\":\"Equipe G\u00e1vea News\",\"image\":{\"@type\":\"ImageObject\",\"inLanguage\":\"pt-BR\",\"@id\":\"https:\/\/www.gaveanews.com\/#\/schema\/person\/image\/\",\"url\":\"https:\/\/secure.gravatar.com\/avatar\/1e1956f1facbffd3f8fa53a326721950116b3b9dc9bd44939c01180fd4a745a9?s=96&d=mm&r=g\",\"contentUrl\":\"https:\/\/secure.gravatar.com\/avatar\/1e1956f1facbffd3f8fa53a326721950116b3b9dc9bd44939c01180fd4a745a9?s=96&d=mm&r=g\",\"caption\":\"Equipe G\u00e1vea News\"}}]}<\/script>\n<!-- \/ Yoast SEO Premium plugin. -->","yoast_head_json":{"title":"Abel Ferreira manda recado para Tite","robots":{"index":"index","follow":"follow","max-snippet":"max-snippet:-1","max-image-preview":"max-image-preview:large","max-video-preview":"max-video-preview:-1"},"canonical":"https:\/\/www.gaveanews.com\/index.php\/2024\/04\/18\/abel-ferreira-manda-recado-para-tite\/","og_locale":"pt_BR","og_type":"article","og_title":"Abel Ferreira manda recado para Tite","og_description":"Flamengo e Palmeiras preparam-se para um confronto importante na pr\u00f3xima rodada do Campeonato Brasileiro. O jogo, marcado para domingo (21 de abril), \u00e0s 16 horas (hor\u00e1rio de Bras\u00edlia), acontecer\u00e1 no Allianz Parque, prometendo ser o principal jogo da terceira rodada. O confronto ganha destaque n\u00e3o apenas pela qualidade dos jogadores, mas tamb\u00e9m pela presen\u00e7a de [&hellip;]","og_url":"https:\/\/www.gaveanews.com\/index.php\/2024\/04\/18\/abel-ferreira-manda-recado-para-tite\/","og_site_name":"G\u00e1vea News","article_publisher":"https:\/\/facebook.com\/gaveaNews\/","article_published_time":"2024-04-18T04:08:55+00:00","article_modified_time":"2024-04-18T04:08:57+00:00","og_image":[{"width":900,"height":598,"url":"https:\/\/www.gaveanews.com\/wp-content\/uploads\/tite-treino-flamengo.webp","type":"image\/jpeg"}],"author":"Equipe G\u00e1vea News","twitter_card":"summary_large_image","twitter_misc":{"Escrito por":"Equipe G\u00e1vea News","Est. tempo de leitura":"3 minutos"},"schema":{"@context":"https:\/\/schema.org","@graph":[{"@type":"NewsArticle","@id":"https:\/\/www.gaveanews.com\/index.php\/2024\/04\/18\/abel-ferreira-manda-recado-para-tite\/#article","isPartOf":{"@id":"https:\/\/www.gaveanews.com\/index.php\/2024\/04\/18\/abel-ferreira-manda-recado-para-tite\/"},"author":{"name":"Equipe G\u00e1vea News","@id":"https:\/\/www.gaveanews.com\/#\/schema\/person\/2ec14f73fb96be2caf28f91afb14749d"},"headline":"Abel Ferreira manda recado para Tite","datePublished":"2024-04-18T04:08:55+00:00","dateModified":"2024-04-18T04:08:57+00:00","mainEntityOfPage":{"@id":"https:\/\/www.gaveanews.com\/index.php\/2024\/04\/18\/abel-ferreira-manda-recado-para-tite\/"},"wordCount":364,"commentCount":0,"image":{"@id":"https:\/\/www.gaveanews.com\/index.php\/2024\/04\/18\/abel-ferreira-manda-recado-para-tite\/#primaryimage"},"thumbnailUrl":"https:\/\/www.gaveanews.com\/wp-content\/uploads\/tite-treino-flamengo.webp","articleSection":["Flamengo","Palmeiras"],"inLanguage":"pt-BR","potentialAction":[{"@type":"CommentAction","name":"Comment","target":["https:\/\/www.gaveanews.com\/index.php\/2024\/04\/18\/abel-ferreira-manda-recado-para-tite\/#respond"]}],"copyrightYear":"2024","copyrightHolder":{"@id":"https:\/\/www.gaveanews.com\/#organization"}},{"@type":"WebPage","@id":"https:\/\/www.gaveanews.com\/index.php\/2024\/04\/18\/abel-ferreira-manda-recado-para-tite\/","url":"https:\/\/www.gaveanews.com\/index.php\/2024\/04\/18\/abel-ferreira-manda-recado-para-tite\/","name":"Abel Ferreira manda recado para Tite","isPartOf":{"@id":"https:\/\/www.gaveanews.com\/#website"},"primaryImageOfPage":{"@id":"https:\/\/www.gaveanews.com\/index.php\/2024\/04\/18\/abel-ferreira-manda-recado-para-tite\/#primaryimage"},"image":{"@id":"https:\/\/www.gaveanews.com\/index.php\/2024\/04\/18\/abel-ferreira-manda-recado-para-tite\/#primaryimage"},"thumbnailUrl":"https:\/\/www.gaveanews.com\/wp-content\/uploads\/tite-treino-flamengo.webp","datePublished":"2024-04-18T04:08:55+00:00","dateModified":"2024-04-18T04:08:57+00:00","author":{"@id":"https:\/\/www.gaveanews.com\/#\/schema\/person\/2ec14f73fb96be2caf28f91afb14749d"},"breadcrumb":{"@id":"https:\/\/www.gaveanews.com\/index.php\/2024\/04\/18\/abel-ferreira-manda-recado-para-tite\/#breadcrumb"},"inLanguage":"pt-BR","potentialAction":[{"@type":"ReadAction","target":["https:\/\/www.gaveanews.com\/index.php\/2024\/04\/18\/abel-ferreira-manda-recado-para-tite\/"]}]},{"@type":"ImageObject","inLanguage":"pt-BR","@id":"https:\/\/www.gaveanews.com\/index.php\/2024\/04\/18\/abel-ferreira-manda-recado-para-tite\/#primaryimage","url":"https:\/\/www.gaveanews.com\/wp-content\/uploads\/tite-treino-flamengo.webp","contentUrl":"https:\/\/www.gaveanews.com\/wp-content\/uploads\/tite-treino-flamengo.webp","width":900,"height":598,"caption":"Tite em treino do Flamengo (Foto: Marcelo Cortes\/Flamengo)"},{"@type":"BreadcrumbList","@id":"https:\/\/www.gaveanews.com\/index.php\/2024\/04\/18\/abel-ferreira-manda-recado-para-tite\/#breadcrumb","itemListElement":[{"@type":"ListItem","position":1,"name":"Home","item":"https:\/\/www.gaveanews.com\/"},{"@type":"ListItem","position":2,"name":"Abel Ferreira manda recado para Tite"}]},{"@type":"WebSite","@id":"https:\/\/www.gaveanews.com\/#website","url":"https:\/\/www.gaveanews.com\/","name":"G\u00e1vea News","description":"Veja todas as not\u00edcias sobre o Flamengo: Contrata\u00e7\u00f5es, categorias de base, resultados das partidas, tabela de classifica\u00e7\u00e3o, pr\u00f3ximos jogos!","potentialAction":[{"@type":"SearchAction","target":{"@type":"EntryPoint","urlTemplate":"https:\/\/www.gaveanews.com\/?s={search_term_string}"},"query-input":{"@type":"PropertyValueSpecification","valueRequired":true,"valueName":"search_term_string"}}],"inLanguage":"pt-BR"},{"@type":"Person","@id":"https:\/\/www.gaveanews.com\/#\/schema\/person\/2ec14f73fb96be2caf28f91afb14749d","name":"Equipe G\u00e1vea News","image":{"@type":"ImageObject","inLanguage":"pt-BR","@id":"https:\/\/www.gaveanews.com\/#\/schema\/person\/image\/","url":"https:\/\/secure.gravatar.com\/avatar\/1e1956f1facbffd3f8fa53a326721950116b3b9dc9bd44939c01180fd4a745a9?s=96&d=mm&r=g","contentUrl":"https:\/\/secure.gravatar.com\/avatar\/1e1956f1facbffd3f8fa53a326721950116b3b9dc9bd44939c01180fd4a745a9?s=96&d=mm&r=g","caption":"Equipe G\u00e1vea News"}}]}},"_links":{"self":[{"href":"https:\/\/www.gaveanews.com\/index.php\/wp-json\/wp\/v2\/posts\/138651","targetHints":{"allow":["GET"]}}],"collection":[{"href":"https:\/\/www.gaveanews.com\/index.php\/wp-json\/wp\/v2\/posts"}],"about":[{"href":"https:\/\/www.gaveanews.com\/index.php\/wp-json\/wp\/v2\/types\/post"}],"author":[{"embeddable":true,"href":"https:\/\/www.gaveanews.com\/index.php\/wp-json\/wp\/v2\/users\/1"}],"replies":[{"embeddable":true,"href":"https:\/\/www.gaveanews.com\/index.php\/wp-json\/wp\/v2\/comments?post=138651"}],"version-history":[{"count":1,"href":"https:\/\/www.gaveanews.com\/index.php\/wp-json\/wp\/v2\/posts\/138651\/revisions"}],"predecessor-version":[{"id":138655,"href":"https:\/\/www.gaveanews.com\/index.php\/wp-json\/wp\/v2\/posts\/138651\/revisions\/138655"}],"wp:featuredmedia":[{"embeddable":true,"href":"https:\/\/www.gaveanews.com\/index.php\/wp-json\/wp\/v2\/media\/126054"}],"wp:attachment":[{"href":"https:\/\/www.gaveanews.com\/index.php\/wp-json\/wp\/v2\/media?parent=138651"}],"wp:term":[{"taxonomy":"category","embeddable":true,"href":"https:\/\/www.gaveanews.com\/index.php\/wp-json\/wp\/v2\/categories?post=138651"},{"taxonomy":"post_tag","embeddable":true,"href":"https:\/\/www.gaveanews.com\/index.php\/wp-json\/wp\/v2\/tags?post=138651"}],"curies":[{"name":"wp","href":"https:\/\/api.w.org\/{rel}","templated":true}]}}