{"id":138844,"date":"2024-04-19T06:00:00","date_gmt":"2024-04-19T09:00:00","guid":{"rendered":"https:\/\/www.gaveanews.com\/?p=138844"},"modified":"2024-04-19T00:44:39","modified_gmt":"2024-04-19T03:44:39","slug":"cria-do-flamengo-assina-com-time-da-europa-jogo-contra-o-palmeiras-sofre-alteracao-e-cbf-surpreende-diretoria-veja-as-ultimas-noticias-do-flamengo","status":"publish","type":"post","link":"https:\/\/www.gaveanews.com\/index.php\/2024\/04\/19\/cria-do-flamengo-assina-com-time-da-europa-jogo-contra-o-palmeiras-sofre-alteracao-e-cbf-surpreende-diretoria-veja-as-ultimas-noticias-do-flamengo\/","title":{"rendered":"Cria do Flamengo assina com time da Europa, jogo contra o Palmeiras sofre altera\u00e7\u00e3o e CBF surpreende diretoria: veja as \u00faltimas not\u00edcias do Flamengo"},"content":{"rendered":"\n<p>Nas \u00faltimas horas, o foco das not\u00edcias sobre o Flamengo concentra-se nos bastidores do clube, com destaques como um cria do Flamengo assinando com um time da Europa e a CBF surpreendendo a diretoria.<\/p>\n\n\n\n<p>Por conta deste contexto, leia abaixo um resumo preparado pela equipe do portal G\u00e1vea News para lhe manter muito bem informado!<\/p>\n\n\n\n<h2 class=\"wp-block-heading\" id=\"h-jogo-contra-o-palmeiras-sofre-alteracao\">Jogo contra o Palmeiras sofre altera\u00e7\u00e3o<\/h2>\n\n\n\n<figure class=\"wp-block-image size-full\"><img loading=\"lazy\" decoding=\"async\" width=\"900\" height=\"600\" src=\"https:\/\/www.gaveanews.com\/wp-content\/uploads\/arrascaeta-flamengo-palmeiras.webp\" alt=\"\" class=\"wp-image-110919\" srcset=\"https:\/\/www.gaveanews.com\/wp-content\/uploads\/arrascaeta-flamengo-palmeiras.webp 900w, https:\/\/www.gaveanews.com\/wp-content\/uploads\/arrascaeta-flamengo-palmeiras-300x200.webp 300w, https:\/\/www.gaveanews.com\/wp-content\/uploads\/arrascaeta-flamengo-palmeiras-768x512.webp 768w, https:\/\/www.gaveanews.com\/wp-content\/uploads\/arrascaeta-flamengo-palmeiras-630x420.webp 630w, https:\/\/www.gaveanews.com\/wp-content\/uploads\/arrascaeta-flamengo-palmeiras-640x427.webp 640w, https:\/\/www.gaveanews.com\/wp-content\/uploads\/arrascaeta-flamengo-palmeiras-681x454.webp 681w, https:\/\/www.gaveanews.com\/wp-content\/uploads\/arrascaeta-flamengo-palmeiras-100x67.webp 100w\" sizes=\"auto, (max-width: 900px) 100vw, 900px\" \/><figcaption class=\"wp-element-caption\">Arrascaeta em a\u00e7\u00e3o pelo Flamengo contra o Palmeiras (Foto: Gilvan de Souza\/Flamengo)<\/figcaption><\/figure>\n\n\n\n<p>O jogo entre Flamengo e Palmeiras, duas das principais equipes do futebol brasileiro, est\u00e1 cercado de grandes expectativas, especialmente ap\u00f3s o Flamengo ter vencido o \u00faltimo confronto entre eles por 3 a 0 no Maracan\u00e3, durante o Campeonato Brasileiro de 2023. Essa vit\u00f3ria recente do Flamengo eleva a tens\u00e3o e o interesse pelo pr\u00f3ximo jogo, marcado para ocorrer no Allianz Parque, o que indica a import\u00e2ncia desse duelo no contexto atual do campeonato.<\/p>\n\n\n\n<p>Para este pr\u00f3ximo encontro, que acontecer\u00e1 pela terceira rodada do Campeonato Brasileiro, o Palmeiras fez uma mudan\u00e7a estrat\u00e9gica ao escolher o Allianz Parque como local do jogo, apesar de uma capacidade reduzida devido a um evento musical no mesmo fim de semana. Essa decis\u00e3o reflete uma t\u00e1tica do Palmeiras de enfrentar o Flamengo em seu est\u00e1dio habitual, contrastando com a escolha da Arena Barueri para outros jogos, como contra o Internacional, indicando a especial signific\u00e2ncia que o confronto com o Flamengo possui para o clube.<\/p>\n\n\n\n<p>A escolha do Palmeiras em jogar no Allianz Parque, mesmo com uma expectativa de menor p\u00fablico, revela uma prefer\u00eancia por manter a vantagem de jogar em seu pr\u00f3prio territ\u00f3rio frente a um advers\u00e1rio de peso. Isso demonstra a relev\u00e2ncia da vantagem de campo, considerada crucial pelo Palmeiras contra um time forte como o Flamengo, apesar das limita\u00e7\u00f5es de p\u00fablico. Esta decis\u00e3o, embora arriscada, sublinha a estrat\u00e9gia do Palmeiras de maximizar suas chances de vit\u00f3ria em confrontos chave, marcando a partida como um dos momentos mais esperados do campeonato.<\/p>\n\n\n\n<h2 class=\"wp-block-heading\" id=\"h-cria-do-flamengo-assina-com-time-da-europa\">Cria do Flamengo assina com time da Europa<\/h2>\n\n\n\n<figure class=\"wp-block-image size-full\"><img decoding=\"async\" src=\"https:\/\/www.gaveanews.com\/wp-content\/uploads\/Lincoln-em-acao-durante-uma-partida-do-Flamengo.webp\" alt=\"\" class=\"wp-image-28960\"\/><figcaption class=\"wp-element-caption\">Lincoln em a\u00e7\u00e3o durante uma partida do Flamengo (Foto: Alexandre Vidal\/Flamengo)<\/figcaption><\/figure>\n\n\n\n<p>Lincoln, um jovem talento revelado nas categorias de base do Flamengo, fez sua estreia no time profissional com apenas 16 anos. Durante sua estadia no clube carioca, participou de 62 jogos, come\u00e7ando como titular em 14 ocasi\u00f5es. Apesar de fazer parte da equipe que conquistou m\u00faltiplos t\u00edtulos em 2019, Lincoln n\u00e3o conseguiu se consolidar como um membro permanente do elenco principal do Flamengo.<\/p>\n\n\n\n<p>Em janeiro de 2021, Lincoln foi transferido do Flamengo para o Vissel Kobe, no Jap\u00e3o, em uma negocia\u00e7\u00e3o que envolveu 3 milh\u00f5es de d\u00f3lares. Depois de sua experi\u00eancia no futebol japon\u00eas, ele se transferiu para o SCR Altach, na \u00c1ustria, sem que o Flamengo recebesse compensa\u00e7\u00e3o financeira adicional, mesmo mantendo 20% dos direitos econ\u00f4micos do jogador. Esta mudan\u00e7a marca uma nova fase na carreira do atacante, proporcionando-lhe a chance de provar seu valor em um ambiente europeu.<\/p>\n\n\n\n<p>A transfer\u00eancia de Lincoln para o SCR Altach foi recebida com entusiasmo pelo clube austr\u00edaco, que celebrou sua chegada com publica\u00e7\u00f5es nas redes sociais exaltando suas habilidades e o apelido &#8220;Joga Bonito&#8221;. Esse movimento reflete o desejo do jogador de enfrentar novos desafios e crescer profissionalmente. Com v\u00e1rias equipes interessadas em seu futebol, a escolha por continuar sua carreira na \u00c1ustria sugere que Lincoln est\u00e1 buscando consolidar sua trajet\u00f3ria no futebol europeu, gerando expectativas entre os torcedores sobre seu impacto e desempenho futuros.<\/p>\n\n\n\n<h2 class=\"wp-block-heading\" id=\"h-cbf-surpreende-diretoria\">CBF surpreende diretoria<\/h2>\n\n\n\n<figure class=\"wp-block-image size-full\"><img loading=\"lazy\" decoding=\"async\" width=\"902\" height=\"600\" src=\"https:\/\/www.gaveanews.com\/wp-content\/uploads\/Rodolfo-Landim-presidente-do-Flamengo-durante-a-premiacao-do-Campeonato-Carioca.webp\" alt=\"\" class=\"wp-image-62889\" srcset=\"https:\/\/www.gaveanews.com\/wp-content\/uploads\/Rodolfo-Landim-presidente-do-Flamengo-durante-a-premiacao-do-Campeonato-Carioca.webp 902w, https:\/\/www.gaveanews.com\/wp-content\/uploads\/Rodolfo-Landim-presidente-do-Flamengo-durante-a-premiacao-do-Campeonato-Carioca-300x200.webp 300w, https:\/\/www.gaveanews.com\/wp-content\/uploads\/Rodolfo-Landim-presidente-do-Flamengo-durante-a-premiacao-do-Campeonato-Carioca-768x511.webp 768w, https:\/\/www.gaveanews.com\/wp-content\/uploads\/Rodolfo-Landim-presidente-do-Flamengo-durante-a-premiacao-do-Campeonato-Carioca-631x420.webp 631w, https:\/\/www.gaveanews.com\/wp-content\/uploads\/Rodolfo-Landim-presidente-do-Flamengo-durante-a-premiacao-do-Campeonato-Carioca-640x426.webp 640w, https:\/\/www.gaveanews.com\/wp-content\/uploads\/Rodolfo-Landim-presidente-do-Flamengo-durante-a-premiacao-do-Campeonato-Carioca-681x453.webp 681w, https:\/\/www.gaveanews.com\/wp-content\/uploads\/Rodolfo-Landim-presidente-do-Flamengo-durante-a-premiacao-do-Campeonato-Carioca-100x67.webp 100w\" sizes=\"auto, (max-width: 902px) 100vw, 902px\" \/><figcaption class=\"wp-element-caption\">Rodolfo Landim, presidente do Flamengo, durante a premia\u00e7\u00e3o do Campeonato Carioca (Foto: Divulga\u00e7\u00e3o)<\/figcaption><\/figure>\n\n\n\n<p>A partida entre Flamengo e Atl\u00e9tico Goianiense ocorreu no \u00faltimo domingo no Est\u00e1dio Serra Dourada, marcando o in\u00edcio do Campeonato Brasileiro para as duas equipes. O jogo resultou em uma vit\u00f3ria do Flamengo por 2 a 1, em um confronto que se mostrou bastante disputado. Esta partida foi particularmente significativa por ser o primeiro jogo de ambas as equipes no campeonato deste ano, colocando o Flamengo em uma posi\u00e7\u00e3o inicialmente vantajosa.<\/p>\n\n\n\n<p>A atua\u00e7\u00e3o do \u00e1rbitro Andr\u00e9 Lu\u00eds gerou controv\u00e9rsia, com cr\u00edticas severas vindas de jogadores, equipe t\u00e9cnica e diretoria do Atl\u00e9tico Goianiense. Rodolfo Landim, presidente do Flamengo, durante um evento na Confedera\u00e7\u00e3o Brasileira de Futebol (CBF), abordou o tema da arbitragem, mencionando um poss\u00edvel erro em uma jogada envolvendo o jogador Ayrton Lucas. Embora reconhecesse a possibilidade de falhas, Landim expressou confian\u00e7a na comiss\u00e3o de arbitragem da CBF, enfatizando a import\u00e2ncia de continuar cobrando melhorias apesar dos desafios inerentes ao sistema de arbitragem no futebol.<\/p>\n\n\n\n<p>Por outro lado, Adson Batista, presidente do Atl\u00e9tico Goianiense, foi muito mais cr\u00edtico em seus coment\u00e1rios sobre a arbitragem, descrevendo-a como uma &#8220;vergonha&#8221; e uma &#8220;m\u00e1fia&#8221; que influencia os resultados dos jogos. Ele enfatizou a integridade e a seriedade com que administra seu clube, que opera sem d\u00edvidas e de maneira equilibrada, contrastando com as dificuldades enfrentadas no futebol devido a tais problemas de arbitragem. As declara\u00e7\u00f5es de Batista refletem um profundo descontentamento com a gest\u00e3o e a influ\u00eancia dos \u00e1rbitros nas partidas, sugerindo a necessidade de reformas significativas no sistema.<\/p>\n","protected":false},"excerpt":{"rendered":"<p>Nas \u00faltimas horas, o foco das not\u00edcias sobre o Flamengo concentra-se nos bastidores do clube, com destaques como um cria do Flamengo assinando com um time da Europa e a CBF surpreendendo a diretoria. Por conta deste contexto, leia abaixo um resumo preparado pela equipe do portal G\u00e1vea News para lhe manter muito bem informado! [&hellip;]<\/p>\n","protected":false},"author":15,"featured_media":123691,"comment_status":"open","ping_status":"closed","sticky":false,"template":"","format":"standard","meta":{"footnotes":""},"categories":[1],"tags":[],"class_list":["post-138844","post","type-post","status-publish","format-standard","has-post-thumbnail","hentry","category-flamengo"],"yoast_head":"<!-- This site is optimized with the Yoast SEO Premium plugin v24.2 (Yoast SEO v26.9) - https:\/\/yoast.com\/product\/yoast-seo-premium-wordpress\/ -->\n<title>Cria do Flamengo assina com time da Europa, jogo contra o Palmeiras sofre altera\u00e7\u00e3o e CBF surpreende diretoria: veja as \u00faltimas not\u00edcias do Flamengo<\/title>\n<meta name=\"robots\" content=\"index, follow, max-snippet:-1, max-image-preview:large, max-video-preview:-1\" \/>\n<link rel=\"canonical\" href=\"https:\/\/www.gaveanews.com\/index.php\/2024\/04\/19\/cria-do-flamengo-assina-com-time-da-europa-jogo-contra-o-palmeiras-sofre-alteracao-e-cbf-surpreende-diretoria-veja-as-ultimas-noticias-do-flamengo\/\" \/>\n<meta property=\"og:locale\" content=\"pt_BR\" \/>\n<meta property=\"og:type\" content=\"article\" \/>\n<meta property=\"og:title\" content=\"Cria do Flamengo assina com time da Europa, jogo contra o Palmeiras sofre altera\u00e7\u00e3o e CBF surpreende diretoria: veja as \u00faltimas not\u00edcias do Flamengo\" \/>\n<meta property=\"og:description\" content=\"Nas \u00faltimas horas, o foco das not\u00edcias sobre o Flamengo concentra-se nos bastidores do clube, com destaques como um cria do Flamengo assinando com um time da Europa e a CBF surpreendendo a diretoria. Por conta deste contexto, leia abaixo um resumo preparado pela equipe do portal G\u00e1vea News para lhe manter muito bem informado! [&hellip;]\" \/>\n<meta property=\"og:url\" content=\"https:\/\/www.gaveanews.com\/index.php\/2024\/04\/19\/cria-do-flamengo-assina-com-time-da-europa-jogo-contra-o-palmeiras-sofre-alteracao-e-cbf-surpreende-diretoria-veja-as-ultimas-noticias-do-flamengo\/\" \/>\n<meta property=\"og:site_name\" content=\"G\u00e1vea News\" \/>\n<meta property=\"article:publisher\" content=\"https:\/\/facebook.com\/gaveaNews\/\" \/>\n<meta property=\"article:published_time\" content=\"2024-04-19T09:00:00+00:00\" \/>\n<meta property=\"og:image\" content=\"https:\/\/www.gaveanews.com\/wp-content\/uploads\/flamengo.webp\" \/>\n\t<meta property=\"og:image:width\" content=\"799\" \/>\n\t<meta property=\"og:image:height\" content=\"532\" \/>\n\t<meta property=\"og:image:type\" content=\"image\/webp\" \/>\n<meta name=\"author\" content=\"Henrique Machado\" \/>\n<meta name=\"twitter:card\" content=\"summary_large_image\" \/>\n<meta name=\"twitter:label1\" content=\"Escrito por\" \/>\n\t<meta name=\"twitter:data1\" content=\"Henrique Machado\" \/>\n\t<meta name=\"twitter:label2\" content=\"Est. tempo de leitura\" \/>\n\t<meta name=\"twitter:data2\" content=\"6 minutos\" \/>\n<script type=\"application\/ld+json\" class=\"yoast-schema-graph\">{\"@context\":\"https:\/\/schema.org\",\"@graph\":[{\"@type\":\"NewsArticle\",\"@id\":\"https:\/\/www.gaveanews.com\/index.php\/2024\/04\/19\/cria-do-flamengo-assina-com-time-da-europa-jogo-contra-o-palmeiras-sofre-alteracao-e-cbf-surpreende-diretoria-veja-as-ultimas-noticias-do-flamengo\/#article\",\"isPartOf\":{\"@id\":\"https:\/\/www.gaveanews.com\/index.php\/2024\/04\/19\/cria-do-flamengo-assina-com-time-da-europa-jogo-contra-o-palmeiras-sofre-alteracao-e-cbf-surpreende-diretoria-veja-as-ultimas-noticias-do-flamengo\/\"},\"author\":{\"name\":\"Henrique Machado\",\"@id\":\"https:\/\/www.gaveanews.com\/#\/schema\/person\/fd07635ec039ec3ba74ad18ec8a6dbd6\"},\"headline\":\"Cria do Flamengo assina com time da Europa, jogo contra o Palmeiras sofre altera\u00e7\u00e3o e CBF surpreende diretoria: veja as \u00faltimas not\u00edcias do Flamengo\",\"datePublished\":\"2024-04-19T09:00:00+00:00\",\"mainEntityOfPage\":{\"@id\":\"https:\/\/www.gaveanews.com\/index.php\/2024\/04\/19\/cria-do-flamengo-assina-com-time-da-europa-jogo-contra-o-palmeiras-sofre-alteracao-e-cbf-surpreende-diretoria-veja-as-ultimas-noticias-do-flamengo\/\"},\"wordCount\":912,\"commentCount\":0,\"image\":{\"@id\":\"https:\/\/www.gaveanews.com\/index.php\/2024\/04\/19\/cria-do-flamengo-assina-com-time-da-europa-jogo-contra-o-palmeiras-sofre-alteracao-e-cbf-surpreende-diretoria-veja-as-ultimas-noticias-do-flamengo\/#primaryimage\"},\"thumbnailUrl\":\"https:\/\/www.gaveanews.com\/wp-content\/uploads\/flamengo.webp\",\"articleSection\":[\"Flamengo\"],\"inLanguage\":\"pt-BR\",\"potentialAction\":[{\"@type\":\"CommentAction\",\"name\":\"Comment\",\"target\":[\"https:\/\/www.gaveanews.com\/index.php\/2024\/04\/19\/cria-do-flamengo-assina-com-time-da-europa-jogo-contra-o-palmeiras-sofre-alteracao-e-cbf-surpreende-diretoria-veja-as-ultimas-noticias-do-flamengo\/#respond\"]}],\"copyrightYear\":\"2024\",\"copyrightHolder\":{\"@id\":\"https:\/\/www.gaveanews.com\/#organization\"}},{\"@type\":\"WebPage\",\"@id\":\"https:\/\/www.gaveanews.com\/index.php\/2024\/04\/19\/cria-do-flamengo-assina-com-time-da-europa-jogo-contra-o-palmeiras-sofre-alteracao-e-cbf-surpreende-diretoria-veja-as-ultimas-noticias-do-flamengo\/\",\"url\":\"https:\/\/www.gaveanews.com\/index.php\/2024\/04\/19\/cria-do-flamengo-assina-com-time-da-europa-jogo-contra-o-palmeiras-sofre-alteracao-e-cbf-surpreende-diretoria-veja-as-ultimas-noticias-do-flamengo\/\",\"name\":\"Cria do Flamengo assina com time da Europa, jogo contra o Palmeiras sofre altera\u00e7\u00e3o e CBF surpreende diretoria: veja as \u00faltimas not\u00edcias do Flamengo\",\"isPartOf\":{\"@id\":\"https:\/\/www.gaveanews.com\/#website\"},\"primaryImageOfPage\":{\"@id\":\"https:\/\/www.gaveanews.com\/index.php\/2024\/04\/19\/cria-do-flamengo-assina-com-time-da-europa-jogo-contra-o-palmeiras-sofre-alteracao-e-cbf-surpreende-diretoria-veja-as-ultimas-noticias-do-flamengo\/#primaryimage\"},\"image\":{\"@id\":\"https:\/\/www.gaveanews.com\/index.php\/2024\/04\/19\/cria-do-flamengo-assina-com-time-da-europa-jogo-contra-o-palmeiras-sofre-alteracao-e-cbf-surpreende-diretoria-veja-as-ultimas-noticias-do-flamengo\/#primaryimage\"},\"thumbnailUrl\":\"https:\/\/www.gaveanews.com\/wp-content\/uploads\/flamengo.webp\",\"datePublished\":\"2024-04-19T09:00:00+00:00\",\"author\":{\"@id\":\"https:\/\/www.gaveanews.com\/#\/schema\/person\/fd07635ec039ec3ba74ad18ec8a6dbd6\"},\"breadcrumb\":{\"@id\":\"https:\/\/www.gaveanews.com\/index.php\/2024\/04\/19\/cria-do-flamengo-assina-com-time-da-europa-jogo-contra-o-palmeiras-sofre-alteracao-e-cbf-surpreende-diretoria-veja-as-ultimas-noticias-do-flamengo\/#breadcrumb\"},\"inLanguage\":\"pt-BR\",\"potentialAction\":[{\"@type\":\"ReadAction\",\"target\":[\"https:\/\/www.gaveanews.com\/index.php\/2024\/04\/19\/cria-do-flamengo-assina-com-time-da-europa-jogo-contra-o-palmeiras-sofre-alteracao-e-cbf-surpreende-diretoria-veja-as-ultimas-noticias-do-flamengo\/\"]}]},{\"@type\":\"ImageObject\",\"inLanguage\":\"pt-BR\",\"@id\":\"https:\/\/www.gaveanews.com\/index.php\/2024\/04\/19\/cria-do-flamengo-assina-com-time-da-europa-jogo-contra-o-palmeiras-sofre-alteracao-e-cbf-surpreende-diretoria-veja-as-ultimas-noticias-do-flamengo\/#primaryimage\",\"url\":\"https:\/\/www.gaveanews.com\/wp-content\/uploads\/flamengo.webp\",\"contentUrl\":\"https:\/\/www.gaveanews.com\/wp-content\/uploads\/flamengo.webp\",\"width\":799,\"height\":532,\"caption\":\"Centro de treinamento do Flamengo (Foto: Reprodu\u00e7\u00e3o)\"},{\"@type\":\"BreadcrumbList\",\"@id\":\"https:\/\/www.gaveanews.com\/index.php\/2024\/04\/19\/cria-do-flamengo-assina-com-time-da-europa-jogo-contra-o-palmeiras-sofre-alteracao-e-cbf-surpreende-diretoria-veja-as-ultimas-noticias-do-flamengo\/#breadcrumb\",\"itemListElement\":[{\"@type\":\"ListItem\",\"position\":1,\"name\":\"Home\",\"item\":\"https:\/\/www.gaveanews.com\/\"},{\"@type\":\"ListItem\",\"position\":2,\"name\":\"Cria do Flamengo assina com time da Europa, jogo contra o Palmeiras sofre altera\u00e7\u00e3o e CBF surpreende diretoria: veja as \u00faltimas not\u00edcias do Flamengo\"}]},{\"@type\":\"WebSite\",\"@id\":\"https:\/\/www.gaveanews.com\/#website\",\"url\":\"https:\/\/www.gaveanews.com\/\",\"name\":\"G\u00e1vea News\",\"description\":\"Veja todas as not\u00edcias sobre o Flamengo: Contrata\u00e7\u00f5es, categorias de base, resultados das partidas, tabela de classifica\u00e7\u00e3o, pr\u00f3ximos jogos!\",\"potentialAction\":[{\"@type\":\"SearchAction\",\"target\":{\"@type\":\"EntryPoint\",\"urlTemplate\":\"https:\/\/www.gaveanews.com\/?s={search_term_string}\"},\"query-input\":{\"@type\":\"PropertyValueSpecification\",\"valueRequired\":true,\"valueName\":\"search_term_string\"}}],\"inLanguage\":\"pt-BR\"},{\"@type\":\"Person\",\"@id\":\"https:\/\/www.gaveanews.com\/#\/schema\/person\/fd07635ec039ec3ba74ad18ec8a6dbd6\",\"name\":\"Henrique Machado\",\"image\":{\"@type\":\"ImageObject\",\"inLanguage\":\"pt-BR\",\"@id\":\"https:\/\/www.gaveanews.com\/#\/schema\/person\/image\/\",\"url\":\"https:\/\/secure.gravatar.com\/avatar\/b95e35997e01d9800c1b6184bd79d4d898d370a3fce2584f5c77b907d5c7d9e9?s=96&d=mm&r=g\",\"contentUrl\":\"https:\/\/secure.gravatar.com\/avatar\/b95e35997e01d9800c1b6184bd79d4d898d370a3fce2584f5c77b907d5c7d9e9?s=96&d=mm&r=g\",\"caption\":\"Henrique Machado\"}}]}<\/script>\n<!-- \/ Yoast SEO Premium plugin. -->","yoast_head_json":{"title":"Cria do Flamengo assina com time da Europa, jogo contra o Palmeiras sofre altera\u00e7\u00e3o e CBF surpreende diretoria: veja as \u00faltimas not\u00edcias do Flamengo","robots":{"index":"index","follow":"follow","max-snippet":"max-snippet:-1","max-image-preview":"max-image-preview:large","max-video-preview":"max-video-preview:-1"},"canonical":"https:\/\/www.gaveanews.com\/index.php\/2024\/04\/19\/cria-do-flamengo-assina-com-time-da-europa-jogo-contra-o-palmeiras-sofre-alteracao-e-cbf-surpreende-diretoria-veja-as-ultimas-noticias-do-flamengo\/","og_locale":"pt_BR","og_type":"article","og_title":"Cria do Flamengo assina com time da Europa, jogo contra o Palmeiras sofre altera\u00e7\u00e3o e CBF surpreende diretoria: veja as \u00faltimas not\u00edcias do Flamengo","og_description":"Nas \u00faltimas horas, o foco das not\u00edcias sobre o Flamengo concentra-se nos bastidores do clube, com destaques como um cria do Flamengo assinando com um time da Europa e a CBF surpreendendo a diretoria. Por conta deste contexto, leia abaixo um resumo preparado pela equipe do portal G\u00e1vea News para lhe manter muito bem informado! [&hellip;]","og_url":"https:\/\/www.gaveanews.com\/index.php\/2024\/04\/19\/cria-do-flamengo-assina-com-time-da-europa-jogo-contra-o-palmeiras-sofre-alteracao-e-cbf-surpreende-diretoria-veja-as-ultimas-noticias-do-flamengo\/","og_site_name":"G\u00e1vea News","article_publisher":"https:\/\/facebook.com\/gaveaNews\/","article_published_time":"2024-04-19T09:00:00+00:00","og_image":[{"width":799,"height":532,"url":"https:\/\/www.gaveanews.com\/wp-content\/uploads\/flamengo.webp","type":"image\/webp"}],"author":"Henrique Machado","twitter_card":"summary_large_image","twitter_misc":{"Escrito por":"Henrique Machado","Est. tempo de leitura":"6 minutos"},"schema":{"@context":"https:\/\/schema.org","@graph":[{"@type":"NewsArticle","@id":"https:\/\/www.gaveanews.com\/index.php\/2024\/04\/19\/cria-do-flamengo-assina-com-time-da-europa-jogo-contra-o-palmeiras-sofre-alteracao-e-cbf-surpreende-diretoria-veja-as-ultimas-noticias-do-flamengo\/#article","isPartOf":{"@id":"https:\/\/www.gaveanews.com\/index.php\/2024\/04\/19\/cria-do-flamengo-assina-com-time-da-europa-jogo-contra-o-palmeiras-sofre-alteracao-e-cbf-surpreende-diretoria-veja-as-ultimas-noticias-do-flamengo\/"},"author":{"name":"Henrique Machado","@id":"https:\/\/www.gaveanews.com\/#\/schema\/person\/fd07635ec039ec3ba74ad18ec8a6dbd6"},"headline":"Cria do Flamengo assina com time da Europa, jogo contra o Palmeiras sofre altera\u00e7\u00e3o e CBF surpreende diretoria: veja as \u00faltimas not\u00edcias do Flamengo","datePublished":"2024-04-19T09:00:00+00:00","mainEntityOfPage":{"@id":"https:\/\/www.gaveanews.com\/index.php\/2024\/04\/19\/cria-do-flamengo-assina-com-time-da-europa-jogo-contra-o-palmeiras-sofre-alteracao-e-cbf-surpreende-diretoria-veja-as-ultimas-noticias-do-flamengo\/"},"wordCount":912,"commentCount":0,"image":{"@id":"https:\/\/www.gaveanews.com\/index.php\/2024\/04\/19\/cria-do-flamengo-assina-com-time-da-europa-jogo-contra-o-palmeiras-sofre-alteracao-e-cbf-surpreende-diretoria-veja-as-ultimas-noticias-do-flamengo\/#primaryimage"},"thumbnailUrl":"https:\/\/www.gaveanews.com\/wp-content\/uploads\/flamengo.webp","articleSection":["Flamengo"],"inLanguage":"pt-BR","potentialAction":[{"@type":"CommentAction","name":"Comment","target":["https:\/\/www.gaveanews.com\/index.php\/2024\/04\/19\/cria-do-flamengo-assina-com-time-da-europa-jogo-contra-o-palmeiras-sofre-alteracao-e-cbf-surpreende-diretoria-veja-as-ultimas-noticias-do-flamengo\/#respond"]}],"copyrightYear":"2024","copyrightHolder":{"@id":"https:\/\/www.gaveanews.com\/#organization"}},{"@type":"WebPage","@id":"https:\/\/www.gaveanews.com\/index.php\/2024\/04\/19\/cria-do-flamengo-assina-com-time-da-europa-jogo-contra-o-palmeiras-sofre-alteracao-e-cbf-surpreende-diretoria-veja-as-ultimas-noticias-do-flamengo\/","url":"https:\/\/www.gaveanews.com\/index.php\/2024\/04\/19\/cria-do-flamengo-assina-com-time-da-europa-jogo-contra-o-palmeiras-sofre-alteracao-e-cbf-surpreende-diretoria-veja-as-ultimas-noticias-do-flamengo\/","name":"Cria do Flamengo assina com time da Europa, jogo contra o Palmeiras sofre altera\u00e7\u00e3o e CBF surpreende diretoria: veja as \u00faltimas not\u00edcias do Flamengo","isPartOf":{"@id":"https:\/\/www.gaveanews.com\/#website"},"primaryImageOfPage":{"@id":"https:\/\/www.gaveanews.com\/index.php\/2024\/04\/19\/cria-do-flamengo-assina-com-time-da-europa-jogo-contra-o-palmeiras-sofre-alteracao-e-cbf-surpreende-diretoria-veja-as-ultimas-noticias-do-flamengo\/#primaryimage"},"image":{"@id":"https:\/\/www.gaveanews.com\/index.php\/2024\/04\/19\/cria-do-flamengo-assina-com-time-da-europa-jogo-contra-o-palmeiras-sofre-alteracao-e-cbf-surpreende-diretoria-veja-as-ultimas-noticias-do-flamengo\/#primaryimage"},"thumbnailUrl":"https:\/\/www.gaveanews.com\/wp-content\/uploads\/flamengo.webp","datePublished":"2024-04-19T09:00:00+00:00","author":{"@id":"https:\/\/www.gaveanews.com\/#\/schema\/person\/fd07635ec039ec3ba74ad18ec8a6dbd6"},"breadcrumb":{"@id":"https:\/\/www.gaveanews.com\/index.php\/2024\/04\/19\/cria-do-flamengo-assina-com-time-da-europa-jogo-contra-o-palmeiras-sofre-alteracao-e-cbf-surpreende-diretoria-veja-as-ultimas-noticias-do-flamengo\/#breadcrumb"},"inLanguage":"pt-BR","potentialAction":[{"@type":"ReadAction","target":["https:\/\/www.gaveanews.com\/index.php\/2024\/04\/19\/cria-do-flamengo-assina-com-time-da-europa-jogo-contra-o-palmeiras-sofre-alteracao-e-cbf-surpreende-diretoria-veja-as-ultimas-noticias-do-flamengo\/"]}]},{"@type":"ImageObject","inLanguage":"pt-BR","@id":"https:\/\/www.gaveanews.com\/index.php\/2024\/04\/19\/cria-do-flamengo-assina-com-time-da-europa-jogo-contra-o-palmeiras-sofre-alteracao-e-cbf-surpreende-diretoria-veja-as-ultimas-noticias-do-flamengo\/#primaryimage","url":"https:\/\/www.gaveanews.com\/wp-content\/uploads\/flamengo.webp","contentUrl":"https:\/\/www.gaveanews.com\/wp-content\/uploads\/flamengo.webp","width":799,"height":532,"caption":"Centro de treinamento do Flamengo (Foto: Reprodu\u00e7\u00e3o)"},{"@type":"BreadcrumbList","@id":"https:\/\/www.gaveanews.com\/index.php\/2024\/04\/19\/cria-do-flamengo-assina-com-time-da-europa-jogo-contra-o-palmeiras-sofre-alteracao-e-cbf-surpreende-diretoria-veja-as-ultimas-noticias-do-flamengo\/#breadcrumb","itemListElement":[{"@type":"ListItem","position":1,"name":"Home","item":"https:\/\/www.gaveanews.com\/"},{"@type":"ListItem","position":2,"name":"Cria do Flamengo assina com time da Europa, jogo contra o Palmeiras sofre altera\u00e7\u00e3o e CBF surpreende diretoria: veja as \u00faltimas not\u00edcias do Flamengo"}]},{"@type":"WebSite","@id":"https:\/\/www.gaveanews.com\/#website","url":"https:\/\/www.gaveanews.com\/","name":"G\u00e1vea News","description":"Veja todas as not\u00edcias sobre o Flamengo: Contrata\u00e7\u00f5es, categorias de base, resultados das partidas, tabela de classifica\u00e7\u00e3o, pr\u00f3ximos jogos!","potentialAction":[{"@type":"SearchAction","target":{"@type":"EntryPoint","urlTemplate":"https:\/\/www.gaveanews.com\/?s={search_term_string}"},"query-input":{"@type":"PropertyValueSpecification","valueRequired":true,"valueName":"search_term_string"}}],"inLanguage":"pt-BR"},{"@type":"Person","@id":"https:\/\/www.gaveanews.com\/#\/schema\/person\/fd07635ec039ec3ba74ad18ec8a6dbd6","name":"Henrique Machado","image":{"@type":"ImageObject","inLanguage":"pt-BR","@id":"https:\/\/www.gaveanews.com\/#\/schema\/person\/image\/","url":"https:\/\/secure.gravatar.com\/avatar\/b95e35997e01d9800c1b6184bd79d4d898d370a3fce2584f5c77b907d5c7d9e9?s=96&d=mm&r=g","contentUrl":"https:\/\/secure.gravatar.com\/avatar\/b95e35997e01d9800c1b6184bd79d4d898d370a3fce2584f5c77b907d5c7d9e9?s=96&d=mm&r=g","caption":"Henrique Machado"}}]}},"_links":{"self":[{"href":"https:\/\/www.gaveanews.com\/index.php\/wp-json\/wp\/v2\/posts\/138844","targetHints":{"allow":["GET"]}}],"collection":[{"href":"https:\/\/www.gaveanews.com\/index.php\/wp-json\/wp\/v2\/posts"}],"about":[{"href":"https:\/\/www.gaveanews.com\/index.php\/wp-json\/wp\/v2\/types\/post"}],"author":[{"embeddable":true,"href":"https:\/\/www.gaveanews.com\/index.php\/wp-json\/wp\/v2\/users\/15"}],"replies":[{"embeddable":true,"href":"https:\/\/www.gaveanews.com\/index.php\/wp-json\/wp\/v2\/comments?post=138844"}],"version-history":[{"count":4,"href":"https:\/\/www.gaveanews.com\/index.php\/wp-json\/wp\/v2\/posts\/138844\/revisions"}],"predecessor-version":[{"id":138849,"href":"https:\/\/www.gaveanews.com\/index.php\/wp-json\/wp\/v2\/posts\/138844\/revisions\/138849"}],"wp:featuredmedia":[{"embeddable":true,"href":"https:\/\/www.gaveanews.com\/index.php\/wp-json\/wp\/v2\/media\/123691"}],"wp:attachment":[{"href":"https:\/\/www.gaveanews.com\/index.php\/wp-json\/wp\/v2\/media?parent=138844"}],"wp:term":[{"taxonomy":"category","embeddable":true,"href":"https:\/\/www.gaveanews.com\/index.php\/wp-json\/wp\/v2\/categories?post=138844"},{"taxonomy":"post_tag","embeddable":true,"href":"https:\/\/www.gaveanews.com\/index.php\/wp-json\/wp\/v2\/tags?post=138844"}],"curies":[{"name":"wp","href":"https:\/\/api.w.org\/{rel}","templated":true}]}}