{"id":138859,"date":"2024-04-19T10:27:57","date_gmt":"2024-04-19T13:27:57","guid":{"rendered":"https:\/\/www.gaveanews.com\/?p=138859"},"modified":"2024-04-20T04:31:00","modified_gmt":"2024-04-20T07:31:00","slug":"os-12-times-da-europa-que-irao-disputar-o-mundial-com-o-flamengo","status":"publish","type":"post","link":"https:\/\/www.gaveanews.com\/index.php\/2024\/04\/19\/os-12-times-da-europa-que-irao-disputar-o-mundial-com-o-flamengo\/","title":{"rendered":"Os 12 times da Europa que ir\u00e3o disputar o Mundial com o Flamengo"},"content":{"rendered":"\n<p>O cen\u00e1rio para o Mundial de Clubes de 2025 est\u00e1 praticamente definido com a conclus\u00e3o das semifinais da Liga dos Campe\u00f5es 2023\/24, que solidificou a lista de equipes europeias participantes. A \u00faltima vaga foi assegurada pelo RB Salzburg, ap\u00f3s a elimina\u00e7\u00e3o do Arsenal diante do Bayern de Munique. Com isso, o grupo europeu \u00e9 composto por pot\u00eancias como Chelsea, Real Madrid, Manchester City, al\u00e9m de Bayern de Munique, Borussia Dortmund, PSG, Inter de Mil\u00e3o, Juventus, Porto, Benfica, Atl\u00e9tico de Madrid e o pr\u00f3prio RB Salzburg.<\/p>\n\n\n\n<p>Enquanto isso, o Atl\u00e9tico de Madrid confirmou sua presen\u00e7a apesar de uma campanha que terminou nas quartas de final da Liga dos Campe\u00f5es, beneficiando-se da elimina\u00e7\u00e3o do Barcelona, que tamb\u00e9m caiu na mesma fase do torneio. A regra do torneio limita a participa\u00e7\u00e3o a dois clubes por pa\u00eds, a n\u00e3o ser que estes tenham conquistado o t\u00edtulo continental, pol\u00edtica que assegurou a presen\u00e7a do Atl\u00e9tico.<\/p>\n\n\n\n<p>O novo formato do Mundial de Clubes, que ser\u00e1 realizado pela primeira vez em 2025 nos Estados Unidos, promete ser uma festa do futebol global com 32 equipes disputando o t\u00edtulo entre 15 de junho e 13 de julho. <\/p>\n\n\n\n<p>Os crit\u00e9rios de classifica\u00e7\u00e3o refletem a busca por um equil\u00edbrio global, dando chances para equipes de todas as confedera\u00e7\u00f5es. Al\u00e9m dos europeus, o torneio contar\u00e1 com representantes de todas as regi\u00f5es do mundo, incluindo equipes como Monterrey, Seattle Sounders, Le\u00f3n, Al-Ahly, Wydad Casablanca, Al-Hilal, Urawa Red Diamonds e Auckland City, garantindo uma diversidade que apenas um evento como o Mundial de Clubes pode oferecer.<\/p>\n\n\n\n<p>Al\u00e9m dos j\u00e1 mencionados, outros clubes sul-americanos como River Plate e Boca Juniors t\u00eam chances de classifica\u00e7\u00e3o pelo ranking, especialmente se outros brasileiros como S\u00e3o Paulo, Botafogo ou Gr\u00eamio n\u00e3o conquistarem a Libertadores de 2024. <\/p>\n\n\n\n<h3 class=\"wp-block-heading\" id=\"h-america-do-sul-6-vagas\">Am\u00e9rica do Sul (6 vagas)<\/h3>\n\n\n\n<ul class=\"wp-block-list\">\n<li><a href=\"https:\/\/palmeirasonline.com\/\">Palmeiras<\/a> \u2013 campe\u00e3o da Libertadores de 2021<\/li>\n\n\n\n<li>Flamengo \u2013 campe\u00e3o da Libertadores de 2022<\/li>\n\n\n\n<li>Fluminense \u2013 campe\u00e3o da Libertadores de 2023<\/li>\n<\/ul>\n\n\n\n<h3 class=\"wp-block-heading\" id=\"h-europa-12-vagas\">Europa (12 vagas)<\/h3>\n\n\n\n<ul class=\"wp-block-list\">\n<li>Chelsea \u2013 Inglaterra<\/li>\n\n\n\n<li>Real Madrid \u2013 Espanha<\/li>\n\n\n\n<li>Manchester City \u2013 Inglaterra<\/li>\n\n\n\n<li>Porto \u2013 Portugal<\/li>\n\n\n\n<li>Benfica \u2013 Portugal<\/li>\n\n\n\n<li>Inter de Mil\u00e3o \u2013 It\u00e1lia<\/li>\n\n\n\n<li>PSG \u2013 Fran\u00e7a<\/li>\n\n\n\n<li>Bayern de Munique \u2013 Alemanha<\/li>\n\n\n\n<li>Borussia Dortmund \u2013 Alemanha<\/li>\n\n\n\n<li>Juventus \u2013 It\u00e1lia<\/li>\n\n\n\n<li>Atl\u00e9tico de Madrid \u2013 Espanha<\/li>\n<\/ul>\n\n\n\n<h3 class=\"wp-block-heading\" id=\"h-americas-do-norte-e-central-4-vagas\">Am\u00e9ricas do Norte e Central (4 vagas)<\/h3>\n\n\n\n<ul class=\"wp-block-list\">\n<li>Monterrey \u2013 M\u00e9xico<\/li>\n\n\n\n<li>Seattle Sounders \u2013 EUA<\/li>\n\n\n\n<li>Le\u00f3n \u2013 M\u00e9xico<\/li>\n<\/ul>\n\n\n\n<h3 class=\"wp-block-heading\" id=\"h-africa-4-vagas\">\u00c1frica (4 vagas)<\/h3>\n\n\n\n<ul class=\"wp-block-list\">\n<li>Al-Ahly \u2013 Egito<\/li>\n\n\n\n<li>Wydad Casablanca \u2013 Marrocos<\/li>\n<\/ul>\n\n\n\n<h3 class=\"wp-block-heading\" id=\"h-asia-4-vagas\">\u00c1sia (4 vagas)<\/h3>\n\n\n\n<ul class=\"wp-block-list\">\n<li>Al-Hilal \u2013 Ar\u00e1bia Saudita<\/li>\n\n\n\n<li>Urawa Red Diamonds \u2013 Jap\u00e3o<\/li>\n<\/ul>\n\n\n\n<h3 class=\"wp-block-heading\" id=\"h-oceania-1-vaga\">Oceania (1 vaga)<\/h3>\n\n\n\n<ul class=\"wp-block-list\">\n<li>Auckland City \u2013 Nova Zel\u00e2ndia<\/li>\n<\/ul>\n\n\n\n<p>Com esta forma\u00e7\u00e3o, o Mundial de Clubes de 2025 n\u00e3o apenas promete ser uma exibi\u00e7\u00e3o do melhor do futebol mundial, mas tamb\u00e9m um marco na hist\u00f3ria do esporte, destacando-se como a primeira edi\u00e7\u00e3o a ser realizada com tantos clubes e apresentando um formato que promete intensificar a competi\u00e7\u00e3o e o interesse global pelo torneio.<\/p>\n","protected":false},"excerpt":{"rendered":"<p>O cen\u00e1rio para o Mundial de Clubes de 2025 est\u00e1 praticamente definido com a conclus\u00e3o das semifinais da Liga dos Campe\u00f5es 2023\/24, que solidificou a lista de equipes europeias participantes. A \u00faltima vaga foi assegurada pelo RB Salzburg, ap\u00f3s a elimina\u00e7\u00e3o do Arsenal diante do Bayern de Munique. Com isso, o grupo europeu \u00e9 composto [&hellip;]<\/p>\n","protected":false},"author":1,"featured_media":70270,"comment_status":"open","ping_status":"closed","sticky":false,"template":"","format":"standard","meta":{"footnotes":""},"categories":[1],"tags":[],"class_list":["post-138859","post","type-post","status-publish","format-standard","has-post-thumbnail","hentry","category-flamengo"],"yoast_head":"<!-- This site is optimized with the Yoast SEO Premium plugin v24.2 (Yoast SEO v26.9) - https:\/\/yoast.com\/product\/yoast-seo-premium-wordpress\/ -->\n<title>Os 12 times da Europa que ir\u00e3o disputar o Mundial com o Flamengo<\/title>\n<meta name=\"robots\" content=\"index, follow, max-snippet:-1, max-image-preview:large, max-video-preview:-1\" \/>\n<link rel=\"canonical\" href=\"https:\/\/www.gaveanews.com\/index.php\/2024\/04\/19\/os-12-times-da-europa-que-irao-disputar-o-mundial-com-o-flamengo\/\" \/>\n<meta property=\"og:locale\" content=\"pt_BR\" \/>\n<meta property=\"og:type\" content=\"article\" \/>\n<meta property=\"og:title\" content=\"Os 12 times da Europa que ir\u00e3o disputar o Mundial com o Flamengo\" \/>\n<meta property=\"og:description\" content=\"O cen\u00e1rio para o Mundial de Clubes de 2025 est\u00e1 praticamente definido com a conclus\u00e3o das semifinais da Liga dos Campe\u00f5es 2023\/24, que solidificou a lista de equipes europeias participantes. A \u00faltima vaga foi assegurada pelo RB Salzburg, ap\u00f3s a elimina\u00e7\u00e3o do Arsenal diante do Bayern de Munique. Com isso, o grupo europeu \u00e9 composto [&hellip;]\" \/>\n<meta property=\"og:url\" content=\"https:\/\/www.gaveanews.com\/index.php\/2024\/04\/19\/os-12-times-da-europa-que-irao-disputar-o-mundial-com-o-flamengo\/\" \/>\n<meta property=\"og:site_name\" content=\"G\u00e1vea News\" \/>\n<meta property=\"article:publisher\" content=\"https:\/\/facebook.com\/gaveaNews\/\" \/>\n<meta property=\"article:published_time\" content=\"2024-04-19T13:27:57+00:00\" \/>\n<meta property=\"article:modified_time\" content=\"2024-04-20T07:31:00+00:00\" \/>\n<meta property=\"og:image\" content=\"https:\/\/www.gaveanews.com\/wp-content\/uploads\/Taca-do-Mundial-de-Clubes-da-FIFA.webp\" \/>\n\t<meta property=\"og:image:width\" content=\"680\" \/>\n\t<meta property=\"og:image:height\" content=\"453\" \/>\n\t<meta property=\"og:image:type\" content=\"image\/jpeg\" \/>\n<meta name=\"author\" content=\"Equipe G\u00e1vea News\" \/>\n<meta name=\"twitter:card\" content=\"summary_large_image\" \/>\n<meta name=\"twitter:label1\" content=\"Escrito por\" \/>\n\t<meta name=\"twitter:data1\" content=\"Equipe G\u00e1vea News\" \/>\n\t<meta name=\"twitter:label2\" content=\"Est. tempo de leitura\" \/>\n\t<meta name=\"twitter:data2\" content=\"3 minutos\" \/>\n<script type=\"application\/ld+json\" class=\"yoast-schema-graph\">{\"@context\":\"https:\/\/schema.org\",\"@graph\":[{\"@type\":\"NewsArticle\",\"@id\":\"https:\/\/www.gaveanews.com\/index.php\/2024\/04\/19\/os-12-times-da-europa-que-irao-disputar-o-mundial-com-o-flamengo\/#article\",\"isPartOf\":{\"@id\":\"https:\/\/www.gaveanews.com\/index.php\/2024\/04\/19\/os-12-times-da-europa-que-irao-disputar-o-mundial-com-o-flamengo\/\"},\"author\":{\"name\":\"Equipe G\u00e1vea News\",\"@id\":\"https:\/\/www.gaveanews.com\/#\/schema\/person\/2ec14f73fb96be2caf28f91afb14749d\"},\"headline\":\"Os 12 times da Europa que ir\u00e3o disputar o Mundial com o Flamengo\",\"datePublished\":\"2024-04-19T13:27:57+00:00\",\"dateModified\":\"2024-04-20T07:31:00+00:00\",\"mainEntityOfPage\":{\"@id\":\"https:\/\/www.gaveanews.com\/index.php\/2024\/04\/19\/os-12-times-da-europa-que-irao-disputar-o-mundial-com-o-flamengo\/\"},\"wordCount\":492,\"commentCount\":0,\"image\":{\"@id\":\"https:\/\/www.gaveanews.com\/index.php\/2024\/04\/19\/os-12-times-da-europa-que-irao-disputar-o-mundial-com-o-flamengo\/#primaryimage\"},\"thumbnailUrl\":\"https:\/\/www.gaveanews.com\/wp-content\/uploads\/Taca-do-Mundial-de-Clubes-da-FIFA.webp\",\"articleSection\":[\"Flamengo\"],\"inLanguage\":\"pt-BR\",\"potentialAction\":[{\"@type\":\"CommentAction\",\"name\":\"Comment\",\"target\":[\"https:\/\/www.gaveanews.com\/index.php\/2024\/04\/19\/os-12-times-da-europa-que-irao-disputar-o-mundial-com-o-flamengo\/#respond\"]}],\"copyrightYear\":\"2024\",\"copyrightHolder\":{\"@id\":\"https:\/\/www.gaveanews.com\/#organization\"}},{\"@type\":\"WebPage\",\"@id\":\"https:\/\/www.gaveanews.com\/index.php\/2024\/04\/19\/os-12-times-da-europa-que-irao-disputar-o-mundial-com-o-flamengo\/\",\"url\":\"https:\/\/www.gaveanews.com\/index.php\/2024\/04\/19\/os-12-times-da-europa-que-irao-disputar-o-mundial-com-o-flamengo\/\",\"name\":\"Os 12 times da Europa que ir\u00e3o disputar o Mundial com o Flamengo\",\"isPartOf\":{\"@id\":\"https:\/\/www.gaveanews.com\/#website\"},\"primaryImageOfPage\":{\"@id\":\"https:\/\/www.gaveanews.com\/index.php\/2024\/04\/19\/os-12-times-da-europa-que-irao-disputar-o-mundial-com-o-flamengo\/#primaryimage\"},\"image\":{\"@id\":\"https:\/\/www.gaveanews.com\/index.php\/2024\/04\/19\/os-12-times-da-europa-que-irao-disputar-o-mundial-com-o-flamengo\/#primaryimage\"},\"thumbnailUrl\":\"https:\/\/www.gaveanews.com\/wp-content\/uploads\/Taca-do-Mundial-de-Clubes-da-FIFA.webp\",\"datePublished\":\"2024-04-19T13:27:57+00:00\",\"dateModified\":\"2024-04-20T07:31:00+00:00\",\"author\":{\"@id\":\"https:\/\/www.gaveanews.com\/#\/schema\/person\/2ec14f73fb96be2caf28f91afb14749d\"},\"breadcrumb\":{\"@id\":\"https:\/\/www.gaveanews.com\/index.php\/2024\/04\/19\/os-12-times-da-europa-que-irao-disputar-o-mundial-com-o-flamengo\/#breadcrumb\"},\"inLanguage\":\"pt-BR\",\"potentialAction\":[{\"@type\":\"ReadAction\",\"target\":[\"https:\/\/www.gaveanews.com\/index.php\/2024\/04\/19\/os-12-times-da-europa-que-irao-disputar-o-mundial-com-o-flamengo\/\"]}]},{\"@type\":\"ImageObject\",\"inLanguage\":\"pt-BR\",\"@id\":\"https:\/\/www.gaveanews.com\/index.php\/2024\/04\/19\/os-12-times-da-europa-que-irao-disputar-o-mundial-com-o-flamengo\/#primaryimage\",\"url\":\"https:\/\/www.gaveanews.com\/wp-content\/uploads\/Taca-do-Mundial-de-Clubes-da-FIFA.webp\",\"contentUrl\":\"https:\/\/www.gaveanews.com\/wp-content\/uploads\/Taca-do-Mundial-de-Clubes-da-FIFA.webp\",\"width\":680,\"height\":453,\"caption\":\"Ta\u00e7a do Mundial de Clubes da FIFA (Foto: Giuseppe Cacace\/AFP)\"},{\"@type\":\"BreadcrumbList\",\"@id\":\"https:\/\/www.gaveanews.com\/index.php\/2024\/04\/19\/os-12-times-da-europa-que-irao-disputar-o-mundial-com-o-flamengo\/#breadcrumb\",\"itemListElement\":[{\"@type\":\"ListItem\",\"position\":1,\"name\":\"Home\",\"item\":\"https:\/\/www.gaveanews.com\/\"},{\"@type\":\"ListItem\",\"position\":2,\"name\":\"Os 12 times da Europa que ir\u00e3o disputar o Mundial com o Flamengo\"}]},{\"@type\":\"WebSite\",\"@id\":\"https:\/\/www.gaveanews.com\/#website\",\"url\":\"https:\/\/www.gaveanews.com\/\",\"name\":\"G\u00e1vea News\",\"description\":\"Veja todas as not\u00edcias sobre o Flamengo: Contrata\u00e7\u00f5es, categorias de base, resultados das partidas, tabela de classifica\u00e7\u00e3o, pr\u00f3ximos jogos!\",\"potentialAction\":[{\"@type\":\"SearchAction\",\"target\":{\"@type\":\"EntryPoint\",\"urlTemplate\":\"https:\/\/www.gaveanews.com\/?s={search_term_string}\"},\"query-input\":{\"@type\":\"PropertyValueSpecification\",\"valueRequired\":true,\"valueName\":\"search_term_string\"}}],\"inLanguage\":\"pt-BR\"},{\"@type\":\"Person\",\"@id\":\"https:\/\/www.gaveanews.com\/#\/schema\/person\/2ec14f73fb96be2caf28f91afb14749d\",\"name\":\"Equipe G\u00e1vea News\",\"image\":{\"@type\":\"ImageObject\",\"inLanguage\":\"pt-BR\",\"@id\":\"https:\/\/www.gaveanews.com\/#\/schema\/person\/image\/\",\"url\":\"https:\/\/secure.gravatar.com\/avatar\/1e1956f1facbffd3f8fa53a326721950116b3b9dc9bd44939c01180fd4a745a9?s=96&d=mm&r=g\",\"contentUrl\":\"https:\/\/secure.gravatar.com\/avatar\/1e1956f1facbffd3f8fa53a326721950116b3b9dc9bd44939c01180fd4a745a9?s=96&d=mm&r=g\",\"caption\":\"Equipe G\u00e1vea News\"}}]}<\/script>\n<!-- \/ Yoast SEO Premium plugin. -->","yoast_head_json":{"title":"Os 12 times da Europa que ir\u00e3o disputar o Mundial com o Flamengo","robots":{"index":"index","follow":"follow","max-snippet":"max-snippet:-1","max-image-preview":"max-image-preview:large","max-video-preview":"max-video-preview:-1"},"canonical":"https:\/\/www.gaveanews.com\/index.php\/2024\/04\/19\/os-12-times-da-europa-que-irao-disputar-o-mundial-com-o-flamengo\/","og_locale":"pt_BR","og_type":"article","og_title":"Os 12 times da Europa que ir\u00e3o disputar o Mundial com o Flamengo","og_description":"O cen\u00e1rio para o Mundial de Clubes de 2025 est\u00e1 praticamente definido com a conclus\u00e3o das semifinais da Liga dos Campe\u00f5es 2023\/24, que solidificou a lista de equipes europeias participantes. A \u00faltima vaga foi assegurada pelo RB Salzburg, ap\u00f3s a elimina\u00e7\u00e3o do Arsenal diante do Bayern de Munique. Com isso, o grupo europeu \u00e9 composto [&hellip;]","og_url":"https:\/\/www.gaveanews.com\/index.php\/2024\/04\/19\/os-12-times-da-europa-que-irao-disputar-o-mundial-com-o-flamengo\/","og_site_name":"G\u00e1vea News","article_publisher":"https:\/\/facebook.com\/gaveaNews\/","article_published_time":"2024-04-19T13:27:57+00:00","article_modified_time":"2024-04-20T07:31:00+00:00","og_image":[{"width":680,"height":453,"url":"https:\/\/www.gaveanews.com\/wp-content\/uploads\/Taca-do-Mundial-de-Clubes-da-FIFA.webp","type":"image\/jpeg"}],"author":"Equipe G\u00e1vea News","twitter_card":"summary_large_image","twitter_misc":{"Escrito por":"Equipe G\u00e1vea News","Est. tempo de leitura":"3 minutos"},"schema":{"@context":"https:\/\/schema.org","@graph":[{"@type":"NewsArticle","@id":"https:\/\/www.gaveanews.com\/index.php\/2024\/04\/19\/os-12-times-da-europa-que-irao-disputar-o-mundial-com-o-flamengo\/#article","isPartOf":{"@id":"https:\/\/www.gaveanews.com\/index.php\/2024\/04\/19\/os-12-times-da-europa-que-irao-disputar-o-mundial-com-o-flamengo\/"},"author":{"name":"Equipe G\u00e1vea News","@id":"https:\/\/www.gaveanews.com\/#\/schema\/person\/2ec14f73fb96be2caf28f91afb14749d"},"headline":"Os 12 times da Europa que ir\u00e3o disputar o Mundial com o Flamengo","datePublished":"2024-04-19T13:27:57+00:00","dateModified":"2024-04-20T07:31:00+00:00","mainEntityOfPage":{"@id":"https:\/\/www.gaveanews.com\/index.php\/2024\/04\/19\/os-12-times-da-europa-que-irao-disputar-o-mundial-com-o-flamengo\/"},"wordCount":492,"commentCount":0,"image":{"@id":"https:\/\/www.gaveanews.com\/index.php\/2024\/04\/19\/os-12-times-da-europa-que-irao-disputar-o-mundial-com-o-flamengo\/#primaryimage"},"thumbnailUrl":"https:\/\/www.gaveanews.com\/wp-content\/uploads\/Taca-do-Mundial-de-Clubes-da-FIFA.webp","articleSection":["Flamengo"],"inLanguage":"pt-BR","potentialAction":[{"@type":"CommentAction","name":"Comment","target":["https:\/\/www.gaveanews.com\/index.php\/2024\/04\/19\/os-12-times-da-europa-que-irao-disputar-o-mundial-com-o-flamengo\/#respond"]}],"copyrightYear":"2024","copyrightHolder":{"@id":"https:\/\/www.gaveanews.com\/#organization"}},{"@type":"WebPage","@id":"https:\/\/www.gaveanews.com\/index.php\/2024\/04\/19\/os-12-times-da-europa-que-irao-disputar-o-mundial-com-o-flamengo\/","url":"https:\/\/www.gaveanews.com\/index.php\/2024\/04\/19\/os-12-times-da-europa-que-irao-disputar-o-mundial-com-o-flamengo\/","name":"Os 12 times da Europa que ir\u00e3o disputar o Mundial com o Flamengo","isPartOf":{"@id":"https:\/\/www.gaveanews.com\/#website"},"primaryImageOfPage":{"@id":"https:\/\/www.gaveanews.com\/index.php\/2024\/04\/19\/os-12-times-da-europa-que-irao-disputar-o-mundial-com-o-flamengo\/#primaryimage"},"image":{"@id":"https:\/\/www.gaveanews.com\/index.php\/2024\/04\/19\/os-12-times-da-europa-que-irao-disputar-o-mundial-com-o-flamengo\/#primaryimage"},"thumbnailUrl":"https:\/\/www.gaveanews.com\/wp-content\/uploads\/Taca-do-Mundial-de-Clubes-da-FIFA.webp","datePublished":"2024-04-19T13:27:57+00:00","dateModified":"2024-04-20T07:31:00+00:00","author":{"@id":"https:\/\/www.gaveanews.com\/#\/schema\/person\/2ec14f73fb96be2caf28f91afb14749d"},"breadcrumb":{"@id":"https:\/\/www.gaveanews.com\/index.php\/2024\/04\/19\/os-12-times-da-europa-que-irao-disputar-o-mundial-com-o-flamengo\/#breadcrumb"},"inLanguage":"pt-BR","potentialAction":[{"@type":"ReadAction","target":["https:\/\/www.gaveanews.com\/index.php\/2024\/04\/19\/os-12-times-da-europa-que-irao-disputar-o-mundial-com-o-flamengo\/"]}]},{"@type":"ImageObject","inLanguage":"pt-BR","@id":"https:\/\/www.gaveanews.com\/index.php\/2024\/04\/19\/os-12-times-da-europa-que-irao-disputar-o-mundial-com-o-flamengo\/#primaryimage","url":"https:\/\/www.gaveanews.com\/wp-content\/uploads\/Taca-do-Mundial-de-Clubes-da-FIFA.webp","contentUrl":"https:\/\/www.gaveanews.com\/wp-content\/uploads\/Taca-do-Mundial-de-Clubes-da-FIFA.webp","width":680,"height":453,"caption":"Ta\u00e7a do Mundial de Clubes da FIFA (Foto: Giuseppe Cacace\/AFP)"},{"@type":"BreadcrumbList","@id":"https:\/\/www.gaveanews.com\/index.php\/2024\/04\/19\/os-12-times-da-europa-que-irao-disputar-o-mundial-com-o-flamengo\/#breadcrumb","itemListElement":[{"@type":"ListItem","position":1,"name":"Home","item":"https:\/\/www.gaveanews.com\/"},{"@type":"ListItem","position":2,"name":"Os 12 times da Europa que ir\u00e3o disputar o Mundial com o Flamengo"}]},{"@type":"WebSite","@id":"https:\/\/www.gaveanews.com\/#website","url":"https:\/\/www.gaveanews.com\/","name":"G\u00e1vea News","description":"Veja todas as not\u00edcias sobre o Flamengo: Contrata\u00e7\u00f5es, categorias de base, resultados das partidas, tabela de classifica\u00e7\u00e3o, pr\u00f3ximos jogos!","potentialAction":[{"@type":"SearchAction","target":{"@type":"EntryPoint","urlTemplate":"https:\/\/www.gaveanews.com\/?s={search_term_string}"},"query-input":{"@type":"PropertyValueSpecification","valueRequired":true,"valueName":"search_term_string"}}],"inLanguage":"pt-BR"},{"@type":"Person","@id":"https:\/\/www.gaveanews.com\/#\/schema\/person\/2ec14f73fb96be2caf28f91afb14749d","name":"Equipe G\u00e1vea News","image":{"@type":"ImageObject","inLanguage":"pt-BR","@id":"https:\/\/www.gaveanews.com\/#\/schema\/person\/image\/","url":"https:\/\/secure.gravatar.com\/avatar\/1e1956f1facbffd3f8fa53a326721950116b3b9dc9bd44939c01180fd4a745a9?s=96&d=mm&r=g","contentUrl":"https:\/\/secure.gravatar.com\/avatar\/1e1956f1facbffd3f8fa53a326721950116b3b9dc9bd44939c01180fd4a745a9?s=96&d=mm&r=g","caption":"Equipe G\u00e1vea News"}}]}},"_links":{"self":[{"href":"https:\/\/www.gaveanews.com\/index.php\/wp-json\/wp\/v2\/posts\/138859","targetHints":{"allow":["GET"]}}],"collection":[{"href":"https:\/\/www.gaveanews.com\/index.php\/wp-json\/wp\/v2\/posts"}],"about":[{"href":"https:\/\/www.gaveanews.com\/index.php\/wp-json\/wp\/v2\/types\/post"}],"author":[{"embeddable":true,"href":"https:\/\/www.gaveanews.com\/index.php\/wp-json\/wp\/v2\/users\/1"}],"replies":[{"embeddable":true,"href":"https:\/\/www.gaveanews.com\/index.php\/wp-json\/wp\/v2\/comments?post=138859"}],"version-history":[{"count":4,"href":"https:\/\/www.gaveanews.com\/index.php\/wp-json\/wp\/v2\/posts\/138859\/revisions"}],"predecessor-version":[{"id":139006,"href":"https:\/\/www.gaveanews.com\/index.php\/wp-json\/wp\/v2\/posts\/138859\/revisions\/139006"}],"wp:featuredmedia":[{"embeddable":true,"href":"https:\/\/www.gaveanews.com\/index.php\/wp-json\/wp\/v2\/media\/70270"}],"wp:attachment":[{"href":"https:\/\/www.gaveanews.com\/index.php\/wp-json\/wp\/v2\/media?parent=138859"}],"wp:term":[{"taxonomy":"category","embeddable":true,"href":"https:\/\/www.gaveanews.com\/index.php\/wp-json\/wp\/v2\/categories?post=138859"},{"taxonomy":"post_tag","embeddable":true,"href":"https:\/\/www.gaveanews.com\/index.php\/wp-json\/wp\/v2\/tags?post=138859"}],"curies":[{"name":"wp","href":"https:\/\/api.w.org\/{rel}","templated":true}]}}