{"id":139226,"date":"2024-04-22T12:41:48","date_gmt":"2024-04-22T15:41:48","guid":{"rendered":"https:\/\/www.gaveanews.com\/?p=139226"},"modified":"2024-04-22T12:41:49","modified_gmt":"2024-04-22T15:41:49","slug":"braz-e-questionado-sobre-saidas-do-flamengo","status":"publish","type":"post","link":"https:\/\/www.gaveanews.com\/index.php\/2024\/04\/22\/braz-e-questionado-sobre-saidas-do-flamengo\/","title":{"rendered":"Braz \u00e9 questionado sobre sa\u00eddas do Flamengo"},"content":{"rendered":"\n<p>O Flamengo \u00e9 reconhecido por sua habilidade em montar times de alto calibre, compostos por jogadores que se destacam tanto nacional quanto internacionalmente. Gra\u00e7as a uma pol\u00edtica de contrata\u00e7\u00f5es agressiva, o clube consegue reunir talentos que n\u00e3o s\u00f3 atraem os olhares dos torcedores, mas tamb\u00e9m despertam interesse de clubes ao redor do mundo. Isso se traduz em uma equipe altamente competitiva, capaz de disputar t\u00edtulos nas principais competi\u00e7\u00f5es, como a Copa Libertadores e o Campeonato Brasileiro.<\/p>\n\n\n\n<p>Entretanto, manter um elenco t\u00e3o qualificado representa um desafio constante para o Flamengo. O intenso interesse do mercado europeu pelos jogadores do clube frequentemente coloca em risco a perman\u00eancia desses talentos no Maracan\u00e3. Os clubes estrangeiros n\u00e3o apenas oferecem a oportunidade de jogar em ligas mais competitivas, mas tamb\u00e9m contratos financeiramente mais vantajosos, o que pode atrair os jogadores.<\/p>\n\n\n\n<p>Diante desse cen\u00e1rio, a diretoria do Flamengo trabalha incansavelmente em estrat\u00e9gias para manter seus principais jogadores. Em uma entrevista recente ao youtuber Gustavo Henrique Dando Choque, o dirigente Marcos Braz trouxe \u00e0 tona a preocupa\u00e7\u00e3o do clube com a poss\u00edvel sa\u00edda de atletas. Braz deixou claro o desejo de manter o elenco intacto, mas ao mesmo tempo reconheceu a possibilidade de negocia\u00e7\u00f5es caso surjam propostas irresist\u00edveis.<\/p>\n\n\n\n<p>\u2014 <em>A gente espera n\u00e3o perder nenhum jogador, n\u00e3o \u00e9 o que a gente quer. Se vier uma proposta irrecus\u00e1vel, vamos avaliar, mas n\u00e3o queremos. Queremos manter todos os jogadores. N\u00e3o tem sondagem nenhuma, vamos fazer o poss\u00edvel para n\u00e3o perder nenhum jogador no meio do ano<\/em> \u2014 afirmou Marcos Braz.<\/p>\n\n\n\n<h2 class=\"wp-block-heading\" id=\"h-quando-sera-o-proximo-jogo-do-flamengo\">Quando ser\u00e1 o pr\u00f3ximo jogo do Flamengo?<\/h2>\n\n\n\n<p>Em abril, o\u00a0<a href=\"https:\/\/gaveanews.com\/?utm_source=SystemGaveaNews&amp;utm_medium=SystemGaveaNews&amp;utm_campaign=SystemGaveaNews\">Flamengo<\/a>\u00a0enfrentar\u00e1 uma agenda repleta de desafios, competindo em tr\u00eas diferentes torneios. Sob o comando do t\u00e9cnico Tite, a equipe ter\u00e1 partidas pelo Campeonato Carioca, Copa Libertadores e Campeonato Brasileiro.<\/p>\n\n\n\n<p>Confira abaixo a agenda do\u00a0<a href=\"https:\/\/gaveanews.com\/?utm_source=SystemGaveaNews&amp;utm_medium=SystemGaveaNews&amp;utm_campaign=SystemGaveaNews\">Flamengo<\/a>\u00a0no m\u00eas de abril:<\/p>\n\n\n\n<ul class=\"wp-block-list\">\n<li>02\/04 \u2013 Millonarios 1 x 1\u00a0<a href=\"https:\/\/gaveanews.com\/?utm_source=SystemGaveaNews&amp;utm_medium=SystemGaveaNews&amp;utm_campaign=SystemGaveaNews\">Flamengo<\/a><\/li>\n\n\n\n<li>07\/04 \u2013\u00a0<a href=\"https:\/\/gaveanews.com\/?utm_source=SystemGaveaNews&amp;utm_medium=SystemGaveaNews&amp;utm_campaign=SystemGaveaNews\">Flamengo<\/a>\u00a01 x 0 Nova Igua\u00e7u<\/li>\n\n\n\n<li>10\/04 \u2013\u00a0<a href=\"https:\/\/gaveanews.com\/?utm_source=SystemGaveaNews&amp;utm_medium=SystemGaveaNews&amp;utm_campaign=SystemGaveaNews\">Flamengo<\/a>\u00a02 x 0 Palestino<\/li>\n\n\n\n<li>14\/04 \u2013 Atl\u00e9tico-GO 1 x 2\u00a0<a href=\"https:\/\/gaveanews.com\/?utm_source=SystemGaveaNews&amp;utm_medium=SystemGaveaNews&amp;utm_campaign=SystemGaveaNews\">Flamengo<\/a><\/li>\n\n\n\n<li>17\/04 \u2013\u00a0<a href=\"https:\/\/gaveanews.com\/?utm_source=SystemGaveaNews&amp;utm_medium=SystemGaveaNews&amp;utm_campaign=SystemGaveaNews\">Flamengo<\/a>\u00a02 x 1 S\u00e3o Paulo<\/li>\n\n\n\n<li>21\/04 \u2013\u00a0<a href=\"https:\/\/www.gaveanews.com\/?s=palmeiras&amp;utm_source=SystemGaveaNews&amp;utm_medium=SystemGaveaNews&amp;utm_campaign=SystemGaveaNews\">Palmeiras<\/a>\u00a00 x 0\u00a0<a href=\"https:\/\/gaveanews.com\/?utm_source=SystemGaveaNews&amp;utm_medium=SystemGaveaNews&amp;utm_campaign=SystemGaveaNews\">Flamengo<\/a><\/li>\n\n\n\n<li>24\/04 \u2013 Bol\u00edvar x\u00a0<a href=\"https:\/\/gaveanews.com\/?utm_source=SystemGaveaNews&amp;utm_medium=SystemGaveaNews&amp;utm_campaign=SystemGaveaNews\">Flamengo<\/a><\/li>\n\n\n\n<li>28\/04 \u2013\u00a0<a href=\"https:\/\/gaveanews.com\/?utm_source=SystemGaveaNews&amp;utm_medium=SystemGaveaNews&amp;utm_campaign=SystemGaveaNews\">Flamengo<\/a>\u00a0x\u00a0<a href=\"https:\/\/www.gaveanews.com\/?s=Botafogo&amp;utm_source=SystemGaveaNews&amp;utm_medium=SystemGaveaNews&amp;utm_campaign=SystemGaveaNews\">Botafogo<\/a><\/li>\n<\/ul>\n","protected":false},"excerpt":{"rendered":"<p>O Flamengo \u00e9 reconhecido por sua habilidade em montar times de alto calibre, compostos por jogadores que se destacam tanto nacional quanto internacionalmente. Gra\u00e7as a uma pol\u00edtica de contrata\u00e7\u00f5es agressiva, o clube consegue reunir talentos que n\u00e3o s\u00f3 atraem os olhares dos torcedores, mas tamb\u00e9m despertam interesse de clubes ao redor do mundo. Isso se [&hellip;]<\/p>\n","protected":false},"author":15,"featured_media":110138,"comment_status":"open","ping_status":"closed","sticky":false,"template":"","format":"standard","meta":{"footnotes":""},"categories":[1],"tags":[],"class_list":["post-139226","post","type-post","status-publish","format-standard","has-post-thumbnail","hentry","category-flamengo"],"yoast_head":"<!-- This site is optimized with the Yoast SEO Premium plugin v24.2 (Yoast SEO v26.9) - https:\/\/yoast.com\/product\/yoast-seo-premium-wordpress\/ -->\n<title>Braz \u00e9 questionado sobre sa\u00eddas do Flamengo<\/title>\n<meta name=\"robots\" content=\"index, follow, max-snippet:-1, max-image-preview:large, max-video-preview:-1\" \/>\n<link rel=\"canonical\" href=\"https:\/\/www.gaveanews.com\/index.php\/2024\/04\/22\/braz-e-questionado-sobre-saidas-do-flamengo\/\" \/>\n<meta property=\"og:locale\" content=\"pt_BR\" \/>\n<meta property=\"og:type\" content=\"article\" \/>\n<meta property=\"og:title\" content=\"Braz \u00e9 questionado sobre sa\u00eddas do Flamengo\" \/>\n<meta property=\"og:description\" content=\"O Flamengo \u00e9 reconhecido por sua habilidade em montar times de alto calibre, compostos por jogadores que se destacam tanto nacional quanto internacionalmente. Gra\u00e7as a uma pol\u00edtica de contrata\u00e7\u00f5es agressiva, o clube consegue reunir talentos que n\u00e3o s\u00f3 atraem os olhares dos torcedores, mas tamb\u00e9m despertam interesse de clubes ao redor do mundo. Isso se [&hellip;]\" \/>\n<meta property=\"og:url\" content=\"https:\/\/www.gaveanews.com\/index.php\/2024\/04\/22\/braz-e-questionado-sobre-saidas-do-flamengo\/\" \/>\n<meta property=\"og:site_name\" content=\"G\u00e1vea News\" \/>\n<meta property=\"article:publisher\" content=\"https:\/\/facebook.com\/gaveaNews\/\" \/>\n<meta property=\"article:published_time\" content=\"2024-04-22T15:41:48+00:00\" \/>\n<meta property=\"article:modified_time\" content=\"2024-04-22T15:41:49+00:00\" \/>\n<meta property=\"og:image\" content=\"https:\/\/www.gaveanews.com\/wp-content\/uploads\/Marcos-Braz-durante-uma-coletiva-de-imprensa-no-Ninho-do-Urubu.webp\" \/>\n\t<meta property=\"og:image:width\" content=\"1200\" \/>\n\t<meta property=\"og:image:height\" content=\"799\" \/>\n\t<meta property=\"og:image:type\" content=\"image\/webp\" \/>\n<meta name=\"author\" content=\"Henrique Machado\" \/>\n<meta name=\"twitter:card\" content=\"summary_large_image\" \/>\n<meta name=\"twitter:label1\" content=\"Escrito por\" \/>\n\t<meta name=\"twitter:data1\" content=\"Henrique Machado\" \/>\n\t<meta name=\"twitter:label2\" content=\"Est. tempo de leitura\" \/>\n\t<meta name=\"twitter:data2\" content=\"3 minutos\" \/>\n<script type=\"application\/ld+json\" class=\"yoast-schema-graph\">{\"@context\":\"https:\/\/schema.org\",\"@graph\":[{\"@type\":\"NewsArticle\",\"@id\":\"https:\/\/www.gaveanews.com\/index.php\/2024\/04\/22\/braz-e-questionado-sobre-saidas-do-flamengo\/#article\",\"isPartOf\":{\"@id\":\"https:\/\/www.gaveanews.com\/index.php\/2024\/04\/22\/braz-e-questionado-sobre-saidas-do-flamengo\/\"},\"author\":{\"name\":\"Henrique Machado\",\"@id\":\"https:\/\/www.gaveanews.com\/#\/schema\/person\/fd07635ec039ec3ba74ad18ec8a6dbd6\"},\"headline\":\"Braz \u00e9 questionado sobre sa\u00eddas do Flamengo\",\"datePublished\":\"2024-04-22T15:41:48+00:00\",\"dateModified\":\"2024-04-22T15:41:49+00:00\",\"mainEntityOfPage\":{\"@id\":\"https:\/\/www.gaveanews.com\/index.php\/2024\/04\/22\/braz-e-questionado-sobre-saidas-do-flamengo\/\"},\"wordCount\":363,\"commentCount\":0,\"image\":{\"@id\":\"https:\/\/www.gaveanews.com\/index.php\/2024\/04\/22\/braz-e-questionado-sobre-saidas-do-flamengo\/#primaryimage\"},\"thumbnailUrl\":\"https:\/\/www.gaveanews.com\/wp-content\/uploads\/Marcos-Braz-durante-uma-coletiva-de-imprensa-no-Ninho-do-Urubu.webp\",\"articleSection\":[\"Flamengo\"],\"inLanguage\":\"pt-BR\",\"potentialAction\":[{\"@type\":\"CommentAction\",\"name\":\"Comment\",\"target\":[\"https:\/\/www.gaveanews.com\/index.php\/2024\/04\/22\/braz-e-questionado-sobre-saidas-do-flamengo\/#respond\"]}],\"copyrightYear\":\"2024\",\"copyrightHolder\":{\"@id\":\"https:\/\/www.gaveanews.com\/#organization\"}},{\"@type\":\"WebPage\",\"@id\":\"https:\/\/www.gaveanews.com\/index.php\/2024\/04\/22\/braz-e-questionado-sobre-saidas-do-flamengo\/\",\"url\":\"https:\/\/www.gaveanews.com\/index.php\/2024\/04\/22\/braz-e-questionado-sobre-saidas-do-flamengo\/\",\"name\":\"Braz \u00e9 questionado sobre sa\u00eddas do Flamengo\",\"isPartOf\":{\"@id\":\"https:\/\/www.gaveanews.com\/#website\"},\"primaryImageOfPage\":{\"@id\":\"https:\/\/www.gaveanews.com\/index.php\/2024\/04\/22\/braz-e-questionado-sobre-saidas-do-flamengo\/#primaryimage\"},\"image\":{\"@id\":\"https:\/\/www.gaveanews.com\/index.php\/2024\/04\/22\/braz-e-questionado-sobre-saidas-do-flamengo\/#primaryimage\"},\"thumbnailUrl\":\"https:\/\/www.gaveanews.com\/wp-content\/uploads\/Marcos-Braz-durante-uma-coletiva-de-imprensa-no-Ninho-do-Urubu.webp\",\"datePublished\":\"2024-04-22T15:41:48+00:00\",\"dateModified\":\"2024-04-22T15:41:49+00:00\",\"author\":{\"@id\":\"https:\/\/www.gaveanews.com\/#\/schema\/person\/fd07635ec039ec3ba74ad18ec8a6dbd6\"},\"breadcrumb\":{\"@id\":\"https:\/\/www.gaveanews.com\/index.php\/2024\/04\/22\/braz-e-questionado-sobre-saidas-do-flamengo\/#breadcrumb\"},\"inLanguage\":\"pt-BR\",\"potentialAction\":[{\"@type\":\"ReadAction\",\"target\":[\"https:\/\/www.gaveanews.com\/index.php\/2024\/04\/22\/braz-e-questionado-sobre-saidas-do-flamengo\/\"]}]},{\"@type\":\"ImageObject\",\"inLanguage\":\"pt-BR\",\"@id\":\"https:\/\/www.gaveanews.com\/index.php\/2024\/04\/22\/braz-e-questionado-sobre-saidas-do-flamengo\/#primaryimage\",\"url\":\"https:\/\/www.gaveanews.com\/wp-content\/uploads\/Marcos-Braz-durante-uma-coletiva-de-imprensa-no-Ninho-do-Urubu.webp\",\"contentUrl\":\"https:\/\/www.gaveanews.com\/wp-content\/uploads\/Marcos-Braz-durante-uma-coletiva-de-imprensa-no-Ninho-do-Urubu.webp\",\"width\":1200,\"height\":799,\"caption\":\"Marcos Braz durante uma coletiva de imprensa no Ninho do Urubu (Foto: Reprodu\u00e7\u00e3o\/Flamengo)\"},{\"@type\":\"BreadcrumbList\",\"@id\":\"https:\/\/www.gaveanews.com\/index.php\/2024\/04\/22\/braz-e-questionado-sobre-saidas-do-flamengo\/#breadcrumb\",\"itemListElement\":[{\"@type\":\"ListItem\",\"position\":1,\"name\":\"Home\",\"item\":\"https:\/\/www.gaveanews.com\/\"},{\"@type\":\"ListItem\",\"position\":2,\"name\":\"Braz \u00e9 questionado sobre sa\u00eddas do Flamengo\"}]},{\"@type\":\"WebSite\",\"@id\":\"https:\/\/www.gaveanews.com\/#website\",\"url\":\"https:\/\/www.gaveanews.com\/\",\"name\":\"G\u00e1vea News\",\"description\":\"Veja todas as not\u00edcias sobre o Flamengo: Contrata\u00e7\u00f5es, categorias de base, resultados das partidas, tabela de classifica\u00e7\u00e3o, pr\u00f3ximos jogos!\",\"potentialAction\":[{\"@type\":\"SearchAction\",\"target\":{\"@type\":\"EntryPoint\",\"urlTemplate\":\"https:\/\/www.gaveanews.com\/?s={search_term_string}\"},\"query-input\":{\"@type\":\"PropertyValueSpecification\",\"valueRequired\":true,\"valueName\":\"search_term_string\"}}],\"inLanguage\":\"pt-BR\"},{\"@type\":\"Person\",\"@id\":\"https:\/\/www.gaveanews.com\/#\/schema\/person\/fd07635ec039ec3ba74ad18ec8a6dbd6\",\"name\":\"Henrique Machado\",\"image\":{\"@type\":\"ImageObject\",\"inLanguage\":\"pt-BR\",\"@id\":\"https:\/\/www.gaveanews.com\/#\/schema\/person\/image\/\",\"url\":\"https:\/\/secure.gravatar.com\/avatar\/b95e35997e01d9800c1b6184bd79d4d898d370a3fce2584f5c77b907d5c7d9e9?s=96&d=mm&r=g\",\"contentUrl\":\"https:\/\/secure.gravatar.com\/avatar\/b95e35997e01d9800c1b6184bd79d4d898d370a3fce2584f5c77b907d5c7d9e9?s=96&d=mm&r=g\",\"caption\":\"Henrique Machado\"}}]}<\/script>\n<!-- \/ Yoast SEO Premium plugin. -->","yoast_head_json":{"title":"Braz \u00e9 questionado sobre sa\u00eddas do Flamengo","robots":{"index":"index","follow":"follow","max-snippet":"max-snippet:-1","max-image-preview":"max-image-preview:large","max-video-preview":"max-video-preview:-1"},"canonical":"https:\/\/www.gaveanews.com\/index.php\/2024\/04\/22\/braz-e-questionado-sobre-saidas-do-flamengo\/","og_locale":"pt_BR","og_type":"article","og_title":"Braz \u00e9 questionado sobre sa\u00eddas do Flamengo","og_description":"O Flamengo \u00e9 reconhecido por sua habilidade em montar times de alto calibre, compostos por jogadores que se destacam tanto nacional quanto internacionalmente. Gra\u00e7as a uma pol\u00edtica de contrata\u00e7\u00f5es agressiva, o clube consegue reunir talentos que n\u00e3o s\u00f3 atraem os olhares dos torcedores, mas tamb\u00e9m despertam interesse de clubes ao redor do mundo. Isso se [&hellip;]","og_url":"https:\/\/www.gaveanews.com\/index.php\/2024\/04\/22\/braz-e-questionado-sobre-saidas-do-flamengo\/","og_site_name":"G\u00e1vea News","article_publisher":"https:\/\/facebook.com\/gaveaNews\/","article_published_time":"2024-04-22T15:41:48+00:00","article_modified_time":"2024-04-22T15:41:49+00:00","og_image":[{"width":1200,"height":799,"url":"https:\/\/www.gaveanews.com\/wp-content\/uploads\/Marcos-Braz-durante-uma-coletiva-de-imprensa-no-Ninho-do-Urubu.webp","type":"image\/webp"}],"author":"Henrique Machado","twitter_card":"summary_large_image","twitter_misc":{"Escrito por":"Henrique Machado","Est. tempo de leitura":"3 minutos"},"schema":{"@context":"https:\/\/schema.org","@graph":[{"@type":"NewsArticle","@id":"https:\/\/www.gaveanews.com\/index.php\/2024\/04\/22\/braz-e-questionado-sobre-saidas-do-flamengo\/#article","isPartOf":{"@id":"https:\/\/www.gaveanews.com\/index.php\/2024\/04\/22\/braz-e-questionado-sobre-saidas-do-flamengo\/"},"author":{"name":"Henrique Machado","@id":"https:\/\/www.gaveanews.com\/#\/schema\/person\/fd07635ec039ec3ba74ad18ec8a6dbd6"},"headline":"Braz \u00e9 questionado sobre sa\u00eddas do Flamengo","datePublished":"2024-04-22T15:41:48+00:00","dateModified":"2024-04-22T15:41:49+00:00","mainEntityOfPage":{"@id":"https:\/\/www.gaveanews.com\/index.php\/2024\/04\/22\/braz-e-questionado-sobre-saidas-do-flamengo\/"},"wordCount":363,"commentCount":0,"image":{"@id":"https:\/\/www.gaveanews.com\/index.php\/2024\/04\/22\/braz-e-questionado-sobre-saidas-do-flamengo\/#primaryimage"},"thumbnailUrl":"https:\/\/www.gaveanews.com\/wp-content\/uploads\/Marcos-Braz-durante-uma-coletiva-de-imprensa-no-Ninho-do-Urubu.webp","articleSection":["Flamengo"],"inLanguage":"pt-BR","potentialAction":[{"@type":"CommentAction","name":"Comment","target":["https:\/\/www.gaveanews.com\/index.php\/2024\/04\/22\/braz-e-questionado-sobre-saidas-do-flamengo\/#respond"]}],"copyrightYear":"2024","copyrightHolder":{"@id":"https:\/\/www.gaveanews.com\/#organization"}},{"@type":"WebPage","@id":"https:\/\/www.gaveanews.com\/index.php\/2024\/04\/22\/braz-e-questionado-sobre-saidas-do-flamengo\/","url":"https:\/\/www.gaveanews.com\/index.php\/2024\/04\/22\/braz-e-questionado-sobre-saidas-do-flamengo\/","name":"Braz \u00e9 questionado sobre sa\u00eddas do Flamengo","isPartOf":{"@id":"https:\/\/www.gaveanews.com\/#website"},"primaryImageOfPage":{"@id":"https:\/\/www.gaveanews.com\/index.php\/2024\/04\/22\/braz-e-questionado-sobre-saidas-do-flamengo\/#primaryimage"},"image":{"@id":"https:\/\/www.gaveanews.com\/index.php\/2024\/04\/22\/braz-e-questionado-sobre-saidas-do-flamengo\/#primaryimage"},"thumbnailUrl":"https:\/\/www.gaveanews.com\/wp-content\/uploads\/Marcos-Braz-durante-uma-coletiva-de-imprensa-no-Ninho-do-Urubu.webp","datePublished":"2024-04-22T15:41:48+00:00","dateModified":"2024-04-22T15:41:49+00:00","author":{"@id":"https:\/\/www.gaveanews.com\/#\/schema\/person\/fd07635ec039ec3ba74ad18ec8a6dbd6"},"breadcrumb":{"@id":"https:\/\/www.gaveanews.com\/index.php\/2024\/04\/22\/braz-e-questionado-sobre-saidas-do-flamengo\/#breadcrumb"},"inLanguage":"pt-BR","potentialAction":[{"@type":"ReadAction","target":["https:\/\/www.gaveanews.com\/index.php\/2024\/04\/22\/braz-e-questionado-sobre-saidas-do-flamengo\/"]}]},{"@type":"ImageObject","inLanguage":"pt-BR","@id":"https:\/\/www.gaveanews.com\/index.php\/2024\/04\/22\/braz-e-questionado-sobre-saidas-do-flamengo\/#primaryimage","url":"https:\/\/www.gaveanews.com\/wp-content\/uploads\/Marcos-Braz-durante-uma-coletiva-de-imprensa-no-Ninho-do-Urubu.webp","contentUrl":"https:\/\/www.gaveanews.com\/wp-content\/uploads\/Marcos-Braz-durante-uma-coletiva-de-imprensa-no-Ninho-do-Urubu.webp","width":1200,"height":799,"caption":"Marcos Braz durante uma coletiva de imprensa no Ninho do Urubu (Foto: Reprodu\u00e7\u00e3o\/Flamengo)"},{"@type":"BreadcrumbList","@id":"https:\/\/www.gaveanews.com\/index.php\/2024\/04\/22\/braz-e-questionado-sobre-saidas-do-flamengo\/#breadcrumb","itemListElement":[{"@type":"ListItem","position":1,"name":"Home","item":"https:\/\/www.gaveanews.com\/"},{"@type":"ListItem","position":2,"name":"Braz \u00e9 questionado sobre sa\u00eddas do Flamengo"}]},{"@type":"WebSite","@id":"https:\/\/www.gaveanews.com\/#website","url":"https:\/\/www.gaveanews.com\/","name":"G\u00e1vea News","description":"Veja todas as not\u00edcias sobre o Flamengo: Contrata\u00e7\u00f5es, categorias de base, resultados das partidas, tabela de classifica\u00e7\u00e3o, pr\u00f3ximos jogos!","potentialAction":[{"@type":"SearchAction","target":{"@type":"EntryPoint","urlTemplate":"https:\/\/www.gaveanews.com\/?s={search_term_string}"},"query-input":{"@type":"PropertyValueSpecification","valueRequired":true,"valueName":"search_term_string"}}],"inLanguage":"pt-BR"},{"@type":"Person","@id":"https:\/\/www.gaveanews.com\/#\/schema\/person\/fd07635ec039ec3ba74ad18ec8a6dbd6","name":"Henrique Machado","image":{"@type":"ImageObject","inLanguage":"pt-BR","@id":"https:\/\/www.gaveanews.com\/#\/schema\/person\/image\/","url":"https:\/\/secure.gravatar.com\/avatar\/b95e35997e01d9800c1b6184bd79d4d898d370a3fce2584f5c77b907d5c7d9e9?s=96&d=mm&r=g","contentUrl":"https:\/\/secure.gravatar.com\/avatar\/b95e35997e01d9800c1b6184bd79d4d898d370a3fce2584f5c77b907d5c7d9e9?s=96&d=mm&r=g","caption":"Henrique Machado"}}]}},"_links":{"self":[{"href":"https:\/\/www.gaveanews.com\/index.php\/wp-json\/wp\/v2\/posts\/139226","targetHints":{"allow":["GET"]}}],"collection":[{"href":"https:\/\/www.gaveanews.com\/index.php\/wp-json\/wp\/v2\/posts"}],"about":[{"href":"https:\/\/www.gaveanews.com\/index.php\/wp-json\/wp\/v2\/types\/post"}],"author":[{"embeddable":true,"href":"https:\/\/www.gaveanews.com\/index.php\/wp-json\/wp\/v2\/users\/15"}],"replies":[{"embeddable":true,"href":"https:\/\/www.gaveanews.com\/index.php\/wp-json\/wp\/v2\/comments?post=139226"}],"version-history":[{"count":3,"href":"https:\/\/www.gaveanews.com\/index.php\/wp-json\/wp\/v2\/posts\/139226\/revisions"}],"predecessor-version":[{"id":139236,"href":"https:\/\/www.gaveanews.com\/index.php\/wp-json\/wp\/v2\/posts\/139226\/revisions\/139236"}],"wp:featuredmedia":[{"embeddable":true,"href":"https:\/\/www.gaveanews.com\/index.php\/wp-json\/wp\/v2\/media\/110138"}],"wp:attachment":[{"href":"https:\/\/www.gaveanews.com\/index.php\/wp-json\/wp\/v2\/media?parent=139226"}],"wp:term":[{"taxonomy":"category","embeddable":true,"href":"https:\/\/www.gaveanews.com\/index.php\/wp-json\/wp\/v2\/categories?post=139226"},{"taxonomy":"post_tag","embeddable":true,"href":"https:\/\/www.gaveanews.com\/index.php\/wp-json\/wp\/v2\/tags?post=139226"}],"curies":[{"name":"wp","href":"https:\/\/api.w.org\/{rel}","templated":true}]}}