{"id":139259,"date":"2024-04-22T15:32:18","date_gmt":"2024-04-22T18:32:18","guid":{"rendered":"https:\/\/www.gaveanews.com\/?p=139259"},"modified":"2024-04-22T15:32:20","modified_gmt":"2024-04-22T18:32:20","slug":"andreas-pereira-rebate-a-torcida-do-palmeiras","status":"publish","type":"post","link":"https:\/\/www.gaveanews.com\/index.php\/2024\/04\/22\/andreas-pereira-rebate-a-torcida-do-palmeiras\/","title":{"rendered":"Andreas Pereira rebate a torcida do Palmeiras"},"content":{"rendered":"\n<p>As provoca\u00e7\u00f5es dos palmeirenses aos rubro-negros continuam nas arquibancadas! Sempre que as equipes se encontram, torcedores de ambos os clubes encontram formas de implicar com os rivais nas arquibancadas.<\/p>\n\n\n\n<p>Desta vez, foi exposta por um torcedor uma camisa do Palmeiras com o nome &#8220;Andreas&#8221; e o n\u00famero 21. Vale lembrar que o ano em que o ex-jogador do Flamengo cometeu um erro capital que rendeu a conquista da Libertadores ao Alviverde foi 2021.<\/p>\n\n\n\n<h2 class=\"wp-block-heading\" id=\"h-veja\">Veja:<\/h2>\n\n\n\n<figure class=\"wp-block-image size-large\"><img decoding=\"async\" src=\"https:\/\/pbs.twimg.com\/media\/GLtqoozW0AAv-dp?format=jpg\" alt=\"\"\/><\/figure>\n\n\n\n<p>Andreas viu a imagem da camisa com seu nome e respondeu a torcida do Palmeiras. O jogador comentou <em>&#8220;2022&#8221;<\/em> e um trof\u00e9u ao lado. \u00c9 importante ressaltar que o Fla levou o t\u00edtulo da Libertadores de 2022 para casa.<\/p>\n\n\n\n<h2 class=\"wp-block-heading\" id=\"h-andreas-apos-a-libertadores-de-2021\">Andreas ap\u00f3s a Libertadores de 2021<\/h2>\n\n\n\n<p>O meia recebeu muitas cr\u00edticas da torcida do Flamengo e chegou a ser hostilizado em algumas ocasi\u00f5es. A situa\u00e7\u00e3o fez com que o Rubro-Negro n\u00e3o comprasse o atleta que veio por meio de empr\u00e9stimo.<\/p>\n\n\n\n<p>Andreas deixou o Flamengo para atuar no Fulham, da Inglaterra. O clube disputava a Premier League e buscava refor\u00e7os para impedir seu rebaixamento.<\/p>\n\n\n\n<p>O jogador se deu muito bem por l\u00e1 e se tornou um dos principais nomes do time. Longe da zona de rebaixamento do torneio ingl\u00eas, Andreas encanta equipes de maior express\u00e3o do pa\u00eds e pode receber ofertas ao final da temporada europeia.<\/p>\n\n\n\n<h2 class=\"wp-block-heading\" id=\"h-ultimo-confronto-entre-as-equipes\">\u00daltimo confronto entre as equipes<\/h2>\n\n\n\n<p>Palmeiras e Flamengo se encontraram no Allianz Parque no \u00faltimo final de semana pela terceira rodada do Campeonato Brasileiro. O duelo foi bastante disputado mas n\u00e3o rendeu frutos para as equipes, terminando no empate em 0 a 0.<\/p>\n\n\n\n<p>No final da rodada, o Rubro-Negro ficou na segunda coloca\u00e7\u00e3o da tabela de classifica\u00e7\u00e3o com 7 pontos. O Verd\u00e3o, por sua vez, \u00e9 o d\u00e9cimo primeiro colocado, somando 4 pontos.<\/p>\n\n\n\n<p>Os clubes voltam a campo na quarta-feira (24) para visitar seus respectivos advers\u00e1rios na Libertadores. As duas partidas acontecer\u00e3o \u00e0s 21h30 (hor\u00e1rio de Bras\u00edlia). O Flamengo enfrenta a altitude boliviana na partida contra o Bol\u00edvar, enquanto o Palmeiras vai \u00e0 altitude de Quito para o jogo contra o Independiente del Valle.<\/p>\n","protected":false},"excerpt":{"rendered":"<p>As provoca\u00e7\u00f5es dos palmeirenses aos rubro-negros continuam nas arquibancadas! Sempre que as equipes se encontram, torcedores de ambos os clubes encontram formas de implicar com os rivais nas arquibancadas. Desta vez, foi exposta por um torcedor uma camisa do Palmeiras com o nome &#8220;Andreas&#8221; e o n\u00famero 21. Vale lembrar que o ano em que [&hellip;]<\/p>\n","protected":false},"author":4,"featured_media":82111,"comment_status":"open","ping_status":"closed","sticky":false,"template":"","format":"standard","meta":{"footnotes":""},"categories":[1,150],"tags":[],"class_list":["post-139259","post","type-post","status-publish","format-standard","has-post-thumbnail","hentry","category-flamengo","category-palmeiras"],"yoast_head":"<!-- This site is optimized with the Yoast SEO Premium plugin v24.2 (Yoast SEO v26.9) - https:\/\/yoast.com\/product\/yoast-seo-premium-wordpress\/ -->\n<title>Andreas Pereira rebate a torcida do Palmeiras<\/title>\n<meta name=\"robots\" content=\"index, follow, max-snippet:-1, max-image-preview:large, max-video-preview:-1\" \/>\n<link rel=\"canonical\" href=\"https:\/\/www.gaveanews.com\/index.php\/2024\/04\/22\/andreas-pereira-rebate-a-torcida-do-palmeiras\/\" \/>\n<meta property=\"og:locale\" content=\"pt_BR\" \/>\n<meta property=\"og:type\" content=\"article\" \/>\n<meta property=\"og:title\" content=\"Andreas Pereira rebate a torcida do Palmeiras\" \/>\n<meta property=\"og:description\" content=\"As provoca\u00e7\u00f5es dos palmeirenses aos rubro-negros continuam nas arquibancadas! Sempre que as equipes se encontram, torcedores de ambos os clubes encontram formas de implicar com os rivais nas arquibancadas. Desta vez, foi exposta por um torcedor uma camisa do Palmeiras com o nome &#8220;Andreas&#8221; e o n\u00famero 21. Vale lembrar que o ano em que [&hellip;]\" \/>\n<meta property=\"og:url\" content=\"https:\/\/www.gaveanews.com\/index.php\/2024\/04\/22\/andreas-pereira-rebate-a-torcida-do-palmeiras\/\" \/>\n<meta property=\"og:site_name\" content=\"G\u00e1vea News\" \/>\n<meta property=\"article:publisher\" content=\"https:\/\/facebook.com\/gaveaNews\/\" \/>\n<meta property=\"article:published_time\" content=\"2024-04-22T18:32:18+00:00\" \/>\n<meta property=\"article:modified_time\" content=\"2024-04-22T18:32:20+00:00\" \/>\n<meta property=\"og:image\" content=\"https:\/\/www.gaveanews.com\/wp-content\/uploads\/Andreas-em-jogo-do-Flamengo-contra-o-Sporting-Cristal-pela-Libertadores.webp\" \/>\n\t<meta property=\"og:image:width\" content=\"799\" \/>\n\t<meta property=\"og:image:height\" content=\"533\" \/>\n\t<meta property=\"og:image:type\" content=\"image\/jpeg\" \/>\n<meta name=\"author\" content=\"Let\u00edcia Gerheim\" \/>\n<meta name=\"twitter:card\" content=\"summary_large_image\" \/>\n<meta name=\"twitter:label1\" content=\"Escrito por\" \/>\n\t<meta name=\"twitter:data1\" content=\"Let\u00edcia Gerheim\" \/>\n\t<meta name=\"twitter:label2\" content=\"Est. tempo de leitura\" \/>\n\t<meta name=\"twitter:data2\" content=\"3 minutos\" \/>\n<script type=\"application\/ld+json\" class=\"yoast-schema-graph\">{\"@context\":\"https:\/\/schema.org\",\"@graph\":[{\"@type\":\"NewsArticle\",\"@id\":\"https:\/\/www.gaveanews.com\/index.php\/2024\/04\/22\/andreas-pereira-rebate-a-torcida-do-palmeiras\/#article\",\"isPartOf\":{\"@id\":\"https:\/\/www.gaveanews.com\/index.php\/2024\/04\/22\/andreas-pereira-rebate-a-torcida-do-palmeiras\/\"},\"author\":{\"name\":\"Let\u00edcia Gerheim\",\"@id\":\"https:\/\/www.gaveanews.com\/#\/schema\/person\/714c67050b836198af2450ba1c142a67\"},\"headline\":\"Andreas Pereira rebate a torcida do Palmeiras\",\"datePublished\":\"2024-04-22T18:32:18+00:00\",\"dateModified\":\"2024-04-22T18:32:20+00:00\",\"mainEntityOfPage\":{\"@id\":\"https:\/\/www.gaveanews.com\/index.php\/2024\/04\/22\/andreas-pereira-rebate-a-torcida-do-palmeiras\/\"},\"wordCount\":360,\"commentCount\":0,\"image\":{\"@id\":\"https:\/\/www.gaveanews.com\/index.php\/2024\/04\/22\/andreas-pereira-rebate-a-torcida-do-palmeiras\/#primaryimage\"},\"thumbnailUrl\":\"https:\/\/www.gaveanews.com\/wp-content\/uploads\/Andreas-em-jogo-do-Flamengo-contra-o-Sporting-Cristal-pela-Libertadores.webp\",\"articleSection\":[\"Flamengo\",\"Palmeiras\"],\"inLanguage\":\"pt-BR\",\"potentialAction\":[{\"@type\":\"CommentAction\",\"name\":\"Comment\",\"target\":[\"https:\/\/www.gaveanews.com\/index.php\/2024\/04\/22\/andreas-pereira-rebate-a-torcida-do-palmeiras\/#respond\"]}],\"copyrightYear\":\"2024\",\"copyrightHolder\":{\"@id\":\"https:\/\/www.gaveanews.com\/#organization\"}},{\"@type\":\"WebPage\",\"@id\":\"https:\/\/www.gaveanews.com\/index.php\/2024\/04\/22\/andreas-pereira-rebate-a-torcida-do-palmeiras\/\",\"url\":\"https:\/\/www.gaveanews.com\/index.php\/2024\/04\/22\/andreas-pereira-rebate-a-torcida-do-palmeiras\/\",\"name\":\"Andreas Pereira rebate a torcida do Palmeiras\",\"isPartOf\":{\"@id\":\"https:\/\/www.gaveanews.com\/#website\"},\"primaryImageOfPage\":{\"@id\":\"https:\/\/www.gaveanews.com\/index.php\/2024\/04\/22\/andreas-pereira-rebate-a-torcida-do-palmeiras\/#primaryimage\"},\"image\":{\"@id\":\"https:\/\/www.gaveanews.com\/index.php\/2024\/04\/22\/andreas-pereira-rebate-a-torcida-do-palmeiras\/#primaryimage\"},\"thumbnailUrl\":\"https:\/\/www.gaveanews.com\/wp-content\/uploads\/Andreas-em-jogo-do-Flamengo-contra-o-Sporting-Cristal-pela-Libertadores.webp\",\"datePublished\":\"2024-04-22T18:32:18+00:00\",\"dateModified\":\"2024-04-22T18:32:20+00:00\",\"author\":{\"@id\":\"https:\/\/www.gaveanews.com\/#\/schema\/person\/714c67050b836198af2450ba1c142a67\"},\"breadcrumb\":{\"@id\":\"https:\/\/www.gaveanews.com\/index.php\/2024\/04\/22\/andreas-pereira-rebate-a-torcida-do-palmeiras\/#breadcrumb\"},\"inLanguage\":\"pt-BR\",\"potentialAction\":[{\"@type\":\"ReadAction\",\"target\":[\"https:\/\/www.gaveanews.com\/index.php\/2024\/04\/22\/andreas-pereira-rebate-a-torcida-do-palmeiras\/\"]}]},{\"@type\":\"ImageObject\",\"inLanguage\":\"pt-BR\",\"@id\":\"https:\/\/www.gaveanews.com\/index.php\/2024\/04\/22\/andreas-pereira-rebate-a-torcida-do-palmeiras\/#primaryimage\",\"url\":\"https:\/\/www.gaveanews.com\/wp-content\/uploads\/Andreas-em-jogo-do-Flamengo-contra-o-Sporting-Cristal-pela-Libertadores.webp\",\"contentUrl\":\"https:\/\/www.gaveanews.com\/wp-content\/uploads\/Andreas-em-jogo-do-Flamengo-contra-o-Sporting-Cristal-pela-Libertadores.webp\",\"width\":799,\"height\":533,\"caption\":\"Andreas em jogo do Flamengo contra o Sporting Cristal pela Libertadores (Foto: Alexandre Vidal\/Flamengo)\"},{\"@type\":\"BreadcrumbList\",\"@id\":\"https:\/\/www.gaveanews.com\/index.php\/2024\/04\/22\/andreas-pereira-rebate-a-torcida-do-palmeiras\/#breadcrumb\",\"itemListElement\":[{\"@type\":\"ListItem\",\"position\":1,\"name\":\"Home\",\"item\":\"https:\/\/www.gaveanews.com\/\"},{\"@type\":\"ListItem\",\"position\":2,\"name\":\"Andreas Pereira rebate a torcida do Palmeiras\"}]},{\"@type\":\"WebSite\",\"@id\":\"https:\/\/www.gaveanews.com\/#website\",\"url\":\"https:\/\/www.gaveanews.com\/\",\"name\":\"G\u00e1vea News\",\"description\":\"Veja todas as not\u00edcias sobre o Flamengo: Contrata\u00e7\u00f5es, categorias de base, resultados das partidas, tabela de classifica\u00e7\u00e3o, pr\u00f3ximos jogos!\",\"potentialAction\":[{\"@type\":\"SearchAction\",\"target\":{\"@type\":\"EntryPoint\",\"urlTemplate\":\"https:\/\/www.gaveanews.com\/?s={search_term_string}\"},\"query-input\":{\"@type\":\"PropertyValueSpecification\",\"valueRequired\":true,\"valueName\":\"search_term_string\"}}],\"inLanguage\":\"pt-BR\"},{\"@type\":\"Person\",\"@id\":\"https:\/\/www.gaveanews.com\/#\/schema\/person\/714c67050b836198af2450ba1c142a67\",\"name\":\"Let\u00edcia Gerheim\",\"image\":{\"@type\":\"ImageObject\",\"inLanguage\":\"pt-BR\",\"@id\":\"https:\/\/www.gaveanews.com\/#\/schema\/person\/image\/\",\"url\":\"https:\/\/secure.gravatar.com\/avatar\/60734739c50fcebfbac509e2a826ccd0ff405c019bc73aab9354f19ecad1dcb4?s=96&d=mm&r=g\",\"contentUrl\":\"https:\/\/secure.gravatar.com\/avatar\/60734739c50fcebfbac509e2a826ccd0ff405c019bc73aab9354f19ecad1dcb4?s=96&d=mm&r=g\",\"caption\":\"Let\u00edcia Gerheim\"}}]}<\/script>\n<!-- \/ Yoast SEO Premium plugin. -->","yoast_head_json":{"title":"Andreas Pereira rebate a torcida do Palmeiras","robots":{"index":"index","follow":"follow","max-snippet":"max-snippet:-1","max-image-preview":"max-image-preview:large","max-video-preview":"max-video-preview:-1"},"canonical":"https:\/\/www.gaveanews.com\/index.php\/2024\/04\/22\/andreas-pereira-rebate-a-torcida-do-palmeiras\/","og_locale":"pt_BR","og_type":"article","og_title":"Andreas Pereira rebate a torcida do Palmeiras","og_description":"As provoca\u00e7\u00f5es dos palmeirenses aos rubro-negros continuam nas arquibancadas! Sempre que as equipes se encontram, torcedores de ambos os clubes encontram formas de implicar com os rivais nas arquibancadas. Desta vez, foi exposta por um torcedor uma camisa do Palmeiras com o nome &#8220;Andreas&#8221; e o n\u00famero 21. Vale lembrar que o ano em que [&hellip;]","og_url":"https:\/\/www.gaveanews.com\/index.php\/2024\/04\/22\/andreas-pereira-rebate-a-torcida-do-palmeiras\/","og_site_name":"G\u00e1vea News","article_publisher":"https:\/\/facebook.com\/gaveaNews\/","article_published_time":"2024-04-22T18:32:18+00:00","article_modified_time":"2024-04-22T18:32:20+00:00","og_image":[{"width":799,"height":533,"url":"https:\/\/www.gaveanews.com\/wp-content\/uploads\/Andreas-em-jogo-do-Flamengo-contra-o-Sporting-Cristal-pela-Libertadores.webp","type":"image\/jpeg"}],"author":"Let\u00edcia Gerheim","twitter_card":"summary_large_image","twitter_misc":{"Escrito por":"Let\u00edcia Gerheim","Est. tempo de leitura":"3 minutos"},"schema":{"@context":"https:\/\/schema.org","@graph":[{"@type":"NewsArticle","@id":"https:\/\/www.gaveanews.com\/index.php\/2024\/04\/22\/andreas-pereira-rebate-a-torcida-do-palmeiras\/#article","isPartOf":{"@id":"https:\/\/www.gaveanews.com\/index.php\/2024\/04\/22\/andreas-pereira-rebate-a-torcida-do-palmeiras\/"},"author":{"name":"Let\u00edcia Gerheim","@id":"https:\/\/www.gaveanews.com\/#\/schema\/person\/714c67050b836198af2450ba1c142a67"},"headline":"Andreas Pereira rebate a torcida do Palmeiras","datePublished":"2024-04-22T18:32:18+00:00","dateModified":"2024-04-22T18:32:20+00:00","mainEntityOfPage":{"@id":"https:\/\/www.gaveanews.com\/index.php\/2024\/04\/22\/andreas-pereira-rebate-a-torcida-do-palmeiras\/"},"wordCount":360,"commentCount":0,"image":{"@id":"https:\/\/www.gaveanews.com\/index.php\/2024\/04\/22\/andreas-pereira-rebate-a-torcida-do-palmeiras\/#primaryimage"},"thumbnailUrl":"https:\/\/www.gaveanews.com\/wp-content\/uploads\/Andreas-em-jogo-do-Flamengo-contra-o-Sporting-Cristal-pela-Libertadores.webp","articleSection":["Flamengo","Palmeiras"],"inLanguage":"pt-BR","potentialAction":[{"@type":"CommentAction","name":"Comment","target":["https:\/\/www.gaveanews.com\/index.php\/2024\/04\/22\/andreas-pereira-rebate-a-torcida-do-palmeiras\/#respond"]}],"copyrightYear":"2024","copyrightHolder":{"@id":"https:\/\/www.gaveanews.com\/#organization"}},{"@type":"WebPage","@id":"https:\/\/www.gaveanews.com\/index.php\/2024\/04\/22\/andreas-pereira-rebate-a-torcida-do-palmeiras\/","url":"https:\/\/www.gaveanews.com\/index.php\/2024\/04\/22\/andreas-pereira-rebate-a-torcida-do-palmeiras\/","name":"Andreas Pereira rebate a torcida do Palmeiras","isPartOf":{"@id":"https:\/\/www.gaveanews.com\/#website"},"primaryImageOfPage":{"@id":"https:\/\/www.gaveanews.com\/index.php\/2024\/04\/22\/andreas-pereira-rebate-a-torcida-do-palmeiras\/#primaryimage"},"image":{"@id":"https:\/\/www.gaveanews.com\/index.php\/2024\/04\/22\/andreas-pereira-rebate-a-torcida-do-palmeiras\/#primaryimage"},"thumbnailUrl":"https:\/\/www.gaveanews.com\/wp-content\/uploads\/Andreas-em-jogo-do-Flamengo-contra-o-Sporting-Cristal-pela-Libertadores.webp","datePublished":"2024-04-22T18:32:18+00:00","dateModified":"2024-04-22T18:32:20+00:00","author":{"@id":"https:\/\/www.gaveanews.com\/#\/schema\/person\/714c67050b836198af2450ba1c142a67"},"breadcrumb":{"@id":"https:\/\/www.gaveanews.com\/index.php\/2024\/04\/22\/andreas-pereira-rebate-a-torcida-do-palmeiras\/#breadcrumb"},"inLanguage":"pt-BR","potentialAction":[{"@type":"ReadAction","target":["https:\/\/www.gaveanews.com\/index.php\/2024\/04\/22\/andreas-pereira-rebate-a-torcida-do-palmeiras\/"]}]},{"@type":"ImageObject","inLanguage":"pt-BR","@id":"https:\/\/www.gaveanews.com\/index.php\/2024\/04\/22\/andreas-pereira-rebate-a-torcida-do-palmeiras\/#primaryimage","url":"https:\/\/www.gaveanews.com\/wp-content\/uploads\/Andreas-em-jogo-do-Flamengo-contra-o-Sporting-Cristal-pela-Libertadores.webp","contentUrl":"https:\/\/www.gaveanews.com\/wp-content\/uploads\/Andreas-em-jogo-do-Flamengo-contra-o-Sporting-Cristal-pela-Libertadores.webp","width":799,"height":533,"caption":"Andreas em jogo do Flamengo contra o Sporting Cristal pela Libertadores (Foto: Alexandre Vidal\/Flamengo)"},{"@type":"BreadcrumbList","@id":"https:\/\/www.gaveanews.com\/index.php\/2024\/04\/22\/andreas-pereira-rebate-a-torcida-do-palmeiras\/#breadcrumb","itemListElement":[{"@type":"ListItem","position":1,"name":"Home","item":"https:\/\/www.gaveanews.com\/"},{"@type":"ListItem","position":2,"name":"Andreas Pereira rebate a torcida do Palmeiras"}]},{"@type":"WebSite","@id":"https:\/\/www.gaveanews.com\/#website","url":"https:\/\/www.gaveanews.com\/","name":"G\u00e1vea News","description":"Veja todas as not\u00edcias sobre o Flamengo: Contrata\u00e7\u00f5es, categorias de base, resultados das partidas, tabela de classifica\u00e7\u00e3o, pr\u00f3ximos jogos!","potentialAction":[{"@type":"SearchAction","target":{"@type":"EntryPoint","urlTemplate":"https:\/\/www.gaveanews.com\/?s={search_term_string}"},"query-input":{"@type":"PropertyValueSpecification","valueRequired":true,"valueName":"search_term_string"}}],"inLanguage":"pt-BR"},{"@type":"Person","@id":"https:\/\/www.gaveanews.com\/#\/schema\/person\/714c67050b836198af2450ba1c142a67","name":"Let\u00edcia Gerheim","image":{"@type":"ImageObject","inLanguage":"pt-BR","@id":"https:\/\/www.gaveanews.com\/#\/schema\/person\/image\/","url":"https:\/\/secure.gravatar.com\/avatar\/60734739c50fcebfbac509e2a826ccd0ff405c019bc73aab9354f19ecad1dcb4?s=96&d=mm&r=g","contentUrl":"https:\/\/secure.gravatar.com\/avatar\/60734739c50fcebfbac509e2a826ccd0ff405c019bc73aab9354f19ecad1dcb4?s=96&d=mm&r=g","caption":"Let\u00edcia Gerheim"}}]}},"_links":{"self":[{"href":"https:\/\/www.gaveanews.com\/index.php\/wp-json\/wp\/v2\/posts\/139259","targetHints":{"allow":["GET"]}}],"collection":[{"href":"https:\/\/www.gaveanews.com\/index.php\/wp-json\/wp\/v2\/posts"}],"about":[{"href":"https:\/\/www.gaveanews.com\/index.php\/wp-json\/wp\/v2\/types\/post"}],"author":[{"embeddable":true,"href":"https:\/\/www.gaveanews.com\/index.php\/wp-json\/wp\/v2\/users\/4"}],"replies":[{"embeddable":true,"href":"https:\/\/www.gaveanews.com\/index.php\/wp-json\/wp\/v2\/comments?post=139259"}],"version-history":[{"count":1,"href":"https:\/\/www.gaveanews.com\/index.php\/wp-json\/wp\/v2\/posts\/139259\/revisions"}],"predecessor-version":[{"id":139266,"href":"https:\/\/www.gaveanews.com\/index.php\/wp-json\/wp\/v2\/posts\/139259\/revisions\/139266"}],"wp:featuredmedia":[{"embeddable":true,"href":"https:\/\/www.gaveanews.com\/index.php\/wp-json\/wp\/v2\/media\/82111"}],"wp:attachment":[{"href":"https:\/\/www.gaveanews.com\/index.php\/wp-json\/wp\/v2\/media?parent=139259"}],"wp:term":[{"taxonomy":"category","embeddable":true,"href":"https:\/\/www.gaveanews.com\/index.php\/wp-json\/wp\/v2\/categories?post=139259"},{"taxonomy":"post_tag","embeddable":true,"href":"https:\/\/www.gaveanews.com\/index.php\/wp-json\/wp\/v2\/tags?post=139259"}],"curies":[{"name":"wp","href":"https:\/\/api.w.org\/{rel}","templated":true}]}}