{"id":139269,"date":"2024-04-22T15:51:26","date_gmt":"2024-04-22T18:51:26","guid":{"rendered":"https:\/\/www.gaveanews.com\/?p=139269"},"modified":"2024-04-22T15:51:28","modified_gmt":"2024-04-22T18:51:28","slug":"abel-ferreira-volta-atras-apos-comparacao-entre-palmeiras-e-flamengo","status":"publish","type":"post","link":"https:\/\/www.gaveanews.com\/index.php\/2024\/04\/22\/abel-ferreira-volta-atras-apos-comparacao-entre-palmeiras-e-flamengo\/","title":{"rendered":"Abel Ferreira volta atr\u00e1s ap\u00f3s compara\u00e7\u00e3o entre Palmeiras e Flamengo"},"content":{"rendered":"\n<p>Flamengo e Palmeiras se enfrentaram no \u00faltimo domingo (21) em um jogo que terminou empatado em 0 a 0, v\u00e1lido pela terceira rodada do Campeonato Brasileiro. No entanto, antes mesmo da bola rolar, os bastidores da partida j\u00e1 estavam agitados. Durante a semana anterior ao confronto, o t\u00e9cnico do Palmeiras, Abel Ferreira, protagonizou uma pol\u00eamica ao fazer compara\u00e7\u00f5es entre os or\u00e7amentos do clube paulista e do Flamengo.<\/p>\n\n\n\n<p>Ap\u00f3s a derrota por 1 a 0 para o Internacional na segunda rodada do Brasileir\u00e3o, Abel Ferreira fez declara\u00e7\u00f5es controversas, sugerindo que o Flamengo possui mais recursos financeiros para contratar jogadores prontos. O treinador portugu\u00eas tamb\u00e9m mencionou o t\u00e9cnico do Flamengo, Tite.<\/p>\n\n\n\n<p>\u2014 <em>O que eles t\u00eam? T\u00eam mais dinheiro do que o Palmeiras para comprar jogadores prontos. S\u00f3 isso. N\u00e3o sei se o m\u00e9todo de trabalho \u00e9 parecido. Vou analisar o Flamengo a partir de agora; sei que tem um elenco recheado de bons jogadores. Tem um treinador (Tite) que voc\u00eas conhecem t\u00e3o bem ou melhor do que eu com a Sele\u00e7\u00e3o Brasileira, com t\u00edtulos, com muita experi\u00eancia, com muitos mais cabelos brancos do que eu, melhor do que eu<\/em> \u2014disse Abel.<\/p>\n\n\n\n<p>No entanto, ap\u00f3s o empate contra o Flamengo, Abel Ferreira recuou em suas palavras. Ele reconheceu a qualidade defensiva do Flamengo, destacando a forma como a equipe carioca se fecha em duas linhas de quatro e fecha bem os corredores. Abel tamb\u00e9m ressaltou a dificuldade de penetrar na defesa advers\u00e1ria, mencionando a efici\u00eancia do Flamengo em anular as jogadas de ataque do Palmeiras.<\/p>\n\n\n\n<p>\u2014 <em>Na coletiva passada eu falei e alguns n\u00e3o entenderam o que eu disse. O Flamengo tem dinheiro, sim, mas falei no n\u00edvel de contrata\u00e7\u00f5es que ele tem. A gente n\u00e3o queria bater no muro e a gente tentou pelas pontas. V\u00ea quantos gols foram de jogada individual, por cruzamento. O Flamengo se defende muito bem com dois blocos de quatro e com dois na frente, e fecha bem os corredores. E n\u00f3s temos que usar os jogadores de fora, entrar por dentro \u00e9 dif\u00edcil<\/em> \u2014 comentou o treinador do Palmeiras.<\/p>\n\n\n\n<h2 class=\"wp-block-heading\" id=\"h-quando-sera-o-proximo-jogo-do-palmeiras\">Quando ser\u00e1 o pr\u00f3ximo jogo do Palmeiras?<\/h2>\n\n\n\n<p>Em abril, o\u00a0<a href=\"https:\/\/www.gaveanews.com\/?s=palmeiras&amp;utm_source=SystemGaveaNews&amp;utm_medium=SystemGaveaNews&amp;utm_campaign=SystemGaveaNews\">Palmeiras<\/a>\u00a0enfrentar\u00e1 uma agenda repleta de desafios, competindo em tr\u00eas diferentes torneios. Sob o comando do t\u00e9cnico Abel Ferreira, a equipe ter\u00e1 partidas pelo Campeonato Paulista, Copa Libertadores e Campeonato Brasileiro. Confira abaixo a agenda do\u00a0<a href=\"https:\/\/www.gaveanews.com\/?s=palmeiras&amp;utm_source=SystemGaveaNews&amp;utm_medium=SystemGaveaNews&amp;utm_campaign=SystemGaveaNews\">Palmeiras<\/a>\u00a0no m\u00eas de abril:<\/p>\n\n\n\n<ul class=\"wp-block-list\">\n<li>03\/04 \u2013 San Lorenzo 1 x 1\u00a0<a href=\"https:\/\/www.gaveanews.com\/?s=palmeiras&amp;utm_source=SystemGaveaNews&amp;utm_medium=SystemGaveaNews&amp;utm_campaign=SystemGaveaNews\">Palmeiras<\/a><\/li>\n\n\n\n<li>07\/04 \u2013\u00a0<a href=\"https:\/\/www.gaveanews.com\/?s=palmeiras&amp;utm_source=SystemGaveaNews&amp;utm_medium=SystemGaveaNews&amp;utm_campaign=SystemGaveaNews\">Palmeiras<\/a>\u00a02 x 0 Santos<\/li>\n\n\n\n<li>11\/04 \u2013\u00a0<a href=\"https:\/\/www.gaveanews.com\/?s=palmeiras&amp;utm_source=SystemGaveaNews&amp;utm_medium=SystemGaveaNews&amp;utm_campaign=SystemGaveaNews\">Palmeiras<\/a>\u00a03 x 1 Liverpool<\/li>\n\n\n\n<li>14\/04 \u2013 Vit\u00f3ria 0 x 1\u00a0<a href=\"https:\/\/www.gaveanews.com\/?s=palmeiras&amp;utm_source=SystemGaveaNews&amp;utm_medium=SystemGaveaNews&amp;utm_campaign=SystemGaveaNews\">Palmeiras<\/a><\/li>\n\n\n\n<li>17\/04 \u2013\u00a0<a href=\"https:\/\/www.gaveanews.com\/?s=palmeiras&amp;utm_source=SystemGaveaNews&amp;utm_medium=SystemGaveaNews&amp;utm_campaign=SystemGaveaNews\">Palmeiras<\/a>\u00a00 x 1 Internacional<\/li>\n\n\n\n<li>21\/04 \u2013\u00a0<a href=\"https:\/\/www.gaveanews.com\/?s=palmeiras&amp;utm_source=SystemGaveaNews&amp;utm_medium=SystemGaveaNews&amp;utm_campaign=SystemGaveaNews\">Palmeiras<\/a>\u00a00 x 0\u00a0<a href=\"https:\/\/gaveanews.com\/?utm_source=SystemGaveaNews&amp;utm_medium=SystemGaveaNews&amp;utm_campaign=SystemGaveaNews\">Flamengo<\/a><\/li>\n\n\n\n<li>24\/04 \u2013 Independiente del Valle x\u00a0<a href=\"https:\/\/www.gaveanews.com\/?s=palmeiras&amp;utm_source=SystemGaveaNews&amp;utm_medium=SystemGaveaNews&amp;utm_campaign=SystemGaveaNews\">Palmeiras<\/a><\/li>\n\n\n\n<li>29\/04 \u2013 S\u00e3o Paulo x\u00a0<a href=\"https:\/\/www.gaveanews.com\/?s=palmeiras&amp;utm_source=SystemGaveaNews&amp;utm_medium=SystemGaveaNews&amp;utm_campaign=SystemGaveaNews\">Palmeiras<\/a><\/li>\n<\/ul>\n","protected":false},"excerpt":{"rendered":"<p>Flamengo e Palmeiras se enfrentaram no \u00faltimo domingo (21) em um jogo que terminou empatado em 0 a 0, v\u00e1lido pela terceira rodada do Campeonato Brasileiro. No entanto, antes mesmo da bola rolar, os bastidores da partida j\u00e1 estavam agitados. Durante a semana anterior ao confronto, o t\u00e9cnico do Palmeiras, Abel Ferreira, protagonizou uma pol\u00eamica [&hellip;]<\/p>\n","protected":false},"author":15,"featured_media":102760,"comment_status":"open","ping_status":"closed","sticky":false,"template":"","format":"standard","meta":{"footnotes":""},"categories":[1,150],"tags":[],"class_list":["post-139269","post","type-post","status-publish","format-standard","has-post-thumbnail","hentry","category-flamengo","category-palmeiras"],"yoast_head":"<!-- This site is optimized with the Yoast SEO Premium plugin v24.2 (Yoast SEO v26.9) - https:\/\/yoast.com\/product\/yoast-seo-premium-wordpress\/ -->\n<title>Abel Ferreira volta atr\u00e1s ap\u00f3s compara\u00e7\u00e3o entre Palmeiras e Flamengo<\/title>\n<meta name=\"robots\" content=\"index, follow, max-snippet:-1, max-image-preview:large, max-video-preview:-1\" \/>\n<link rel=\"canonical\" href=\"https:\/\/www.gaveanews.com\/index.php\/2024\/04\/22\/abel-ferreira-volta-atras-apos-comparacao-entre-palmeiras-e-flamengo\/\" \/>\n<meta property=\"og:locale\" content=\"pt_BR\" \/>\n<meta property=\"og:type\" content=\"article\" \/>\n<meta property=\"og:title\" content=\"Abel Ferreira volta atr\u00e1s ap\u00f3s compara\u00e7\u00e3o entre Palmeiras e Flamengo\" \/>\n<meta property=\"og:description\" content=\"Flamengo e Palmeiras se enfrentaram no \u00faltimo domingo (21) em um jogo que terminou empatado em 0 a 0, v\u00e1lido pela terceira rodada do Campeonato Brasileiro. No entanto, antes mesmo da bola rolar, os bastidores da partida j\u00e1 estavam agitados. Durante a semana anterior ao confronto, o t\u00e9cnico do Palmeiras, Abel Ferreira, protagonizou uma pol\u00eamica [&hellip;]\" \/>\n<meta property=\"og:url\" content=\"https:\/\/www.gaveanews.com\/index.php\/2024\/04\/22\/abel-ferreira-volta-atras-apos-comparacao-entre-palmeiras-e-flamengo\/\" \/>\n<meta property=\"og:site_name\" content=\"G\u00e1vea News\" \/>\n<meta property=\"article:publisher\" content=\"https:\/\/facebook.com\/gaveaNews\/\" \/>\n<meta property=\"article:published_time\" content=\"2024-04-22T18:51:26+00:00\" \/>\n<meta property=\"article:modified_time\" content=\"2024-04-22T18:51:28+00:00\" \/>\n<meta property=\"og:image\" content=\"https:\/\/www.gaveanews.com\/wp-content\/uploads\/chrome_ODu3uwWaKP.webp\" \/>\n\t<meta property=\"og:image:width\" content=\"840\" \/>\n\t<meta property=\"og:image:height\" content=\"510\" \/>\n\t<meta property=\"og:image:type\" content=\"image\/png\" \/>\n<meta name=\"author\" content=\"Henrique Machado\" \/>\n<meta name=\"twitter:card\" content=\"summary_large_image\" \/>\n<meta name=\"twitter:label1\" content=\"Escrito por\" \/>\n\t<meta name=\"twitter:data1\" content=\"Henrique Machado\" \/>\n\t<meta name=\"twitter:label2\" content=\"Est. tempo de leitura\" \/>\n\t<meta name=\"twitter:data2\" content=\"3 minutos\" \/>\n<script type=\"application\/ld+json\" class=\"yoast-schema-graph\">{\"@context\":\"https:\/\/schema.org\",\"@graph\":[{\"@type\":\"NewsArticle\",\"@id\":\"https:\/\/www.gaveanews.com\/index.php\/2024\/04\/22\/abel-ferreira-volta-atras-apos-comparacao-entre-palmeiras-e-flamengo\/#article\",\"isPartOf\":{\"@id\":\"https:\/\/www.gaveanews.com\/index.php\/2024\/04\/22\/abel-ferreira-volta-atras-apos-comparacao-entre-palmeiras-e-flamengo\/\"},\"author\":{\"name\":\"Henrique Machado\",\"@id\":\"https:\/\/www.gaveanews.com\/#\/schema\/person\/fd07635ec039ec3ba74ad18ec8a6dbd6\"},\"headline\":\"Abel Ferreira volta atr\u00e1s ap\u00f3s compara\u00e7\u00e3o entre Palmeiras e Flamengo\",\"datePublished\":\"2024-04-22T18:51:26+00:00\",\"dateModified\":\"2024-04-22T18:51:28+00:00\",\"mainEntityOfPage\":{\"@id\":\"https:\/\/www.gaveanews.com\/index.php\/2024\/04\/22\/abel-ferreira-volta-atras-apos-comparacao-entre-palmeiras-e-flamengo\/\"},\"wordCount\":462,\"commentCount\":0,\"image\":{\"@id\":\"https:\/\/www.gaveanews.com\/index.php\/2024\/04\/22\/abel-ferreira-volta-atras-apos-comparacao-entre-palmeiras-e-flamengo\/#primaryimage\"},\"thumbnailUrl\":\"https:\/\/www.gaveanews.com\/wp-content\/uploads\/chrome_ODu3uwWaKP.webp\",\"articleSection\":[\"Flamengo\",\"Palmeiras\"],\"inLanguage\":\"pt-BR\",\"potentialAction\":[{\"@type\":\"CommentAction\",\"name\":\"Comment\",\"target\":[\"https:\/\/www.gaveanews.com\/index.php\/2024\/04\/22\/abel-ferreira-volta-atras-apos-comparacao-entre-palmeiras-e-flamengo\/#respond\"]}],\"copyrightYear\":\"2024\",\"copyrightHolder\":{\"@id\":\"https:\/\/www.gaveanews.com\/#organization\"}},{\"@type\":\"WebPage\",\"@id\":\"https:\/\/www.gaveanews.com\/index.php\/2024\/04\/22\/abel-ferreira-volta-atras-apos-comparacao-entre-palmeiras-e-flamengo\/\",\"url\":\"https:\/\/www.gaveanews.com\/index.php\/2024\/04\/22\/abel-ferreira-volta-atras-apos-comparacao-entre-palmeiras-e-flamengo\/\",\"name\":\"Abel Ferreira volta atr\u00e1s ap\u00f3s compara\u00e7\u00e3o entre Palmeiras e Flamengo\",\"isPartOf\":{\"@id\":\"https:\/\/www.gaveanews.com\/#website\"},\"primaryImageOfPage\":{\"@id\":\"https:\/\/www.gaveanews.com\/index.php\/2024\/04\/22\/abel-ferreira-volta-atras-apos-comparacao-entre-palmeiras-e-flamengo\/#primaryimage\"},\"image\":{\"@id\":\"https:\/\/www.gaveanews.com\/index.php\/2024\/04\/22\/abel-ferreira-volta-atras-apos-comparacao-entre-palmeiras-e-flamengo\/#primaryimage\"},\"thumbnailUrl\":\"https:\/\/www.gaveanews.com\/wp-content\/uploads\/chrome_ODu3uwWaKP.webp\",\"datePublished\":\"2024-04-22T18:51:26+00:00\",\"dateModified\":\"2024-04-22T18:51:28+00:00\",\"author\":{\"@id\":\"https:\/\/www.gaveanews.com\/#\/schema\/person\/fd07635ec039ec3ba74ad18ec8a6dbd6\"},\"breadcrumb\":{\"@id\":\"https:\/\/www.gaveanews.com\/index.php\/2024\/04\/22\/abel-ferreira-volta-atras-apos-comparacao-entre-palmeiras-e-flamengo\/#breadcrumb\"},\"inLanguage\":\"pt-BR\",\"potentialAction\":[{\"@type\":\"ReadAction\",\"target\":[\"https:\/\/www.gaveanews.com\/index.php\/2024\/04\/22\/abel-ferreira-volta-atras-apos-comparacao-entre-palmeiras-e-flamengo\/\"]}]},{\"@type\":\"ImageObject\",\"inLanguage\":\"pt-BR\",\"@id\":\"https:\/\/www.gaveanews.com\/index.php\/2024\/04\/22\/abel-ferreira-volta-atras-apos-comparacao-entre-palmeiras-e-flamengo\/#primaryimage\",\"url\":\"https:\/\/www.gaveanews.com\/wp-content\/uploads\/chrome_ODu3uwWaKP.webp\",\"contentUrl\":\"https:\/\/www.gaveanews.com\/wp-content\/uploads\/chrome_ODu3uwWaKP.webp\",\"width\":840,\"height\":510,\"caption\":\"Abel Ferreira em Jogo pelo Palmeiras - Foto Reprodu\u00e7\u00e3o\"},{\"@type\":\"BreadcrumbList\",\"@id\":\"https:\/\/www.gaveanews.com\/index.php\/2024\/04\/22\/abel-ferreira-volta-atras-apos-comparacao-entre-palmeiras-e-flamengo\/#breadcrumb\",\"itemListElement\":[{\"@type\":\"ListItem\",\"position\":1,\"name\":\"Home\",\"item\":\"https:\/\/www.gaveanews.com\/\"},{\"@type\":\"ListItem\",\"position\":2,\"name\":\"Abel Ferreira volta atr\u00e1s ap\u00f3s compara\u00e7\u00e3o entre Palmeiras e Flamengo\"}]},{\"@type\":\"WebSite\",\"@id\":\"https:\/\/www.gaveanews.com\/#website\",\"url\":\"https:\/\/www.gaveanews.com\/\",\"name\":\"G\u00e1vea News\",\"description\":\"Veja todas as not\u00edcias sobre o Flamengo: Contrata\u00e7\u00f5es, categorias de base, resultados das partidas, tabela de classifica\u00e7\u00e3o, pr\u00f3ximos jogos!\",\"potentialAction\":[{\"@type\":\"SearchAction\",\"target\":{\"@type\":\"EntryPoint\",\"urlTemplate\":\"https:\/\/www.gaveanews.com\/?s={search_term_string}\"},\"query-input\":{\"@type\":\"PropertyValueSpecification\",\"valueRequired\":true,\"valueName\":\"search_term_string\"}}],\"inLanguage\":\"pt-BR\"},{\"@type\":\"Person\",\"@id\":\"https:\/\/www.gaveanews.com\/#\/schema\/person\/fd07635ec039ec3ba74ad18ec8a6dbd6\",\"name\":\"Henrique Machado\",\"image\":{\"@type\":\"ImageObject\",\"inLanguage\":\"pt-BR\",\"@id\":\"https:\/\/www.gaveanews.com\/#\/schema\/person\/image\/\",\"url\":\"https:\/\/secure.gravatar.com\/avatar\/b95e35997e01d9800c1b6184bd79d4d898d370a3fce2584f5c77b907d5c7d9e9?s=96&d=mm&r=g\",\"contentUrl\":\"https:\/\/secure.gravatar.com\/avatar\/b95e35997e01d9800c1b6184bd79d4d898d370a3fce2584f5c77b907d5c7d9e9?s=96&d=mm&r=g\",\"caption\":\"Henrique Machado\"}}]}<\/script>\n<!-- \/ Yoast SEO Premium plugin. -->","yoast_head_json":{"title":"Abel Ferreira volta atr\u00e1s ap\u00f3s compara\u00e7\u00e3o entre Palmeiras e Flamengo","robots":{"index":"index","follow":"follow","max-snippet":"max-snippet:-1","max-image-preview":"max-image-preview:large","max-video-preview":"max-video-preview:-1"},"canonical":"https:\/\/www.gaveanews.com\/index.php\/2024\/04\/22\/abel-ferreira-volta-atras-apos-comparacao-entre-palmeiras-e-flamengo\/","og_locale":"pt_BR","og_type":"article","og_title":"Abel Ferreira volta atr\u00e1s ap\u00f3s compara\u00e7\u00e3o entre Palmeiras e Flamengo","og_description":"Flamengo e Palmeiras se enfrentaram no \u00faltimo domingo (21) em um jogo que terminou empatado em 0 a 0, v\u00e1lido pela terceira rodada do Campeonato Brasileiro. No entanto, antes mesmo da bola rolar, os bastidores da partida j\u00e1 estavam agitados. Durante a semana anterior ao confronto, o t\u00e9cnico do Palmeiras, Abel Ferreira, protagonizou uma pol\u00eamica [&hellip;]","og_url":"https:\/\/www.gaveanews.com\/index.php\/2024\/04\/22\/abel-ferreira-volta-atras-apos-comparacao-entre-palmeiras-e-flamengo\/","og_site_name":"G\u00e1vea News","article_publisher":"https:\/\/facebook.com\/gaveaNews\/","article_published_time":"2024-04-22T18:51:26+00:00","article_modified_time":"2024-04-22T18:51:28+00:00","og_image":[{"width":840,"height":510,"url":"https:\/\/www.gaveanews.com\/wp-content\/uploads\/chrome_ODu3uwWaKP.webp","type":"image\/png"}],"author":"Henrique Machado","twitter_card":"summary_large_image","twitter_misc":{"Escrito por":"Henrique Machado","Est. tempo de leitura":"3 minutos"},"schema":{"@context":"https:\/\/schema.org","@graph":[{"@type":"NewsArticle","@id":"https:\/\/www.gaveanews.com\/index.php\/2024\/04\/22\/abel-ferreira-volta-atras-apos-comparacao-entre-palmeiras-e-flamengo\/#article","isPartOf":{"@id":"https:\/\/www.gaveanews.com\/index.php\/2024\/04\/22\/abel-ferreira-volta-atras-apos-comparacao-entre-palmeiras-e-flamengo\/"},"author":{"name":"Henrique Machado","@id":"https:\/\/www.gaveanews.com\/#\/schema\/person\/fd07635ec039ec3ba74ad18ec8a6dbd6"},"headline":"Abel Ferreira volta atr\u00e1s ap\u00f3s compara\u00e7\u00e3o entre Palmeiras e Flamengo","datePublished":"2024-04-22T18:51:26+00:00","dateModified":"2024-04-22T18:51:28+00:00","mainEntityOfPage":{"@id":"https:\/\/www.gaveanews.com\/index.php\/2024\/04\/22\/abel-ferreira-volta-atras-apos-comparacao-entre-palmeiras-e-flamengo\/"},"wordCount":462,"commentCount":0,"image":{"@id":"https:\/\/www.gaveanews.com\/index.php\/2024\/04\/22\/abel-ferreira-volta-atras-apos-comparacao-entre-palmeiras-e-flamengo\/#primaryimage"},"thumbnailUrl":"https:\/\/www.gaveanews.com\/wp-content\/uploads\/chrome_ODu3uwWaKP.webp","articleSection":["Flamengo","Palmeiras"],"inLanguage":"pt-BR","potentialAction":[{"@type":"CommentAction","name":"Comment","target":["https:\/\/www.gaveanews.com\/index.php\/2024\/04\/22\/abel-ferreira-volta-atras-apos-comparacao-entre-palmeiras-e-flamengo\/#respond"]}],"copyrightYear":"2024","copyrightHolder":{"@id":"https:\/\/www.gaveanews.com\/#organization"}},{"@type":"WebPage","@id":"https:\/\/www.gaveanews.com\/index.php\/2024\/04\/22\/abel-ferreira-volta-atras-apos-comparacao-entre-palmeiras-e-flamengo\/","url":"https:\/\/www.gaveanews.com\/index.php\/2024\/04\/22\/abel-ferreira-volta-atras-apos-comparacao-entre-palmeiras-e-flamengo\/","name":"Abel Ferreira volta atr\u00e1s ap\u00f3s compara\u00e7\u00e3o entre Palmeiras e Flamengo","isPartOf":{"@id":"https:\/\/www.gaveanews.com\/#website"},"primaryImageOfPage":{"@id":"https:\/\/www.gaveanews.com\/index.php\/2024\/04\/22\/abel-ferreira-volta-atras-apos-comparacao-entre-palmeiras-e-flamengo\/#primaryimage"},"image":{"@id":"https:\/\/www.gaveanews.com\/index.php\/2024\/04\/22\/abel-ferreira-volta-atras-apos-comparacao-entre-palmeiras-e-flamengo\/#primaryimage"},"thumbnailUrl":"https:\/\/www.gaveanews.com\/wp-content\/uploads\/chrome_ODu3uwWaKP.webp","datePublished":"2024-04-22T18:51:26+00:00","dateModified":"2024-04-22T18:51:28+00:00","author":{"@id":"https:\/\/www.gaveanews.com\/#\/schema\/person\/fd07635ec039ec3ba74ad18ec8a6dbd6"},"breadcrumb":{"@id":"https:\/\/www.gaveanews.com\/index.php\/2024\/04\/22\/abel-ferreira-volta-atras-apos-comparacao-entre-palmeiras-e-flamengo\/#breadcrumb"},"inLanguage":"pt-BR","potentialAction":[{"@type":"ReadAction","target":["https:\/\/www.gaveanews.com\/index.php\/2024\/04\/22\/abel-ferreira-volta-atras-apos-comparacao-entre-palmeiras-e-flamengo\/"]}]},{"@type":"ImageObject","inLanguage":"pt-BR","@id":"https:\/\/www.gaveanews.com\/index.php\/2024\/04\/22\/abel-ferreira-volta-atras-apos-comparacao-entre-palmeiras-e-flamengo\/#primaryimage","url":"https:\/\/www.gaveanews.com\/wp-content\/uploads\/chrome_ODu3uwWaKP.webp","contentUrl":"https:\/\/www.gaveanews.com\/wp-content\/uploads\/chrome_ODu3uwWaKP.webp","width":840,"height":510,"caption":"Abel Ferreira em Jogo pelo Palmeiras - Foto Reprodu\u00e7\u00e3o"},{"@type":"BreadcrumbList","@id":"https:\/\/www.gaveanews.com\/index.php\/2024\/04\/22\/abel-ferreira-volta-atras-apos-comparacao-entre-palmeiras-e-flamengo\/#breadcrumb","itemListElement":[{"@type":"ListItem","position":1,"name":"Home","item":"https:\/\/www.gaveanews.com\/"},{"@type":"ListItem","position":2,"name":"Abel Ferreira volta atr\u00e1s ap\u00f3s compara\u00e7\u00e3o entre Palmeiras e Flamengo"}]},{"@type":"WebSite","@id":"https:\/\/www.gaveanews.com\/#website","url":"https:\/\/www.gaveanews.com\/","name":"G\u00e1vea News","description":"Veja todas as not\u00edcias sobre o Flamengo: Contrata\u00e7\u00f5es, categorias de base, resultados das partidas, tabela de classifica\u00e7\u00e3o, pr\u00f3ximos jogos!","potentialAction":[{"@type":"SearchAction","target":{"@type":"EntryPoint","urlTemplate":"https:\/\/www.gaveanews.com\/?s={search_term_string}"},"query-input":{"@type":"PropertyValueSpecification","valueRequired":true,"valueName":"search_term_string"}}],"inLanguage":"pt-BR"},{"@type":"Person","@id":"https:\/\/www.gaveanews.com\/#\/schema\/person\/fd07635ec039ec3ba74ad18ec8a6dbd6","name":"Henrique Machado","image":{"@type":"ImageObject","inLanguage":"pt-BR","@id":"https:\/\/www.gaveanews.com\/#\/schema\/person\/image\/","url":"https:\/\/secure.gravatar.com\/avatar\/b95e35997e01d9800c1b6184bd79d4d898d370a3fce2584f5c77b907d5c7d9e9?s=96&d=mm&r=g","contentUrl":"https:\/\/secure.gravatar.com\/avatar\/b95e35997e01d9800c1b6184bd79d4d898d370a3fce2584f5c77b907d5c7d9e9?s=96&d=mm&r=g","caption":"Henrique Machado"}}]}},"_links":{"self":[{"href":"https:\/\/www.gaveanews.com\/index.php\/wp-json\/wp\/v2\/posts\/139269","targetHints":{"allow":["GET"]}}],"collection":[{"href":"https:\/\/www.gaveanews.com\/index.php\/wp-json\/wp\/v2\/posts"}],"about":[{"href":"https:\/\/www.gaveanews.com\/index.php\/wp-json\/wp\/v2\/types\/post"}],"author":[{"embeddable":true,"href":"https:\/\/www.gaveanews.com\/index.php\/wp-json\/wp\/v2\/users\/15"}],"replies":[{"embeddable":true,"href":"https:\/\/www.gaveanews.com\/index.php\/wp-json\/wp\/v2\/comments?post=139269"}],"version-history":[{"count":5,"href":"https:\/\/www.gaveanews.com\/index.php\/wp-json\/wp\/v2\/posts\/139269\/revisions"}],"predecessor-version":[{"id":139277,"href":"https:\/\/www.gaveanews.com\/index.php\/wp-json\/wp\/v2\/posts\/139269\/revisions\/139277"}],"wp:featuredmedia":[{"embeddable":true,"href":"https:\/\/www.gaveanews.com\/index.php\/wp-json\/wp\/v2\/media\/102760"}],"wp:attachment":[{"href":"https:\/\/www.gaveanews.com\/index.php\/wp-json\/wp\/v2\/media?parent=139269"}],"wp:term":[{"taxonomy":"category","embeddable":true,"href":"https:\/\/www.gaveanews.com\/index.php\/wp-json\/wp\/v2\/categories?post=139269"},{"taxonomy":"post_tag","embeddable":true,"href":"https:\/\/www.gaveanews.com\/index.php\/wp-json\/wp\/v2\/tags?post=139269"}],"curies":[{"name":"wp","href":"https:\/\/api.w.org\/{rel}","templated":true}]}}