{"id":139279,"date":"2024-04-22T16:35:50","date_gmt":"2024-04-22T19:35:50","guid":{"rendered":"https:\/\/www.gaveanews.com\/?p=139279"},"modified":"2024-04-22T16:53:43","modified_gmt":"2024-04-22T19:53:43","slug":"atacante-afastado-pode-ser-resgatado-por-carille-no-santos","status":"publish","type":"post","link":"https:\/\/www.gaveanews.com\/index.php\/2024\/04\/22\/atacante-afastado-pode-ser-resgatado-por-carille-no-santos\/","title":{"rendered":"Atacante afastado pode ser &#8216;resgatado&#8217; por Carille no Santos"},"content":{"rendered":"\n<p>A situa\u00e7\u00e3o de Alfredo Morelos no Santos tem gerado muitas especula\u00e7\u00f5es desde o final do Campeonato Paulista. Afastado do elenco principal enquanto procura um novo destino, o colombiano est\u00e1 numa encruzilhada. No entanto, a falta de um centroavante de refer\u00eancia tem levantado a possibilidade de uma segunda chance para ele na equipe.<\/p>\n\n\n\n<p>A decep\u00e7\u00e3o com o desempenho de Morelos neste in\u00edcio de 2024 \u00e9 clara. Al\u00e9m de n\u00e3o alcan\u00e7ar seu potencial nos treinamentos, ele tamb\u00e9m n\u00e3o correspondeu \u00e0s expectativas nos jogos, registrando apenas dois gols e uma assist\u00eancia em 11 partidas. Esses n\u00fameros ficam abaixo do esperado, considerando o investimento e os esfor\u00e7os da diretoria para mant\u00ea-lo no clube.<\/p>\n\n\n\n<p>Apesar dos esfor\u00e7os do Santos em negociar uma redu\u00e7\u00e3o salarial significativa e oferecer um novo contrato, incluindo b\u00f4nus por desempenho, Morelos ainda n\u00e3o demonstrou o comprometimento necess\u00e1rio para justificar sua perman\u00eancia. No entanto, a escassez de op\u00e7\u00f5es no setor ofensivo, especialmente com Julio Furch se recuperando de les\u00e3o, coloca o colombiano de volta \u00e0 mesa de discuss\u00f5es.<\/p>\n\n\n\n<figure class=\"wp-block-embed is-type-photo is-provider-flickr wp-block-embed-flickr\"><div class=\"wp-block-embed__wrapper\">\n<a href=\"https:\/\/flic.kr\/p\/2pLQTAs\"><img loading=\"lazy\" decoding=\"async\" src=\"https:\/\/live.staticflickr.com\/65535\/53672362970_e163c498b4_z.webp\" alt=\"53163892872_1fbb33410e_o-2\" width=\"640\" height=\"427\" \/><\/a>\n<\/div><\/figure>\n\n\n\n<p>Enzo Monteiro, um jovem de apenas 19 anos, tem sido uma das alternativas consideradas pelo t\u00e9cnico Carille. Embora tenha sido titular na estreia do Santos na S\u00e9rie B, sua atua\u00e7\u00e3o discreta levanta d\u00favidas sobre sua capacidade de liderar o ataque. Nesse contexto, Morelos surge como uma op\u00e7\u00e3o v\u00e1lida, desde que seu desempenho e atitude melhorem.<\/p>\n\n\n\n<p>Carille afirmou que Morelos continua treinando com o grupo e que um retorno n\u00e3o est\u00e1 descartado. No entanto, a comiss\u00e3o t\u00e9cnica est\u00e1 analisando outras possibilidades, como a potencial contrata\u00e7\u00e3o de Henrique Dourado, ex-Portuguesa. Com todos os jogadores saud\u00e1veis, a tend\u00eancia \u00e9 de que Enzo Monteiro mantenha sua posi\u00e7\u00e3o como titular, pelo menos por enquanto, mas o futuro de Morelos permanece incerto.<\/p>\n\n\n\n<p>Assim, o Santos enfrenta um dilema em sua busca por um novo centroavante. Enquanto a equipe avalia suas op\u00e7\u00f5es, o destino de Morelos continua sendo uma inc\u00f3gnita, dependendo tanto de sua pr\u00f3pria determina\u00e7\u00e3o quanto das necessidades imediatas do clube.<\/p>\n","protected":false},"excerpt":{"rendered":"<p>A situa\u00e7\u00e3o de Alfredo Morelos no Santos tem gerado muitas especula\u00e7\u00f5es desde o final do Campeonato Paulista. Afastado do elenco principal enquanto procura um novo destino, o colombiano est\u00e1 numa encruzilhada. No entanto, a falta de um centroavante de refer\u00eancia tem levantado a possibilidade de uma segunda chance para ele na equipe. A decep\u00e7\u00e3o com [&hellip;]<\/p>\n","protected":false},"author":15,"featured_media":114917,"comment_status":"open","ping_status":"closed","sticky":false,"template":"","format":"standard","meta":{"footnotes":""},"categories":[139],"tags":[],"class_list":["post-139279","post","type-post","status-publish","format-standard","has-post-thumbnail","hentry","category-santos"],"yoast_head":"<!-- This site is optimized with the Yoast SEO Premium plugin v24.2 (Yoast SEO v26.9) - https:\/\/yoast.com\/product\/yoast-seo-premium-wordpress\/ -->\n<title>Atacante afastado pode ser &#039;resgatado&#039; por Carille no Santos<\/title>\n<meta name=\"robots\" content=\"index, follow, max-snippet:-1, max-image-preview:large, max-video-preview:-1\" \/>\n<link rel=\"canonical\" href=\"https:\/\/www.gaveanews.com\/index.php\/2024\/04\/22\/atacante-afastado-pode-ser-resgatado-por-carille-no-santos\/\" \/>\n<meta property=\"og:locale\" content=\"pt_BR\" \/>\n<meta property=\"og:type\" content=\"article\" \/>\n<meta property=\"og:title\" content=\"Atacante afastado pode ser &#039;resgatado&#039; por Carille no Santos\" \/>\n<meta property=\"og:description\" content=\"A situa\u00e7\u00e3o de Alfredo Morelos no Santos tem gerado muitas especula\u00e7\u00f5es desde o final do Campeonato Paulista. Afastado do elenco principal enquanto procura um novo destino, o colombiano est\u00e1 numa encruzilhada. No entanto, a falta de um centroavante de refer\u00eancia tem levantado a possibilidade de uma segunda chance para ele na equipe. A decep\u00e7\u00e3o com [&hellip;]\" \/>\n<meta property=\"og:url\" content=\"https:\/\/www.gaveanews.com\/index.php\/2024\/04\/22\/atacante-afastado-pode-ser-resgatado-por-carille-no-santos\/\" \/>\n<meta property=\"og:site_name\" content=\"G\u00e1vea News\" \/>\n<meta property=\"article:publisher\" content=\"https:\/\/facebook.com\/gaveaNews\/\" \/>\n<meta property=\"article:published_time\" content=\"2024-04-22T19:35:50+00:00\" \/>\n<meta property=\"article:modified_time\" content=\"2024-04-22T19:53:43+00:00\" \/>\n<meta property=\"og:image\" content=\"https:\/\/www.gaveanews.com\/wp-content\/uploads\/santos-rebaixado-jogadores.webp\" \/>\n\t<meta property=\"og:image:width\" content=\"774\" \/>\n\t<meta property=\"og:image:height\" content=\"372\" \/>\n\t<meta property=\"og:image:type\" content=\"image\/webp\" \/>\n<meta name=\"author\" content=\"Henrique Machado\" \/>\n<meta name=\"twitter:card\" content=\"summary_large_image\" \/>\n<meta name=\"twitter:label1\" content=\"Escrito por\" \/>\n\t<meta name=\"twitter:data1\" content=\"Henrique Machado\" \/>\n\t<meta name=\"twitter:label2\" content=\"Est. tempo de leitura\" \/>\n\t<meta name=\"twitter:data2\" content=\"2 minutos\" \/>\n<script type=\"application\/ld+json\" class=\"yoast-schema-graph\">{\"@context\":\"https:\/\/schema.org\",\"@graph\":[{\"@type\":\"NewsArticle\",\"@id\":\"https:\/\/www.gaveanews.com\/index.php\/2024\/04\/22\/atacante-afastado-pode-ser-resgatado-por-carille-no-santos\/#article\",\"isPartOf\":{\"@id\":\"https:\/\/www.gaveanews.com\/index.php\/2024\/04\/22\/atacante-afastado-pode-ser-resgatado-por-carille-no-santos\/\"},\"author\":{\"name\":\"Henrique Machado\",\"@id\":\"https:\/\/www.gaveanews.com\/#\/schema\/person\/fd07635ec039ec3ba74ad18ec8a6dbd6\"},\"headline\":\"Atacante afastado pode ser &#8216;resgatado&#8217; por Carille no Santos\",\"datePublished\":\"2024-04-22T19:35:50+00:00\",\"dateModified\":\"2024-04-22T19:53:43+00:00\",\"mainEntityOfPage\":{\"@id\":\"https:\/\/www.gaveanews.com\/index.php\/2024\/04\/22\/atacante-afastado-pode-ser-resgatado-por-carille-no-santos\/\"},\"wordCount\":369,\"commentCount\":0,\"image\":{\"@id\":\"https:\/\/www.gaveanews.com\/index.php\/2024\/04\/22\/atacante-afastado-pode-ser-resgatado-por-carille-no-santos\/#primaryimage\"},\"thumbnailUrl\":\"https:\/\/www.gaveanews.com\/wp-content\/uploads\/santos-rebaixado-jogadores.webp\",\"articleSection\":[\"Santos\"],\"inLanguage\":\"pt-BR\",\"potentialAction\":[{\"@type\":\"CommentAction\",\"name\":\"Comment\",\"target\":[\"https:\/\/www.gaveanews.com\/index.php\/2024\/04\/22\/atacante-afastado-pode-ser-resgatado-por-carille-no-santos\/#respond\"]}],\"copyrightYear\":\"2024\",\"copyrightHolder\":{\"@id\":\"https:\/\/www.gaveanews.com\/#organization\"}},{\"@type\":\"WebPage\",\"@id\":\"https:\/\/www.gaveanews.com\/index.php\/2024\/04\/22\/atacante-afastado-pode-ser-resgatado-por-carille-no-santos\/\",\"url\":\"https:\/\/www.gaveanews.com\/index.php\/2024\/04\/22\/atacante-afastado-pode-ser-resgatado-por-carille-no-santos\/\",\"name\":\"Atacante afastado pode ser 'resgatado' por Carille no Santos\",\"isPartOf\":{\"@id\":\"https:\/\/www.gaveanews.com\/#website\"},\"primaryImageOfPage\":{\"@id\":\"https:\/\/www.gaveanews.com\/index.php\/2024\/04\/22\/atacante-afastado-pode-ser-resgatado-por-carille-no-santos\/#primaryimage\"},\"image\":{\"@id\":\"https:\/\/www.gaveanews.com\/index.php\/2024\/04\/22\/atacante-afastado-pode-ser-resgatado-por-carille-no-santos\/#primaryimage\"},\"thumbnailUrl\":\"https:\/\/www.gaveanews.com\/wp-content\/uploads\/santos-rebaixado-jogadores.webp\",\"datePublished\":\"2024-04-22T19:35:50+00:00\",\"dateModified\":\"2024-04-22T19:53:43+00:00\",\"author\":{\"@id\":\"https:\/\/www.gaveanews.com\/#\/schema\/person\/fd07635ec039ec3ba74ad18ec8a6dbd6\"},\"breadcrumb\":{\"@id\":\"https:\/\/www.gaveanews.com\/index.php\/2024\/04\/22\/atacante-afastado-pode-ser-resgatado-por-carille-no-santos\/#breadcrumb\"},\"inLanguage\":\"pt-BR\",\"potentialAction\":[{\"@type\":\"ReadAction\",\"target\":[\"https:\/\/www.gaveanews.com\/index.php\/2024\/04\/22\/atacante-afastado-pode-ser-resgatado-por-carille-no-santos\/\"]}]},{\"@type\":\"ImageObject\",\"inLanguage\":\"pt-BR\",\"@id\":\"https:\/\/www.gaveanews.com\/index.php\/2024\/04\/22\/atacante-afastado-pode-ser-resgatado-por-carille-no-santos\/#primaryimage\",\"url\":\"https:\/\/www.gaveanews.com\/wp-content\/uploads\/santos-rebaixado-jogadores.webp\",\"contentUrl\":\"https:\/\/www.gaveanews.com\/wp-content\/uploads\/santos-rebaixado-jogadores.webp\",\"width\":774,\"height\":372,\"caption\":\"Jogadores do Santos (Foto: Raul Baretta\/Santos FC\/Esporte News Mundo)\"},{\"@type\":\"BreadcrumbList\",\"@id\":\"https:\/\/www.gaveanews.com\/index.php\/2024\/04\/22\/atacante-afastado-pode-ser-resgatado-por-carille-no-santos\/#breadcrumb\",\"itemListElement\":[{\"@type\":\"ListItem\",\"position\":1,\"name\":\"Home\",\"item\":\"https:\/\/www.gaveanews.com\/\"},{\"@type\":\"ListItem\",\"position\":2,\"name\":\"Atacante afastado pode ser &#8216;resgatado&#8217; por Carille no Santos\"}]},{\"@type\":\"WebSite\",\"@id\":\"https:\/\/www.gaveanews.com\/#website\",\"url\":\"https:\/\/www.gaveanews.com\/\",\"name\":\"G\u00e1vea News\",\"description\":\"Veja todas as not\u00edcias sobre o Flamengo: Contrata\u00e7\u00f5es, categorias de base, resultados das partidas, tabela de classifica\u00e7\u00e3o, pr\u00f3ximos jogos!\",\"potentialAction\":[{\"@type\":\"SearchAction\",\"target\":{\"@type\":\"EntryPoint\",\"urlTemplate\":\"https:\/\/www.gaveanews.com\/?s={search_term_string}\"},\"query-input\":{\"@type\":\"PropertyValueSpecification\",\"valueRequired\":true,\"valueName\":\"search_term_string\"}}],\"inLanguage\":\"pt-BR\"},{\"@type\":\"Person\",\"@id\":\"https:\/\/www.gaveanews.com\/#\/schema\/person\/fd07635ec039ec3ba74ad18ec8a6dbd6\",\"name\":\"Henrique Machado\",\"image\":{\"@type\":\"ImageObject\",\"inLanguage\":\"pt-BR\",\"@id\":\"https:\/\/www.gaveanews.com\/#\/schema\/person\/image\/\",\"url\":\"https:\/\/secure.gravatar.com\/avatar\/b95e35997e01d9800c1b6184bd79d4d898d370a3fce2584f5c77b907d5c7d9e9?s=96&d=mm&r=g\",\"contentUrl\":\"https:\/\/secure.gravatar.com\/avatar\/b95e35997e01d9800c1b6184bd79d4d898d370a3fce2584f5c77b907d5c7d9e9?s=96&d=mm&r=g\",\"caption\":\"Henrique Machado\"}}]}<\/script>\n<!-- \/ Yoast SEO Premium plugin. -->","yoast_head_json":{"title":"Atacante afastado pode ser 'resgatado' por Carille no Santos","robots":{"index":"index","follow":"follow","max-snippet":"max-snippet:-1","max-image-preview":"max-image-preview:large","max-video-preview":"max-video-preview:-1"},"canonical":"https:\/\/www.gaveanews.com\/index.php\/2024\/04\/22\/atacante-afastado-pode-ser-resgatado-por-carille-no-santos\/","og_locale":"pt_BR","og_type":"article","og_title":"Atacante afastado pode ser 'resgatado' por Carille no Santos","og_description":"A situa\u00e7\u00e3o de Alfredo Morelos no Santos tem gerado muitas especula\u00e7\u00f5es desde o final do Campeonato Paulista. Afastado do elenco principal enquanto procura um novo destino, o colombiano est\u00e1 numa encruzilhada. No entanto, a falta de um centroavante de refer\u00eancia tem levantado a possibilidade de uma segunda chance para ele na equipe. A decep\u00e7\u00e3o com [&hellip;]","og_url":"https:\/\/www.gaveanews.com\/index.php\/2024\/04\/22\/atacante-afastado-pode-ser-resgatado-por-carille-no-santos\/","og_site_name":"G\u00e1vea News","article_publisher":"https:\/\/facebook.com\/gaveaNews\/","article_published_time":"2024-04-22T19:35:50+00:00","article_modified_time":"2024-04-22T19:53:43+00:00","og_image":[{"width":774,"height":372,"url":"https:\/\/www.gaveanews.com\/wp-content\/uploads\/santos-rebaixado-jogadores.webp","type":"image\/webp"}],"author":"Henrique Machado","twitter_card":"summary_large_image","twitter_misc":{"Escrito por":"Henrique Machado","Est. tempo de leitura":"2 minutos"},"schema":{"@context":"https:\/\/schema.org","@graph":[{"@type":"NewsArticle","@id":"https:\/\/www.gaveanews.com\/index.php\/2024\/04\/22\/atacante-afastado-pode-ser-resgatado-por-carille-no-santos\/#article","isPartOf":{"@id":"https:\/\/www.gaveanews.com\/index.php\/2024\/04\/22\/atacante-afastado-pode-ser-resgatado-por-carille-no-santos\/"},"author":{"name":"Henrique Machado","@id":"https:\/\/www.gaveanews.com\/#\/schema\/person\/fd07635ec039ec3ba74ad18ec8a6dbd6"},"headline":"Atacante afastado pode ser &#8216;resgatado&#8217; por Carille no Santos","datePublished":"2024-04-22T19:35:50+00:00","dateModified":"2024-04-22T19:53:43+00:00","mainEntityOfPage":{"@id":"https:\/\/www.gaveanews.com\/index.php\/2024\/04\/22\/atacante-afastado-pode-ser-resgatado-por-carille-no-santos\/"},"wordCount":369,"commentCount":0,"image":{"@id":"https:\/\/www.gaveanews.com\/index.php\/2024\/04\/22\/atacante-afastado-pode-ser-resgatado-por-carille-no-santos\/#primaryimage"},"thumbnailUrl":"https:\/\/www.gaveanews.com\/wp-content\/uploads\/santos-rebaixado-jogadores.webp","articleSection":["Santos"],"inLanguage":"pt-BR","potentialAction":[{"@type":"CommentAction","name":"Comment","target":["https:\/\/www.gaveanews.com\/index.php\/2024\/04\/22\/atacante-afastado-pode-ser-resgatado-por-carille-no-santos\/#respond"]}],"copyrightYear":"2024","copyrightHolder":{"@id":"https:\/\/www.gaveanews.com\/#organization"}},{"@type":"WebPage","@id":"https:\/\/www.gaveanews.com\/index.php\/2024\/04\/22\/atacante-afastado-pode-ser-resgatado-por-carille-no-santos\/","url":"https:\/\/www.gaveanews.com\/index.php\/2024\/04\/22\/atacante-afastado-pode-ser-resgatado-por-carille-no-santos\/","name":"Atacante afastado pode ser 'resgatado' por Carille no Santos","isPartOf":{"@id":"https:\/\/www.gaveanews.com\/#website"},"primaryImageOfPage":{"@id":"https:\/\/www.gaveanews.com\/index.php\/2024\/04\/22\/atacante-afastado-pode-ser-resgatado-por-carille-no-santos\/#primaryimage"},"image":{"@id":"https:\/\/www.gaveanews.com\/index.php\/2024\/04\/22\/atacante-afastado-pode-ser-resgatado-por-carille-no-santos\/#primaryimage"},"thumbnailUrl":"https:\/\/www.gaveanews.com\/wp-content\/uploads\/santos-rebaixado-jogadores.webp","datePublished":"2024-04-22T19:35:50+00:00","dateModified":"2024-04-22T19:53:43+00:00","author":{"@id":"https:\/\/www.gaveanews.com\/#\/schema\/person\/fd07635ec039ec3ba74ad18ec8a6dbd6"},"breadcrumb":{"@id":"https:\/\/www.gaveanews.com\/index.php\/2024\/04\/22\/atacante-afastado-pode-ser-resgatado-por-carille-no-santos\/#breadcrumb"},"inLanguage":"pt-BR","potentialAction":[{"@type":"ReadAction","target":["https:\/\/www.gaveanews.com\/index.php\/2024\/04\/22\/atacante-afastado-pode-ser-resgatado-por-carille-no-santos\/"]}]},{"@type":"ImageObject","inLanguage":"pt-BR","@id":"https:\/\/www.gaveanews.com\/index.php\/2024\/04\/22\/atacante-afastado-pode-ser-resgatado-por-carille-no-santos\/#primaryimage","url":"https:\/\/www.gaveanews.com\/wp-content\/uploads\/santos-rebaixado-jogadores.webp","contentUrl":"https:\/\/www.gaveanews.com\/wp-content\/uploads\/santos-rebaixado-jogadores.webp","width":774,"height":372,"caption":"Jogadores do Santos (Foto: Raul Baretta\/Santos FC\/Esporte News Mundo)"},{"@type":"BreadcrumbList","@id":"https:\/\/www.gaveanews.com\/index.php\/2024\/04\/22\/atacante-afastado-pode-ser-resgatado-por-carille-no-santos\/#breadcrumb","itemListElement":[{"@type":"ListItem","position":1,"name":"Home","item":"https:\/\/www.gaveanews.com\/"},{"@type":"ListItem","position":2,"name":"Atacante afastado pode ser &#8216;resgatado&#8217; por Carille no Santos"}]},{"@type":"WebSite","@id":"https:\/\/www.gaveanews.com\/#website","url":"https:\/\/www.gaveanews.com\/","name":"G\u00e1vea News","description":"Veja todas as not\u00edcias sobre o Flamengo: Contrata\u00e7\u00f5es, categorias de base, resultados das partidas, tabela de classifica\u00e7\u00e3o, pr\u00f3ximos jogos!","potentialAction":[{"@type":"SearchAction","target":{"@type":"EntryPoint","urlTemplate":"https:\/\/www.gaveanews.com\/?s={search_term_string}"},"query-input":{"@type":"PropertyValueSpecification","valueRequired":true,"valueName":"search_term_string"}}],"inLanguage":"pt-BR"},{"@type":"Person","@id":"https:\/\/www.gaveanews.com\/#\/schema\/person\/fd07635ec039ec3ba74ad18ec8a6dbd6","name":"Henrique Machado","image":{"@type":"ImageObject","inLanguage":"pt-BR","@id":"https:\/\/www.gaveanews.com\/#\/schema\/person\/image\/","url":"https:\/\/secure.gravatar.com\/avatar\/b95e35997e01d9800c1b6184bd79d4d898d370a3fce2584f5c77b907d5c7d9e9?s=96&d=mm&r=g","contentUrl":"https:\/\/secure.gravatar.com\/avatar\/b95e35997e01d9800c1b6184bd79d4d898d370a3fce2584f5c77b907d5c7d9e9?s=96&d=mm&r=g","caption":"Henrique Machado"}}]}},"_links":{"self":[{"href":"https:\/\/www.gaveanews.com\/index.php\/wp-json\/wp\/v2\/posts\/139279","targetHints":{"allow":["GET"]}}],"collection":[{"href":"https:\/\/www.gaveanews.com\/index.php\/wp-json\/wp\/v2\/posts"}],"about":[{"href":"https:\/\/www.gaveanews.com\/index.php\/wp-json\/wp\/v2\/types\/post"}],"author":[{"embeddable":true,"href":"https:\/\/www.gaveanews.com\/index.php\/wp-json\/wp\/v2\/users\/15"}],"replies":[{"embeddable":true,"href":"https:\/\/www.gaveanews.com\/index.php\/wp-json\/wp\/v2\/comments?post=139279"}],"version-history":[{"count":2,"href":"https:\/\/www.gaveanews.com\/index.php\/wp-json\/wp\/v2\/posts\/139279\/revisions"}],"predecessor-version":[{"id":139292,"href":"https:\/\/www.gaveanews.com\/index.php\/wp-json\/wp\/v2\/posts\/139279\/revisions\/139292"}],"wp:featuredmedia":[{"embeddable":true,"href":"https:\/\/www.gaveanews.com\/index.php\/wp-json\/wp\/v2\/media\/114917"}],"wp:attachment":[{"href":"https:\/\/www.gaveanews.com\/index.php\/wp-json\/wp\/v2\/media?parent=139279"}],"wp:term":[{"taxonomy":"category","embeddable":true,"href":"https:\/\/www.gaveanews.com\/index.php\/wp-json\/wp\/v2\/categories?post=139279"},{"taxonomy":"post_tag","embeddable":true,"href":"https:\/\/www.gaveanews.com\/index.php\/wp-json\/wp\/v2\/tags?post=139279"}],"curies":[{"name":"wp","href":"https:\/\/api.w.org\/{rel}","templated":true}]}}