{"id":139310,"date":"2024-04-22T17:50:30","date_gmt":"2024-04-22T20:50:30","guid":{"rendered":"https:\/\/www.gaveanews.com\/?p=139310"},"modified":"2024-04-22T17:50:30","modified_gmt":"2024-04-22T20:50:30","slug":"a-atitude-do-palmeiras-apos-tite-fazer-reclamacoes","status":"publish","type":"post","link":"https:\/\/www.gaveanews.com\/index.php\/2024\/04\/22\/a-atitude-do-palmeiras-apos-tite-fazer-reclamacoes\/","title":{"rendered":"A atitude do Palmeiras ap\u00f3s Tite fazer reclama\u00e7\u00f5es"},"content":{"rendered":"\n<p>No \u00faltimo confronto entre Flamengo e Palmeiras no Allianz Parque, v\u00e1lido pela terceira rodada do Campeonato Brasileiro e que terminou em 0 a 0, as reclama\u00e7\u00f5es do t\u00e9cnico Tite, do Flamengo, sobre a postura de alguns torcedores palmeirenses ganharam destaque. Tite expressou sua insatisfa\u00e7\u00e3o, especialmente em rela\u00e7\u00e3o \u00e0s cusparadas sofridas durante a partida, ressaltando a necessidade de &#8220;limpar a cabe\u00e7a&#8221; diante de tal falta de respeito.<\/p>\n\n\n\n<p>\u2014 A<em>s ofensas que ouvi fazem parte do jogo. Mas cusparada \u00e9 muito feio. Eu ter que limpar minha cabe\u00e7a \u00e9 feio. Para isso, s\u00f3 para essas pessoas, que a torcida do Palmeiras tem todo o direito (de xingar). E n\u00e3o \u00e9 da torcida do Palmeiras, n\u00e3o \u00e9, \u00e9 de algumas pessoas que talvez n\u00e3o tenham a condi\u00e7\u00e3o de saber que tem um monte de crian\u00e7a<\/em> \u2014 declarou Tite.<\/p>\n\n\n\n<p>Em resposta \u00e0s reclama\u00e7\u00f5es de Tite, o Palmeiras tomou uma atitude nos bastidores. De acordo com informa\u00e7\u00f5es da ESPN, o diretor de futebol do Palmeiras, Anderson Barros, entrou em contato com Bruno Spindel, do Flamengo, para se desculpar pelas cusparadas sofridas pelo treinador rubro-negro. O Palmeiras classificou a atitude dos torcedores envolvidos como &#8220;inaceit\u00e1vel&#8221; e destacou que tais comportamentos n\u00e3o condizem com os valores da atual gest\u00e3o, que preza pelo respeito aos advers\u00e1rios.<\/p>\n\n\n\n<p>Al\u00e9m das desculpas, o Palmeiras est\u00e1 tomando medidas para identificar e punir o respons\u00e1vel pelas cusparadas. O clube est\u00e1 analisando imagens das c\u00e2meras de seguran\u00e7a do est\u00e1dio na tentativa de identificar o autor do ato. Caso o respons\u00e1vel seja identificado como s\u00f3cio-torcedor Avanti, ser\u00e1 exclu\u00eddo do quadro associativo do clube, demonstrando a seriedade com que o Palmeiras encara o incidente e seu compromisso com o respeito e a conduta adequada dentro e fora dos gramados.<\/p>\n\n\n\n<h2 class=\"wp-block-heading\" id=\"h-quando-sera-o-proximo-jogo-do-palmeiras\">Quando ser\u00e1 o pr\u00f3ximo jogo do Palmeiras?<\/h2>\n\n\n\n<p>Em abril, o&nbsp;<a href=\"https:\/\/www.gaveanews.com\/?s=palmeiras&amp;utm_source=SystemGaveaNews&amp;utm_medium=SystemGaveaNews&amp;utm_campaign=SystemGaveaNews\">Palmeiras<\/a>&nbsp;enfrentar\u00e1 uma agenda repleta de desafios, competindo em tr\u00eas diferentes torneios. Sob o comando do t\u00e9cnico Abel Ferreira, a equipe ter\u00e1 partidas pelo Campeonato Paulista, Copa Libertadores e Campeonato Brasileiro.<\/p>\n\n\n\n<p>Confira abaixo a agenda do&nbsp;<a href=\"https:\/\/www.gaveanews.com\/?s=palmeiras&amp;utm_source=SystemGaveaNews&amp;utm_medium=SystemGaveaNews&amp;utm_campaign=SystemGaveaNews\">Palmeiras<\/a>&nbsp;no m\u00eas de abril:<\/p>\n\n\n\n<ul class=\"wp-block-list\">\n<li>03\/04 \u2013 San Lorenzo 1 x 1\u00a0<a href=\"https:\/\/www.gaveanews.com\/?s=palmeiras&amp;utm_source=SystemGaveaNews&amp;utm_medium=SystemGaveaNews&amp;utm_campaign=SystemGaveaNews\">Palmeiras<\/a><\/li>\n\n\n\n<li>07\/04 \u2013\u00a0<a href=\"https:\/\/www.gaveanews.com\/?s=palmeiras&amp;utm_source=SystemGaveaNews&amp;utm_medium=SystemGaveaNews&amp;utm_campaign=SystemGaveaNews\">Palmeiras<\/a>\u00a02 x 0 Santos<\/li>\n\n\n\n<li>11\/04 \u2013\u00a0<a href=\"https:\/\/www.gaveanews.com\/?s=palmeiras&amp;utm_source=SystemGaveaNews&amp;utm_medium=SystemGaveaNews&amp;utm_campaign=SystemGaveaNews\">Palmeiras<\/a>\u00a03 x 1 Liverpool<\/li>\n\n\n\n<li>14\/04 \u2013 Vit\u00f3ria 0 x 1\u00a0<a href=\"https:\/\/www.gaveanews.com\/?s=palmeiras&amp;utm_source=SystemGaveaNews&amp;utm_medium=SystemGaveaNews&amp;utm_campaign=SystemGaveaNews\">Palmeiras<\/a><\/li>\n\n\n\n<li>17\/04 \u2013\u00a0<a href=\"https:\/\/www.gaveanews.com\/?s=palmeiras&amp;utm_source=SystemGaveaNews&amp;utm_medium=SystemGaveaNews&amp;utm_campaign=SystemGaveaNews\">Palmeiras<\/a>\u00a00 x 1 Internacional<\/li>\n\n\n\n<li>21\/04 \u2013\u00a0<a href=\"https:\/\/www.gaveanews.com\/?s=palmeiras&amp;utm_source=SystemGaveaNews&amp;utm_medium=SystemGaveaNews&amp;utm_campaign=SystemGaveaNews\">Palmeiras<\/a>\u00a00 x 0 <a href=\"https:\/\/gaveanews.com\/?utm_source=SystemGaveaNews&amp;utm_medium=SystemGaveaNews&amp;utm_campaign=SystemGaveaNews\">Flamengo<\/a><\/li>\n\n\n\n<li>24\/04 \u2013 Independiente del Valle x\u00a0<a href=\"https:\/\/www.gaveanews.com\/?s=palmeiras&amp;utm_source=SystemGaveaNews&amp;utm_medium=SystemGaveaNews&amp;utm_campaign=SystemGaveaNews\">Palmeiras<\/a><\/li>\n\n\n\n<li>29\/04 \u2013 S\u00e3o Paulo x\u00a0<a href=\"https:\/\/www.gaveanews.com\/?s=palmeiras&amp;utm_source=SystemGaveaNews&amp;utm_medium=SystemGaveaNews&amp;utm_campaign=SystemGaveaNews\">Palmeiras<\/a><\/li>\n<\/ul>\n","protected":false},"excerpt":{"rendered":"<p>No \u00faltimo confronto entre Flamengo e Palmeiras no Allianz Parque, v\u00e1lido pela terceira rodada do Campeonato Brasileiro e que terminou em 0 a 0, as reclama\u00e7\u00f5es do t\u00e9cnico Tite, do Flamengo, sobre a postura de alguns torcedores palmeirenses ganharam destaque. Tite expressou sua insatisfa\u00e7\u00e3o, especialmente em rela\u00e7\u00e3o \u00e0s cusparadas sofridas durante a partida, ressaltando a [&hellip;]<\/p>\n","protected":false},"author":15,"featured_media":108381,"comment_status":"open","ping_status":"closed","sticky":false,"template":"","format":"standard","meta":{"footnotes":""},"categories":[1,150],"tags":[],"class_list":["post-139310","post","type-post","status-publish","format-standard","has-post-thumbnail","hentry","category-flamengo","category-palmeiras"],"yoast_head":"<!-- This site is optimized with the Yoast SEO Premium plugin v24.2 (Yoast SEO v26.9) - https:\/\/yoast.com\/product\/yoast-seo-premium-wordpress\/ -->\n<title>A atitude do Palmeiras ap\u00f3s Tite fazer reclama\u00e7\u00f5es<\/title>\n<meta name=\"robots\" content=\"index, follow, max-snippet:-1, max-image-preview:large, max-video-preview:-1\" \/>\n<link rel=\"canonical\" href=\"https:\/\/www.gaveanews.com\/index.php\/2024\/04\/22\/a-atitude-do-palmeiras-apos-tite-fazer-reclamacoes\/\" \/>\n<meta property=\"og:locale\" content=\"pt_BR\" \/>\n<meta property=\"og:type\" content=\"article\" \/>\n<meta property=\"og:title\" content=\"A atitude do Palmeiras ap\u00f3s Tite fazer reclama\u00e7\u00f5es\" \/>\n<meta property=\"og:description\" content=\"No \u00faltimo confronto entre Flamengo e Palmeiras no Allianz Parque, v\u00e1lido pela terceira rodada do Campeonato Brasileiro e que terminou em 0 a 0, as reclama\u00e7\u00f5es do t\u00e9cnico Tite, do Flamengo, sobre a postura de alguns torcedores palmeirenses ganharam destaque. Tite expressou sua insatisfa\u00e7\u00e3o, especialmente em rela\u00e7\u00e3o \u00e0s cusparadas sofridas durante a partida, ressaltando a [&hellip;]\" \/>\n<meta property=\"og:url\" content=\"https:\/\/www.gaveanews.com\/index.php\/2024\/04\/22\/a-atitude-do-palmeiras-apos-tite-fazer-reclamacoes\/\" \/>\n<meta property=\"og:site_name\" content=\"G\u00e1vea News\" \/>\n<meta property=\"article:publisher\" content=\"https:\/\/facebook.com\/gaveaNews\/\" \/>\n<meta property=\"article:published_time\" content=\"2024-04-22T20:50:30+00:00\" \/>\n<meta property=\"og:image\" content=\"https:\/\/www.gaveanews.com\/wp-content\/uploads\/tite-flamengo-coletiva-entrevista.webp\" \/>\n\t<meta property=\"og:image:width\" content=\"900\" \/>\n\t<meta property=\"og:image:height\" content=\"599\" \/>\n\t<meta property=\"og:image:type\" content=\"image\/jpeg\" \/>\n<meta name=\"author\" content=\"Henrique Machado\" \/>\n<meta name=\"twitter:card\" content=\"summary_large_image\" \/>\n<meta name=\"twitter:label1\" content=\"Escrito por\" \/>\n\t<meta name=\"twitter:data1\" content=\"Henrique Machado\" \/>\n\t<meta name=\"twitter:label2\" content=\"Est. tempo de leitura\" \/>\n\t<meta name=\"twitter:data2\" content=\"3 minutos\" \/>\n<script type=\"application\/ld+json\" class=\"yoast-schema-graph\">{\"@context\":\"https:\/\/schema.org\",\"@graph\":[{\"@type\":\"NewsArticle\",\"@id\":\"https:\/\/www.gaveanews.com\/index.php\/2024\/04\/22\/a-atitude-do-palmeiras-apos-tite-fazer-reclamacoes\/#article\",\"isPartOf\":{\"@id\":\"https:\/\/www.gaveanews.com\/index.php\/2024\/04\/22\/a-atitude-do-palmeiras-apos-tite-fazer-reclamacoes\/\"},\"author\":{\"name\":\"Henrique Machado\",\"@id\":\"https:\/\/www.gaveanews.com\/#\/schema\/person\/fd07635ec039ec3ba74ad18ec8a6dbd6\"},\"headline\":\"A atitude do Palmeiras ap\u00f3s Tite fazer reclama\u00e7\u00f5es\",\"datePublished\":\"2024-04-22T20:50:30+00:00\",\"mainEntityOfPage\":{\"@id\":\"https:\/\/www.gaveanews.com\/index.php\/2024\/04\/22\/a-atitude-do-palmeiras-apos-tite-fazer-reclamacoes\/\"},\"wordCount\":399,\"commentCount\":0,\"image\":{\"@id\":\"https:\/\/www.gaveanews.com\/index.php\/2024\/04\/22\/a-atitude-do-palmeiras-apos-tite-fazer-reclamacoes\/#primaryimage\"},\"thumbnailUrl\":\"https:\/\/www.gaveanews.com\/wp-content\/uploads\/tite-flamengo-coletiva-entrevista.webp\",\"articleSection\":[\"Flamengo\",\"Palmeiras\"],\"inLanguage\":\"pt-BR\",\"potentialAction\":[{\"@type\":\"CommentAction\",\"name\":\"Comment\",\"target\":[\"https:\/\/www.gaveanews.com\/index.php\/2024\/04\/22\/a-atitude-do-palmeiras-apos-tite-fazer-reclamacoes\/#respond\"]}],\"copyrightYear\":\"2024\",\"copyrightHolder\":{\"@id\":\"https:\/\/www.gaveanews.com\/#organization\"}},{\"@type\":\"WebPage\",\"@id\":\"https:\/\/www.gaveanews.com\/index.php\/2024\/04\/22\/a-atitude-do-palmeiras-apos-tite-fazer-reclamacoes\/\",\"url\":\"https:\/\/www.gaveanews.com\/index.php\/2024\/04\/22\/a-atitude-do-palmeiras-apos-tite-fazer-reclamacoes\/\",\"name\":\"A atitude do Palmeiras ap\u00f3s Tite fazer reclama\u00e7\u00f5es\",\"isPartOf\":{\"@id\":\"https:\/\/www.gaveanews.com\/#website\"},\"primaryImageOfPage\":{\"@id\":\"https:\/\/www.gaveanews.com\/index.php\/2024\/04\/22\/a-atitude-do-palmeiras-apos-tite-fazer-reclamacoes\/#primaryimage\"},\"image\":{\"@id\":\"https:\/\/www.gaveanews.com\/index.php\/2024\/04\/22\/a-atitude-do-palmeiras-apos-tite-fazer-reclamacoes\/#primaryimage\"},\"thumbnailUrl\":\"https:\/\/www.gaveanews.com\/wp-content\/uploads\/tite-flamengo-coletiva-entrevista.webp\",\"datePublished\":\"2024-04-22T20:50:30+00:00\",\"author\":{\"@id\":\"https:\/\/www.gaveanews.com\/#\/schema\/person\/fd07635ec039ec3ba74ad18ec8a6dbd6\"},\"breadcrumb\":{\"@id\":\"https:\/\/www.gaveanews.com\/index.php\/2024\/04\/22\/a-atitude-do-palmeiras-apos-tite-fazer-reclamacoes\/#breadcrumb\"},\"inLanguage\":\"pt-BR\",\"potentialAction\":[{\"@type\":\"ReadAction\",\"target\":[\"https:\/\/www.gaveanews.com\/index.php\/2024\/04\/22\/a-atitude-do-palmeiras-apos-tite-fazer-reclamacoes\/\"]}]},{\"@type\":\"ImageObject\",\"inLanguage\":\"pt-BR\",\"@id\":\"https:\/\/www.gaveanews.com\/index.php\/2024\/04\/22\/a-atitude-do-palmeiras-apos-tite-fazer-reclamacoes\/#primaryimage\",\"url\":\"https:\/\/www.gaveanews.com\/wp-content\/uploads\/tite-flamengo-coletiva-entrevista.webp\",\"contentUrl\":\"https:\/\/www.gaveanews.com\/wp-content\/uploads\/tite-flamengo-coletiva-entrevista.webp\",\"width\":900,\"height\":599,\"caption\":\"Tite concede entrevista coletiva pelo Flamengo (Foto: Marcelo Cortes\/Flamengo)\"},{\"@type\":\"BreadcrumbList\",\"@id\":\"https:\/\/www.gaveanews.com\/index.php\/2024\/04\/22\/a-atitude-do-palmeiras-apos-tite-fazer-reclamacoes\/#breadcrumb\",\"itemListElement\":[{\"@type\":\"ListItem\",\"position\":1,\"name\":\"Home\",\"item\":\"https:\/\/www.gaveanews.com\/\"},{\"@type\":\"ListItem\",\"position\":2,\"name\":\"A atitude do Palmeiras ap\u00f3s Tite fazer reclama\u00e7\u00f5es\"}]},{\"@type\":\"WebSite\",\"@id\":\"https:\/\/www.gaveanews.com\/#website\",\"url\":\"https:\/\/www.gaveanews.com\/\",\"name\":\"G\u00e1vea News\",\"description\":\"Veja todas as not\u00edcias sobre o Flamengo: Contrata\u00e7\u00f5es, categorias de base, resultados das partidas, tabela de classifica\u00e7\u00e3o, pr\u00f3ximos jogos!\",\"potentialAction\":[{\"@type\":\"SearchAction\",\"target\":{\"@type\":\"EntryPoint\",\"urlTemplate\":\"https:\/\/www.gaveanews.com\/?s={search_term_string}\"},\"query-input\":{\"@type\":\"PropertyValueSpecification\",\"valueRequired\":true,\"valueName\":\"search_term_string\"}}],\"inLanguage\":\"pt-BR\"},{\"@type\":\"Person\",\"@id\":\"https:\/\/www.gaveanews.com\/#\/schema\/person\/fd07635ec039ec3ba74ad18ec8a6dbd6\",\"name\":\"Henrique Machado\",\"image\":{\"@type\":\"ImageObject\",\"inLanguage\":\"pt-BR\",\"@id\":\"https:\/\/www.gaveanews.com\/#\/schema\/person\/image\/\",\"url\":\"https:\/\/secure.gravatar.com\/avatar\/b95e35997e01d9800c1b6184bd79d4d898d370a3fce2584f5c77b907d5c7d9e9?s=96&d=mm&r=g\",\"contentUrl\":\"https:\/\/secure.gravatar.com\/avatar\/b95e35997e01d9800c1b6184bd79d4d898d370a3fce2584f5c77b907d5c7d9e9?s=96&d=mm&r=g\",\"caption\":\"Henrique Machado\"}}]}<\/script>\n<!-- \/ Yoast SEO Premium plugin. -->","yoast_head_json":{"title":"A atitude do Palmeiras ap\u00f3s Tite fazer reclama\u00e7\u00f5es","robots":{"index":"index","follow":"follow","max-snippet":"max-snippet:-1","max-image-preview":"max-image-preview:large","max-video-preview":"max-video-preview:-1"},"canonical":"https:\/\/www.gaveanews.com\/index.php\/2024\/04\/22\/a-atitude-do-palmeiras-apos-tite-fazer-reclamacoes\/","og_locale":"pt_BR","og_type":"article","og_title":"A atitude do Palmeiras ap\u00f3s Tite fazer reclama\u00e7\u00f5es","og_description":"No \u00faltimo confronto entre Flamengo e Palmeiras no Allianz Parque, v\u00e1lido pela terceira rodada do Campeonato Brasileiro e que terminou em 0 a 0, as reclama\u00e7\u00f5es do t\u00e9cnico Tite, do Flamengo, sobre a postura de alguns torcedores palmeirenses ganharam destaque. Tite expressou sua insatisfa\u00e7\u00e3o, especialmente em rela\u00e7\u00e3o \u00e0s cusparadas sofridas durante a partida, ressaltando a [&hellip;]","og_url":"https:\/\/www.gaveanews.com\/index.php\/2024\/04\/22\/a-atitude-do-palmeiras-apos-tite-fazer-reclamacoes\/","og_site_name":"G\u00e1vea News","article_publisher":"https:\/\/facebook.com\/gaveaNews\/","article_published_time":"2024-04-22T20:50:30+00:00","og_image":[{"width":900,"height":599,"url":"https:\/\/www.gaveanews.com\/wp-content\/uploads\/tite-flamengo-coletiva-entrevista.webp","type":"image\/jpeg"}],"author":"Henrique Machado","twitter_card":"summary_large_image","twitter_misc":{"Escrito por":"Henrique Machado","Est. tempo de leitura":"3 minutos"},"schema":{"@context":"https:\/\/schema.org","@graph":[{"@type":"NewsArticle","@id":"https:\/\/www.gaveanews.com\/index.php\/2024\/04\/22\/a-atitude-do-palmeiras-apos-tite-fazer-reclamacoes\/#article","isPartOf":{"@id":"https:\/\/www.gaveanews.com\/index.php\/2024\/04\/22\/a-atitude-do-palmeiras-apos-tite-fazer-reclamacoes\/"},"author":{"name":"Henrique Machado","@id":"https:\/\/www.gaveanews.com\/#\/schema\/person\/fd07635ec039ec3ba74ad18ec8a6dbd6"},"headline":"A atitude do Palmeiras ap\u00f3s Tite fazer reclama\u00e7\u00f5es","datePublished":"2024-04-22T20:50:30+00:00","mainEntityOfPage":{"@id":"https:\/\/www.gaveanews.com\/index.php\/2024\/04\/22\/a-atitude-do-palmeiras-apos-tite-fazer-reclamacoes\/"},"wordCount":399,"commentCount":0,"image":{"@id":"https:\/\/www.gaveanews.com\/index.php\/2024\/04\/22\/a-atitude-do-palmeiras-apos-tite-fazer-reclamacoes\/#primaryimage"},"thumbnailUrl":"https:\/\/www.gaveanews.com\/wp-content\/uploads\/tite-flamengo-coletiva-entrevista.webp","articleSection":["Flamengo","Palmeiras"],"inLanguage":"pt-BR","potentialAction":[{"@type":"CommentAction","name":"Comment","target":["https:\/\/www.gaveanews.com\/index.php\/2024\/04\/22\/a-atitude-do-palmeiras-apos-tite-fazer-reclamacoes\/#respond"]}],"copyrightYear":"2024","copyrightHolder":{"@id":"https:\/\/www.gaveanews.com\/#organization"}},{"@type":"WebPage","@id":"https:\/\/www.gaveanews.com\/index.php\/2024\/04\/22\/a-atitude-do-palmeiras-apos-tite-fazer-reclamacoes\/","url":"https:\/\/www.gaveanews.com\/index.php\/2024\/04\/22\/a-atitude-do-palmeiras-apos-tite-fazer-reclamacoes\/","name":"A atitude do Palmeiras ap\u00f3s Tite fazer reclama\u00e7\u00f5es","isPartOf":{"@id":"https:\/\/www.gaveanews.com\/#website"},"primaryImageOfPage":{"@id":"https:\/\/www.gaveanews.com\/index.php\/2024\/04\/22\/a-atitude-do-palmeiras-apos-tite-fazer-reclamacoes\/#primaryimage"},"image":{"@id":"https:\/\/www.gaveanews.com\/index.php\/2024\/04\/22\/a-atitude-do-palmeiras-apos-tite-fazer-reclamacoes\/#primaryimage"},"thumbnailUrl":"https:\/\/www.gaveanews.com\/wp-content\/uploads\/tite-flamengo-coletiva-entrevista.webp","datePublished":"2024-04-22T20:50:30+00:00","author":{"@id":"https:\/\/www.gaveanews.com\/#\/schema\/person\/fd07635ec039ec3ba74ad18ec8a6dbd6"},"breadcrumb":{"@id":"https:\/\/www.gaveanews.com\/index.php\/2024\/04\/22\/a-atitude-do-palmeiras-apos-tite-fazer-reclamacoes\/#breadcrumb"},"inLanguage":"pt-BR","potentialAction":[{"@type":"ReadAction","target":["https:\/\/www.gaveanews.com\/index.php\/2024\/04\/22\/a-atitude-do-palmeiras-apos-tite-fazer-reclamacoes\/"]}]},{"@type":"ImageObject","inLanguage":"pt-BR","@id":"https:\/\/www.gaveanews.com\/index.php\/2024\/04\/22\/a-atitude-do-palmeiras-apos-tite-fazer-reclamacoes\/#primaryimage","url":"https:\/\/www.gaveanews.com\/wp-content\/uploads\/tite-flamengo-coletiva-entrevista.webp","contentUrl":"https:\/\/www.gaveanews.com\/wp-content\/uploads\/tite-flamengo-coletiva-entrevista.webp","width":900,"height":599,"caption":"Tite concede entrevista coletiva pelo Flamengo (Foto: Marcelo Cortes\/Flamengo)"},{"@type":"BreadcrumbList","@id":"https:\/\/www.gaveanews.com\/index.php\/2024\/04\/22\/a-atitude-do-palmeiras-apos-tite-fazer-reclamacoes\/#breadcrumb","itemListElement":[{"@type":"ListItem","position":1,"name":"Home","item":"https:\/\/www.gaveanews.com\/"},{"@type":"ListItem","position":2,"name":"A atitude do Palmeiras ap\u00f3s Tite fazer reclama\u00e7\u00f5es"}]},{"@type":"WebSite","@id":"https:\/\/www.gaveanews.com\/#website","url":"https:\/\/www.gaveanews.com\/","name":"G\u00e1vea News","description":"Veja todas as not\u00edcias sobre o Flamengo: Contrata\u00e7\u00f5es, categorias de base, resultados das partidas, tabela de classifica\u00e7\u00e3o, pr\u00f3ximos jogos!","potentialAction":[{"@type":"SearchAction","target":{"@type":"EntryPoint","urlTemplate":"https:\/\/www.gaveanews.com\/?s={search_term_string}"},"query-input":{"@type":"PropertyValueSpecification","valueRequired":true,"valueName":"search_term_string"}}],"inLanguage":"pt-BR"},{"@type":"Person","@id":"https:\/\/www.gaveanews.com\/#\/schema\/person\/fd07635ec039ec3ba74ad18ec8a6dbd6","name":"Henrique Machado","image":{"@type":"ImageObject","inLanguage":"pt-BR","@id":"https:\/\/www.gaveanews.com\/#\/schema\/person\/image\/","url":"https:\/\/secure.gravatar.com\/avatar\/b95e35997e01d9800c1b6184bd79d4d898d370a3fce2584f5c77b907d5c7d9e9?s=96&d=mm&r=g","contentUrl":"https:\/\/secure.gravatar.com\/avatar\/b95e35997e01d9800c1b6184bd79d4d898d370a3fce2584f5c77b907d5c7d9e9?s=96&d=mm&r=g","caption":"Henrique Machado"}}]}},"_links":{"self":[{"href":"https:\/\/www.gaveanews.com\/index.php\/wp-json\/wp\/v2\/posts\/139310","targetHints":{"allow":["GET"]}}],"collection":[{"href":"https:\/\/www.gaveanews.com\/index.php\/wp-json\/wp\/v2\/posts"}],"about":[{"href":"https:\/\/www.gaveanews.com\/index.php\/wp-json\/wp\/v2\/types\/post"}],"author":[{"embeddable":true,"href":"https:\/\/www.gaveanews.com\/index.php\/wp-json\/wp\/v2\/users\/15"}],"replies":[{"embeddable":true,"href":"https:\/\/www.gaveanews.com\/index.php\/wp-json\/wp\/v2\/comments?post=139310"}],"version-history":[{"count":2,"href":"https:\/\/www.gaveanews.com\/index.php\/wp-json\/wp\/v2\/posts\/139310\/revisions"}],"predecessor-version":[{"id":139317,"href":"https:\/\/www.gaveanews.com\/index.php\/wp-json\/wp\/v2\/posts\/139310\/revisions\/139317"}],"wp:featuredmedia":[{"embeddable":true,"href":"https:\/\/www.gaveanews.com\/index.php\/wp-json\/wp\/v2\/media\/108381"}],"wp:attachment":[{"href":"https:\/\/www.gaveanews.com\/index.php\/wp-json\/wp\/v2\/media?parent=139310"}],"wp:term":[{"taxonomy":"category","embeddable":true,"href":"https:\/\/www.gaveanews.com\/index.php\/wp-json\/wp\/v2\/categories?post=139310"},{"taxonomy":"post_tag","embeddable":true,"href":"https:\/\/www.gaveanews.com\/index.php\/wp-json\/wp\/v2\/tags?post=139310"}],"curies":[{"name":"wp","href":"https:\/\/api.w.org\/{rel}","templated":true}]}}