{"id":139323,"date":"2024-04-22T18:16:07","date_gmt":"2024-04-22T21:16:07","guid":{"rendered":"https:\/\/www.gaveanews.com\/?p=139323"},"modified":"2024-04-22T18:16:09","modified_gmt":"2024-04-22T21:16:09","slug":"flamengo-x-botafogo-tite-ja-tem-mais-um-desfalque-confirmado","status":"publish","type":"post","link":"https:\/\/www.gaveanews.com\/index.php\/2024\/04\/22\/flamengo-x-botafogo-tite-ja-tem-mais-um-desfalque-confirmado\/","title":{"rendered":"Flamengo x Botafogo: Tite j\u00e1 tem mais um desfalque confirmado"},"content":{"rendered":"\n<p>O Flamengo est\u00e1 totalmente focado no pr\u00f3ximo desafio pela Libertadores, enfrentando o Bol\u00edvar na quarta-feira, dia 24. No entanto, uma aus\u00eancia not\u00e1vel ser\u00e1 a de Cebolinha, um dos principais jogadores do time, que est\u00e1 fora tanto dessa partida quanto do confronto contra o Botafogo no domingo, dia 28, devido a uma les\u00e3o na panturrilha direita. Sua aus\u00eancia \u00e9 uma perda significativa para o Mais Querido de Tite, que ter\u00e1 que se adaptar sem um de seus principais atacantes.<\/p>\n\n\n\n<p>Cebolinha n\u00e3o p\u00f4de participar do treino de campo na segunda-feira, dia 22, permanecendo sob cuidados m\u00e9dicos. A expectativa \u00e9 de que ele fique afastado dos gramados por cerca de uma semana, o que tamb\u00e9m o exclui do cl\u00e1ssico contra o Botafogo. O Departamento M\u00e9dico do Flamengo est\u00e1 trabalhando arduamente para garantir que o jogador esteja totalmente recuperado para o confronto contra o Bragantino, marcado para o dia 04 de maio pelo Brasileir\u00e3o.<\/p>\n\n\n\n<p>Al\u00e9m disso, h\u00e1 a possibilidade de Cebolinha retornar antes do esperado, podendo at\u00e9 mesmo participar do jogo contra o Amazonas, pela Copa do Brasil, no dia 01 de maio, no Maracan\u00e3. Sua recupera\u00e7\u00e3o \u00e9 acompanhada de perto pelos torcedores, que esperam v\u00ea-lo de volta ao campo o mais breve poss\u00edvel.<\/p>\n\n\n\n<figure class=\"wp-block-image size-full\"><img loading=\"lazy\" decoding=\"async\" width=\"900\" height=\"600\" src=\"https:\/\/www.gaveanews.com\/wp-content\/uploads\/everton-cebolinha-flamengo-santos.webp\" alt=\"\" class=\"wp-image-101158\" srcset=\"https:\/\/www.gaveanews.com\/wp-content\/uploads\/everton-cebolinha-flamengo-santos.webp 900w, https:\/\/www.gaveanews.com\/wp-content\/uploads\/everton-cebolinha-flamengo-santos-300x200.webp 300w, https:\/\/www.gaveanews.com\/wp-content\/uploads\/everton-cebolinha-flamengo-santos-768x512.webp 768w, https:\/\/www.gaveanews.com\/wp-content\/uploads\/everton-cebolinha-flamengo-santos-630x420.webp 630w, https:\/\/www.gaveanews.com\/wp-content\/uploads\/everton-cebolinha-flamengo-santos-640x427.webp 640w, https:\/\/www.gaveanews.com\/wp-content\/uploads\/everton-cebolinha-flamengo-santos-681x454.webp 681w, https:\/\/www.gaveanews.com\/wp-content\/uploads\/everton-cebolinha-flamengo-santos-100x67.webp 100w\" sizes=\"auto, (max-width: 900px) 100vw, 900px\" \/><figcaption class=\"wp-element-caption\">Everton Cebolinha em a\u00e7\u00e3o pelo Flamengo (Foto: Gilvan de Souza\/Flamengo)<\/figcaption><\/figure>\n\n\n\n<h2 class=\"wp-block-heading\" id=\"h-a-carreira-de-everton-cebolinha\">A carreira de Everton Cebolinha<\/h2>\n\n\n\n<p>Everton Cebolinha deu in\u00edcio \u00e0 sua trajet\u00f3ria no Gr\u00eamio, onde despontou como um dos principais atacantes do futebol brasileiro. Sua destreza em driblar oponentes e sua velocidade pelo lado esquerdo chamaram a aten\u00e7\u00e3o de clubes e torcedores em todo o pa\u00eds. No Gr\u00eamio, Cebolinha ergueu trof\u00e9us importantes, incluindo a Copa Libertadores, e se estabeleceu como uma pe\u00e7a fundamental do ataque tricolor. Sua performance no clube ga\u00facho n\u00e3o apenas aumentou seu prest\u00edgio no cen\u00e1rio nacional, mas tamb\u00e9m o colocou na mira de clubes europeus.<\/p>\n\n\n\n<p>Em 2020, Everton deu o salto para a Europa, assinando com o Benfica. Na Europa, apesar de demonstrar lampejos de sua habilidade, ele n\u00e3o conseguiu reproduzir de forma consistente o impacto que tinha no futebol brasileiro. Suas atua\u00e7\u00f5es foram marcadas por altos e baixos, enfrentando um per\u00edodo de adapta\u00e7\u00e3o desafiador. Apesar das expectativas, sua passagem por Portugal foi encarada como uma fase de aprendizado e crescimento pessoal e profissional, onde acumulou experi\u00eancias importantes competindo em torneios europeus.<\/p>\n\n\n\n<p>O retorno ao Brasil ocorreu com sua transfer\u00eancia para o Flamengo em 2022, uma movimenta\u00e7\u00e3o significativa que marcou seu retorno aos holofotes do futebol brasileiro. No Flamengo, Cebolinha se adaptou rapidamente ao estilo de jogo ofensivo da equipe e come\u00e7ou a contribuir com gols e assist\u00eancias, demonstrando que ainda possui o talento que o consagrou como um dos atacantes mais promissores do pa\u00eds.<\/p>\n","protected":false},"excerpt":{"rendered":"<p>O Flamengo est\u00e1 totalmente focado no pr\u00f3ximo desafio pela Libertadores, enfrentando o Bol\u00edvar na quarta-feira, dia 24. No entanto, uma aus\u00eancia not\u00e1vel ser\u00e1 a de Cebolinha, um dos principais jogadores do time, que est\u00e1 fora tanto dessa partida quanto do confronto contra o Botafogo no domingo, dia 28, devido a uma les\u00e3o na panturrilha direita. [&hellip;]<\/p>\n","protected":false},"author":15,"featured_media":109047,"comment_status":"open","ping_status":"closed","sticky":false,"template":"","format":"standard","meta":{"footnotes":""},"categories":[1],"tags":[],"class_list":["post-139323","post","type-post","status-publish","format-standard","has-post-thumbnail","hentry","category-flamengo"],"yoast_head":"<!-- This site is optimized with the Yoast SEO Premium plugin v24.2 (Yoast SEO v26.9) - https:\/\/yoast.com\/product\/yoast-seo-premium-wordpress\/ -->\n<title>Flamengo x Botafogo: Tite j\u00e1 tem mais um desfalque confirmado<\/title>\n<meta name=\"robots\" content=\"index, follow, max-snippet:-1, max-image-preview:large, max-video-preview:-1\" \/>\n<link rel=\"canonical\" href=\"https:\/\/www.gaveanews.com\/index.php\/2024\/04\/22\/flamengo-x-botafogo-tite-ja-tem-mais-um-desfalque-confirmado\/\" \/>\n<meta property=\"og:locale\" content=\"pt_BR\" \/>\n<meta property=\"og:type\" content=\"article\" \/>\n<meta property=\"og:title\" content=\"Flamengo x Botafogo: Tite j\u00e1 tem mais um desfalque confirmado\" \/>\n<meta property=\"og:description\" content=\"O Flamengo est\u00e1 totalmente focado no pr\u00f3ximo desafio pela Libertadores, enfrentando o Bol\u00edvar na quarta-feira, dia 24. No entanto, uma aus\u00eancia not\u00e1vel ser\u00e1 a de Cebolinha, um dos principais jogadores do time, que est\u00e1 fora tanto dessa partida quanto do confronto contra o Botafogo no domingo, dia 28, devido a uma les\u00e3o na panturrilha direita. [&hellip;]\" \/>\n<meta property=\"og:url\" content=\"https:\/\/www.gaveanews.com\/index.php\/2024\/04\/22\/flamengo-x-botafogo-tite-ja-tem-mais-um-desfalque-confirmado\/\" \/>\n<meta property=\"og:site_name\" content=\"G\u00e1vea News\" \/>\n<meta property=\"article:publisher\" content=\"https:\/\/facebook.com\/gaveaNews\/\" \/>\n<meta property=\"article:published_time\" content=\"2024-04-22T21:16:07+00:00\" \/>\n<meta property=\"article:modified_time\" content=\"2024-04-22T21:16:09+00:00\" \/>\n<meta property=\"og:image\" content=\"https:\/\/www.gaveanews.com\/wp-content\/uploads\/tite-flamengo-maracana.webp\" \/>\n\t<meta property=\"og:image:width\" content=\"900\" \/>\n\t<meta property=\"og:image:height\" content=\"1125\" \/>\n\t<meta property=\"og:image:type\" content=\"image\/jpeg\" \/>\n<meta name=\"author\" content=\"Henrique Machado\" \/>\n<meta name=\"twitter:card\" content=\"summary_large_image\" \/>\n<meta name=\"twitter:label1\" content=\"Escrito por\" \/>\n\t<meta name=\"twitter:data1\" content=\"Henrique Machado\" \/>\n\t<meta name=\"twitter:label2\" content=\"Est. tempo de leitura\" \/>\n\t<meta name=\"twitter:data2\" content=\"3 minutos\" \/>\n<script type=\"application\/ld+json\" class=\"yoast-schema-graph\">{\"@context\":\"https:\/\/schema.org\",\"@graph\":[{\"@type\":\"NewsArticle\",\"@id\":\"https:\/\/www.gaveanews.com\/index.php\/2024\/04\/22\/flamengo-x-botafogo-tite-ja-tem-mais-um-desfalque-confirmado\/#article\",\"isPartOf\":{\"@id\":\"https:\/\/www.gaveanews.com\/index.php\/2024\/04\/22\/flamengo-x-botafogo-tite-ja-tem-mais-um-desfalque-confirmado\/\"},\"author\":{\"name\":\"Henrique Machado\",\"@id\":\"https:\/\/www.gaveanews.com\/#\/schema\/person\/fd07635ec039ec3ba74ad18ec8a6dbd6\"},\"headline\":\"Flamengo x Botafogo: Tite j\u00e1 tem mais um desfalque confirmado\",\"datePublished\":\"2024-04-22T21:16:07+00:00\",\"dateModified\":\"2024-04-22T21:16:09+00:00\",\"mainEntityOfPage\":{\"@id\":\"https:\/\/www.gaveanews.com\/index.php\/2024\/04\/22\/flamengo-x-botafogo-tite-ja-tem-mais-um-desfalque-confirmado\/\"},\"wordCount\":479,\"commentCount\":0,\"image\":{\"@id\":\"https:\/\/www.gaveanews.com\/index.php\/2024\/04\/22\/flamengo-x-botafogo-tite-ja-tem-mais-um-desfalque-confirmado\/#primaryimage\"},\"thumbnailUrl\":\"https:\/\/www.gaveanews.com\/wp-content\/uploads\/tite-flamengo-maracana.webp\",\"articleSection\":[\"Flamengo\"],\"inLanguage\":\"pt-BR\",\"potentialAction\":[{\"@type\":\"CommentAction\",\"name\":\"Comment\",\"target\":[\"https:\/\/www.gaveanews.com\/index.php\/2024\/04\/22\/flamengo-x-botafogo-tite-ja-tem-mais-um-desfalque-confirmado\/#respond\"]}],\"copyrightYear\":\"2024\",\"copyrightHolder\":{\"@id\":\"https:\/\/www.gaveanews.com\/#organization\"}},{\"@type\":\"WebPage\",\"@id\":\"https:\/\/www.gaveanews.com\/index.php\/2024\/04\/22\/flamengo-x-botafogo-tite-ja-tem-mais-um-desfalque-confirmado\/\",\"url\":\"https:\/\/www.gaveanews.com\/index.php\/2024\/04\/22\/flamengo-x-botafogo-tite-ja-tem-mais-um-desfalque-confirmado\/\",\"name\":\"Flamengo x Botafogo: Tite j\u00e1 tem mais um desfalque confirmado\",\"isPartOf\":{\"@id\":\"https:\/\/www.gaveanews.com\/#website\"},\"primaryImageOfPage\":{\"@id\":\"https:\/\/www.gaveanews.com\/index.php\/2024\/04\/22\/flamengo-x-botafogo-tite-ja-tem-mais-um-desfalque-confirmado\/#primaryimage\"},\"image\":{\"@id\":\"https:\/\/www.gaveanews.com\/index.php\/2024\/04\/22\/flamengo-x-botafogo-tite-ja-tem-mais-um-desfalque-confirmado\/#primaryimage\"},\"thumbnailUrl\":\"https:\/\/www.gaveanews.com\/wp-content\/uploads\/tite-flamengo-maracana.webp\",\"datePublished\":\"2024-04-22T21:16:07+00:00\",\"dateModified\":\"2024-04-22T21:16:09+00:00\",\"author\":{\"@id\":\"https:\/\/www.gaveanews.com\/#\/schema\/person\/fd07635ec039ec3ba74ad18ec8a6dbd6\"},\"breadcrumb\":{\"@id\":\"https:\/\/www.gaveanews.com\/index.php\/2024\/04\/22\/flamengo-x-botafogo-tite-ja-tem-mais-um-desfalque-confirmado\/#breadcrumb\"},\"inLanguage\":\"pt-BR\",\"potentialAction\":[{\"@type\":\"ReadAction\",\"target\":[\"https:\/\/www.gaveanews.com\/index.php\/2024\/04\/22\/flamengo-x-botafogo-tite-ja-tem-mais-um-desfalque-confirmado\/\"]}]},{\"@type\":\"ImageObject\",\"inLanguage\":\"pt-BR\",\"@id\":\"https:\/\/www.gaveanews.com\/index.php\/2024\/04\/22\/flamengo-x-botafogo-tite-ja-tem-mais-um-desfalque-confirmado\/#primaryimage\",\"url\":\"https:\/\/www.gaveanews.com\/wp-content\/uploads\/tite-flamengo-maracana.webp\",\"contentUrl\":\"https:\/\/www.gaveanews.com\/wp-content\/uploads\/tite-flamengo-maracana.webp\",\"width\":900,\"height\":1125,\"caption\":\"Tite comanda o Flamengo no Maracan\u00e3 (Foto: Paula Reis\/Flamengo)\"},{\"@type\":\"BreadcrumbList\",\"@id\":\"https:\/\/www.gaveanews.com\/index.php\/2024\/04\/22\/flamengo-x-botafogo-tite-ja-tem-mais-um-desfalque-confirmado\/#breadcrumb\",\"itemListElement\":[{\"@type\":\"ListItem\",\"position\":1,\"name\":\"Home\",\"item\":\"https:\/\/www.gaveanews.com\/\"},{\"@type\":\"ListItem\",\"position\":2,\"name\":\"Flamengo x Botafogo: Tite j\u00e1 tem mais um desfalque confirmado\"}]},{\"@type\":\"WebSite\",\"@id\":\"https:\/\/www.gaveanews.com\/#website\",\"url\":\"https:\/\/www.gaveanews.com\/\",\"name\":\"G\u00e1vea News\",\"description\":\"Veja todas as not\u00edcias sobre o Flamengo: Contrata\u00e7\u00f5es, categorias de base, resultados das partidas, tabela de classifica\u00e7\u00e3o, pr\u00f3ximos jogos!\",\"potentialAction\":[{\"@type\":\"SearchAction\",\"target\":{\"@type\":\"EntryPoint\",\"urlTemplate\":\"https:\/\/www.gaveanews.com\/?s={search_term_string}\"},\"query-input\":{\"@type\":\"PropertyValueSpecification\",\"valueRequired\":true,\"valueName\":\"search_term_string\"}}],\"inLanguage\":\"pt-BR\"},{\"@type\":\"Person\",\"@id\":\"https:\/\/www.gaveanews.com\/#\/schema\/person\/fd07635ec039ec3ba74ad18ec8a6dbd6\",\"name\":\"Henrique Machado\",\"image\":{\"@type\":\"ImageObject\",\"inLanguage\":\"pt-BR\",\"@id\":\"https:\/\/www.gaveanews.com\/#\/schema\/person\/image\/\",\"url\":\"https:\/\/secure.gravatar.com\/avatar\/b95e35997e01d9800c1b6184bd79d4d898d370a3fce2584f5c77b907d5c7d9e9?s=96&d=mm&r=g\",\"contentUrl\":\"https:\/\/secure.gravatar.com\/avatar\/b95e35997e01d9800c1b6184bd79d4d898d370a3fce2584f5c77b907d5c7d9e9?s=96&d=mm&r=g\",\"caption\":\"Henrique Machado\"}}]}<\/script>\n<!-- \/ Yoast SEO Premium plugin. -->","yoast_head_json":{"title":"Flamengo x Botafogo: Tite j\u00e1 tem mais um desfalque confirmado","robots":{"index":"index","follow":"follow","max-snippet":"max-snippet:-1","max-image-preview":"max-image-preview:large","max-video-preview":"max-video-preview:-1"},"canonical":"https:\/\/www.gaveanews.com\/index.php\/2024\/04\/22\/flamengo-x-botafogo-tite-ja-tem-mais-um-desfalque-confirmado\/","og_locale":"pt_BR","og_type":"article","og_title":"Flamengo x Botafogo: Tite j\u00e1 tem mais um desfalque confirmado","og_description":"O Flamengo est\u00e1 totalmente focado no pr\u00f3ximo desafio pela Libertadores, enfrentando o Bol\u00edvar na quarta-feira, dia 24. No entanto, uma aus\u00eancia not\u00e1vel ser\u00e1 a de Cebolinha, um dos principais jogadores do time, que est\u00e1 fora tanto dessa partida quanto do confronto contra o Botafogo no domingo, dia 28, devido a uma les\u00e3o na panturrilha direita. [&hellip;]","og_url":"https:\/\/www.gaveanews.com\/index.php\/2024\/04\/22\/flamengo-x-botafogo-tite-ja-tem-mais-um-desfalque-confirmado\/","og_site_name":"G\u00e1vea News","article_publisher":"https:\/\/facebook.com\/gaveaNews\/","article_published_time":"2024-04-22T21:16:07+00:00","article_modified_time":"2024-04-22T21:16:09+00:00","og_image":[{"width":900,"height":1125,"url":"https:\/\/www.gaveanews.com\/wp-content\/uploads\/tite-flamengo-maracana.webp","type":"image\/jpeg"}],"author":"Henrique Machado","twitter_card":"summary_large_image","twitter_misc":{"Escrito por":"Henrique Machado","Est. tempo de leitura":"3 minutos"},"schema":{"@context":"https:\/\/schema.org","@graph":[{"@type":"NewsArticle","@id":"https:\/\/www.gaveanews.com\/index.php\/2024\/04\/22\/flamengo-x-botafogo-tite-ja-tem-mais-um-desfalque-confirmado\/#article","isPartOf":{"@id":"https:\/\/www.gaveanews.com\/index.php\/2024\/04\/22\/flamengo-x-botafogo-tite-ja-tem-mais-um-desfalque-confirmado\/"},"author":{"name":"Henrique Machado","@id":"https:\/\/www.gaveanews.com\/#\/schema\/person\/fd07635ec039ec3ba74ad18ec8a6dbd6"},"headline":"Flamengo x Botafogo: Tite j\u00e1 tem mais um desfalque confirmado","datePublished":"2024-04-22T21:16:07+00:00","dateModified":"2024-04-22T21:16:09+00:00","mainEntityOfPage":{"@id":"https:\/\/www.gaveanews.com\/index.php\/2024\/04\/22\/flamengo-x-botafogo-tite-ja-tem-mais-um-desfalque-confirmado\/"},"wordCount":479,"commentCount":0,"image":{"@id":"https:\/\/www.gaveanews.com\/index.php\/2024\/04\/22\/flamengo-x-botafogo-tite-ja-tem-mais-um-desfalque-confirmado\/#primaryimage"},"thumbnailUrl":"https:\/\/www.gaveanews.com\/wp-content\/uploads\/tite-flamengo-maracana.webp","articleSection":["Flamengo"],"inLanguage":"pt-BR","potentialAction":[{"@type":"CommentAction","name":"Comment","target":["https:\/\/www.gaveanews.com\/index.php\/2024\/04\/22\/flamengo-x-botafogo-tite-ja-tem-mais-um-desfalque-confirmado\/#respond"]}],"copyrightYear":"2024","copyrightHolder":{"@id":"https:\/\/www.gaveanews.com\/#organization"}},{"@type":"WebPage","@id":"https:\/\/www.gaveanews.com\/index.php\/2024\/04\/22\/flamengo-x-botafogo-tite-ja-tem-mais-um-desfalque-confirmado\/","url":"https:\/\/www.gaveanews.com\/index.php\/2024\/04\/22\/flamengo-x-botafogo-tite-ja-tem-mais-um-desfalque-confirmado\/","name":"Flamengo x Botafogo: Tite j\u00e1 tem mais um desfalque confirmado","isPartOf":{"@id":"https:\/\/www.gaveanews.com\/#website"},"primaryImageOfPage":{"@id":"https:\/\/www.gaveanews.com\/index.php\/2024\/04\/22\/flamengo-x-botafogo-tite-ja-tem-mais-um-desfalque-confirmado\/#primaryimage"},"image":{"@id":"https:\/\/www.gaveanews.com\/index.php\/2024\/04\/22\/flamengo-x-botafogo-tite-ja-tem-mais-um-desfalque-confirmado\/#primaryimage"},"thumbnailUrl":"https:\/\/www.gaveanews.com\/wp-content\/uploads\/tite-flamengo-maracana.webp","datePublished":"2024-04-22T21:16:07+00:00","dateModified":"2024-04-22T21:16:09+00:00","author":{"@id":"https:\/\/www.gaveanews.com\/#\/schema\/person\/fd07635ec039ec3ba74ad18ec8a6dbd6"},"breadcrumb":{"@id":"https:\/\/www.gaveanews.com\/index.php\/2024\/04\/22\/flamengo-x-botafogo-tite-ja-tem-mais-um-desfalque-confirmado\/#breadcrumb"},"inLanguage":"pt-BR","potentialAction":[{"@type":"ReadAction","target":["https:\/\/www.gaveanews.com\/index.php\/2024\/04\/22\/flamengo-x-botafogo-tite-ja-tem-mais-um-desfalque-confirmado\/"]}]},{"@type":"ImageObject","inLanguage":"pt-BR","@id":"https:\/\/www.gaveanews.com\/index.php\/2024\/04\/22\/flamengo-x-botafogo-tite-ja-tem-mais-um-desfalque-confirmado\/#primaryimage","url":"https:\/\/www.gaveanews.com\/wp-content\/uploads\/tite-flamengo-maracana.webp","contentUrl":"https:\/\/www.gaveanews.com\/wp-content\/uploads\/tite-flamengo-maracana.webp","width":900,"height":1125,"caption":"Tite comanda o Flamengo no Maracan\u00e3 (Foto: Paula Reis\/Flamengo)"},{"@type":"BreadcrumbList","@id":"https:\/\/www.gaveanews.com\/index.php\/2024\/04\/22\/flamengo-x-botafogo-tite-ja-tem-mais-um-desfalque-confirmado\/#breadcrumb","itemListElement":[{"@type":"ListItem","position":1,"name":"Home","item":"https:\/\/www.gaveanews.com\/"},{"@type":"ListItem","position":2,"name":"Flamengo x Botafogo: Tite j\u00e1 tem mais um desfalque confirmado"}]},{"@type":"WebSite","@id":"https:\/\/www.gaveanews.com\/#website","url":"https:\/\/www.gaveanews.com\/","name":"G\u00e1vea News","description":"Veja todas as not\u00edcias sobre o Flamengo: Contrata\u00e7\u00f5es, categorias de base, resultados das partidas, tabela de classifica\u00e7\u00e3o, pr\u00f3ximos jogos!","potentialAction":[{"@type":"SearchAction","target":{"@type":"EntryPoint","urlTemplate":"https:\/\/www.gaveanews.com\/?s={search_term_string}"},"query-input":{"@type":"PropertyValueSpecification","valueRequired":true,"valueName":"search_term_string"}}],"inLanguage":"pt-BR"},{"@type":"Person","@id":"https:\/\/www.gaveanews.com\/#\/schema\/person\/fd07635ec039ec3ba74ad18ec8a6dbd6","name":"Henrique Machado","image":{"@type":"ImageObject","inLanguage":"pt-BR","@id":"https:\/\/www.gaveanews.com\/#\/schema\/person\/image\/","url":"https:\/\/secure.gravatar.com\/avatar\/b95e35997e01d9800c1b6184bd79d4d898d370a3fce2584f5c77b907d5c7d9e9?s=96&d=mm&r=g","contentUrl":"https:\/\/secure.gravatar.com\/avatar\/b95e35997e01d9800c1b6184bd79d4d898d370a3fce2584f5c77b907d5c7d9e9?s=96&d=mm&r=g","caption":"Henrique Machado"}}]}},"_links":{"self":[{"href":"https:\/\/www.gaveanews.com\/index.php\/wp-json\/wp\/v2\/posts\/139323","targetHints":{"allow":["GET"]}}],"collection":[{"href":"https:\/\/www.gaveanews.com\/index.php\/wp-json\/wp\/v2\/posts"}],"about":[{"href":"https:\/\/www.gaveanews.com\/index.php\/wp-json\/wp\/v2\/types\/post"}],"author":[{"embeddable":true,"href":"https:\/\/www.gaveanews.com\/index.php\/wp-json\/wp\/v2\/users\/15"}],"replies":[{"embeddable":true,"href":"https:\/\/www.gaveanews.com\/index.php\/wp-json\/wp\/v2\/comments?post=139323"}],"version-history":[{"count":3,"href":"https:\/\/www.gaveanews.com\/index.php\/wp-json\/wp\/v2\/posts\/139323\/revisions"}],"predecessor-version":[{"id":139328,"href":"https:\/\/www.gaveanews.com\/index.php\/wp-json\/wp\/v2\/posts\/139323\/revisions\/139328"}],"wp:featuredmedia":[{"embeddable":true,"href":"https:\/\/www.gaveanews.com\/index.php\/wp-json\/wp\/v2\/media\/109047"}],"wp:attachment":[{"href":"https:\/\/www.gaveanews.com\/index.php\/wp-json\/wp\/v2\/media?parent=139323"}],"wp:term":[{"taxonomy":"category","embeddable":true,"href":"https:\/\/www.gaveanews.com\/index.php\/wp-json\/wp\/v2\/categories?post=139323"},{"taxonomy":"post_tag","embeddable":true,"href":"https:\/\/www.gaveanews.com\/index.php\/wp-json\/wp\/v2\/tags?post=139323"}],"curies":[{"name":"wp","href":"https:\/\/api.w.org\/{rel}","templated":true}]}}