{"id":140614,"date":"2024-05-01T13:03:00","date_gmt":"2024-05-01T16:03:00","guid":{"rendered":"https:\/\/www.gaveanews.com\/?p=140614"},"modified":"2024-05-01T13:02:08","modified_gmt":"2024-05-01T16:02:08","slug":"as-novas-mudancas-de-tite-no-time-do-flamengo","status":"publish","type":"post","link":"https:\/\/www.gaveanews.com\/index.php\/2024\/05\/01\/as-novas-mudancas-de-tite-no-time-do-flamengo\/","title":{"rendered":"As novas mudan\u00e7as de Tite no time do Flamengo"},"content":{"rendered":"\n<p>O Flamengo est\u00e1 prestes a iniciar sua jornada na Copa do Brasil, enfrentando o Amazonas em casa, no Maracan\u00e3. O clube vive um momento de dualidade emocional, com um misto de apreens\u00e3o pelas recentes derrotas para Bol\u00edvar e Botafogo, mas tamb\u00e9m com um \u00e2nimo renovado devido ao retorno de Gabigol, que obteve um efeito suspensivo junto ao CAS.<\/p>\n\n\n\n<p>Para essa partida crucial, o t\u00e9cnico Tite planeja promover mudan\u00e7as na escala\u00e7\u00e3o, principalmente devido \u00e0s les\u00f5es de Pulgar e Arrascaeta. A tend\u00eancia \u00e9 que Allan e Gerson ocupem o meio-campo, com De La Cruz sendo adiantado. Al\u00e9m disso, nomes como Vi\u00f1a e Lorran podem figurar na escala\u00e7\u00e3o inicial, enquanto Ayrton Lucas e Luiz Ara\u00fajo come\u00e7am no banco de reservas.<\/p>\n\n\n\n<p>No entanto, surge a incerteza em rela\u00e7\u00e3o \u00e0 proposta de jogo de Tite. Ser\u00e3o apenas altera\u00e7\u00f5es de pe\u00e7as, ou o t\u00e9cnico buscar\u00e1 mudan\u00e7as mais significativas no estilo de jogo da equipe? A forma como Lorran ser\u00e1 utilizado tamb\u00e9m gera questionamentos, com d\u00favidas se atuar\u00e1 aberto pela direita ou se ter\u00e1 um papel mais central no ataque.<\/p>\n\n\n\n<p>Diante dessas incertezas, Tite pode recorrer \u00e0s alternativas t\u00e1ticas e ao uso da base para buscar solu\u00e7\u00f5es. A joia da base pode alternar com De La Cruz, buscando se aproximar de Pedro para criar jogadas e dificultar a marca\u00e7\u00e3o advers\u00e1ria. Essas mudan\u00e7as visam n\u00e3o apenas melhorar o desempenho da equipe, mas tamb\u00e9m adapt\u00e1-la \u00e0s circunst\u00e2ncias da partida.<\/p>\n\n\n\n<p>No entanto, o tempo para treinar \u00e9 escasso, e o Flamengo enfrenta a obriga\u00e7\u00e3o de obter resultados positivos. Tite sabe que est\u00e1 diante de um desafio que se tornou uma quest\u00e3o de sobreviv\u00eancia. Assim, mesmo sem grandes per\u00edodos de prepara\u00e7\u00e3o, o t\u00e9cnico busca novas abordagens t\u00e1ticas para garantir o sucesso do time na Copa do Brasil.<\/p>\n\n\n\n<h2 class=\"wp-block-heading\" id=\"h-quando-sera-o-proximo-jogo-do-flamengo\">Quando ser\u00e1 o pr\u00f3ximo jogo do Flamengo?<\/h2>\n\n\n\n<p>Em maio, o\u00a0<a href=\"https:\/\/gaveanews.com\/?utm_source=SystemGaveaNews&amp;utm_medium=SystemGaveaNews&amp;utm_campaign=SystemGaveaNews\">Flamengo<\/a>\u00a0enfrentar\u00e1 uma agenda repleta de desafios, competindo em tr\u00eas diferentes torneios. Sob o comando do t\u00e9cnico Tite, a equipe ter\u00e1 partidas pelo Campeonato Brasileiro, Copa Libertadores e Copa do Brasil. Confira abaixo a agenda do\u00a0<a href=\"https:\/\/gaveanews.com\/?utm_source=SystemGaveaNews&amp;utm_medium=SystemGaveaNews&amp;utm_campaign=SystemGaveaNews\">Flamengo<\/a>\u00a0no m\u00eas de maio:<\/p>\n\n\n\n<ul class=\"wp-block-list\">\n<li>01\/05 \u2013\u00a0<a href=\"https:\/\/gaveanews.com\/?utm_source=SystemGaveaNews&amp;utm_medium=SystemGaveaNews&amp;utm_campaign=SystemGaveaNews\">Flamengo<\/a>\u00a0x Amazonas<\/li>\n\n\n\n<li>04\/05 \u2013 Bragantino x\u00a0<a href=\"https:\/\/gaveanews.com\/?utm_source=SystemGaveaNews&amp;utm_medium=SystemGaveaNews&amp;utm_campaign=SystemGaveaNews\">Flamengo<\/a><\/li>\n\n\n\n<li>07\/05 \u2013 Palestino x\u00a0<a href=\"https:\/\/gaveanews.com\/?utm_source=SystemGaveaNews&amp;utm_medium=SystemGaveaNews&amp;utm_campaign=SystemGaveaNews\">Flamengo<\/a><\/li>\n\n\n\n<li>11\/05 \u2013\u00a0<a href=\"https:\/\/gaveanews.com\/?utm_source=SystemGaveaNews&amp;utm_medium=SystemGaveaNews&amp;utm_campaign=SystemGaveaNews\">Flamengo<\/a>\u00a0x\u00a0<a href=\"https:\/\/www.gaveanews.com\/?s=corinthians&amp;utm_source=SystemGaveaNews&amp;utm_medium=SystemGaveaNews&amp;utm_campaign=SystemGaveaNews\">Corinthians<\/a><\/li>\n\n\n\n<li>15\/05 \u2013\u00a0<a href=\"https:\/\/gaveanews.com\/?utm_source=SystemGaveaNews&amp;utm_medium=SystemGaveaNews&amp;utm_campaign=SystemGaveaNews\">Flamengo<\/a>\u00a0x Bol\u00edvar<\/li>\n\n\n\n<li>18\/05 \u2013\u00a0<a href=\"https:\/\/www.gaveanews.com\/?s=vasco&amp;utm_source=SystemGaveaNews&amp;utm_medium=SystemGaveaNews&amp;utm_campaign=SystemGaveaNews\">Vasco<\/a>\u00a0x\u00a0<a href=\"https:\/\/gaveanews.com\/?utm_source=SystemGaveaNews&amp;utm_medium=SystemGaveaNews&amp;utm_campaign=SystemGaveaNews\">Flamengo<\/a><\/li>\n\n\n\n<li>22\/05 \u2013 Amazonas x\u00a0<a href=\"https:\/\/gaveanews.com\/?utm_source=SystemGaveaNews&amp;utm_medium=SystemGaveaNews&amp;utm_campaign=SystemGaveaNews\">Flamengo<\/a><\/li>\n\n\n\n<li>28\/05 \u2013\u00a0<a href=\"https:\/\/gaveanews.com\/?utm_source=SystemGaveaNews&amp;utm_medium=SystemGaveaNews&amp;utm_campaign=SystemGaveaNews\">Flamengo<\/a>\u00a0x Millonarios<\/li>\n<\/ul>\n","protected":false},"excerpt":{"rendered":"<p>O Flamengo est\u00e1 prestes a iniciar sua jornada na Copa do Brasil, enfrentando o Amazonas em casa, no Maracan\u00e3. O clube vive um momento de dualidade emocional, com um misto de apreens\u00e3o pelas recentes derrotas para Bol\u00edvar e Botafogo, mas tamb\u00e9m com um \u00e2nimo renovado devido ao retorno de Gabigol, que obteve um efeito suspensivo [&hellip;]<\/p>\n","protected":false},"author":15,"featured_media":133049,"comment_status":"open","ping_status":"closed","sticky":false,"template":"","format":"standard","meta":{"footnotes":""},"categories":[1],"tags":[],"class_list":["post-140614","post","type-post","status-publish","format-standard","has-post-thumbnail","hentry","category-flamengo"],"yoast_head":"<!-- This site is optimized with the Yoast SEO Premium plugin v24.2 (Yoast SEO v26.9) - https:\/\/yoast.com\/product\/yoast-seo-premium-wordpress\/ -->\n<title>As novas mudan\u00e7as de Tite no time do Flamengo<\/title>\n<meta name=\"robots\" content=\"index, follow, max-snippet:-1, max-image-preview:large, max-video-preview:-1\" \/>\n<link rel=\"canonical\" href=\"https:\/\/www.gaveanews.com\/index.php\/2024\/05\/01\/as-novas-mudancas-de-tite-no-time-do-flamengo\/\" \/>\n<meta property=\"og:locale\" content=\"pt_BR\" \/>\n<meta property=\"og:type\" content=\"article\" \/>\n<meta property=\"og:title\" content=\"As novas mudan\u00e7as de Tite no time do Flamengo\" \/>\n<meta property=\"og:description\" content=\"O Flamengo est\u00e1 prestes a iniciar sua jornada na Copa do Brasil, enfrentando o Amazonas em casa, no Maracan\u00e3. O clube vive um momento de dualidade emocional, com um misto de apreens\u00e3o pelas recentes derrotas para Bol\u00edvar e Botafogo, mas tamb\u00e9m com um \u00e2nimo renovado devido ao retorno de Gabigol, que obteve um efeito suspensivo [&hellip;]\" \/>\n<meta property=\"og:url\" content=\"https:\/\/www.gaveanews.com\/index.php\/2024\/05\/01\/as-novas-mudancas-de-tite-no-time-do-flamengo\/\" \/>\n<meta property=\"og:site_name\" content=\"G\u00e1vea News\" \/>\n<meta property=\"article:publisher\" content=\"https:\/\/facebook.com\/gaveaNews\/\" \/>\n<meta property=\"article:published_time\" content=\"2024-05-01T16:03:00+00:00\" \/>\n<meta property=\"og:image\" content=\"https:\/\/www.gaveanews.com\/wp-content\/uploads\/tite-treino-flamengo-1-1.webp\" \/>\n\t<meta property=\"og:image:width\" content=\"900\" \/>\n\t<meta property=\"og:image:height\" content=\"600\" \/>\n\t<meta property=\"og:image:type\" content=\"image\/jpeg\" \/>\n<meta name=\"author\" content=\"Henrique Machado\" \/>\n<meta name=\"twitter:card\" content=\"summary_large_image\" \/>\n<meta name=\"twitter:label1\" content=\"Escrito por\" \/>\n\t<meta name=\"twitter:data1\" content=\"Henrique Machado\" \/>\n\t<meta name=\"twitter:label2\" content=\"Est. tempo de leitura\" \/>\n\t<meta name=\"twitter:data2\" content=\"3 minutos\" \/>\n<script type=\"application\/ld+json\" class=\"yoast-schema-graph\">{\"@context\":\"https:\/\/schema.org\",\"@graph\":[{\"@type\":\"NewsArticle\",\"@id\":\"https:\/\/www.gaveanews.com\/index.php\/2024\/05\/01\/as-novas-mudancas-de-tite-no-time-do-flamengo\/#article\",\"isPartOf\":{\"@id\":\"https:\/\/www.gaveanews.com\/index.php\/2024\/05\/01\/as-novas-mudancas-de-tite-no-time-do-flamengo\/\"},\"author\":{\"name\":\"Henrique Machado\",\"@id\":\"https:\/\/www.gaveanews.com\/#\/schema\/person\/fd07635ec039ec3ba74ad18ec8a6dbd6\"},\"headline\":\"As novas mudan\u00e7as de Tite no time do Flamengo\",\"datePublished\":\"2024-05-01T16:03:00+00:00\",\"mainEntityOfPage\":{\"@id\":\"https:\/\/www.gaveanews.com\/index.php\/2024\/05\/01\/as-novas-mudancas-de-tite-no-time-do-flamengo\/\"},\"wordCount\":410,\"commentCount\":0,\"image\":{\"@id\":\"https:\/\/www.gaveanews.com\/index.php\/2024\/05\/01\/as-novas-mudancas-de-tite-no-time-do-flamengo\/#primaryimage\"},\"thumbnailUrl\":\"https:\/\/www.gaveanews.com\/wp-content\/uploads\/tite-treino-flamengo-1-1.webp\",\"articleSection\":[\"Flamengo\"],\"inLanguage\":\"pt-BR\",\"potentialAction\":[{\"@type\":\"CommentAction\",\"name\":\"Comment\",\"target\":[\"https:\/\/www.gaveanews.com\/index.php\/2024\/05\/01\/as-novas-mudancas-de-tite-no-time-do-flamengo\/#respond\"]}],\"copyrightYear\":\"2024\",\"copyrightHolder\":{\"@id\":\"https:\/\/www.gaveanews.com\/#organization\"}},{\"@type\":\"WebPage\",\"@id\":\"https:\/\/www.gaveanews.com\/index.php\/2024\/05\/01\/as-novas-mudancas-de-tite-no-time-do-flamengo\/\",\"url\":\"https:\/\/www.gaveanews.com\/index.php\/2024\/05\/01\/as-novas-mudancas-de-tite-no-time-do-flamengo\/\",\"name\":\"As novas mudan\u00e7as de Tite no time do Flamengo\",\"isPartOf\":{\"@id\":\"https:\/\/www.gaveanews.com\/#website\"},\"primaryImageOfPage\":{\"@id\":\"https:\/\/www.gaveanews.com\/index.php\/2024\/05\/01\/as-novas-mudancas-de-tite-no-time-do-flamengo\/#primaryimage\"},\"image\":{\"@id\":\"https:\/\/www.gaveanews.com\/index.php\/2024\/05\/01\/as-novas-mudancas-de-tite-no-time-do-flamengo\/#primaryimage\"},\"thumbnailUrl\":\"https:\/\/www.gaveanews.com\/wp-content\/uploads\/tite-treino-flamengo-1-1.webp\",\"datePublished\":\"2024-05-01T16:03:00+00:00\",\"author\":{\"@id\":\"https:\/\/www.gaveanews.com\/#\/schema\/person\/fd07635ec039ec3ba74ad18ec8a6dbd6\"},\"breadcrumb\":{\"@id\":\"https:\/\/www.gaveanews.com\/index.php\/2024\/05\/01\/as-novas-mudancas-de-tite-no-time-do-flamengo\/#breadcrumb\"},\"inLanguage\":\"pt-BR\",\"potentialAction\":[{\"@type\":\"ReadAction\",\"target\":[\"https:\/\/www.gaveanews.com\/index.php\/2024\/05\/01\/as-novas-mudancas-de-tite-no-time-do-flamengo\/\"]}]},{\"@type\":\"ImageObject\",\"inLanguage\":\"pt-BR\",\"@id\":\"https:\/\/www.gaveanews.com\/index.php\/2024\/05\/01\/as-novas-mudancas-de-tite-no-time-do-flamengo\/#primaryimage\",\"url\":\"https:\/\/www.gaveanews.com\/wp-content\/uploads\/tite-treino-flamengo-1-1.webp\",\"contentUrl\":\"https:\/\/www.gaveanews.com\/wp-content\/uploads\/tite-treino-flamengo-1-1.webp\",\"width\":900,\"height\":600,\"caption\":\"Tite comanda treino do Flamengo (Foto: Gilvan de Souza\/Flamengo)\"},{\"@type\":\"BreadcrumbList\",\"@id\":\"https:\/\/www.gaveanews.com\/index.php\/2024\/05\/01\/as-novas-mudancas-de-tite-no-time-do-flamengo\/#breadcrumb\",\"itemListElement\":[{\"@type\":\"ListItem\",\"position\":1,\"name\":\"Home\",\"item\":\"https:\/\/www.gaveanews.com\/\"},{\"@type\":\"ListItem\",\"position\":2,\"name\":\"As novas mudan\u00e7as de Tite no time do Flamengo\"}]},{\"@type\":\"WebSite\",\"@id\":\"https:\/\/www.gaveanews.com\/#website\",\"url\":\"https:\/\/www.gaveanews.com\/\",\"name\":\"G\u00e1vea News\",\"description\":\"Veja todas as not\u00edcias sobre o Flamengo: Contrata\u00e7\u00f5es, categorias de base, resultados das partidas, tabela de classifica\u00e7\u00e3o, pr\u00f3ximos jogos!\",\"potentialAction\":[{\"@type\":\"SearchAction\",\"target\":{\"@type\":\"EntryPoint\",\"urlTemplate\":\"https:\/\/www.gaveanews.com\/?s={search_term_string}\"},\"query-input\":{\"@type\":\"PropertyValueSpecification\",\"valueRequired\":true,\"valueName\":\"search_term_string\"}}],\"inLanguage\":\"pt-BR\"},{\"@type\":\"Person\",\"@id\":\"https:\/\/www.gaveanews.com\/#\/schema\/person\/fd07635ec039ec3ba74ad18ec8a6dbd6\",\"name\":\"Henrique Machado\",\"image\":{\"@type\":\"ImageObject\",\"inLanguage\":\"pt-BR\",\"@id\":\"https:\/\/www.gaveanews.com\/#\/schema\/person\/image\/\",\"url\":\"https:\/\/secure.gravatar.com\/avatar\/b95e35997e01d9800c1b6184bd79d4d898d370a3fce2584f5c77b907d5c7d9e9?s=96&d=mm&r=g\",\"contentUrl\":\"https:\/\/secure.gravatar.com\/avatar\/b95e35997e01d9800c1b6184bd79d4d898d370a3fce2584f5c77b907d5c7d9e9?s=96&d=mm&r=g\",\"caption\":\"Henrique Machado\"}}]}<\/script>\n<!-- \/ Yoast SEO Premium plugin. -->","yoast_head_json":{"title":"As novas mudan\u00e7as de Tite no time do Flamengo","robots":{"index":"index","follow":"follow","max-snippet":"max-snippet:-1","max-image-preview":"max-image-preview:large","max-video-preview":"max-video-preview:-1"},"canonical":"https:\/\/www.gaveanews.com\/index.php\/2024\/05\/01\/as-novas-mudancas-de-tite-no-time-do-flamengo\/","og_locale":"pt_BR","og_type":"article","og_title":"As novas mudan\u00e7as de Tite no time do Flamengo","og_description":"O Flamengo est\u00e1 prestes a iniciar sua jornada na Copa do Brasil, enfrentando o Amazonas em casa, no Maracan\u00e3. O clube vive um momento de dualidade emocional, com um misto de apreens\u00e3o pelas recentes derrotas para Bol\u00edvar e Botafogo, mas tamb\u00e9m com um \u00e2nimo renovado devido ao retorno de Gabigol, que obteve um efeito suspensivo [&hellip;]","og_url":"https:\/\/www.gaveanews.com\/index.php\/2024\/05\/01\/as-novas-mudancas-de-tite-no-time-do-flamengo\/","og_site_name":"G\u00e1vea News","article_publisher":"https:\/\/facebook.com\/gaveaNews\/","article_published_time":"2024-05-01T16:03:00+00:00","og_image":[{"width":900,"height":600,"url":"https:\/\/www.gaveanews.com\/wp-content\/uploads\/tite-treino-flamengo-1-1.webp","type":"image\/jpeg"}],"author":"Henrique Machado","twitter_card":"summary_large_image","twitter_misc":{"Escrito por":"Henrique Machado","Est. tempo de leitura":"3 minutos"},"schema":{"@context":"https:\/\/schema.org","@graph":[{"@type":"NewsArticle","@id":"https:\/\/www.gaveanews.com\/index.php\/2024\/05\/01\/as-novas-mudancas-de-tite-no-time-do-flamengo\/#article","isPartOf":{"@id":"https:\/\/www.gaveanews.com\/index.php\/2024\/05\/01\/as-novas-mudancas-de-tite-no-time-do-flamengo\/"},"author":{"name":"Henrique Machado","@id":"https:\/\/www.gaveanews.com\/#\/schema\/person\/fd07635ec039ec3ba74ad18ec8a6dbd6"},"headline":"As novas mudan\u00e7as de Tite no time do Flamengo","datePublished":"2024-05-01T16:03:00+00:00","mainEntityOfPage":{"@id":"https:\/\/www.gaveanews.com\/index.php\/2024\/05\/01\/as-novas-mudancas-de-tite-no-time-do-flamengo\/"},"wordCount":410,"commentCount":0,"image":{"@id":"https:\/\/www.gaveanews.com\/index.php\/2024\/05\/01\/as-novas-mudancas-de-tite-no-time-do-flamengo\/#primaryimage"},"thumbnailUrl":"https:\/\/www.gaveanews.com\/wp-content\/uploads\/tite-treino-flamengo-1-1.webp","articleSection":["Flamengo"],"inLanguage":"pt-BR","potentialAction":[{"@type":"CommentAction","name":"Comment","target":["https:\/\/www.gaveanews.com\/index.php\/2024\/05\/01\/as-novas-mudancas-de-tite-no-time-do-flamengo\/#respond"]}],"copyrightYear":"2024","copyrightHolder":{"@id":"https:\/\/www.gaveanews.com\/#organization"}},{"@type":"WebPage","@id":"https:\/\/www.gaveanews.com\/index.php\/2024\/05\/01\/as-novas-mudancas-de-tite-no-time-do-flamengo\/","url":"https:\/\/www.gaveanews.com\/index.php\/2024\/05\/01\/as-novas-mudancas-de-tite-no-time-do-flamengo\/","name":"As novas mudan\u00e7as de Tite no time do Flamengo","isPartOf":{"@id":"https:\/\/www.gaveanews.com\/#website"},"primaryImageOfPage":{"@id":"https:\/\/www.gaveanews.com\/index.php\/2024\/05\/01\/as-novas-mudancas-de-tite-no-time-do-flamengo\/#primaryimage"},"image":{"@id":"https:\/\/www.gaveanews.com\/index.php\/2024\/05\/01\/as-novas-mudancas-de-tite-no-time-do-flamengo\/#primaryimage"},"thumbnailUrl":"https:\/\/www.gaveanews.com\/wp-content\/uploads\/tite-treino-flamengo-1-1.webp","datePublished":"2024-05-01T16:03:00+00:00","author":{"@id":"https:\/\/www.gaveanews.com\/#\/schema\/person\/fd07635ec039ec3ba74ad18ec8a6dbd6"},"breadcrumb":{"@id":"https:\/\/www.gaveanews.com\/index.php\/2024\/05\/01\/as-novas-mudancas-de-tite-no-time-do-flamengo\/#breadcrumb"},"inLanguage":"pt-BR","potentialAction":[{"@type":"ReadAction","target":["https:\/\/www.gaveanews.com\/index.php\/2024\/05\/01\/as-novas-mudancas-de-tite-no-time-do-flamengo\/"]}]},{"@type":"ImageObject","inLanguage":"pt-BR","@id":"https:\/\/www.gaveanews.com\/index.php\/2024\/05\/01\/as-novas-mudancas-de-tite-no-time-do-flamengo\/#primaryimage","url":"https:\/\/www.gaveanews.com\/wp-content\/uploads\/tite-treino-flamengo-1-1.webp","contentUrl":"https:\/\/www.gaveanews.com\/wp-content\/uploads\/tite-treino-flamengo-1-1.webp","width":900,"height":600,"caption":"Tite comanda treino do Flamengo (Foto: Gilvan de Souza\/Flamengo)"},{"@type":"BreadcrumbList","@id":"https:\/\/www.gaveanews.com\/index.php\/2024\/05\/01\/as-novas-mudancas-de-tite-no-time-do-flamengo\/#breadcrumb","itemListElement":[{"@type":"ListItem","position":1,"name":"Home","item":"https:\/\/www.gaveanews.com\/"},{"@type":"ListItem","position":2,"name":"As novas mudan\u00e7as de Tite no time do Flamengo"}]},{"@type":"WebSite","@id":"https:\/\/www.gaveanews.com\/#website","url":"https:\/\/www.gaveanews.com\/","name":"G\u00e1vea News","description":"Veja todas as not\u00edcias sobre o Flamengo: Contrata\u00e7\u00f5es, categorias de base, resultados das partidas, tabela de classifica\u00e7\u00e3o, pr\u00f3ximos jogos!","potentialAction":[{"@type":"SearchAction","target":{"@type":"EntryPoint","urlTemplate":"https:\/\/www.gaveanews.com\/?s={search_term_string}"},"query-input":{"@type":"PropertyValueSpecification","valueRequired":true,"valueName":"search_term_string"}}],"inLanguage":"pt-BR"},{"@type":"Person","@id":"https:\/\/www.gaveanews.com\/#\/schema\/person\/fd07635ec039ec3ba74ad18ec8a6dbd6","name":"Henrique Machado","image":{"@type":"ImageObject","inLanguage":"pt-BR","@id":"https:\/\/www.gaveanews.com\/#\/schema\/person\/image\/","url":"https:\/\/secure.gravatar.com\/avatar\/b95e35997e01d9800c1b6184bd79d4d898d370a3fce2584f5c77b907d5c7d9e9?s=96&d=mm&r=g","contentUrl":"https:\/\/secure.gravatar.com\/avatar\/b95e35997e01d9800c1b6184bd79d4d898d370a3fce2584f5c77b907d5c7d9e9?s=96&d=mm&r=g","caption":"Henrique Machado"}}]}},"_links":{"self":[{"href":"https:\/\/www.gaveanews.com\/index.php\/wp-json\/wp\/v2\/posts\/140614","targetHints":{"allow":["GET"]}}],"collection":[{"href":"https:\/\/www.gaveanews.com\/index.php\/wp-json\/wp\/v2\/posts"}],"about":[{"href":"https:\/\/www.gaveanews.com\/index.php\/wp-json\/wp\/v2\/types\/post"}],"author":[{"embeddable":true,"href":"https:\/\/www.gaveanews.com\/index.php\/wp-json\/wp\/v2\/users\/15"}],"replies":[{"embeddable":true,"href":"https:\/\/www.gaveanews.com\/index.php\/wp-json\/wp\/v2\/comments?post=140614"}],"version-history":[{"count":1,"href":"https:\/\/www.gaveanews.com\/index.php\/wp-json\/wp\/v2\/posts\/140614\/revisions"}],"predecessor-version":[{"id":140617,"href":"https:\/\/www.gaveanews.com\/index.php\/wp-json\/wp\/v2\/posts\/140614\/revisions\/140617"}],"wp:featuredmedia":[{"embeddable":true,"href":"https:\/\/www.gaveanews.com\/index.php\/wp-json\/wp\/v2\/media\/133049"}],"wp:attachment":[{"href":"https:\/\/www.gaveanews.com\/index.php\/wp-json\/wp\/v2\/media?parent=140614"}],"wp:term":[{"taxonomy":"category","embeddable":true,"href":"https:\/\/www.gaveanews.com\/index.php\/wp-json\/wp\/v2\/categories?post=140614"},{"taxonomy":"post_tag","embeddable":true,"href":"https:\/\/www.gaveanews.com\/index.php\/wp-json\/wp\/v2\/tags?post=140614"}],"curies":[{"name":"wp","href":"https:\/\/api.w.org\/{rel}","templated":true}]}}