{"id":140950,"date":"2024-05-02T21:52:40","date_gmt":"2024-05-03T00:52:40","guid":{"rendered":"https:\/\/www.gaveanews.com\/?p=140950"},"modified":"2024-05-02T21:52:47","modified_gmt":"2024-05-03T00:52:47","slug":"lancamento-conheca-o-suv-mais-barato-do-brasil","status":"publish","type":"post","link":"https:\/\/www.gaveanews.com\/index.php\/2024\/05\/02\/lancamento-conheca-o-suv-mais-barato-do-brasil\/","title":{"rendered":"Lan\u00e7amento: conhe\u00e7a o SUV mais barato do Brasil"},"content":{"rendered":"\n<p>O BYD Yuan Pro, uma adi\u00e7\u00e3o promissora ao segmento de SUVs el\u00e9tricos de entrada, est\u00e1 planejado para chegar ao mercado brasileiro at\u00e9 o fim de 2024. O modelo, que j\u00e1 \u00e9 uma sensa\u00e7\u00e3o no mercado chin\u00eas, traz expectativas altas devido \u00e0 sua combina\u00e7\u00e3o de pre\u00e7o acess\u00edvel e tecnologia avan\u00e7ada, alinhado \u00e0s tend\u00eancias globais de sustentabilidade e inova\u00e7\u00e3o.<\/p>\n\n\n\n<p>O design do Yuan Pro o coloca em paralelo com SUVs compactos populares no Brasil, como o Volkswagen T-Cross e o Nissan Kicks. Com dimens\u00f5es que incluem 4375 mm de comprimento, 1785 mm de largura e 1680 mm de altura, oferece um espa\u00e7o interno generoso e uma apar\u00eancia moderna e atraente para o p\u00fablico urbano.<\/p>\n\n\n\n<figure class=\"wp-block-embed is-type-photo is-provider-flickr wp-block-embed-flickr\"><div class=\"wp-block-embed__wrapper\">\n<a href=\"https:\/\/flic.kr\/p\/2pNHKFt\"><img loading=\"lazy\" decoding=\"async\" src=\"https:\/\/live.staticflickr.com\/65535\/53693603557_a8552a77e8_z.webp\" alt=\"BYD-Yuan-Up-Dolphin-SUV-3\" width=\"640\" height=\"384\" \/><\/a>\n<\/div><\/figure>\n\n\n\n<p>Equipado com um motor el\u00e9trico de 95 cavalos e torque de 180 Nm, o Yuan Pro destaca-se pela performance eficiente, capaz de atender \u00e0s demandas do dia a dia com uma bateria de 47,04 kWh que garante uma autonomia de at\u00e9 401 km sob o ciclo CLTC. Isso representa uma excelente op\u00e7\u00e3o para aqueles que buscam evitar frequentes visitas a postos de recarga.<\/p>\n\n\n\n<p>No interior, o ve\u00edculo surpreende com um quadro de instrumentos digital de 8,8 polegadas e uma tela girat\u00f3ria central de 12,8 polegadas, equipada com o sistema DiLink 4.0. A cabine combina sofistica\u00e7\u00e3o tecnol\u00f3gica com conforto, incluindo head-up display e console central com carregador por indu\u00e7\u00e3o, facilitando o acesso e controle dos sistemas sem desviar a aten\u00e7\u00e3o do tr\u00e2nsito.<\/p>\n\n\n\n<figure class=\"wp-block-embed is-type-photo is-provider-flickr wp-block-embed-flickr\"><div class=\"wp-block-embed__wrapper\">\n<a href=\"https:\/\/flic.kr\/p\/2pNHKFy\"><img loading=\"lazy\" decoding=\"async\" src=\"https:\/\/live.staticflickr.com\/65535\/53693603562_52dfc05944_z.webp\" alt=\"byd-yuan-up-2-1024x576\" width=\"640\" height=\"360\" \/><\/a>\n<\/div><\/figure>\n\n\n\n<p>A lista de equipamentos modernos promete elevar a experi\u00eancia de condu\u00e7\u00e3o ao pr\u00f3ximo n\u00edvel, garantindo n\u00e3o apenas conforto, mas tamb\u00e9m seguran\u00e7a e conectividade. Essas caracter\u00edsticas s\u00e3o essenciais para quem procura um ve\u00edculo que alia economia de combust\u00edvel a tecnologias avan\u00e7adas.<\/p>\n\n\n\n<p>Por fim, o valor estimado do BYD Yuan Pro, segundo fontes como Insideevs, dever\u00e1 ficar abaixo de R$ 200 mil no Brasil, tornando-se assim o SUV el\u00e9trico mais barato no pa\u00eds. Isso o torna uma op\u00e7\u00e3o competitiva e acess\u00edvel para muitos consumidores interessados na transi\u00e7\u00e3o para ve\u00edculos el\u00e9tricos.<\/p>\n\n\n\n<h2 class=\"wp-block-heading\" id=\"h-confira-mais-fotos-do-byd-yuan-pro\">Confira mais fotos do BYD Yuan Pro<\/h2>\n\n\n\n<figure class=\"wp-block-embed is-type-photo is-provider-flickr wp-block-embed-flickr\"><div class=\"wp-block-embed__wrapper\">\n<a href=\"https:\/\/flic.kr\/p\/2pNPp4L\"><img loading=\"lazy\" decoding=\"async\" src=\"https:\/\/live.staticflickr.com\/65535\/53694704878_cd7f81b298_z.webp\" alt=\"byd-yuan-up-1-1024x576\" width=\"640\" height=\"360\" \/><\/a>\n<\/div><\/figure>\n\n\n\n<figure class=\"wp-block-embed is-type-photo is-provider-flickr wp-block-embed-flickr\"><div class=\"wp-block-embed__wrapper\">\n<a href=\"https:\/\/flic.kr\/p\/2pNPwq9\"><img loading=\"lazy\" decoding=\"async\" src=\"https:\/\/live.staticflickr.com\/65535\/53694729608_eea6373c21_z.webp\" alt=\"imagem_2024-05-02_180722527\" width=\"640\" height=\"360\" \/><\/a>\n<\/div><\/figure>\n\n\n\n<figure class=\"wp-block-embed is-type-photo is-provider-flickr wp-block-embed-flickr\"><div class=\"wp-block-embed__wrapper\">\n<a href=\"https:\/\/flic.kr\/p\/2pNHTgZ\"><img loading=\"lazy\" decoding=\"async\" src=\"https:\/\/live.staticflickr.com\/65535\/53693629107_6963364feb_z.webp\" alt=\"imagem_2024-05-02_180812804\" width=\"640\" height=\"399\" \/><\/a>\n<\/div><\/figure>\n","protected":false},"excerpt":{"rendered":"<p>O BYD Yuan Pro, uma adi\u00e7\u00e3o promissora ao segmento de SUVs el\u00e9tricos de entrada, est\u00e1 planejado para chegar ao mercado brasileiro at\u00e9 o fim de 2024. O modelo, que j\u00e1 \u00e9 uma sensa\u00e7\u00e3o no mercado chin\u00eas, traz expectativas altas devido \u00e0 sua combina\u00e7\u00e3o de pre\u00e7o acess\u00edvel e tecnologia avan\u00e7ada, alinhado \u00e0s tend\u00eancias globais de sustentabilidade [&hellip;]<\/p>\n","protected":false},"author":15,"featured_media":140995,"comment_status":"open","ping_status":"closed","sticky":false,"template":"","format":"standard","meta":{"footnotes":""},"categories":[124,80],"tags":[],"class_list":["post-140950","post","type-post","status-publish","format-standard","has-post-thumbnail","hentry","category-byd","category-carros"],"yoast_head":"<!-- This site is optimized with the Yoast SEO Premium plugin v24.2 (Yoast SEO v26.9) - https:\/\/yoast.com\/product\/yoast-seo-premium-wordpress\/ -->\n<title>Lan\u00e7amento: conhe\u00e7a o SUV mais barato do Brasil<\/title>\n<meta name=\"robots\" content=\"index, follow, max-snippet:-1, max-image-preview:large, max-video-preview:-1\" \/>\n<link rel=\"canonical\" href=\"https:\/\/www.gaveanews.com\/index.php\/2024\/05\/02\/lancamento-conheca-o-suv-mais-barato-do-brasil\/\" \/>\n<meta property=\"og:locale\" content=\"pt_BR\" \/>\n<meta property=\"og:type\" content=\"article\" \/>\n<meta property=\"og:title\" content=\"Lan\u00e7amento: conhe\u00e7a o SUV mais barato do Brasil\" \/>\n<meta property=\"og:description\" content=\"O BYD Yuan Pro, uma adi\u00e7\u00e3o promissora ao segmento de SUVs el\u00e9tricos de entrada, est\u00e1 planejado para chegar ao mercado brasileiro at\u00e9 o fim de 2024. O modelo, que j\u00e1 \u00e9 uma sensa\u00e7\u00e3o no mercado chin\u00eas, traz expectativas altas devido \u00e0 sua combina\u00e7\u00e3o de pre\u00e7o acess\u00edvel e tecnologia avan\u00e7ada, alinhado \u00e0s tend\u00eancias globais de sustentabilidade [&hellip;]\" \/>\n<meta property=\"og:url\" content=\"https:\/\/www.gaveanews.com\/index.php\/2024\/05\/02\/lancamento-conheca-o-suv-mais-barato-do-brasil\/\" \/>\n<meta property=\"og:site_name\" content=\"G\u00e1vea News\" \/>\n<meta property=\"article:publisher\" content=\"https:\/\/facebook.com\/gaveaNews\/\" \/>\n<meta property=\"article:published_time\" content=\"2024-05-03T00:52:40+00:00\" \/>\n<meta property=\"article:modified_time\" content=\"2024-05-03T00:52:47+00:00\" \/>\n<meta property=\"og:image\" content=\"https:\/\/www.gaveanews.com\/wp-content\/uploads\/IMG-20240502-WA0017.webp\" \/>\n\t<meta property=\"og:image:width\" content=\"1536\" \/>\n\t<meta property=\"og:image:height\" content=\"1024\" \/>\n\t<meta property=\"og:image:type\" content=\"image\/jpeg\" \/>\n<meta name=\"author\" content=\"Henrique Machado\" \/>\n<meta name=\"twitter:card\" content=\"summary_large_image\" \/>\n<meta name=\"twitter:label1\" content=\"Escrito por\" \/>\n\t<meta name=\"twitter:data1\" content=\"Henrique Machado\" \/>\n\t<meta name=\"twitter:label2\" content=\"Est. tempo de leitura\" \/>\n\t<meta name=\"twitter:data2\" content=\"3 minutos\" \/>\n<script type=\"application\/ld+json\" class=\"yoast-schema-graph\">{\"@context\":\"https:\/\/schema.org\",\"@graph\":[{\"@type\":\"NewsArticle\",\"@id\":\"https:\/\/www.gaveanews.com\/index.php\/2024\/05\/02\/lancamento-conheca-o-suv-mais-barato-do-brasil\/#article\",\"isPartOf\":{\"@id\":\"https:\/\/www.gaveanews.com\/index.php\/2024\/05\/02\/lancamento-conheca-o-suv-mais-barato-do-brasil\/\"},\"author\":{\"name\":\"Henrique Machado\",\"@id\":\"https:\/\/www.gaveanews.com\/#\/schema\/person\/fd07635ec039ec3ba74ad18ec8a6dbd6\"},\"headline\":\"Lan\u00e7amento: conhe\u00e7a o SUV mais barato do Brasil\",\"datePublished\":\"2024-05-03T00:52:40+00:00\",\"dateModified\":\"2024-05-03T00:52:47+00:00\",\"mainEntityOfPage\":{\"@id\":\"https:\/\/www.gaveanews.com\/index.php\/2024\/05\/02\/lancamento-conheca-o-suv-mais-barato-do-brasil\/\"},\"wordCount\":392,\"commentCount\":0,\"image\":{\"@id\":\"https:\/\/www.gaveanews.com\/index.php\/2024\/05\/02\/lancamento-conheca-o-suv-mais-barato-do-brasil\/#primaryimage\"},\"thumbnailUrl\":\"https:\/\/www.gaveanews.com\/wp-content\/uploads\/IMG-20240502-WA0017.webp\",\"articleSection\":[\"BYD\",\"Carros\"],\"inLanguage\":\"pt-BR\",\"potentialAction\":[{\"@type\":\"CommentAction\",\"name\":\"Comment\",\"target\":[\"https:\/\/www.gaveanews.com\/index.php\/2024\/05\/02\/lancamento-conheca-o-suv-mais-barato-do-brasil\/#respond\"]}],\"copyrightYear\":\"2024\",\"copyrightHolder\":{\"@id\":\"https:\/\/www.gaveanews.com\/#organization\"}},{\"@type\":\"WebPage\",\"@id\":\"https:\/\/www.gaveanews.com\/index.php\/2024\/05\/02\/lancamento-conheca-o-suv-mais-barato-do-brasil\/\",\"url\":\"https:\/\/www.gaveanews.com\/index.php\/2024\/05\/02\/lancamento-conheca-o-suv-mais-barato-do-brasil\/\",\"name\":\"Lan\u00e7amento: conhe\u00e7a o SUV mais barato do Brasil\",\"isPartOf\":{\"@id\":\"https:\/\/www.gaveanews.com\/#website\"},\"primaryImageOfPage\":{\"@id\":\"https:\/\/www.gaveanews.com\/index.php\/2024\/05\/02\/lancamento-conheca-o-suv-mais-barato-do-brasil\/#primaryimage\"},\"image\":{\"@id\":\"https:\/\/www.gaveanews.com\/index.php\/2024\/05\/02\/lancamento-conheca-o-suv-mais-barato-do-brasil\/#primaryimage\"},\"thumbnailUrl\":\"https:\/\/www.gaveanews.com\/wp-content\/uploads\/IMG-20240502-WA0017.webp\",\"datePublished\":\"2024-05-03T00:52:40+00:00\",\"dateModified\":\"2024-05-03T00:52:47+00:00\",\"author\":{\"@id\":\"https:\/\/www.gaveanews.com\/#\/schema\/person\/fd07635ec039ec3ba74ad18ec8a6dbd6\"},\"breadcrumb\":{\"@id\":\"https:\/\/www.gaveanews.com\/index.php\/2024\/05\/02\/lancamento-conheca-o-suv-mais-barato-do-brasil\/#breadcrumb\"},\"inLanguage\":\"pt-BR\",\"potentialAction\":[{\"@type\":\"ReadAction\",\"target\":[\"https:\/\/www.gaveanews.com\/index.php\/2024\/05\/02\/lancamento-conheca-o-suv-mais-barato-do-brasil\/\"]}]},{\"@type\":\"ImageObject\",\"inLanguage\":\"pt-BR\",\"@id\":\"https:\/\/www.gaveanews.com\/index.php\/2024\/05\/02\/lancamento-conheca-o-suv-mais-barato-do-brasil\/#primaryimage\",\"url\":\"https:\/\/www.gaveanews.com\/wp-content\/uploads\/IMG-20240502-WA0017.webp\",\"contentUrl\":\"https:\/\/www.gaveanews.com\/wp-content\/uploads\/IMG-20240502-WA0017.webp\",\"width\":1536,\"height\":1024},{\"@type\":\"BreadcrumbList\",\"@id\":\"https:\/\/www.gaveanews.com\/index.php\/2024\/05\/02\/lancamento-conheca-o-suv-mais-barato-do-brasil\/#breadcrumb\",\"itemListElement\":[{\"@type\":\"ListItem\",\"position\":1,\"name\":\"Home\",\"item\":\"https:\/\/www.gaveanews.com\/\"},{\"@type\":\"ListItem\",\"position\":2,\"name\":\"Lan\u00e7amento: conhe\u00e7a o SUV mais barato do Brasil\"}]},{\"@type\":\"WebSite\",\"@id\":\"https:\/\/www.gaveanews.com\/#website\",\"url\":\"https:\/\/www.gaveanews.com\/\",\"name\":\"G\u00e1vea News\",\"description\":\"Veja todas as not\u00edcias sobre o Flamengo: Contrata\u00e7\u00f5es, categorias de base, resultados das partidas, tabela de classifica\u00e7\u00e3o, pr\u00f3ximos jogos!\",\"potentialAction\":[{\"@type\":\"SearchAction\",\"target\":{\"@type\":\"EntryPoint\",\"urlTemplate\":\"https:\/\/www.gaveanews.com\/?s={search_term_string}\"},\"query-input\":{\"@type\":\"PropertyValueSpecification\",\"valueRequired\":true,\"valueName\":\"search_term_string\"}}],\"inLanguage\":\"pt-BR\"},{\"@type\":\"Person\",\"@id\":\"https:\/\/www.gaveanews.com\/#\/schema\/person\/fd07635ec039ec3ba74ad18ec8a6dbd6\",\"name\":\"Henrique Machado\",\"image\":{\"@type\":\"ImageObject\",\"inLanguage\":\"pt-BR\",\"@id\":\"https:\/\/www.gaveanews.com\/#\/schema\/person\/image\/\",\"url\":\"https:\/\/secure.gravatar.com\/avatar\/b95e35997e01d9800c1b6184bd79d4d898d370a3fce2584f5c77b907d5c7d9e9?s=96&d=mm&r=g\",\"contentUrl\":\"https:\/\/secure.gravatar.com\/avatar\/b95e35997e01d9800c1b6184bd79d4d898d370a3fce2584f5c77b907d5c7d9e9?s=96&d=mm&r=g\",\"caption\":\"Henrique Machado\"}}]}<\/script>\n<!-- \/ Yoast SEO Premium plugin. -->","yoast_head_json":{"title":"Lan\u00e7amento: conhe\u00e7a o SUV mais barato do Brasil","robots":{"index":"index","follow":"follow","max-snippet":"max-snippet:-1","max-image-preview":"max-image-preview:large","max-video-preview":"max-video-preview:-1"},"canonical":"https:\/\/www.gaveanews.com\/index.php\/2024\/05\/02\/lancamento-conheca-o-suv-mais-barato-do-brasil\/","og_locale":"pt_BR","og_type":"article","og_title":"Lan\u00e7amento: conhe\u00e7a o SUV mais barato do Brasil","og_description":"O BYD Yuan Pro, uma adi\u00e7\u00e3o promissora ao segmento de SUVs el\u00e9tricos de entrada, est\u00e1 planejado para chegar ao mercado brasileiro at\u00e9 o fim de 2024. O modelo, que j\u00e1 \u00e9 uma sensa\u00e7\u00e3o no mercado chin\u00eas, traz expectativas altas devido \u00e0 sua combina\u00e7\u00e3o de pre\u00e7o acess\u00edvel e tecnologia avan\u00e7ada, alinhado \u00e0s tend\u00eancias globais de sustentabilidade [&hellip;]","og_url":"https:\/\/www.gaveanews.com\/index.php\/2024\/05\/02\/lancamento-conheca-o-suv-mais-barato-do-brasil\/","og_site_name":"G\u00e1vea News","article_publisher":"https:\/\/facebook.com\/gaveaNews\/","article_published_time":"2024-05-03T00:52:40+00:00","article_modified_time":"2024-05-03T00:52:47+00:00","og_image":[{"width":1536,"height":1024,"url":"https:\/\/www.gaveanews.com\/wp-content\/uploads\/IMG-20240502-WA0017.webp","type":"image\/jpeg"}],"author":"Henrique Machado","twitter_card":"summary_large_image","twitter_misc":{"Escrito por":"Henrique Machado","Est. tempo de leitura":"3 minutos"},"schema":{"@context":"https:\/\/schema.org","@graph":[{"@type":"NewsArticle","@id":"https:\/\/www.gaveanews.com\/index.php\/2024\/05\/02\/lancamento-conheca-o-suv-mais-barato-do-brasil\/#article","isPartOf":{"@id":"https:\/\/www.gaveanews.com\/index.php\/2024\/05\/02\/lancamento-conheca-o-suv-mais-barato-do-brasil\/"},"author":{"name":"Henrique Machado","@id":"https:\/\/www.gaveanews.com\/#\/schema\/person\/fd07635ec039ec3ba74ad18ec8a6dbd6"},"headline":"Lan\u00e7amento: conhe\u00e7a o SUV mais barato do Brasil","datePublished":"2024-05-03T00:52:40+00:00","dateModified":"2024-05-03T00:52:47+00:00","mainEntityOfPage":{"@id":"https:\/\/www.gaveanews.com\/index.php\/2024\/05\/02\/lancamento-conheca-o-suv-mais-barato-do-brasil\/"},"wordCount":392,"commentCount":0,"image":{"@id":"https:\/\/www.gaveanews.com\/index.php\/2024\/05\/02\/lancamento-conheca-o-suv-mais-barato-do-brasil\/#primaryimage"},"thumbnailUrl":"https:\/\/www.gaveanews.com\/wp-content\/uploads\/IMG-20240502-WA0017.webp","articleSection":["BYD","Carros"],"inLanguage":"pt-BR","potentialAction":[{"@type":"CommentAction","name":"Comment","target":["https:\/\/www.gaveanews.com\/index.php\/2024\/05\/02\/lancamento-conheca-o-suv-mais-barato-do-brasil\/#respond"]}],"copyrightYear":"2024","copyrightHolder":{"@id":"https:\/\/www.gaveanews.com\/#organization"}},{"@type":"WebPage","@id":"https:\/\/www.gaveanews.com\/index.php\/2024\/05\/02\/lancamento-conheca-o-suv-mais-barato-do-brasil\/","url":"https:\/\/www.gaveanews.com\/index.php\/2024\/05\/02\/lancamento-conheca-o-suv-mais-barato-do-brasil\/","name":"Lan\u00e7amento: conhe\u00e7a o SUV mais barato do Brasil","isPartOf":{"@id":"https:\/\/www.gaveanews.com\/#website"},"primaryImageOfPage":{"@id":"https:\/\/www.gaveanews.com\/index.php\/2024\/05\/02\/lancamento-conheca-o-suv-mais-barato-do-brasil\/#primaryimage"},"image":{"@id":"https:\/\/www.gaveanews.com\/index.php\/2024\/05\/02\/lancamento-conheca-o-suv-mais-barato-do-brasil\/#primaryimage"},"thumbnailUrl":"https:\/\/www.gaveanews.com\/wp-content\/uploads\/IMG-20240502-WA0017.webp","datePublished":"2024-05-03T00:52:40+00:00","dateModified":"2024-05-03T00:52:47+00:00","author":{"@id":"https:\/\/www.gaveanews.com\/#\/schema\/person\/fd07635ec039ec3ba74ad18ec8a6dbd6"},"breadcrumb":{"@id":"https:\/\/www.gaveanews.com\/index.php\/2024\/05\/02\/lancamento-conheca-o-suv-mais-barato-do-brasil\/#breadcrumb"},"inLanguage":"pt-BR","potentialAction":[{"@type":"ReadAction","target":["https:\/\/www.gaveanews.com\/index.php\/2024\/05\/02\/lancamento-conheca-o-suv-mais-barato-do-brasil\/"]}]},{"@type":"ImageObject","inLanguage":"pt-BR","@id":"https:\/\/www.gaveanews.com\/index.php\/2024\/05\/02\/lancamento-conheca-o-suv-mais-barato-do-brasil\/#primaryimage","url":"https:\/\/www.gaveanews.com\/wp-content\/uploads\/IMG-20240502-WA0017.webp","contentUrl":"https:\/\/www.gaveanews.com\/wp-content\/uploads\/IMG-20240502-WA0017.webp","width":1536,"height":1024},{"@type":"BreadcrumbList","@id":"https:\/\/www.gaveanews.com\/index.php\/2024\/05\/02\/lancamento-conheca-o-suv-mais-barato-do-brasil\/#breadcrumb","itemListElement":[{"@type":"ListItem","position":1,"name":"Home","item":"https:\/\/www.gaveanews.com\/"},{"@type":"ListItem","position":2,"name":"Lan\u00e7amento: conhe\u00e7a o SUV mais barato do Brasil"}]},{"@type":"WebSite","@id":"https:\/\/www.gaveanews.com\/#website","url":"https:\/\/www.gaveanews.com\/","name":"G\u00e1vea News","description":"Veja todas as not\u00edcias sobre o Flamengo: Contrata\u00e7\u00f5es, categorias de base, resultados das partidas, tabela de classifica\u00e7\u00e3o, pr\u00f3ximos jogos!","potentialAction":[{"@type":"SearchAction","target":{"@type":"EntryPoint","urlTemplate":"https:\/\/www.gaveanews.com\/?s={search_term_string}"},"query-input":{"@type":"PropertyValueSpecification","valueRequired":true,"valueName":"search_term_string"}}],"inLanguage":"pt-BR"},{"@type":"Person","@id":"https:\/\/www.gaveanews.com\/#\/schema\/person\/fd07635ec039ec3ba74ad18ec8a6dbd6","name":"Henrique Machado","image":{"@type":"ImageObject","inLanguage":"pt-BR","@id":"https:\/\/www.gaveanews.com\/#\/schema\/person\/image\/","url":"https:\/\/secure.gravatar.com\/avatar\/b95e35997e01d9800c1b6184bd79d4d898d370a3fce2584f5c77b907d5c7d9e9?s=96&d=mm&r=g","contentUrl":"https:\/\/secure.gravatar.com\/avatar\/b95e35997e01d9800c1b6184bd79d4d898d370a3fce2584f5c77b907d5c7d9e9?s=96&d=mm&r=g","caption":"Henrique Machado"}}]}},"_links":{"self":[{"href":"https:\/\/www.gaveanews.com\/index.php\/wp-json\/wp\/v2\/posts\/140950","targetHints":{"allow":["GET"]}}],"collection":[{"href":"https:\/\/www.gaveanews.com\/index.php\/wp-json\/wp\/v2\/posts"}],"about":[{"href":"https:\/\/www.gaveanews.com\/index.php\/wp-json\/wp\/v2\/types\/post"}],"author":[{"embeddable":true,"href":"https:\/\/www.gaveanews.com\/index.php\/wp-json\/wp\/v2\/users\/15"}],"replies":[{"embeddable":true,"href":"https:\/\/www.gaveanews.com\/index.php\/wp-json\/wp\/v2\/comments?post=140950"}],"version-history":[{"count":4,"href":"https:\/\/www.gaveanews.com\/index.php\/wp-json\/wp\/v2\/posts\/140950\/revisions"}],"predecessor-version":[{"id":140965,"href":"https:\/\/www.gaveanews.com\/index.php\/wp-json\/wp\/v2\/posts\/140950\/revisions\/140965"}],"wp:featuredmedia":[{"embeddable":true,"href":"https:\/\/www.gaveanews.com\/index.php\/wp-json\/wp\/v2\/media\/140995"}],"wp:attachment":[{"href":"https:\/\/www.gaveanews.com\/index.php\/wp-json\/wp\/v2\/media?parent=140950"}],"wp:term":[{"taxonomy":"category","embeddable":true,"href":"https:\/\/www.gaveanews.com\/index.php\/wp-json\/wp\/v2\/categories?post=140950"},{"taxonomy":"post_tag","embeddable":true,"href":"https:\/\/www.gaveanews.com\/index.php\/wp-json\/wp\/v2\/tags?post=140950"}],"curies":[{"name":"wp","href":"https:\/\/api.w.org\/{rel}","templated":true}]}}