{"id":141019,"date":"2024-05-02T22:22:10","date_gmt":"2024-05-03T01:22:10","guid":{"rendered":"https:\/\/www.gaveanews.com\/?p=141019"},"modified":"2024-05-02T22:22:13","modified_gmt":"2024-05-03T01:22:13","slug":"flamengo-pode-ganhar-mais-dois-desfalques","status":"publish","type":"post","link":"https:\/\/www.gaveanews.com\/index.php\/2024\/05\/02\/flamengo-pode-ganhar-mais-dois-desfalques\/","title":{"rendered":"Flamengo pode ganhar mais dois desfalques"},"content":{"rendered":"\n<p>O Flamengo retomou suas atividades na tarde de quinta-feira no Ninho do Urubu, ap\u00f3s conquistar uma vit\u00f3ria de 1 a 0 contra o Amazonas na Copa do Brasil. O foco agora se volta para o pr\u00f3ximo compromisso no Campeonato Brasileiro, onde enfrentar\u00e1 o Red Bull Bragantino neste s\u00e1bado.<\/p>\n\n\n\n<p>Durante a reapresenta\u00e7\u00e3o, a aten\u00e7\u00e3o estava voltada para Mat\u00edas Vi\u00f1a e Nico De la Cruz, que foram reavaliados devido a desconfortos musculares sentidos no jogo anterior. Ambos, contudo, parecem n\u00e3o ser motivo de preocupa\u00e7\u00e3o para a partida que se aproxima, segundo o departamento m\u00e9dico do clube.<\/p>\n\n\n\n<p>Por outro lado, o Flamengo n\u00e3o contar\u00e1 com Giorgian De Arrascaeta e Everton Cebolinha, ambos afastados por problemas musculares. Eles est\u00e3o em processo de recupera\u00e7\u00e3o e a expectativa \u00e9 que retornem ao campo no confronto contra o Palestino pela Libertadores, na pr\u00f3xima ter\u00e7a-feira. Erick Pulgar, com uma les\u00e3o no tornozelo esquerdo, tamb\u00e9m \u00e9 desfalque confirmado e s\u00f3 deve voltar a jogar em duas semanas.<\/p>\n\n\n\n<p>O t\u00e9cnico Tite tem dado especial aten\u00e7\u00e3o \u00e0 condi\u00e7\u00e3o f\u00edsica dos jogadores, implementando um controle rigoroso de minutos jogados para minimizar riscos de les\u00f5es. Este cuidado vem em um momento crucial, visto que o time busca reverter a recente falta de vit\u00f3rias no Brasileir\u00e3o, ap\u00f3s um empate com o Palmeiras e uma derrota para o Botafogo.<\/p>\n\n\n\n<p>Neste contexto, o Flamengo realiza seu \u00faltimo treino na manh\u00e3 de sexta antes de embarcar para S\u00e3o Paulo no fim da tarde. A partida contra o Bragantino ser\u00e1 realizada \u00e0s 18h30 (hor\u00e1rio de Bras\u00edlia) no est\u00e1dio Nabi Abi Chedid, e representa uma oportunidade para o Rubro-Negro melhorar sua posi\u00e7\u00e3o na tabela e retomar o caminho das vit\u00f3rias no campeonato nacional.<\/p>\n\n\n\n<h2 class=\"wp-block-heading\" id=\"h-fusca-chines-sera-vendido-no-brasil\">Fusca chin\u00eas ser\u00e1 vendido no Brasil<\/h2>\n\n\n\n<p>Al\u00e9m disso, o portal G\u00e1vea News tamb\u00e9m est\u00e1 produzindo conte\u00fados relacionados ao setor automotivo. Em outras palavras, se voc\u00ea deseja se manter bem informado sobre esse assunto,&nbsp;<a href=\"https:\/\/www.gaveanews.com\/index.php\/carros\/\">clique aqui para acessar exclusivamente as not\u00edcias dessa categoria.<\/a> Assim sendo, n\u00f3s publicamos duas not\u00edcias de destaque:&nbsp;<a href=\"https:\/\/www.gaveanews.com\/index.php\/2024\/04\/20\/carros-populares-com-manutencao-cara-e-complicada?utm_source=Recirculacao&amp;utm_medium=SubtituloFinalDaMateria&amp;utm_campaign=SubtituloFinalDaMateria\" target=\"_blank\" rel=\"noreferrer noopener\">Carros populares com manuten\u00e7\u00e3o cara e complicada<\/a>, e <a href=\"https:\/\/www.gaveanews.com\/index.php\/2024\/04\/19\/muito-moderno-fusca-alternativo-comecara-a-ser-vendido-no-brasil\/?utm_source=Recirculacao&amp;utm_medium=SubtituloFinalDaMateria&amp;utm_campaign=SubtituloFinalDaMateria\" target=\"_blank\" rel=\"noreferrer noopener\">Fusca \u2018alternativo\u2019 come\u00e7ar\u00e1 a ser vendido no Brasil (veja fotos).<\/a><\/p>\n","protected":false},"excerpt":{"rendered":"<p>O Flamengo retomou suas atividades na tarde de quinta-feira no Ninho do Urubu, ap\u00f3s conquistar uma vit\u00f3ria de 1 a 0 contra o Amazonas na Copa do Brasil. O foco agora se volta para o pr\u00f3ximo compromisso no Campeonato Brasileiro, onde enfrentar\u00e1 o Red Bull Bragantino neste s\u00e1bado. Durante a reapresenta\u00e7\u00e3o, a aten\u00e7\u00e3o estava voltada [&hellip;]<\/p>\n","protected":false},"author":1,"featured_media":52639,"comment_status":"open","ping_status":"closed","sticky":false,"template":"","format":"standard","meta":{"footnotes":""},"categories":[1],"tags":[],"class_list":["post-141019","post","type-post","status-publish","format-standard","has-post-thumbnail","hentry","category-flamengo"],"yoast_head":"<!-- This site is optimized with the Yoast SEO Premium plugin v24.2 (Yoast SEO v26.9) - https:\/\/yoast.com\/product\/yoast-seo-premium-wordpress\/ -->\n<title>Flamengo pode ganhar mais dois desfalques<\/title>\n<meta name=\"robots\" content=\"index, follow, max-snippet:-1, max-image-preview:large, max-video-preview:-1\" \/>\n<link rel=\"canonical\" href=\"https:\/\/www.gaveanews.com\/index.php\/2024\/05\/02\/flamengo-pode-ganhar-mais-dois-desfalques\/\" \/>\n<meta property=\"og:locale\" content=\"pt_BR\" \/>\n<meta property=\"og:type\" content=\"article\" \/>\n<meta property=\"og:title\" content=\"Flamengo pode ganhar mais dois desfalques\" \/>\n<meta property=\"og:description\" content=\"O Flamengo retomou suas atividades na tarde de quinta-feira no Ninho do Urubu, ap\u00f3s conquistar uma vit\u00f3ria de 1 a 0 contra o Amazonas na Copa do Brasil. O foco agora se volta para o pr\u00f3ximo compromisso no Campeonato Brasileiro, onde enfrentar\u00e1 o Red Bull Bragantino neste s\u00e1bado. Durante a reapresenta\u00e7\u00e3o, a aten\u00e7\u00e3o estava voltada [&hellip;]\" \/>\n<meta property=\"og:url\" content=\"https:\/\/www.gaveanews.com\/index.php\/2024\/05\/02\/flamengo-pode-ganhar-mais-dois-desfalques\/\" \/>\n<meta property=\"og:site_name\" content=\"G\u00e1vea News\" \/>\n<meta property=\"article:publisher\" content=\"https:\/\/facebook.com\/gaveaNews\/\" \/>\n<meta property=\"article:published_time\" content=\"2024-05-03T01:22:10+00:00\" \/>\n<meta property=\"article:modified_time\" content=\"2024-05-03T01:22:13+00:00\" \/>\n<meta property=\"og:image\" content=\"https:\/\/www.gaveanews.com\/wp-content\/uploads\/Marcio-Tannure-durante-coletiva-de-imprensa-no-Ninho-do-Urubu.webp\" \/>\n\t<meta property=\"og:image:width\" content=\"900\" \/>\n\t<meta property=\"og:image:height\" content=\"505\" \/>\n\t<meta property=\"og:image:type\" content=\"image\/png\" \/>\n<meta name=\"author\" content=\"Equipe G\u00e1vea News\" \/>\n<meta name=\"twitter:card\" content=\"summary_large_image\" \/>\n<meta name=\"twitter:label1\" content=\"Escrito por\" \/>\n\t<meta name=\"twitter:data1\" content=\"Equipe G\u00e1vea News\" \/>\n\t<meta name=\"twitter:label2\" content=\"Est. tempo de leitura\" \/>\n\t<meta name=\"twitter:data2\" content=\"3 minutos\" \/>\n<script type=\"application\/ld+json\" class=\"yoast-schema-graph\">{\"@context\":\"https:\/\/schema.org\",\"@graph\":[{\"@type\":\"NewsArticle\",\"@id\":\"https:\/\/www.gaveanews.com\/index.php\/2024\/05\/02\/flamengo-pode-ganhar-mais-dois-desfalques\/#article\",\"isPartOf\":{\"@id\":\"https:\/\/www.gaveanews.com\/index.php\/2024\/05\/02\/flamengo-pode-ganhar-mais-dois-desfalques\/\"},\"author\":{\"name\":\"Equipe G\u00e1vea News\",\"@id\":\"https:\/\/www.gaveanews.com\/#\/schema\/person\/2ec14f73fb96be2caf28f91afb14749d\"},\"headline\":\"Flamengo pode ganhar mais dois desfalques\",\"datePublished\":\"2024-05-03T01:22:10+00:00\",\"dateModified\":\"2024-05-03T01:22:13+00:00\",\"mainEntityOfPage\":{\"@id\":\"https:\/\/www.gaveanews.com\/index.php\/2024\/05\/02\/flamengo-pode-ganhar-mais-dois-desfalques\/\"},\"wordCount\":387,\"commentCount\":0,\"image\":{\"@id\":\"https:\/\/www.gaveanews.com\/index.php\/2024\/05\/02\/flamengo-pode-ganhar-mais-dois-desfalques\/#primaryimage\"},\"thumbnailUrl\":\"https:\/\/www.gaveanews.com\/wp-content\/uploads\/Marcio-Tannure-durante-coletiva-de-imprensa-no-Ninho-do-Urubu.webp\",\"articleSection\":[\"Flamengo\"],\"inLanguage\":\"pt-BR\",\"potentialAction\":[{\"@type\":\"CommentAction\",\"name\":\"Comment\",\"target\":[\"https:\/\/www.gaveanews.com\/index.php\/2024\/05\/02\/flamengo-pode-ganhar-mais-dois-desfalques\/#respond\"]}],\"copyrightYear\":\"2024\",\"copyrightHolder\":{\"@id\":\"https:\/\/www.gaveanews.com\/#organization\"}},{\"@type\":\"WebPage\",\"@id\":\"https:\/\/www.gaveanews.com\/index.php\/2024\/05\/02\/flamengo-pode-ganhar-mais-dois-desfalques\/\",\"url\":\"https:\/\/www.gaveanews.com\/index.php\/2024\/05\/02\/flamengo-pode-ganhar-mais-dois-desfalques\/\",\"name\":\"Flamengo pode ganhar mais dois desfalques\",\"isPartOf\":{\"@id\":\"https:\/\/www.gaveanews.com\/#website\"},\"primaryImageOfPage\":{\"@id\":\"https:\/\/www.gaveanews.com\/index.php\/2024\/05\/02\/flamengo-pode-ganhar-mais-dois-desfalques\/#primaryimage\"},\"image\":{\"@id\":\"https:\/\/www.gaveanews.com\/index.php\/2024\/05\/02\/flamengo-pode-ganhar-mais-dois-desfalques\/#primaryimage\"},\"thumbnailUrl\":\"https:\/\/www.gaveanews.com\/wp-content\/uploads\/Marcio-Tannure-durante-coletiva-de-imprensa-no-Ninho-do-Urubu.webp\",\"datePublished\":\"2024-05-03T01:22:10+00:00\",\"dateModified\":\"2024-05-03T01:22:13+00:00\",\"author\":{\"@id\":\"https:\/\/www.gaveanews.com\/#\/schema\/person\/2ec14f73fb96be2caf28f91afb14749d\"},\"breadcrumb\":{\"@id\":\"https:\/\/www.gaveanews.com\/index.php\/2024\/05\/02\/flamengo-pode-ganhar-mais-dois-desfalques\/#breadcrumb\"},\"inLanguage\":\"pt-BR\",\"potentialAction\":[{\"@type\":\"ReadAction\",\"target\":[\"https:\/\/www.gaveanews.com\/index.php\/2024\/05\/02\/flamengo-pode-ganhar-mais-dois-desfalques\/\"]}]},{\"@type\":\"ImageObject\",\"inLanguage\":\"pt-BR\",\"@id\":\"https:\/\/www.gaveanews.com\/index.php\/2024\/05\/02\/flamengo-pode-ganhar-mais-dois-desfalques\/#primaryimage\",\"url\":\"https:\/\/www.gaveanews.com\/wp-content\/uploads\/Marcio-Tannure-durante-coletiva-de-imprensa-no-Ninho-do-Urubu.webp\",\"contentUrl\":\"https:\/\/www.gaveanews.com\/wp-content\/uploads\/Marcio-Tannure-durante-coletiva-de-imprensa-no-Ninho-do-Urubu.webp\",\"width\":900,\"height\":505,\"caption\":\"M\u00e1rcio Tannure durante coletiva de imprensa no Ninho do Urubu (Foto: Reprodu\u00e7\u00e3o\/FlaTV)\"},{\"@type\":\"BreadcrumbList\",\"@id\":\"https:\/\/www.gaveanews.com\/index.php\/2024\/05\/02\/flamengo-pode-ganhar-mais-dois-desfalques\/#breadcrumb\",\"itemListElement\":[{\"@type\":\"ListItem\",\"position\":1,\"name\":\"Home\",\"item\":\"https:\/\/www.gaveanews.com\/\"},{\"@type\":\"ListItem\",\"position\":2,\"name\":\"Flamengo pode ganhar mais dois desfalques\"}]},{\"@type\":\"WebSite\",\"@id\":\"https:\/\/www.gaveanews.com\/#website\",\"url\":\"https:\/\/www.gaveanews.com\/\",\"name\":\"G\u00e1vea News\",\"description\":\"Veja todas as not\u00edcias sobre o Flamengo: Contrata\u00e7\u00f5es, categorias de base, resultados das partidas, tabela de classifica\u00e7\u00e3o, pr\u00f3ximos jogos!\",\"potentialAction\":[{\"@type\":\"SearchAction\",\"target\":{\"@type\":\"EntryPoint\",\"urlTemplate\":\"https:\/\/www.gaveanews.com\/?s={search_term_string}\"},\"query-input\":{\"@type\":\"PropertyValueSpecification\",\"valueRequired\":true,\"valueName\":\"search_term_string\"}}],\"inLanguage\":\"pt-BR\"},{\"@type\":\"Person\",\"@id\":\"https:\/\/www.gaveanews.com\/#\/schema\/person\/2ec14f73fb96be2caf28f91afb14749d\",\"name\":\"Equipe G\u00e1vea News\",\"image\":{\"@type\":\"ImageObject\",\"inLanguage\":\"pt-BR\",\"@id\":\"https:\/\/www.gaveanews.com\/#\/schema\/person\/image\/\",\"url\":\"https:\/\/secure.gravatar.com\/avatar\/1e1956f1facbffd3f8fa53a326721950116b3b9dc9bd44939c01180fd4a745a9?s=96&d=mm&r=g\",\"contentUrl\":\"https:\/\/secure.gravatar.com\/avatar\/1e1956f1facbffd3f8fa53a326721950116b3b9dc9bd44939c01180fd4a745a9?s=96&d=mm&r=g\",\"caption\":\"Equipe G\u00e1vea News\"}}]}<\/script>\n<!-- \/ Yoast SEO Premium plugin. -->","yoast_head_json":{"title":"Flamengo pode ganhar mais dois desfalques","robots":{"index":"index","follow":"follow","max-snippet":"max-snippet:-1","max-image-preview":"max-image-preview:large","max-video-preview":"max-video-preview:-1"},"canonical":"https:\/\/www.gaveanews.com\/index.php\/2024\/05\/02\/flamengo-pode-ganhar-mais-dois-desfalques\/","og_locale":"pt_BR","og_type":"article","og_title":"Flamengo pode ganhar mais dois desfalques","og_description":"O Flamengo retomou suas atividades na tarde de quinta-feira no Ninho do Urubu, ap\u00f3s conquistar uma vit\u00f3ria de 1 a 0 contra o Amazonas na Copa do Brasil. O foco agora se volta para o pr\u00f3ximo compromisso no Campeonato Brasileiro, onde enfrentar\u00e1 o Red Bull Bragantino neste s\u00e1bado. Durante a reapresenta\u00e7\u00e3o, a aten\u00e7\u00e3o estava voltada [&hellip;]","og_url":"https:\/\/www.gaveanews.com\/index.php\/2024\/05\/02\/flamengo-pode-ganhar-mais-dois-desfalques\/","og_site_name":"G\u00e1vea News","article_publisher":"https:\/\/facebook.com\/gaveaNews\/","article_published_time":"2024-05-03T01:22:10+00:00","article_modified_time":"2024-05-03T01:22:13+00:00","og_image":[{"width":900,"height":505,"url":"https:\/\/www.gaveanews.com\/wp-content\/uploads\/Marcio-Tannure-durante-coletiva-de-imprensa-no-Ninho-do-Urubu.webp","type":"image\/png"}],"author":"Equipe G\u00e1vea News","twitter_card":"summary_large_image","twitter_misc":{"Escrito por":"Equipe G\u00e1vea News","Est. tempo de leitura":"3 minutos"},"schema":{"@context":"https:\/\/schema.org","@graph":[{"@type":"NewsArticle","@id":"https:\/\/www.gaveanews.com\/index.php\/2024\/05\/02\/flamengo-pode-ganhar-mais-dois-desfalques\/#article","isPartOf":{"@id":"https:\/\/www.gaveanews.com\/index.php\/2024\/05\/02\/flamengo-pode-ganhar-mais-dois-desfalques\/"},"author":{"name":"Equipe G\u00e1vea News","@id":"https:\/\/www.gaveanews.com\/#\/schema\/person\/2ec14f73fb96be2caf28f91afb14749d"},"headline":"Flamengo pode ganhar mais dois desfalques","datePublished":"2024-05-03T01:22:10+00:00","dateModified":"2024-05-03T01:22:13+00:00","mainEntityOfPage":{"@id":"https:\/\/www.gaveanews.com\/index.php\/2024\/05\/02\/flamengo-pode-ganhar-mais-dois-desfalques\/"},"wordCount":387,"commentCount":0,"image":{"@id":"https:\/\/www.gaveanews.com\/index.php\/2024\/05\/02\/flamengo-pode-ganhar-mais-dois-desfalques\/#primaryimage"},"thumbnailUrl":"https:\/\/www.gaveanews.com\/wp-content\/uploads\/Marcio-Tannure-durante-coletiva-de-imprensa-no-Ninho-do-Urubu.webp","articleSection":["Flamengo"],"inLanguage":"pt-BR","potentialAction":[{"@type":"CommentAction","name":"Comment","target":["https:\/\/www.gaveanews.com\/index.php\/2024\/05\/02\/flamengo-pode-ganhar-mais-dois-desfalques\/#respond"]}],"copyrightYear":"2024","copyrightHolder":{"@id":"https:\/\/www.gaveanews.com\/#organization"}},{"@type":"WebPage","@id":"https:\/\/www.gaveanews.com\/index.php\/2024\/05\/02\/flamengo-pode-ganhar-mais-dois-desfalques\/","url":"https:\/\/www.gaveanews.com\/index.php\/2024\/05\/02\/flamengo-pode-ganhar-mais-dois-desfalques\/","name":"Flamengo pode ganhar mais dois desfalques","isPartOf":{"@id":"https:\/\/www.gaveanews.com\/#website"},"primaryImageOfPage":{"@id":"https:\/\/www.gaveanews.com\/index.php\/2024\/05\/02\/flamengo-pode-ganhar-mais-dois-desfalques\/#primaryimage"},"image":{"@id":"https:\/\/www.gaveanews.com\/index.php\/2024\/05\/02\/flamengo-pode-ganhar-mais-dois-desfalques\/#primaryimage"},"thumbnailUrl":"https:\/\/www.gaveanews.com\/wp-content\/uploads\/Marcio-Tannure-durante-coletiva-de-imprensa-no-Ninho-do-Urubu.webp","datePublished":"2024-05-03T01:22:10+00:00","dateModified":"2024-05-03T01:22:13+00:00","author":{"@id":"https:\/\/www.gaveanews.com\/#\/schema\/person\/2ec14f73fb96be2caf28f91afb14749d"},"breadcrumb":{"@id":"https:\/\/www.gaveanews.com\/index.php\/2024\/05\/02\/flamengo-pode-ganhar-mais-dois-desfalques\/#breadcrumb"},"inLanguage":"pt-BR","potentialAction":[{"@type":"ReadAction","target":["https:\/\/www.gaveanews.com\/index.php\/2024\/05\/02\/flamengo-pode-ganhar-mais-dois-desfalques\/"]}]},{"@type":"ImageObject","inLanguage":"pt-BR","@id":"https:\/\/www.gaveanews.com\/index.php\/2024\/05\/02\/flamengo-pode-ganhar-mais-dois-desfalques\/#primaryimage","url":"https:\/\/www.gaveanews.com\/wp-content\/uploads\/Marcio-Tannure-durante-coletiva-de-imprensa-no-Ninho-do-Urubu.webp","contentUrl":"https:\/\/www.gaveanews.com\/wp-content\/uploads\/Marcio-Tannure-durante-coletiva-de-imprensa-no-Ninho-do-Urubu.webp","width":900,"height":505,"caption":"M\u00e1rcio Tannure durante coletiva de imprensa no Ninho do Urubu (Foto: Reprodu\u00e7\u00e3o\/FlaTV)"},{"@type":"BreadcrumbList","@id":"https:\/\/www.gaveanews.com\/index.php\/2024\/05\/02\/flamengo-pode-ganhar-mais-dois-desfalques\/#breadcrumb","itemListElement":[{"@type":"ListItem","position":1,"name":"Home","item":"https:\/\/www.gaveanews.com\/"},{"@type":"ListItem","position":2,"name":"Flamengo pode ganhar mais dois desfalques"}]},{"@type":"WebSite","@id":"https:\/\/www.gaveanews.com\/#website","url":"https:\/\/www.gaveanews.com\/","name":"G\u00e1vea News","description":"Veja todas as not\u00edcias sobre o Flamengo: Contrata\u00e7\u00f5es, categorias de base, resultados das partidas, tabela de classifica\u00e7\u00e3o, pr\u00f3ximos jogos!","potentialAction":[{"@type":"SearchAction","target":{"@type":"EntryPoint","urlTemplate":"https:\/\/www.gaveanews.com\/?s={search_term_string}"},"query-input":{"@type":"PropertyValueSpecification","valueRequired":true,"valueName":"search_term_string"}}],"inLanguage":"pt-BR"},{"@type":"Person","@id":"https:\/\/www.gaveanews.com\/#\/schema\/person\/2ec14f73fb96be2caf28f91afb14749d","name":"Equipe G\u00e1vea News","image":{"@type":"ImageObject","inLanguage":"pt-BR","@id":"https:\/\/www.gaveanews.com\/#\/schema\/person\/image\/","url":"https:\/\/secure.gravatar.com\/avatar\/1e1956f1facbffd3f8fa53a326721950116b3b9dc9bd44939c01180fd4a745a9?s=96&d=mm&r=g","contentUrl":"https:\/\/secure.gravatar.com\/avatar\/1e1956f1facbffd3f8fa53a326721950116b3b9dc9bd44939c01180fd4a745a9?s=96&d=mm&r=g","caption":"Equipe G\u00e1vea News"}}]}},"_links":{"self":[{"href":"https:\/\/www.gaveanews.com\/index.php\/wp-json\/wp\/v2\/posts\/141019","targetHints":{"allow":["GET"]}}],"collection":[{"href":"https:\/\/www.gaveanews.com\/index.php\/wp-json\/wp\/v2\/posts"}],"about":[{"href":"https:\/\/www.gaveanews.com\/index.php\/wp-json\/wp\/v2\/types\/post"}],"author":[{"embeddable":true,"href":"https:\/\/www.gaveanews.com\/index.php\/wp-json\/wp\/v2\/users\/1"}],"replies":[{"embeddable":true,"href":"https:\/\/www.gaveanews.com\/index.php\/wp-json\/wp\/v2\/comments?post=141019"}],"version-history":[{"count":1,"href":"https:\/\/www.gaveanews.com\/index.php\/wp-json\/wp\/v2\/posts\/141019\/revisions"}],"predecessor-version":[{"id":141022,"href":"https:\/\/www.gaveanews.com\/index.php\/wp-json\/wp\/v2\/posts\/141019\/revisions\/141022"}],"wp:featuredmedia":[{"embeddable":true,"href":"https:\/\/www.gaveanews.com\/index.php\/wp-json\/wp\/v2\/media\/52639"}],"wp:attachment":[{"href":"https:\/\/www.gaveanews.com\/index.php\/wp-json\/wp\/v2\/media?parent=141019"}],"wp:term":[{"taxonomy":"category","embeddable":true,"href":"https:\/\/www.gaveanews.com\/index.php\/wp-json\/wp\/v2\/categories?post=141019"},{"taxonomy":"post_tag","embeddable":true,"href":"https:\/\/www.gaveanews.com\/index.php\/wp-json\/wp\/v2\/tags?post=141019"}],"curies":[{"name":"wp","href":"https:\/\/api.w.org\/{rel}","templated":true}]}}