{"id":141762,"date":"2024-05-06T19:16:29","date_gmt":"2024-05-06T22:16:29","guid":{"rendered":"https:\/\/www.gaveanews.com\/?p=141762"},"modified":"2024-05-06T19:16:31","modified_gmt":"2024-05-06T22:16:31","slug":"gigante-europeu-se-arrepende-de-nao-ter-contratado-cria-do-flamengo","status":"publish","type":"post","link":"https:\/\/www.gaveanews.com\/index.php\/2024\/05\/06\/gigante-europeu-se-arrepende-de-nao-ter-contratado-cria-do-flamengo\/","title":{"rendered":"Gigante europeu se arrepende de n\u00e3o ter contratado cria do Flamengo"},"content":{"rendered":"\n<p>Rodrigo Muniz, um nome em ascens\u00e3o no mundo do futebol, deu seus primeiros passos nas categorias de base do Flamengo. Seu talento como finalizador rapidamente chamou a aten\u00e7\u00e3o dos treinadores, e logo ele foi promovido ao time profissional do clube.<\/p>\n\n\n\n<p>No Campeonato Carioca e na S\u00e9rie A do Campeonato Brasileiro, Muniz demonstrou suas habilidades, combinando t\u00e9cnica, for\u00e7a f\u00edsica e um excelente posicionamento na \u00e1rea, tornando-se uma pe\u00e7a valiosa no ataque flamenguista.<\/p>\n\n\n\n<p>Em 2021, o Fulham, da Inglaterra, fez um investimento ao contratar o jovem atacante. Essa transfer\u00eancia representou um passo importante na carreira de Muniz, proporcionando-lhe a oportunidade de competir em um dos cen\u00e1rios mais exigentes do futebol mundial.<\/p>\n\n\n\n<figure class=\"wp-block-image size-full\"><img loading=\"lazy\" decoding=\"async\" width=\"800\" height=\"533\" src=\"https:\/\/www.gaveanews.com\/wp-content\/uploads\/Muniz-sorri-apos-marcar-um-gol-para-o-Flamengo-durante-o-jogo-contra-o-Macae-no-Campeonato-Carioca-de-2021.webp\" alt=\"\" class=\"wp-image-57238\" srcset=\"https:\/\/www.gaveanews.com\/wp-content\/uploads\/Muniz-sorri-apos-marcar-um-gol-para-o-Flamengo-durante-o-jogo-contra-o-Macae-no-Campeonato-Carioca-de-2021.webp 800w, https:\/\/www.gaveanews.com\/wp-content\/uploads\/Muniz-sorri-apos-marcar-um-gol-para-o-Flamengo-durante-o-jogo-contra-o-Macae-no-Campeonato-Carioca-de-2021-300x200.webp 300w, https:\/\/www.gaveanews.com\/wp-content\/uploads\/Muniz-sorri-apos-marcar-um-gol-para-o-Flamengo-durante-o-jogo-contra-o-Macae-no-Campeonato-Carioca-de-2021-768x512.webp 768w, https:\/\/www.gaveanews.com\/wp-content\/uploads\/Muniz-sorri-apos-marcar-um-gol-para-o-Flamengo-durante-o-jogo-contra-o-Macae-no-Campeonato-Carioca-de-2021-630x420.webp 630w, https:\/\/www.gaveanews.com\/wp-content\/uploads\/Muniz-sorri-apos-marcar-um-gol-para-o-Flamengo-durante-o-jogo-contra-o-Macae-no-Campeonato-Carioca-de-2021-640x426.webp 640w, https:\/\/www.gaveanews.com\/wp-content\/uploads\/Muniz-sorri-apos-marcar-um-gol-para-o-Flamengo-durante-o-jogo-contra-o-Macae-no-Campeonato-Carioca-de-2021-681x454.webp 681w, https:\/\/www.gaveanews.com\/wp-content\/uploads\/Muniz-sorri-apos-marcar-um-gol-para-o-Flamengo-durante-o-jogo-contra-o-Macae-no-Campeonato-Carioca-de-2021-100x67.webp 100w\" sizes=\"auto, (max-width: 800px) 100vw, 800px\" \/><figcaption class=\"wp-element-caption\">Muniz sorri ap\u00f3s marcar um gol para o Flamengo durante o jogo contra o Maca\u00e9 no Campeonato Carioca de 2021 (Foto: Marcelo Cortez\/Flamengo)<\/figcaption><\/figure>\n\n\n\n<p>Seu desempenho na Premier League tem sido not\u00e1vel, com Muniz contribuindo com gols que t\u00eam sido fundamentais para manter o Fulham fora da zona de rebaixamento. Com duas rodadas restantes na competi\u00e7\u00e3o, o time est\u00e1 atualmente na d\u00e9cima terceira posi\u00e7\u00e3o, com 44 pontos.<\/p>\n\n\n\n<p>Segundo o jornal Sport Witness, o Atl\u00e9tico de Madrid lamentou n\u00e3o ter contratado o jogador brasileiro em janeiro deste ano. Na \u00e9poca, o Fulham estava disposto a aceitar 8 milh\u00f5es de euros (aproximadamente 43 milh\u00f5es de reais). No entanto, com a ascens\u00e3o de Rodrigo Muniz na Premier League, o jogador agora \u00e9 considerado inegoci\u00e1vel.<\/p>\n\n\n\n<p>Al\u00e9m disso, o Flamengo, detentor de 20% dos direitos do jogador, est\u00e1 de olho em seu crescimento na Europa, visando a possibilidade de receber uma quantia substancial em uma eventual futura transfer\u00eancia. Com o mercado aquecido e o sucesso de Muniz no Fulham, especula-se que uma quantia generosa poderia chegar aos cofres do clube carioca.<\/p>\n","protected":false},"excerpt":{"rendered":"<p>Rodrigo Muniz, um nome em ascens\u00e3o no mundo do futebol, deu seus primeiros passos nas categorias de base do Flamengo. Seu talento como finalizador rapidamente chamou a aten\u00e7\u00e3o dos treinadores, e logo ele foi promovido ao time profissional do clube. No Campeonato Carioca e na S\u00e9rie A do Campeonato Brasileiro, Muniz demonstrou suas habilidades, combinando [&hellip;]<\/p>\n","protected":false},"author":15,"featured_media":123691,"comment_status":"open","ping_status":"closed","sticky":false,"template":"","format":"standard","meta":{"footnotes":""},"categories":[1,161],"tags":[],"class_list":["post-141762","post","type-post","status-publish","format-standard","has-post-thumbnail","hentry","category-flamengo","category-fulham"],"yoast_head":"<!-- This site is optimized with the Yoast SEO Premium plugin v24.2 (Yoast SEO v26.9) - https:\/\/yoast.com\/product\/yoast-seo-premium-wordpress\/ -->\n<title>Gigante europeu se arrepende de n\u00e3o ter contratado cria do Flamengo<\/title>\n<meta name=\"robots\" content=\"index, follow, max-snippet:-1, max-image-preview:large, max-video-preview:-1\" \/>\n<link rel=\"canonical\" href=\"https:\/\/www.gaveanews.com\/index.php\/2024\/05\/06\/gigante-europeu-se-arrepende-de-nao-ter-contratado-cria-do-flamengo\/\" \/>\n<meta property=\"og:locale\" content=\"pt_BR\" \/>\n<meta property=\"og:type\" content=\"article\" \/>\n<meta property=\"og:title\" content=\"Gigante europeu se arrepende de n\u00e3o ter contratado cria do Flamengo\" \/>\n<meta property=\"og:description\" content=\"Rodrigo Muniz, um nome em ascens\u00e3o no mundo do futebol, deu seus primeiros passos nas categorias de base do Flamengo. Seu talento como finalizador rapidamente chamou a aten\u00e7\u00e3o dos treinadores, e logo ele foi promovido ao time profissional do clube. No Campeonato Carioca e na S\u00e9rie A do Campeonato Brasileiro, Muniz demonstrou suas habilidades, combinando [&hellip;]\" \/>\n<meta property=\"og:url\" content=\"https:\/\/www.gaveanews.com\/index.php\/2024\/05\/06\/gigante-europeu-se-arrepende-de-nao-ter-contratado-cria-do-flamengo\/\" \/>\n<meta property=\"og:site_name\" content=\"G\u00e1vea News\" \/>\n<meta property=\"article:publisher\" content=\"https:\/\/facebook.com\/gaveaNews\/\" \/>\n<meta property=\"article:published_time\" content=\"2024-05-06T22:16:29+00:00\" \/>\n<meta property=\"article:modified_time\" content=\"2024-05-06T22:16:31+00:00\" \/>\n<meta property=\"og:image\" content=\"https:\/\/www.gaveanews.com\/wp-content\/uploads\/flamengo.webp\" \/>\n\t<meta property=\"og:image:width\" content=\"799\" \/>\n\t<meta property=\"og:image:height\" content=\"532\" \/>\n\t<meta property=\"og:image:type\" content=\"image\/webp\" \/>\n<meta name=\"author\" content=\"Henrique Machado\" \/>\n<meta name=\"twitter:card\" content=\"summary_large_image\" \/>\n<meta name=\"twitter:label1\" content=\"Escrito por\" \/>\n\t<meta name=\"twitter:data1\" content=\"Henrique Machado\" \/>\n\t<meta name=\"twitter:label2\" content=\"Est. tempo de leitura\" \/>\n\t<meta name=\"twitter:data2\" content=\"2 minutos\" \/>\n<script type=\"application\/ld+json\" class=\"yoast-schema-graph\">{\"@context\":\"https:\/\/schema.org\",\"@graph\":[{\"@type\":\"NewsArticle\",\"@id\":\"https:\/\/www.gaveanews.com\/index.php\/2024\/05\/06\/gigante-europeu-se-arrepende-de-nao-ter-contratado-cria-do-flamengo\/#article\",\"isPartOf\":{\"@id\":\"https:\/\/www.gaveanews.com\/index.php\/2024\/05\/06\/gigante-europeu-se-arrepende-de-nao-ter-contratado-cria-do-flamengo\/\"},\"author\":{\"name\":\"Henrique Machado\",\"@id\":\"https:\/\/www.gaveanews.com\/#\/schema\/person\/fd07635ec039ec3ba74ad18ec8a6dbd6\"},\"headline\":\"Gigante europeu se arrepende de n\u00e3o ter contratado cria do Flamengo\",\"datePublished\":\"2024-05-06T22:16:29+00:00\",\"dateModified\":\"2024-05-06T22:16:31+00:00\",\"mainEntityOfPage\":{\"@id\":\"https:\/\/www.gaveanews.com\/index.php\/2024\/05\/06\/gigante-europeu-se-arrepende-de-nao-ter-contratado-cria-do-flamengo\/\"},\"wordCount\":313,\"commentCount\":0,\"image\":{\"@id\":\"https:\/\/www.gaveanews.com\/index.php\/2024\/05\/06\/gigante-europeu-se-arrepende-de-nao-ter-contratado-cria-do-flamengo\/#primaryimage\"},\"thumbnailUrl\":\"https:\/\/www.gaveanews.com\/wp-content\/uploads\/flamengo.webp\",\"articleSection\":[\"Flamengo\",\"Fulham\"],\"inLanguage\":\"pt-BR\",\"potentialAction\":[{\"@type\":\"CommentAction\",\"name\":\"Comment\",\"target\":[\"https:\/\/www.gaveanews.com\/index.php\/2024\/05\/06\/gigante-europeu-se-arrepende-de-nao-ter-contratado-cria-do-flamengo\/#respond\"]}],\"copyrightYear\":\"2024\",\"copyrightHolder\":{\"@id\":\"https:\/\/www.gaveanews.com\/#organization\"}},{\"@type\":\"WebPage\",\"@id\":\"https:\/\/www.gaveanews.com\/index.php\/2024\/05\/06\/gigante-europeu-se-arrepende-de-nao-ter-contratado-cria-do-flamengo\/\",\"url\":\"https:\/\/www.gaveanews.com\/index.php\/2024\/05\/06\/gigante-europeu-se-arrepende-de-nao-ter-contratado-cria-do-flamengo\/\",\"name\":\"Gigante europeu se arrepende de n\u00e3o ter contratado cria do Flamengo\",\"isPartOf\":{\"@id\":\"https:\/\/www.gaveanews.com\/#website\"},\"primaryImageOfPage\":{\"@id\":\"https:\/\/www.gaveanews.com\/index.php\/2024\/05\/06\/gigante-europeu-se-arrepende-de-nao-ter-contratado-cria-do-flamengo\/#primaryimage\"},\"image\":{\"@id\":\"https:\/\/www.gaveanews.com\/index.php\/2024\/05\/06\/gigante-europeu-se-arrepende-de-nao-ter-contratado-cria-do-flamengo\/#primaryimage\"},\"thumbnailUrl\":\"https:\/\/www.gaveanews.com\/wp-content\/uploads\/flamengo.webp\",\"datePublished\":\"2024-05-06T22:16:29+00:00\",\"dateModified\":\"2024-05-06T22:16:31+00:00\",\"author\":{\"@id\":\"https:\/\/www.gaveanews.com\/#\/schema\/person\/fd07635ec039ec3ba74ad18ec8a6dbd6\"},\"breadcrumb\":{\"@id\":\"https:\/\/www.gaveanews.com\/index.php\/2024\/05\/06\/gigante-europeu-se-arrepende-de-nao-ter-contratado-cria-do-flamengo\/#breadcrumb\"},\"inLanguage\":\"pt-BR\",\"potentialAction\":[{\"@type\":\"ReadAction\",\"target\":[\"https:\/\/www.gaveanews.com\/index.php\/2024\/05\/06\/gigante-europeu-se-arrepende-de-nao-ter-contratado-cria-do-flamengo\/\"]}]},{\"@type\":\"ImageObject\",\"inLanguage\":\"pt-BR\",\"@id\":\"https:\/\/www.gaveanews.com\/index.php\/2024\/05\/06\/gigante-europeu-se-arrepende-de-nao-ter-contratado-cria-do-flamengo\/#primaryimage\",\"url\":\"https:\/\/www.gaveanews.com\/wp-content\/uploads\/flamengo.webp\",\"contentUrl\":\"https:\/\/www.gaveanews.com\/wp-content\/uploads\/flamengo.webp\",\"width\":799,\"height\":532,\"caption\":\"Centro de treinamento do Flamengo (Foto: Reprodu\u00e7\u00e3o)\"},{\"@type\":\"BreadcrumbList\",\"@id\":\"https:\/\/www.gaveanews.com\/index.php\/2024\/05\/06\/gigante-europeu-se-arrepende-de-nao-ter-contratado-cria-do-flamengo\/#breadcrumb\",\"itemListElement\":[{\"@type\":\"ListItem\",\"position\":1,\"name\":\"Home\",\"item\":\"https:\/\/www.gaveanews.com\/\"},{\"@type\":\"ListItem\",\"position\":2,\"name\":\"Gigante europeu se arrepende de n\u00e3o ter contratado cria do Flamengo\"}]},{\"@type\":\"WebSite\",\"@id\":\"https:\/\/www.gaveanews.com\/#website\",\"url\":\"https:\/\/www.gaveanews.com\/\",\"name\":\"G\u00e1vea News\",\"description\":\"Veja todas as not\u00edcias sobre o Flamengo: Contrata\u00e7\u00f5es, categorias de base, resultados das partidas, tabela de classifica\u00e7\u00e3o, pr\u00f3ximos jogos!\",\"potentialAction\":[{\"@type\":\"SearchAction\",\"target\":{\"@type\":\"EntryPoint\",\"urlTemplate\":\"https:\/\/www.gaveanews.com\/?s={search_term_string}\"},\"query-input\":{\"@type\":\"PropertyValueSpecification\",\"valueRequired\":true,\"valueName\":\"search_term_string\"}}],\"inLanguage\":\"pt-BR\"},{\"@type\":\"Person\",\"@id\":\"https:\/\/www.gaveanews.com\/#\/schema\/person\/fd07635ec039ec3ba74ad18ec8a6dbd6\",\"name\":\"Henrique Machado\",\"image\":{\"@type\":\"ImageObject\",\"inLanguage\":\"pt-BR\",\"@id\":\"https:\/\/www.gaveanews.com\/#\/schema\/person\/image\/\",\"url\":\"https:\/\/secure.gravatar.com\/avatar\/b95e35997e01d9800c1b6184bd79d4d898d370a3fce2584f5c77b907d5c7d9e9?s=96&d=mm&r=g\",\"contentUrl\":\"https:\/\/secure.gravatar.com\/avatar\/b95e35997e01d9800c1b6184bd79d4d898d370a3fce2584f5c77b907d5c7d9e9?s=96&d=mm&r=g\",\"caption\":\"Henrique Machado\"}}]}<\/script>\n<!-- \/ Yoast SEO Premium plugin. -->","yoast_head_json":{"title":"Gigante europeu se arrepende de n\u00e3o ter contratado cria do Flamengo","robots":{"index":"index","follow":"follow","max-snippet":"max-snippet:-1","max-image-preview":"max-image-preview:large","max-video-preview":"max-video-preview:-1"},"canonical":"https:\/\/www.gaveanews.com\/index.php\/2024\/05\/06\/gigante-europeu-se-arrepende-de-nao-ter-contratado-cria-do-flamengo\/","og_locale":"pt_BR","og_type":"article","og_title":"Gigante europeu se arrepende de n\u00e3o ter contratado cria do Flamengo","og_description":"Rodrigo Muniz, um nome em ascens\u00e3o no mundo do futebol, deu seus primeiros passos nas categorias de base do Flamengo. Seu talento como finalizador rapidamente chamou a aten\u00e7\u00e3o dos treinadores, e logo ele foi promovido ao time profissional do clube. No Campeonato Carioca e na S\u00e9rie A do Campeonato Brasileiro, Muniz demonstrou suas habilidades, combinando [&hellip;]","og_url":"https:\/\/www.gaveanews.com\/index.php\/2024\/05\/06\/gigante-europeu-se-arrepende-de-nao-ter-contratado-cria-do-flamengo\/","og_site_name":"G\u00e1vea News","article_publisher":"https:\/\/facebook.com\/gaveaNews\/","article_published_time":"2024-05-06T22:16:29+00:00","article_modified_time":"2024-05-06T22:16:31+00:00","og_image":[{"width":799,"height":532,"url":"https:\/\/www.gaveanews.com\/wp-content\/uploads\/flamengo.webp","type":"image\/webp"}],"author":"Henrique Machado","twitter_card":"summary_large_image","twitter_misc":{"Escrito por":"Henrique Machado","Est. tempo de leitura":"2 minutos"},"schema":{"@context":"https:\/\/schema.org","@graph":[{"@type":"NewsArticle","@id":"https:\/\/www.gaveanews.com\/index.php\/2024\/05\/06\/gigante-europeu-se-arrepende-de-nao-ter-contratado-cria-do-flamengo\/#article","isPartOf":{"@id":"https:\/\/www.gaveanews.com\/index.php\/2024\/05\/06\/gigante-europeu-se-arrepende-de-nao-ter-contratado-cria-do-flamengo\/"},"author":{"name":"Henrique Machado","@id":"https:\/\/www.gaveanews.com\/#\/schema\/person\/fd07635ec039ec3ba74ad18ec8a6dbd6"},"headline":"Gigante europeu se arrepende de n\u00e3o ter contratado cria do Flamengo","datePublished":"2024-05-06T22:16:29+00:00","dateModified":"2024-05-06T22:16:31+00:00","mainEntityOfPage":{"@id":"https:\/\/www.gaveanews.com\/index.php\/2024\/05\/06\/gigante-europeu-se-arrepende-de-nao-ter-contratado-cria-do-flamengo\/"},"wordCount":313,"commentCount":0,"image":{"@id":"https:\/\/www.gaveanews.com\/index.php\/2024\/05\/06\/gigante-europeu-se-arrepende-de-nao-ter-contratado-cria-do-flamengo\/#primaryimage"},"thumbnailUrl":"https:\/\/www.gaveanews.com\/wp-content\/uploads\/flamengo.webp","articleSection":["Flamengo","Fulham"],"inLanguage":"pt-BR","potentialAction":[{"@type":"CommentAction","name":"Comment","target":["https:\/\/www.gaveanews.com\/index.php\/2024\/05\/06\/gigante-europeu-se-arrepende-de-nao-ter-contratado-cria-do-flamengo\/#respond"]}],"copyrightYear":"2024","copyrightHolder":{"@id":"https:\/\/www.gaveanews.com\/#organization"}},{"@type":"WebPage","@id":"https:\/\/www.gaveanews.com\/index.php\/2024\/05\/06\/gigante-europeu-se-arrepende-de-nao-ter-contratado-cria-do-flamengo\/","url":"https:\/\/www.gaveanews.com\/index.php\/2024\/05\/06\/gigante-europeu-se-arrepende-de-nao-ter-contratado-cria-do-flamengo\/","name":"Gigante europeu se arrepende de n\u00e3o ter contratado cria do Flamengo","isPartOf":{"@id":"https:\/\/www.gaveanews.com\/#website"},"primaryImageOfPage":{"@id":"https:\/\/www.gaveanews.com\/index.php\/2024\/05\/06\/gigante-europeu-se-arrepende-de-nao-ter-contratado-cria-do-flamengo\/#primaryimage"},"image":{"@id":"https:\/\/www.gaveanews.com\/index.php\/2024\/05\/06\/gigante-europeu-se-arrepende-de-nao-ter-contratado-cria-do-flamengo\/#primaryimage"},"thumbnailUrl":"https:\/\/www.gaveanews.com\/wp-content\/uploads\/flamengo.webp","datePublished":"2024-05-06T22:16:29+00:00","dateModified":"2024-05-06T22:16:31+00:00","author":{"@id":"https:\/\/www.gaveanews.com\/#\/schema\/person\/fd07635ec039ec3ba74ad18ec8a6dbd6"},"breadcrumb":{"@id":"https:\/\/www.gaveanews.com\/index.php\/2024\/05\/06\/gigante-europeu-se-arrepende-de-nao-ter-contratado-cria-do-flamengo\/#breadcrumb"},"inLanguage":"pt-BR","potentialAction":[{"@type":"ReadAction","target":["https:\/\/www.gaveanews.com\/index.php\/2024\/05\/06\/gigante-europeu-se-arrepende-de-nao-ter-contratado-cria-do-flamengo\/"]}]},{"@type":"ImageObject","inLanguage":"pt-BR","@id":"https:\/\/www.gaveanews.com\/index.php\/2024\/05\/06\/gigante-europeu-se-arrepende-de-nao-ter-contratado-cria-do-flamengo\/#primaryimage","url":"https:\/\/www.gaveanews.com\/wp-content\/uploads\/flamengo.webp","contentUrl":"https:\/\/www.gaveanews.com\/wp-content\/uploads\/flamengo.webp","width":799,"height":532,"caption":"Centro de treinamento do Flamengo (Foto: Reprodu\u00e7\u00e3o)"},{"@type":"BreadcrumbList","@id":"https:\/\/www.gaveanews.com\/index.php\/2024\/05\/06\/gigante-europeu-se-arrepende-de-nao-ter-contratado-cria-do-flamengo\/#breadcrumb","itemListElement":[{"@type":"ListItem","position":1,"name":"Home","item":"https:\/\/www.gaveanews.com\/"},{"@type":"ListItem","position":2,"name":"Gigante europeu se arrepende de n\u00e3o ter contratado cria do Flamengo"}]},{"@type":"WebSite","@id":"https:\/\/www.gaveanews.com\/#website","url":"https:\/\/www.gaveanews.com\/","name":"G\u00e1vea News","description":"Veja todas as not\u00edcias sobre o Flamengo: Contrata\u00e7\u00f5es, categorias de base, resultados das partidas, tabela de classifica\u00e7\u00e3o, pr\u00f3ximos jogos!","potentialAction":[{"@type":"SearchAction","target":{"@type":"EntryPoint","urlTemplate":"https:\/\/www.gaveanews.com\/?s={search_term_string}"},"query-input":{"@type":"PropertyValueSpecification","valueRequired":true,"valueName":"search_term_string"}}],"inLanguage":"pt-BR"},{"@type":"Person","@id":"https:\/\/www.gaveanews.com\/#\/schema\/person\/fd07635ec039ec3ba74ad18ec8a6dbd6","name":"Henrique Machado","image":{"@type":"ImageObject","inLanguage":"pt-BR","@id":"https:\/\/www.gaveanews.com\/#\/schema\/person\/image\/","url":"https:\/\/secure.gravatar.com\/avatar\/b95e35997e01d9800c1b6184bd79d4d898d370a3fce2584f5c77b907d5c7d9e9?s=96&d=mm&r=g","contentUrl":"https:\/\/secure.gravatar.com\/avatar\/b95e35997e01d9800c1b6184bd79d4d898d370a3fce2584f5c77b907d5c7d9e9?s=96&d=mm&r=g","caption":"Henrique Machado"}}]}},"_links":{"self":[{"href":"https:\/\/www.gaveanews.com\/index.php\/wp-json\/wp\/v2\/posts\/141762","targetHints":{"allow":["GET"]}}],"collection":[{"href":"https:\/\/www.gaveanews.com\/index.php\/wp-json\/wp\/v2\/posts"}],"about":[{"href":"https:\/\/www.gaveanews.com\/index.php\/wp-json\/wp\/v2\/types\/post"}],"author":[{"embeddable":true,"href":"https:\/\/www.gaveanews.com\/index.php\/wp-json\/wp\/v2\/users\/15"}],"replies":[{"embeddable":true,"href":"https:\/\/www.gaveanews.com\/index.php\/wp-json\/wp\/v2\/comments?post=141762"}],"version-history":[{"count":4,"href":"https:\/\/www.gaveanews.com\/index.php\/wp-json\/wp\/v2\/posts\/141762\/revisions"}],"predecessor-version":[{"id":141776,"href":"https:\/\/www.gaveanews.com\/index.php\/wp-json\/wp\/v2\/posts\/141762\/revisions\/141776"}],"wp:featuredmedia":[{"embeddable":true,"href":"https:\/\/www.gaveanews.com\/index.php\/wp-json\/wp\/v2\/media\/123691"}],"wp:attachment":[{"href":"https:\/\/www.gaveanews.com\/index.php\/wp-json\/wp\/v2\/media?parent=141762"}],"wp:term":[{"taxonomy":"category","embeddable":true,"href":"https:\/\/www.gaveanews.com\/index.php\/wp-json\/wp\/v2\/categories?post=141762"},{"taxonomy":"post_tag","embeddable":true,"href":"https:\/\/www.gaveanews.com\/index.php\/wp-json\/wp\/v2\/tags?post=141762"}],"curies":[{"name":"wp","href":"https:\/\/api.w.org\/{rel}","templated":true}]}}