{"id":141968,"date":"2024-05-07T17:30:00","date_gmt":"2024-05-07T20:30:00","guid":{"rendered":"https:\/\/www.gaveanews.com\/?p=141968"},"modified":"2024-05-07T16:37:18","modified_gmt":"2024-05-07T19:37:18","slug":"fluminense-ganha-mais-um-desfalque","status":"publish","type":"post","link":"https:\/\/www.gaveanews.com\/index.php\/2024\/05\/07\/fluminense-ganha-mais-um-desfalque\/","title":{"rendered":"Fluminense ganha mais um desfalque"},"content":{"rendered":"\n<h2 class=\"wp-block-heading\" id=\"h-o-meia-renato-augusto-vai-desfalcar-o-fluminense-no-jogo-contra-o-colo-colo-nesta-quinta-feira-as-21h-em-santiago-no-chile\">O meia\u00a0Renato Augusto\u00a0vai\u00a0desfalcar o Fluminense\u00a0no jogo\u00a0contra\u00a0o\u00a0Colo-Colo, nesta quinta-feira, \u00e0s 21h, em Santiago, no Chile<\/h2>\n\n\n\n<p>Informa\u00e7\u00f5es recentes sobre a escala\u00e7\u00e3o do Fluminense para o jogo de quinta-feira (9), diante do Colo-Colo (CHL) na quarta rodada da Libertadores de 2024. Enquanto Keno est\u00e1 de volta \u00e0 lista de relacionados, Renato Augusto traz preocupa\u00e7\u00f5es para o t\u00e9cnico Fernando Diniz.<\/p>\n\n\n\n<p>O meia enfrentou novos problemas f\u00edsicos e permanecer\u00e1 no Rio de Janeiro para tratamento adicional, sem data prevista para seu retorno. Assim, ele n\u00e3o integrar\u00e1 a delega\u00e7\u00e3o que viajar\u00e1 ao Chile para o confronto com o Colo-Colo. Durante a partida contra o Atl\u00e9tico-MG no \u00faltimo s\u00e1bado (4), Renato Augusto, de 36 anos, sentiu dores no joelho direito, coincidentemente marcando seu primeiro gol com a camisa tricolor.<\/p>\n\n\n\n<figure class=\"wp-block-image size-full is-resized\"><img loading=\"lazy\" decoding=\"async\" width=\"984\" height=\"656\" src=\"https:\/\/www.gaveanews.com\/wp-content\/uploads\/Renato-Augusto-em-acao-pelo-Fluminense-no-estadio-do-Maracana.webp\" alt=\"\" class=\"wp-image-129858\" style=\"width:773px;height:auto\" srcset=\"https:\/\/www.gaveanews.com\/wp-content\/uploads\/Renato-Augusto-em-acao-pelo-Fluminense-no-estadio-do-Maracana.webp 984w, https:\/\/www.gaveanews.com\/wp-content\/uploads\/Renato-Augusto-em-acao-pelo-Fluminense-no-estadio-do-Maracana-300x200.webp 300w, https:\/\/www.gaveanews.com\/wp-content\/uploads\/Renato-Augusto-em-acao-pelo-Fluminense-no-estadio-do-Maracana-768x512.webp 768w, https:\/\/www.gaveanews.com\/wp-content\/uploads\/Renato-Augusto-em-acao-pelo-Fluminense-no-estadio-do-Maracana-630x420.webp 630w, https:\/\/www.gaveanews.com\/wp-content\/uploads\/Renato-Augusto-em-acao-pelo-Fluminense-no-estadio-do-Maracana-640x427.webp 640w, https:\/\/www.gaveanews.com\/wp-content\/uploads\/Renato-Augusto-em-acao-pelo-Fluminense-no-estadio-do-Maracana-681x454.webp 681w, https:\/\/www.gaveanews.com\/wp-content\/uploads\/Renato-Augusto-em-acao-pelo-Fluminense-no-estadio-do-Maracana-100x67.webp 100w\" sizes=\"auto, (max-width: 984px) 100vw, 984px\" \/><figcaption class=\"wp-element-caption\">Renato Augusto em a\u00e7\u00e3o pelo Fluminense no est\u00e1dio do Maracan\u00e3 (Foto: Marcelo Gon\u00e7alves\/Fluminense)<\/figcaption><\/figure>\n\n\n\n<p>Enquanto isso, o atacante Keno se recuperou de uma tor\u00e7\u00e3o no tornozelo esquerdo. Ausente desde 16 de mar\u00e7o, quando enfrentou o Flamengo na semifinal do Campeonato Carioca, ele \u00e9 cogitado para a partida contra o Colo-Colo.<\/p>\n\n\n\n<p>Apesar da volta de Keno, o Departamento M\u00e9dico do time tricolor continua movimentado. Samuel Xavier, Marlon e Gabriel Pires ainda est\u00e3o em processo de reabilita\u00e7\u00e3o, por\u00e9m o zagueiro Thiago Santos pode ser liberado para jogar contra o S\u00e3o Paulo, na pr\u00f3xima segunda-feira (13), no MorumBis, pelo Campeonato Brasileiro. Contudo, nenhum deles estar\u00e1 dispon\u00edvel para enfrentar o Colo-Colo.<\/p>\n\n\n\n<p>Quanto ao atacante Lel\u00ea, ele passou por uma cirurgia com \u00eaxito na \u00faltima segunda-feira (06) para reconstru\u00e7\u00e3o do ligamento cruzado anterior do joelho direito e reparo dos meniscos lateral e medial. Dessa forma, o clube do Rio de Janeiro comunicou que o jogador seguir\u00e1 o seu plano de recupera\u00e7\u00e3o.<\/p>\n","protected":false},"excerpt":{"rendered":"<p>Fluminense ganha mais um desfalque<\/p>\n","protected":false},"author":16,"featured_media":141970,"comment_status":"open","ping_status":"closed","sticky":false,"template":"","format":"standard","meta":{"footnotes":""},"categories":[145],"tags":[],"class_list":["post-141968","post","type-post","status-publish","format-standard","has-post-thumbnail","hentry","category-fluminense"],"yoast_head":"<!-- This site is optimized with the Yoast SEO Premium plugin v24.2 (Yoast SEO v26.9) - https:\/\/yoast.com\/product\/yoast-seo-premium-wordpress\/ -->\n<title>Fluminense ganha mais um desfalque<\/title>\n<meta name=\"robots\" content=\"index, follow, max-snippet:-1, max-image-preview:large, max-video-preview:-1\" \/>\n<link rel=\"canonical\" href=\"https:\/\/www.gaveanews.com\/index.php\/2024\/05\/07\/fluminense-ganha-mais-um-desfalque\/\" \/>\n<meta property=\"og:locale\" content=\"pt_BR\" \/>\n<meta property=\"og:type\" content=\"article\" \/>\n<meta property=\"og:title\" content=\"Fluminense ganha mais um desfalque\" \/>\n<meta property=\"og:description\" content=\"Fluminense ganha mais um desfalque\" \/>\n<meta property=\"og:url\" content=\"https:\/\/www.gaveanews.com\/index.php\/2024\/05\/07\/fluminense-ganha-mais-um-desfalque\/\" \/>\n<meta property=\"og:site_name\" content=\"G\u00e1vea News\" \/>\n<meta property=\"article:publisher\" content=\"https:\/\/facebook.com\/gaveaNews\/\" \/>\n<meta property=\"article:published_time\" content=\"2024-05-07T20:30:00+00:00\" \/>\n<meta property=\"og:image\" content=\"https:\/\/www.gaveanews.com\/wp-content\/uploads\/53413588107_df8d1cb73b_k-aspect-ratio-512-320-2.webp\" \/>\n\t<meta property=\"og:image:width\" content=\"850\" \/>\n\t<meta property=\"og:image:height\" content=\"530\" \/>\n\t<meta property=\"og:image:type\" content=\"image\/webp\" \/>\n<meta name=\"author\" content=\"D\u00e9bora Figueiredo\" \/>\n<meta name=\"twitter:card\" content=\"summary_large_image\" \/>\n<meta name=\"twitter:label1\" content=\"Escrito por\" \/>\n\t<meta name=\"twitter:data1\" content=\"D\u00e9bora Figueiredo\" \/>\n\t<meta name=\"twitter:label2\" content=\"Est. tempo de leitura\" \/>\n\t<meta name=\"twitter:data2\" content=\"2 minutos\" \/>\n<script type=\"application\/ld+json\" class=\"yoast-schema-graph\">{\"@context\":\"https:\/\/schema.org\",\"@graph\":[{\"@type\":\"NewsArticle\",\"@id\":\"https:\/\/www.gaveanews.com\/index.php\/2024\/05\/07\/fluminense-ganha-mais-um-desfalque\/#article\",\"isPartOf\":{\"@id\":\"https:\/\/www.gaveanews.com\/index.php\/2024\/05\/07\/fluminense-ganha-mais-um-desfalque\/\"},\"author\":{\"name\":\"D\u00e9bora Figueiredo\",\"@id\":\"https:\/\/www.gaveanews.com\/#\/schema\/person\/37122681a8575a5c8db05a56f099a5e4\"},\"headline\":\"Fluminense ganha mais um desfalque\",\"datePublished\":\"2024-05-07T20:30:00+00:00\",\"mainEntityOfPage\":{\"@id\":\"https:\/\/www.gaveanews.com\/index.php\/2024\/05\/07\/fluminense-ganha-mais-um-desfalque\/\"},\"wordCount\":304,\"commentCount\":0,\"image\":{\"@id\":\"https:\/\/www.gaveanews.com\/index.php\/2024\/05\/07\/fluminense-ganha-mais-um-desfalque\/#primaryimage\"},\"thumbnailUrl\":\"https:\/\/www.gaveanews.com\/wp-content\/uploads\/53413588107_df8d1cb73b_k-aspect-ratio-512-320-2.webp\",\"articleSection\":[\"Fluminense\"],\"inLanguage\":\"pt-BR\",\"potentialAction\":[{\"@type\":\"CommentAction\",\"name\":\"Comment\",\"target\":[\"https:\/\/www.gaveanews.com\/index.php\/2024\/05\/07\/fluminense-ganha-mais-um-desfalque\/#respond\"]}],\"copyrightYear\":\"2024\",\"copyrightHolder\":{\"@id\":\"https:\/\/www.gaveanews.com\/#organization\"}},{\"@type\":\"WebPage\",\"@id\":\"https:\/\/www.gaveanews.com\/index.php\/2024\/05\/07\/fluminense-ganha-mais-um-desfalque\/\",\"url\":\"https:\/\/www.gaveanews.com\/index.php\/2024\/05\/07\/fluminense-ganha-mais-um-desfalque\/\",\"name\":\"Fluminense ganha mais um desfalque\",\"isPartOf\":{\"@id\":\"https:\/\/www.gaveanews.com\/#website\"},\"primaryImageOfPage\":{\"@id\":\"https:\/\/www.gaveanews.com\/index.php\/2024\/05\/07\/fluminense-ganha-mais-um-desfalque\/#primaryimage\"},\"image\":{\"@id\":\"https:\/\/www.gaveanews.com\/index.php\/2024\/05\/07\/fluminense-ganha-mais-um-desfalque\/#primaryimage\"},\"thumbnailUrl\":\"https:\/\/www.gaveanews.com\/wp-content\/uploads\/53413588107_df8d1cb73b_k-aspect-ratio-512-320-2.webp\",\"datePublished\":\"2024-05-07T20:30:00+00:00\",\"author\":{\"@id\":\"https:\/\/www.gaveanews.com\/#\/schema\/person\/37122681a8575a5c8db05a56f099a5e4\"},\"breadcrumb\":{\"@id\":\"https:\/\/www.gaveanews.com\/index.php\/2024\/05\/07\/fluminense-ganha-mais-um-desfalque\/#breadcrumb\"},\"inLanguage\":\"pt-BR\",\"potentialAction\":[{\"@type\":\"ReadAction\",\"target\":[\"https:\/\/www.gaveanews.com\/index.php\/2024\/05\/07\/fluminense-ganha-mais-um-desfalque\/\"]}]},{\"@type\":\"ImageObject\",\"inLanguage\":\"pt-BR\",\"@id\":\"https:\/\/www.gaveanews.com\/index.php\/2024\/05\/07\/fluminense-ganha-mais-um-desfalque\/#primaryimage\",\"url\":\"https:\/\/www.gaveanews.com\/wp-content\/uploads\/53413588107_df8d1cb73b_k-aspect-ratio-512-320-2.webp\",\"contentUrl\":\"https:\/\/www.gaveanews.com\/wp-content\/uploads\/53413588107_df8d1cb73b_k-aspect-ratio-512-320-2.webp\",\"width\":850,\"height\":530,\"caption\":\"Foto: Lucas Mer\u00e7on\/Fluminense\"},{\"@type\":\"BreadcrumbList\",\"@id\":\"https:\/\/www.gaveanews.com\/index.php\/2024\/05\/07\/fluminense-ganha-mais-um-desfalque\/#breadcrumb\",\"itemListElement\":[{\"@type\":\"ListItem\",\"position\":1,\"name\":\"Home\",\"item\":\"https:\/\/www.gaveanews.com\/\"},{\"@type\":\"ListItem\",\"position\":2,\"name\":\"Fluminense ganha mais um desfalque\"}]},{\"@type\":\"WebSite\",\"@id\":\"https:\/\/www.gaveanews.com\/#website\",\"url\":\"https:\/\/www.gaveanews.com\/\",\"name\":\"G\u00e1vea News\",\"description\":\"Veja todas as not\u00edcias sobre o Flamengo: Contrata\u00e7\u00f5es, categorias de base, resultados das partidas, tabela de classifica\u00e7\u00e3o, pr\u00f3ximos jogos!\",\"potentialAction\":[{\"@type\":\"SearchAction\",\"target\":{\"@type\":\"EntryPoint\",\"urlTemplate\":\"https:\/\/www.gaveanews.com\/?s={search_term_string}\"},\"query-input\":{\"@type\":\"PropertyValueSpecification\",\"valueRequired\":true,\"valueName\":\"search_term_string\"}}],\"inLanguage\":\"pt-BR\"},{\"@type\":\"Person\",\"@id\":\"https:\/\/www.gaveanews.com\/#\/schema\/person\/37122681a8575a5c8db05a56f099a5e4\",\"name\":\"D\u00e9bora Figueiredo\",\"image\":{\"@type\":\"ImageObject\",\"inLanguage\":\"pt-BR\",\"@id\":\"https:\/\/www.gaveanews.com\/#\/schema\/person\/image\/\",\"url\":\"https:\/\/secure.gravatar.com\/avatar\/1f44802859351588499d26f52aed1d15796ce17e67602895b72837c08018868d?s=96&d=mm&r=g\",\"contentUrl\":\"https:\/\/secure.gravatar.com\/avatar\/1f44802859351588499d26f52aed1d15796ce17e67602895b72837c08018868d?s=96&d=mm&r=g\",\"caption\":\"D\u00e9bora Figueiredo\"}}]}<\/script>\n<!-- \/ Yoast SEO Premium plugin. -->","yoast_head_json":{"title":"Fluminense ganha mais um desfalque","robots":{"index":"index","follow":"follow","max-snippet":"max-snippet:-1","max-image-preview":"max-image-preview:large","max-video-preview":"max-video-preview:-1"},"canonical":"https:\/\/www.gaveanews.com\/index.php\/2024\/05\/07\/fluminense-ganha-mais-um-desfalque\/","og_locale":"pt_BR","og_type":"article","og_title":"Fluminense ganha mais um desfalque","og_description":"Fluminense ganha mais um desfalque","og_url":"https:\/\/www.gaveanews.com\/index.php\/2024\/05\/07\/fluminense-ganha-mais-um-desfalque\/","og_site_name":"G\u00e1vea News","article_publisher":"https:\/\/facebook.com\/gaveaNews\/","article_published_time":"2024-05-07T20:30:00+00:00","og_image":[{"width":850,"height":530,"url":"https:\/\/www.gaveanews.com\/wp-content\/uploads\/53413588107_df8d1cb73b_k-aspect-ratio-512-320-2.webp","type":"image\/webp"}],"author":"D\u00e9bora Figueiredo","twitter_card":"summary_large_image","twitter_misc":{"Escrito por":"D\u00e9bora Figueiredo","Est. tempo de leitura":"2 minutos"},"schema":{"@context":"https:\/\/schema.org","@graph":[{"@type":"NewsArticle","@id":"https:\/\/www.gaveanews.com\/index.php\/2024\/05\/07\/fluminense-ganha-mais-um-desfalque\/#article","isPartOf":{"@id":"https:\/\/www.gaveanews.com\/index.php\/2024\/05\/07\/fluminense-ganha-mais-um-desfalque\/"},"author":{"name":"D\u00e9bora Figueiredo","@id":"https:\/\/www.gaveanews.com\/#\/schema\/person\/37122681a8575a5c8db05a56f099a5e4"},"headline":"Fluminense ganha mais um desfalque","datePublished":"2024-05-07T20:30:00+00:00","mainEntityOfPage":{"@id":"https:\/\/www.gaveanews.com\/index.php\/2024\/05\/07\/fluminense-ganha-mais-um-desfalque\/"},"wordCount":304,"commentCount":0,"image":{"@id":"https:\/\/www.gaveanews.com\/index.php\/2024\/05\/07\/fluminense-ganha-mais-um-desfalque\/#primaryimage"},"thumbnailUrl":"https:\/\/www.gaveanews.com\/wp-content\/uploads\/53413588107_df8d1cb73b_k-aspect-ratio-512-320-2.webp","articleSection":["Fluminense"],"inLanguage":"pt-BR","potentialAction":[{"@type":"CommentAction","name":"Comment","target":["https:\/\/www.gaveanews.com\/index.php\/2024\/05\/07\/fluminense-ganha-mais-um-desfalque\/#respond"]}],"copyrightYear":"2024","copyrightHolder":{"@id":"https:\/\/www.gaveanews.com\/#organization"}},{"@type":"WebPage","@id":"https:\/\/www.gaveanews.com\/index.php\/2024\/05\/07\/fluminense-ganha-mais-um-desfalque\/","url":"https:\/\/www.gaveanews.com\/index.php\/2024\/05\/07\/fluminense-ganha-mais-um-desfalque\/","name":"Fluminense ganha mais um desfalque","isPartOf":{"@id":"https:\/\/www.gaveanews.com\/#website"},"primaryImageOfPage":{"@id":"https:\/\/www.gaveanews.com\/index.php\/2024\/05\/07\/fluminense-ganha-mais-um-desfalque\/#primaryimage"},"image":{"@id":"https:\/\/www.gaveanews.com\/index.php\/2024\/05\/07\/fluminense-ganha-mais-um-desfalque\/#primaryimage"},"thumbnailUrl":"https:\/\/www.gaveanews.com\/wp-content\/uploads\/53413588107_df8d1cb73b_k-aspect-ratio-512-320-2.webp","datePublished":"2024-05-07T20:30:00+00:00","author":{"@id":"https:\/\/www.gaveanews.com\/#\/schema\/person\/37122681a8575a5c8db05a56f099a5e4"},"breadcrumb":{"@id":"https:\/\/www.gaveanews.com\/index.php\/2024\/05\/07\/fluminense-ganha-mais-um-desfalque\/#breadcrumb"},"inLanguage":"pt-BR","potentialAction":[{"@type":"ReadAction","target":["https:\/\/www.gaveanews.com\/index.php\/2024\/05\/07\/fluminense-ganha-mais-um-desfalque\/"]}]},{"@type":"ImageObject","inLanguage":"pt-BR","@id":"https:\/\/www.gaveanews.com\/index.php\/2024\/05\/07\/fluminense-ganha-mais-um-desfalque\/#primaryimage","url":"https:\/\/www.gaveanews.com\/wp-content\/uploads\/53413588107_df8d1cb73b_k-aspect-ratio-512-320-2.webp","contentUrl":"https:\/\/www.gaveanews.com\/wp-content\/uploads\/53413588107_df8d1cb73b_k-aspect-ratio-512-320-2.webp","width":850,"height":530,"caption":"Foto: Lucas Mer\u00e7on\/Fluminense"},{"@type":"BreadcrumbList","@id":"https:\/\/www.gaveanews.com\/index.php\/2024\/05\/07\/fluminense-ganha-mais-um-desfalque\/#breadcrumb","itemListElement":[{"@type":"ListItem","position":1,"name":"Home","item":"https:\/\/www.gaveanews.com\/"},{"@type":"ListItem","position":2,"name":"Fluminense ganha mais um desfalque"}]},{"@type":"WebSite","@id":"https:\/\/www.gaveanews.com\/#website","url":"https:\/\/www.gaveanews.com\/","name":"G\u00e1vea News","description":"Veja todas as not\u00edcias sobre o Flamengo: Contrata\u00e7\u00f5es, categorias de base, resultados das partidas, tabela de classifica\u00e7\u00e3o, pr\u00f3ximos jogos!","potentialAction":[{"@type":"SearchAction","target":{"@type":"EntryPoint","urlTemplate":"https:\/\/www.gaveanews.com\/?s={search_term_string}"},"query-input":{"@type":"PropertyValueSpecification","valueRequired":true,"valueName":"search_term_string"}}],"inLanguage":"pt-BR"},{"@type":"Person","@id":"https:\/\/www.gaveanews.com\/#\/schema\/person\/37122681a8575a5c8db05a56f099a5e4","name":"D\u00e9bora Figueiredo","image":{"@type":"ImageObject","inLanguage":"pt-BR","@id":"https:\/\/www.gaveanews.com\/#\/schema\/person\/image\/","url":"https:\/\/secure.gravatar.com\/avatar\/1f44802859351588499d26f52aed1d15796ce17e67602895b72837c08018868d?s=96&d=mm&r=g","contentUrl":"https:\/\/secure.gravatar.com\/avatar\/1f44802859351588499d26f52aed1d15796ce17e67602895b72837c08018868d?s=96&d=mm&r=g","caption":"D\u00e9bora Figueiredo"}}]}},"_links":{"self":[{"href":"https:\/\/www.gaveanews.com\/index.php\/wp-json\/wp\/v2\/posts\/141968","targetHints":{"allow":["GET"]}}],"collection":[{"href":"https:\/\/www.gaveanews.com\/index.php\/wp-json\/wp\/v2\/posts"}],"about":[{"href":"https:\/\/www.gaveanews.com\/index.php\/wp-json\/wp\/v2\/types\/post"}],"author":[{"embeddable":true,"href":"https:\/\/www.gaveanews.com\/index.php\/wp-json\/wp\/v2\/users\/16"}],"replies":[{"embeddable":true,"href":"https:\/\/www.gaveanews.com\/index.php\/wp-json\/wp\/v2\/comments?post=141968"}],"version-history":[{"count":1,"href":"https:\/\/www.gaveanews.com\/index.php\/wp-json\/wp\/v2\/posts\/141968\/revisions"}],"predecessor-version":[{"id":141971,"href":"https:\/\/www.gaveanews.com\/index.php\/wp-json\/wp\/v2\/posts\/141968\/revisions\/141971"}],"wp:featuredmedia":[{"embeddable":true,"href":"https:\/\/www.gaveanews.com\/index.php\/wp-json\/wp\/v2\/media\/141970"}],"wp:attachment":[{"href":"https:\/\/www.gaveanews.com\/index.php\/wp-json\/wp\/v2\/media?parent=141968"}],"wp:term":[{"taxonomy":"category","embeddable":true,"href":"https:\/\/www.gaveanews.com\/index.php\/wp-json\/wp\/v2\/categories?post=141968"},{"taxonomy":"post_tag","embeddable":true,"href":"https:\/\/www.gaveanews.com\/index.php\/wp-json\/wp\/v2\/tags?post=141968"}],"curies":[{"name":"wp","href":"https:\/\/api.w.org\/{rel}","templated":true}]}}