{"id":141988,"date":"2024-05-07T18:13:03","date_gmt":"2024-05-07T21:13:03","guid":{"rendered":"https:\/\/www.gaveanews.com\/?p=141988"},"modified":"2024-05-07T18:13:05","modified_gmt":"2024-05-07T21:13:05","slug":"flamengo-faz-publicacao-direcionada-a-adriano-imperador","status":"publish","type":"post","link":"https:\/\/www.gaveanews.com\/index.php\/2024\/05\/07\/flamengo-faz-publicacao-direcionada-a-adriano-imperador\/","title":{"rendered":"Flamengo faz publica\u00e7\u00e3o direcionada a Adriano Imperador"},"content":{"rendered":"\n<p>Enquanto a equipe rubro-negra se prepara para entrar em campo pela 4\u00aa rodada da fase de grupos da Libertadores, a p\u00e1gina em ingl\u00eas do Flamengo se manifestou nas redes sociais para relembrar um momento marcante do clube.<\/p>\n\n\n\n<p>A situa\u00e7\u00e3o em quest\u00e3o foi o retorno de Adriano Imperador ao Flamengo. 15 anos atr\u00e1s, no dia 7 de maio de 2009, o ex-atacante deixou a Inter de Mil\u00e3o para ser repatriado oficialmente pelo Meng\u00e3o.<\/p>\n\n\n\n<p><em>&#8220;15 anos atr\u00e1s, nosso Imperador voltou para casa e fez hist\u00f3ria&#8221;.<\/em><\/p>\n\n\n\n<h2 class=\"wp-block-heading\" id=\"h-veja-a-publicacao\">Veja a publica\u00e7\u00e3o:<\/h2>\n\n\n\n<figure class=\"wp-block-embed is-type-rich is-provider-twitter wp-block-embed-twitter\"><div class=\"wp-block-embed__wrapper\">\n<blockquote class=\"twitter-tweet\" data-width=\"550\" data-dnt=\"true\"><p lang=\"en\" dir=\"ltr\">15 years ago today, our Emperor came home and made history \u2764\ufe0f\ud83d\udda4 <a href=\"https:\/\/t.co\/3mvvwy7JsF\">pic.twitter.com\/3mvvwy7JsF<\/a><\/p>&mdash; Flamengo (@Flamengo_en) <a href=\"https:\/\/twitter.com\/Flamengo_en\/status\/1787907469567463428?ref_src=twsrc%5Etfw\">May 7, 2024<\/a><\/blockquote><script async src=\"https:\/\/platform.twitter.com\/widgets.js\" charset=\"utf-8\"><\/script>\n<\/div><\/figure>\n\n\n\n<h2 class=\"wp-block-heading\" id=\"h-a-carreira-de-adriano-imperador\">A carreira de Adriano Imperador<\/h2>\n\n\n\n<p>Adriano Imperador construiu uma hist\u00f3ria marcante no futebol brasileiro. Nascido em 1982, no Rio de Janeiro, ele conquistou fama internacional como atacante, com uma combina\u00e7\u00e3o \u00fanica de for\u00e7a f\u00edsica, habilidade t\u00e9cnica e um poderoso chute.<\/p>\n\n\n\n<p>Revelado pelas categorias de base do Flamengo, o ex-atleta se destacou como um dos principais artilheiros do time. Sua impressionante performance no Mais Querido o levou a clubes renomados na Europa, como Inter de Mil\u00e3o, Parma e Roma (todos estes da It\u00e1lia).<\/p>\n\n\n\n<p>O auge da carreira do Imperador foi em sua passagem pela Inter de Mil\u00e3o, onde ele conquistou diversos t\u00edtulos, incluindo a Serie A italiana e a Liga dos Campe\u00f5es da UEFA. O ex-atacante tamb\u00e9m teve sucesso defendendo a sele\u00e7\u00e3o brasileira, participando de duas Copas do Mundo (2006 e 2010) e conquistando a Copa Am\u00e9rica em 2004.<\/p>\n\n\n\n<h2 class=\"wp-block-heading\" id=\"h-agenda-do-flamengo-para-o-mes-de-maio\">Agenda do Flamengo para o m\u00eas de maio<\/h2>\n\n\n\n<ul class=\"wp-block-list\">\n<li>01\/05 &#8211; Flamengo 1 x 0 Amazonas &#8211; 21h30 &#8211; Copa do Brasil<\/li>\n\n\n\n<li>04\/05 &#8211; RB Bragantino 1 x 1 Flamengo &#8211; 18h30 &#8211; Brasileir\u00e3o<\/li>\n\n\n\n<li><strong>07\/05 &#8211; Palestino x Flamengo &#8211; 21h &#8211; Libertadores<\/strong><\/li>\n\n\n\n<li>11\/05 &#8211; Flamengo x Corinthians &#8211; 16h &#8211; Brasileir\u00e3o<\/li>\n\n\n\n<li>15\/05 &#8211; Flamengo x Bol\u00edvar &#8211; 21h30 &#8211; Libertadores<\/li>\n\n\n\n<li>18\/05 &#8211; Vasco x Flamengo &#8211; 21h &#8211; Brasileir\u00e3o<\/li>\n\n\n\n<li>22\/05 &#8211; Amazonas x Flamengo &#8211; 21h30 &#8211; Copa do Brasil<\/li>\n\n\n\n<li>28\/05 &#8211; Flamengo x Millonarios &#8211; 21h &#8211; Libertadores<\/li>\n\n\n\n<li><em>Obs.: todas as partidas est\u00e3o alinhadas ao fuso hor\u00e1rio de Bras\u00edlia.<\/em><\/li>\n<\/ul>\n","protected":false},"excerpt":{"rendered":"<p>Enquanto a equipe rubro-negra se prepara para entrar em campo pela 4\u00aa rodada da fase de grupos da Libertadores, a p\u00e1gina em ingl\u00eas do Flamengo se manifestou nas redes sociais para relembrar um momento marcante do clube. A situa\u00e7\u00e3o em quest\u00e3o foi o retorno de Adriano Imperador ao Flamengo. 15 anos atr\u00e1s, no dia 7 [&hellip;]<\/p>\n","protected":false},"author":4,"featured_media":112549,"comment_status":"open","ping_status":"closed","sticky":false,"template":"","format":"standard","meta":{"footnotes":""},"categories":[1],"tags":[],"class_list":["post-141988","post","type-post","status-publish","format-standard","has-post-thumbnail","hentry","category-flamengo"],"yoast_head":"<!-- This site is optimized with the Yoast SEO Premium plugin v24.2 (Yoast SEO v26.9) - https:\/\/yoast.com\/product\/yoast-seo-premium-wordpress\/ -->\n<title>Flamengo faz publica\u00e7\u00e3o direcionada a Adriano Imperador<\/title>\n<meta name=\"robots\" content=\"index, follow, max-snippet:-1, max-image-preview:large, max-video-preview:-1\" \/>\n<link rel=\"canonical\" href=\"https:\/\/www.gaveanews.com\/index.php\/2024\/05\/07\/flamengo-faz-publicacao-direcionada-a-adriano-imperador\/\" \/>\n<meta property=\"og:locale\" content=\"pt_BR\" \/>\n<meta property=\"og:type\" content=\"article\" \/>\n<meta property=\"og:title\" content=\"Flamengo faz publica\u00e7\u00e3o direcionada a Adriano Imperador\" \/>\n<meta property=\"og:description\" content=\"Enquanto a equipe rubro-negra se prepara para entrar em campo pela 4\u00aa rodada da fase de grupos da Libertadores, a p\u00e1gina em ingl\u00eas do Flamengo se manifestou nas redes sociais para relembrar um momento marcante do clube. A situa\u00e7\u00e3o em quest\u00e3o foi o retorno de Adriano Imperador ao Flamengo. 15 anos atr\u00e1s, no dia 7 [&hellip;]\" \/>\n<meta property=\"og:url\" content=\"https:\/\/www.gaveanews.com\/index.php\/2024\/05\/07\/flamengo-faz-publicacao-direcionada-a-adriano-imperador\/\" \/>\n<meta property=\"og:site_name\" content=\"G\u00e1vea News\" \/>\n<meta property=\"article:publisher\" content=\"https:\/\/facebook.com\/gaveaNews\/\" \/>\n<meta property=\"article:published_time\" content=\"2024-05-07T21:13:03+00:00\" \/>\n<meta property=\"article:modified_time\" content=\"2024-05-07T21:13:05+00:00\" \/>\n<meta property=\"og:image\" content=\"https:\/\/www.gaveanews.com\/wp-content\/uploads\/adriano-imperador-flamengo.webp\" \/>\n\t<meta property=\"og:image:width\" content=\"640\" \/>\n\t<meta property=\"og:image:height\" content=\"400\" \/>\n\t<meta property=\"og:image:type\" content=\"image\/jpeg\" \/>\n<meta name=\"author\" content=\"Let\u00edcia Gerheim\" \/>\n<meta name=\"twitter:card\" content=\"summary_large_image\" \/>\n<meta name=\"twitter:label1\" content=\"Escrito por\" \/>\n\t<meta name=\"twitter:data1\" content=\"Let\u00edcia Gerheim\" \/>\n\t<meta name=\"twitter:label2\" content=\"Est. tempo de leitura\" \/>\n\t<meta name=\"twitter:data2\" content=\"2 minutos\" \/>\n<script type=\"application\/ld+json\" class=\"yoast-schema-graph\">{\"@context\":\"https:\/\/schema.org\",\"@graph\":[{\"@type\":\"NewsArticle\",\"@id\":\"https:\/\/www.gaveanews.com\/index.php\/2024\/05\/07\/flamengo-faz-publicacao-direcionada-a-adriano-imperador\/#article\",\"isPartOf\":{\"@id\":\"https:\/\/www.gaveanews.com\/index.php\/2024\/05\/07\/flamengo-faz-publicacao-direcionada-a-adriano-imperador\/\"},\"author\":{\"name\":\"Let\u00edcia Gerheim\",\"@id\":\"https:\/\/www.gaveanews.com\/#\/schema\/person\/714c67050b836198af2450ba1c142a67\"},\"headline\":\"Flamengo faz publica\u00e7\u00e3o direcionada a Adriano Imperador\",\"datePublished\":\"2024-05-07T21:13:03+00:00\",\"dateModified\":\"2024-05-07T21:13:05+00:00\",\"mainEntityOfPage\":{\"@id\":\"https:\/\/www.gaveanews.com\/index.php\/2024\/05\/07\/flamengo-faz-publicacao-direcionada-a-adriano-imperador\/\"},\"wordCount\":348,\"commentCount\":0,\"image\":{\"@id\":\"https:\/\/www.gaveanews.com\/index.php\/2024\/05\/07\/flamengo-faz-publicacao-direcionada-a-adriano-imperador\/#primaryimage\"},\"thumbnailUrl\":\"https:\/\/www.gaveanews.com\/wp-content\/uploads\/adriano-imperador-flamengo.webp\",\"articleSection\":[\"Flamengo\"],\"inLanguage\":\"pt-BR\",\"potentialAction\":[{\"@type\":\"CommentAction\",\"name\":\"Comment\",\"target\":[\"https:\/\/www.gaveanews.com\/index.php\/2024\/05\/07\/flamengo-faz-publicacao-direcionada-a-adriano-imperador\/#respond\"]}],\"copyrightYear\":\"2024\",\"copyrightHolder\":{\"@id\":\"https:\/\/www.gaveanews.com\/#organization\"}},{\"@type\":\"WebPage\",\"@id\":\"https:\/\/www.gaveanews.com\/index.php\/2024\/05\/07\/flamengo-faz-publicacao-direcionada-a-adriano-imperador\/\",\"url\":\"https:\/\/www.gaveanews.com\/index.php\/2024\/05\/07\/flamengo-faz-publicacao-direcionada-a-adriano-imperador\/\",\"name\":\"Flamengo faz publica\u00e7\u00e3o direcionada a Adriano Imperador\",\"isPartOf\":{\"@id\":\"https:\/\/www.gaveanews.com\/#website\"},\"primaryImageOfPage\":{\"@id\":\"https:\/\/www.gaveanews.com\/index.php\/2024\/05\/07\/flamengo-faz-publicacao-direcionada-a-adriano-imperador\/#primaryimage\"},\"image\":{\"@id\":\"https:\/\/www.gaveanews.com\/index.php\/2024\/05\/07\/flamengo-faz-publicacao-direcionada-a-adriano-imperador\/#primaryimage\"},\"thumbnailUrl\":\"https:\/\/www.gaveanews.com\/wp-content\/uploads\/adriano-imperador-flamengo.webp\",\"datePublished\":\"2024-05-07T21:13:03+00:00\",\"dateModified\":\"2024-05-07T21:13:05+00:00\",\"author\":{\"@id\":\"https:\/\/www.gaveanews.com\/#\/schema\/person\/714c67050b836198af2450ba1c142a67\"},\"breadcrumb\":{\"@id\":\"https:\/\/www.gaveanews.com\/index.php\/2024\/05\/07\/flamengo-faz-publicacao-direcionada-a-adriano-imperador\/#breadcrumb\"},\"inLanguage\":\"pt-BR\",\"potentialAction\":[{\"@type\":\"ReadAction\",\"target\":[\"https:\/\/www.gaveanews.com\/index.php\/2024\/05\/07\/flamengo-faz-publicacao-direcionada-a-adriano-imperador\/\"]}]},{\"@type\":\"ImageObject\",\"inLanguage\":\"pt-BR\",\"@id\":\"https:\/\/www.gaveanews.com\/index.php\/2024\/05\/07\/flamengo-faz-publicacao-direcionada-a-adriano-imperador\/#primaryimage\",\"url\":\"https:\/\/www.gaveanews.com\/wp-content\/uploads\/adriano-imperador-flamengo.webp\",\"contentUrl\":\"https:\/\/www.gaveanews.com\/wp-content\/uploads\/adriano-imperador-flamengo.webp\",\"width\":640,\"height\":400,\"caption\":\"Adriano Imperador em a\u00e7\u00e3o pelo Flamengo (Foto: Reprodu\u00e7\u00e3o)\"},{\"@type\":\"BreadcrumbList\",\"@id\":\"https:\/\/www.gaveanews.com\/index.php\/2024\/05\/07\/flamengo-faz-publicacao-direcionada-a-adriano-imperador\/#breadcrumb\",\"itemListElement\":[{\"@type\":\"ListItem\",\"position\":1,\"name\":\"Home\",\"item\":\"https:\/\/www.gaveanews.com\/\"},{\"@type\":\"ListItem\",\"position\":2,\"name\":\"Flamengo faz publica\u00e7\u00e3o direcionada a Adriano Imperador\"}]},{\"@type\":\"WebSite\",\"@id\":\"https:\/\/www.gaveanews.com\/#website\",\"url\":\"https:\/\/www.gaveanews.com\/\",\"name\":\"G\u00e1vea News\",\"description\":\"Veja todas as not\u00edcias sobre o Flamengo: Contrata\u00e7\u00f5es, categorias de base, resultados das partidas, tabela de classifica\u00e7\u00e3o, pr\u00f3ximos jogos!\",\"potentialAction\":[{\"@type\":\"SearchAction\",\"target\":{\"@type\":\"EntryPoint\",\"urlTemplate\":\"https:\/\/www.gaveanews.com\/?s={search_term_string}\"},\"query-input\":{\"@type\":\"PropertyValueSpecification\",\"valueRequired\":true,\"valueName\":\"search_term_string\"}}],\"inLanguage\":\"pt-BR\"},{\"@type\":\"Person\",\"@id\":\"https:\/\/www.gaveanews.com\/#\/schema\/person\/714c67050b836198af2450ba1c142a67\",\"name\":\"Let\u00edcia Gerheim\",\"image\":{\"@type\":\"ImageObject\",\"inLanguage\":\"pt-BR\",\"@id\":\"https:\/\/www.gaveanews.com\/#\/schema\/person\/image\/\",\"url\":\"https:\/\/secure.gravatar.com\/avatar\/60734739c50fcebfbac509e2a826ccd0ff405c019bc73aab9354f19ecad1dcb4?s=96&d=mm&r=g\",\"contentUrl\":\"https:\/\/secure.gravatar.com\/avatar\/60734739c50fcebfbac509e2a826ccd0ff405c019bc73aab9354f19ecad1dcb4?s=96&d=mm&r=g\",\"caption\":\"Let\u00edcia Gerheim\"}}]}<\/script>\n<!-- \/ Yoast SEO Premium plugin. -->","yoast_head_json":{"title":"Flamengo faz publica\u00e7\u00e3o direcionada a Adriano Imperador","robots":{"index":"index","follow":"follow","max-snippet":"max-snippet:-1","max-image-preview":"max-image-preview:large","max-video-preview":"max-video-preview:-1"},"canonical":"https:\/\/www.gaveanews.com\/index.php\/2024\/05\/07\/flamengo-faz-publicacao-direcionada-a-adriano-imperador\/","og_locale":"pt_BR","og_type":"article","og_title":"Flamengo faz publica\u00e7\u00e3o direcionada a Adriano Imperador","og_description":"Enquanto a equipe rubro-negra se prepara para entrar em campo pela 4\u00aa rodada da fase de grupos da Libertadores, a p\u00e1gina em ingl\u00eas do Flamengo se manifestou nas redes sociais para relembrar um momento marcante do clube. A situa\u00e7\u00e3o em quest\u00e3o foi o retorno de Adriano Imperador ao Flamengo. 15 anos atr\u00e1s, no dia 7 [&hellip;]","og_url":"https:\/\/www.gaveanews.com\/index.php\/2024\/05\/07\/flamengo-faz-publicacao-direcionada-a-adriano-imperador\/","og_site_name":"G\u00e1vea News","article_publisher":"https:\/\/facebook.com\/gaveaNews\/","article_published_time":"2024-05-07T21:13:03+00:00","article_modified_time":"2024-05-07T21:13:05+00:00","og_image":[{"width":640,"height":400,"url":"https:\/\/www.gaveanews.com\/wp-content\/uploads\/adriano-imperador-flamengo.webp","type":"image\/jpeg"}],"author":"Let\u00edcia Gerheim","twitter_card":"summary_large_image","twitter_misc":{"Escrito por":"Let\u00edcia Gerheim","Est. tempo de leitura":"2 minutos"},"schema":{"@context":"https:\/\/schema.org","@graph":[{"@type":"NewsArticle","@id":"https:\/\/www.gaveanews.com\/index.php\/2024\/05\/07\/flamengo-faz-publicacao-direcionada-a-adriano-imperador\/#article","isPartOf":{"@id":"https:\/\/www.gaveanews.com\/index.php\/2024\/05\/07\/flamengo-faz-publicacao-direcionada-a-adriano-imperador\/"},"author":{"name":"Let\u00edcia Gerheim","@id":"https:\/\/www.gaveanews.com\/#\/schema\/person\/714c67050b836198af2450ba1c142a67"},"headline":"Flamengo faz publica\u00e7\u00e3o direcionada a Adriano Imperador","datePublished":"2024-05-07T21:13:03+00:00","dateModified":"2024-05-07T21:13:05+00:00","mainEntityOfPage":{"@id":"https:\/\/www.gaveanews.com\/index.php\/2024\/05\/07\/flamengo-faz-publicacao-direcionada-a-adriano-imperador\/"},"wordCount":348,"commentCount":0,"image":{"@id":"https:\/\/www.gaveanews.com\/index.php\/2024\/05\/07\/flamengo-faz-publicacao-direcionada-a-adriano-imperador\/#primaryimage"},"thumbnailUrl":"https:\/\/www.gaveanews.com\/wp-content\/uploads\/adriano-imperador-flamengo.webp","articleSection":["Flamengo"],"inLanguage":"pt-BR","potentialAction":[{"@type":"CommentAction","name":"Comment","target":["https:\/\/www.gaveanews.com\/index.php\/2024\/05\/07\/flamengo-faz-publicacao-direcionada-a-adriano-imperador\/#respond"]}],"copyrightYear":"2024","copyrightHolder":{"@id":"https:\/\/www.gaveanews.com\/#organization"}},{"@type":"WebPage","@id":"https:\/\/www.gaveanews.com\/index.php\/2024\/05\/07\/flamengo-faz-publicacao-direcionada-a-adriano-imperador\/","url":"https:\/\/www.gaveanews.com\/index.php\/2024\/05\/07\/flamengo-faz-publicacao-direcionada-a-adriano-imperador\/","name":"Flamengo faz publica\u00e7\u00e3o direcionada a Adriano Imperador","isPartOf":{"@id":"https:\/\/www.gaveanews.com\/#website"},"primaryImageOfPage":{"@id":"https:\/\/www.gaveanews.com\/index.php\/2024\/05\/07\/flamengo-faz-publicacao-direcionada-a-adriano-imperador\/#primaryimage"},"image":{"@id":"https:\/\/www.gaveanews.com\/index.php\/2024\/05\/07\/flamengo-faz-publicacao-direcionada-a-adriano-imperador\/#primaryimage"},"thumbnailUrl":"https:\/\/www.gaveanews.com\/wp-content\/uploads\/adriano-imperador-flamengo.webp","datePublished":"2024-05-07T21:13:03+00:00","dateModified":"2024-05-07T21:13:05+00:00","author":{"@id":"https:\/\/www.gaveanews.com\/#\/schema\/person\/714c67050b836198af2450ba1c142a67"},"breadcrumb":{"@id":"https:\/\/www.gaveanews.com\/index.php\/2024\/05\/07\/flamengo-faz-publicacao-direcionada-a-adriano-imperador\/#breadcrumb"},"inLanguage":"pt-BR","potentialAction":[{"@type":"ReadAction","target":["https:\/\/www.gaveanews.com\/index.php\/2024\/05\/07\/flamengo-faz-publicacao-direcionada-a-adriano-imperador\/"]}]},{"@type":"ImageObject","inLanguage":"pt-BR","@id":"https:\/\/www.gaveanews.com\/index.php\/2024\/05\/07\/flamengo-faz-publicacao-direcionada-a-adriano-imperador\/#primaryimage","url":"https:\/\/www.gaveanews.com\/wp-content\/uploads\/adriano-imperador-flamengo.webp","contentUrl":"https:\/\/www.gaveanews.com\/wp-content\/uploads\/adriano-imperador-flamengo.webp","width":640,"height":400,"caption":"Adriano Imperador em a\u00e7\u00e3o pelo Flamengo (Foto: Reprodu\u00e7\u00e3o)"},{"@type":"BreadcrumbList","@id":"https:\/\/www.gaveanews.com\/index.php\/2024\/05\/07\/flamengo-faz-publicacao-direcionada-a-adriano-imperador\/#breadcrumb","itemListElement":[{"@type":"ListItem","position":1,"name":"Home","item":"https:\/\/www.gaveanews.com\/"},{"@type":"ListItem","position":2,"name":"Flamengo faz publica\u00e7\u00e3o direcionada a Adriano Imperador"}]},{"@type":"WebSite","@id":"https:\/\/www.gaveanews.com\/#website","url":"https:\/\/www.gaveanews.com\/","name":"G\u00e1vea News","description":"Veja todas as not\u00edcias sobre o Flamengo: Contrata\u00e7\u00f5es, categorias de base, resultados das partidas, tabela de classifica\u00e7\u00e3o, pr\u00f3ximos jogos!","potentialAction":[{"@type":"SearchAction","target":{"@type":"EntryPoint","urlTemplate":"https:\/\/www.gaveanews.com\/?s={search_term_string}"},"query-input":{"@type":"PropertyValueSpecification","valueRequired":true,"valueName":"search_term_string"}}],"inLanguage":"pt-BR"},{"@type":"Person","@id":"https:\/\/www.gaveanews.com\/#\/schema\/person\/714c67050b836198af2450ba1c142a67","name":"Let\u00edcia Gerheim","image":{"@type":"ImageObject","inLanguage":"pt-BR","@id":"https:\/\/www.gaveanews.com\/#\/schema\/person\/image\/","url":"https:\/\/secure.gravatar.com\/avatar\/60734739c50fcebfbac509e2a826ccd0ff405c019bc73aab9354f19ecad1dcb4?s=96&d=mm&r=g","contentUrl":"https:\/\/secure.gravatar.com\/avatar\/60734739c50fcebfbac509e2a826ccd0ff405c019bc73aab9354f19ecad1dcb4?s=96&d=mm&r=g","caption":"Let\u00edcia Gerheim"}}]}},"_links":{"self":[{"href":"https:\/\/www.gaveanews.com\/index.php\/wp-json\/wp\/v2\/posts\/141988","targetHints":{"allow":["GET"]}}],"collection":[{"href":"https:\/\/www.gaveanews.com\/index.php\/wp-json\/wp\/v2\/posts"}],"about":[{"href":"https:\/\/www.gaveanews.com\/index.php\/wp-json\/wp\/v2\/types\/post"}],"author":[{"embeddable":true,"href":"https:\/\/www.gaveanews.com\/index.php\/wp-json\/wp\/v2\/users\/4"}],"replies":[{"embeddable":true,"href":"https:\/\/www.gaveanews.com\/index.php\/wp-json\/wp\/v2\/comments?post=141988"}],"version-history":[{"count":1,"href":"https:\/\/www.gaveanews.com\/index.php\/wp-json\/wp\/v2\/posts\/141988\/revisions"}],"predecessor-version":[{"id":141993,"href":"https:\/\/www.gaveanews.com\/index.php\/wp-json\/wp\/v2\/posts\/141988\/revisions\/141993"}],"wp:featuredmedia":[{"embeddable":true,"href":"https:\/\/www.gaveanews.com\/index.php\/wp-json\/wp\/v2\/media\/112549"}],"wp:attachment":[{"href":"https:\/\/www.gaveanews.com\/index.php\/wp-json\/wp\/v2\/media?parent=141988"}],"wp:term":[{"taxonomy":"category","embeddable":true,"href":"https:\/\/www.gaveanews.com\/index.php\/wp-json\/wp\/v2\/categories?post=141988"},{"taxonomy":"post_tag","embeddable":true,"href":"https:\/\/www.gaveanews.com\/index.php\/wp-json\/wp\/v2\/tags?post=141988"}],"curies":[{"name":"wp","href":"https:\/\/api.w.org\/{rel}","templated":true}]}}