{"id":142031,"date":"2024-05-08T09:00:00","date_gmt":"2024-05-08T12:00:00","guid":{"rendered":"https:\/\/www.gaveanews.com\/?p=142031"},"modified":"2024-05-08T09:54:31","modified_gmt":"2024-05-08T12:54:31","slug":"empresa-avaliada-em-1-trilhao-assina-com-o-palmeiras","status":"publish","type":"post","link":"https:\/\/www.gaveanews.com\/index.php\/2024\/05\/08\/empresa-avaliada-em-1-trilhao-assina-com-o-palmeiras\/","title":{"rendered":"Empresa avaliada em 1 TRILH\u00c3O assina com o Palmeiras"},"content":{"rendered":"\n<h2 class=\"wp-block-heading\" id=\"h-palmeiras-nbsp-se-une-a-gigante-de-tecnologia-nbsp-adobe-nbsp-para-aprimorar-servicos-do-acervo-digital-do-clube\">Palmeiras&nbsp;se une \u00e0 gigante de tecnologia&nbsp;Adobe&nbsp;para aprimorar servi\u00e7os do acervo digital do clube<\/h2>\n\n\n\n<p>De acordo com o comunicado divulgado hoje (07) pelo Departamento de Comunica\u00e7\u00e3o do Palmeiras, o clube estabelecer\u00e1 uma nova parceria com a Adobe, uma empresa de softwares, com o objetivo de aprimorar os arquivos digitais da institui\u00e7\u00e3o. O valor de mercado da Adobe \u00e9 de 221 bilh\u00f5es de d\u00f3lares, ou seja, 1,1 trilh\u00e3o de reais.<\/p>\n\n\n\n<p>Em conjunto com o setor de marketing do clube paulista, a Adobe ter\u00e1 a responsabilidade de organizar e padronizar a vasta gama de documentos e registros hist\u00f3ricos do Palmeiras em um extenso e completo acervo digital. \u00c9 a primeira vez que presenciamos uma parceria desse tipo entre uma empresa de tecnologia e um clube esportivo brasileiro para tais prop\u00f3sitos.<\/p>\n\n\n\n<p><em>\u2014&nbsp;O Palmeiras sempre se une com os melhores do mercado, e estabelecer essa parceria com a Adobe nos garantir\u00e1 o pronto acesso ao que h\u00e1 de melhor em termos de tecnologia. A f\u00e1cil integra\u00e7\u00e3o da plataforma da Adobe com outras ferramentas que j\u00e1 usamos tornar\u00e1 a nossa comunica\u00e7\u00e3o com os torcedores ainda mais pr\u00f3xima e relevante, declarou Everaldo Coelho, diretor de marketing do Palmeiras.<\/em><\/p>\n\n\n\n<figure class=\"wp-block-image size-large\"><img loading=\"lazy\" decoding=\"async\" width=\"1024\" height=\"576\" src=\"https:\/\/www.gaveanews.com\/wp-content\/uploads\/palmeiras-adobe-1024x576.webp\" alt=\"\" class=\"wp-image-142033\" srcset=\"https:\/\/www.gaveanews.com\/wp-content\/uploads\/palmeiras-adobe-1024x576.webp 1024w, https:\/\/www.gaveanews.com\/wp-content\/uploads\/palmeiras-adobe-300x169.webp 300w, https:\/\/www.gaveanews.com\/wp-content\/uploads\/palmeiras-adobe-768x432.webp 768w, https:\/\/www.gaveanews.com\/wp-content\/uploads\/palmeiras-adobe-746x420.webp 746w, https:\/\/www.gaveanews.com\/wp-content\/uploads\/palmeiras-adobe-640x360.webp 640w, https:\/\/www.gaveanews.com\/wp-content\/uploads\/palmeiras-adobe-1280x720.webp 1280w, https:\/\/www.gaveanews.com\/wp-content\/uploads\/palmeiras-adobe-681x383.webp 681w, https:\/\/www.gaveanews.com\/wp-content\/uploads\/palmeiras-adobe-100x56.webp 100w, https:\/\/www.gaveanews.com\/wp-content\/uploads\/palmeiras-adobe.webp 1320w\" sizes=\"auto, (max-width: 1024px) 100vw, 1024px\" \/><figcaption class=\"wp-element-caption\">Imagem: Divulga\u00e7\u00e3o\/Palmeiras\n<\/figcaption><\/figure>\n\n\n\n<p><em>\u2014&nbsp;O Palmeiras tem um forte compromisso com o pioneirismo. A nossa parceria com a Adobe \u00e9 mais um demonstrativo da nossa capacidade de estar sempre \u00e0 frente nas iniciativas do esporte sul-americano, completou.&nbsp;<\/em><\/p>\n\n\n\n<p>Inicialmente, o Palmeiras pretende utilizar a tecnologia para ordenar, com o aux\u00edlio de intelig\u00eancia artificial, os registros hist\u00f3ricos do clube de forma que se tornem facilmente localiz\u00e1veis e garantam uma preserva\u00e7\u00e3o mais segura.<\/p>\n\n\n\n<p>Essa funcionalidade \u00e9 viabilizada pela tecnologia Adobe Firefly, que \u00e9 capaz de empregar a intelig\u00eancia artificial para criar conte\u00fados com base em fotos e v\u00eddeos reais.<\/p>\n\n\n\n<p>O Palmeiras tamb\u00e9m contar\u00e1 com o GenStudio, ferramenta da Adobe com IA generativa capaz de criar e gerenciar de forma din\u00e2mica conte\u00fado digital em diversos canais do clube.<\/p>\n","protected":false},"excerpt":{"rendered":"<p>Empresa avaliada em 1 TRILH\u00c3O assina com o Palmeiras<\/p>\n","protected":false},"author":16,"featured_media":108277,"comment_status":"open","ping_status":"closed","sticky":false,"template":"","format":"standard","meta":{"footnotes":""},"categories":[150],"tags":[],"class_list":["post-142031","post","type-post","status-publish","format-standard","has-post-thumbnail","hentry","category-palmeiras"],"yoast_head":"<!-- This site is optimized with the Yoast SEO Premium plugin v24.2 (Yoast SEO v26.9) - https:\/\/yoast.com\/product\/yoast-seo-premium-wordpress\/ -->\n<title>Empresa avaliada em 1 TRILH\u00c3O assina com o Palmeiras<\/title>\n<meta name=\"robots\" content=\"index, follow, max-snippet:-1, max-image-preview:large, max-video-preview:-1\" \/>\n<link rel=\"canonical\" href=\"https:\/\/www.gaveanews.com\/index.php\/2024\/05\/08\/empresa-avaliada-em-1-trilhao-assina-com-o-palmeiras\/\" \/>\n<meta property=\"og:locale\" content=\"pt_BR\" \/>\n<meta property=\"og:type\" content=\"article\" \/>\n<meta property=\"og:title\" content=\"Empresa avaliada em 1 TRILH\u00c3O assina com o Palmeiras\" \/>\n<meta property=\"og:description\" content=\"Empresa avaliada em 1 TRILH\u00c3O assina com o Palmeiras\" \/>\n<meta property=\"og:url\" content=\"https:\/\/www.gaveanews.com\/index.php\/2024\/05\/08\/empresa-avaliada-em-1-trilhao-assina-com-o-palmeiras\/\" \/>\n<meta property=\"og:site_name\" content=\"G\u00e1vea News\" \/>\n<meta property=\"article:publisher\" content=\"https:\/\/facebook.com\/gaveaNews\/\" \/>\n<meta property=\"article:published_time\" content=\"2024-05-08T12:00:00+00:00\" \/>\n<meta property=\"article:modified_time\" content=\"2024-05-08T12:54:31+00:00\" \/>\n<meta property=\"og:image\" content=\"https:\/\/www.gaveanews.com\/wp-content\/uploads\/Leila-Pereira-durante-coletiva-do-Palmeiras.webp\" \/>\n\t<meta property=\"og:image:width\" content=\"1200\" \/>\n\t<meta property=\"og:image:height\" content=\"750\" \/>\n\t<meta property=\"og:image:type\" content=\"image\/webp\" \/>\n<meta name=\"author\" content=\"D\u00e9bora Figueiredo\" \/>\n<meta name=\"twitter:card\" content=\"summary_large_image\" \/>\n<meta name=\"twitter:label1\" content=\"Escrito por\" \/>\n\t<meta name=\"twitter:data1\" content=\"D\u00e9bora Figueiredo\" \/>\n\t<meta name=\"twitter:label2\" content=\"Est. tempo de leitura\" \/>\n\t<meta name=\"twitter:data2\" content=\"3 minutos\" \/>\n<script type=\"application\/ld+json\" class=\"yoast-schema-graph\">{\"@context\":\"https:\/\/schema.org\",\"@graph\":[{\"@type\":\"NewsArticle\",\"@id\":\"https:\/\/www.gaveanews.com\/index.php\/2024\/05\/08\/empresa-avaliada-em-1-trilhao-assina-com-o-palmeiras\/#article\",\"isPartOf\":{\"@id\":\"https:\/\/www.gaveanews.com\/index.php\/2024\/05\/08\/empresa-avaliada-em-1-trilhao-assina-com-o-palmeiras\/\"},\"author\":{\"name\":\"D\u00e9bora Figueiredo\",\"@id\":\"https:\/\/www.gaveanews.com\/#\/schema\/person\/37122681a8575a5c8db05a56f099a5e4\"},\"headline\":\"Empresa avaliada em 1 TRILH\u00c3O assina com o Palmeiras\",\"datePublished\":\"2024-05-08T12:00:00+00:00\",\"dateModified\":\"2024-05-08T12:54:31+00:00\",\"mainEntityOfPage\":{\"@id\":\"https:\/\/www.gaveanews.com\/index.php\/2024\/05\/08\/empresa-avaliada-em-1-trilhao-assina-com-o-palmeiras\/\"},\"wordCount\":346,\"commentCount\":0,\"image\":{\"@id\":\"https:\/\/www.gaveanews.com\/index.php\/2024\/05\/08\/empresa-avaliada-em-1-trilhao-assina-com-o-palmeiras\/#primaryimage\"},\"thumbnailUrl\":\"https:\/\/www.gaveanews.com\/wp-content\/uploads\/Leila-Pereira-durante-coletiva-do-Palmeiras.webp\",\"articleSection\":[\"Palmeiras\"],\"inLanguage\":\"pt-BR\",\"potentialAction\":[{\"@type\":\"CommentAction\",\"name\":\"Comment\",\"target\":[\"https:\/\/www.gaveanews.com\/index.php\/2024\/05\/08\/empresa-avaliada-em-1-trilhao-assina-com-o-palmeiras\/#respond\"]}],\"copyrightYear\":\"2024\",\"copyrightHolder\":{\"@id\":\"https:\/\/www.gaveanews.com\/#organization\"}},{\"@type\":\"WebPage\",\"@id\":\"https:\/\/www.gaveanews.com\/index.php\/2024\/05\/08\/empresa-avaliada-em-1-trilhao-assina-com-o-palmeiras\/\",\"url\":\"https:\/\/www.gaveanews.com\/index.php\/2024\/05\/08\/empresa-avaliada-em-1-trilhao-assina-com-o-palmeiras\/\",\"name\":\"Empresa avaliada em 1 TRILH\u00c3O assina com o Palmeiras\",\"isPartOf\":{\"@id\":\"https:\/\/www.gaveanews.com\/#website\"},\"primaryImageOfPage\":{\"@id\":\"https:\/\/www.gaveanews.com\/index.php\/2024\/05\/08\/empresa-avaliada-em-1-trilhao-assina-com-o-palmeiras\/#primaryimage\"},\"image\":{\"@id\":\"https:\/\/www.gaveanews.com\/index.php\/2024\/05\/08\/empresa-avaliada-em-1-trilhao-assina-com-o-palmeiras\/#primaryimage\"},\"thumbnailUrl\":\"https:\/\/www.gaveanews.com\/wp-content\/uploads\/Leila-Pereira-durante-coletiva-do-Palmeiras.webp\",\"datePublished\":\"2024-05-08T12:00:00+00:00\",\"dateModified\":\"2024-05-08T12:54:31+00:00\",\"author\":{\"@id\":\"https:\/\/www.gaveanews.com\/#\/schema\/person\/37122681a8575a5c8db05a56f099a5e4\"},\"breadcrumb\":{\"@id\":\"https:\/\/www.gaveanews.com\/index.php\/2024\/05\/08\/empresa-avaliada-em-1-trilhao-assina-com-o-palmeiras\/#breadcrumb\"},\"inLanguage\":\"pt-BR\",\"potentialAction\":[{\"@type\":\"ReadAction\",\"target\":[\"https:\/\/www.gaveanews.com\/index.php\/2024\/05\/08\/empresa-avaliada-em-1-trilhao-assina-com-o-palmeiras\/\"]}]},{\"@type\":\"ImageObject\",\"inLanguage\":\"pt-BR\",\"@id\":\"https:\/\/www.gaveanews.com\/index.php\/2024\/05\/08\/empresa-avaliada-em-1-trilhao-assina-com-o-palmeiras\/#primaryimage\",\"url\":\"https:\/\/www.gaveanews.com\/wp-content\/uploads\/Leila-Pereira-durante-coletiva-do-Palmeiras.webp\",\"contentUrl\":\"https:\/\/www.gaveanews.com\/wp-content\/uploads\/Leila-Pereira-durante-coletiva-do-Palmeiras.webp\",\"width\":1200,\"height\":750,\"caption\":\"Leila Pereira durante coletiva do Palmeiras (Foto: Reprodu\u00e7\u00e3o)\"},{\"@type\":\"BreadcrumbList\",\"@id\":\"https:\/\/www.gaveanews.com\/index.php\/2024\/05\/08\/empresa-avaliada-em-1-trilhao-assina-com-o-palmeiras\/#breadcrumb\",\"itemListElement\":[{\"@type\":\"ListItem\",\"position\":1,\"name\":\"Home\",\"item\":\"https:\/\/www.gaveanews.com\/\"},{\"@type\":\"ListItem\",\"position\":2,\"name\":\"Empresa avaliada em 1 TRILH\u00c3O assina com o Palmeiras\"}]},{\"@type\":\"WebSite\",\"@id\":\"https:\/\/www.gaveanews.com\/#website\",\"url\":\"https:\/\/www.gaveanews.com\/\",\"name\":\"G\u00e1vea News\",\"description\":\"Veja todas as not\u00edcias sobre o Flamengo: Contrata\u00e7\u00f5es, categorias de base, resultados das partidas, tabela de classifica\u00e7\u00e3o, pr\u00f3ximos jogos!\",\"potentialAction\":[{\"@type\":\"SearchAction\",\"target\":{\"@type\":\"EntryPoint\",\"urlTemplate\":\"https:\/\/www.gaveanews.com\/?s={search_term_string}\"},\"query-input\":{\"@type\":\"PropertyValueSpecification\",\"valueRequired\":true,\"valueName\":\"search_term_string\"}}],\"inLanguage\":\"pt-BR\"},{\"@type\":\"Person\",\"@id\":\"https:\/\/www.gaveanews.com\/#\/schema\/person\/37122681a8575a5c8db05a56f099a5e4\",\"name\":\"D\u00e9bora Figueiredo\",\"image\":{\"@type\":\"ImageObject\",\"inLanguage\":\"pt-BR\",\"@id\":\"https:\/\/www.gaveanews.com\/#\/schema\/person\/image\/\",\"url\":\"https:\/\/secure.gravatar.com\/avatar\/1f44802859351588499d26f52aed1d15796ce17e67602895b72837c08018868d?s=96&d=mm&r=g\",\"contentUrl\":\"https:\/\/secure.gravatar.com\/avatar\/1f44802859351588499d26f52aed1d15796ce17e67602895b72837c08018868d?s=96&d=mm&r=g\",\"caption\":\"D\u00e9bora Figueiredo\"}}]}<\/script>\n<!-- \/ Yoast SEO Premium plugin. -->","yoast_head_json":{"title":"Empresa avaliada em 1 TRILH\u00c3O assina com o Palmeiras","robots":{"index":"index","follow":"follow","max-snippet":"max-snippet:-1","max-image-preview":"max-image-preview:large","max-video-preview":"max-video-preview:-1"},"canonical":"https:\/\/www.gaveanews.com\/index.php\/2024\/05\/08\/empresa-avaliada-em-1-trilhao-assina-com-o-palmeiras\/","og_locale":"pt_BR","og_type":"article","og_title":"Empresa avaliada em 1 TRILH\u00c3O assina com o Palmeiras","og_description":"Empresa avaliada em 1 TRILH\u00c3O assina com o Palmeiras","og_url":"https:\/\/www.gaveanews.com\/index.php\/2024\/05\/08\/empresa-avaliada-em-1-trilhao-assina-com-o-palmeiras\/","og_site_name":"G\u00e1vea News","article_publisher":"https:\/\/facebook.com\/gaveaNews\/","article_published_time":"2024-05-08T12:00:00+00:00","article_modified_time":"2024-05-08T12:54:31+00:00","og_image":[{"width":1200,"height":750,"url":"https:\/\/www.gaveanews.com\/wp-content\/uploads\/Leila-Pereira-durante-coletiva-do-Palmeiras.webp","type":"image\/webp"}],"author":"D\u00e9bora Figueiredo","twitter_card":"summary_large_image","twitter_misc":{"Escrito por":"D\u00e9bora Figueiredo","Est. tempo de leitura":"3 minutos"},"schema":{"@context":"https:\/\/schema.org","@graph":[{"@type":"NewsArticle","@id":"https:\/\/www.gaveanews.com\/index.php\/2024\/05\/08\/empresa-avaliada-em-1-trilhao-assina-com-o-palmeiras\/#article","isPartOf":{"@id":"https:\/\/www.gaveanews.com\/index.php\/2024\/05\/08\/empresa-avaliada-em-1-trilhao-assina-com-o-palmeiras\/"},"author":{"name":"D\u00e9bora Figueiredo","@id":"https:\/\/www.gaveanews.com\/#\/schema\/person\/37122681a8575a5c8db05a56f099a5e4"},"headline":"Empresa avaliada em 1 TRILH\u00c3O assina com o Palmeiras","datePublished":"2024-05-08T12:00:00+00:00","dateModified":"2024-05-08T12:54:31+00:00","mainEntityOfPage":{"@id":"https:\/\/www.gaveanews.com\/index.php\/2024\/05\/08\/empresa-avaliada-em-1-trilhao-assina-com-o-palmeiras\/"},"wordCount":346,"commentCount":0,"image":{"@id":"https:\/\/www.gaveanews.com\/index.php\/2024\/05\/08\/empresa-avaliada-em-1-trilhao-assina-com-o-palmeiras\/#primaryimage"},"thumbnailUrl":"https:\/\/www.gaveanews.com\/wp-content\/uploads\/Leila-Pereira-durante-coletiva-do-Palmeiras.webp","articleSection":["Palmeiras"],"inLanguage":"pt-BR","potentialAction":[{"@type":"CommentAction","name":"Comment","target":["https:\/\/www.gaveanews.com\/index.php\/2024\/05\/08\/empresa-avaliada-em-1-trilhao-assina-com-o-palmeiras\/#respond"]}],"copyrightYear":"2024","copyrightHolder":{"@id":"https:\/\/www.gaveanews.com\/#organization"}},{"@type":"WebPage","@id":"https:\/\/www.gaveanews.com\/index.php\/2024\/05\/08\/empresa-avaliada-em-1-trilhao-assina-com-o-palmeiras\/","url":"https:\/\/www.gaveanews.com\/index.php\/2024\/05\/08\/empresa-avaliada-em-1-trilhao-assina-com-o-palmeiras\/","name":"Empresa avaliada em 1 TRILH\u00c3O assina com o Palmeiras","isPartOf":{"@id":"https:\/\/www.gaveanews.com\/#website"},"primaryImageOfPage":{"@id":"https:\/\/www.gaveanews.com\/index.php\/2024\/05\/08\/empresa-avaliada-em-1-trilhao-assina-com-o-palmeiras\/#primaryimage"},"image":{"@id":"https:\/\/www.gaveanews.com\/index.php\/2024\/05\/08\/empresa-avaliada-em-1-trilhao-assina-com-o-palmeiras\/#primaryimage"},"thumbnailUrl":"https:\/\/www.gaveanews.com\/wp-content\/uploads\/Leila-Pereira-durante-coletiva-do-Palmeiras.webp","datePublished":"2024-05-08T12:00:00+00:00","dateModified":"2024-05-08T12:54:31+00:00","author":{"@id":"https:\/\/www.gaveanews.com\/#\/schema\/person\/37122681a8575a5c8db05a56f099a5e4"},"breadcrumb":{"@id":"https:\/\/www.gaveanews.com\/index.php\/2024\/05\/08\/empresa-avaliada-em-1-trilhao-assina-com-o-palmeiras\/#breadcrumb"},"inLanguage":"pt-BR","potentialAction":[{"@type":"ReadAction","target":["https:\/\/www.gaveanews.com\/index.php\/2024\/05\/08\/empresa-avaliada-em-1-trilhao-assina-com-o-palmeiras\/"]}]},{"@type":"ImageObject","inLanguage":"pt-BR","@id":"https:\/\/www.gaveanews.com\/index.php\/2024\/05\/08\/empresa-avaliada-em-1-trilhao-assina-com-o-palmeiras\/#primaryimage","url":"https:\/\/www.gaveanews.com\/wp-content\/uploads\/Leila-Pereira-durante-coletiva-do-Palmeiras.webp","contentUrl":"https:\/\/www.gaveanews.com\/wp-content\/uploads\/Leila-Pereira-durante-coletiva-do-Palmeiras.webp","width":1200,"height":750,"caption":"Leila Pereira durante coletiva do Palmeiras (Foto: Reprodu\u00e7\u00e3o)"},{"@type":"BreadcrumbList","@id":"https:\/\/www.gaveanews.com\/index.php\/2024\/05\/08\/empresa-avaliada-em-1-trilhao-assina-com-o-palmeiras\/#breadcrumb","itemListElement":[{"@type":"ListItem","position":1,"name":"Home","item":"https:\/\/www.gaveanews.com\/"},{"@type":"ListItem","position":2,"name":"Empresa avaliada em 1 TRILH\u00c3O assina com o Palmeiras"}]},{"@type":"WebSite","@id":"https:\/\/www.gaveanews.com\/#website","url":"https:\/\/www.gaveanews.com\/","name":"G\u00e1vea News","description":"Veja todas as not\u00edcias sobre o Flamengo: Contrata\u00e7\u00f5es, categorias de base, resultados das partidas, tabela de classifica\u00e7\u00e3o, pr\u00f3ximos jogos!","potentialAction":[{"@type":"SearchAction","target":{"@type":"EntryPoint","urlTemplate":"https:\/\/www.gaveanews.com\/?s={search_term_string}"},"query-input":{"@type":"PropertyValueSpecification","valueRequired":true,"valueName":"search_term_string"}}],"inLanguage":"pt-BR"},{"@type":"Person","@id":"https:\/\/www.gaveanews.com\/#\/schema\/person\/37122681a8575a5c8db05a56f099a5e4","name":"D\u00e9bora Figueiredo","image":{"@type":"ImageObject","inLanguage":"pt-BR","@id":"https:\/\/www.gaveanews.com\/#\/schema\/person\/image\/","url":"https:\/\/secure.gravatar.com\/avatar\/1f44802859351588499d26f52aed1d15796ce17e67602895b72837c08018868d?s=96&d=mm&r=g","contentUrl":"https:\/\/secure.gravatar.com\/avatar\/1f44802859351588499d26f52aed1d15796ce17e67602895b72837c08018868d?s=96&d=mm&r=g","caption":"D\u00e9bora Figueiredo"}}]}},"_links":{"self":[{"href":"https:\/\/www.gaveanews.com\/index.php\/wp-json\/wp\/v2\/posts\/142031","targetHints":{"allow":["GET"]}}],"collection":[{"href":"https:\/\/www.gaveanews.com\/index.php\/wp-json\/wp\/v2\/posts"}],"about":[{"href":"https:\/\/www.gaveanews.com\/index.php\/wp-json\/wp\/v2\/types\/post"}],"author":[{"embeddable":true,"href":"https:\/\/www.gaveanews.com\/index.php\/wp-json\/wp\/v2\/users\/16"}],"replies":[{"embeddable":true,"href":"https:\/\/www.gaveanews.com\/index.php\/wp-json\/wp\/v2\/comments?post=142031"}],"version-history":[{"count":2,"href":"https:\/\/www.gaveanews.com\/index.php\/wp-json\/wp\/v2\/posts\/142031\/revisions"}],"predecessor-version":[{"id":142049,"href":"https:\/\/www.gaveanews.com\/index.php\/wp-json\/wp\/v2\/posts\/142031\/revisions\/142049"}],"wp:featuredmedia":[{"embeddable":true,"href":"https:\/\/www.gaveanews.com\/index.php\/wp-json\/wp\/v2\/media\/108277"}],"wp:attachment":[{"href":"https:\/\/www.gaveanews.com\/index.php\/wp-json\/wp\/v2\/media?parent=142031"}],"wp:term":[{"taxonomy":"category","embeddable":true,"href":"https:\/\/www.gaveanews.com\/index.php\/wp-json\/wp\/v2\/categories?post=142031"},{"taxonomy":"post_tag","embeddable":true,"href":"https:\/\/www.gaveanews.com\/index.php\/wp-json\/wp\/v2\/tags?post=142031"}],"curies":[{"name":"wp","href":"https:\/\/api.w.org\/{rel}","templated":true}]}}