{"id":143223,"date":"2024-05-15T14:12:32","date_gmt":"2024-05-15T17:12:32","guid":{"rendered":"https:\/\/www.gaveanews.com\/?p=143223"},"modified":"2024-05-15T14:12:34","modified_gmt":"2024-05-15T17:12:34","slug":"a-declaracao-de-yuri-alberto-sobre-a-torcida-do-corinthians","status":"publish","type":"post","link":"https:\/\/www.gaveanews.com\/index.php\/2024\/05\/15\/a-declaracao-de-yuri-alberto-sobre-a-torcida-do-corinthians\/","title":{"rendered":"A declara\u00e7\u00e3o de Yuri Alberto sobre a torcida do Corinthians"},"content":{"rendered":"\n<p>O Corinthians goleou o Argentinos Juniors na \u00faltima ter\u00e7a-feira (14), pela Copa Sul-Americana. A vit\u00f3ria foi essencial para o time paulista, que chegou a 10 pontos no Grupo F, subindo para a segunda coloca\u00e7\u00e3o e ficando apenas um ponto atr\u00e1s do Racing, atual l\u00edder da tabela.<\/p>\n\n\n\n<p>Yuri Alberto foi acionado por Ant\u00f3nio Oliveira para ser titular no confronto. O atacante fez um bom jogo e marcou dois gols, levando a torcida corintiana \u00e0 loucura na Neo Qu\u00edmica Arena.<\/p>\n\n\n\n<p>O jogador foi entrevistado na beira do gramado e falou sobre a rea\u00e7\u00e3o da torcida ao desempenho do time. Ele falou com bom humor sobre as cr\u00edticas recebidas anteriormente e agradeceu pelo carinho que vem recebendo.<\/p>\n\n\n\n<p><em>&#8211; Agora, todo mundo confia, \u00e9 f\u00e1cil (risos). S\u00f3 tenho a agradecer pelo carinho de todos, especialmente pela minha dedica\u00e7\u00e3o, independentemente das cr\u00edticas. E tamb\u00e9m aos meus companheiros, que sempre me ajudam.<\/em><\/p>\n\n\n\n<p>Apesar de ter se recuperado de les\u00e3o, Yuri Alberto conta que sentiu muito desconforto e ainda trabalha para ficar 100%, fazendo tratamento duas vezes ao dia.<\/p>\n\n\n\n<p><em>&#8211; Eu fa\u00e7o tratamento duas vezes por dia, mesmo nos dias de folga, continuo tratando em casa, porque \u00e9 uma dor que me incomodava bastante. Agora, depois do jogo, com esse frio, meu joelho est\u00e1 doendo muito. Mas \u00e9 algo que podemos controlar com a carga dos treinos para que, durante os jogos, eu esteja bem e possa me entregar em campo.<\/em><\/p>\n\n\n\n<h2 class=\"wp-block-heading\" id=\"h-agenda-do-corinthians-para-o-mes-de-maio\">Agenda do Corinthians para o m\u00eas de maio<\/h2>\n\n\n\n<ul class=\"wp-block-list\">\n<li>01\/05 &#8211; Am\u00e9rica-RN 1 x 2 Corinthians &#8211; 20h &#8211; Copa do Brasil<\/li>\n\n\n\n<li>04\/05 &#8211; Corinthians 0 x 0 Fortaleza &#8211; 21h &#8211; Campeonato Brasileiro<\/li>\n\n\n\n<li>07\/05 &#8211; Nacional 0 x 2 Corinthians &#8211; 19h &#8211; Copa Sul-Americana<\/li>\n\n\n\n<li>11\/05 &#8211; Flamengo 2 x 0 Corinthians &#8211; 16h &#8211; Campeonato Brasileiro<\/li>\n\n\n\n<li>14\/05 &#8211; Corinthians 4 x 0 Argentinos Juniors &#8211; Copa Sul-Americana<\/li>\n\n\n\n<li><strong>19\/05 &#8211; Corinthians x Botafogo &#8211; 16h &#8211; Campeonato Brasileiro<\/strong><\/li>\n\n\n\n<li>21\/05 &#8211; Corinthians x Am\u00e9rica-RN &#8211; 20h &#8211; Copa do Brasil<\/li>\n\n\n\n<li>25\/05 &#8211; Atl\u00e9tico-GO x Corinthians &#8211; 18h30 &#8211; Campeonato Brasileiro<\/li>\n\n\n\n<li>28\/05 &#8211; Corinthians x Racing &#8211; 19h &#8211; Copa Sul-Americana<\/li>\n\n\n\n<li><em>Obs.: todos os hor\u00e1rios est\u00e3o alinhados ao fuso de Bras\u00edlia.<\/em><\/li>\n<\/ul>\n","protected":false},"excerpt":{"rendered":"<p>O Corinthians goleou o Argentinos Juniors na \u00faltima ter\u00e7a-feira (14), pela Copa Sul-Americana. A vit\u00f3ria foi essencial para o time paulista, que chegou a 10 pontos no Grupo F, subindo para a segunda coloca\u00e7\u00e3o e ficando apenas um ponto atr\u00e1s do Racing, atual l\u00edder da tabela. Yuri Alberto foi acionado por Ant\u00f3nio Oliveira para ser [&hellip;]<\/p>\n","protected":false},"author":4,"featured_media":123641,"comment_status":"open","ping_status":"closed","sticky":false,"template":"","format":"standard","meta":{"footnotes":""},"categories":[141],"tags":[],"class_list":["post-143223","post","type-post","status-publish","format-standard","has-post-thumbnail","hentry","category-corinthians"],"yoast_head":"<!-- This site is optimized with the Yoast SEO Premium plugin v24.2 (Yoast SEO v26.9) - https:\/\/yoast.com\/product\/yoast-seo-premium-wordpress\/ -->\n<title>A declara\u00e7\u00e3o de Yuri Alberto sobre a torcida do Corinthians<\/title>\n<meta name=\"robots\" content=\"index, follow, max-snippet:-1, max-image-preview:large, max-video-preview:-1\" \/>\n<link rel=\"canonical\" href=\"https:\/\/www.gaveanews.com\/index.php\/2024\/05\/15\/a-declaracao-de-yuri-alberto-sobre-a-torcida-do-corinthians\/\" \/>\n<meta property=\"og:locale\" content=\"pt_BR\" \/>\n<meta property=\"og:type\" content=\"article\" \/>\n<meta property=\"og:title\" content=\"A declara\u00e7\u00e3o de Yuri Alberto sobre a torcida do Corinthians\" \/>\n<meta property=\"og:description\" content=\"O Corinthians goleou o Argentinos Juniors na \u00faltima ter\u00e7a-feira (14), pela Copa Sul-Americana. A vit\u00f3ria foi essencial para o time paulista, que chegou a 10 pontos no Grupo F, subindo para a segunda coloca\u00e7\u00e3o e ficando apenas um ponto atr\u00e1s do Racing, atual l\u00edder da tabela. Yuri Alberto foi acionado por Ant\u00f3nio Oliveira para ser [&hellip;]\" \/>\n<meta property=\"og:url\" content=\"https:\/\/www.gaveanews.com\/index.php\/2024\/05\/15\/a-declaracao-de-yuri-alberto-sobre-a-torcida-do-corinthians\/\" \/>\n<meta property=\"og:site_name\" content=\"G\u00e1vea News\" \/>\n<meta property=\"article:publisher\" content=\"https:\/\/facebook.com\/gaveaNews\/\" \/>\n<meta property=\"article:published_time\" content=\"2024-05-15T17:12:32+00:00\" \/>\n<meta property=\"article:modified_time\" content=\"2024-05-15T17:12:34+00:00\" \/>\n<meta property=\"og:image\" content=\"https:\/\/www.gaveanews.com\/wp-content\/uploads\/Yuri-Alberto-durante-treinamento-do-Corinthians.webp\" \/>\n\t<meta property=\"og:image:width\" content=\"800\" \/>\n\t<meta property=\"og:image:height\" content=\"571\" \/>\n\t<meta property=\"og:image:type\" content=\"image\/jpeg\" \/>\n<meta name=\"author\" content=\"Let\u00edcia Gerheim\" \/>\n<meta name=\"twitter:card\" content=\"summary_large_image\" \/>\n<meta name=\"twitter:label1\" content=\"Escrito por\" \/>\n\t<meta name=\"twitter:data1\" content=\"Let\u00edcia Gerheim\" \/>\n\t<meta name=\"twitter:label2\" content=\"Est. tempo de leitura\" \/>\n\t<meta name=\"twitter:data2\" content=\"2 minutos\" \/>\n<script type=\"application\/ld+json\" class=\"yoast-schema-graph\">{\"@context\":\"https:\/\/schema.org\",\"@graph\":[{\"@type\":\"NewsArticle\",\"@id\":\"https:\/\/www.gaveanews.com\/index.php\/2024\/05\/15\/a-declaracao-de-yuri-alberto-sobre-a-torcida-do-corinthians\/#article\",\"isPartOf\":{\"@id\":\"https:\/\/www.gaveanews.com\/index.php\/2024\/05\/15\/a-declaracao-de-yuri-alberto-sobre-a-torcida-do-corinthians\/\"},\"author\":{\"name\":\"Let\u00edcia Gerheim\",\"@id\":\"https:\/\/www.gaveanews.com\/#\/schema\/person\/714c67050b836198af2450ba1c142a67\"},\"headline\":\"A declara\u00e7\u00e3o de Yuri Alberto sobre a torcida do Corinthians\",\"datePublished\":\"2024-05-15T17:12:32+00:00\",\"dateModified\":\"2024-05-15T17:12:34+00:00\",\"mainEntityOfPage\":{\"@id\":\"https:\/\/www.gaveanews.com\/index.php\/2024\/05\/15\/a-declaracao-de-yuri-alberto-sobre-a-torcida-do-corinthians\/\"},\"wordCount\":360,\"commentCount\":0,\"image\":{\"@id\":\"https:\/\/www.gaveanews.com\/index.php\/2024\/05\/15\/a-declaracao-de-yuri-alberto-sobre-a-torcida-do-corinthians\/#primaryimage\"},\"thumbnailUrl\":\"https:\/\/www.gaveanews.com\/wp-content\/uploads\/Yuri-Alberto-durante-treinamento-do-Corinthians.webp\",\"articleSection\":[\"Corinthians\"],\"inLanguage\":\"pt-BR\",\"potentialAction\":[{\"@type\":\"CommentAction\",\"name\":\"Comment\",\"target\":[\"https:\/\/www.gaveanews.com\/index.php\/2024\/05\/15\/a-declaracao-de-yuri-alberto-sobre-a-torcida-do-corinthians\/#respond\"]}],\"copyrightYear\":\"2024\",\"copyrightHolder\":{\"@id\":\"https:\/\/www.gaveanews.com\/#organization\"}},{\"@type\":\"WebPage\",\"@id\":\"https:\/\/www.gaveanews.com\/index.php\/2024\/05\/15\/a-declaracao-de-yuri-alberto-sobre-a-torcida-do-corinthians\/\",\"url\":\"https:\/\/www.gaveanews.com\/index.php\/2024\/05\/15\/a-declaracao-de-yuri-alberto-sobre-a-torcida-do-corinthians\/\",\"name\":\"A declara\u00e7\u00e3o de Yuri Alberto sobre a torcida do Corinthians\",\"isPartOf\":{\"@id\":\"https:\/\/www.gaveanews.com\/#website\"},\"primaryImageOfPage\":{\"@id\":\"https:\/\/www.gaveanews.com\/index.php\/2024\/05\/15\/a-declaracao-de-yuri-alberto-sobre-a-torcida-do-corinthians\/#primaryimage\"},\"image\":{\"@id\":\"https:\/\/www.gaveanews.com\/index.php\/2024\/05\/15\/a-declaracao-de-yuri-alberto-sobre-a-torcida-do-corinthians\/#primaryimage\"},\"thumbnailUrl\":\"https:\/\/www.gaveanews.com\/wp-content\/uploads\/Yuri-Alberto-durante-treinamento-do-Corinthians.webp\",\"datePublished\":\"2024-05-15T17:12:32+00:00\",\"dateModified\":\"2024-05-15T17:12:34+00:00\",\"author\":{\"@id\":\"https:\/\/www.gaveanews.com\/#\/schema\/person\/714c67050b836198af2450ba1c142a67\"},\"breadcrumb\":{\"@id\":\"https:\/\/www.gaveanews.com\/index.php\/2024\/05\/15\/a-declaracao-de-yuri-alberto-sobre-a-torcida-do-corinthians\/#breadcrumb\"},\"inLanguage\":\"pt-BR\",\"potentialAction\":[{\"@type\":\"ReadAction\",\"target\":[\"https:\/\/www.gaveanews.com\/index.php\/2024\/05\/15\/a-declaracao-de-yuri-alberto-sobre-a-torcida-do-corinthians\/\"]}]},{\"@type\":\"ImageObject\",\"inLanguage\":\"pt-BR\",\"@id\":\"https:\/\/www.gaveanews.com\/index.php\/2024\/05\/15\/a-declaracao-de-yuri-alberto-sobre-a-torcida-do-corinthians\/#primaryimage\",\"url\":\"https:\/\/www.gaveanews.com\/wp-content\/uploads\/Yuri-Alberto-durante-treinamento-do-Corinthians.webp\",\"contentUrl\":\"https:\/\/www.gaveanews.com\/wp-content\/uploads\/Yuri-Alberto-durante-treinamento-do-Corinthians.webp\",\"width\":800,\"height\":571,\"caption\":\"Yuri Alberto durante treinamento do Corinthians (Foto: Rodrigo Coca\/Corinthians)\"},{\"@type\":\"BreadcrumbList\",\"@id\":\"https:\/\/www.gaveanews.com\/index.php\/2024\/05\/15\/a-declaracao-de-yuri-alberto-sobre-a-torcida-do-corinthians\/#breadcrumb\",\"itemListElement\":[{\"@type\":\"ListItem\",\"position\":1,\"name\":\"Home\",\"item\":\"https:\/\/www.gaveanews.com\/\"},{\"@type\":\"ListItem\",\"position\":2,\"name\":\"A declara\u00e7\u00e3o de Yuri Alberto sobre a torcida do Corinthians\"}]},{\"@type\":\"WebSite\",\"@id\":\"https:\/\/www.gaveanews.com\/#website\",\"url\":\"https:\/\/www.gaveanews.com\/\",\"name\":\"G\u00e1vea News\",\"description\":\"Veja todas as not\u00edcias sobre o Flamengo: Contrata\u00e7\u00f5es, categorias de base, resultados das partidas, tabela de classifica\u00e7\u00e3o, pr\u00f3ximos jogos!\",\"potentialAction\":[{\"@type\":\"SearchAction\",\"target\":{\"@type\":\"EntryPoint\",\"urlTemplate\":\"https:\/\/www.gaveanews.com\/?s={search_term_string}\"},\"query-input\":{\"@type\":\"PropertyValueSpecification\",\"valueRequired\":true,\"valueName\":\"search_term_string\"}}],\"inLanguage\":\"pt-BR\"},{\"@type\":\"Person\",\"@id\":\"https:\/\/www.gaveanews.com\/#\/schema\/person\/714c67050b836198af2450ba1c142a67\",\"name\":\"Let\u00edcia Gerheim\",\"image\":{\"@type\":\"ImageObject\",\"inLanguage\":\"pt-BR\",\"@id\":\"https:\/\/www.gaveanews.com\/#\/schema\/person\/image\/\",\"url\":\"https:\/\/secure.gravatar.com\/avatar\/60734739c50fcebfbac509e2a826ccd0ff405c019bc73aab9354f19ecad1dcb4?s=96&d=mm&r=g\",\"contentUrl\":\"https:\/\/secure.gravatar.com\/avatar\/60734739c50fcebfbac509e2a826ccd0ff405c019bc73aab9354f19ecad1dcb4?s=96&d=mm&r=g\",\"caption\":\"Let\u00edcia Gerheim\"}}]}<\/script>\n<!-- \/ Yoast SEO Premium plugin. -->","yoast_head_json":{"title":"A declara\u00e7\u00e3o de Yuri Alberto sobre a torcida do Corinthians","robots":{"index":"index","follow":"follow","max-snippet":"max-snippet:-1","max-image-preview":"max-image-preview:large","max-video-preview":"max-video-preview:-1"},"canonical":"https:\/\/www.gaveanews.com\/index.php\/2024\/05\/15\/a-declaracao-de-yuri-alberto-sobre-a-torcida-do-corinthians\/","og_locale":"pt_BR","og_type":"article","og_title":"A declara\u00e7\u00e3o de Yuri Alberto sobre a torcida do Corinthians","og_description":"O Corinthians goleou o Argentinos Juniors na \u00faltima ter\u00e7a-feira (14), pela Copa Sul-Americana. A vit\u00f3ria foi essencial para o time paulista, que chegou a 10 pontos no Grupo F, subindo para a segunda coloca\u00e7\u00e3o e ficando apenas um ponto atr\u00e1s do Racing, atual l\u00edder da tabela. Yuri Alberto foi acionado por Ant\u00f3nio Oliveira para ser [&hellip;]","og_url":"https:\/\/www.gaveanews.com\/index.php\/2024\/05\/15\/a-declaracao-de-yuri-alberto-sobre-a-torcida-do-corinthians\/","og_site_name":"G\u00e1vea News","article_publisher":"https:\/\/facebook.com\/gaveaNews\/","article_published_time":"2024-05-15T17:12:32+00:00","article_modified_time":"2024-05-15T17:12:34+00:00","og_image":[{"width":800,"height":571,"url":"https:\/\/www.gaveanews.com\/wp-content\/uploads\/Yuri-Alberto-durante-treinamento-do-Corinthians.webp","type":"image\/jpeg"}],"author":"Let\u00edcia Gerheim","twitter_card":"summary_large_image","twitter_misc":{"Escrito por":"Let\u00edcia Gerheim","Est. tempo de leitura":"2 minutos"},"schema":{"@context":"https:\/\/schema.org","@graph":[{"@type":"NewsArticle","@id":"https:\/\/www.gaveanews.com\/index.php\/2024\/05\/15\/a-declaracao-de-yuri-alberto-sobre-a-torcida-do-corinthians\/#article","isPartOf":{"@id":"https:\/\/www.gaveanews.com\/index.php\/2024\/05\/15\/a-declaracao-de-yuri-alberto-sobre-a-torcida-do-corinthians\/"},"author":{"name":"Let\u00edcia Gerheim","@id":"https:\/\/www.gaveanews.com\/#\/schema\/person\/714c67050b836198af2450ba1c142a67"},"headline":"A declara\u00e7\u00e3o de Yuri Alberto sobre a torcida do Corinthians","datePublished":"2024-05-15T17:12:32+00:00","dateModified":"2024-05-15T17:12:34+00:00","mainEntityOfPage":{"@id":"https:\/\/www.gaveanews.com\/index.php\/2024\/05\/15\/a-declaracao-de-yuri-alberto-sobre-a-torcida-do-corinthians\/"},"wordCount":360,"commentCount":0,"image":{"@id":"https:\/\/www.gaveanews.com\/index.php\/2024\/05\/15\/a-declaracao-de-yuri-alberto-sobre-a-torcida-do-corinthians\/#primaryimage"},"thumbnailUrl":"https:\/\/www.gaveanews.com\/wp-content\/uploads\/Yuri-Alberto-durante-treinamento-do-Corinthians.webp","articleSection":["Corinthians"],"inLanguage":"pt-BR","potentialAction":[{"@type":"CommentAction","name":"Comment","target":["https:\/\/www.gaveanews.com\/index.php\/2024\/05\/15\/a-declaracao-de-yuri-alberto-sobre-a-torcida-do-corinthians\/#respond"]}],"copyrightYear":"2024","copyrightHolder":{"@id":"https:\/\/www.gaveanews.com\/#organization"}},{"@type":"WebPage","@id":"https:\/\/www.gaveanews.com\/index.php\/2024\/05\/15\/a-declaracao-de-yuri-alberto-sobre-a-torcida-do-corinthians\/","url":"https:\/\/www.gaveanews.com\/index.php\/2024\/05\/15\/a-declaracao-de-yuri-alberto-sobre-a-torcida-do-corinthians\/","name":"A declara\u00e7\u00e3o de Yuri Alberto sobre a torcida do Corinthians","isPartOf":{"@id":"https:\/\/www.gaveanews.com\/#website"},"primaryImageOfPage":{"@id":"https:\/\/www.gaveanews.com\/index.php\/2024\/05\/15\/a-declaracao-de-yuri-alberto-sobre-a-torcida-do-corinthians\/#primaryimage"},"image":{"@id":"https:\/\/www.gaveanews.com\/index.php\/2024\/05\/15\/a-declaracao-de-yuri-alberto-sobre-a-torcida-do-corinthians\/#primaryimage"},"thumbnailUrl":"https:\/\/www.gaveanews.com\/wp-content\/uploads\/Yuri-Alberto-durante-treinamento-do-Corinthians.webp","datePublished":"2024-05-15T17:12:32+00:00","dateModified":"2024-05-15T17:12:34+00:00","author":{"@id":"https:\/\/www.gaveanews.com\/#\/schema\/person\/714c67050b836198af2450ba1c142a67"},"breadcrumb":{"@id":"https:\/\/www.gaveanews.com\/index.php\/2024\/05\/15\/a-declaracao-de-yuri-alberto-sobre-a-torcida-do-corinthians\/#breadcrumb"},"inLanguage":"pt-BR","potentialAction":[{"@type":"ReadAction","target":["https:\/\/www.gaveanews.com\/index.php\/2024\/05\/15\/a-declaracao-de-yuri-alberto-sobre-a-torcida-do-corinthians\/"]}]},{"@type":"ImageObject","inLanguage":"pt-BR","@id":"https:\/\/www.gaveanews.com\/index.php\/2024\/05\/15\/a-declaracao-de-yuri-alberto-sobre-a-torcida-do-corinthians\/#primaryimage","url":"https:\/\/www.gaveanews.com\/wp-content\/uploads\/Yuri-Alberto-durante-treinamento-do-Corinthians.webp","contentUrl":"https:\/\/www.gaveanews.com\/wp-content\/uploads\/Yuri-Alberto-durante-treinamento-do-Corinthians.webp","width":800,"height":571,"caption":"Yuri Alberto durante treinamento do Corinthians (Foto: Rodrigo Coca\/Corinthians)"},{"@type":"BreadcrumbList","@id":"https:\/\/www.gaveanews.com\/index.php\/2024\/05\/15\/a-declaracao-de-yuri-alberto-sobre-a-torcida-do-corinthians\/#breadcrumb","itemListElement":[{"@type":"ListItem","position":1,"name":"Home","item":"https:\/\/www.gaveanews.com\/"},{"@type":"ListItem","position":2,"name":"A declara\u00e7\u00e3o de Yuri Alberto sobre a torcida do Corinthians"}]},{"@type":"WebSite","@id":"https:\/\/www.gaveanews.com\/#website","url":"https:\/\/www.gaveanews.com\/","name":"G\u00e1vea News","description":"Veja todas as not\u00edcias sobre o Flamengo: Contrata\u00e7\u00f5es, categorias de base, resultados das partidas, tabela de classifica\u00e7\u00e3o, pr\u00f3ximos jogos!","potentialAction":[{"@type":"SearchAction","target":{"@type":"EntryPoint","urlTemplate":"https:\/\/www.gaveanews.com\/?s={search_term_string}"},"query-input":{"@type":"PropertyValueSpecification","valueRequired":true,"valueName":"search_term_string"}}],"inLanguage":"pt-BR"},{"@type":"Person","@id":"https:\/\/www.gaveanews.com\/#\/schema\/person\/714c67050b836198af2450ba1c142a67","name":"Let\u00edcia Gerheim","image":{"@type":"ImageObject","inLanguage":"pt-BR","@id":"https:\/\/www.gaveanews.com\/#\/schema\/person\/image\/","url":"https:\/\/secure.gravatar.com\/avatar\/60734739c50fcebfbac509e2a826ccd0ff405c019bc73aab9354f19ecad1dcb4?s=96&d=mm&r=g","contentUrl":"https:\/\/secure.gravatar.com\/avatar\/60734739c50fcebfbac509e2a826ccd0ff405c019bc73aab9354f19ecad1dcb4?s=96&d=mm&r=g","caption":"Let\u00edcia Gerheim"}}]}},"_links":{"self":[{"href":"https:\/\/www.gaveanews.com\/index.php\/wp-json\/wp\/v2\/posts\/143223","targetHints":{"allow":["GET"]}}],"collection":[{"href":"https:\/\/www.gaveanews.com\/index.php\/wp-json\/wp\/v2\/posts"}],"about":[{"href":"https:\/\/www.gaveanews.com\/index.php\/wp-json\/wp\/v2\/types\/post"}],"author":[{"embeddable":true,"href":"https:\/\/www.gaveanews.com\/index.php\/wp-json\/wp\/v2\/users\/4"}],"replies":[{"embeddable":true,"href":"https:\/\/www.gaveanews.com\/index.php\/wp-json\/wp\/v2\/comments?post=143223"}],"version-history":[{"count":1,"href":"https:\/\/www.gaveanews.com\/index.php\/wp-json\/wp\/v2\/posts\/143223\/revisions"}],"predecessor-version":[{"id":143238,"href":"https:\/\/www.gaveanews.com\/index.php\/wp-json\/wp\/v2\/posts\/143223\/revisions\/143238"}],"wp:featuredmedia":[{"embeddable":true,"href":"https:\/\/www.gaveanews.com\/index.php\/wp-json\/wp\/v2\/media\/123641"}],"wp:attachment":[{"href":"https:\/\/www.gaveanews.com\/index.php\/wp-json\/wp\/v2\/media?parent=143223"}],"wp:term":[{"taxonomy":"category","embeddable":true,"href":"https:\/\/www.gaveanews.com\/index.php\/wp-json\/wp\/v2\/categories?post=143223"},{"taxonomy":"post_tag","embeddable":true,"href":"https:\/\/www.gaveanews.com\/index.php\/wp-json\/wp\/v2\/tags?post=143223"}],"curies":[{"name":"wp","href":"https:\/\/api.w.org\/{rel}","templated":true}]}}