{"id":143228,"date":"2024-05-15T13:56:27","date_gmt":"2024-05-15T16:56:27","guid":{"rendered":"https:\/\/www.gaveanews.com\/?p=143228"},"modified":"2024-05-15T13:56:29","modified_gmt":"2024-05-15T16:56:29","slug":"a-declaracao-de-milito-sobre-gustavo-scarpa","status":"publish","type":"post","link":"https:\/\/www.gaveanews.com\/index.php\/2024\/05\/15\/a-declaracao-de-milito-sobre-gustavo-scarpa\/","title":{"rendered":"A declara\u00e7\u00e3o de Milito sobre Gustavo Scarpa"},"content":{"rendered":"\n<p>Na noite de ter\u00e7a-feira (14), o Atl\u00e9tico-MG enfrentou uma derrota na Copa Libertadores, perdendo por 2 a 0 para o Pe\u00f1arol. O jogo aconteceu no est\u00e1dio Campe\u00f3n del Siglo, em Montevid\u00e9u. Os gols dos donos da casa foram marcados por Lucas Hen\u00e1ndez e Maxi Silvera no segundo tempo.<\/p>\n\n\n\n<p>Embora a derrota tenha sido um rev\u00e9s, o Galo j\u00e1 havia garantido sua vaga nas oitavas de final anteriormente. No entanto, o resultado negativo pode complicar as aspira\u00e7\u00f5es da equipe de Gabriel Milito de terminar a fase de grupos com a melhor campanha. Apesar disso, o Atl\u00e9tico-MG mant\u00e9m a lideran\u00e7a do Grupo G, somando 12 pontos at\u00e9 o momento.<\/p>\n\n\n\n<p>A aus\u00eancia de Gustavo Scarpa, uma pe\u00e7a-chave da equipe, foi sentida durante o jogo. O t\u00e9cnico Gabriel Milito explicou que Scarpa enfrentou problemas dermatol\u00f3gicos em um dedo do p\u00e9, o que o impediu de treinar durante a semana e, consequentemente, de participar da partida.<\/p>\n\n\n\n<p>\u2014 <em>O Gustavo Scarpa n\u00e3o treinou durante a semana devido a um problema dermatol\u00f3gico em um dedo do p\u00e9. Ele n\u00e3o estava em condi\u00e7\u00f5es ideais para jogar. N\u00e3o estava 100% porque n\u00e3o treinou durante a semana. Desde o jogo contra o Rosario Central, ele n\u00e3o treinou at\u00e9 hoje. Por isso, n\u00e3o pude contar com ele no jogo<\/em> \u2014 declarou o treinador.<\/p>\n\n\n\n<p>Apesar do resultado desfavor\u00e1vel, Milito demonstrou resili\u00eancia e disposi\u00e7\u00e3o para aprender com a situa\u00e7\u00e3o. Ele afirmou que a equipe vai analisar o desempenho no jogo para entender como podem melhorar ap\u00f3s a derrota. Al\u00e9m disso, ele ressaltou que \u00e9 normal enfrentar derrotas e que a equipe est\u00e1 focada em conquistar mais vit\u00f3rias, reconhecendo que ainda h\u00e1 pontos a serem desenvolvidos.<\/p>\n\n\n\n<p>\u2014 <em>N\u00e3o \u00e9 agrad\u00e1vel perder, mas vamos analisar o que aconteceu no jogo para tirar li\u00e7\u00f5es e melhorar a partir dessa derrota. Mas com calma. N\u00e3o \u00e9 poss\u00edvel vencer todas as partidas. Queremos ter muito mais vit\u00f3rias do que derrotas. No entanto, a derrota \u00e9 uma parte normal do jogo, n\u00e3o somos invenc\u00edveis. Temos muitos aspectos positivos, mas tamb\u00e9m \u00e1reas que precisamos melhorar<\/em> \u2014 disse Milito.<\/p>\n","protected":false},"excerpt":{"rendered":"<p>Na noite de ter\u00e7a-feira (14), o Atl\u00e9tico-MG enfrentou uma derrota na Copa Libertadores, perdendo por 2 a 0 para o Pe\u00f1arol. O jogo aconteceu no est\u00e1dio Campe\u00f3n del Siglo, em Montevid\u00e9u. Os gols dos donos da casa foram marcados por Lucas Hen\u00e1ndez e Maxi Silvera no segundo tempo. Embora a derrota tenha sido um rev\u00e9s, [&hellip;]<\/p>\n","protected":false},"author":15,"featured_media":143053,"comment_status":"open","ping_status":"closed","sticky":false,"template":"","format":"standard","meta":{"footnotes":""},"categories":[136],"tags":[],"class_list":["post-143228","post","type-post","status-publish","format-standard","has-post-thumbnail","hentry","category-atletico-mg"],"yoast_head":"<!-- This site is optimized with the Yoast SEO Premium plugin v24.2 (Yoast SEO v26.9) - https:\/\/yoast.com\/product\/yoast-seo-premium-wordpress\/ -->\n<title>A declara\u00e7\u00e3o de Milito sobre Gustavo Scarpa<\/title>\n<meta name=\"robots\" content=\"index, follow, max-snippet:-1, max-image-preview:large, max-video-preview:-1\" \/>\n<link rel=\"canonical\" href=\"https:\/\/www.gaveanews.com\/index.php\/2024\/05\/15\/a-declaracao-de-milito-sobre-gustavo-scarpa\/\" \/>\n<meta property=\"og:locale\" content=\"pt_BR\" \/>\n<meta property=\"og:type\" content=\"article\" \/>\n<meta property=\"og:title\" content=\"A declara\u00e7\u00e3o de Milito sobre Gustavo Scarpa\" \/>\n<meta property=\"og:description\" content=\"Na noite de ter\u00e7a-feira (14), o Atl\u00e9tico-MG enfrentou uma derrota na Copa Libertadores, perdendo por 2 a 0 para o Pe\u00f1arol. O jogo aconteceu no est\u00e1dio Campe\u00f3n del Siglo, em Montevid\u00e9u. Os gols dos donos da casa foram marcados por Lucas Hen\u00e1ndez e Maxi Silvera no segundo tempo. Embora a derrota tenha sido um rev\u00e9s, [&hellip;]\" \/>\n<meta property=\"og:url\" content=\"https:\/\/www.gaveanews.com\/index.php\/2024\/05\/15\/a-declaracao-de-milito-sobre-gustavo-scarpa\/\" \/>\n<meta property=\"og:site_name\" content=\"G\u00e1vea News\" \/>\n<meta property=\"article:publisher\" content=\"https:\/\/facebook.com\/gaveaNews\/\" \/>\n<meta property=\"article:published_time\" content=\"2024-05-15T16:56:27+00:00\" \/>\n<meta property=\"article:modified_time\" content=\"2024-05-15T16:56:29+00:00\" \/>\n<meta property=\"og:image\" content=\"https:\/\/www.gaveanews.com\/wp-content\/uploads\/gustavo-scarpa-atletico-mg-galo-scaled.webp\" \/>\n\t<meta property=\"og:image:width\" content=\"2560\" \/>\n\t<meta property=\"og:image:height\" content=\"1707\" \/>\n\t<meta property=\"og:image:type\" content=\"image\/jpeg\" \/>\n<meta name=\"author\" content=\"Henrique Machado\" \/>\n<meta name=\"twitter:card\" content=\"summary_large_image\" \/>\n<meta name=\"twitter:label1\" content=\"Escrito por\" \/>\n\t<meta name=\"twitter:data1\" content=\"Henrique Machado\" \/>\n\t<meta name=\"twitter:label2\" content=\"Est. tempo de leitura\" \/>\n\t<meta name=\"twitter:data2\" content=\"3 minutos\" \/>\n<script type=\"application\/ld+json\" class=\"yoast-schema-graph\">{\"@context\":\"https:\/\/schema.org\",\"@graph\":[{\"@type\":\"NewsArticle\",\"@id\":\"https:\/\/www.gaveanews.com\/index.php\/2024\/05\/15\/a-declaracao-de-milito-sobre-gustavo-scarpa\/#article\",\"isPartOf\":{\"@id\":\"https:\/\/www.gaveanews.com\/index.php\/2024\/05\/15\/a-declaracao-de-milito-sobre-gustavo-scarpa\/\"},\"author\":{\"name\":\"Henrique Machado\",\"@id\":\"https:\/\/www.gaveanews.com\/#\/schema\/person\/fd07635ec039ec3ba74ad18ec8a6dbd6\"},\"headline\":\"A declara\u00e7\u00e3o de Milito sobre Gustavo Scarpa\",\"datePublished\":\"2024-05-15T16:56:27+00:00\",\"dateModified\":\"2024-05-15T16:56:29+00:00\",\"mainEntityOfPage\":{\"@id\":\"https:\/\/www.gaveanews.com\/index.php\/2024\/05\/15\/a-declaracao-de-milito-sobre-gustavo-scarpa\/\"},\"wordCount\":373,\"commentCount\":0,\"image\":{\"@id\":\"https:\/\/www.gaveanews.com\/index.php\/2024\/05\/15\/a-declaracao-de-milito-sobre-gustavo-scarpa\/#primaryimage\"},\"thumbnailUrl\":\"https:\/\/www.gaveanews.com\/wp-content\/uploads\/gustavo-scarpa-atletico-mg-galo-scaled.webp\",\"articleSection\":[\"Atl\u00e9tico-MG\"],\"inLanguage\":\"pt-BR\",\"potentialAction\":[{\"@type\":\"CommentAction\",\"name\":\"Comment\",\"target\":[\"https:\/\/www.gaveanews.com\/index.php\/2024\/05\/15\/a-declaracao-de-milito-sobre-gustavo-scarpa\/#respond\"]}],\"copyrightYear\":\"2024\",\"copyrightHolder\":{\"@id\":\"https:\/\/www.gaveanews.com\/#organization\"}},{\"@type\":\"WebPage\",\"@id\":\"https:\/\/www.gaveanews.com\/index.php\/2024\/05\/15\/a-declaracao-de-milito-sobre-gustavo-scarpa\/\",\"url\":\"https:\/\/www.gaveanews.com\/index.php\/2024\/05\/15\/a-declaracao-de-milito-sobre-gustavo-scarpa\/\",\"name\":\"A declara\u00e7\u00e3o de Milito sobre Gustavo Scarpa\",\"isPartOf\":{\"@id\":\"https:\/\/www.gaveanews.com\/#website\"},\"primaryImageOfPage\":{\"@id\":\"https:\/\/www.gaveanews.com\/index.php\/2024\/05\/15\/a-declaracao-de-milito-sobre-gustavo-scarpa\/#primaryimage\"},\"image\":{\"@id\":\"https:\/\/www.gaveanews.com\/index.php\/2024\/05\/15\/a-declaracao-de-milito-sobre-gustavo-scarpa\/#primaryimage\"},\"thumbnailUrl\":\"https:\/\/www.gaveanews.com\/wp-content\/uploads\/gustavo-scarpa-atletico-mg-galo-scaled.webp\",\"datePublished\":\"2024-05-15T16:56:27+00:00\",\"dateModified\":\"2024-05-15T16:56:29+00:00\",\"author\":{\"@id\":\"https:\/\/www.gaveanews.com\/#\/schema\/person\/fd07635ec039ec3ba74ad18ec8a6dbd6\"},\"breadcrumb\":{\"@id\":\"https:\/\/www.gaveanews.com\/index.php\/2024\/05\/15\/a-declaracao-de-milito-sobre-gustavo-scarpa\/#breadcrumb\"},\"inLanguage\":\"pt-BR\",\"potentialAction\":[{\"@type\":\"ReadAction\",\"target\":[\"https:\/\/www.gaveanews.com\/index.php\/2024\/05\/15\/a-declaracao-de-milito-sobre-gustavo-scarpa\/\"]}]},{\"@type\":\"ImageObject\",\"inLanguage\":\"pt-BR\",\"@id\":\"https:\/\/www.gaveanews.com\/index.php\/2024\/05\/15\/a-declaracao-de-milito-sobre-gustavo-scarpa\/#primaryimage\",\"url\":\"https:\/\/www.gaveanews.com\/wp-content\/uploads\/gustavo-scarpa-atletico-mg-galo-scaled.webp\",\"contentUrl\":\"https:\/\/www.gaveanews.com\/wp-content\/uploads\/gustavo-scarpa-atletico-mg-galo-scaled.webp\",\"width\":2560,\"height\":1707,\"caption\":\"Gustavo Scarpa em a\u00e7\u00e3o pelo Atl\u00e9tico-MG (Foto: Fernando Moreno\/AGIF)\"},{\"@type\":\"BreadcrumbList\",\"@id\":\"https:\/\/www.gaveanews.com\/index.php\/2024\/05\/15\/a-declaracao-de-milito-sobre-gustavo-scarpa\/#breadcrumb\",\"itemListElement\":[{\"@type\":\"ListItem\",\"position\":1,\"name\":\"Home\",\"item\":\"https:\/\/www.gaveanews.com\/\"},{\"@type\":\"ListItem\",\"position\":2,\"name\":\"A declara\u00e7\u00e3o de Milito sobre Gustavo Scarpa\"}]},{\"@type\":\"WebSite\",\"@id\":\"https:\/\/www.gaveanews.com\/#website\",\"url\":\"https:\/\/www.gaveanews.com\/\",\"name\":\"G\u00e1vea News\",\"description\":\"Veja todas as not\u00edcias sobre o Flamengo: Contrata\u00e7\u00f5es, categorias de base, resultados das partidas, tabela de classifica\u00e7\u00e3o, pr\u00f3ximos jogos!\",\"potentialAction\":[{\"@type\":\"SearchAction\",\"target\":{\"@type\":\"EntryPoint\",\"urlTemplate\":\"https:\/\/www.gaveanews.com\/?s={search_term_string}\"},\"query-input\":{\"@type\":\"PropertyValueSpecification\",\"valueRequired\":true,\"valueName\":\"search_term_string\"}}],\"inLanguage\":\"pt-BR\"},{\"@type\":\"Person\",\"@id\":\"https:\/\/www.gaveanews.com\/#\/schema\/person\/fd07635ec039ec3ba74ad18ec8a6dbd6\",\"name\":\"Henrique Machado\",\"image\":{\"@type\":\"ImageObject\",\"inLanguage\":\"pt-BR\",\"@id\":\"https:\/\/www.gaveanews.com\/#\/schema\/person\/image\/\",\"url\":\"https:\/\/secure.gravatar.com\/avatar\/b95e35997e01d9800c1b6184bd79d4d898d370a3fce2584f5c77b907d5c7d9e9?s=96&d=mm&r=g\",\"contentUrl\":\"https:\/\/secure.gravatar.com\/avatar\/b95e35997e01d9800c1b6184bd79d4d898d370a3fce2584f5c77b907d5c7d9e9?s=96&d=mm&r=g\",\"caption\":\"Henrique Machado\"}}]}<\/script>\n<!-- \/ Yoast SEO Premium plugin. -->","yoast_head_json":{"title":"A declara\u00e7\u00e3o de Milito sobre Gustavo Scarpa","robots":{"index":"index","follow":"follow","max-snippet":"max-snippet:-1","max-image-preview":"max-image-preview:large","max-video-preview":"max-video-preview:-1"},"canonical":"https:\/\/www.gaveanews.com\/index.php\/2024\/05\/15\/a-declaracao-de-milito-sobre-gustavo-scarpa\/","og_locale":"pt_BR","og_type":"article","og_title":"A declara\u00e7\u00e3o de Milito sobre Gustavo Scarpa","og_description":"Na noite de ter\u00e7a-feira (14), o Atl\u00e9tico-MG enfrentou uma derrota na Copa Libertadores, perdendo por 2 a 0 para o Pe\u00f1arol. O jogo aconteceu no est\u00e1dio Campe\u00f3n del Siglo, em Montevid\u00e9u. Os gols dos donos da casa foram marcados por Lucas Hen\u00e1ndez e Maxi Silvera no segundo tempo. Embora a derrota tenha sido um rev\u00e9s, [&hellip;]","og_url":"https:\/\/www.gaveanews.com\/index.php\/2024\/05\/15\/a-declaracao-de-milito-sobre-gustavo-scarpa\/","og_site_name":"G\u00e1vea News","article_publisher":"https:\/\/facebook.com\/gaveaNews\/","article_published_time":"2024-05-15T16:56:27+00:00","article_modified_time":"2024-05-15T16:56:29+00:00","og_image":[{"width":2560,"height":1707,"url":"https:\/\/www.gaveanews.com\/wp-content\/uploads\/gustavo-scarpa-atletico-mg-galo-scaled.webp","type":"image\/jpeg"}],"author":"Henrique Machado","twitter_card":"summary_large_image","twitter_misc":{"Escrito por":"Henrique Machado","Est. tempo de leitura":"3 minutos"},"schema":{"@context":"https:\/\/schema.org","@graph":[{"@type":"NewsArticle","@id":"https:\/\/www.gaveanews.com\/index.php\/2024\/05\/15\/a-declaracao-de-milito-sobre-gustavo-scarpa\/#article","isPartOf":{"@id":"https:\/\/www.gaveanews.com\/index.php\/2024\/05\/15\/a-declaracao-de-milito-sobre-gustavo-scarpa\/"},"author":{"name":"Henrique Machado","@id":"https:\/\/www.gaveanews.com\/#\/schema\/person\/fd07635ec039ec3ba74ad18ec8a6dbd6"},"headline":"A declara\u00e7\u00e3o de Milito sobre Gustavo Scarpa","datePublished":"2024-05-15T16:56:27+00:00","dateModified":"2024-05-15T16:56:29+00:00","mainEntityOfPage":{"@id":"https:\/\/www.gaveanews.com\/index.php\/2024\/05\/15\/a-declaracao-de-milito-sobre-gustavo-scarpa\/"},"wordCount":373,"commentCount":0,"image":{"@id":"https:\/\/www.gaveanews.com\/index.php\/2024\/05\/15\/a-declaracao-de-milito-sobre-gustavo-scarpa\/#primaryimage"},"thumbnailUrl":"https:\/\/www.gaveanews.com\/wp-content\/uploads\/gustavo-scarpa-atletico-mg-galo-scaled.webp","articleSection":["Atl\u00e9tico-MG"],"inLanguage":"pt-BR","potentialAction":[{"@type":"CommentAction","name":"Comment","target":["https:\/\/www.gaveanews.com\/index.php\/2024\/05\/15\/a-declaracao-de-milito-sobre-gustavo-scarpa\/#respond"]}],"copyrightYear":"2024","copyrightHolder":{"@id":"https:\/\/www.gaveanews.com\/#organization"}},{"@type":"WebPage","@id":"https:\/\/www.gaveanews.com\/index.php\/2024\/05\/15\/a-declaracao-de-milito-sobre-gustavo-scarpa\/","url":"https:\/\/www.gaveanews.com\/index.php\/2024\/05\/15\/a-declaracao-de-milito-sobre-gustavo-scarpa\/","name":"A declara\u00e7\u00e3o de Milito sobre Gustavo Scarpa","isPartOf":{"@id":"https:\/\/www.gaveanews.com\/#website"},"primaryImageOfPage":{"@id":"https:\/\/www.gaveanews.com\/index.php\/2024\/05\/15\/a-declaracao-de-milito-sobre-gustavo-scarpa\/#primaryimage"},"image":{"@id":"https:\/\/www.gaveanews.com\/index.php\/2024\/05\/15\/a-declaracao-de-milito-sobre-gustavo-scarpa\/#primaryimage"},"thumbnailUrl":"https:\/\/www.gaveanews.com\/wp-content\/uploads\/gustavo-scarpa-atletico-mg-galo-scaled.webp","datePublished":"2024-05-15T16:56:27+00:00","dateModified":"2024-05-15T16:56:29+00:00","author":{"@id":"https:\/\/www.gaveanews.com\/#\/schema\/person\/fd07635ec039ec3ba74ad18ec8a6dbd6"},"breadcrumb":{"@id":"https:\/\/www.gaveanews.com\/index.php\/2024\/05\/15\/a-declaracao-de-milito-sobre-gustavo-scarpa\/#breadcrumb"},"inLanguage":"pt-BR","potentialAction":[{"@type":"ReadAction","target":["https:\/\/www.gaveanews.com\/index.php\/2024\/05\/15\/a-declaracao-de-milito-sobre-gustavo-scarpa\/"]}]},{"@type":"ImageObject","inLanguage":"pt-BR","@id":"https:\/\/www.gaveanews.com\/index.php\/2024\/05\/15\/a-declaracao-de-milito-sobre-gustavo-scarpa\/#primaryimage","url":"https:\/\/www.gaveanews.com\/wp-content\/uploads\/gustavo-scarpa-atletico-mg-galo-scaled.webp","contentUrl":"https:\/\/www.gaveanews.com\/wp-content\/uploads\/gustavo-scarpa-atletico-mg-galo-scaled.webp","width":2560,"height":1707,"caption":"Gustavo Scarpa em a\u00e7\u00e3o pelo Atl\u00e9tico-MG (Foto: Fernando Moreno\/AGIF)"},{"@type":"BreadcrumbList","@id":"https:\/\/www.gaveanews.com\/index.php\/2024\/05\/15\/a-declaracao-de-milito-sobre-gustavo-scarpa\/#breadcrumb","itemListElement":[{"@type":"ListItem","position":1,"name":"Home","item":"https:\/\/www.gaveanews.com\/"},{"@type":"ListItem","position":2,"name":"A declara\u00e7\u00e3o de Milito sobre Gustavo Scarpa"}]},{"@type":"WebSite","@id":"https:\/\/www.gaveanews.com\/#website","url":"https:\/\/www.gaveanews.com\/","name":"G\u00e1vea News","description":"Veja todas as not\u00edcias sobre o Flamengo: Contrata\u00e7\u00f5es, categorias de base, resultados das partidas, tabela de classifica\u00e7\u00e3o, pr\u00f3ximos jogos!","potentialAction":[{"@type":"SearchAction","target":{"@type":"EntryPoint","urlTemplate":"https:\/\/www.gaveanews.com\/?s={search_term_string}"},"query-input":{"@type":"PropertyValueSpecification","valueRequired":true,"valueName":"search_term_string"}}],"inLanguage":"pt-BR"},{"@type":"Person","@id":"https:\/\/www.gaveanews.com\/#\/schema\/person\/fd07635ec039ec3ba74ad18ec8a6dbd6","name":"Henrique Machado","image":{"@type":"ImageObject","inLanguage":"pt-BR","@id":"https:\/\/www.gaveanews.com\/#\/schema\/person\/image\/","url":"https:\/\/secure.gravatar.com\/avatar\/b95e35997e01d9800c1b6184bd79d4d898d370a3fce2584f5c77b907d5c7d9e9?s=96&d=mm&r=g","contentUrl":"https:\/\/secure.gravatar.com\/avatar\/b95e35997e01d9800c1b6184bd79d4d898d370a3fce2584f5c77b907d5c7d9e9?s=96&d=mm&r=g","caption":"Henrique Machado"}}]}},"_links":{"self":[{"href":"https:\/\/www.gaveanews.com\/index.php\/wp-json\/wp\/v2\/posts\/143228","targetHints":{"allow":["GET"]}}],"collection":[{"href":"https:\/\/www.gaveanews.com\/index.php\/wp-json\/wp\/v2\/posts"}],"about":[{"href":"https:\/\/www.gaveanews.com\/index.php\/wp-json\/wp\/v2\/types\/post"}],"author":[{"embeddable":true,"href":"https:\/\/www.gaveanews.com\/index.php\/wp-json\/wp\/v2\/users\/15"}],"replies":[{"embeddable":true,"href":"https:\/\/www.gaveanews.com\/index.php\/wp-json\/wp\/v2\/comments?post=143228"}],"version-history":[{"count":2,"href":"https:\/\/www.gaveanews.com\/index.php\/wp-json\/wp\/v2\/posts\/143228\/revisions"}],"predecessor-version":[{"id":143234,"href":"https:\/\/www.gaveanews.com\/index.php\/wp-json\/wp\/v2\/posts\/143228\/revisions\/143234"}],"wp:featuredmedia":[{"embeddable":true,"href":"https:\/\/www.gaveanews.com\/index.php\/wp-json\/wp\/v2\/media\/143053"}],"wp:attachment":[{"href":"https:\/\/www.gaveanews.com\/index.php\/wp-json\/wp\/v2\/media?parent=143228"}],"wp:term":[{"taxonomy":"category","embeddable":true,"href":"https:\/\/www.gaveanews.com\/index.php\/wp-json\/wp\/v2\/categories?post=143228"},{"taxonomy":"post_tag","embeddable":true,"href":"https:\/\/www.gaveanews.com\/index.php\/wp-json\/wp\/v2\/tags?post=143228"}],"curies":[{"name":"wp","href":"https:\/\/api.w.org\/{rel}","templated":true}]}}