{"id":143576,"date":"2024-05-17T10:40:16","date_gmt":"2024-05-17T13:40:16","guid":{"rendered":"https:\/\/www.gaveanews.com\/?p=143576"},"modified":"2024-05-17T10:40:18","modified_gmt":"2024-05-17T13:40:18","slug":"confirmado-cassio-ira-rescindir-com-o-corinthians","status":"publish","type":"post","link":"https:\/\/www.gaveanews.com\/index.php\/2024\/05\/17\/confirmado-cassio-ira-rescindir-com-o-corinthians\/","title":{"rendered":"Confirmado: C\u00e1ssio ir\u00e1 rescindir com o Corinthians"},"content":{"rendered":"\n<p>O goleiro C\u00e1ssio est\u00e1 de sa\u00edda do Corinthians, clube que defendeu por treze temporadas, para iniciar uma nova jornada no Cruzeiro. A decis\u00e3o marca o fim de uma era para o jogador no time paulista, consolidando uma transfer\u00eancia que vem sendo discutida nos bastidores h\u00e1 algum tempo.<\/p>\n\n\n\n<p>Recentemente, C\u00e1ssio expressou claramente seu desejo de deixar o Corinthians. O goleiro j\u00e1 tem em m\u00e3os uma proposta do Cruzeiro, que inclui um contrato de tr\u00eas anos, sinalizando uma nova fase em sua carreira. Apesar das tentativas do Corinthians em renovar seu contrato, que se encerra em dezembro deste ano, C\u00e1ssio optou pelo n\u00e3o prolongamento de sua perman\u00eancia no clube.<\/p>\n\n\n\n<p>Desde sua chegada ao Corinthians em 2012, C\u00e1ssio acumulou nove t\u00edtulos, destacando-se a conquista da Copa Libertadores e do Mundial de Clubes, ambos no mesmo ano de sua chegada. Aos 36 anos, o goleiro deixa um legado not\u00e1vel no time, com momentos hist\u00f3ricos que ficar\u00e3o marcados na mem\u00f3ria dos torcedores.<\/p>\n\n\n\n<p>A \u00faltima etapa para formalizar sua sa\u00edda foi a negocia\u00e7\u00e3o da rescis\u00e3o contratual com o Corinthians. Com o acordo alcan\u00e7ado, as aten\u00e7\u00f5es agora se voltam para a coletiva de imprensa que ser\u00e1 organizada para oficializar sua despedida. Esse evento marcar\u00e1 oficialmente o t\u00e9rmino de sua not\u00e1vel passagem pelo clube paulista, abrindo caminho para seu pr\u00f3ximo desafio no futebol brasileiro.<\/p>\n\n\n\n<h2 class=\"wp-block-heading\" id=\"h-a-carreira-do-goleiro-cassio\">A carreira do goleiro C\u00e1ssio<\/h2>\n\n\n\n<p>C\u00e1ssio Ramos, amplamente reconhecido como um dos melhores goleiros do futebol brasileiro, iniciou sua carreira no\u00a0<a href=\"https:\/\/www.gaveanews.com\/?s=Gr%C3%AAmio&amp;utm_source=SystemGaveaNews&amp;utm_medium=SystemGaveaNews&amp;utm_campaign=SystemGaveaNews\">Gr\u00eamio<\/a>, mas foi no Corinthians que ele realmente se destacou e construiu sua reputa\u00e7\u00e3o. Desde que se juntou ao clube em 2012, C\u00e1ssio se tornou fundamental para o time, sendo pe\u00e7a chave em conquistas importantes, como a Copa Libertadores da Am\u00e9rica e o Mundial de Clubes de 2012, onde suas performances decisivas foram cruciais.<\/p>\n\n\n\n<p>Com uma presen\u00e7a imponente sob as traves, ele \u00e9 conhecido por sua habilidade de fazer defesas dif\u00edceis parecerem f\u00e1ceis, al\u00e9m de sua lideran\u00e7a dentro e fora de campo. Ao longo de sua carreira no\u00a0<a href=\"https:\/\/www.gaveanews.com\/?s=corinthians&amp;utm_source=SystemGaveaNews&amp;utm_medium=SystemGaveaNews&amp;utm_campaign=SystemGaveaNews\">Corinthians<\/a>, C\u00e1ssio acumulou diversos t\u00edtulos estaduais e nacionais, consolidando-se como um \u00edcone do clube e um dos goleiros mais respeitados do pa\u00eds.<\/p>\n","protected":false},"excerpt":{"rendered":"<p>O goleiro C\u00e1ssio est\u00e1 de sa\u00edda do Corinthians, clube que defendeu por treze temporadas, para iniciar uma nova jornada no Cruzeiro. A decis\u00e3o marca o fim de uma era para o jogador no time paulista, consolidando uma transfer\u00eancia que vem sendo discutida nos bastidores h\u00e1 algum tempo. Recentemente, C\u00e1ssio expressou claramente seu desejo de deixar [&hellip;]<\/p>\n","protected":false},"author":15,"featured_media":142819,"comment_status":"open","ping_status":"closed","sticky":false,"template":"","format":"standard","meta":{"footnotes":""},"categories":[141],"tags":[],"class_list":["post-143576","post","type-post","status-publish","format-standard","has-post-thumbnail","hentry","category-corinthians"],"yoast_head":"<!-- This site is optimized with the Yoast SEO Premium plugin v24.2 (Yoast SEO v26.9) - https:\/\/yoast.com\/product\/yoast-seo-premium-wordpress\/ -->\n<title>Confirmado: C\u00e1ssio ir\u00e1 rescindir com o Corinthians<\/title>\n<meta name=\"robots\" content=\"index, follow, max-snippet:-1, max-image-preview:large, max-video-preview:-1\" \/>\n<link rel=\"canonical\" href=\"https:\/\/www.gaveanews.com\/index.php\/2024\/05\/17\/confirmado-cassio-ira-rescindir-com-o-corinthians\/\" \/>\n<meta property=\"og:locale\" content=\"pt_BR\" \/>\n<meta property=\"og:type\" content=\"article\" \/>\n<meta property=\"og:title\" content=\"Confirmado: C\u00e1ssio ir\u00e1 rescindir com o Corinthians\" \/>\n<meta property=\"og:description\" content=\"O goleiro C\u00e1ssio est\u00e1 de sa\u00edda do Corinthians, clube que defendeu por treze temporadas, para iniciar uma nova jornada no Cruzeiro. A decis\u00e3o marca o fim de uma era para o jogador no time paulista, consolidando uma transfer\u00eancia que vem sendo discutida nos bastidores h\u00e1 algum tempo. Recentemente, C\u00e1ssio expressou claramente seu desejo de deixar [&hellip;]\" \/>\n<meta property=\"og:url\" content=\"https:\/\/www.gaveanews.com\/index.php\/2024\/05\/17\/confirmado-cassio-ira-rescindir-com-o-corinthians\/\" \/>\n<meta property=\"og:site_name\" content=\"G\u00e1vea News\" \/>\n<meta property=\"article:publisher\" content=\"https:\/\/facebook.com\/gaveaNews\/\" \/>\n<meta property=\"article:published_time\" content=\"2024-05-17T13:40:16+00:00\" \/>\n<meta property=\"article:modified_time\" content=\"2024-05-17T13:40:18+00:00\" \/>\n<meta property=\"og:image\" content=\"https:\/\/www.gaveanews.com\/wp-content\/uploads\/Cassio-goleiro-do-Corinthians.webp\" \/>\n\t<meta property=\"og:image:width\" content=\"1440\" \/>\n\t<meta property=\"og:image:height\" content=\"1123\" \/>\n\t<meta property=\"og:image:type\" content=\"image\/jpeg\" \/>\n<meta name=\"author\" content=\"Henrique Machado\" \/>\n<meta name=\"twitter:card\" content=\"summary_large_image\" \/>\n<meta name=\"twitter:label1\" content=\"Escrito por\" \/>\n\t<meta name=\"twitter:data1\" content=\"Henrique Machado\" \/>\n\t<meta name=\"twitter:label2\" content=\"Est. tempo de leitura\" \/>\n\t<meta name=\"twitter:data2\" content=\"3 minutos\" \/>\n<script type=\"application\/ld+json\" class=\"yoast-schema-graph\">{\"@context\":\"https:\/\/schema.org\",\"@graph\":[{\"@type\":\"NewsArticle\",\"@id\":\"https:\/\/www.gaveanews.com\/index.php\/2024\/05\/17\/confirmado-cassio-ira-rescindir-com-o-corinthians\/#article\",\"isPartOf\":{\"@id\":\"https:\/\/www.gaveanews.com\/index.php\/2024\/05\/17\/confirmado-cassio-ira-rescindir-com-o-corinthians\/\"},\"author\":{\"name\":\"Henrique Machado\",\"@id\":\"https:\/\/www.gaveanews.com\/#\/schema\/person\/fd07635ec039ec3ba74ad18ec8a6dbd6\"},\"headline\":\"Confirmado: C\u00e1ssio ir\u00e1 rescindir com o Corinthians\",\"datePublished\":\"2024-05-17T13:40:16+00:00\",\"dateModified\":\"2024-05-17T13:40:18+00:00\",\"mainEntityOfPage\":{\"@id\":\"https:\/\/www.gaveanews.com\/index.php\/2024\/05\/17\/confirmado-cassio-ira-rescindir-com-o-corinthians\/\"},\"wordCount\":389,\"commentCount\":0,\"image\":{\"@id\":\"https:\/\/www.gaveanews.com\/index.php\/2024\/05\/17\/confirmado-cassio-ira-rescindir-com-o-corinthians\/#primaryimage\"},\"thumbnailUrl\":\"https:\/\/www.gaveanews.com\/wp-content\/uploads\/Cassio-goleiro-do-Corinthians.webp\",\"articleSection\":[\"Corinthians\"],\"inLanguage\":\"pt-BR\",\"potentialAction\":[{\"@type\":\"CommentAction\",\"name\":\"Comment\",\"target\":[\"https:\/\/www.gaveanews.com\/index.php\/2024\/05\/17\/confirmado-cassio-ira-rescindir-com-o-corinthians\/#respond\"]}],\"copyrightYear\":\"2024\",\"copyrightHolder\":{\"@id\":\"https:\/\/www.gaveanews.com\/#organization\"}},{\"@type\":\"WebPage\",\"@id\":\"https:\/\/www.gaveanews.com\/index.php\/2024\/05\/17\/confirmado-cassio-ira-rescindir-com-o-corinthians\/\",\"url\":\"https:\/\/www.gaveanews.com\/index.php\/2024\/05\/17\/confirmado-cassio-ira-rescindir-com-o-corinthians\/\",\"name\":\"Confirmado: C\u00e1ssio ir\u00e1 rescindir com o Corinthians\",\"isPartOf\":{\"@id\":\"https:\/\/www.gaveanews.com\/#website\"},\"primaryImageOfPage\":{\"@id\":\"https:\/\/www.gaveanews.com\/index.php\/2024\/05\/17\/confirmado-cassio-ira-rescindir-com-o-corinthians\/#primaryimage\"},\"image\":{\"@id\":\"https:\/\/www.gaveanews.com\/index.php\/2024\/05\/17\/confirmado-cassio-ira-rescindir-com-o-corinthians\/#primaryimage\"},\"thumbnailUrl\":\"https:\/\/www.gaveanews.com\/wp-content\/uploads\/Cassio-goleiro-do-Corinthians.webp\",\"datePublished\":\"2024-05-17T13:40:16+00:00\",\"dateModified\":\"2024-05-17T13:40:18+00:00\",\"author\":{\"@id\":\"https:\/\/www.gaveanews.com\/#\/schema\/person\/fd07635ec039ec3ba74ad18ec8a6dbd6\"},\"breadcrumb\":{\"@id\":\"https:\/\/www.gaveanews.com\/index.php\/2024\/05\/17\/confirmado-cassio-ira-rescindir-com-o-corinthians\/#breadcrumb\"},\"inLanguage\":\"pt-BR\",\"potentialAction\":[{\"@type\":\"ReadAction\",\"target\":[\"https:\/\/www.gaveanews.com\/index.php\/2024\/05\/17\/confirmado-cassio-ira-rescindir-com-o-corinthians\/\"]}]},{\"@type\":\"ImageObject\",\"inLanguage\":\"pt-BR\",\"@id\":\"https:\/\/www.gaveanews.com\/index.php\/2024\/05\/17\/confirmado-cassio-ira-rescindir-com-o-corinthians\/#primaryimage\",\"url\":\"https:\/\/www.gaveanews.com\/wp-content\/uploads\/Cassio-goleiro-do-Corinthians.webp\",\"contentUrl\":\"https:\/\/www.gaveanews.com\/wp-content\/uploads\/Cassio-goleiro-do-Corinthians.webp\",\"width\":1440,\"height\":1123,\"caption\":\"C\u00e1ssio, goleiro do Corinthians (Foto Reprodu\u00e7\u00e3o\/Instagram)\"},{\"@type\":\"BreadcrumbList\",\"@id\":\"https:\/\/www.gaveanews.com\/index.php\/2024\/05\/17\/confirmado-cassio-ira-rescindir-com-o-corinthians\/#breadcrumb\",\"itemListElement\":[{\"@type\":\"ListItem\",\"position\":1,\"name\":\"Home\",\"item\":\"https:\/\/www.gaveanews.com\/\"},{\"@type\":\"ListItem\",\"position\":2,\"name\":\"Confirmado: C\u00e1ssio ir\u00e1 rescindir com o Corinthians\"}]},{\"@type\":\"WebSite\",\"@id\":\"https:\/\/www.gaveanews.com\/#website\",\"url\":\"https:\/\/www.gaveanews.com\/\",\"name\":\"G\u00e1vea News\",\"description\":\"Veja todas as not\u00edcias sobre o Flamengo: Contrata\u00e7\u00f5es, categorias de base, resultados das partidas, tabela de classifica\u00e7\u00e3o, pr\u00f3ximos jogos!\",\"potentialAction\":[{\"@type\":\"SearchAction\",\"target\":{\"@type\":\"EntryPoint\",\"urlTemplate\":\"https:\/\/www.gaveanews.com\/?s={search_term_string}\"},\"query-input\":{\"@type\":\"PropertyValueSpecification\",\"valueRequired\":true,\"valueName\":\"search_term_string\"}}],\"inLanguage\":\"pt-BR\"},{\"@type\":\"Person\",\"@id\":\"https:\/\/www.gaveanews.com\/#\/schema\/person\/fd07635ec039ec3ba74ad18ec8a6dbd6\",\"name\":\"Henrique Machado\",\"image\":{\"@type\":\"ImageObject\",\"inLanguage\":\"pt-BR\",\"@id\":\"https:\/\/www.gaveanews.com\/#\/schema\/person\/image\/\",\"url\":\"https:\/\/secure.gravatar.com\/avatar\/b95e35997e01d9800c1b6184bd79d4d898d370a3fce2584f5c77b907d5c7d9e9?s=96&d=mm&r=g\",\"contentUrl\":\"https:\/\/secure.gravatar.com\/avatar\/b95e35997e01d9800c1b6184bd79d4d898d370a3fce2584f5c77b907d5c7d9e9?s=96&d=mm&r=g\",\"caption\":\"Henrique Machado\"}}]}<\/script>\n<!-- \/ Yoast SEO Premium plugin. -->","yoast_head_json":{"title":"Confirmado: C\u00e1ssio ir\u00e1 rescindir com o Corinthians","robots":{"index":"index","follow":"follow","max-snippet":"max-snippet:-1","max-image-preview":"max-image-preview:large","max-video-preview":"max-video-preview:-1"},"canonical":"https:\/\/www.gaveanews.com\/index.php\/2024\/05\/17\/confirmado-cassio-ira-rescindir-com-o-corinthians\/","og_locale":"pt_BR","og_type":"article","og_title":"Confirmado: C\u00e1ssio ir\u00e1 rescindir com o Corinthians","og_description":"O goleiro C\u00e1ssio est\u00e1 de sa\u00edda do Corinthians, clube que defendeu por treze temporadas, para iniciar uma nova jornada no Cruzeiro. A decis\u00e3o marca o fim de uma era para o jogador no time paulista, consolidando uma transfer\u00eancia que vem sendo discutida nos bastidores h\u00e1 algum tempo. Recentemente, C\u00e1ssio expressou claramente seu desejo de deixar [&hellip;]","og_url":"https:\/\/www.gaveanews.com\/index.php\/2024\/05\/17\/confirmado-cassio-ira-rescindir-com-o-corinthians\/","og_site_name":"G\u00e1vea News","article_publisher":"https:\/\/facebook.com\/gaveaNews\/","article_published_time":"2024-05-17T13:40:16+00:00","article_modified_time":"2024-05-17T13:40:18+00:00","og_image":[{"width":1440,"height":1123,"url":"https:\/\/www.gaveanews.com\/wp-content\/uploads\/Cassio-goleiro-do-Corinthians.webp","type":"image\/jpeg"}],"author":"Henrique Machado","twitter_card":"summary_large_image","twitter_misc":{"Escrito por":"Henrique Machado","Est. tempo de leitura":"3 minutos"},"schema":{"@context":"https:\/\/schema.org","@graph":[{"@type":"NewsArticle","@id":"https:\/\/www.gaveanews.com\/index.php\/2024\/05\/17\/confirmado-cassio-ira-rescindir-com-o-corinthians\/#article","isPartOf":{"@id":"https:\/\/www.gaveanews.com\/index.php\/2024\/05\/17\/confirmado-cassio-ira-rescindir-com-o-corinthians\/"},"author":{"name":"Henrique Machado","@id":"https:\/\/www.gaveanews.com\/#\/schema\/person\/fd07635ec039ec3ba74ad18ec8a6dbd6"},"headline":"Confirmado: C\u00e1ssio ir\u00e1 rescindir com o Corinthians","datePublished":"2024-05-17T13:40:16+00:00","dateModified":"2024-05-17T13:40:18+00:00","mainEntityOfPage":{"@id":"https:\/\/www.gaveanews.com\/index.php\/2024\/05\/17\/confirmado-cassio-ira-rescindir-com-o-corinthians\/"},"wordCount":389,"commentCount":0,"image":{"@id":"https:\/\/www.gaveanews.com\/index.php\/2024\/05\/17\/confirmado-cassio-ira-rescindir-com-o-corinthians\/#primaryimage"},"thumbnailUrl":"https:\/\/www.gaveanews.com\/wp-content\/uploads\/Cassio-goleiro-do-Corinthians.webp","articleSection":["Corinthians"],"inLanguage":"pt-BR","potentialAction":[{"@type":"CommentAction","name":"Comment","target":["https:\/\/www.gaveanews.com\/index.php\/2024\/05\/17\/confirmado-cassio-ira-rescindir-com-o-corinthians\/#respond"]}],"copyrightYear":"2024","copyrightHolder":{"@id":"https:\/\/www.gaveanews.com\/#organization"}},{"@type":"WebPage","@id":"https:\/\/www.gaveanews.com\/index.php\/2024\/05\/17\/confirmado-cassio-ira-rescindir-com-o-corinthians\/","url":"https:\/\/www.gaveanews.com\/index.php\/2024\/05\/17\/confirmado-cassio-ira-rescindir-com-o-corinthians\/","name":"Confirmado: C\u00e1ssio ir\u00e1 rescindir com o Corinthians","isPartOf":{"@id":"https:\/\/www.gaveanews.com\/#website"},"primaryImageOfPage":{"@id":"https:\/\/www.gaveanews.com\/index.php\/2024\/05\/17\/confirmado-cassio-ira-rescindir-com-o-corinthians\/#primaryimage"},"image":{"@id":"https:\/\/www.gaveanews.com\/index.php\/2024\/05\/17\/confirmado-cassio-ira-rescindir-com-o-corinthians\/#primaryimage"},"thumbnailUrl":"https:\/\/www.gaveanews.com\/wp-content\/uploads\/Cassio-goleiro-do-Corinthians.webp","datePublished":"2024-05-17T13:40:16+00:00","dateModified":"2024-05-17T13:40:18+00:00","author":{"@id":"https:\/\/www.gaveanews.com\/#\/schema\/person\/fd07635ec039ec3ba74ad18ec8a6dbd6"},"breadcrumb":{"@id":"https:\/\/www.gaveanews.com\/index.php\/2024\/05\/17\/confirmado-cassio-ira-rescindir-com-o-corinthians\/#breadcrumb"},"inLanguage":"pt-BR","potentialAction":[{"@type":"ReadAction","target":["https:\/\/www.gaveanews.com\/index.php\/2024\/05\/17\/confirmado-cassio-ira-rescindir-com-o-corinthians\/"]}]},{"@type":"ImageObject","inLanguage":"pt-BR","@id":"https:\/\/www.gaveanews.com\/index.php\/2024\/05\/17\/confirmado-cassio-ira-rescindir-com-o-corinthians\/#primaryimage","url":"https:\/\/www.gaveanews.com\/wp-content\/uploads\/Cassio-goleiro-do-Corinthians.webp","contentUrl":"https:\/\/www.gaveanews.com\/wp-content\/uploads\/Cassio-goleiro-do-Corinthians.webp","width":1440,"height":1123,"caption":"C\u00e1ssio, goleiro do Corinthians (Foto Reprodu\u00e7\u00e3o\/Instagram)"},{"@type":"BreadcrumbList","@id":"https:\/\/www.gaveanews.com\/index.php\/2024\/05\/17\/confirmado-cassio-ira-rescindir-com-o-corinthians\/#breadcrumb","itemListElement":[{"@type":"ListItem","position":1,"name":"Home","item":"https:\/\/www.gaveanews.com\/"},{"@type":"ListItem","position":2,"name":"Confirmado: C\u00e1ssio ir\u00e1 rescindir com o Corinthians"}]},{"@type":"WebSite","@id":"https:\/\/www.gaveanews.com\/#website","url":"https:\/\/www.gaveanews.com\/","name":"G\u00e1vea News","description":"Veja todas as not\u00edcias sobre o Flamengo: Contrata\u00e7\u00f5es, categorias de base, resultados das partidas, tabela de classifica\u00e7\u00e3o, pr\u00f3ximos jogos!","potentialAction":[{"@type":"SearchAction","target":{"@type":"EntryPoint","urlTemplate":"https:\/\/www.gaveanews.com\/?s={search_term_string}"},"query-input":{"@type":"PropertyValueSpecification","valueRequired":true,"valueName":"search_term_string"}}],"inLanguage":"pt-BR"},{"@type":"Person","@id":"https:\/\/www.gaveanews.com\/#\/schema\/person\/fd07635ec039ec3ba74ad18ec8a6dbd6","name":"Henrique Machado","image":{"@type":"ImageObject","inLanguage":"pt-BR","@id":"https:\/\/www.gaveanews.com\/#\/schema\/person\/image\/","url":"https:\/\/secure.gravatar.com\/avatar\/b95e35997e01d9800c1b6184bd79d4d898d370a3fce2584f5c77b907d5c7d9e9?s=96&d=mm&r=g","contentUrl":"https:\/\/secure.gravatar.com\/avatar\/b95e35997e01d9800c1b6184bd79d4d898d370a3fce2584f5c77b907d5c7d9e9?s=96&d=mm&r=g","caption":"Henrique Machado"}}]}},"_links":{"self":[{"href":"https:\/\/www.gaveanews.com\/index.php\/wp-json\/wp\/v2\/posts\/143576","targetHints":{"allow":["GET"]}}],"collection":[{"href":"https:\/\/www.gaveanews.com\/index.php\/wp-json\/wp\/v2\/posts"}],"about":[{"href":"https:\/\/www.gaveanews.com\/index.php\/wp-json\/wp\/v2\/types\/post"}],"author":[{"embeddable":true,"href":"https:\/\/www.gaveanews.com\/index.php\/wp-json\/wp\/v2\/users\/15"}],"replies":[{"embeddable":true,"href":"https:\/\/www.gaveanews.com\/index.php\/wp-json\/wp\/v2\/comments?post=143576"}],"version-history":[{"count":2,"href":"https:\/\/www.gaveanews.com\/index.php\/wp-json\/wp\/v2\/posts\/143576\/revisions"}],"predecessor-version":[{"id":143585,"href":"https:\/\/www.gaveanews.com\/index.php\/wp-json\/wp\/v2\/posts\/143576\/revisions\/143585"}],"wp:featuredmedia":[{"embeddable":true,"href":"https:\/\/www.gaveanews.com\/index.php\/wp-json\/wp\/v2\/media\/142819"}],"wp:attachment":[{"href":"https:\/\/www.gaveanews.com\/index.php\/wp-json\/wp\/v2\/media?parent=143576"}],"wp:term":[{"taxonomy":"category","embeddable":true,"href":"https:\/\/www.gaveanews.com\/index.php\/wp-json\/wp\/v2\/categories?post=143576"},{"taxonomy":"post_tag","embeddable":true,"href":"https:\/\/www.gaveanews.com\/index.php\/wp-json\/wp\/v2\/tags?post=143576"}],"curies":[{"name":"wp","href":"https:\/\/api.w.org\/{rel}","templated":true}]}}