{"id":143734,"date":"2024-05-19T12:33:00","date_gmt":"2024-05-19T15:33:00","guid":{"rendered":"https:\/\/www.gaveanews.com\/?p=143734"},"modified":"2024-05-19T12:33:06","modified_gmt":"2024-05-19T15:33:06","slug":"a-declaracao-de-casemiro-sobre-sua-situacao-no-manchester-united","status":"publish","type":"post","link":"https:\/\/www.gaveanews.com\/index.php\/2024\/05\/19\/a-declaracao-de-casemiro-sobre-sua-situacao-no-manchester-united\/","title":{"rendered":"A declara\u00e7\u00e3o de Casemiro sobre sua situa\u00e7\u00e3o no Manchester United"},"content":{"rendered":"\n<p>Casemiro desabafou sobre as cr\u00edticas que tem recebido no Manchester United. Com a equipe fazendo uma temporada abaixo das expectativas, ocupando a oitava posi\u00e7\u00e3o na Premier League, o volante brasileiro \u00e9 um dos mais criticados. Segundo Casemiro, as cr\u00edticas s\u00e3o desrespeitosas e ele n\u00e3o sente a obriga\u00e7\u00e3o de respeit\u00e1-las. Ele destacou que, na temporada passada, foi considerado uma das melhores contrata\u00e7\u00f5es da Premier League.<\/p>\n\n\n\n<p>Casemiro foi contratado em julho de 2022 por cerca de 70 milh\u00f5es de euros (R$ 365 milh\u00f5es) pagos ao Real Madrid. Na primeira temporada, o Manchester United conquistou a Copa da Liga Inglesa, e o desempenho do volante foi amplamente elogiado. Contudo, na temporada 2023\/24, tanto o time quanto Casemiro n\u00e3o repetiram o mesmo n\u00edvel de atua\u00e7\u00e3o, resultando em cr\u00edticas intensas de torcedores e jornalistas.<\/p>\n\n\n\n<p><em>\u2014 Fui considerado uma das melhores contrata\u00e7\u00f5es da Premier League na temporada passada e agora n\u00e3o valho mais nada? A cr\u00edtica \u00e9 desrespeitosa. Ent\u00e3o quando falta respeito \u00e9 preocupante, e eu tamb\u00e9m n\u00e3o tenho que respeitar isso<\/em>, disse o brasileiro em entrevista \u00e0 Sky Sports.<\/p>\n\n\n<div class=\"wp-block-image\">\n<figure class=\"aligncenter size-full\"><img loading=\"lazy\" decoding=\"async\" width=\"740\" height=\"416\" src=\"https:\/\/www.gaveanews.com\/wp-content\/uploads\/image-2024-05-13T132044.110.webp\" alt=\"\" class=\"wp-image-142806\" srcset=\"https:\/\/www.gaveanews.com\/wp-content\/uploads\/image-2024-05-13T132044.110.webp 740w, https:\/\/www.gaveanews.com\/wp-content\/uploads\/image-2024-05-13T132044.110-300x169.webp 300w, https:\/\/www.gaveanews.com\/wp-content\/uploads\/image-2024-05-13T132044.110-640x360.webp 640w, https:\/\/www.gaveanews.com\/wp-content\/uploads\/image-2024-05-13T132044.110-681x383.webp 681w, https:\/\/www.gaveanews.com\/wp-content\/uploads\/image-2024-05-13T132044.110-100x56.webp 100w\" sizes=\"auto, (max-width: 740px) 100vw, 740px\" \/><figcaption class=\"wp-element-caption\">Foto: Michael Regan\/Getty Images \u2013 Casemiro\n<\/figcaption><\/figure>\n<\/div>\n\n\n<p>A m\u00e1 fase tamb\u00e9m teve reflexos na sele\u00e7\u00e3o brasileira. Casemiro ficou fora da convoca\u00e7\u00e3o de Dorival J\u00fanior para a Copa Am\u00e9rica pela primeira vez desde 2017. O t\u00e9cnico afirmou que conversou com o atleta e que pretende voltar a entrar em contato, indicando que a aus\u00eancia pode ser tempor\u00e1ria e relacionada ao momento delicado que o jogador atravessa no clube.<\/p>\n\n\n\n<p>Al\u00e9m das cr\u00edticas pelo desempenho geral, Casemiro tamb\u00e9m foi alvo de coment\u00e1rios negativos por suas atua\u00e7\u00f5es como zagueiro. Ele deixou claro que prefere jogar como volante, posi\u00e7\u00e3o onde se sente mais confort\u00e1vel e onde acredita que pode contribuir melhor para a equipe. No entanto, ele respeita as decis\u00f5es do t\u00e9cnico e est\u00e1 disposto a atuar na zaga quando necess\u00e1rio, mesmo n\u00e3o sendo sua fun\u00e7\u00e3o preferida.<\/p>\n\n\n\n<p><em>\u2014 J\u00e1 fiz isso provavelmente umas duas ou tr\u00eas vezes, na minha passagem pelo Real Madrid. Mas, todos sabem que sou m\u00e9dio central. N\u00e3o \u00e9 um papel que eu goste de fazer, mas, quer saber, eu fa\u00e7o isso com a melhor vontade do mundo<\/em>, afirmou o jogador.<\/p>\n\n\n\n<h2 class=\"wp-block-heading\" id=\"h-carlos-henrique-casemiro\">Carlos Henrique Casemiro<\/h2>\n\n\n\n<p>Carlos Henrique Casemiro, conhecido apenas como Casemiro, iniciou sua trajet\u00f3ria no futebol profissional pelo S\u00e3o Paulo. Revelado pelas categorias de base do clube, Casemiro fez sua estreia no time principal em 2010. Com atua\u00e7\u00f5es s\u00f3lidas no meio-campo, ele rapidamente se destacou pela sua capacidade de marca\u00e7\u00e3o, vis\u00e3o de jogo e for\u00e7a f\u00edsica. No S\u00e3o Paulo, Casemiro conquistou a Copa Sul-Americana de 2012, evidenciando seu potencial e chamando a aten\u00e7\u00e3o de clubes europeus.<\/p>\n\n\n\n<p>Em 2013, Casemiro foi emprestado ao Real Madrid B, onde se adaptou ao futebol europeu e mostrou seu valor. Posteriormente, integrou o elenco principal do Real Madrid. Durante sua longa passagem pelo clube merengue, Casemiro tornou-se um dos pilares do meio-campo, ao lado de jogadores como Luka Modri\u0107 e Toni Kroos. <\/p>\n\n\n<div class=\"wp-block-image\">\n<figure class=\"aligncenter size-full\"><img loading=\"lazy\" decoding=\"async\" width=\"640\" height=\"400\" src=\"https:\/\/www.gaveanews.com\/wp-content\/uploads\/casemiro-modric-varane.webp\" alt=\"\" class=\"wp-image-118696\" srcset=\"https:\/\/www.gaveanews.com\/wp-content\/uploads\/casemiro-modric-varane.webp 640w, https:\/\/www.gaveanews.com\/wp-content\/uploads\/casemiro-modric-varane-300x188.webp 300w, https:\/\/www.gaveanews.com\/wp-content\/uploads\/casemiro-modric-varane-100x63.webp 100w\" sizes=\"auto, (max-width: 640px) 100vw, 640px\" \/><figcaption class=\"wp-element-caption\">Casemiro, Modric e Varane pelo Real Madrid &#8211; Foto: Getty<\/figcaption><\/figure>\n<\/div>\n\n\n<p>Ele conquistou in\u00fameros t\u00edtulos importantes, incluindo cinco Ligas dos Campe\u00f5es da UEFA, tr\u00eas t\u00edtulos da La Liga e diversas outras competi\u00e7\u00f5es nacionais e internacionais. Sua presen\u00e7a constante e desempenho consistente foram fundamentais para o sucesso do Real Madrid ao longo desses anos.<\/p>\n\n\n\n<p>Al\u00e9m do sucesso em clubes, Casemiro tamb\u00e9m teve uma carreira destacada na sele\u00e7\u00e3o brasileira. Ele estreou pela sele\u00e7\u00e3o principal em 2011 e desde ent\u00e3o tem sido uma figura constante nas convoca\u00e7\u00f5es. Casemiro participou de v\u00e1rias competi\u00e7\u00f5es importantes, incluindo Copas do Mundo e Copas Am\u00e9rica. Em 2019, ele foi pe\u00e7a-chave na conquista da Copa Am\u00e9rica pelo Brasil, mostrando sua lideran\u00e7a e habilidade em momentos decisivos.<\/p>\n\n\n\n<p>Atualmente, Casemiro defende o Manchester United, clube para o qual se transferiu em 2022. <\/p>\n","protected":false},"excerpt":{"rendered":"<p>Casemiro desabafou sobre as cr\u00edticas que tem recebido no Manchester United. Com a equipe fazendo uma temporada abaixo das expectativas, ocupando a oitava posi\u00e7\u00e3o na Premier League, o volante brasileiro \u00e9 um dos mais criticados. Segundo Casemiro, as cr\u00edticas s\u00e3o desrespeitosas e ele n\u00e3o sente a obriga\u00e7\u00e3o de respeit\u00e1-las. Ele destacou que, na temporada passada, [&hellip;]<\/p>\n","protected":false},"author":1,"featured_media":142805,"comment_status":"open","ping_status":"closed","sticky":false,"template":"","format":"standard","meta":{"footnotes":""},"categories":[90],"tags":[],"class_list":["post-143734","post","type-post","status-publish","format-standard","has-post-thumbnail","hentry","category-manchester-united"],"yoast_head":"<!-- This site is optimized with the Yoast SEO Premium plugin v24.2 (Yoast SEO v26.9) - https:\/\/yoast.com\/product\/yoast-seo-premium-wordpress\/ -->\n<title>A declara\u00e7\u00e3o de Casemiro sobre sua situa\u00e7\u00e3o no Manchester United<\/title>\n<meta name=\"robots\" content=\"index, follow, max-snippet:-1, max-image-preview:large, max-video-preview:-1\" \/>\n<link rel=\"canonical\" href=\"https:\/\/www.gaveanews.com\/index.php\/2024\/05\/19\/a-declaracao-de-casemiro-sobre-sua-situacao-no-manchester-united\/\" \/>\n<meta property=\"og:locale\" content=\"pt_BR\" \/>\n<meta property=\"og:type\" content=\"article\" \/>\n<meta property=\"og:title\" content=\"A declara\u00e7\u00e3o de Casemiro sobre sua situa\u00e7\u00e3o no Manchester United\" \/>\n<meta property=\"og:description\" content=\"Casemiro desabafou sobre as cr\u00edticas que tem recebido no Manchester United. Com a equipe fazendo uma temporada abaixo das expectativas, ocupando a oitava posi\u00e7\u00e3o na Premier League, o volante brasileiro \u00e9 um dos mais criticados. Segundo Casemiro, as cr\u00edticas s\u00e3o desrespeitosas e ele n\u00e3o sente a obriga\u00e7\u00e3o de respeit\u00e1-las. Ele destacou que, na temporada passada, [&hellip;]\" \/>\n<meta property=\"og:url\" content=\"https:\/\/www.gaveanews.com\/index.php\/2024\/05\/19\/a-declaracao-de-casemiro-sobre-sua-situacao-no-manchester-united\/\" \/>\n<meta property=\"og:site_name\" content=\"G\u00e1vea News\" \/>\n<meta property=\"article:publisher\" content=\"https:\/\/facebook.com\/gaveaNews\/\" \/>\n<meta property=\"article:published_time\" content=\"2024-05-19T15:33:00+00:00\" \/>\n<meta property=\"article:modified_time\" content=\"2024-05-19T15:33:06+00:00\" \/>\n<meta property=\"og:image\" content=\"https:\/\/www.gaveanews.com\/wp-content\/uploads\/i-1.webp\" \/>\n\t<meta property=\"og:image:width\" content=\"570\" \/>\n\t<meta property=\"og:image:height\" content=\"321\" \/>\n\t<meta property=\"og:image:type\" content=\"image\/jpeg\" \/>\n<meta name=\"author\" content=\"Equipe G\u00e1vea News\" \/>\n<meta name=\"twitter:card\" content=\"summary_large_image\" \/>\n<meta name=\"twitter:label1\" content=\"Escrito por\" \/>\n\t<meta name=\"twitter:data1\" content=\"Equipe G\u00e1vea News\" \/>\n\t<meta name=\"twitter:label2\" content=\"Est. tempo de leitura\" \/>\n\t<meta name=\"twitter:data2\" content=\"4 minutos\" \/>\n<script type=\"application\/ld+json\" class=\"yoast-schema-graph\">{\"@context\":\"https:\/\/schema.org\",\"@graph\":[{\"@type\":\"NewsArticle\",\"@id\":\"https:\/\/www.gaveanews.com\/index.php\/2024\/05\/19\/a-declaracao-de-casemiro-sobre-sua-situacao-no-manchester-united\/#article\",\"isPartOf\":{\"@id\":\"https:\/\/www.gaveanews.com\/index.php\/2024\/05\/19\/a-declaracao-de-casemiro-sobre-sua-situacao-no-manchester-united\/\"},\"author\":{\"name\":\"Equipe G\u00e1vea News\",\"@id\":\"https:\/\/www.gaveanews.com\/#\/schema\/person\/2ec14f73fb96be2caf28f91afb14749d\"},\"headline\":\"A declara\u00e7\u00e3o de Casemiro sobre sua situa\u00e7\u00e3o no Manchester United\",\"datePublished\":\"2024-05-19T15:33:00+00:00\",\"dateModified\":\"2024-05-19T15:33:06+00:00\",\"mainEntityOfPage\":{\"@id\":\"https:\/\/www.gaveanews.com\/index.php\/2024\/05\/19\/a-declaracao-de-casemiro-sobre-sua-situacao-no-manchester-united\/\"},\"wordCount\":675,\"commentCount\":0,\"image\":{\"@id\":\"https:\/\/www.gaveanews.com\/index.php\/2024\/05\/19\/a-declaracao-de-casemiro-sobre-sua-situacao-no-manchester-united\/#primaryimage\"},\"thumbnailUrl\":\"https:\/\/www.gaveanews.com\/wp-content\/uploads\/i-1.webp\",\"articleSection\":[\"Manchester United\"],\"inLanguage\":\"pt-BR\",\"potentialAction\":[{\"@type\":\"CommentAction\",\"name\":\"Comment\",\"target\":[\"https:\/\/www.gaveanews.com\/index.php\/2024\/05\/19\/a-declaracao-de-casemiro-sobre-sua-situacao-no-manchester-united\/#respond\"]}],\"copyrightYear\":\"2024\",\"copyrightHolder\":{\"@id\":\"https:\/\/www.gaveanews.com\/#organization\"}},{\"@type\":\"WebPage\",\"@id\":\"https:\/\/www.gaveanews.com\/index.php\/2024\/05\/19\/a-declaracao-de-casemiro-sobre-sua-situacao-no-manchester-united\/\",\"url\":\"https:\/\/www.gaveanews.com\/index.php\/2024\/05\/19\/a-declaracao-de-casemiro-sobre-sua-situacao-no-manchester-united\/\",\"name\":\"A declara\u00e7\u00e3o de Casemiro sobre sua situa\u00e7\u00e3o no Manchester United\",\"isPartOf\":{\"@id\":\"https:\/\/www.gaveanews.com\/#website\"},\"primaryImageOfPage\":{\"@id\":\"https:\/\/www.gaveanews.com\/index.php\/2024\/05\/19\/a-declaracao-de-casemiro-sobre-sua-situacao-no-manchester-united\/#primaryimage\"},\"image\":{\"@id\":\"https:\/\/www.gaveanews.com\/index.php\/2024\/05\/19\/a-declaracao-de-casemiro-sobre-sua-situacao-no-manchester-united\/#primaryimage\"},\"thumbnailUrl\":\"https:\/\/www.gaveanews.com\/wp-content\/uploads\/i-1.webp\",\"datePublished\":\"2024-05-19T15:33:00+00:00\",\"dateModified\":\"2024-05-19T15:33:06+00:00\",\"author\":{\"@id\":\"https:\/\/www.gaveanews.com\/#\/schema\/person\/2ec14f73fb96be2caf28f91afb14749d\"},\"breadcrumb\":{\"@id\":\"https:\/\/www.gaveanews.com\/index.php\/2024\/05\/19\/a-declaracao-de-casemiro-sobre-sua-situacao-no-manchester-united\/#breadcrumb\"},\"inLanguage\":\"pt-BR\",\"potentialAction\":[{\"@type\":\"ReadAction\",\"target\":[\"https:\/\/www.gaveanews.com\/index.php\/2024\/05\/19\/a-declaracao-de-casemiro-sobre-sua-situacao-no-manchester-united\/\"]}]},{\"@type\":\"ImageObject\",\"inLanguage\":\"pt-BR\",\"@id\":\"https:\/\/www.gaveanews.com\/index.php\/2024\/05\/19\/a-declaracao-de-casemiro-sobre-sua-situacao-no-manchester-united\/#primaryimage\",\"url\":\"https:\/\/www.gaveanews.com\/wp-content\/uploads\/i-1.webp\",\"contentUrl\":\"https:\/\/www.gaveanews.com\/wp-content\/uploads\/i-1.webp\",\"width\":570,\"height\":321,\"caption\":\"Casemiro durante jogo entre Manchester United e Arsenal, pela Premier League EFE\/EPA\/PETER POWELL\"},{\"@type\":\"BreadcrumbList\",\"@id\":\"https:\/\/www.gaveanews.com\/index.php\/2024\/05\/19\/a-declaracao-de-casemiro-sobre-sua-situacao-no-manchester-united\/#breadcrumb\",\"itemListElement\":[{\"@type\":\"ListItem\",\"position\":1,\"name\":\"Home\",\"item\":\"https:\/\/www.gaveanews.com\/\"},{\"@type\":\"ListItem\",\"position\":2,\"name\":\"A declara\u00e7\u00e3o de Casemiro sobre sua situa\u00e7\u00e3o no Manchester United\"}]},{\"@type\":\"WebSite\",\"@id\":\"https:\/\/www.gaveanews.com\/#website\",\"url\":\"https:\/\/www.gaveanews.com\/\",\"name\":\"G\u00e1vea News\",\"description\":\"Veja todas as not\u00edcias sobre o Flamengo: Contrata\u00e7\u00f5es, categorias de base, resultados das partidas, tabela de classifica\u00e7\u00e3o, pr\u00f3ximos jogos!\",\"potentialAction\":[{\"@type\":\"SearchAction\",\"target\":{\"@type\":\"EntryPoint\",\"urlTemplate\":\"https:\/\/www.gaveanews.com\/?s={search_term_string}\"},\"query-input\":{\"@type\":\"PropertyValueSpecification\",\"valueRequired\":true,\"valueName\":\"search_term_string\"}}],\"inLanguage\":\"pt-BR\"},{\"@type\":\"Person\",\"@id\":\"https:\/\/www.gaveanews.com\/#\/schema\/person\/2ec14f73fb96be2caf28f91afb14749d\",\"name\":\"Equipe G\u00e1vea News\",\"image\":{\"@type\":\"ImageObject\",\"inLanguage\":\"pt-BR\",\"@id\":\"https:\/\/www.gaveanews.com\/#\/schema\/person\/image\/\",\"url\":\"https:\/\/secure.gravatar.com\/avatar\/1e1956f1facbffd3f8fa53a326721950116b3b9dc9bd44939c01180fd4a745a9?s=96&d=mm&r=g\",\"contentUrl\":\"https:\/\/secure.gravatar.com\/avatar\/1e1956f1facbffd3f8fa53a326721950116b3b9dc9bd44939c01180fd4a745a9?s=96&d=mm&r=g\",\"caption\":\"Equipe G\u00e1vea News\"}}]}<\/script>\n<!-- \/ Yoast SEO Premium plugin. -->","yoast_head_json":{"title":"A declara\u00e7\u00e3o de Casemiro sobre sua situa\u00e7\u00e3o no Manchester United","robots":{"index":"index","follow":"follow","max-snippet":"max-snippet:-1","max-image-preview":"max-image-preview:large","max-video-preview":"max-video-preview:-1"},"canonical":"https:\/\/www.gaveanews.com\/index.php\/2024\/05\/19\/a-declaracao-de-casemiro-sobre-sua-situacao-no-manchester-united\/","og_locale":"pt_BR","og_type":"article","og_title":"A declara\u00e7\u00e3o de Casemiro sobre sua situa\u00e7\u00e3o no Manchester United","og_description":"Casemiro desabafou sobre as cr\u00edticas que tem recebido no Manchester United. Com a equipe fazendo uma temporada abaixo das expectativas, ocupando a oitava posi\u00e7\u00e3o na Premier League, o volante brasileiro \u00e9 um dos mais criticados. Segundo Casemiro, as cr\u00edticas s\u00e3o desrespeitosas e ele n\u00e3o sente a obriga\u00e7\u00e3o de respeit\u00e1-las. Ele destacou que, na temporada passada, [&hellip;]","og_url":"https:\/\/www.gaveanews.com\/index.php\/2024\/05\/19\/a-declaracao-de-casemiro-sobre-sua-situacao-no-manchester-united\/","og_site_name":"G\u00e1vea News","article_publisher":"https:\/\/facebook.com\/gaveaNews\/","article_published_time":"2024-05-19T15:33:00+00:00","article_modified_time":"2024-05-19T15:33:06+00:00","og_image":[{"width":570,"height":321,"url":"https:\/\/www.gaveanews.com\/wp-content\/uploads\/i-1.webp","type":"image\/jpeg"}],"author":"Equipe G\u00e1vea News","twitter_card":"summary_large_image","twitter_misc":{"Escrito por":"Equipe G\u00e1vea News","Est. tempo de leitura":"4 minutos"},"schema":{"@context":"https:\/\/schema.org","@graph":[{"@type":"NewsArticle","@id":"https:\/\/www.gaveanews.com\/index.php\/2024\/05\/19\/a-declaracao-de-casemiro-sobre-sua-situacao-no-manchester-united\/#article","isPartOf":{"@id":"https:\/\/www.gaveanews.com\/index.php\/2024\/05\/19\/a-declaracao-de-casemiro-sobre-sua-situacao-no-manchester-united\/"},"author":{"name":"Equipe G\u00e1vea News","@id":"https:\/\/www.gaveanews.com\/#\/schema\/person\/2ec14f73fb96be2caf28f91afb14749d"},"headline":"A declara\u00e7\u00e3o de Casemiro sobre sua situa\u00e7\u00e3o no Manchester United","datePublished":"2024-05-19T15:33:00+00:00","dateModified":"2024-05-19T15:33:06+00:00","mainEntityOfPage":{"@id":"https:\/\/www.gaveanews.com\/index.php\/2024\/05\/19\/a-declaracao-de-casemiro-sobre-sua-situacao-no-manchester-united\/"},"wordCount":675,"commentCount":0,"image":{"@id":"https:\/\/www.gaveanews.com\/index.php\/2024\/05\/19\/a-declaracao-de-casemiro-sobre-sua-situacao-no-manchester-united\/#primaryimage"},"thumbnailUrl":"https:\/\/www.gaveanews.com\/wp-content\/uploads\/i-1.webp","articleSection":["Manchester United"],"inLanguage":"pt-BR","potentialAction":[{"@type":"CommentAction","name":"Comment","target":["https:\/\/www.gaveanews.com\/index.php\/2024\/05\/19\/a-declaracao-de-casemiro-sobre-sua-situacao-no-manchester-united\/#respond"]}],"copyrightYear":"2024","copyrightHolder":{"@id":"https:\/\/www.gaveanews.com\/#organization"}},{"@type":"WebPage","@id":"https:\/\/www.gaveanews.com\/index.php\/2024\/05\/19\/a-declaracao-de-casemiro-sobre-sua-situacao-no-manchester-united\/","url":"https:\/\/www.gaveanews.com\/index.php\/2024\/05\/19\/a-declaracao-de-casemiro-sobre-sua-situacao-no-manchester-united\/","name":"A declara\u00e7\u00e3o de Casemiro sobre sua situa\u00e7\u00e3o no Manchester United","isPartOf":{"@id":"https:\/\/www.gaveanews.com\/#website"},"primaryImageOfPage":{"@id":"https:\/\/www.gaveanews.com\/index.php\/2024\/05\/19\/a-declaracao-de-casemiro-sobre-sua-situacao-no-manchester-united\/#primaryimage"},"image":{"@id":"https:\/\/www.gaveanews.com\/index.php\/2024\/05\/19\/a-declaracao-de-casemiro-sobre-sua-situacao-no-manchester-united\/#primaryimage"},"thumbnailUrl":"https:\/\/www.gaveanews.com\/wp-content\/uploads\/i-1.webp","datePublished":"2024-05-19T15:33:00+00:00","dateModified":"2024-05-19T15:33:06+00:00","author":{"@id":"https:\/\/www.gaveanews.com\/#\/schema\/person\/2ec14f73fb96be2caf28f91afb14749d"},"breadcrumb":{"@id":"https:\/\/www.gaveanews.com\/index.php\/2024\/05\/19\/a-declaracao-de-casemiro-sobre-sua-situacao-no-manchester-united\/#breadcrumb"},"inLanguage":"pt-BR","potentialAction":[{"@type":"ReadAction","target":["https:\/\/www.gaveanews.com\/index.php\/2024\/05\/19\/a-declaracao-de-casemiro-sobre-sua-situacao-no-manchester-united\/"]}]},{"@type":"ImageObject","inLanguage":"pt-BR","@id":"https:\/\/www.gaveanews.com\/index.php\/2024\/05\/19\/a-declaracao-de-casemiro-sobre-sua-situacao-no-manchester-united\/#primaryimage","url":"https:\/\/www.gaveanews.com\/wp-content\/uploads\/i-1.webp","contentUrl":"https:\/\/www.gaveanews.com\/wp-content\/uploads\/i-1.webp","width":570,"height":321,"caption":"Casemiro durante jogo entre Manchester United e Arsenal, pela Premier League EFE\/EPA\/PETER POWELL"},{"@type":"BreadcrumbList","@id":"https:\/\/www.gaveanews.com\/index.php\/2024\/05\/19\/a-declaracao-de-casemiro-sobre-sua-situacao-no-manchester-united\/#breadcrumb","itemListElement":[{"@type":"ListItem","position":1,"name":"Home","item":"https:\/\/www.gaveanews.com\/"},{"@type":"ListItem","position":2,"name":"A declara\u00e7\u00e3o de Casemiro sobre sua situa\u00e7\u00e3o no Manchester United"}]},{"@type":"WebSite","@id":"https:\/\/www.gaveanews.com\/#website","url":"https:\/\/www.gaveanews.com\/","name":"G\u00e1vea News","description":"Veja todas as not\u00edcias sobre o Flamengo: Contrata\u00e7\u00f5es, categorias de base, resultados das partidas, tabela de classifica\u00e7\u00e3o, pr\u00f3ximos jogos!","potentialAction":[{"@type":"SearchAction","target":{"@type":"EntryPoint","urlTemplate":"https:\/\/www.gaveanews.com\/?s={search_term_string}"},"query-input":{"@type":"PropertyValueSpecification","valueRequired":true,"valueName":"search_term_string"}}],"inLanguage":"pt-BR"},{"@type":"Person","@id":"https:\/\/www.gaveanews.com\/#\/schema\/person\/2ec14f73fb96be2caf28f91afb14749d","name":"Equipe G\u00e1vea News","image":{"@type":"ImageObject","inLanguage":"pt-BR","@id":"https:\/\/www.gaveanews.com\/#\/schema\/person\/image\/","url":"https:\/\/secure.gravatar.com\/avatar\/1e1956f1facbffd3f8fa53a326721950116b3b9dc9bd44939c01180fd4a745a9?s=96&d=mm&r=g","contentUrl":"https:\/\/secure.gravatar.com\/avatar\/1e1956f1facbffd3f8fa53a326721950116b3b9dc9bd44939c01180fd4a745a9?s=96&d=mm&r=g","caption":"Equipe G\u00e1vea News"}}]}},"_links":{"self":[{"href":"https:\/\/www.gaveanews.com\/index.php\/wp-json\/wp\/v2\/posts\/143734","targetHints":{"allow":["GET"]}}],"collection":[{"href":"https:\/\/www.gaveanews.com\/index.php\/wp-json\/wp\/v2\/posts"}],"about":[{"href":"https:\/\/www.gaveanews.com\/index.php\/wp-json\/wp\/v2\/types\/post"}],"author":[{"embeddable":true,"href":"https:\/\/www.gaveanews.com\/index.php\/wp-json\/wp\/v2\/users\/1"}],"replies":[{"embeddable":true,"href":"https:\/\/www.gaveanews.com\/index.php\/wp-json\/wp\/v2\/comments?post=143734"}],"version-history":[{"count":1,"href":"https:\/\/www.gaveanews.com\/index.php\/wp-json\/wp\/v2\/posts\/143734\/revisions"}],"predecessor-version":[{"id":143736,"href":"https:\/\/www.gaveanews.com\/index.php\/wp-json\/wp\/v2\/posts\/143734\/revisions\/143736"}],"wp:featuredmedia":[{"embeddable":true,"href":"https:\/\/www.gaveanews.com\/index.php\/wp-json\/wp\/v2\/media\/142805"}],"wp:attachment":[{"href":"https:\/\/www.gaveanews.com\/index.php\/wp-json\/wp\/v2\/media?parent=143734"}],"wp:term":[{"taxonomy":"category","embeddable":true,"href":"https:\/\/www.gaveanews.com\/index.php\/wp-json\/wp\/v2\/categories?post=143734"},{"taxonomy":"post_tag","embeddable":true,"href":"https:\/\/www.gaveanews.com\/index.php\/wp-json\/wp\/v2\/tags?post=143734"}],"curies":[{"name":"wp","href":"https:\/\/api.w.org\/{rel}","templated":true}]}}