{"id":143887,"date":"2024-05-20T15:45:50","date_gmt":"2024-05-20T18:45:50","guid":{"rendered":"https:\/\/www.gaveanews.com\/?p=143887"},"modified":"2024-05-20T15:45:52","modified_gmt":"2024-05-20T18:45:52","slug":"zico-e-questionado-sobre-a-situacao-de-gabigol-no-flamengo","status":"publish","type":"post","link":"https:\/\/www.gaveanews.com\/index.php\/2024\/05\/20\/zico-e-questionado-sobre-a-situacao-de-gabigol-no-flamengo\/","title":{"rendered":"Zico \u00e9 questionado sobre a situa\u00e7\u00e3o de Gabigol no Flamengo"},"content":{"rendered":"\n<p>Na \u00faltima quinta-feira (16), os torcedores do Flamengo foram surpreendidos com a viraliza\u00e7\u00e3o de uma foto que mostrava Gabriel Barbosa vestindo a camisa do Corinthians. O epis\u00f3dio ocorreu durante um evento privado na resid\u00eancia do atacante do Flamengo, gerando ampla repercuss\u00e3o nas redes sociais.<\/p>\n\n\n\n<p>Diante da controv\u00e9rsia, o jogador pediu desculpas \u00e0 torcida rubro-negra, garantindo que n\u00e3o repetiria tal ato. Em um gesto de comprometimento com o clube que defende, ele afirmou que seguir\u00e1 honrando a camisa do Flamengo, onde jogar\u00e1 com o n\u00famero 99 at\u00e9 o fim de seu contrato em dezembro.<\/p>\n\n\n\n<p>A situa\u00e7\u00e3o gerou rea\u00e7\u00f5es variadas entre figuras not\u00f3rias do clube, incluindo Zico, o maior \u00eddolo do Flamengo. Apesar de seu hist\u00f3rico de apoio a Gabigol, o &#8216;Galinho de Quintino&#8217; optou por se manter distante da controv\u00e9rsia atual. Ao ser perguntado sobre o assunto, Zico recusou-se a comentar, conforme relatado pelo jornal &#8216;O Globo&#8217;.<\/p>\n\n\n\n<p>Por conta dessa controv\u00e9rsia, o jogador foi multado em 10% do seu sal\u00e1rio e perdeu o direito de usar o n\u00famero 10, que ostentava desde janeiro de 2023. Segundo um dirigente do clube, o famigerado n\u00famero 10 ficar\u00e1 &#8220;sem dono&#8221; por um tempo, visto que nenhum jogador ir\u00e1 assumi-lo imediatamente ap\u00f3s a pol\u00eamica.<\/p>\n\n\n\n<h2 class=\"wp-block-heading\" id=\"h-quando-sera-o-proximo-jogo-do-flamengo\">Quando ser\u00e1 o pr\u00f3ximo jogo do Flamengo?<\/h2>\n\n\n\n<p>Em maio, o\u00a0<a href=\"https:\/\/gaveanews.com\/?utm_source=SystemGaveaNews&amp;utm_medium=SystemGaveaNews&amp;utm_campaign=SystemGaveaNews\">Flamengo<\/a>\u00a0enfrentar\u00e1 uma agenda repleta de desafios, competindo em tr\u00eas diferentes torneios. Sob o comando do t\u00e9cnico Tite, a equipe ter\u00e1 partidas pelo Campeonato Brasileiro, Copa Libertadores e Copa do Brasil.<\/p>\n\n\n\n<p>Confira abaixo a agenda do\u00a0<a href=\"https:\/\/gaveanews.com\/?utm_source=SystemGaveaNews&amp;utm_medium=SystemGaveaNews&amp;utm_campaign=SystemGaveaNews\">Flamengo<\/a>\u00a0no m\u00eas de maio:<\/p>\n\n\n\n<ul class=\"wp-block-list\">\n<li>01\/05 \u2013\u00a0<a href=\"https:\/\/gaveanews.com\/?utm_source=SystemGaveaNews&amp;utm_medium=SystemGaveaNews&amp;utm_campaign=SystemGaveaNews\">Flamengo<\/a>\u00a01 x 0 Amazonas<\/li>\n\n\n\n<li>04\/05 \u2013 Bragantino 1 x 1\u00a0<a href=\"https:\/\/gaveanews.com\/?utm_source=SystemGaveaNews&amp;utm_medium=SystemGaveaNews&amp;utm_campaign=SystemGaveaNews\">Flamengo<\/a><\/li>\n\n\n\n<li>07\/05 \u2013 Palestino 1 x 0\u00a0<a href=\"https:\/\/gaveanews.com\/?utm_source=SystemGaveaNews&amp;utm_medium=SystemGaveaNews&amp;utm_campaign=SystemGaveaNews\">Flamengo<\/a><\/li>\n\n\n\n<li>11\/05 \u2013\u00a0<a href=\"https:\/\/gaveanews.com\/?utm_source=SystemGaveaNews&amp;utm_medium=SystemGaveaNews&amp;utm_campaign=SystemGaveaNews\">Flamengo<\/a>\u00a02 x 0\u00a0<a href=\"https:\/\/www.gaveanews.com\/?s=corinthians&amp;utm_source=SystemGaveaNews&amp;utm_medium=SystemGaveaNews&amp;utm_campaign=SystemGaveaNews\">Corinthians<\/a><\/li>\n\n\n\n<li>15\/05 \u2013\u00a0<a href=\"https:\/\/gaveanews.com\/?utm_source=SystemGaveaNews&amp;utm_medium=SystemGaveaNews&amp;utm_campaign=SystemGaveaNews\">Flamengo<\/a>\u00a04 x 0 Bol\u00edvar<\/li>\n\n\n\n<li>18\/05 \u2013\u00a0<a href=\"https:\/\/www.gaveanews.com\/?s=vasco&amp;utm_source=SystemGaveaNews&amp;utm_medium=SystemGaveaNews&amp;utm_campaign=SystemGaveaNews\">Vasco<\/a>\u00a0x\u00a0<a href=\"https:\/\/gaveanews.com\/?utm_source=SystemGaveaNews&amp;utm_medium=SystemGaveaNews&amp;utm_campaign=SystemGaveaNews\">Flamengo<\/a>\u00a0\u2013 ADIADO<\/li>\n\n\n\n<li>22\/05 \u2013 Amazonas x\u00a0<a href=\"https:\/\/gaveanews.com\/?utm_source=SystemGaveaNews&amp;utm_medium=SystemGaveaNews&amp;utm_campaign=SystemGaveaNews\">Flamengo<\/a><\/li>\n\n\n\n<li>28\/05 \u2013\u00a0<a href=\"https:\/\/gaveanews.com\/?utm_source=SystemGaveaNews&amp;utm_medium=SystemGaveaNews&amp;utm_campaign=SystemGaveaNews\">Flamengo<\/a>\u00a0x Millonarios<\/li>\n<\/ul>\n","protected":false},"excerpt":{"rendered":"<p>Na \u00faltima quinta-feira (16), os torcedores do Flamengo foram surpreendidos com a viraliza\u00e7\u00e3o de uma foto que mostrava Gabriel Barbosa vestindo a camisa do Corinthians. O epis\u00f3dio ocorreu durante um evento privado na resid\u00eancia do atacante do Flamengo, gerando ampla repercuss\u00e3o nas redes sociais. Diante da controv\u00e9rsia, o jogador pediu desculpas \u00e0 torcida rubro-negra, garantindo [&hellip;]<\/p>\n","protected":false},"author":15,"featured_media":114175,"comment_status":"open","ping_status":"closed","sticky":false,"template":"","format":"standard","meta":{"footnotes":""},"categories":[1],"tags":[],"class_list":["post-143887","post","type-post","status-publish","format-standard","has-post-thumbnail","hentry","category-flamengo"],"yoast_head":"<!-- This site is optimized with the Yoast SEO Premium plugin v24.2 (Yoast SEO v26.9) - https:\/\/yoast.com\/product\/yoast-seo-premium-wordpress\/ -->\n<title>Zico \u00e9 questionado sobre a situa\u00e7\u00e3o de Gabigol no Flamengo<\/title>\n<meta name=\"robots\" content=\"index, follow, max-snippet:-1, max-image-preview:large, max-video-preview:-1\" \/>\n<link rel=\"canonical\" href=\"https:\/\/www.gaveanews.com\/index.php\/2024\/05\/20\/zico-e-questionado-sobre-a-situacao-de-gabigol-no-flamengo\/\" \/>\n<meta property=\"og:locale\" content=\"pt_BR\" \/>\n<meta property=\"og:type\" content=\"article\" \/>\n<meta property=\"og:title\" content=\"Zico \u00e9 questionado sobre a situa\u00e7\u00e3o de Gabigol no Flamengo\" \/>\n<meta property=\"og:description\" content=\"Na \u00faltima quinta-feira (16), os torcedores do Flamengo foram surpreendidos com a viraliza\u00e7\u00e3o de uma foto que mostrava Gabriel Barbosa vestindo a camisa do Corinthians. O epis\u00f3dio ocorreu durante um evento privado na resid\u00eancia do atacante do Flamengo, gerando ampla repercuss\u00e3o nas redes sociais. Diante da controv\u00e9rsia, o jogador pediu desculpas \u00e0 torcida rubro-negra, garantindo [&hellip;]\" \/>\n<meta property=\"og:url\" content=\"https:\/\/www.gaveanews.com\/index.php\/2024\/05\/20\/zico-e-questionado-sobre-a-situacao-de-gabigol-no-flamengo\/\" \/>\n<meta property=\"og:site_name\" content=\"G\u00e1vea News\" \/>\n<meta property=\"article:publisher\" content=\"https:\/\/facebook.com\/gaveaNews\/\" \/>\n<meta property=\"article:published_time\" content=\"2024-05-20T18:45:50+00:00\" \/>\n<meta property=\"article:modified_time\" content=\"2024-05-20T18:45:52+00:00\" \/>\n<meta property=\"og:image\" content=\"https:\/\/www.gaveanews.com\/wp-content\/uploads\/zico-e-gabigol-flamengo.webp\" \/>\n\t<meta property=\"og:image:width\" content=\"1920\" \/>\n\t<meta property=\"og:image:height\" content=\"1080\" \/>\n\t<meta property=\"og:image:type\" content=\"image\/webp\" \/>\n<meta name=\"author\" content=\"Henrique Machado\" \/>\n<meta name=\"twitter:card\" content=\"summary_large_image\" \/>\n<meta name=\"twitter:label1\" content=\"Escrito por\" \/>\n\t<meta name=\"twitter:data1\" content=\"Henrique Machado\" \/>\n\t<meta name=\"twitter:label2\" content=\"Est. tempo de leitura\" \/>\n\t<meta name=\"twitter:data2\" content=\"2 minutos\" \/>\n<script type=\"application\/ld+json\" class=\"yoast-schema-graph\">{\"@context\":\"https:\/\/schema.org\",\"@graph\":[{\"@type\":\"NewsArticle\",\"@id\":\"https:\/\/www.gaveanews.com\/index.php\/2024\/05\/20\/zico-e-questionado-sobre-a-situacao-de-gabigol-no-flamengo\/#article\",\"isPartOf\":{\"@id\":\"https:\/\/www.gaveanews.com\/index.php\/2024\/05\/20\/zico-e-questionado-sobre-a-situacao-de-gabigol-no-flamengo\/\"},\"author\":{\"name\":\"Henrique Machado\",\"@id\":\"https:\/\/www.gaveanews.com\/#\/schema\/person\/fd07635ec039ec3ba74ad18ec8a6dbd6\"},\"headline\":\"Zico \u00e9 questionado sobre a situa\u00e7\u00e3o de Gabigol no Flamengo\",\"datePublished\":\"2024-05-20T18:45:50+00:00\",\"dateModified\":\"2024-05-20T18:45:52+00:00\",\"mainEntityOfPage\":{\"@id\":\"https:\/\/www.gaveanews.com\/index.php\/2024\/05\/20\/zico-e-questionado-sobre-a-situacao-de-gabigol-no-flamengo\/\"},\"wordCount\":301,\"commentCount\":0,\"image\":{\"@id\":\"https:\/\/www.gaveanews.com\/index.php\/2024\/05\/20\/zico-e-questionado-sobre-a-situacao-de-gabigol-no-flamengo\/#primaryimage\"},\"thumbnailUrl\":\"https:\/\/www.gaveanews.com\/wp-content\/uploads\/zico-e-gabigol-flamengo.webp\",\"articleSection\":[\"Flamengo\"],\"inLanguage\":\"pt-BR\",\"potentialAction\":[{\"@type\":\"CommentAction\",\"name\":\"Comment\",\"target\":[\"https:\/\/www.gaveanews.com\/index.php\/2024\/05\/20\/zico-e-questionado-sobre-a-situacao-de-gabigol-no-flamengo\/#respond\"]}],\"copyrightYear\":\"2024\",\"copyrightHolder\":{\"@id\":\"https:\/\/www.gaveanews.com\/#organization\"}},{\"@type\":\"WebPage\",\"@id\":\"https:\/\/www.gaveanews.com\/index.php\/2024\/05\/20\/zico-e-questionado-sobre-a-situacao-de-gabigol-no-flamengo\/\",\"url\":\"https:\/\/www.gaveanews.com\/index.php\/2024\/05\/20\/zico-e-questionado-sobre-a-situacao-de-gabigol-no-flamengo\/\",\"name\":\"Zico \u00e9 questionado sobre a situa\u00e7\u00e3o de Gabigol no Flamengo\",\"isPartOf\":{\"@id\":\"https:\/\/www.gaveanews.com\/#website\"},\"primaryImageOfPage\":{\"@id\":\"https:\/\/www.gaveanews.com\/index.php\/2024\/05\/20\/zico-e-questionado-sobre-a-situacao-de-gabigol-no-flamengo\/#primaryimage\"},\"image\":{\"@id\":\"https:\/\/www.gaveanews.com\/index.php\/2024\/05\/20\/zico-e-questionado-sobre-a-situacao-de-gabigol-no-flamengo\/#primaryimage\"},\"thumbnailUrl\":\"https:\/\/www.gaveanews.com\/wp-content\/uploads\/zico-e-gabigol-flamengo.webp\",\"datePublished\":\"2024-05-20T18:45:50+00:00\",\"dateModified\":\"2024-05-20T18:45:52+00:00\",\"author\":{\"@id\":\"https:\/\/www.gaveanews.com\/#\/schema\/person\/fd07635ec039ec3ba74ad18ec8a6dbd6\"},\"breadcrumb\":{\"@id\":\"https:\/\/www.gaveanews.com\/index.php\/2024\/05\/20\/zico-e-questionado-sobre-a-situacao-de-gabigol-no-flamengo\/#breadcrumb\"},\"inLanguage\":\"pt-BR\",\"potentialAction\":[{\"@type\":\"ReadAction\",\"target\":[\"https:\/\/www.gaveanews.com\/index.php\/2024\/05\/20\/zico-e-questionado-sobre-a-situacao-de-gabigol-no-flamengo\/\"]}]},{\"@type\":\"ImageObject\",\"inLanguage\":\"pt-BR\",\"@id\":\"https:\/\/www.gaveanews.com\/index.php\/2024\/05\/20\/zico-e-questionado-sobre-a-situacao-de-gabigol-no-flamengo\/#primaryimage\",\"url\":\"https:\/\/www.gaveanews.com\/wp-content\/uploads\/zico-e-gabigol-flamengo.webp\",\"contentUrl\":\"https:\/\/www.gaveanews.com\/wp-content\/uploads\/zico-e-gabigol-flamengo.webp\",\"width\":1920,\"height\":1080,\"caption\":\"Encontro entre Zico e Gabigol (Foto: Alexandre Vidal \/ Flamengo)\"},{\"@type\":\"BreadcrumbList\",\"@id\":\"https:\/\/www.gaveanews.com\/index.php\/2024\/05\/20\/zico-e-questionado-sobre-a-situacao-de-gabigol-no-flamengo\/#breadcrumb\",\"itemListElement\":[{\"@type\":\"ListItem\",\"position\":1,\"name\":\"Home\",\"item\":\"https:\/\/www.gaveanews.com\/\"},{\"@type\":\"ListItem\",\"position\":2,\"name\":\"Zico \u00e9 questionado sobre a situa\u00e7\u00e3o de Gabigol no Flamengo\"}]},{\"@type\":\"WebSite\",\"@id\":\"https:\/\/www.gaveanews.com\/#website\",\"url\":\"https:\/\/www.gaveanews.com\/\",\"name\":\"G\u00e1vea News\",\"description\":\"Veja todas as not\u00edcias sobre o Flamengo: Contrata\u00e7\u00f5es, categorias de base, resultados das partidas, tabela de classifica\u00e7\u00e3o, pr\u00f3ximos jogos!\",\"potentialAction\":[{\"@type\":\"SearchAction\",\"target\":{\"@type\":\"EntryPoint\",\"urlTemplate\":\"https:\/\/www.gaveanews.com\/?s={search_term_string}\"},\"query-input\":{\"@type\":\"PropertyValueSpecification\",\"valueRequired\":true,\"valueName\":\"search_term_string\"}}],\"inLanguage\":\"pt-BR\"},{\"@type\":\"Person\",\"@id\":\"https:\/\/www.gaveanews.com\/#\/schema\/person\/fd07635ec039ec3ba74ad18ec8a6dbd6\",\"name\":\"Henrique Machado\",\"image\":{\"@type\":\"ImageObject\",\"inLanguage\":\"pt-BR\",\"@id\":\"https:\/\/www.gaveanews.com\/#\/schema\/person\/image\/\",\"url\":\"https:\/\/secure.gravatar.com\/avatar\/b95e35997e01d9800c1b6184bd79d4d898d370a3fce2584f5c77b907d5c7d9e9?s=96&d=mm&r=g\",\"contentUrl\":\"https:\/\/secure.gravatar.com\/avatar\/b95e35997e01d9800c1b6184bd79d4d898d370a3fce2584f5c77b907d5c7d9e9?s=96&d=mm&r=g\",\"caption\":\"Henrique Machado\"}}]}<\/script>\n<!-- \/ Yoast SEO Premium plugin. -->","yoast_head_json":{"title":"Zico \u00e9 questionado sobre a situa\u00e7\u00e3o de Gabigol no Flamengo","robots":{"index":"index","follow":"follow","max-snippet":"max-snippet:-1","max-image-preview":"max-image-preview:large","max-video-preview":"max-video-preview:-1"},"canonical":"https:\/\/www.gaveanews.com\/index.php\/2024\/05\/20\/zico-e-questionado-sobre-a-situacao-de-gabigol-no-flamengo\/","og_locale":"pt_BR","og_type":"article","og_title":"Zico \u00e9 questionado sobre a situa\u00e7\u00e3o de Gabigol no Flamengo","og_description":"Na \u00faltima quinta-feira (16), os torcedores do Flamengo foram surpreendidos com a viraliza\u00e7\u00e3o de uma foto que mostrava Gabriel Barbosa vestindo a camisa do Corinthians. O epis\u00f3dio ocorreu durante um evento privado na resid\u00eancia do atacante do Flamengo, gerando ampla repercuss\u00e3o nas redes sociais. Diante da controv\u00e9rsia, o jogador pediu desculpas \u00e0 torcida rubro-negra, garantindo [&hellip;]","og_url":"https:\/\/www.gaveanews.com\/index.php\/2024\/05\/20\/zico-e-questionado-sobre-a-situacao-de-gabigol-no-flamengo\/","og_site_name":"G\u00e1vea News","article_publisher":"https:\/\/facebook.com\/gaveaNews\/","article_published_time":"2024-05-20T18:45:50+00:00","article_modified_time":"2024-05-20T18:45:52+00:00","og_image":[{"width":1920,"height":1080,"url":"https:\/\/www.gaveanews.com\/wp-content\/uploads\/zico-e-gabigol-flamengo.webp","type":"image\/webp"}],"author":"Henrique Machado","twitter_card":"summary_large_image","twitter_misc":{"Escrito por":"Henrique Machado","Est. tempo de leitura":"2 minutos"},"schema":{"@context":"https:\/\/schema.org","@graph":[{"@type":"NewsArticle","@id":"https:\/\/www.gaveanews.com\/index.php\/2024\/05\/20\/zico-e-questionado-sobre-a-situacao-de-gabigol-no-flamengo\/#article","isPartOf":{"@id":"https:\/\/www.gaveanews.com\/index.php\/2024\/05\/20\/zico-e-questionado-sobre-a-situacao-de-gabigol-no-flamengo\/"},"author":{"name":"Henrique Machado","@id":"https:\/\/www.gaveanews.com\/#\/schema\/person\/fd07635ec039ec3ba74ad18ec8a6dbd6"},"headline":"Zico \u00e9 questionado sobre a situa\u00e7\u00e3o de Gabigol no Flamengo","datePublished":"2024-05-20T18:45:50+00:00","dateModified":"2024-05-20T18:45:52+00:00","mainEntityOfPage":{"@id":"https:\/\/www.gaveanews.com\/index.php\/2024\/05\/20\/zico-e-questionado-sobre-a-situacao-de-gabigol-no-flamengo\/"},"wordCount":301,"commentCount":0,"image":{"@id":"https:\/\/www.gaveanews.com\/index.php\/2024\/05\/20\/zico-e-questionado-sobre-a-situacao-de-gabigol-no-flamengo\/#primaryimage"},"thumbnailUrl":"https:\/\/www.gaveanews.com\/wp-content\/uploads\/zico-e-gabigol-flamengo.webp","articleSection":["Flamengo"],"inLanguage":"pt-BR","potentialAction":[{"@type":"CommentAction","name":"Comment","target":["https:\/\/www.gaveanews.com\/index.php\/2024\/05\/20\/zico-e-questionado-sobre-a-situacao-de-gabigol-no-flamengo\/#respond"]}],"copyrightYear":"2024","copyrightHolder":{"@id":"https:\/\/www.gaveanews.com\/#organization"}},{"@type":"WebPage","@id":"https:\/\/www.gaveanews.com\/index.php\/2024\/05\/20\/zico-e-questionado-sobre-a-situacao-de-gabigol-no-flamengo\/","url":"https:\/\/www.gaveanews.com\/index.php\/2024\/05\/20\/zico-e-questionado-sobre-a-situacao-de-gabigol-no-flamengo\/","name":"Zico \u00e9 questionado sobre a situa\u00e7\u00e3o de Gabigol no Flamengo","isPartOf":{"@id":"https:\/\/www.gaveanews.com\/#website"},"primaryImageOfPage":{"@id":"https:\/\/www.gaveanews.com\/index.php\/2024\/05\/20\/zico-e-questionado-sobre-a-situacao-de-gabigol-no-flamengo\/#primaryimage"},"image":{"@id":"https:\/\/www.gaveanews.com\/index.php\/2024\/05\/20\/zico-e-questionado-sobre-a-situacao-de-gabigol-no-flamengo\/#primaryimage"},"thumbnailUrl":"https:\/\/www.gaveanews.com\/wp-content\/uploads\/zico-e-gabigol-flamengo.webp","datePublished":"2024-05-20T18:45:50+00:00","dateModified":"2024-05-20T18:45:52+00:00","author":{"@id":"https:\/\/www.gaveanews.com\/#\/schema\/person\/fd07635ec039ec3ba74ad18ec8a6dbd6"},"breadcrumb":{"@id":"https:\/\/www.gaveanews.com\/index.php\/2024\/05\/20\/zico-e-questionado-sobre-a-situacao-de-gabigol-no-flamengo\/#breadcrumb"},"inLanguage":"pt-BR","potentialAction":[{"@type":"ReadAction","target":["https:\/\/www.gaveanews.com\/index.php\/2024\/05\/20\/zico-e-questionado-sobre-a-situacao-de-gabigol-no-flamengo\/"]}]},{"@type":"ImageObject","inLanguage":"pt-BR","@id":"https:\/\/www.gaveanews.com\/index.php\/2024\/05\/20\/zico-e-questionado-sobre-a-situacao-de-gabigol-no-flamengo\/#primaryimage","url":"https:\/\/www.gaveanews.com\/wp-content\/uploads\/zico-e-gabigol-flamengo.webp","contentUrl":"https:\/\/www.gaveanews.com\/wp-content\/uploads\/zico-e-gabigol-flamengo.webp","width":1920,"height":1080,"caption":"Encontro entre Zico e Gabigol (Foto: Alexandre Vidal \/ Flamengo)"},{"@type":"BreadcrumbList","@id":"https:\/\/www.gaveanews.com\/index.php\/2024\/05\/20\/zico-e-questionado-sobre-a-situacao-de-gabigol-no-flamengo\/#breadcrumb","itemListElement":[{"@type":"ListItem","position":1,"name":"Home","item":"https:\/\/www.gaveanews.com\/"},{"@type":"ListItem","position":2,"name":"Zico \u00e9 questionado sobre a situa\u00e7\u00e3o de Gabigol no Flamengo"}]},{"@type":"WebSite","@id":"https:\/\/www.gaveanews.com\/#website","url":"https:\/\/www.gaveanews.com\/","name":"G\u00e1vea News","description":"Veja todas as not\u00edcias sobre o Flamengo: Contrata\u00e7\u00f5es, categorias de base, resultados das partidas, tabela de classifica\u00e7\u00e3o, pr\u00f3ximos jogos!","potentialAction":[{"@type":"SearchAction","target":{"@type":"EntryPoint","urlTemplate":"https:\/\/www.gaveanews.com\/?s={search_term_string}"},"query-input":{"@type":"PropertyValueSpecification","valueRequired":true,"valueName":"search_term_string"}}],"inLanguage":"pt-BR"},{"@type":"Person","@id":"https:\/\/www.gaveanews.com\/#\/schema\/person\/fd07635ec039ec3ba74ad18ec8a6dbd6","name":"Henrique Machado","image":{"@type":"ImageObject","inLanguage":"pt-BR","@id":"https:\/\/www.gaveanews.com\/#\/schema\/person\/image\/","url":"https:\/\/secure.gravatar.com\/avatar\/b95e35997e01d9800c1b6184bd79d4d898d370a3fce2584f5c77b907d5c7d9e9?s=96&d=mm&r=g","contentUrl":"https:\/\/secure.gravatar.com\/avatar\/b95e35997e01d9800c1b6184bd79d4d898d370a3fce2584f5c77b907d5c7d9e9?s=96&d=mm&r=g","caption":"Henrique Machado"}}]}},"_links":{"self":[{"href":"https:\/\/www.gaveanews.com\/index.php\/wp-json\/wp\/v2\/posts\/143887","targetHints":{"allow":["GET"]}}],"collection":[{"href":"https:\/\/www.gaveanews.com\/index.php\/wp-json\/wp\/v2\/posts"}],"about":[{"href":"https:\/\/www.gaveanews.com\/index.php\/wp-json\/wp\/v2\/types\/post"}],"author":[{"embeddable":true,"href":"https:\/\/www.gaveanews.com\/index.php\/wp-json\/wp\/v2\/users\/15"}],"replies":[{"embeddable":true,"href":"https:\/\/www.gaveanews.com\/index.php\/wp-json\/wp\/v2\/comments?post=143887"}],"version-history":[{"count":2,"href":"https:\/\/www.gaveanews.com\/index.php\/wp-json\/wp\/v2\/posts\/143887\/revisions"}],"predecessor-version":[{"id":143899,"href":"https:\/\/www.gaveanews.com\/index.php\/wp-json\/wp\/v2\/posts\/143887\/revisions\/143899"}],"wp:featuredmedia":[{"embeddable":true,"href":"https:\/\/www.gaveanews.com\/index.php\/wp-json\/wp\/v2\/media\/114175"}],"wp:attachment":[{"href":"https:\/\/www.gaveanews.com\/index.php\/wp-json\/wp\/v2\/media?parent=143887"}],"wp:term":[{"taxonomy":"category","embeddable":true,"href":"https:\/\/www.gaveanews.com\/index.php\/wp-json\/wp\/v2\/categories?post=143887"},{"taxonomy":"post_tag","embeddable":true,"href":"https:\/\/www.gaveanews.com\/index.php\/wp-json\/wp\/v2\/tags?post=143887"}],"curies":[{"name":"wp","href":"https:\/\/api.w.org\/{rel}","templated":true}]}}