{"id":145796,"date":"2024-05-30T23:18:52","date_gmt":"2024-05-31T02:18:52","guid":{"rendered":"https:\/\/www.gaveanews.com\/?p=145796"},"modified":"2024-05-30T23:18:57","modified_gmt":"2024-05-31T02:18:57","slug":"arrascaeta-em-crise-diretoria-planeja-contratacoes-e-vinicius-jr-ganha-destaque-veja-as-ultimas-noticias-do-flamengo","status":"publish","type":"post","link":"https:\/\/www.gaveanews.com\/index.php\/2024\/05\/30\/arrascaeta-em-crise-diretoria-planeja-contratacoes-e-vinicius-jr-ganha-destaque-veja-as-ultimas-noticias-do-flamengo\/","title":{"rendered":"Arrascaeta em crise, diretoria planeja contrata\u00e7\u00f5es e Vinicius Jr. ganha destaque: veja as \u00faltimas not\u00edcias do Flamengo"},"content":{"rendered":"\n<p>Nas \u00faltimas horas, o foco das not\u00edcias sobre o Flamengo se concentra nos bastidores do clube, com destaques como Arrascaeta em crise e Vinicius Jr. ganhando destaque.<\/p>\n\n\n\n<p>Por conta deste contexto, leia abaixo um resumo preparado pela equipe do portal G\u00e1vea News para lhe manter muito bem informado!<\/p>\n\n\n\n<h2 class=\"wp-block-heading\" id=\"h-diretoria-planeja-contratacoes\">Diretoria planeja contrata\u00e7\u00f5es<\/h2>\n\n\n\n<figure class=\"wp-block-image size-full\"><img loading=\"lazy\" decoding=\"async\" width=\"640\" height=\"400\" src=\"https:\/\/www.gaveanews.com\/wp-content\/uploads\/marcos-braz-flamengo-vice-presidente-clube-de-regatas.webp\" alt=\"\" class=\"wp-image-122237\" srcset=\"https:\/\/www.gaveanews.com\/wp-content\/uploads\/marcos-braz-flamengo-vice-presidente-clube-de-regatas.webp 640w, https:\/\/www.gaveanews.com\/wp-content\/uploads\/marcos-braz-flamengo-vice-presidente-clube-de-regatas-300x188.webp 300w, https:\/\/www.gaveanews.com\/wp-content\/uploads\/marcos-braz-flamengo-vice-presidente-clube-de-regatas-100x63.webp 100w\" sizes=\"auto, (max-width: 640px) 100vw, 640px\" \/><figcaption class=\"wp-element-caption\">Marcos Braz, vice presidente do futebol do Flamengo &#8211; Foto: Gilvan de Souza \/ Flamengo<\/figcaption><\/figure>\n\n\n\n<p>O Flamengo j\u00e1 est\u00e1 se movimentando para refor\u00e7ar seu elenco na pr\u00f3xima janela de transfer\u00eancias. Entre os nomes visados pelo clube carioca est\u00e3o Michael, Thiago Alc\u00e2ntara, Danilo e Oscar. A poss\u00edvel venda de Fabr\u00edcio Bruno para o West Ham, por R$ 83 milh\u00f5es, trar\u00e1 mudan\u00e7as significativas na defesa rubro-negra. A diretoria est\u00e1 trabalhando para concretizar essas contrata\u00e7\u00f5es e aumentar a qualidade do time.<\/p>\n\n\n\n<p>Thiago Alc\u00e2ntara, que n\u00e3o renovou com o Liverpool, est\u00e1 em negocia\u00e7\u00f5es com o Flamengo e demonstrou interesse no projeto esportivo do clube. Michael, que joga pelo Al Hilal, tamb\u00e9m \u00e9 um alvo, mas precisa resolver suas pend\u00eancias com o clube saudita antes que as negocia\u00e7\u00f5es avancem. Danilo, da Juventus, j\u00e1 possui um acordo verbal com o Flamengo e deve trazer experi\u00eancia e versatilidade para a defesa rubro-negra.<\/p>\n\n\n\n<p>Oscar, por sua vez, n\u00e3o deseja permanecer na China e est\u00e1 aberto a novas propostas, expressando interesse em assinar um pr\u00e9-contrato com o Flamengo. No entanto, a diretoria definiu que ir\u00e1 investir em Oscar ou Thiago Alc\u00e2ntara, mas n\u00e3o em ambos. Essas movimenta\u00e7\u00f5es buscam fortalecer o elenco do Flamengo para o restante da temporada, especialmente com a iminente sa\u00edda de Fabr\u00edcio Bruno.<\/p>\n\n\n\n<h2 class=\"wp-block-heading\" id=\"h-lucas-paqueta-ostenta-carro-de-4-milhoes\">Lucas Paquet\u00e1 ostenta carro de 4 milh\u00f5es<\/h2>\n\n\n\n<p>Lucas Paquet\u00e1, jogador do West Ham e da Sele\u00e7\u00e3o Brasileira, postou uma foto ao lado de sua Ferrari Roma de luxo, avaliada em R$ 3,9 milh\u00f5es. A Ferrari tem um motor V8 3.9 biturbo com 620cv, acelera de 0 a 100km\/h em 3,4 segundos e possui c\u00e2mbio autom\u00e1tico de oito marchas. O interior inclui volante multifuncional e central multim\u00eddia vertical. Para mais detalhes, veja o v\u00eddeo abaixo no nosso canal do YouTube e n\u00e3o se esque\u00e7a de deixar seu like e se inscrever.<\/p>\n\n\n\n<figure class=\"wp-block-embed is-type-video is-provider-youtube wp-block-embed-youtube wp-embed-aspect-16-9 wp-has-aspect-ratio\"><div class=\"wp-block-embed__wrapper\">\n<iframe loading=\"lazy\" title=\"LUCAS PAQUET\u00c1 OSTENTA FERRARI DE QUASE R$ 4 MILH\u00d5ES!\" width=\"640\" height=\"360\" src=\"https:\/\/www.youtube.com\/embed\/OV1FLxENzx0?feature=oembed\" frameborder=\"0\" allow=\"accelerometer; autoplay; clipboard-write; encrypted-media; gyroscope; picture-in-picture; web-share\" referrerpolicy=\"strict-origin-when-cross-origin\" allowfullscreen><\/iframe>\n<\/div><\/figure>\n\n\n\n<h2 class=\"wp-block-heading\" id=\"h-arrascaeta-em-crise\">Arrascaeta em crise<\/h2>\n\n\n\n<figure class=\"wp-block-image size-full\"><img loading=\"lazy\" decoding=\"async\" width=\"640\" height=\"400\" src=\"https:\/\/www.gaveanews.com\/wp-content\/uploads\/Arrascaeta-em-acao-pelo-Flamengo.webp\" alt=\"\" class=\"wp-image-57199\" srcset=\"https:\/\/www.gaveanews.com\/wp-content\/uploads\/Arrascaeta-em-acao-pelo-Flamengo.webp 640w, https:\/\/www.gaveanews.com\/wp-content\/uploads\/Arrascaeta-em-acao-pelo-Flamengo-300x188.webp 300w, https:\/\/www.gaveanews.com\/wp-content\/uploads\/Arrascaeta-em-acao-pelo-Flamengo-100x63.webp 100w\" sizes=\"auto, (max-width: 640px) 100vw, 640px\" \/><figcaption class=\"wp-element-caption\">Arrascaeta em a\u00e7\u00e3o pelo Flamengo (Foto: Marcelo Cortes\/Flamengo)<\/figcaption><\/figure>\n\n\n\n<p>Arrascaeta, considerado um dos principais jogadores do futebol sul-americano, n\u00e3o vive um bom momento no Flamengo. O meia uruguaio n\u00e3o marca um gol pelo time desde 8 de mar\u00e7o, durante o Campeonato Carioca, totalizando um jejum de aproximadamente tr\u00eas meses. Seu \u00faltimo gol foi na primeira semifinal do Carioca contra o Fluminense. Desde ent\u00e3o, ele participou de dez jogos sem marcar, dos quais o Flamengo venceu cinco, perdeu dois e empatou tr\u00eas, incluindo partidas contra Palestino (CHI) e Botafogo.<\/p>\n\n\n\n<p>Durante a aus\u00eancia de gols de Arrascaeta, a torcida do Flamengo manifestou descontentamento, especialmente durante a derrota para o Botafogo no Maracan\u00e3, onde o jogador foi vaiado e substitu\u00eddo aos 25 minutos do segundo tempo. Na temporada de 2024, ele teve 20 oportunidades de jogo, marcando tr\u00eas gols e contribuindo com cinco assist\u00eancias. Seu \u00faltimo gol foi em 2 de mar\u00e7o, na primeira fase do Campeonato Carioca contra o Madureira.<\/p>\n\n\n\n<p>Apesar da fase dif\u00edcil, Arrascaeta continua sendo um jogador crucial para o Flamengo, liderando as assist\u00eancias do time em 2024 com cinco passes para gol. Gerson segue em segundo lugar com quatro assist\u00eancias. Al\u00e9m disso, Arrascaeta assumiu a fun\u00e7\u00e3o de capit\u00e3o sob o comando do t\u00e9cnico Tite, destacando-se como uma lideran\u00e7a importante no elenco.<\/p>\n\n\n\n<h2 class=\"wp-block-heading\" id=\"h-vinicius-jr-ganha-destaque\">Vinicius Jr. ganha destaque<\/h2>\n\n\n\n<figure class=\"wp-block-image size-large\"><img loading=\"lazy\" decoding=\"async\" width=\"1024\" height=\"576\" src=\"https:\/\/www.gaveanews.com\/wp-content\/uploads\/vini-jr-real-madrid-1024x576.webp\" alt=\"\" class=\"wp-image-109282\" srcset=\"https:\/\/www.gaveanews.com\/wp-content\/uploads\/vini-jr-real-madrid-1024x576.webp 1024w, https:\/\/www.gaveanews.com\/wp-content\/uploads\/vini-jr-real-madrid-300x169.webp 300w, https:\/\/www.gaveanews.com\/wp-content\/uploads\/vini-jr-real-madrid-768x432.webp 768w, https:\/\/www.gaveanews.com\/wp-content\/uploads\/vini-jr-real-madrid-747x420.webp 747w, https:\/\/www.gaveanews.com\/wp-content\/uploads\/vini-jr-real-madrid-640x360.webp 640w, https:\/\/www.gaveanews.com\/wp-content\/uploads\/vini-jr-real-madrid-681x383.webp 681w, https:\/\/www.gaveanews.com\/wp-content\/uploads\/vini-jr-real-madrid-100x56.webp 100w, https:\/\/www.gaveanews.com\/wp-content\/uploads\/vini-jr-real-madrid.webp 1080w\" sizes=\"auto, (max-width: 1024px) 100vw, 1024px\" \/><figcaption class=\"wp-element-caption\">Vini Jr em a\u00e7\u00e3o pelo Real Madrid (Foto: Divulga\u00e7\u00e3o\/Real Madrid)<\/figcaption><\/figure>\n\n\n\n<p>O Flamengo j\u00e1 est\u00e1 se movimentando para refor\u00e7ar seu elenco na pr\u00f3xima janela de transfer\u00eancias. Entre os nomes visados pelo clube carioca est\u00e3o Michael, Thiago Alc\u00e2ntara, Danilo e Oscar. A poss\u00edvel venda de Fabr\u00edcio Bruno para o West Ham, por R$ 83 milh\u00f5es, trar\u00e1 mudan\u00e7as significativas na defesa rubro-negra. A diretoria est\u00e1 trabalhando para concretizar essas contrata\u00e7\u00f5es e aumentar a qualidade do time.<\/p>\n\n\n\n<p>Thiago Alc\u00e2ntara, que n\u00e3o renovou com o Liverpool, est\u00e1 em negocia\u00e7\u00f5es com o Flamengo e demonstrou interesse no projeto esportivo do clube. Michael, que joga pelo Al Hilal, tamb\u00e9m \u00e9 um alvo, mas precisa resolver suas pend\u00eancias com o clube saudita antes que as negocia\u00e7\u00f5es avancem. Danilo, da Juventus, j\u00e1 possui um acordo verbal com o Flamengo e deve trazer experi\u00eancia e versatilidade para a defesa rubro-negra.<\/p>\n\n\n\n<p>Oscar, por sua vez, n\u00e3o deseja permanecer na China e est\u00e1 aberto a novas propostas, expressando interesse em assinar um pr\u00e9-contrato com o Flamengo. No entanto, a diretoria definiu que ir\u00e1 investir em Oscar ou Thiago Alc\u00e2ntara, mas n\u00e3o em ambos. Essas movimenta\u00e7\u00f5es buscam fortalecer o elenco do Flamengo para o restante da temporada, especialmente com a iminente sa\u00edda de Fabr\u00edcio Bruno.<\/p>\n","protected":false},"excerpt":{"rendered":"<p>Nas \u00faltimas horas, o foco das not\u00edcias sobre o Flamengo se concentra nos bastidores do clube, com destaques como Arrascaeta em crise e Vinicius Jr. ganhando destaque. Por conta deste contexto, leia abaixo um resumo preparado pela equipe do portal G\u00e1vea News para lhe manter muito bem informado! Diretoria planeja contrata\u00e7\u00f5es O Flamengo j\u00e1 est\u00e1 [&hellip;]<\/p>\n","protected":false},"author":15,"featured_media":78759,"comment_status":"open","ping_status":"closed","sticky":false,"template":"","format":"standard","meta":{"footnotes":""},"categories":[1],"tags":[],"class_list":["post-145796","post","type-post","status-publish","format-standard","has-post-thumbnail","hentry","category-flamengo"],"yoast_head":"<!-- This site is optimized with the Yoast SEO Premium plugin v24.2 (Yoast SEO v26.9) - https:\/\/yoast.com\/product\/yoast-seo-premium-wordpress\/ -->\n<title>Arrascaeta em crise, diretoria planeja contrata\u00e7\u00f5es e Vinicius Jr. ganha destaque: veja as \u00faltimas not\u00edcias do Flamengo<\/title>\n<meta name=\"robots\" content=\"index, follow, max-snippet:-1, max-image-preview:large, max-video-preview:-1\" \/>\n<link rel=\"canonical\" href=\"https:\/\/www.gaveanews.com\/index.php\/2024\/05\/30\/arrascaeta-em-crise-diretoria-planeja-contratacoes-e-vinicius-jr-ganha-destaque-veja-as-ultimas-noticias-do-flamengo\/\" \/>\n<meta property=\"og:locale\" content=\"pt_BR\" \/>\n<meta property=\"og:type\" content=\"article\" \/>\n<meta property=\"og:title\" content=\"Arrascaeta em crise, diretoria planeja contrata\u00e7\u00f5es e Vinicius Jr. ganha destaque: veja as \u00faltimas not\u00edcias do Flamengo\" \/>\n<meta property=\"og:description\" content=\"Nas \u00faltimas horas, o foco das not\u00edcias sobre o Flamengo se concentra nos bastidores do clube, com destaques como Arrascaeta em crise e Vinicius Jr. ganhando destaque. Por conta deste contexto, leia abaixo um resumo preparado pela equipe do portal G\u00e1vea News para lhe manter muito bem informado! Diretoria planeja contrata\u00e7\u00f5es O Flamengo j\u00e1 est\u00e1 [&hellip;]\" \/>\n<meta property=\"og:url\" content=\"https:\/\/www.gaveanews.com\/index.php\/2024\/05\/30\/arrascaeta-em-crise-diretoria-planeja-contratacoes-e-vinicius-jr-ganha-destaque-veja-as-ultimas-noticias-do-flamengo\/\" \/>\n<meta property=\"og:site_name\" content=\"G\u00e1vea News\" \/>\n<meta property=\"article:publisher\" content=\"https:\/\/facebook.com\/gaveaNews\/\" \/>\n<meta property=\"article:published_time\" content=\"2024-05-31T02:18:52+00:00\" \/>\n<meta property=\"article:modified_time\" content=\"2024-05-31T02:18:57+00:00\" \/>\n<meta property=\"og:image\" content=\"https:\/\/www.gaveanews.com\/wp-content\/uploads\/Arrascaeta-em-acao-pelo-Flamengo.webp\" \/>\n\t<meta property=\"og:image:width\" content=\"800\" \/>\n\t<meta property=\"og:image:height\" content=\"533\" \/>\n\t<meta property=\"og:image:type\" content=\"image\/jpeg\" \/>\n<meta name=\"author\" content=\"Henrique Machado\" \/>\n<meta name=\"twitter:card\" content=\"summary_large_image\" \/>\n<meta name=\"twitter:label1\" content=\"Escrito por\" \/>\n\t<meta name=\"twitter:data1\" content=\"Henrique Machado\" \/>\n\t<meta name=\"twitter:label2\" content=\"Est. tempo de leitura\" \/>\n\t<meta name=\"twitter:data2\" content=\"6 minutos\" \/>\n<script type=\"application\/ld+json\" class=\"yoast-schema-graph\">{\"@context\":\"https:\/\/schema.org\",\"@graph\":[{\"@type\":\"NewsArticle\",\"@id\":\"https:\/\/www.gaveanews.com\/index.php\/2024\/05\/30\/arrascaeta-em-crise-diretoria-planeja-contratacoes-e-vinicius-jr-ganha-destaque-veja-as-ultimas-noticias-do-flamengo\/#article\",\"isPartOf\":{\"@id\":\"https:\/\/www.gaveanews.com\/index.php\/2024\/05\/30\/arrascaeta-em-crise-diretoria-planeja-contratacoes-e-vinicius-jr-ganha-destaque-veja-as-ultimas-noticias-do-flamengo\/\"},\"author\":{\"name\":\"Henrique Machado\",\"@id\":\"https:\/\/www.gaveanews.com\/#\/schema\/person\/fd07635ec039ec3ba74ad18ec8a6dbd6\"},\"headline\":\"Arrascaeta em crise, diretoria planeja contrata\u00e7\u00f5es e Vinicius Jr. ganha destaque: veja as \u00faltimas not\u00edcias do Flamengo\",\"datePublished\":\"2024-05-31T02:18:52+00:00\",\"dateModified\":\"2024-05-31T02:18:57+00:00\",\"mainEntityOfPage\":{\"@id\":\"https:\/\/www.gaveanews.com\/index.php\/2024\/05\/30\/arrascaeta-em-crise-diretoria-planeja-contratacoes-e-vinicius-jr-ganha-destaque-veja-as-ultimas-noticias-do-flamengo\/\"},\"wordCount\":861,\"commentCount\":0,\"image\":{\"@id\":\"https:\/\/www.gaveanews.com\/index.php\/2024\/05\/30\/arrascaeta-em-crise-diretoria-planeja-contratacoes-e-vinicius-jr-ganha-destaque-veja-as-ultimas-noticias-do-flamengo\/#primaryimage\"},\"thumbnailUrl\":\"https:\/\/www.gaveanews.com\/wp-content\/uploads\/Arrascaeta-em-acao-pelo-Flamengo.webp\",\"articleSection\":[\"Flamengo\"],\"inLanguage\":\"pt-BR\",\"potentialAction\":[{\"@type\":\"CommentAction\",\"name\":\"Comment\",\"target\":[\"https:\/\/www.gaveanews.com\/index.php\/2024\/05\/30\/arrascaeta-em-crise-diretoria-planeja-contratacoes-e-vinicius-jr-ganha-destaque-veja-as-ultimas-noticias-do-flamengo\/#respond\"]}],\"copyrightYear\":\"2024\",\"copyrightHolder\":{\"@id\":\"https:\/\/www.gaveanews.com\/#organization\"}},{\"@type\":\"WebPage\",\"@id\":\"https:\/\/www.gaveanews.com\/index.php\/2024\/05\/30\/arrascaeta-em-crise-diretoria-planeja-contratacoes-e-vinicius-jr-ganha-destaque-veja-as-ultimas-noticias-do-flamengo\/\",\"url\":\"https:\/\/www.gaveanews.com\/index.php\/2024\/05\/30\/arrascaeta-em-crise-diretoria-planeja-contratacoes-e-vinicius-jr-ganha-destaque-veja-as-ultimas-noticias-do-flamengo\/\",\"name\":\"Arrascaeta em crise, diretoria planeja contrata\u00e7\u00f5es e Vinicius Jr. ganha destaque: veja as \u00faltimas not\u00edcias do Flamengo\",\"isPartOf\":{\"@id\":\"https:\/\/www.gaveanews.com\/#website\"},\"primaryImageOfPage\":{\"@id\":\"https:\/\/www.gaveanews.com\/index.php\/2024\/05\/30\/arrascaeta-em-crise-diretoria-planeja-contratacoes-e-vinicius-jr-ganha-destaque-veja-as-ultimas-noticias-do-flamengo\/#primaryimage\"},\"image\":{\"@id\":\"https:\/\/www.gaveanews.com\/index.php\/2024\/05\/30\/arrascaeta-em-crise-diretoria-planeja-contratacoes-e-vinicius-jr-ganha-destaque-veja-as-ultimas-noticias-do-flamengo\/#primaryimage\"},\"thumbnailUrl\":\"https:\/\/www.gaveanews.com\/wp-content\/uploads\/Arrascaeta-em-acao-pelo-Flamengo.webp\",\"datePublished\":\"2024-05-31T02:18:52+00:00\",\"dateModified\":\"2024-05-31T02:18:57+00:00\",\"author\":{\"@id\":\"https:\/\/www.gaveanews.com\/#\/schema\/person\/fd07635ec039ec3ba74ad18ec8a6dbd6\"},\"breadcrumb\":{\"@id\":\"https:\/\/www.gaveanews.com\/index.php\/2024\/05\/30\/arrascaeta-em-crise-diretoria-planeja-contratacoes-e-vinicius-jr-ganha-destaque-veja-as-ultimas-noticias-do-flamengo\/#breadcrumb\"},\"inLanguage\":\"pt-BR\",\"potentialAction\":[{\"@type\":\"ReadAction\",\"target\":[\"https:\/\/www.gaveanews.com\/index.php\/2024\/05\/30\/arrascaeta-em-crise-diretoria-planeja-contratacoes-e-vinicius-jr-ganha-destaque-veja-as-ultimas-noticias-do-flamengo\/\"]}]},{\"@type\":\"ImageObject\",\"inLanguage\":\"pt-BR\",\"@id\":\"https:\/\/www.gaveanews.com\/index.php\/2024\/05\/30\/arrascaeta-em-crise-diretoria-planeja-contratacoes-e-vinicius-jr-ganha-destaque-veja-as-ultimas-noticias-do-flamengo\/#primaryimage\",\"url\":\"https:\/\/www.gaveanews.com\/wp-content\/uploads\/Arrascaeta-em-acao-pelo-Flamengo.webp\",\"contentUrl\":\"https:\/\/www.gaveanews.com\/wp-content\/uploads\/Arrascaeta-em-acao-pelo-Flamengo.webp\",\"width\":800,\"height\":533,\"caption\":\"Arrascaeta em a\u00e7\u00e3o pelo Flamengo (Foto: Marcelo Cortes\/Flamengo)\"},{\"@type\":\"BreadcrumbList\",\"@id\":\"https:\/\/www.gaveanews.com\/index.php\/2024\/05\/30\/arrascaeta-em-crise-diretoria-planeja-contratacoes-e-vinicius-jr-ganha-destaque-veja-as-ultimas-noticias-do-flamengo\/#breadcrumb\",\"itemListElement\":[{\"@type\":\"ListItem\",\"position\":1,\"name\":\"Home\",\"item\":\"https:\/\/www.gaveanews.com\/\"},{\"@type\":\"ListItem\",\"position\":2,\"name\":\"Arrascaeta em crise, diretoria planeja contrata\u00e7\u00f5es e Vinicius Jr. ganha destaque: veja as \u00faltimas not\u00edcias do Flamengo\"}]},{\"@type\":\"WebSite\",\"@id\":\"https:\/\/www.gaveanews.com\/#website\",\"url\":\"https:\/\/www.gaveanews.com\/\",\"name\":\"G\u00e1vea News\",\"description\":\"Veja todas as not\u00edcias sobre o Flamengo: Contrata\u00e7\u00f5es, categorias de base, resultados das partidas, tabela de classifica\u00e7\u00e3o, pr\u00f3ximos jogos!\",\"potentialAction\":[{\"@type\":\"SearchAction\",\"target\":{\"@type\":\"EntryPoint\",\"urlTemplate\":\"https:\/\/www.gaveanews.com\/?s={search_term_string}\"},\"query-input\":{\"@type\":\"PropertyValueSpecification\",\"valueRequired\":true,\"valueName\":\"search_term_string\"}}],\"inLanguage\":\"pt-BR\"},{\"@type\":\"Person\",\"@id\":\"https:\/\/www.gaveanews.com\/#\/schema\/person\/fd07635ec039ec3ba74ad18ec8a6dbd6\",\"name\":\"Henrique Machado\",\"image\":{\"@type\":\"ImageObject\",\"inLanguage\":\"pt-BR\",\"@id\":\"https:\/\/www.gaveanews.com\/#\/schema\/person\/image\/\",\"url\":\"https:\/\/secure.gravatar.com\/avatar\/b95e35997e01d9800c1b6184bd79d4d898d370a3fce2584f5c77b907d5c7d9e9?s=96&d=mm&r=g\",\"contentUrl\":\"https:\/\/secure.gravatar.com\/avatar\/b95e35997e01d9800c1b6184bd79d4d898d370a3fce2584f5c77b907d5c7d9e9?s=96&d=mm&r=g\",\"caption\":\"Henrique Machado\"}}]}<\/script>\n<!-- \/ Yoast SEO Premium plugin. -->","yoast_head_json":{"title":"Arrascaeta em crise, diretoria planeja contrata\u00e7\u00f5es e Vinicius Jr. ganha destaque: veja as \u00faltimas not\u00edcias do Flamengo","robots":{"index":"index","follow":"follow","max-snippet":"max-snippet:-1","max-image-preview":"max-image-preview:large","max-video-preview":"max-video-preview:-1"},"canonical":"https:\/\/www.gaveanews.com\/index.php\/2024\/05\/30\/arrascaeta-em-crise-diretoria-planeja-contratacoes-e-vinicius-jr-ganha-destaque-veja-as-ultimas-noticias-do-flamengo\/","og_locale":"pt_BR","og_type":"article","og_title":"Arrascaeta em crise, diretoria planeja contrata\u00e7\u00f5es e Vinicius Jr. ganha destaque: veja as \u00faltimas not\u00edcias do Flamengo","og_description":"Nas \u00faltimas horas, o foco das not\u00edcias sobre o Flamengo se concentra nos bastidores do clube, com destaques como Arrascaeta em crise e Vinicius Jr. ganhando destaque. Por conta deste contexto, leia abaixo um resumo preparado pela equipe do portal G\u00e1vea News para lhe manter muito bem informado! Diretoria planeja contrata\u00e7\u00f5es O Flamengo j\u00e1 est\u00e1 [&hellip;]","og_url":"https:\/\/www.gaveanews.com\/index.php\/2024\/05\/30\/arrascaeta-em-crise-diretoria-planeja-contratacoes-e-vinicius-jr-ganha-destaque-veja-as-ultimas-noticias-do-flamengo\/","og_site_name":"G\u00e1vea News","article_publisher":"https:\/\/facebook.com\/gaveaNews\/","article_published_time":"2024-05-31T02:18:52+00:00","article_modified_time":"2024-05-31T02:18:57+00:00","og_image":[{"width":800,"height":533,"url":"https:\/\/www.gaveanews.com\/wp-content\/uploads\/Arrascaeta-em-acao-pelo-Flamengo.webp","type":"image\/jpeg"}],"author":"Henrique Machado","twitter_card":"summary_large_image","twitter_misc":{"Escrito por":"Henrique Machado","Est. tempo de leitura":"6 minutos"},"schema":{"@context":"https:\/\/schema.org","@graph":[{"@type":"NewsArticle","@id":"https:\/\/www.gaveanews.com\/index.php\/2024\/05\/30\/arrascaeta-em-crise-diretoria-planeja-contratacoes-e-vinicius-jr-ganha-destaque-veja-as-ultimas-noticias-do-flamengo\/#article","isPartOf":{"@id":"https:\/\/www.gaveanews.com\/index.php\/2024\/05\/30\/arrascaeta-em-crise-diretoria-planeja-contratacoes-e-vinicius-jr-ganha-destaque-veja-as-ultimas-noticias-do-flamengo\/"},"author":{"name":"Henrique Machado","@id":"https:\/\/www.gaveanews.com\/#\/schema\/person\/fd07635ec039ec3ba74ad18ec8a6dbd6"},"headline":"Arrascaeta em crise, diretoria planeja contrata\u00e7\u00f5es e Vinicius Jr. ganha destaque: veja as \u00faltimas not\u00edcias do Flamengo","datePublished":"2024-05-31T02:18:52+00:00","dateModified":"2024-05-31T02:18:57+00:00","mainEntityOfPage":{"@id":"https:\/\/www.gaveanews.com\/index.php\/2024\/05\/30\/arrascaeta-em-crise-diretoria-planeja-contratacoes-e-vinicius-jr-ganha-destaque-veja-as-ultimas-noticias-do-flamengo\/"},"wordCount":861,"commentCount":0,"image":{"@id":"https:\/\/www.gaveanews.com\/index.php\/2024\/05\/30\/arrascaeta-em-crise-diretoria-planeja-contratacoes-e-vinicius-jr-ganha-destaque-veja-as-ultimas-noticias-do-flamengo\/#primaryimage"},"thumbnailUrl":"https:\/\/www.gaveanews.com\/wp-content\/uploads\/Arrascaeta-em-acao-pelo-Flamengo.webp","articleSection":["Flamengo"],"inLanguage":"pt-BR","potentialAction":[{"@type":"CommentAction","name":"Comment","target":["https:\/\/www.gaveanews.com\/index.php\/2024\/05\/30\/arrascaeta-em-crise-diretoria-planeja-contratacoes-e-vinicius-jr-ganha-destaque-veja-as-ultimas-noticias-do-flamengo\/#respond"]}],"copyrightYear":"2024","copyrightHolder":{"@id":"https:\/\/www.gaveanews.com\/#organization"}},{"@type":"WebPage","@id":"https:\/\/www.gaveanews.com\/index.php\/2024\/05\/30\/arrascaeta-em-crise-diretoria-planeja-contratacoes-e-vinicius-jr-ganha-destaque-veja-as-ultimas-noticias-do-flamengo\/","url":"https:\/\/www.gaveanews.com\/index.php\/2024\/05\/30\/arrascaeta-em-crise-diretoria-planeja-contratacoes-e-vinicius-jr-ganha-destaque-veja-as-ultimas-noticias-do-flamengo\/","name":"Arrascaeta em crise, diretoria planeja contrata\u00e7\u00f5es e Vinicius Jr. ganha destaque: veja as \u00faltimas not\u00edcias do Flamengo","isPartOf":{"@id":"https:\/\/www.gaveanews.com\/#website"},"primaryImageOfPage":{"@id":"https:\/\/www.gaveanews.com\/index.php\/2024\/05\/30\/arrascaeta-em-crise-diretoria-planeja-contratacoes-e-vinicius-jr-ganha-destaque-veja-as-ultimas-noticias-do-flamengo\/#primaryimage"},"image":{"@id":"https:\/\/www.gaveanews.com\/index.php\/2024\/05\/30\/arrascaeta-em-crise-diretoria-planeja-contratacoes-e-vinicius-jr-ganha-destaque-veja-as-ultimas-noticias-do-flamengo\/#primaryimage"},"thumbnailUrl":"https:\/\/www.gaveanews.com\/wp-content\/uploads\/Arrascaeta-em-acao-pelo-Flamengo.webp","datePublished":"2024-05-31T02:18:52+00:00","dateModified":"2024-05-31T02:18:57+00:00","author":{"@id":"https:\/\/www.gaveanews.com\/#\/schema\/person\/fd07635ec039ec3ba74ad18ec8a6dbd6"},"breadcrumb":{"@id":"https:\/\/www.gaveanews.com\/index.php\/2024\/05\/30\/arrascaeta-em-crise-diretoria-planeja-contratacoes-e-vinicius-jr-ganha-destaque-veja-as-ultimas-noticias-do-flamengo\/#breadcrumb"},"inLanguage":"pt-BR","potentialAction":[{"@type":"ReadAction","target":["https:\/\/www.gaveanews.com\/index.php\/2024\/05\/30\/arrascaeta-em-crise-diretoria-planeja-contratacoes-e-vinicius-jr-ganha-destaque-veja-as-ultimas-noticias-do-flamengo\/"]}]},{"@type":"ImageObject","inLanguage":"pt-BR","@id":"https:\/\/www.gaveanews.com\/index.php\/2024\/05\/30\/arrascaeta-em-crise-diretoria-planeja-contratacoes-e-vinicius-jr-ganha-destaque-veja-as-ultimas-noticias-do-flamengo\/#primaryimage","url":"https:\/\/www.gaveanews.com\/wp-content\/uploads\/Arrascaeta-em-acao-pelo-Flamengo.webp","contentUrl":"https:\/\/www.gaveanews.com\/wp-content\/uploads\/Arrascaeta-em-acao-pelo-Flamengo.webp","width":800,"height":533,"caption":"Arrascaeta em a\u00e7\u00e3o pelo Flamengo (Foto: Marcelo Cortes\/Flamengo)"},{"@type":"BreadcrumbList","@id":"https:\/\/www.gaveanews.com\/index.php\/2024\/05\/30\/arrascaeta-em-crise-diretoria-planeja-contratacoes-e-vinicius-jr-ganha-destaque-veja-as-ultimas-noticias-do-flamengo\/#breadcrumb","itemListElement":[{"@type":"ListItem","position":1,"name":"Home","item":"https:\/\/www.gaveanews.com\/"},{"@type":"ListItem","position":2,"name":"Arrascaeta em crise, diretoria planeja contrata\u00e7\u00f5es e Vinicius Jr. ganha destaque: veja as \u00faltimas not\u00edcias do Flamengo"}]},{"@type":"WebSite","@id":"https:\/\/www.gaveanews.com\/#website","url":"https:\/\/www.gaveanews.com\/","name":"G\u00e1vea News","description":"Veja todas as not\u00edcias sobre o Flamengo: Contrata\u00e7\u00f5es, categorias de base, resultados das partidas, tabela de classifica\u00e7\u00e3o, pr\u00f3ximos jogos!","potentialAction":[{"@type":"SearchAction","target":{"@type":"EntryPoint","urlTemplate":"https:\/\/www.gaveanews.com\/?s={search_term_string}"},"query-input":{"@type":"PropertyValueSpecification","valueRequired":true,"valueName":"search_term_string"}}],"inLanguage":"pt-BR"},{"@type":"Person","@id":"https:\/\/www.gaveanews.com\/#\/schema\/person\/fd07635ec039ec3ba74ad18ec8a6dbd6","name":"Henrique Machado","image":{"@type":"ImageObject","inLanguage":"pt-BR","@id":"https:\/\/www.gaveanews.com\/#\/schema\/person\/image\/","url":"https:\/\/secure.gravatar.com\/avatar\/b95e35997e01d9800c1b6184bd79d4d898d370a3fce2584f5c77b907d5c7d9e9?s=96&d=mm&r=g","contentUrl":"https:\/\/secure.gravatar.com\/avatar\/b95e35997e01d9800c1b6184bd79d4d898d370a3fce2584f5c77b907d5c7d9e9?s=96&d=mm&r=g","caption":"Henrique Machado"}}]}},"_links":{"self":[{"href":"https:\/\/www.gaveanews.com\/index.php\/wp-json\/wp\/v2\/posts\/145796","targetHints":{"allow":["GET"]}}],"collection":[{"href":"https:\/\/www.gaveanews.com\/index.php\/wp-json\/wp\/v2\/posts"}],"about":[{"href":"https:\/\/www.gaveanews.com\/index.php\/wp-json\/wp\/v2\/types\/post"}],"author":[{"embeddable":true,"href":"https:\/\/www.gaveanews.com\/index.php\/wp-json\/wp\/v2\/users\/15"}],"replies":[{"embeddable":true,"href":"https:\/\/www.gaveanews.com\/index.php\/wp-json\/wp\/v2\/comments?post=145796"}],"version-history":[{"count":5,"href":"https:\/\/www.gaveanews.com\/index.php\/wp-json\/wp\/v2\/posts\/145796\/revisions"}],"predecessor-version":[{"id":145802,"href":"https:\/\/www.gaveanews.com\/index.php\/wp-json\/wp\/v2\/posts\/145796\/revisions\/145802"}],"wp:featuredmedia":[{"embeddable":true,"href":"https:\/\/www.gaveanews.com\/index.php\/wp-json\/wp\/v2\/media\/78759"}],"wp:attachment":[{"href":"https:\/\/www.gaveanews.com\/index.php\/wp-json\/wp\/v2\/media?parent=145796"}],"wp:term":[{"taxonomy":"category","embeddable":true,"href":"https:\/\/www.gaveanews.com\/index.php\/wp-json\/wp\/v2\/categories?post=145796"},{"taxonomy":"post_tag","embeddable":true,"href":"https:\/\/www.gaveanews.com\/index.php\/wp-json\/wp\/v2\/tags?post=145796"}],"curies":[{"name":"wp","href":"https:\/\/api.w.org\/{rel}","templated":true}]}}