{"id":145842,"date":"2024-05-31T08:21:16","date_gmt":"2024-05-31T11:21:16","guid":{"rendered":"https:\/\/www.gaveanews.com\/?p=145842"},"modified":"2024-05-31T08:21:21","modified_gmt":"2024-05-31T11:21:21","slug":"a-declaracao-de-matheuzinho-sobre-seu-atual-momento-no-corinthians","status":"publish","type":"post","link":"https:\/\/www.gaveanews.com\/index.php\/2024\/05\/31\/a-declaracao-de-matheuzinho-sobre-seu-atual-momento-no-corinthians\/","title":{"rendered":"A declara\u00e7\u00e3o de Matheuzinho sobre seu atual momento no Corinthians"},"content":{"rendered":"\n<h2 class=\"wp-block-heading\" id=\"h-matheuzinho-se-diz-preparado-para-agarrar-a-oportunidade\">Matheuzinho se diz preparado para agarrar a\u00a0<em>oportunidade<\/em>.<\/h2>\n\n\n\n<p>O Corinthians deu in\u00edcio aos seus preparativos para o confronto contra o Botafogo, que acontecer\u00e1 na Neo Qu\u00edmica Arena no pr\u00f3ximo s\u00e1bado, dia 1\u00ba, v\u00e1lido pelo Campeonato Brasileiro e com hor\u00e1rio marcado para as 21h, segundo o hor\u00e1rio de Bras\u00edlia. Uma mudan\u00e7a possivelmente vista na escala\u00e7\u00e3o titular para a partida \u00e9 a presen\u00e7a do lateral-direito Matheuzinho, j\u00e1 que Fagner se lesionou durante o jogo da \u00faltima ter\u00e7a-feira, 28, pela Copa Sul-Americana.<\/p>\n\n\n\n<p>Matheuzinho assegura que est\u00e1 totalmente adaptado ao clube e projeta a continuidade da equipe no Brasileir\u00e3o.<\/p>\n\n\n\n<p><em>\u2014Eu me sinto em casa desde o primeiro dia que eu cheguei. A recep\u00e7\u00e3o que os jogadores tiveram comigo foi espetacular. N\u00e3o tenho palavras, mas n\u00e3o s\u00f3 os jogadores, mas a comiss\u00e3o t\u00e9cnica, os funcion\u00e1rios do clube tamb\u00e9m. Ent\u00e3o acho que essa recep\u00e7\u00e3o foi t\u00e3o boa que me ajudou na adapta\u00e7\u00e3o. Ent\u00e3o j\u00e1 me sinto em casa, estou feliz pra caramba<\/em>, afirmou.<\/p>\n\n\n\n<figure class=\"wp-block-image size-full\"><img loading=\"lazy\" decoding=\"async\" width=\"740\" height=\"416\" src=\"https:\/\/www.gaveanews.com\/wp-content\/uploads\/image-2024-05-31T081843.961.webp\" alt=\"\" class=\"wp-image-145845\" srcset=\"https:\/\/www.gaveanews.com\/wp-content\/uploads\/image-2024-05-31T081843.961.webp 740w, https:\/\/www.gaveanews.com\/wp-content\/uploads\/image-2024-05-31T081843.961-300x169.webp 300w, https:\/\/www.gaveanews.com\/wp-content\/uploads\/image-2024-05-31T081843.961-640x360.webp 640w, https:\/\/www.gaveanews.com\/wp-content\/uploads\/image-2024-05-31T081843.961-681x383.webp 681w, https:\/\/www.gaveanews.com\/wp-content\/uploads\/image-2024-05-31T081843.961-100x56.webp 100w\" sizes=\"auto, (max-width: 740px) 100vw, 740px\" \/><figcaption class=\"wp-element-caption\">Foto: Rodrigo Coca \/ Ag\u00eancia Corinthians <\/figcaption><\/figure>\n\n\n\n<p>Matheuzinho disse que est\u00e1 pronto para aproveitar esta oportunidade.<\/p>\n\n\n\n<p><em>\u2014 Fico feliz com essa oportunidade. Espero dar meu melhor para que possa contribuir ao m\u00e1ximo com o Corinthians, disse o jogador em entrevista \u00e0\u00a0Corinthians TV.<\/em><\/p>\n\n\n\n<p>Matheuzinho tamb\u00e9m comentou sobre a sequ\u00eancia  do clube no Brasileir\u00e3o<\/p>\n\n\n\n<p><em>\u2014A gente precisa de uma vit\u00f3ria. Estamos bem na Copa do Brasil, na Sul-Americana, mas o Brasileiro tem que abrir o olho ainda. \u00c9 um campeonato dif\u00edcil e todo mundo sabe que n\u00e3o pode vacilar. Ent\u00e3o, espero que s\u00e1bado a gente vire a chavinha para essa competi\u00e7\u00e3o, para que o nosso ano no Brasileiro a gente n\u00e3o se dificulte e sonhe com coisas maiores, finalizou.<\/em><\/p>\n\n\n\n<p>Em boa atua\u00e7\u00e3o em campo, Korinte de Matheuzinho tentou garantir o melhor momento neste s\u00e1bado. A equipe enfrenta o Botafogo \u00e0s 21h (hor\u00e1rio de Bras\u00edlia), na Neo Qu\u00edmica Arena, pela s\u00e9tima rodada do Campeonato Brasileiro. Depois de vit\u00f3rias na Am\u00e9rica do Sul e na Copa do Brasil, o time est\u00e1 na \u00faltima posi\u00e7\u00e3o da tabela da S\u00e9rie A, perto da zona de rebaixamento.<\/p>\n","protected":false},"excerpt":{"rendered":"<p>A declara\u00e7\u00e3o de Matheuzinho sobre seu atual momento no Corinthians<\/p>\n","protected":false},"author":16,"featured_media":145844,"comment_status":"open","ping_status":"closed","sticky":false,"template":"","format":"standard","meta":{"footnotes":""},"categories":[141],"tags":[],"class_list":["post-145842","post","type-post","status-publish","format-standard","has-post-thumbnail","hentry","category-corinthians"],"yoast_head":"<!-- This site is optimized with the Yoast SEO Premium plugin v24.2 (Yoast SEO v26.9) - https:\/\/yoast.com\/product\/yoast-seo-premium-wordpress\/ -->\n<title>A declara\u00e7\u00e3o de Matheuzinho sobre seu atual momento no Corinthians<\/title>\n<meta name=\"robots\" content=\"index, follow, max-snippet:-1, max-image-preview:large, max-video-preview:-1\" \/>\n<link rel=\"canonical\" href=\"https:\/\/www.gaveanews.com\/index.php\/2024\/05\/31\/a-declaracao-de-matheuzinho-sobre-seu-atual-momento-no-corinthians\/\" \/>\n<meta property=\"og:locale\" content=\"pt_BR\" \/>\n<meta property=\"og:type\" content=\"article\" \/>\n<meta property=\"og:title\" content=\"A declara\u00e7\u00e3o de Matheuzinho sobre seu atual momento no Corinthians\" \/>\n<meta property=\"og:description\" content=\"A declara\u00e7\u00e3o de Matheuzinho sobre seu atual momento no Corinthians\" \/>\n<meta property=\"og:url\" content=\"https:\/\/www.gaveanews.com\/index.php\/2024\/05\/31\/a-declaracao-de-matheuzinho-sobre-seu-atual-momento-no-corinthians\/\" \/>\n<meta property=\"og:site_name\" content=\"G\u00e1vea News\" \/>\n<meta property=\"article:publisher\" content=\"https:\/\/facebook.com\/gaveaNews\/\" \/>\n<meta property=\"article:published_time\" content=\"2024-05-31T11:21:16+00:00\" \/>\n<meta property=\"article:modified_time\" content=\"2024-05-31T11:21:21+00:00\" \/>\n<meta property=\"og:image\" content=\"https:\/\/www.gaveanews.com\/wp-content\/uploads\/1_palmeiras_x_corinthians_paulistao_1_e1708303362780_1_2_610x400-37584758.webp\" \/>\n\t<meta property=\"og:image:width\" content=\"520\" \/>\n\t<meta property=\"og:image:height\" content=\"405\" \/>\n\t<meta property=\"og:image:type\" content=\"image\/jpeg\" \/>\n<meta name=\"author\" content=\"D\u00e9bora Figueiredo\" \/>\n<meta name=\"twitter:card\" content=\"summary_large_image\" \/>\n<meta name=\"twitter:label1\" content=\"Escrito por\" \/>\n\t<meta name=\"twitter:data1\" content=\"D\u00e9bora Figueiredo\" \/>\n\t<meta name=\"twitter:label2\" content=\"Est. tempo de leitura\" \/>\n\t<meta name=\"twitter:data2\" content=\"3 minutos\" \/>\n<script type=\"application\/ld+json\" class=\"yoast-schema-graph\">{\"@context\":\"https:\/\/schema.org\",\"@graph\":[{\"@type\":\"NewsArticle\",\"@id\":\"https:\/\/www.gaveanews.com\/index.php\/2024\/05\/31\/a-declaracao-de-matheuzinho-sobre-seu-atual-momento-no-corinthians\/#article\",\"isPartOf\":{\"@id\":\"https:\/\/www.gaveanews.com\/index.php\/2024\/05\/31\/a-declaracao-de-matheuzinho-sobre-seu-atual-momento-no-corinthians\/\"},\"author\":{\"name\":\"D\u00e9bora Figueiredo\",\"@id\":\"https:\/\/www.gaveanews.com\/#\/schema\/person\/37122681a8575a5c8db05a56f099a5e4\"},\"headline\":\"A declara\u00e7\u00e3o de Matheuzinho sobre seu atual momento no Corinthians\",\"datePublished\":\"2024-05-31T11:21:16+00:00\",\"dateModified\":\"2024-05-31T11:21:21+00:00\",\"mainEntityOfPage\":{\"@id\":\"https:\/\/www.gaveanews.com\/index.php\/2024\/05\/31\/a-declaracao-de-matheuzinho-sobre-seu-atual-momento-no-corinthians\/\"},\"wordCount\":388,\"commentCount\":0,\"image\":{\"@id\":\"https:\/\/www.gaveanews.com\/index.php\/2024\/05\/31\/a-declaracao-de-matheuzinho-sobre-seu-atual-momento-no-corinthians\/#primaryimage\"},\"thumbnailUrl\":\"https:\/\/www.gaveanews.com\/wp-content\/uploads\/1_palmeiras_x_corinthians_paulistao_1_e1708303362780_1_2_610x400-37584758.webp\",\"articleSection\":[\"Corinthians\"],\"inLanguage\":\"pt-BR\",\"potentialAction\":[{\"@type\":\"CommentAction\",\"name\":\"Comment\",\"target\":[\"https:\/\/www.gaveanews.com\/index.php\/2024\/05\/31\/a-declaracao-de-matheuzinho-sobre-seu-atual-momento-no-corinthians\/#respond\"]}],\"copyrightYear\":\"2024\",\"copyrightHolder\":{\"@id\":\"https:\/\/www.gaveanews.com\/#organization\"}},{\"@type\":\"WebPage\",\"@id\":\"https:\/\/www.gaveanews.com\/index.php\/2024\/05\/31\/a-declaracao-de-matheuzinho-sobre-seu-atual-momento-no-corinthians\/\",\"url\":\"https:\/\/www.gaveanews.com\/index.php\/2024\/05\/31\/a-declaracao-de-matheuzinho-sobre-seu-atual-momento-no-corinthians\/\",\"name\":\"A declara\u00e7\u00e3o de Matheuzinho sobre seu atual momento no Corinthians\",\"isPartOf\":{\"@id\":\"https:\/\/www.gaveanews.com\/#website\"},\"primaryImageOfPage\":{\"@id\":\"https:\/\/www.gaveanews.com\/index.php\/2024\/05\/31\/a-declaracao-de-matheuzinho-sobre-seu-atual-momento-no-corinthians\/#primaryimage\"},\"image\":{\"@id\":\"https:\/\/www.gaveanews.com\/index.php\/2024\/05\/31\/a-declaracao-de-matheuzinho-sobre-seu-atual-momento-no-corinthians\/#primaryimage\"},\"thumbnailUrl\":\"https:\/\/www.gaveanews.com\/wp-content\/uploads\/1_palmeiras_x_corinthians_paulistao_1_e1708303362780_1_2_610x400-37584758.webp\",\"datePublished\":\"2024-05-31T11:21:16+00:00\",\"dateModified\":\"2024-05-31T11:21:21+00:00\",\"author\":{\"@id\":\"https:\/\/www.gaveanews.com\/#\/schema\/person\/37122681a8575a5c8db05a56f099a5e4\"},\"breadcrumb\":{\"@id\":\"https:\/\/www.gaveanews.com\/index.php\/2024\/05\/31\/a-declaracao-de-matheuzinho-sobre-seu-atual-momento-no-corinthians\/#breadcrumb\"},\"inLanguage\":\"pt-BR\",\"potentialAction\":[{\"@type\":\"ReadAction\",\"target\":[\"https:\/\/www.gaveanews.com\/index.php\/2024\/05\/31\/a-declaracao-de-matheuzinho-sobre-seu-atual-momento-no-corinthians\/\"]}]},{\"@type\":\"ImageObject\",\"inLanguage\":\"pt-BR\",\"@id\":\"https:\/\/www.gaveanews.com\/index.php\/2024\/05\/31\/a-declaracao-de-matheuzinho-sobre-seu-atual-momento-no-corinthians\/#primaryimage\",\"url\":\"https:\/\/www.gaveanews.com\/wp-content\/uploads\/1_palmeiras_x_corinthians_paulistao_1_e1708303362780_1_2_610x400-37584758.webp\",\"contentUrl\":\"https:\/\/www.gaveanews.com\/wp-content\/uploads\/1_palmeiras_x_corinthians_paulistao_1_e1708303362780_1_2_610x400-37584758.webp\",\"width\":520,\"height\":405,\"caption\":\"cr\u00e9dito: Jogada10)\"},{\"@type\":\"BreadcrumbList\",\"@id\":\"https:\/\/www.gaveanews.com\/index.php\/2024\/05\/31\/a-declaracao-de-matheuzinho-sobre-seu-atual-momento-no-corinthians\/#breadcrumb\",\"itemListElement\":[{\"@type\":\"ListItem\",\"position\":1,\"name\":\"Home\",\"item\":\"https:\/\/www.gaveanews.com\/\"},{\"@type\":\"ListItem\",\"position\":2,\"name\":\"A declara\u00e7\u00e3o de Matheuzinho sobre seu atual momento no Corinthians\"}]},{\"@type\":\"WebSite\",\"@id\":\"https:\/\/www.gaveanews.com\/#website\",\"url\":\"https:\/\/www.gaveanews.com\/\",\"name\":\"G\u00e1vea News\",\"description\":\"Veja todas as not\u00edcias sobre o Flamengo: Contrata\u00e7\u00f5es, categorias de base, resultados das partidas, tabela de classifica\u00e7\u00e3o, pr\u00f3ximos jogos!\",\"potentialAction\":[{\"@type\":\"SearchAction\",\"target\":{\"@type\":\"EntryPoint\",\"urlTemplate\":\"https:\/\/www.gaveanews.com\/?s={search_term_string}\"},\"query-input\":{\"@type\":\"PropertyValueSpecification\",\"valueRequired\":true,\"valueName\":\"search_term_string\"}}],\"inLanguage\":\"pt-BR\"},{\"@type\":\"Person\",\"@id\":\"https:\/\/www.gaveanews.com\/#\/schema\/person\/37122681a8575a5c8db05a56f099a5e4\",\"name\":\"D\u00e9bora Figueiredo\",\"image\":{\"@type\":\"ImageObject\",\"inLanguage\":\"pt-BR\",\"@id\":\"https:\/\/www.gaveanews.com\/#\/schema\/person\/image\/\",\"url\":\"https:\/\/secure.gravatar.com\/avatar\/1f44802859351588499d26f52aed1d15796ce17e67602895b72837c08018868d?s=96&d=mm&r=g\",\"contentUrl\":\"https:\/\/secure.gravatar.com\/avatar\/1f44802859351588499d26f52aed1d15796ce17e67602895b72837c08018868d?s=96&d=mm&r=g\",\"caption\":\"D\u00e9bora Figueiredo\"}}]}<\/script>\n<!-- \/ Yoast SEO Premium plugin. -->","yoast_head_json":{"title":"A declara\u00e7\u00e3o de Matheuzinho sobre seu atual momento no Corinthians","robots":{"index":"index","follow":"follow","max-snippet":"max-snippet:-1","max-image-preview":"max-image-preview:large","max-video-preview":"max-video-preview:-1"},"canonical":"https:\/\/www.gaveanews.com\/index.php\/2024\/05\/31\/a-declaracao-de-matheuzinho-sobre-seu-atual-momento-no-corinthians\/","og_locale":"pt_BR","og_type":"article","og_title":"A declara\u00e7\u00e3o de Matheuzinho sobre seu atual momento no Corinthians","og_description":"A declara\u00e7\u00e3o de Matheuzinho sobre seu atual momento no Corinthians","og_url":"https:\/\/www.gaveanews.com\/index.php\/2024\/05\/31\/a-declaracao-de-matheuzinho-sobre-seu-atual-momento-no-corinthians\/","og_site_name":"G\u00e1vea News","article_publisher":"https:\/\/facebook.com\/gaveaNews\/","article_published_time":"2024-05-31T11:21:16+00:00","article_modified_time":"2024-05-31T11:21:21+00:00","og_image":[{"width":520,"height":405,"url":"https:\/\/www.gaveanews.com\/wp-content\/uploads\/1_palmeiras_x_corinthians_paulistao_1_e1708303362780_1_2_610x400-37584758.webp","type":"image\/jpeg"}],"author":"D\u00e9bora Figueiredo","twitter_card":"summary_large_image","twitter_misc":{"Escrito por":"D\u00e9bora Figueiredo","Est. tempo de leitura":"3 minutos"},"schema":{"@context":"https:\/\/schema.org","@graph":[{"@type":"NewsArticle","@id":"https:\/\/www.gaveanews.com\/index.php\/2024\/05\/31\/a-declaracao-de-matheuzinho-sobre-seu-atual-momento-no-corinthians\/#article","isPartOf":{"@id":"https:\/\/www.gaveanews.com\/index.php\/2024\/05\/31\/a-declaracao-de-matheuzinho-sobre-seu-atual-momento-no-corinthians\/"},"author":{"name":"D\u00e9bora Figueiredo","@id":"https:\/\/www.gaveanews.com\/#\/schema\/person\/37122681a8575a5c8db05a56f099a5e4"},"headline":"A declara\u00e7\u00e3o de Matheuzinho sobre seu atual momento no Corinthians","datePublished":"2024-05-31T11:21:16+00:00","dateModified":"2024-05-31T11:21:21+00:00","mainEntityOfPage":{"@id":"https:\/\/www.gaveanews.com\/index.php\/2024\/05\/31\/a-declaracao-de-matheuzinho-sobre-seu-atual-momento-no-corinthians\/"},"wordCount":388,"commentCount":0,"image":{"@id":"https:\/\/www.gaveanews.com\/index.php\/2024\/05\/31\/a-declaracao-de-matheuzinho-sobre-seu-atual-momento-no-corinthians\/#primaryimage"},"thumbnailUrl":"https:\/\/www.gaveanews.com\/wp-content\/uploads\/1_palmeiras_x_corinthians_paulistao_1_e1708303362780_1_2_610x400-37584758.webp","articleSection":["Corinthians"],"inLanguage":"pt-BR","potentialAction":[{"@type":"CommentAction","name":"Comment","target":["https:\/\/www.gaveanews.com\/index.php\/2024\/05\/31\/a-declaracao-de-matheuzinho-sobre-seu-atual-momento-no-corinthians\/#respond"]}],"copyrightYear":"2024","copyrightHolder":{"@id":"https:\/\/www.gaveanews.com\/#organization"}},{"@type":"WebPage","@id":"https:\/\/www.gaveanews.com\/index.php\/2024\/05\/31\/a-declaracao-de-matheuzinho-sobre-seu-atual-momento-no-corinthians\/","url":"https:\/\/www.gaveanews.com\/index.php\/2024\/05\/31\/a-declaracao-de-matheuzinho-sobre-seu-atual-momento-no-corinthians\/","name":"A declara\u00e7\u00e3o de Matheuzinho sobre seu atual momento no Corinthians","isPartOf":{"@id":"https:\/\/www.gaveanews.com\/#website"},"primaryImageOfPage":{"@id":"https:\/\/www.gaveanews.com\/index.php\/2024\/05\/31\/a-declaracao-de-matheuzinho-sobre-seu-atual-momento-no-corinthians\/#primaryimage"},"image":{"@id":"https:\/\/www.gaveanews.com\/index.php\/2024\/05\/31\/a-declaracao-de-matheuzinho-sobre-seu-atual-momento-no-corinthians\/#primaryimage"},"thumbnailUrl":"https:\/\/www.gaveanews.com\/wp-content\/uploads\/1_palmeiras_x_corinthians_paulistao_1_e1708303362780_1_2_610x400-37584758.webp","datePublished":"2024-05-31T11:21:16+00:00","dateModified":"2024-05-31T11:21:21+00:00","author":{"@id":"https:\/\/www.gaveanews.com\/#\/schema\/person\/37122681a8575a5c8db05a56f099a5e4"},"breadcrumb":{"@id":"https:\/\/www.gaveanews.com\/index.php\/2024\/05\/31\/a-declaracao-de-matheuzinho-sobre-seu-atual-momento-no-corinthians\/#breadcrumb"},"inLanguage":"pt-BR","potentialAction":[{"@type":"ReadAction","target":["https:\/\/www.gaveanews.com\/index.php\/2024\/05\/31\/a-declaracao-de-matheuzinho-sobre-seu-atual-momento-no-corinthians\/"]}]},{"@type":"ImageObject","inLanguage":"pt-BR","@id":"https:\/\/www.gaveanews.com\/index.php\/2024\/05\/31\/a-declaracao-de-matheuzinho-sobre-seu-atual-momento-no-corinthians\/#primaryimage","url":"https:\/\/www.gaveanews.com\/wp-content\/uploads\/1_palmeiras_x_corinthians_paulistao_1_e1708303362780_1_2_610x400-37584758.webp","contentUrl":"https:\/\/www.gaveanews.com\/wp-content\/uploads\/1_palmeiras_x_corinthians_paulistao_1_e1708303362780_1_2_610x400-37584758.webp","width":520,"height":405,"caption":"cr\u00e9dito: Jogada10)"},{"@type":"BreadcrumbList","@id":"https:\/\/www.gaveanews.com\/index.php\/2024\/05\/31\/a-declaracao-de-matheuzinho-sobre-seu-atual-momento-no-corinthians\/#breadcrumb","itemListElement":[{"@type":"ListItem","position":1,"name":"Home","item":"https:\/\/www.gaveanews.com\/"},{"@type":"ListItem","position":2,"name":"A declara\u00e7\u00e3o de Matheuzinho sobre seu atual momento no Corinthians"}]},{"@type":"WebSite","@id":"https:\/\/www.gaveanews.com\/#website","url":"https:\/\/www.gaveanews.com\/","name":"G\u00e1vea News","description":"Veja todas as not\u00edcias sobre o Flamengo: Contrata\u00e7\u00f5es, categorias de base, resultados das partidas, tabela de classifica\u00e7\u00e3o, pr\u00f3ximos jogos!","potentialAction":[{"@type":"SearchAction","target":{"@type":"EntryPoint","urlTemplate":"https:\/\/www.gaveanews.com\/?s={search_term_string}"},"query-input":{"@type":"PropertyValueSpecification","valueRequired":true,"valueName":"search_term_string"}}],"inLanguage":"pt-BR"},{"@type":"Person","@id":"https:\/\/www.gaveanews.com\/#\/schema\/person\/37122681a8575a5c8db05a56f099a5e4","name":"D\u00e9bora Figueiredo","image":{"@type":"ImageObject","inLanguage":"pt-BR","@id":"https:\/\/www.gaveanews.com\/#\/schema\/person\/image\/","url":"https:\/\/secure.gravatar.com\/avatar\/1f44802859351588499d26f52aed1d15796ce17e67602895b72837c08018868d?s=96&d=mm&r=g","contentUrl":"https:\/\/secure.gravatar.com\/avatar\/1f44802859351588499d26f52aed1d15796ce17e67602895b72837c08018868d?s=96&d=mm&r=g","caption":"D\u00e9bora Figueiredo"}}]}},"_links":{"self":[{"href":"https:\/\/www.gaveanews.com\/index.php\/wp-json\/wp\/v2\/posts\/145842","targetHints":{"allow":["GET"]}}],"collection":[{"href":"https:\/\/www.gaveanews.com\/index.php\/wp-json\/wp\/v2\/posts"}],"about":[{"href":"https:\/\/www.gaveanews.com\/index.php\/wp-json\/wp\/v2\/types\/post"}],"author":[{"embeddable":true,"href":"https:\/\/www.gaveanews.com\/index.php\/wp-json\/wp\/v2\/users\/16"}],"replies":[{"embeddable":true,"href":"https:\/\/www.gaveanews.com\/index.php\/wp-json\/wp\/v2\/comments?post=145842"}],"version-history":[{"count":1,"href":"https:\/\/www.gaveanews.com\/index.php\/wp-json\/wp\/v2\/posts\/145842\/revisions"}],"predecessor-version":[{"id":145846,"href":"https:\/\/www.gaveanews.com\/index.php\/wp-json\/wp\/v2\/posts\/145842\/revisions\/145846"}],"wp:featuredmedia":[{"embeddable":true,"href":"https:\/\/www.gaveanews.com\/index.php\/wp-json\/wp\/v2\/media\/145844"}],"wp:attachment":[{"href":"https:\/\/www.gaveanews.com\/index.php\/wp-json\/wp\/v2\/media?parent=145842"}],"wp:term":[{"taxonomy":"category","embeddable":true,"href":"https:\/\/www.gaveanews.com\/index.php\/wp-json\/wp\/v2\/categories?post=145842"},{"taxonomy":"post_tag","embeddable":true,"href":"https:\/\/www.gaveanews.com\/index.php\/wp-json\/wp\/v2\/tags?post=145842"}],"curies":[{"name":"wp","href":"https:\/\/api.w.org\/{rel}","templated":true}]}}