{"id":145851,"date":"2024-05-31T09:10:00","date_gmt":"2024-05-31T12:10:00","guid":{"rendered":"https:\/\/www.gaveanews.com\/?p=145851"},"modified":"2024-05-31T19:47:51","modified_gmt":"2024-05-31T22:47:51","slug":"idolo-do-vasco-edmundo-da-declaracao-sincero-sobre-de-la-cruz","status":"publish","type":"post","link":"https:\/\/www.gaveanews.com\/index.php\/2024\/05\/31\/idolo-do-vasco-edmundo-da-declaracao-sincero-sobre-de-la-cruz\/","title":{"rendered":"\u00cddolo do Vasco, Edmundo d\u00e1 declara\u00e7\u00e3o sincera sobre De la Cruz"},"content":{"rendered":"\n<h2 class=\"wp-block-heading\" id=\"h-idolo-do-vasco-e-do-palmeiras-refletiu-sobre-o-trabalho-de-tite-no-flamengo\">\u00cddolo do Vasco e do Palmeiras refletiu sobre o trabalho de Tite no Flamengo.<\/h2>\n\n\n\n<p>Tite n\u00e3o vem fazendo mudan\u00e7as significativas na equipe do Flamengo porque est\u00e1 ciente das decis\u00f5es tomadas. Devido ao estilo pragm\u00e1tico do treinador, Edmundo fez quest\u00e3o de enfatizar as obje\u00e7\u00f5es relacionadas \u00e0 falta de ousadia do trabalho atual do Rubro-Negro. A situa\u00e7\u00e3o de Nicol\u00e1s De La Cruz foi mencionada no discurso neste contexto.<\/p>\n\n\n\n<p>De La Cruz foi contratado por 16 milh\u00f5es de d\u00f3lares (R$ 77 milh\u00f5es na \u00e9poca), e est\u00e1 se tornando cada vez mais interessado no Flamengo. Edmundo disse que Tite gosta de jogar com dois volantes, apesar do fato de que o uruguaio \u00e9 considerado um jogador que &#8220;faz tudo&#8221;.<\/p>\n\n\n\n<p><em>\u2014\u00a0O Tite gosta de jogar com dois volantes, mesmo o Flamengo n\u00e3o precisando. S\u00e3o dois volantes e mais o De La Cruz, que \u00e9 um motorzinho e faz tudo. Ele marca e chega l\u00e1 na frente. Isso \u00e9 muito questionado aqui pelos torcedores do Flamengo no Rio de Janeiro, disse Edmundo, em live no\u00a0YouTube.<\/em><\/p>\n\n\n\n<figure class=\"wp-block-image size-large\"><img loading=\"lazy\" decoding=\"async\" width=\"1024\" height=\"680\" src=\"https:\/\/www.gaveanews.com\/wp-content\/uploads\/de-la-cruz-flamengo-1024x680.webp\" alt=\"\" class=\"wp-image-125021\" srcset=\"https:\/\/www.gaveanews.com\/wp-content\/uploads\/de-la-cruz-flamengo-1024x680.webp 1024w, https:\/\/www.gaveanews.com\/wp-content\/uploads\/de-la-cruz-flamengo-300x199.webp 300w, https:\/\/www.gaveanews.com\/wp-content\/uploads\/de-la-cruz-flamengo-768x510.webp 768w, https:\/\/www.gaveanews.com\/wp-content\/uploads\/de-la-cruz-flamengo-1536x1020.webp 1536w, https:\/\/www.gaveanews.com\/wp-content\/uploads\/de-la-cruz-flamengo-632x420.webp 632w, https:\/\/www.gaveanews.com\/wp-content\/uploads\/de-la-cruz-flamengo-1264x840.webp 1264w, https:\/\/www.gaveanews.com\/wp-content\/uploads\/de-la-cruz-flamengo-640x425.webp 640w, https:\/\/www.gaveanews.com\/wp-content\/uploads\/de-la-cruz-flamengo-1280x850.webp 1280w, https:\/\/www.gaveanews.com\/wp-content\/uploads\/de-la-cruz-flamengo-681x452.webp 681w, https:\/\/www.gaveanews.com\/wp-content\/uploads\/de-la-cruz-flamengo-1362x905.webp 1362w, https:\/\/www.gaveanews.com\/wp-content\/uploads\/de-la-cruz-flamengo-100x66.webp 100w, https:\/\/www.gaveanews.com\/wp-content\/uploads\/de-la-cruz-flamengo.webp 1600w\" sizes=\"auto, (max-width: 1024px) 100vw, 1024px\" \/><figcaption class=\"wp-element-caption\">Nicol\u00e1s de la Cruz em a\u00e7\u00e3o pelo Flamengo (Foto: Gilvan de Souza e Marcelo Cortes\/Flamengo)<\/figcaption><\/figure>\n\n\n\n<p>Em seu discurso, Edmundo enfatizou que jogadores conhecidos como Gabigol e Bruno Henrique s\u00e3o pouco utilizados no Flamengo. Tite opta por manter o mesmo esquema t\u00e1tico na maior parte dos jogos, apesar da possibilidade de montar um esquema mais ofensivo.<\/p>\n\n\n\n<p><em>\u2014\u00a0 O Tite n\u00e3o abre m\u00e3o de dois volantes. Ele tem jogadores espetaculares. Bota Gabigol e Bruno Henrique no banco, tem o menino Lorran, o zagueiro que chegou do Bragantino (L\u00e9o Ortiz)\u2026 tem jogadores que se fosse para qualquer outro time, inclusive o Vasco, seriam titulares absolutos. Mas ele n\u00e3o abre m\u00e3o de dois volantes. \u00c9 uma convic\u00e7\u00e3o do trabalho do Tite, afirmou.<\/em><\/p>\n\n\n\n<h2 class=\"wp-block-heading\" id=\"h-quando-sera-o-proximo-jogo-do-flamengo\">Quando ser\u00e1 o pr\u00f3ximo jogo do Flamengo?<\/h2>\n\n\n\n<p>Em junho, o&nbsp;<a href=\"https:\/\/gaveanews.com\/?utm_source=SystemGaveaNews&amp;utm_medium=SystemGaveaNews&amp;utm_campaign=SystemGaveaNews\">Flamengo<\/a>&nbsp;n\u00e3o disputar\u00e1 partidas pela Copa Libertadores e Copa do Brasil, concentrando-se exclusivamente no Campeonato Brasileiro. Sob o comando do t\u00e9cnico Tite, a equipe enfrentar\u00e1 uma agenda repleta de desafios no principal torneio nacional. Confira abaixo a agenda do&nbsp;<a href=\"https:\/\/gaveanews.com\/?utm_source=SystemGaveaNews&amp;utm_medium=SystemGaveaNews&amp;utm_campaign=SystemGaveaNews\">Flamengo<\/a>&nbsp;no m\u00eas de junho:<\/p>\n\n\n\n<ul class=\"wp-block-list\">\n<li><strong>02\/06 \u2013\u00a0<a href=\"https:\/\/www.gaveanews.com\/?s=vasco&amp;utm_source=SystemGaveaNews&amp;utm_medium=SystemGaveaNews&amp;utm_campaign=SystemGaveaNews\">Vasco<\/a>\u00a0x\u00a0<a href=\"https:\/\/gaveanews.com\/?utm_source=SystemGaveaNews&amp;utm_medium=SystemGaveaNews&amp;utm_campaign=SystemGaveaNews\">Flamengo<\/a><\/strong><\/li>\n\n\n\n<li>13\/06 \u2013\u00a0<a href=\"https:\/\/gaveanews.com\/?utm_source=SystemGaveaNews&amp;utm_medium=SystemGaveaNews&amp;utm_campaign=SystemGaveaNews\">Flamengo<\/a>\u00a0x\u00a0<a href=\"https:\/\/www.gaveanews.com\/?s=Gr%C3%AAmio&amp;utm_source=SystemGaveaNews&amp;utm_medium=SystemGaveaNews&amp;utm_campaign=SystemGaveaNews\">Gr\u00eamio<\/a><\/li>\n\n\n\n<li>16\/06 \u2013 Athletico-PR x\u00a0<a href=\"https:\/\/gaveanews.com\/?utm_source=SystemGaveaNews&amp;utm_medium=SystemGaveaNews&amp;utm_campaign=SystemGaveaNews\">Flamengo<\/a><\/li>\n\n\n\n<li>20\/06 \u2013\u00a0<a href=\"https:\/\/gaveanews.com\/?utm_source=SystemGaveaNews&amp;utm_medium=SystemGaveaNews&amp;utm_campaign=SystemGaveaNews\">Flamengo<\/a>\u00a0x Bahia<\/li>\n\n\n\n<li>23\/06 \u2013\u00a0<a href=\"https:\/\/www.gaveanews.com\/?s=fluminense&amp;utm_source=SystemGaveaNews&amp;utm_medium=SystemGaveaNews&amp;utm_campaign=SystemGaveaNews\">Fluminense<\/a>\u00a0x\u00a0<a href=\"https:\/\/gaveanews.com\/?utm_source=SystemGaveaNews&amp;utm_medium=SystemGaveaNews&amp;utm_campaign=SystemGaveaNews\">Flamengo<\/a><\/li>\n\n\n\n<li>26\/06 \u2013 Juventude x\u00a0<a href=\"https:\/\/gaveanews.com\/?utm_source=SystemGaveaNews&amp;utm_medium=SystemGaveaNews&amp;utm_campaign=SystemGaveaNews\">Flamengo<\/a><\/li>\n\n\n\n<li>30\/06 \u2013\u00a0<a href=\"https:\/\/gaveanews.com\/?utm_source=SystemGaveaNews&amp;utm_medium=SystemGaveaNews&amp;utm_campaign=SystemGaveaNews\">Flamengo<\/a>\u00a0x Cruzeiro<\/li>\n<\/ul>\n","protected":false},"excerpt":{"rendered":"<p>\u00cddolo do Vasco, Edmundo d\u00e1 declara\u00e7\u00e3o sincero sobre De la Cruz<\/p>\n","protected":false},"author":16,"featured_media":145853,"comment_status":"open","ping_status":"closed","sticky":false,"template":"","format":"standard","meta":{"footnotes":""},"categories":[1,152],"tags":[],"class_list":["post-145851","post","type-post","status-publish","format-standard","has-post-thumbnail","hentry","category-flamengo","category-vasco"],"yoast_head":"<!-- This site is optimized with the Yoast SEO Premium plugin v24.2 (Yoast SEO v26.9) - https:\/\/yoast.com\/product\/yoast-seo-premium-wordpress\/ -->\n<title>\u00cddolo do Vasco, Edmundo d\u00e1 declara\u00e7\u00e3o sincera sobre De la Cruz<\/title>\n<meta name=\"robots\" content=\"index, follow, max-snippet:-1, max-image-preview:large, max-video-preview:-1\" \/>\n<link rel=\"canonical\" href=\"https:\/\/www.gaveanews.com\/index.php\/2024\/05\/31\/idolo-do-vasco-edmundo-da-declaracao-sincero-sobre-de-la-cruz\/\" \/>\n<meta property=\"og:locale\" content=\"pt_BR\" \/>\n<meta property=\"og:type\" content=\"article\" \/>\n<meta property=\"og:title\" content=\"\u00cddolo do Vasco, Edmundo d\u00e1 declara\u00e7\u00e3o sincera sobre De la Cruz\" \/>\n<meta property=\"og:description\" content=\"\u00cddolo do Vasco, Edmundo d\u00e1 declara\u00e7\u00e3o sincero sobre De la Cruz\" \/>\n<meta property=\"og:url\" content=\"https:\/\/www.gaveanews.com\/index.php\/2024\/05\/31\/idolo-do-vasco-edmundo-da-declaracao-sincero-sobre-de-la-cruz\/\" \/>\n<meta property=\"og:site_name\" content=\"G\u00e1vea News\" \/>\n<meta property=\"article:publisher\" content=\"https:\/\/facebook.com\/gaveaNews\/\" \/>\n<meta property=\"article:published_time\" content=\"2024-05-31T12:10:00+00:00\" \/>\n<meta property=\"article:modified_time\" content=\"2024-05-31T22:47:51+00:00\" \/>\n<meta property=\"og:image\" content=\"https:\/\/www.gaveanews.com\/wp-content\/uploads\/edmundo-band-729x400-1.webp\" \/>\n\t<meta property=\"og:image:width\" content=\"729\" \/>\n\t<meta property=\"og:image:height\" content=\"400\" \/>\n\t<meta property=\"og:image:type\" content=\"image\/jpeg\" \/>\n<meta name=\"author\" content=\"D\u00e9bora Figueiredo\" \/>\n<meta name=\"twitter:card\" content=\"summary_large_image\" \/>\n<meta name=\"twitter:label1\" content=\"Escrito por\" \/>\n\t<meta name=\"twitter:data1\" content=\"D\u00e9bora Figueiredo\" \/>\n\t<meta name=\"twitter:label2\" content=\"Est. tempo de leitura\" \/>\n\t<meta name=\"twitter:data2\" content=\"3 minutos\" \/>\n<script type=\"application\/ld+json\" class=\"yoast-schema-graph\">{\"@context\":\"https:\/\/schema.org\",\"@graph\":[{\"@type\":\"NewsArticle\",\"@id\":\"https:\/\/www.gaveanews.com\/index.php\/2024\/05\/31\/idolo-do-vasco-edmundo-da-declaracao-sincero-sobre-de-la-cruz\/#article\",\"isPartOf\":{\"@id\":\"https:\/\/www.gaveanews.com\/index.php\/2024\/05\/31\/idolo-do-vasco-edmundo-da-declaracao-sincero-sobre-de-la-cruz\/\"},\"author\":{\"name\":\"D\u00e9bora Figueiredo\",\"@id\":\"https:\/\/www.gaveanews.com\/#\/schema\/person\/37122681a8575a5c8db05a56f099a5e4\"},\"headline\":\"\u00cddolo do Vasco, Edmundo d\u00e1 declara\u00e7\u00e3o sincera sobre De la Cruz\",\"datePublished\":\"2024-05-31T12:10:00+00:00\",\"dateModified\":\"2024-05-31T22:47:51+00:00\",\"mainEntityOfPage\":{\"@id\":\"https:\/\/www.gaveanews.com\/index.php\/2024\/05\/31\/idolo-do-vasco-edmundo-da-declaracao-sincero-sobre-de-la-cruz\/\"},\"wordCount\":400,\"commentCount\":0,\"image\":{\"@id\":\"https:\/\/www.gaveanews.com\/index.php\/2024\/05\/31\/idolo-do-vasco-edmundo-da-declaracao-sincero-sobre-de-la-cruz\/#primaryimage\"},\"thumbnailUrl\":\"https:\/\/www.gaveanews.com\/wp-content\/uploads\/edmundo-band-729x400-1.webp\",\"articleSection\":[\"Flamengo\",\"Vasco\"],\"inLanguage\":\"pt-BR\",\"potentialAction\":[{\"@type\":\"CommentAction\",\"name\":\"Comment\",\"target\":[\"https:\/\/www.gaveanews.com\/index.php\/2024\/05\/31\/idolo-do-vasco-edmundo-da-declaracao-sincero-sobre-de-la-cruz\/#respond\"]}],\"copyrightYear\":\"2024\",\"copyrightHolder\":{\"@id\":\"https:\/\/www.gaveanews.com\/#organization\"}},{\"@type\":\"WebPage\",\"@id\":\"https:\/\/www.gaveanews.com\/index.php\/2024\/05\/31\/idolo-do-vasco-edmundo-da-declaracao-sincero-sobre-de-la-cruz\/\",\"url\":\"https:\/\/www.gaveanews.com\/index.php\/2024\/05\/31\/idolo-do-vasco-edmundo-da-declaracao-sincero-sobre-de-la-cruz\/\",\"name\":\"\u00cddolo do Vasco, Edmundo d\u00e1 declara\u00e7\u00e3o sincera sobre De la Cruz\",\"isPartOf\":{\"@id\":\"https:\/\/www.gaveanews.com\/#website\"},\"primaryImageOfPage\":{\"@id\":\"https:\/\/www.gaveanews.com\/index.php\/2024\/05\/31\/idolo-do-vasco-edmundo-da-declaracao-sincero-sobre-de-la-cruz\/#primaryimage\"},\"image\":{\"@id\":\"https:\/\/www.gaveanews.com\/index.php\/2024\/05\/31\/idolo-do-vasco-edmundo-da-declaracao-sincero-sobre-de-la-cruz\/#primaryimage\"},\"thumbnailUrl\":\"https:\/\/www.gaveanews.com\/wp-content\/uploads\/edmundo-band-729x400-1.webp\",\"datePublished\":\"2024-05-31T12:10:00+00:00\",\"dateModified\":\"2024-05-31T22:47:51+00:00\",\"author\":{\"@id\":\"https:\/\/www.gaveanews.com\/#\/schema\/person\/37122681a8575a5c8db05a56f099a5e4\"},\"breadcrumb\":{\"@id\":\"https:\/\/www.gaveanews.com\/index.php\/2024\/05\/31\/idolo-do-vasco-edmundo-da-declaracao-sincero-sobre-de-la-cruz\/#breadcrumb\"},\"inLanguage\":\"pt-BR\",\"potentialAction\":[{\"@type\":\"ReadAction\",\"target\":[\"https:\/\/www.gaveanews.com\/index.php\/2024\/05\/31\/idolo-do-vasco-edmundo-da-declaracao-sincero-sobre-de-la-cruz\/\"]}]},{\"@type\":\"ImageObject\",\"inLanguage\":\"pt-BR\",\"@id\":\"https:\/\/www.gaveanews.com\/index.php\/2024\/05\/31\/idolo-do-vasco-edmundo-da-declaracao-sincero-sobre-de-la-cruz\/#primaryimage\",\"url\":\"https:\/\/www.gaveanews.com\/wp-content\/uploads\/edmundo-band-729x400-1.webp\",\"contentUrl\":\"https:\/\/www.gaveanews.com\/wp-content\/uploads\/edmundo-band-729x400-1.webp\",\"width\":729,\"height\":400,\"caption\":\"Edmundo (Foto: Reprodu\u00e7\u00e3o)\"},{\"@type\":\"BreadcrumbList\",\"@id\":\"https:\/\/www.gaveanews.com\/index.php\/2024\/05\/31\/idolo-do-vasco-edmundo-da-declaracao-sincero-sobre-de-la-cruz\/#breadcrumb\",\"itemListElement\":[{\"@type\":\"ListItem\",\"position\":1,\"name\":\"Home\",\"item\":\"https:\/\/www.gaveanews.com\/\"},{\"@type\":\"ListItem\",\"position\":2,\"name\":\"\u00cddolo do Vasco, Edmundo d\u00e1 declara\u00e7\u00e3o sincera sobre De la Cruz\"}]},{\"@type\":\"WebSite\",\"@id\":\"https:\/\/www.gaveanews.com\/#website\",\"url\":\"https:\/\/www.gaveanews.com\/\",\"name\":\"G\u00e1vea News\",\"description\":\"Veja todas as not\u00edcias sobre o Flamengo: Contrata\u00e7\u00f5es, categorias de base, resultados das partidas, tabela de classifica\u00e7\u00e3o, pr\u00f3ximos jogos!\",\"potentialAction\":[{\"@type\":\"SearchAction\",\"target\":{\"@type\":\"EntryPoint\",\"urlTemplate\":\"https:\/\/www.gaveanews.com\/?s={search_term_string}\"},\"query-input\":{\"@type\":\"PropertyValueSpecification\",\"valueRequired\":true,\"valueName\":\"search_term_string\"}}],\"inLanguage\":\"pt-BR\"},{\"@type\":\"Person\",\"@id\":\"https:\/\/www.gaveanews.com\/#\/schema\/person\/37122681a8575a5c8db05a56f099a5e4\",\"name\":\"D\u00e9bora Figueiredo\",\"image\":{\"@type\":\"ImageObject\",\"inLanguage\":\"pt-BR\",\"@id\":\"https:\/\/www.gaveanews.com\/#\/schema\/person\/image\/\",\"url\":\"https:\/\/secure.gravatar.com\/avatar\/1f44802859351588499d26f52aed1d15796ce17e67602895b72837c08018868d?s=96&d=mm&r=g\",\"contentUrl\":\"https:\/\/secure.gravatar.com\/avatar\/1f44802859351588499d26f52aed1d15796ce17e67602895b72837c08018868d?s=96&d=mm&r=g\",\"caption\":\"D\u00e9bora Figueiredo\"}}]}<\/script>\n<!-- \/ Yoast SEO Premium plugin. -->","yoast_head_json":{"title":"\u00cddolo do Vasco, Edmundo d\u00e1 declara\u00e7\u00e3o sincera sobre De la Cruz","robots":{"index":"index","follow":"follow","max-snippet":"max-snippet:-1","max-image-preview":"max-image-preview:large","max-video-preview":"max-video-preview:-1"},"canonical":"https:\/\/www.gaveanews.com\/index.php\/2024\/05\/31\/idolo-do-vasco-edmundo-da-declaracao-sincero-sobre-de-la-cruz\/","og_locale":"pt_BR","og_type":"article","og_title":"\u00cddolo do Vasco, Edmundo d\u00e1 declara\u00e7\u00e3o sincera sobre De la Cruz","og_description":"\u00cddolo do Vasco, Edmundo d\u00e1 declara\u00e7\u00e3o sincero sobre De la Cruz","og_url":"https:\/\/www.gaveanews.com\/index.php\/2024\/05\/31\/idolo-do-vasco-edmundo-da-declaracao-sincero-sobre-de-la-cruz\/","og_site_name":"G\u00e1vea News","article_publisher":"https:\/\/facebook.com\/gaveaNews\/","article_published_time":"2024-05-31T12:10:00+00:00","article_modified_time":"2024-05-31T22:47:51+00:00","og_image":[{"width":729,"height":400,"url":"https:\/\/www.gaveanews.com\/wp-content\/uploads\/edmundo-band-729x400-1.webp","type":"image\/jpeg"}],"author":"D\u00e9bora Figueiredo","twitter_card":"summary_large_image","twitter_misc":{"Escrito por":"D\u00e9bora Figueiredo","Est. tempo de leitura":"3 minutos"},"schema":{"@context":"https:\/\/schema.org","@graph":[{"@type":"NewsArticle","@id":"https:\/\/www.gaveanews.com\/index.php\/2024\/05\/31\/idolo-do-vasco-edmundo-da-declaracao-sincero-sobre-de-la-cruz\/#article","isPartOf":{"@id":"https:\/\/www.gaveanews.com\/index.php\/2024\/05\/31\/idolo-do-vasco-edmundo-da-declaracao-sincero-sobre-de-la-cruz\/"},"author":{"name":"D\u00e9bora Figueiredo","@id":"https:\/\/www.gaveanews.com\/#\/schema\/person\/37122681a8575a5c8db05a56f099a5e4"},"headline":"\u00cddolo do Vasco, Edmundo d\u00e1 declara\u00e7\u00e3o sincera sobre De la Cruz","datePublished":"2024-05-31T12:10:00+00:00","dateModified":"2024-05-31T22:47:51+00:00","mainEntityOfPage":{"@id":"https:\/\/www.gaveanews.com\/index.php\/2024\/05\/31\/idolo-do-vasco-edmundo-da-declaracao-sincero-sobre-de-la-cruz\/"},"wordCount":400,"commentCount":0,"image":{"@id":"https:\/\/www.gaveanews.com\/index.php\/2024\/05\/31\/idolo-do-vasco-edmundo-da-declaracao-sincero-sobre-de-la-cruz\/#primaryimage"},"thumbnailUrl":"https:\/\/www.gaveanews.com\/wp-content\/uploads\/edmundo-band-729x400-1.webp","articleSection":["Flamengo","Vasco"],"inLanguage":"pt-BR","potentialAction":[{"@type":"CommentAction","name":"Comment","target":["https:\/\/www.gaveanews.com\/index.php\/2024\/05\/31\/idolo-do-vasco-edmundo-da-declaracao-sincero-sobre-de-la-cruz\/#respond"]}],"copyrightYear":"2024","copyrightHolder":{"@id":"https:\/\/www.gaveanews.com\/#organization"}},{"@type":"WebPage","@id":"https:\/\/www.gaveanews.com\/index.php\/2024\/05\/31\/idolo-do-vasco-edmundo-da-declaracao-sincero-sobre-de-la-cruz\/","url":"https:\/\/www.gaveanews.com\/index.php\/2024\/05\/31\/idolo-do-vasco-edmundo-da-declaracao-sincero-sobre-de-la-cruz\/","name":"\u00cddolo do Vasco, Edmundo d\u00e1 declara\u00e7\u00e3o sincera sobre De la Cruz","isPartOf":{"@id":"https:\/\/www.gaveanews.com\/#website"},"primaryImageOfPage":{"@id":"https:\/\/www.gaveanews.com\/index.php\/2024\/05\/31\/idolo-do-vasco-edmundo-da-declaracao-sincero-sobre-de-la-cruz\/#primaryimage"},"image":{"@id":"https:\/\/www.gaveanews.com\/index.php\/2024\/05\/31\/idolo-do-vasco-edmundo-da-declaracao-sincero-sobre-de-la-cruz\/#primaryimage"},"thumbnailUrl":"https:\/\/www.gaveanews.com\/wp-content\/uploads\/edmundo-band-729x400-1.webp","datePublished":"2024-05-31T12:10:00+00:00","dateModified":"2024-05-31T22:47:51+00:00","author":{"@id":"https:\/\/www.gaveanews.com\/#\/schema\/person\/37122681a8575a5c8db05a56f099a5e4"},"breadcrumb":{"@id":"https:\/\/www.gaveanews.com\/index.php\/2024\/05\/31\/idolo-do-vasco-edmundo-da-declaracao-sincero-sobre-de-la-cruz\/#breadcrumb"},"inLanguage":"pt-BR","potentialAction":[{"@type":"ReadAction","target":["https:\/\/www.gaveanews.com\/index.php\/2024\/05\/31\/idolo-do-vasco-edmundo-da-declaracao-sincero-sobre-de-la-cruz\/"]}]},{"@type":"ImageObject","inLanguage":"pt-BR","@id":"https:\/\/www.gaveanews.com\/index.php\/2024\/05\/31\/idolo-do-vasco-edmundo-da-declaracao-sincero-sobre-de-la-cruz\/#primaryimage","url":"https:\/\/www.gaveanews.com\/wp-content\/uploads\/edmundo-band-729x400-1.webp","contentUrl":"https:\/\/www.gaveanews.com\/wp-content\/uploads\/edmundo-band-729x400-1.webp","width":729,"height":400,"caption":"Edmundo (Foto: Reprodu\u00e7\u00e3o)"},{"@type":"BreadcrumbList","@id":"https:\/\/www.gaveanews.com\/index.php\/2024\/05\/31\/idolo-do-vasco-edmundo-da-declaracao-sincero-sobre-de-la-cruz\/#breadcrumb","itemListElement":[{"@type":"ListItem","position":1,"name":"Home","item":"https:\/\/www.gaveanews.com\/"},{"@type":"ListItem","position":2,"name":"\u00cddolo do Vasco, Edmundo d\u00e1 declara\u00e7\u00e3o sincera sobre De la Cruz"}]},{"@type":"WebSite","@id":"https:\/\/www.gaveanews.com\/#website","url":"https:\/\/www.gaveanews.com\/","name":"G\u00e1vea News","description":"Veja todas as not\u00edcias sobre o Flamengo: Contrata\u00e7\u00f5es, categorias de base, resultados das partidas, tabela de classifica\u00e7\u00e3o, pr\u00f3ximos jogos!","potentialAction":[{"@type":"SearchAction","target":{"@type":"EntryPoint","urlTemplate":"https:\/\/www.gaveanews.com\/?s={search_term_string}"},"query-input":{"@type":"PropertyValueSpecification","valueRequired":true,"valueName":"search_term_string"}}],"inLanguage":"pt-BR"},{"@type":"Person","@id":"https:\/\/www.gaveanews.com\/#\/schema\/person\/37122681a8575a5c8db05a56f099a5e4","name":"D\u00e9bora Figueiredo","image":{"@type":"ImageObject","inLanguage":"pt-BR","@id":"https:\/\/www.gaveanews.com\/#\/schema\/person\/image\/","url":"https:\/\/secure.gravatar.com\/avatar\/1f44802859351588499d26f52aed1d15796ce17e67602895b72837c08018868d?s=96&d=mm&r=g","contentUrl":"https:\/\/secure.gravatar.com\/avatar\/1f44802859351588499d26f52aed1d15796ce17e67602895b72837c08018868d?s=96&d=mm&r=g","caption":"D\u00e9bora Figueiredo"}}]}},"_links":{"self":[{"href":"https:\/\/www.gaveanews.com\/index.php\/wp-json\/wp\/v2\/posts\/145851","targetHints":{"allow":["GET"]}}],"collection":[{"href":"https:\/\/www.gaveanews.com\/index.php\/wp-json\/wp\/v2\/posts"}],"about":[{"href":"https:\/\/www.gaveanews.com\/index.php\/wp-json\/wp\/v2\/types\/post"}],"author":[{"embeddable":true,"href":"https:\/\/www.gaveanews.com\/index.php\/wp-json\/wp\/v2\/users\/16"}],"replies":[{"embeddable":true,"href":"https:\/\/www.gaveanews.com\/index.php\/wp-json\/wp\/v2\/comments?post=145851"}],"version-history":[{"count":2,"href":"https:\/\/www.gaveanews.com\/index.php\/wp-json\/wp\/v2\/posts\/145851\/revisions"}],"predecessor-version":[{"id":146009,"href":"https:\/\/www.gaveanews.com\/index.php\/wp-json\/wp\/v2\/posts\/145851\/revisions\/146009"}],"wp:featuredmedia":[{"embeddable":true,"href":"https:\/\/www.gaveanews.com\/index.php\/wp-json\/wp\/v2\/media\/145853"}],"wp:attachment":[{"href":"https:\/\/www.gaveanews.com\/index.php\/wp-json\/wp\/v2\/media?parent=145851"}],"wp:term":[{"taxonomy":"category","embeddable":true,"href":"https:\/\/www.gaveanews.com\/index.php\/wp-json\/wp\/v2\/categories?post=145851"},{"taxonomy":"post_tag","embeddable":true,"href":"https:\/\/www.gaveanews.com\/index.php\/wp-json\/wp\/v2\/tags?post=145851"}],"curies":[{"name":"wp","href":"https:\/\/api.w.org\/{rel}","templated":true}]}}