{"id":146014,"date":"2024-06-01T15:56:00","date_gmt":"2024-06-01T18:56:00","guid":{"rendered":"https:\/\/www.gaveanews.com\/?p=146014"},"modified":"2024-06-01T15:56:06","modified_gmt":"2024-06-01T18:56:06","slug":"vasco-x-flamengo-tite-corta-atacante-da-lista-de-relacionados","status":"publish","type":"post","link":"https:\/\/www.gaveanews.com\/index.php\/2024\/06\/01\/vasco-x-flamengo-tite-corta-atacante-da-lista-de-relacionados\/","title":{"rendered":"Vasco x Flamengo: Tite corta atacante da lista de relacionados"},"content":{"rendered":"\n<p>Carlinhos destacou-se no Nova Igua\u00e7u durante o Campeonato Carioca 2024, o que lhe rendeu um contrato de tr\u00eas anos com o Flamengo. A oficializa\u00e7\u00e3o aconteceu em 12 de abril, e o jogador prometeu trabalhar duro para justificar a oportunidade recebida. Entretanto, quase dois meses ap\u00f3s a contrata\u00e7\u00e3o, Carlinhos n\u00e3o conseguiu mostrar seu valor em campo, estando fora da rela\u00e7\u00e3o para o cl\u00e1ssico contra o Vasco neste domingo (2).<\/p>\n\n\n\n<p>Desde que chegou ao Flamengo, Carlinhos teve uma participa\u00e7\u00e3o limitada, jogando apenas 58 minutos. Ele entrou em campo por 13 minutos contra o Atl\u00e9tico-GO e 45 minutos contra o Palmeiras. Em ambas as partidas, o jogador n\u00e3o conseguiu se destacar. Em outros quatro jogos em que foi relacionado, Carlinhos sequer saiu do banco de reservas, evidenciando a dificuldade de ganhar espa\u00e7o no time.<\/p>\n\n\n\n<p>A situa\u00e7\u00e3o do atacante se complica ainda mais devido \u00e0s restri\u00e7\u00f5es impostas pelos regulamentos das competi\u00e7\u00f5es. Carlinhos est\u00e1 ineleg\u00edvel para atuar na Copa do Brasil 2024 pelo Flamengo, pois j\u00e1 jogou pelo Nova Igua\u00e7u. Na Libertadores, ele n\u00e3o foi inscrito na fase de grupos, mas h\u00e1 uma possibilidade de ser inclu\u00eddo a partir das oitavas de final, o que pode abrir novas oportunidades para o jogador.<\/p>\n\n\n\n<p>O t\u00e9cnico Tite, em sua prepara\u00e7\u00e3o para o cl\u00e1ssico contra o Vasco, optou por n\u00e3o relacionar Carlinhos para a partida. Esta decis\u00e3o, confirmada pelo jornalista Ven\u00ea Casagrande, ocorreu ap\u00f3s o \u00faltimo treino realizado no Ninho do Urubu. Com isso, Carlinhos ficar\u00e1 de fora do confronto marcado para este domingo, \u00e0s 16h (hor\u00e1rio de Bras\u00edlia), no Maracan\u00e3, pelo Campeonato Brasileiro.<\/p>\n\n\n\n<p>A volta de Gabigol, que conseguiu um efeito suspensivo para sua suspens\u00e3o de dois anos, complicou ainda mais a situa\u00e7\u00e3o de Carlinhos. Com o retorno do camisa 99, Carlinhos foi empurrado para o fim da fila entre as op\u00e7\u00f5es de ataque do Flamengo. Jogadores como Bruno Henrique, Luiz Araujo e Lorran, mesmo n\u00e3o sendo centroavantes de of\u00edcio, s\u00e3o preferidos pelo t\u00e9cnico Tite para as escala\u00e7\u00f5es.<\/p>\n\n\n\n<h2 class=\"wp-block-heading\" id=\"h-carro-luxuoso-de-vini-jr-chama-atencao\">Carro luxuoso de Vini Jr. chama aten\u00e7\u00e3o<\/h2>\n\n\n\n<p>Os jogadores do Real Madrid foram agraciados com \u201cbrindes de luxo\u201d da patrocinadora do clube, a BMW, e puderam escolher entre uma sele\u00e7\u00e3o de modelos el\u00e9tricos de alta classe. Vin\u00edcius J\u00fanior optou pelo BMW i4 M50, avaliado em cerca de R$ 430 mil. Antes da BMW, o Real Madrid era patrocinado pela Audi, que igualmente presenteava o elenco com carros de alto padr\u00e3o. Veja mais detalhes do carro luxuoso de&nbsp;<a href=\"https:\/\/www.gaveanews.com\/?s=Vin%C3%ADcius+Jr&amp;utm_source=SystemGaveaNews&amp;utm_medium=SystemGaveaNews&amp;utm_campaign=SystemGaveaNews\" target=\"_blank\" rel=\"noreferrer noopener\">Vini Jr<\/a>&nbsp;em nosso canal no&nbsp;<a href=\"https:\/\/youtube.com\/gaveanews?sub_confirmation=1\">YouTube<\/a>:<\/p>\n\n\n\n<figure class=\"wp-block-embed is-type-video is-provider-youtube wp-block-embed-youtube wp-embed-aspect-16-9 wp-has-aspect-ratio\"><div class=\"wp-block-embed__wrapper\">\n<iframe loading=\"lazy\" title=\"VIN\u00cdCIUS J\u00daNIOR GANHA CARRO DE LUXO! VEJA FOTOS DO VE\u00cdCULO!\" width=\"640\" height=\"360\" src=\"https:\/\/www.youtube.com\/embed\/HsWnGZHEwP8?feature=oembed\" frameborder=\"0\" allow=\"accelerometer; autoplay; clipboard-write; encrypted-media; gyroscope; picture-in-picture; web-share\" referrerpolicy=\"strict-origin-when-cross-origin\" allowfullscreen><\/iframe>\n<\/div><\/figure>\n","protected":false},"excerpt":{"rendered":"<p>Carlinhos destacou-se no Nova Igua\u00e7u durante o Campeonato Carioca 2024, o que lhe rendeu um contrato de tr\u00eas anos com o Flamengo. A oficializa\u00e7\u00e3o aconteceu em 12 de abril, e o jogador prometeu trabalhar duro para justificar a oportunidade recebida. Entretanto, quase dois meses ap\u00f3s a contrata\u00e7\u00e3o, Carlinhos n\u00e3o conseguiu mostrar seu valor em campo, [&hellip;]<\/p>\n","protected":false},"author":1,"featured_media":143499,"comment_status":"open","ping_status":"closed","sticky":false,"template":"","format":"standard","meta":{"footnotes":""},"categories":[1],"tags":[],"class_list":["post-146014","post","type-post","status-publish","format-standard","has-post-thumbnail","hentry","category-flamengo"],"yoast_head":"<!-- This site is optimized with the Yoast SEO Premium plugin v24.2 (Yoast SEO v26.9) - https:\/\/yoast.com\/product\/yoast-seo-premium-wordpress\/ -->\n<title>Vasco x Flamengo: Tite corta atacante da lista de relacionados<\/title>\n<meta name=\"description\" content=\"Esta decis\u00e3o, confirmada pelo jornalista Ven\u00ea Casagrande, ocorreu ap\u00f3s o \u00faltimo treino realizado no Ninho do Urubu.\" \/>\n<meta name=\"robots\" content=\"index, follow, max-snippet:-1, max-image-preview:large, max-video-preview:-1\" \/>\n<link rel=\"canonical\" href=\"https:\/\/www.gaveanews.com\/index.php\/2024\/06\/01\/vasco-x-flamengo-tite-corta-atacante-da-lista-de-relacionados\/\" \/>\n<meta property=\"og:locale\" content=\"pt_BR\" \/>\n<meta property=\"og:type\" content=\"article\" \/>\n<meta property=\"og:title\" content=\"Vasco x Flamengo: Tite corta atacante da lista de relacionados\" \/>\n<meta property=\"og:description\" content=\"Esta decis\u00e3o, confirmada pelo jornalista Ven\u00ea Casagrande, ocorreu ap\u00f3s o \u00faltimo treino realizado no Ninho do Urubu.\" \/>\n<meta property=\"og:url\" content=\"https:\/\/www.gaveanews.com\/index.php\/2024\/06\/01\/vasco-x-flamengo-tite-corta-atacante-da-lista-de-relacionados\/\" \/>\n<meta property=\"og:site_name\" content=\"G\u00e1vea News\" \/>\n<meta property=\"article:publisher\" content=\"https:\/\/facebook.com\/gaveaNews\/\" \/>\n<meta property=\"article:published_time\" content=\"2024-06-01T18:56:00+00:00\" \/>\n<meta property=\"article:modified_time\" content=\"2024-06-01T18:56:06+00:00\" \/>\n<meta property=\"og:image\" content=\"https:\/\/www.gaveanews.com\/wp-content\/uploads\/tite1-1.webp\" \/>\n\t<meta property=\"og:image:width\" content=\"640\" \/>\n\t<meta property=\"og:image:height\" content=\"400\" \/>\n\t<meta property=\"og:image:type\" content=\"image\/jpeg\" \/>\n<meta name=\"author\" content=\"Equipe G\u00e1vea News\" \/>\n<meta name=\"twitter:card\" content=\"summary_large_image\" \/>\n<meta name=\"twitter:label1\" content=\"Escrito por\" \/>\n\t<meta name=\"twitter:data1\" content=\"Equipe G\u00e1vea News\" \/>\n\t<meta name=\"twitter:label2\" content=\"Est. tempo de leitura\" \/>\n\t<meta name=\"twitter:data2\" content=\"3 minutos\" \/>\n<script type=\"application\/ld+json\" class=\"yoast-schema-graph\">{\"@context\":\"https:\/\/schema.org\",\"@graph\":[{\"@type\":\"NewsArticle\",\"@id\":\"https:\/\/www.gaveanews.com\/index.php\/2024\/06\/01\/vasco-x-flamengo-tite-corta-atacante-da-lista-de-relacionados\/#article\",\"isPartOf\":{\"@id\":\"https:\/\/www.gaveanews.com\/index.php\/2024\/06\/01\/vasco-x-flamengo-tite-corta-atacante-da-lista-de-relacionados\/\"},\"author\":{\"name\":\"Equipe G\u00e1vea News\",\"@id\":\"https:\/\/www.gaveanews.com\/#\/schema\/person\/2ec14f73fb96be2caf28f91afb14749d\"},\"headline\":\"Vasco x Flamengo: Tite corta atacante da lista de relacionados\",\"datePublished\":\"2024-06-01T18:56:00+00:00\",\"dateModified\":\"2024-06-01T18:56:06+00:00\",\"mainEntityOfPage\":{\"@id\":\"https:\/\/www.gaveanews.com\/index.php\/2024\/06\/01\/vasco-x-flamengo-tite-corta-atacante-da-lista-de-relacionados\/\"},\"wordCount\":457,\"commentCount\":0,\"image\":{\"@id\":\"https:\/\/www.gaveanews.com\/index.php\/2024\/06\/01\/vasco-x-flamengo-tite-corta-atacante-da-lista-de-relacionados\/#primaryimage\"},\"thumbnailUrl\":\"https:\/\/www.gaveanews.com\/wp-content\/uploads\/tite1-1.webp\",\"articleSection\":[\"Flamengo\"],\"inLanguage\":\"pt-BR\",\"potentialAction\":[{\"@type\":\"CommentAction\",\"name\":\"Comment\",\"target\":[\"https:\/\/www.gaveanews.com\/index.php\/2024\/06\/01\/vasco-x-flamengo-tite-corta-atacante-da-lista-de-relacionados\/#respond\"]}],\"copyrightYear\":\"2024\",\"copyrightHolder\":{\"@id\":\"https:\/\/www.gaveanews.com\/#organization\"}},{\"@type\":\"WebPage\",\"@id\":\"https:\/\/www.gaveanews.com\/index.php\/2024\/06\/01\/vasco-x-flamengo-tite-corta-atacante-da-lista-de-relacionados\/\",\"url\":\"https:\/\/www.gaveanews.com\/index.php\/2024\/06\/01\/vasco-x-flamengo-tite-corta-atacante-da-lista-de-relacionados\/\",\"name\":\"Vasco x Flamengo: Tite corta atacante da lista de relacionados\",\"isPartOf\":{\"@id\":\"https:\/\/www.gaveanews.com\/#website\"},\"primaryImageOfPage\":{\"@id\":\"https:\/\/www.gaveanews.com\/index.php\/2024\/06\/01\/vasco-x-flamengo-tite-corta-atacante-da-lista-de-relacionados\/#primaryimage\"},\"image\":{\"@id\":\"https:\/\/www.gaveanews.com\/index.php\/2024\/06\/01\/vasco-x-flamengo-tite-corta-atacante-da-lista-de-relacionados\/#primaryimage\"},\"thumbnailUrl\":\"https:\/\/www.gaveanews.com\/wp-content\/uploads\/tite1-1.webp\",\"datePublished\":\"2024-06-01T18:56:00+00:00\",\"dateModified\":\"2024-06-01T18:56:06+00:00\",\"author\":{\"@id\":\"https:\/\/www.gaveanews.com\/#\/schema\/person\/2ec14f73fb96be2caf28f91afb14749d\"},\"description\":\"Esta decis\u00e3o, confirmada pelo jornalista Ven\u00ea Casagrande, ocorreu ap\u00f3s o \u00faltimo treino realizado no Ninho do Urubu.\",\"breadcrumb\":{\"@id\":\"https:\/\/www.gaveanews.com\/index.php\/2024\/06\/01\/vasco-x-flamengo-tite-corta-atacante-da-lista-de-relacionados\/#breadcrumb\"},\"inLanguage\":\"pt-BR\",\"potentialAction\":[{\"@type\":\"ReadAction\",\"target\":[\"https:\/\/www.gaveanews.com\/index.php\/2024\/06\/01\/vasco-x-flamengo-tite-corta-atacante-da-lista-de-relacionados\/\"]}]},{\"@type\":\"ImageObject\",\"inLanguage\":\"pt-BR\",\"@id\":\"https:\/\/www.gaveanews.com\/index.php\/2024\/06\/01\/vasco-x-flamengo-tite-corta-atacante-da-lista-de-relacionados\/#primaryimage\",\"url\":\"https:\/\/www.gaveanews.com\/wp-content\/uploads\/tite1-1.webp\",\"contentUrl\":\"https:\/\/www.gaveanews.com\/wp-content\/uploads\/tite1-1.webp\",\"width\":640,\"height\":400,\"caption\":\"Foto: Reprodu\u00e7\u00e3o\/FlaTV\"},{\"@type\":\"BreadcrumbList\",\"@id\":\"https:\/\/www.gaveanews.com\/index.php\/2024\/06\/01\/vasco-x-flamengo-tite-corta-atacante-da-lista-de-relacionados\/#breadcrumb\",\"itemListElement\":[{\"@type\":\"ListItem\",\"position\":1,\"name\":\"Home\",\"item\":\"https:\/\/www.gaveanews.com\/\"},{\"@type\":\"ListItem\",\"position\":2,\"name\":\"Vasco x Flamengo: Tite corta atacante da lista de relacionados\"}]},{\"@type\":\"WebSite\",\"@id\":\"https:\/\/www.gaveanews.com\/#website\",\"url\":\"https:\/\/www.gaveanews.com\/\",\"name\":\"G\u00e1vea News\",\"description\":\"Veja todas as not\u00edcias sobre o Flamengo: Contrata\u00e7\u00f5es, categorias de base, resultados das partidas, tabela de classifica\u00e7\u00e3o, pr\u00f3ximos jogos!\",\"potentialAction\":[{\"@type\":\"SearchAction\",\"target\":{\"@type\":\"EntryPoint\",\"urlTemplate\":\"https:\/\/www.gaveanews.com\/?s={search_term_string}\"},\"query-input\":{\"@type\":\"PropertyValueSpecification\",\"valueRequired\":true,\"valueName\":\"search_term_string\"}}],\"inLanguage\":\"pt-BR\"},{\"@type\":\"Person\",\"@id\":\"https:\/\/www.gaveanews.com\/#\/schema\/person\/2ec14f73fb96be2caf28f91afb14749d\",\"name\":\"Equipe G\u00e1vea News\",\"image\":{\"@type\":\"ImageObject\",\"inLanguage\":\"pt-BR\",\"@id\":\"https:\/\/www.gaveanews.com\/#\/schema\/person\/image\/\",\"url\":\"https:\/\/secure.gravatar.com\/avatar\/1e1956f1facbffd3f8fa53a326721950116b3b9dc9bd44939c01180fd4a745a9?s=96&d=mm&r=g\",\"contentUrl\":\"https:\/\/secure.gravatar.com\/avatar\/1e1956f1facbffd3f8fa53a326721950116b3b9dc9bd44939c01180fd4a745a9?s=96&d=mm&r=g\",\"caption\":\"Equipe G\u00e1vea News\"}}]}<\/script>\n<!-- \/ Yoast SEO Premium plugin. -->","yoast_head_json":{"title":"Vasco x Flamengo: Tite corta atacante da lista de relacionados","description":"Esta decis\u00e3o, confirmada pelo jornalista Ven\u00ea Casagrande, ocorreu ap\u00f3s o \u00faltimo treino realizado no Ninho do Urubu.","robots":{"index":"index","follow":"follow","max-snippet":"max-snippet:-1","max-image-preview":"max-image-preview:large","max-video-preview":"max-video-preview:-1"},"canonical":"https:\/\/www.gaveanews.com\/index.php\/2024\/06\/01\/vasco-x-flamengo-tite-corta-atacante-da-lista-de-relacionados\/","og_locale":"pt_BR","og_type":"article","og_title":"Vasco x Flamengo: Tite corta atacante da lista de relacionados","og_description":"Esta decis\u00e3o, confirmada pelo jornalista Ven\u00ea Casagrande, ocorreu ap\u00f3s o \u00faltimo treino realizado no Ninho do Urubu.","og_url":"https:\/\/www.gaveanews.com\/index.php\/2024\/06\/01\/vasco-x-flamengo-tite-corta-atacante-da-lista-de-relacionados\/","og_site_name":"G\u00e1vea News","article_publisher":"https:\/\/facebook.com\/gaveaNews\/","article_published_time":"2024-06-01T18:56:00+00:00","article_modified_time":"2024-06-01T18:56:06+00:00","og_image":[{"width":640,"height":400,"url":"https:\/\/www.gaveanews.com\/wp-content\/uploads\/tite1-1.webp","type":"image\/jpeg"}],"author":"Equipe G\u00e1vea News","twitter_card":"summary_large_image","twitter_misc":{"Escrito por":"Equipe G\u00e1vea News","Est. tempo de leitura":"3 minutos"},"schema":{"@context":"https:\/\/schema.org","@graph":[{"@type":"NewsArticle","@id":"https:\/\/www.gaveanews.com\/index.php\/2024\/06\/01\/vasco-x-flamengo-tite-corta-atacante-da-lista-de-relacionados\/#article","isPartOf":{"@id":"https:\/\/www.gaveanews.com\/index.php\/2024\/06\/01\/vasco-x-flamengo-tite-corta-atacante-da-lista-de-relacionados\/"},"author":{"name":"Equipe G\u00e1vea News","@id":"https:\/\/www.gaveanews.com\/#\/schema\/person\/2ec14f73fb96be2caf28f91afb14749d"},"headline":"Vasco x Flamengo: Tite corta atacante da lista de relacionados","datePublished":"2024-06-01T18:56:00+00:00","dateModified":"2024-06-01T18:56:06+00:00","mainEntityOfPage":{"@id":"https:\/\/www.gaveanews.com\/index.php\/2024\/06\/01\/vasco-x-flamengo-tite-corta-atacante-da-lista-de-relacionados\/"},"wordCount":457,"commentCount":0,"image":{"@id":"https:\/\/www.gaveanews.com\/index.php\/2024\/06\/01\/vasco-x-flamengo-tite-corta-atacante-da-lista-de-relacionados\/#primaryimage"},"thumbnailUrl":"https:\/\/www.gaveanews.com\/wp-content\/uploads\/tite1-1.webp","articleSection":["Flamengo"],"inLanguage":"pt-BR","potentialAction":[{"@type":"CommentAction","name":"Comment","target":["https:\/\/www.gaveanews.com\/index.php\/2024\/06\/01\/vasco-x-flamengo-tite-corta-atacante-da-lista-de-relacionados\/#respond"]}],"copyrightYear":"2024","copyrightHolder":{"@id":"https:\/\/www.gaveanews.com\/#organization"}},{"@type":"WebPage","@id":"https:\/\/www.gaveanews.com\/index.php\/2024\/06\/01\/vasco-x-flamengo-tite-corta-atacante-da-lista-de-relacionados\/","url":"https:\/\/www.gaveanews.com\/index.php\/2024\/06\/01\/vasco-x-flamengo-tite-corta-atacante-da-lista-de-relacionados\/","name":"Vasco x Flamengo: Tite corta atacante da lista de relacionados","isPartOf":{"@id":"https:\/\/www.gaveanews.com\/#website"},"primaryImageOfPage":{"@id":"https:\/\/www.gaveanews.com\/index.php\/2024\/06\/01\/vasco-x-flamengo-tite-corta-atacante-da-lista-de-relacionados\/#primaryimage"},"image":{"@id":"https:\/\/www.gaveanews.com\/index.php\/2024\/06\/01\/vasco-x-flamengo-tite-corta-atacante-da-lista-de-relacionados\/#primaryimage"},"thumbnailUrl":"https:\/\/www.gaveanews.com\/wp-content\/uploads\/tite1-1.webp","datePublished":"2024-06-01T18:56:00+00:00","dateModified":"2024-06-01T18:56:06+00:00","author":{"@id":"https:\/\/www.gaveanews.com\/#\/schema\/person\/2ec14f73fb96be2caf28f91afb14749d"},"description":"Esta decis\u00e3o, confirmada pelo jornalista Ven\u00ea Casagrande, ocorreu ap\u00f3s o \u00faltimo treino realizado no Ninho do Urubu.","breadcrumb":{"@id":"https:\/\/www.gaveanews.com\/index.php\/2024\/06\/01\/vasco-x-flamengo-tite-corta-atacante-da-lista-de-relacionados\/#breadcrumb"},"inLanguage":"pt-BR","potentialAction":[{"@type":"ReadAction","target":["https:\/\/www.gaveanews.com\/index.php\/2024\/06\/01\/vasco-x-flamengo-tite-corta-atacante-da-lista-de-relacionados\/"]}]},{"@type":"ImageObject","inLanguage":"pt-BR","@id":"https:\/\/www.gaveanews.com\/index.php\/2024\/06\/01\/vasco-x-flamengo-tite-corta-atacante-da-lista-de-relacionados\/#primaryimage","url":"https:\/\/www.gaveanews.com\/wp-content\/uploads\/tite1-1.webp","contentUrl":"https:\/\/www.gaveanews.com\/wp-content\/uploads\/tite1-1.webp","width":640,"height":400,"caption":"Foto: Reprodu\u00e7\u00e3o\/FlaTV"},{"@type":"BreadcrumbList","@id":"https:\/\/www.gaveanews.com\/index.php\/2024\/06\/01\/vasco-x-flamengo-tite-corta-atacante-da-lista-de-relacionados\/#breadcrumb","itemListElement":[{"@type":"ListItem","position":1,"name":"Home","item":"https:\/\/www.gaveanews.com\/"},{"@type":"ListItem","position":2,"name":"Vasco x Flamengo: Tite corta atacante da lista de relacionados"}]},{"@type":"WebSite","@id":"https:\/\/www.gaveanews.com\/#website","url":"https:\/\/www.gaveanews.com\/","name":"G\u00e1vea News","description":"Veja todas as not\u00edcias sobre o Flamengo: Contrata\u00e7\u00f5es, categorias de base, resultados das partidas, tabela de classifica\u00e7\u00e3o, pr\u00f3ximos jogos!","potentialAction":[{"@type":"SearchAction","target":{"@type":"EntryPoint","urlTemplate":"https:\/\/www.gaveanews.com\/?s={search_term_string}"},"query-input":{"@type":"PropertyValueSpecification","valueRequired":true,"valueName":"search_term_string"}}],"inLanguage":"pt-BR"},{"@type":"Person","@id":"https:\/\/www.gaveanews.com\/#\/schema\/person\/2ec14f73fb96be2caf28f91afb14749d","name":"Equipe G\u00e1vea News","image":{"@type":"ImageObject","inLanguage":"pt-BR","@id":"https:\/\/www.gaveanews.com\/#\/schema\/person\/image\/","url":"https:\/\/secure.gravatar.com\/avatar\/1e1956f1facbffd3f8fa53a326721950116b3b9dc9bd44939c01180fd4a745a9?s=96&d=mm&r=g","contentUrl":"https:\/\/secure.gravatar.com\/avatar\/1e1956f1facbffd3f8fa53a326721950116b3b9dc9bd44939c01180fd4a745a9?s=96&d=mm&r=g","caption":"Equipe G\u00e1vea News"}}]}},"_links":{"self":[{"href":"https:\/\/www.gaveanews.com\/index.php\/wp-json\/wp\/v2\/posts\/146014","targetHints":{"allow":["GET"]}}],"collection":[{"href":"https:\/\/www.gaveanews.com\/index.php\/wp-json\/wp\/v2\/posts"}],"about":[{"href":"https:\/\/www.gaveanews.com\/index.php\/wp-json\/wp\/v2\/types\/post"}],"author":[{"embeddable":true,"href":"https:\/\/www.gaveanews.com\/index.php\/wp-json\/wp\/v2\/users\/1"}],"replies":[{"embeddable":true,"href":"https:\/\/www.gaveanews.com\/index.php\/wp-json\/wp\/v2\/comments?post=146014"}],"version-history":[{"count":1,"href":"https:\/\/www.gaveanews.com\/index.php\/wp-json\/wp\/v2\/posts\/146014\/revisions"}],"predecessor-version":[{"id":146016,"href":"https:\/\/www.gaveanews.com\/index.php\/wp-json\/wp\/v2\/posts\/146014\/revisions\/146016"}],"wp:featuredmedia":[{"embeddable":true,"href":"https:\/\/www.gaveanews.com\/index.php\/wp-json\/wp\/v2\/media\/143499"}],"wp:attachment":[{"href":"https:\/\/www.gaveanews.com\/index.php\/wp-json\/wp\/v2\/media?parent=146014"}],"wp:term":[{"taxonomy":"category","embeddable":true,"href":"https:\/\/www.gaveanews.com\/index.php\/wp-json\/wp\/v2\/categories?post=146014"},{"taxonomy":"post_tag","embeddable":true,"href":"https:\/\/www.gaveanews.com\/index.php\/wp-json\/wp\/v2\/tags?post=146014"}],"curies":[{"name":"wp","href":"https:\/\/api.w.org\/{rel}","templated":true}]}}