{"id":14645,"date":"2019-03-04T00:32:29","date_gmt":"2019-03-04T03:32:29","guid":{"rendered":"https:\/\/www.gaveanews.com\/?p=14645"},"modified":"2019-09-20T13:52:16","modified_gmt":"2019-09-20T16:52:16","slug":"comentarista-afirma-que-o-vasco-copiou-camisa-do-flamengo-veja-comparacao","status":"publish","type":"post","link":"https:\/\/www.gaveanews.com\/index.php\/2019\/03\/04\/comentarista-afirma-que-o-vasco-copiou-camisa-do-flamengo-veja-comparacao\/","title":{"rendered":"Comentarista afirma que o Vasco copiou camisa do Flamengo; veja compara\u00e7\u00e3o"},"content":{"rendered":"\n<p>O cl\u00e1ssico entre Vasco e Flamengo acontecer\u00e1 apenas na pr\u00f3xima semana, mas a rivalidade entre os clubes \u00e9 vis\u00edvel fora das quatro linhas. No programa Os Donos da Bola Rio, da TV Bandeirante, o comentarista Nelio polemizou.<\/p>\n\n\n\n<p>Ao analisar o novo uniforme de treino do Vasco, o ex-jogador afirmou que o uniforme do Flamengo foi copiado e destacou as semelhan\u00e7as, como, por exemplo, a cor cinza e os detalhes na cor amarelo fluorescente. <\/p>\n\n\n\n<p>Outro integrante do programa, Roberto Dinamite, maior jogador da hist\u00f3ria do Vasco, n\u00e3o aceitou a afirma\u00e7\u00e3o de uma suposta e iniciou uma discuss\u00e3o durante o programa ao vivo. <\/p>\n\n\n\n<p><strong>Assista o v\u00eddeo abaixo a compara\u00e7\u00e3o e a discuss\u00e3o:<\/strong><\/p>\n\n\n\n<figure class=\"wp-block-embed-twitter aligncenter wp-block-embed is-type-rich is-provider-twitter\"><div class=\"wp-block-embed__wrapper\">\n<blockquote class=\"twitter-tweet\" data-width=\"550\" data-dnt=\"true\"><p lang=\"pt\" dir=\"ltr\">Torcida do <a href=\"https:\/\/twitter.com\/VascodaGama?ref_src=twsrc%5Etfw\">@VascodaGama<\/a> se irrita com nova camisa de treino e N\u00e9lio opina: Imitaram o <a href=\"https:\/\/twitter.com\/Flamengo?ref_src=twsrc%5Etfw\">@Flamengo<\/a><br>Programa completo: <a href=\"https:\/\/t.co\/E6IirtNVOF\">https:\/\/t.co\/E6IirtNVOF<\/a><a href=\"https:\/\/twitter.com\/hashtag\/OsDonosDaBolaRio?src=hash&amp;ref_src=twsrc%5Etfw\">#OsDonosDaBolaRio<\/a> <a href=\"https:\/\/t.co\/DRBcTkA0Z5\">pic.twitter.com\/DRBcTkA0Z5<\/a><\/p>&mdash; Edilson Silva (@EdilsonNaRede) <a href=\"https:\/\/twitter.com\/EdilsonNaRede\/status\/1101829508599042048?ref_src=twsrc%5Etfw\">March 2, 2019<\/a><\/blockquote><script async src=\"https:\/\/platform.twitter.com\/widgets.js\" charset=\"utf-8\"><\/script>\n<\/div><\/figure>\n\n\n\n<p>O cl\u00e1ssico est\u00e1 marcado para o dia 9 de mar\u00e7o, \u00e0s 19h, no Maracan\u00e3. O duelo ser\u00e1 v\u00e1lido pela 3\u00aa rodada da Ta\u00e7a Rio do Campeonato Carioca e ser\u00e1 o primeiro confronto entre as equipes na temporada. Campe\u00e3o da Ta\u00e7a Guanabara, o Gigante da Colina ainda n\u00e3o foi derrotado em 2019 sob o comando de Alberto Valentim.<\/p>\n\n\n\n\n\n<p>Adaptado de: Torcedores<\/p>\n","protected":false},"excerpt":{"rendered":"<p>O cl\u00e1ssico entre Vasco e Flamengo acontecer\u00e1 apenas na pr\u00f3xima semana, mas a rivalidade entre os clubes \u00e9 vis\u00edvel fora das quatro linhas. No programa Os Donos da Bola Rio, da TV Bandeirante, o comentarista Nelio polemizou. Ao analisar o novo uniforme de treino do Vasco, o ex-jogador afirmou que o uniforme do Flamengo foi [&hellip;]<\/p>\n","protected":false},"author":1,"featured_media":16214,"comment_status":"open","ping_status":"open","sticky":false,"template":"","format":"standard","meta":{"footnotes":""},"categories":[40],"tags":[],"class_list":["post-14645","post","type-post","status-publish","format-standard","has-post-thumbnail","hentry","category-video"],"yoast_head":"<!-- This site is optimized with the Yoast SEO Premium plugin v24.2 (Yoast SEO v26.9) - https:\/\/yoast.com\/product\/yoast-seo-premium-wordpress\/ -->\n<title>Comentarista afirma que o Vasco copiou camisa do Flamengo; veja compara\u00e7\u00e3o<\/title>\n<meta name=\"robots\" content=\"index, follow, max-snippet:-1, max-image-preview:large, max-video-preview:-1\" \/>\n<link rel=\"canonical\" href=\"https:\/\/www.gaveanews.com\/index.php\/2019\/03\/04\/comentarista-afirma-que-o-vasco-copiou-camisa-do-flamengo-veja-comparacao\/\" \/>\n<meta property=\"og:locale\" content=\"pt_BR\" \/>\n<meta property=\"og:type\" content=\"article\" \/>\n<meta property=\"og:title\" content=\"Comentarista afirma que o Vasco copiou camisa do Flamengo; veja compara\u00e7\u00e3o\" \/>\n<meta property=\"og:description\" content=\"O cl\u00e1ssico entre Vasco e Flamengo acontecer\u00e1 apenas na pr\u00f3xima semana, mas a rivalidade entre os clubes \u00e9 vis\u00edvel fora das quatro linhas. No programa Os Donos da Bola Rio, da TV Bandeirante, o comentarista Nelio polemizou. Ao analisar o novo uniforme de treino do Vasco, o ex-jogador afirmou que o uniforme do Flamengo foi [&hellip;]\" \/>\n<meta property=\"og:url\" content=\"https:\/\/www.gaveanews.com\/index.php\/2019\/03\/04\/comentarista-afirma-que-o-vasco-copiou-camisa-do-flamengo-veja-comparacao\/\" \/>\n<meta property=\"og:site_name\" content=\"G\u00e1vea News\" \/>\n<meta property=\"article:publisher\" content=\"https:\/\/facebook.com\/gaveaNews\/\" \/>\n<meta property=\"article:published_time\" content=\"2019-03-04T03:32:29+00:00\" \/>\n<meta property=\"article:modified_time\" content=\"2019-09-20T16:52:16+00:00\" \/>\n<meta property=\"og:image\" content=\"https:\/\/www.gaveanews.com\/wp-content\/uploads\/2019\/03\/Logomarca-da-Adidas.webp\" \/>\n\t<meta property=\"og:image:width\" content=\"1200\" \/>\n\t<meta property=\"og:image:height\" content=\"600\" \/>\n\t<meta property=\"og:image:type\" content=\"image\/png\" \/>\n<meta name=\"author\" content=\"Equipe G\u00e1vea News\" \/>\n<meta name=\"twitter:card\" content=\"summary_large_image\" \/>\n<meta name=\"twitter:label1\" content=\"Escrito por\" \/>\n\t<meta name=\"twitter:data1\" content=\"Equipe G\u00e1vea News\" \/>\n\t<meta name=\"twitter:label2\" content=\"Est. tempo de leitura\" \/>\n\t<meta name=\"twitter:data2\" content=\"1 minuto\" \/>\n<script type=\"application\/ld+json\" class=\"yoast-schema-graph\">{\"@context\":\"https:\/\/schema.org\",\"@graph\":[{\"@type\":\"NewsArticle\",\"@id\":\"https:\/\/www.gaveanews.com\/index.php\/2019\/03\/04\/comentarista-afirma-que-o-vasco-copiou-camisa-do-flamengo-veja-comparacao\/#article\",\"isPartOf\":{\"@id\":\"https:\/\/www.gaveanews.com\/index.php\/2019\/03\/04\/comentarista-afirma-que-o-vasco-copiou-camisa-do-flamengo-veja-comparacao\/\"},\"author\":{\"name\":\"Equipe G\u00e1vea News\",\"@id\":\"https:\/\/www.gaveanews.com\/#\/schema\/person\/2ec14f73fb96be2caf28f91afb14749d\"},\"headline\":\"Comentarista afirma que o Vasco copiou camisa do Flamengo; veja compara\u00e7\u00e3o\",\"datePublished\":\"2019-03-04T03:32:29+00:00\",\"dateModified\":\"2019-09-20T16:52:16+00:00\",\"mainEntityOfPage\":{\"@id\":\"https:\/\/www.gaveanews.com\/index.php\/2019\/03\/04\/comentarista-afirma-que-o-vasco-copiou-camisa-do-flamengo-veja-comparacao\/\"},\"wordCount\":222,\"commentCount\":0,\"image\":{\"@id\":\"https:\/\/www.gaveanews.com\/index.php\/2019\/03\/04\/comentarista-afirma-que-o-vasco-copiou-camisa-do-flamengo-veja-comparacao\/#primaryimage\"},\"thumbnailUrl\":\"https:\/\/www.gaveanews.com\/wp-content\/uploads\/2019\/03\/Logomarca-da-Adidas.webp\",\"articleSection\":[\"V\u00eddeos\"],\"inLanguage\":\"pt-BR\",\"potentialAction\":[{\"@type\":\"CommentAction\",\"name\":\"Comment\",\"target\":[\"https:\/\/www.gaveanews.com\/index.php\/2019\/03\/04\/comentarista-afirma-que-o-vasco-copiou-camisa-do-flamengo-veja-comparacao\/#respond\"]}],\"copyrightYear\":\"2019\",\"copyrightHolder\":{\"@id\":\"https:\/\/www.gaveanews.com\/#organization\"}},{\"@type\":\"WebPage\",\"@id\":\"https:\/\/www.gaveanews.com\/index.php\/2019\/03\/04\/comentarista-afirma-que-o-vasco-copiou-camisa-do-flamengo-veja-comparacao\/\",\"url\":\"https:\/\/www.gaveanews.com\/index.php\/2019\/03\/04\/comentarista-afirma-que-o-vasco-copiou-camisa-do-flamengo-veja-comparacao\/\",\"name\":\"Comentarista afirma que o Vasco copiou camisa do Flamengo; veja compara\u00e7\u00e3o\",\"isPartOf\":{\"@id\":\"https:\/\/www.gaveanews.com\/#website\"},\"primaryImageOfPage\":{\"@id\":\"https:\/\/www.gaveanews.com\/index.php\/2019\/03\/04\/comentarista-afirma-que-o-vasco-copiou-camisa-do-flamengo-veja-comparacao\/#primaryimage\"},\"image\":{\"@id\":\"https:\/\/www.gaveanews.com\/index.php\/2019\/03\/04\/comentarista-afirma-que-o-vasco-copiou-camisa-do-flamengo-veja-comparacao\/#primaryimage\"},\"thumbnailUrl\":\"https:\/\/www.gaveanews.com\/wp-content\/uploads\/2019\/03\/Logomarca-da-Adidas.webp\",\"datePublished\":\"2019-03-04T03:32:29+00:00\",\"dateModified\":\"2019-09-20T16:52:16+00:00\",\"author\":{\"@id\":\"https:\/\/www.gaveanews.com\/#\/schema\/person\/2ec14f73fb96be2caf28f91afb14749d\"},\"breadcrumb\":{\"@id\":\"https:\/\/www.gaveanews.com\/index.php\/2019\/03\/04\/comentarista-afirma-que-o-vasco-copiou-camisa-do-flamengo-veja-comparacao\/#breadcrumb\"},\"inLanguage\":\"pt-BR\",\"potentialAction\":[{\"@type\":\"ReadAction\",\"target\":[\"https:\/\/www.gaveanews.com\/index.php\/2019\/03\/04\/comentarista-afirma-que-o-vasco-copiou-camisa-do-flamengo-veja-comparacao\/\"]}]},{\"@type\":\"ImageObject\",\"inLanguage\":\"pt-BR\",\"@id\":\"https:\/\/www.gaveanews.com\/index.php\/2019\/03\/04\/comentarista-afirma-que-o-vasco-copiou-camisa-do-flamengo-veja-comparacao\/#primaryimage\",\"url\":\"https:\/\/www.gaveanews.com\/wp-content\/uploads\/2019\/03\/Logomarca-da-Adidas.webp\",\"contentUrl\":\"https:\/\/www.gaveanews.com\/wp-content\/uploads\/2019\/03\/Logomarca-da-Adidas.webp\",\"width\":1200,\"height\":600,\"caption\":\"Logomarca da Adidas (Foto: Reprodu\u00e7\u00e3o)\"},{\"@type\":\"BreadcrumbList\",\"@id\":\"https:\/\/www.gaveanews.com\/index.php\/2019\/03\/04\/comentarista-afirma-que-o-vasco-copiou-camisa-do-flamengo-veja-comparacao\/#breadcrumb\",\"itemListElement\":[{\"@type\":\"ListItem\",\"position\":1,\"name\":\"Home\",\"item\":\"https:\/\/www.gaveanews.com\/\"},{\"@type\":\"ListItem\",\"position\":2,\"name\":\"Comentarista afirma que o Vasco copiou camisa do Flamengo; veja compara\u00e7\u00e3o\"}]},{\"@type\":\"WebSite\",\"@id\":\"https:\/\/www.gaveanews.com\/#website\",\"url\":\"https:\/\/www.gaveanews.com\/\",\"name\":\"G\u00e1vea News\",\"description\":\"Veja todas as not\u00edcias sobre o Flamengo: Contrata\u00e7\u00f5es, categorias de base, resultados das partidas, tabela de classifica\u00e7\u00e3o, pr\u00f3ximos jogos!\",\"potentialAction\":[{\"@type\":\"SearchAction\",\"target\":{\"@type\":\"EntryPoint\",\"urlTemplate\":\"https:\/\/www.gaveanews.com\/?s={search_term_string}\"},\"query-input\":{\"@type\":\"PropertyValueSpecification\",\"valueRequired\":true,\"valueName\":\"search_term_string\"}}],\"inLanguage\":\"pt-BR\"},{\"@type\":\"Person\",\"@id\":\"https:\/\/www.gaveanews.com\/#\/schema\/person\/2ec14f73fb96be2caf28f91afb14749d\",\"name\":\"Equipe G\u00e1vea News\",\"image\":{\"@type\":\"ImageObject\",\"inLanguage\":\"pt-BR\",\"@id\":\"https:\/\/www.gaveanews.com\/#\/schema\/person\/image\/\",\"url\":\"https:\/\/secure.gravatar.com\/avatar\/1e1956f1facbffd3f8fa53a326721950116b3b9dc9bd44939c01180fd4a745a9?s=96&d=mm&r=g\",\"contentUrl\":\"https:\/\/secure.gravatar.com\/avatar\/1e1956f1facbffd3f8fa53a326721950116b3b9dc9bd44939c01180fd4a745a9?s=96&d=mm&r=g\",\"caption\":\"Equipe G\u00e1vea News\"}}]}<\/script>\n<!-- \/ Yoast SEO Premium plugin. -->","yoast_head_json":{"title":"Comentarista afirma que o Vasco copiou camisa do Flamengo; veja compara\u00e7\u00e3o","robots":{"index":"index","follow":"follow","max-snippet":"max-snippet:-1","max-image-preview":"max-image-preview:large","max-video-preview":"max-video-preview:-1"},"canonical":"https:\/\/www.gaveanews.com\/index.php\/2019\/03\/04\/comentarista-afirma-que-o-vasco-copiou-camisa-do-flamengo-veja-comparacao\/","og_locale":"pt_BR","og_type":"article","og_title":"Comentarista afirma que o Vasco copiou camisa do Flamengo; veja compara\u00e7\u00e3o","og_description":"O cl\u00e1ssico entre Vasco e Flamengo acontecer\u00e1 apenas na pr\u00f3xima semana, mas a rivalidade entre os clubes \u00e9 vis\u00edvel fora das quatro linhas. No programa Os Donos da Bola Rio, da TV Bandeirante, o comentarista Nelio polemizou. Ao analisar o novo uniforme de treino do Vasco, o ex-jogador afirmou que o uniforme do Flamengo foi [&hellip;]","og_url":"https:\/\/www.gaveanews.com\/index.php\/2019\/03\/04\/comentarista-afirma-que-o-vasco-copiou-camisa-do-flamengo-veja-comparacao\/","og_site_name":"G\u00e1vea News","article_publisher":"https:\/\/facebook.com\/gaveaNews\/","article_published_time":"2019-03-04T03:32:29+00:00","article_modified_time":"2019-09-20T16:52:16+00:00","og_image":[{"width":1200,"height":600,"url":"https:\/\/www.gaveanews.com\/wp-content\/uploads\/2019\/03\/Logomarca-da-Adidas.webp","type":"image\/png"}],"author":"Equipe G\u00e1vea News","twitter_card":"summary_large_image","twitter_misc":{"Escrito por":"Equipe G\u00e1vea News","Est. tempo de leitura":"1 minuto"},"schema":{"@context":"https:\/\/schema.org","@graph":[{"@type":"NewsArticle","@id":"https:\/\/www.gaveanews.com\/index.php\/2019\/03\/04\/comentarista-afirma-que-o-vasco-copiou-camisa-do-flamengo-veja-comparacao\/#article","isPartOf":{"@id":"https:\/\/www.gaveanews.com\/index.php\/2019\/03\/04\/comentarista-afirma-que-o-vasco-copiou-camisa-do-flamengo-veja-comparacao\/"},"author":{"name":"Equipe G\u00e1vea News","@id":"https:\/\/www.gaveanews.com\/#\/schema\/person\/2ec14f73fb96be2caf28f91afb14749d"},"headline":"Comentarista afirma que o Vasco copiou camisa do Flamengo; veja compara\u00e7\u00e3o","datePublished":"2019-03-04T03:32:29+00:00","dateModified":"2019-09-20T16:52:16+00:00","mainEntityOfPage":{"@id":"https:\/\/www.gaveanews.com\/index.php\/2019\/03\/04\/comentarista-afirma-que-o-vasco-copiou-camisa-do-flamengo-veja-comparacao\/"},"wordCount":222,"commentCount":0,"image":{"@id":"https:\/\/www.gaveanews.com\/index.php\/2019\/03\/04\/comentarista-afirma-que-o-vasco-copiou-camisa-do-flamengo-veja-comparacao\/#primaryimage"},"thumbnailUrl":"https:\/\/www.gaveanews.com\/wp-content\/uploads\/2019\/03\/Logomarca-da-Adidas.webp","articleSection":["V\u00eddeos"],"inLanguage":"pt-BR","potentialAction":[{"@type":"CommentAction","name":"Comment","target":["https:\/\/www.gaveanews.com\/index.php\/2019\/03\/04\/comentarista-afirma-que-o-vasco-copiou-camisa-do-flamengo-veja-comparacao\/#respond"]}],"copyrightYear":"2019","copyrightHolder":{"@id":"https:\/\/www.gaveanews.com\/#organization"}},{"@type":"WebPage","@id":"https:\/\/www.gaveanews.com\/index.php\/2019\/03\/04\/comentarista-afirma-que-o-vasco-copiou-camisa-do-flamengo-veja-comparacao\/","url":"https:\/\/www.gaveanews.com\/index.php\/2019\/03\/04\/comentarista-afirma-que-o-vasco-copiou-camisa-do-flamengo-veja-comparacao\/","name":"Comentarista afirma que o Vasco copiou camisa do Flamengo; veja compara\u00e7\u00e3o","isPartOf":{"@id":"https:\/\/www.gaveanews.com\/#website"},"primaryImageOfPage":{"@id":"https:\/\/www.gaveanews.com\/index.php\/2019\/03\/04\/comentarista-afirma-que-o-vasco-copiou-camisa-do-flamengo-veja-comparacao\/#primaryimage"},"image":{"@id":"https:\/\/www.gaveanews.com\/index.php\/2019\/03\/04\/comentarista-afirma-que-o-vasco-copiou-camisa-do-flamengo-veja-comparacao\/#primaryimage"},"thumbnailUrl":"https:\/\/www.gaveanews.com\/wp-content\/uploads\/2019\/03\/Logomarca-da-Adidas.webp","datePublished":"2019-03-04T03:32:29+00:00","dateModified":"2019-09-20T16:52:16+00:00","author":{"@id":"https:\/\/www.gaveanews.com\/#\/schema\/person\/2ec14f73fb96be2caf28f91afb14749d"},"breadcrumb":{"@id":"https:\/\/www.gaveanews.com\/index.php\/2019\/03\/04\/comentarista-afirma-que-o-vasco-copiou-camisa-do-flamengo-veja-comparacao\/#breadcrumb"},"inLanguage":"pt-BR","potentialAction":[{"@type":"ReadAction","target":["https:\/\/www.gaveanews.com\/index.php\/2019\/03\/04\/comentarista-afirma-que-o-vasco-copiou-camisa-do-flamengo-veja-comparacao\/"]}]},{"@type":"ImageObject","inLanguage":"pt-BR","@id":"https:\/\/www.gaveanews.com\/index.php\/2019\/03\/04\/comentarista-afirma-que-o-vasco-copiou-camisa-do-flamengo-veja-comparacao\/#primaryimage","url":"https:\/\/www.gaveanews.com\/wp-content\/uploads\/2019\/03\/Logomarca-da-Adidas.webp","contentUrl":"https:\/\/www.gaveanews.com\/wp-content\/uploads\/2019\/03\/Logomarca-da-Adidas.webp","width":1200,"height":600,"caption":"Logomarca da Adidas (Foto: Reprodu\u00e7\u00e3o)"},{"@type":"BreadcrumbList","@id":"https:\/\/www.gaveanews.com\/index.php\/2019\/03\/04\/comentarista-afirma-que-o-vasco-copiou-camisa-do-flamengo-veja-comparacao\/#breadcrumb","itemListElement":[{"@type":"ListItem","position":1,"name":"Home","item":"https:\/\/www.gaveanews.com\/"},{"@type":"ListItem","position":2,"name":"Comentarista afirma que o Vasco copiou camisa do Flamengo; veja compara\u00e7\u00e3o"}]},{"@type":"WebSite","@id":"https:\/\/www.gaveanews.com\/#website","url":"https:\/\/www.gaveanews.com\/","name":"G\u00e1vea News","description":"Veja todas as not\u00edcias sobre o Flamengo: Contrata\u00e7\u00f5es, categorias de base, resultados das partidas, tabela de classifica\u00e7\u00e3o, pr\u00f3ximos jogos!","potentialAction":[{"@type":"SearchAction","target":{"@type":"EntryPoint","urlTemplate":"https:\/\/www.gaveanews.com\/?s={search_term_string}"},"query-input":{"@type":"PropertyValueSpecification","valueRequired":true,"valueName":"search_term_string"}}],"inLanguage":"pt-BR"},{"@type":"Person","@id":"https:\/\/www.gaveanews.com\/#\/schema\/person\/2ec14f73fb96be2caf28f91afb14749d","name":"Equipe G\u00e1vea News","image":{"@type":"ImageObject","inLanguage":"pt-BR","@id":"https:\/\/www.gaveanews.com\/#\/schema\/person\/image\/","url":"https:\/\/secure.gravatar.com\/avatar\/1e1956f1facbffd3f8fa53a326721950116b3b9dc9bd44939c01180fd4a745a9?s=96&d=mm&r=g","contentUrl":"https:\/\/secure.gravatar.com\/avatar\/1e1956f1facbffd3f8fa53a326721950116b3b9dc9bd44939c01180fd4a745a9?s=96&d=mm&r=g","caption":"Equipe G\u00e1vea News"}}]}},"_links":{"self":[{"href":"https:\/\/www.gaveanews.com\/index.php\/wp-json\/wp\/v2\/posts\/14645","targetHints":{"allow":["GET"]}}],"collection":[{"href":"https:\/\/www.gaveanews.com\/index.php\/wp-json\/wp\/v2\/posts"}],"about":[{"href":"https:\/\/www.gaveanews.com\/index.php\/wp-json\/wp\/v2\/types\/post"}],"author":[{"embeddable":true,"href":"https:\/\/www.gaveanews.com\/index.php\/wp-json\/wp\/v2\/users\/1"}],"replies":[{"embeddable":true,"href":"https:\/\/www.gaveanews.com\/index.php\/wp-json\/wp\/v2\/comments?post=14645"}],"version-history":[{"count":0,"href":"https:\/\/www.gaveanews.com\/index.php\/wp-json\/wp\/v2\/posts\/14645\/revisions"}],"wp:featuredmedia":[{"embeddable":true,"href":"https:\/\/www.gaveanews.com\/index.php\/wp-json\/wp\/v2\/media\/16214"}],"wp:attachment":[{"href":"https:\/\/www.gaveanews.com\/index.php\/wp-json\/wp\/v2\/media?parent=14645"}],"wp:term":[{"taxonomy":"category","embeddable":true,"href":"https:\/\/www.gaveanews.com\/index.php\/wp-json\/wp\/v2\/categories?post=14645"},{"taxonomy":"post_tag","embeddable":true,"href":"https:\/\/www.gaveanews.com\/index.php\/wp-json\/wp\/v2\/tags?post=14645"}],"curies":[{"name":"wp","href":"https:\/\/api.w.org\/{rel}","templated":true}]}}